{"id":5350,"date":"2022-03-21T10:51:00","date_gmt":"2022-03-21T13:51:00","guid":{"rendered":"https:\/\/fadeu.urantiacos.cl\/?p=5350"},"modified":"2023-09-06T10:53:30","modified_gmt":"2023-09-06T13:53:30","slug":"alejandra-celedon-y-felipe-de-ferrari-participaron-en-serie-de-charlas-de-la-aa","status":"publish","type":"post","link":"https:\/\/fadeu.urantiacos.cl\/en\/2022\/03\/21\/alejandra-celedon-y-felipe-de-ferrari-participaron-en-serie-de-charlas-de-la-aa\/","title":{"rendered":"Alejandra Celed\u00f3n y Felipe de Ferrari participaron en serie de charlas de la AA"},"content":{"rendered":"\n<figure class=\"wp-block-image size-full\"><img decoding=\"async\" width=\"350\" height=\"250\" src=\"https:\/\/fadeu.urantiacos.cl\/wp-content\/uploads\/2023\/09\/WEB_Captura_de_Pantalla_2022-03-21_a_las_08.51.31.png\" alt=\"\" class=\"wp-image-5351\" srcset=\"https:\/\/fadeu.urantiacos.cl\/wp-content\/uploads\/2023\/09\/WEB_Captura_de_Pantalla_2022-03-21_a_las_08.51.31.png 350w, https:\/\/fadeu.urantiacos.cl\/wp-content\/uploads\/2023\/09\/WEB_Captura_de_Pantalla_2022-03-21_a_las_08.51.31-300x214.png 300w\" sizes=\"(max-width: 350px) 100vw, 350px\" \/><\/figure>\n\n\n\n<p>La profesora ARQ UC, quien adem\u00e1s lidera el Mag\u00edster en Arquitectura UC (MARQ), Alejandra Celed\u00f3n, dict\u00f3 la segunda charla del ciclo, titulada \u201cObjects of Narrative Impulse\u201d, en la que habl\u00f3 sobre el &#8220;Bus-Aula&#8221;, una experiencia en la que cientos de buses en desuso fueron utilizados como salas de clases en un experimento educativo-social sin precedentes; y Stadium, la muestra \u2014curada por Celed\u00f3n\u2014, que represent\u00f3 a Chile en la Bienal de Arquitectura de Venecia de 2018. Esta \u00faltima trata sobre el Estadio Nacional de Chile que el 29 de septiembre de 1979 y por un d\u00eda, fue tanto edificio como ciudad.<\/p>\n\n\n\n<p>Por otro lado, la charla del profesor ARQ UC Felipe de Ferrari se titul\u00f3 \u201cFraming Commons (The In-Between as a Project)\u201d. En ella contextualiz\u00f3 el trabajo que realiza con su oficina junto a Kim Courr\u00e8ges, Sacha Discors y Nissim Haguenauer, Plan Com\u00fan; as\u00ed como tambi\u00e9n su archivo y plataforma audiovisual junto al profesor ARQ UC Diego Grass, llamado On Architecture.<\/p>\n\n\n\n<p>Sobre la serie de la AA_<br>Ciclo de conferencias p\u00fablicas organizadas por el Projective Cities MPhil Architecture and Urban Design de la escuela londinense. Las seis charlas tienen como objetivo discutir modelos y formas de pr\u00e1ctica que se cruzan con la ense\u00f1anza arquitect\u00f3nica: agendas pedag\u00f3gicas antiguas, nuevas y emergentes.<\/p>\n\n\n\n<p>[Presentaci\u00f3n Alejandra Celed\u00f3n]<\/p>\n\n\n\n<figure class=\"wp-block-embed is-type-video is-provider-youtube wp-block-embed-youtube wp-embed-aspect-16-9 wp-has-aspect-ratio\"><div class=\"wp-block-embed__wrapper\">\n<iframe loading=\"lazy\" title=\"Objects of Narrative Impulse - Alejandra Celed\u00f3n\" width=\"500\" height=\"281\" src=\"https:\/\/www.youtube.com\/embed\/WZD3-sPiStM?feature=oembed\" frameborder=\"0\" allow=\"accelerometer; autoplay; clipboard-write; encrypted-media; gyroscope; picture-in-picture; web-share\" referrerpolicy=\"strict-origin-when-cross-origin\" allowfullscreen><\/iframe>\n<\/div><\/figure>\n","protected":false},"excerpt":{"rendered":"<p>Los profesores ARQ UC fueron invitados a dictar conferencias en el ciclo \u201cPractices and Pedagogies Series\u201d de la Architectural Association School of Architecture (AA) de Londres.<\/p>\n","protected":false},"author":1,"featured_media":5351,"comment_status":"open","ping_status":"open","sticky":false,"template":"","format":"standard","meta":{"_acf_changed":false,"footnotes":""},"categories":[1],"tags":[],"class_list":["post-5350","post","type-post","status-publish","format-standard","has-post-thumbnail","hentry","category-sin-categorizar"],"acf":[],"yoast_head":"<!-- This site is optimized with the Yoast SEO plugin v27.1.1 - https:\/\/yoast.com\/product\/yoast-seo-wordpress\/ -->\n<title>Alejandra Celed\u00f3n y Felipe de Ferrari participaron en serie de charlas de la AA - Facultad de Arquitectura, Dise\u00f1o y Estudios Urbanos<\/title>\n<meta name=\"description\" content=\"Los profesores ARQ UC fueron invitados a dictar conferencias en el ciclo \u201cPractices and Pedagogies Series\u201d de la Architectural Association School of Architecture (AA) de Londres.\" \/>\n<meta name=\"robots\" content=\"index, follow, max-snippet:-1, max-image-preview:large, max-video-preview:-1\" \/>\n<link rel=\"canonical\" href=\"https:\/\/fadeu.urantiacos.cl\/en\/2022\/03\/21\/alejandra-celedon-y-felipe-de-ferrari-participaron-en-serie-de-charlas-de-la-aa\/\" \/>\n<meta property=\"og:locale\" content=\"en_US\" \/>\n<meta property=\"og:type\" content=\"article\" \/>\n<meta property=\"og:title\" content=\"Alejandra Celed\u00f3n y Felipe de Ferrari participaron en serie de charlas de la AA - Facultad de Arquitectura, Dise\u00f1o y Estudios Urbanos\" \/>\n<meta property=\"og:description\" content=\"Los profesores ARQ UC fueron invitados a dictar conferencias en el ciclo \u201cPractices and Pedagogies Series\u201d de la Architectural Association School of Architecture (AA) de Londres.\" \/>\n<meta property=\"og:url\" content=\"https:\/\/fadeu.urantiacos.cl\/en\/2022\/03\/21\/alejandra-celedon-y-felipe-de-ferrari-participaron-en-serie-de-charlas-de-la-aa\/\" \/>\n<meta property=\"og:site_name\" content=\"Facultad de Arquitectura, Dise\u00f1o y Estudios Urbanos\" \/>\n<meta property=\"article:published_time\" content=\"2022-03-21T13:51:00+00:00\" \/>\n<meta property=\"article:modified_time\" content=\"2023-09-06T13:53:30+00:00\" \/>\n<meta property=\"og:image\" content=\"https:\/\/fadeu.urantiacos.cl\/wp-content\/uploads\/2023\/09\/WEB_Captura_de_Pantalla_2022-03-21_a_las_08.51.31.png\" \/>\n\t<meta property=\"og:image:width\" content=\"350\" \/>\n\t<meta property=\"og:image:height\" content=\"250\" \/>\n\t<meta property=\"og:image:type\" content=\"image\/png\" \/>\n<meta name=\"author\" content=\"manadmin\" \/>\n<meta name=\"twitter:card\" content=\"summary_large_image\" \/>\n<meta name=\"twitter:label1\" content=\"Written by\" \/>\n\t<meta name=\"twitter:data1\" content=\"manadmin\" \/>\n\t<meta name=\"twitter:label2\" content=\"Est. reading time\" \/>\n\t<meta name=\"twitter:data2\" content=\"1 minute\" \/>\n<script type=\"application\/ld+json\" class=\"yoast-schema-graph\">{\"@context\":\"https:\/\/schema.org\",\"@graph\":[{\"@type\":\"Article\",\"@id\":\"https:\/\/fadeu.urantiacos.cl\/en\/2022\/03\/21\/alejandra-celedon-y-felipe-de-ferrari-participaron-en-serie-de-charlas-de-la-aa\/#article\",\"isPartOf\":{\"@id\":\"https:\/\/fadeu.urantiacos.cl\/en\/2022\/03\/21\/alejandra-celedon-y-felipe-de-ferrari-participaron-en-serie-de-charlas-de-la-aa\/\"},\"author\":{\"name\":\"manadmin\",\"@id\":\"https:\/\/fadeu.urantiacos.cl\/en\/#\/schema\/person\/d203e2e84b1c40275eac77b3061a19a2\"},\"headline\":\"Alejandra Celed\u00f3n y Felipe de Ferrari participaron en serie de charlas de la AA\",\"datePublished\":\"2022-03-21T13:51:00+00:00\",\"dateModified\":\"2023-09-06T13:53:30+00:00\",\"mainEntityOfPage\":{\"@id\":\"https:\/\/fadeu.urantiacos.cl\/en\/2022\/03\/21\/alejandra-celedon-y-felipe-de-ferrari-participaron-en-serie-de-charlas-de-la-aa\/\"},\"wordCount\":244,\"commentCount\":0,\"image\":{\"@id\":\"https:\/\/fadeu.urantiacos.cl\/en\/2022\/03\/21\/alejandra-celedon-y-felipe-de-ferrari-participaron-en-serie-de-charlas-de-la-aa\/#primaryimage\"},\"thumbnailUrl\":\"https:\/\/fadeu.urantiacos.cl\/wp-content\/uploads\/2023\/09\/WEB_Captura_de_Pantalla_2022-03-21_a_las_08.51.31.png\",\"articleSection\":[\"Sin categorizar\"],\"inLanguage\":\"en-US\",\"potentialAction\":[{\"@type\":\"CommentAction\",\"name\":\"Comment\",\"target\":[\"https:\/\/fadeu.urantiacos.cl\/en\/2022\/03\/21\/alejandra-celedon-y-felipe-de-ferrari-participaron-en-serie-de-charlas-de-la-aa\/#respond\"]}]},{\"@type\":\"WebPage\",\"@id\":\"https:\/\/fadeu.urantiacos.cl\/en\/2022\/03\/21\/alejandra-celedon-y-felipe-de-ferrari-participaron-en-serie-de-charlas-de-la-aa\/\",\"url\":\"https:\/\/fadeu.urantiacos.cl\/en\/2022\/03\/21\/alejandra-celedon-y-felipe-de-ferrari-participaron-en-serie-de-charlas-de-la-aa\/\",\"name\":\"Alejandra Celed\u00f3n y Felipe de Ferrari participaron en serie de charlas de la AA - Facultad de Arquitectura, Dise\u00f1o y Estudios Urbanos\",\"isPartOf\":{\"@id\":\"https:\/\/fadeu.urantiacos.cl\/en\/#website\"},\"primaryImageOfPage\":{\"@id\":\"https:\/\/fadeu.urantiacos.cl\/en\/2022\/03\/21\/alejandra-celedon-y-felipe-de-ferrari-participaron-en-serie-de-charlas-de-la-aa\/#primaryimage\"},\"image\":{\"@id\":\"https:\/\/fadeu.urantiacos.cl\/en\/2022\/03\/21\/alejandra-celedon-y-felipe-de-ferrari-participaron-en-serie-de-charlas-de-la-aa\/#primaryimage\"},\"thumbnailUrl\":\"https:\/\/fadeu.urantiacos.cl\/wp-content\/uploads\/2023\/09\/WEB_Captura_de_Pantalla_2022-03-21_a_las_08.51.31.png\",\"datePublished\":\"2022-03-21T13:51:00+00:00\",\"dateModified\":\"2023-09-06T13:53:30+00:00\",\"author\":{\"@id\":\"https:\/\/fadeu.urantiacos.cl\/en\/#\/schema\/person\/d203e2e84b1c40275eac77b3061a19a2\"},\"description\":\"Los profesores ARQ UC fueron invitados a dictar conferencias en el ciclo \u201cPractices and Pedagogies Series\u201d de la Architectural Association School of Architecture (AA) de Londres.\",\"breadcrumb\":{\"@id\":\"https:\/\/fadeu.urantiacos.cl\/en\/2022\/03\/21\/alejandra-celedon-y-felipe-de-ferrari-participaron-en-serie-de-charlas-de-la-aa\/#breadcrumb\"},\"inLanguage\":\"en-US\",\"potentialAction\":[{\"@type\":\"ReadAction\",\"target\":[\"https:\/\/fadeu.urantiacos.cl\/en\/2022\/03\/21\/alejandra-celedon-y-felipe-de-ferrari-participaron-en-serie-de-charlas-de-la-aa\/\"]}]},{\"@type\":\"ImageObject\",\"inLanguage\":\"en-US\",\"@id\":\"https:\/\/fadeu.urantiacos.cl\/en\/2022\/03\/21\/alejandra-celedon-y-felipe-de-ferrari-participaron-en-serie-de-charlas-de-la-aa\/#primaryimage\",\"url\":\"https:\/\/fadeu.urantiacos.cl\/wp-content\/uploads\/2023\/09\/WEB_Captura_de_Pantalla_2022-03-21_a_las_08.51.31.png\",\"contentUrl\":\"https:\/\/fadeu.urantiacos.cl\/wp-content\/uploads\/2023\/09\/WEB_Captura_de_Pantalla_2022-03-21_a_las_08.51.31.png\",\"width\":350,\"height\":250},{\"@type\":\"BreadcrumbList\",\"@id\":\"https:\/\/fadeu.urantiacos.cl\/en\/2022\/03\/21\/alejandra-celedon-y-felipe-de-ferrari-participaron-en-serie-de-charlas-de-la-aa\/#breadcrumb\",\"itemListElement\":[{\"@type\":\"ListItem\",\"position\":1,\"name\":\"Portada\",\"item\":\"https:\/\/fadeu.urantiacos.cl\/en\/\"},{\"@type\":\"ListItem\",\"position\":2,\"name\":\"Alejandra Celed\u00f3n y Felipe de Ferrari participaron en serie de charlas de la AA\"}]},{\"@type\":\"WebSite\",\"@id\":\"https:\/\/fadeu.urantiacos.cl\/en\/#website\",\"url\":\"https:\/\/fadeu.urantiacos.cl\/en\/\",\"name\":\"Facultad de Arquitectura, Dise\u00f1o y Estudios Urbanos\",\"description\":\"Campus Lo Contador\",\"potentialAction\":[{\"@type\":\"SearchAction\",\"target\":{\"@type\":\"EntryPoint\",\"urlTemplate\":\"https:\/\/fadeu.urantiacos.cl\/en\/?s={search_term_string}\"},\"query-input\":{\"@type\":\"PropertyValueSpecification\",\"valueRequired\":true,\"valueName\":\"search_term_string\"}}],\"inLanguage\":\"en-US\"},{\"@type\":\"Person\",\"@id\":\"https:\/\/fadeu.urantiacos.cl\/en\/#\/schema\/person\/d203e2e84b1c40275eac77b3061a19a2\",\"name\":\"manadmin\",\"image\":{\"@type\":\"ImageObject\",\"inLanguage\":\"en-US\",\"@id\":\"https:\/\/fadeu.urantiacos.cl\/en\/#\/schema\/person\/image\/\",\"url\":\"https:\/\/secure.gravatar.com\/avatar\/4b1d8e3303b4a9d8968ac578947d8bc80d9aea359f388cdd4aac15cadc0e8447?s=96&d=mm&r=g\",\"contentUrl\":\"https:\/\/secure.gravatar.com\/avatar\/4b1d8e3303b4a9d8968ac578947d8bc80d9aea359f388cdd4aac15cadc0e8447?s=96&d=mm&r=g\",\"caption\":\"manadmin\"},\"sameAs\":[\"https:\/\/fadeu.urantiacos.cl\"]}]}<\/script>\n<!-- \/ Yoast SEO plugin. -->","yoast_head_json":{"title":"Alejandra Celed\u00f3n y Felipe de Ferrari participaron en serie de charlas de la AA - Facultad de Arquitectura, Dise\u00f1o y Estudios Urbanos","description":"Los profesores ARQ UC fueron invitados a dictar conferencias en el ciclo \u201cPractices and Pedagogies Series\u201d de la Architectural Association School of Architecture (AA) de Londres.","robots":{"index":"index","follow":"follow","max-snippet":"max-snippet:-1","max-image-preview":"max-image-preview:large","max-video-preview":"max-video-preview:-1"},"canonical":"https:\/\/fadeu.urantiacos.cl\/en\/2022\/03\/21\/alejandra-celedon-y-felipe-de-ferrari-participaron-en-serie-de-charlas-de-la-aa\/","og_locale":"en_US","og_type":"article","og_title":"Alejandra Celed\u00f3n y Felipe de Ferrari participaron en serie de charlas de la AA - Facultad de Arquitectura, Dise\u00f1o y Estudios Urbanos","og_description":"Los profesores ARQ UC fueron invitados a dictar conferencias en el ciclo \u201cPractices and Pedagogies Series\u201d de la Architectural Association School of Architecture (AA) de Londres.","og_url":"https:\/\/fadeu.urantiacos.cl\/en\/2022\/03\/21\/alejandra-celedon-y-felipe-de-ferrari-participaron-en-serie-de-charlas-de-la-aa\/","og_site_name":"Facultad de Arquitectura, Dise\u00f1o y Estudios Urbanos","article_published_time":"2022-03-21T13:51:00+00:00","article_modified_time":"2023-09-06T13:53:30+00:00","og_image":[{"width":350,"height":250,"url":"https:\/\/fadeu.urantiacos.cl\/wp-content\/uploads\/2023\/09\/WEB_Captura_de_Pantalla_2022-03-21_a_las_08.51.31.png","type":"image\/png"}],"author":"manadmin","twitter_card":"summary_large_image","twitter_misc":{"Written by":"manadmin","Est. reading time":"1 minute"},"schema":{"@context":"https:\/\/schema.org","@graph":[{"@type":"Article","@id":"https:\/\/fadeu.urantiacos.cl\/en\/2022\/03\/21\/alejandra-celedon-y-felipe-de-ferrari-participaron-en-serie-de-charlas-de-la-aa\/#article","isPartOf":{"@id":"https:\/\/fadeu.urantiacos.cl\/en\/2022\/03\/21\/alejandra-celedon-y-felipe-de-ferrari-participaron-en-serie-de-charlas-de-la-aa\/"},"author":{"name":"manadmin","@id":"https:\/\/fadeu.urantiacos.cl\/en\/#\/schema\/person\/d203e2e84b1c40275eac77b3061a19a2"},"headline":"Alejandra Celed\u00f3n y Felipe de Ferrari participaron en serie de charlas de la AA","datePublished":"2022-03-21T13:51:00+00:00","dateModified":"2023-09-06T13:53:30+00:00","mainEntityOfPage":{"@id":"https:\/\/fadeu.urantiacos.cl\/en\/2022\/03\/21\/alejandra-celedon-y-felipe-de-ferrari-participaron-en-serie-de-charlas-de-la-aa\/"},"wordCount":244,"commentCount":0,"image":{"@id":"https:\/\/fadeu.urantiacos.cl\/en\/2022\/03\/21\/alejandra-celedon-y-felipe-de-ferrari-participaron-en-serie-de-charlas-de-la-aa\/#primaryimage"},"thumbnailUrl":"https:\/\/fadeu.urantiacos.cl\/wp-content\/uploads\/2023\/09\/WEB_Captura_de_Pantalla_2022-03-21_a_las_08.51.31.png","articleSection":["Sin categorizar"],"inLanguage":"en-US","potentialAction":[{"@type":"CommentAction","name":"Comment","target":["https:\/\/fadeu.urantiacos.cl\/en\/2022\/03\/21\/alejandra-celedon-y-felipe-de-ferrari-participaron-en-serie-de-charlas-de-la-aa\/#respond"]}]},{"@type":"WebPage","@id":"https:\/\/fadeu.urantiacos.cl\/en\/2022\/03\/21\/alejandra-celedon-y-felipe-de-ferrari-participaron-en-serie-de-charlas-de-la-aa\/","url":"https:\/\/fadeu.urantiacos.cl\/en\/2022\/03\/21\/alejandra-celedon-y-felipe-de-ferrari-participaron-en-serie-de-charlas-de-la-aa\/","name":"Alejandra Celed\u00f3n y Felipe de Ferrari participaron en serie de charlas de la AA - Facultad de Arquitectura, Dise\u00f1o y Estudios Urbanos","isPartOf":{"@id":"https:\/\/fadeu.urantiacos.cl\/en\/#website"},"primaryImageOfPage":{"@id":"https:\/\/fadeu.urantiacos.cl\/en\/2022\/03\/21\/alejandra-celedon-y-felipe-de-ferrari-participaron-en-serie-de-charlas-de-la-aa\/#primaryimage"},"image":{"@id":"https:\/\/fadeu.urantiacos.cl\/en\/2022\/03\/21\/alejandra-celedon-y-felipe-de-ferrari-participaron-en-serie-de-charlas-de-la-aa\/#primaryimage"},"thumbnailUrl":"https:\/\/fadeu.urantiacos.cl\/wp-content\/uploads\/2023\/09\/WEB_Captura_de_Pantalla_2022-03-21_a_las_08.51.31.png","datePublished":"2022-03-21T13:51:00+00:00","dateModified":"2023-09-06T13:53:30+00:00","author":{"@id":"https:\/\/fadeu.urantiacos.cl\/en\/#\/schema\/person\/d203e2e84b1c40275eac77b3061a19a2"},"description":"Los profesores ARQ UC fueron invitados a dictar conferencias en el ciclo \u201cPractices and Pedagogies Series\u201d de la Architectural Association School of Architecture (AA) de Londres.","breadcrumb":{"@id":"https:\/\/fadeu.urantiacos.cl\/en\/2022\/03\/21\/alejandra-celedon-y-felipe-de-ferrari-participaron-en-serie-de-charlas-de-la-aa\/#breadcrumb"},"inLanguage":"en-US","potentialAction":[{"@type":"ReadAction","target":["https:\/\/fadeu.urantiacos.cl\/en\/2022\/03\/21\/alejandra-celedon-y-felipe-de-ferrari-participaron-en-serie-de-charlas-de-la-aa\/"]}]},{"@type":"ImageObject","inLanguage":"en-US","@id":"https:\/\/fadeu.urantiacos.cl\/en\/2022\/03\/21\/alejandra-celedon-y-felipe-de-ferrari-participaron-en-serie-de-charlas-de-la-aa\/#primaryimage","url":"https:\/\/fadeu.urantiacos.cl\/wp-content\/uploads\/2023\/09\/WEB_Captura_de_Pantalla_2022-03-21_a_las_08.51.31.png","contentUrl":"https:\/\/fadeu.urantiacos.cl\/wp-content\/uploads\/2023\/09\/WEB_Captura_de_Pantalla_2022-03-21_a_las_08.51.31.png","width":350,"height":250},{"@type":"BreadcrumbList","@id":"https:\/\/fadeu.urantiacos.cl\/en\/2022\/03\/21\/alejandra-celedon-y-felipe-de-ferrari-participaron-en-serie-de-charlas-de-la-aa\/#breadcrumb","itemListElement":[{"@type":"ListItem","position":1,"name":"Portada","item":"https:\/\/fadeu.urantiacos.cl\/en\/"},{"@type":"ListItem","position":2,"name":"Alejandra Celed\u00f3n y Felipe de Ferrari participaron en serie de charlas de la AA"}]},{"@type":"WebSite","@id":"https:\/\/fadeu.urantiacos.cl\/en\/#website","url":"https:\/\/fadeu.urantiacos.cl\/en\/","name":"Facultad de Arquitectura, Dise\u00f1o y Estudios Urbanos","description":"Campus Lo Contador","potentialAction":[{"@type":"SearchAction","target":{"@type":"EntryPoint","urlTemplate":"https:\/\/fadeu.urantiacos.cl\/en\/?s={search_term_string}"},"query-input":{"@type":"PropertyValueSpecification","valueRequired":true,"valueName":"search_term_string"}}],"inLanguage":"en-US"},{"@type":"Person","@id":"https:\/\/fadeu.urantiacos.cl\/en\/#\/schema\/person\/d203e2e84b1c40275eac77b3061a19a2","name":"manadmin","image":{"@type":"ImageObject","inLanguage":"en-US","@id":"https:\/\/fadeu.urantiacos.cl\/en\/#\/schema\/person\/image\/","url":"https:\/\/secure.gravatar.com\/avatar\/4b1d8e3303b4a9d8968ac578947d8bc80d9aea359f388cdd4aac15cadc0e8447?s=96&d=mm&r=g","contentUrl":"https:\/\/secure.gravatar.com\/avatar\/4b1d8e3303b4a9d8968ac578947d8bc80d9aea359f388cdd4aac15cadc0e8447?s=96&d=mm&r=g","caption":"manadmin"},"sameAs":["https:\/\/fadeu.urantiacos.cl"]}]}},"_links":{"self":[{"href":"https:\/\/fadeu.urantiacos.cl\/en\/wp-json\/wp\/v2\/posts\/5350","targetHints":{"allow":["GET"]}}],"collection":[{"href":"https:\/\/fadeu.urantiacos.cl\/en\/wp-json\/wp\/v2\/posts"}],"about":[{"href":"https:\/\/fadeu.urantiacos.cl\/en\/wp-json\/wp\/v2\/types\/post"}],"author":[{"embeddable":true,"href":"https:\/\/fadeu.urantiacos.cl\/en\/wp-json\/wp\/v2\/users\/1"}],"replies":[{"embeddable":true,"href":"https:\/\/fadeu.urantiacos.cl\/en\/wp-json\/wp\/v2\/comments?post=5350"}],"version-history":[{"count":1,"href":"https:\/\/fadeu.urantiacos.cl\/en\/wp-json\/wp\/v2\/posts\/5350\/revisions"}],"predecessor-version":[{"id":5352,"href":"https:\/\/fadeu.urantiacos.cl\/en\/wp-json\/wp\/v2\/posts\/5350\/revisions\/5352"}],"wp:featuredmedia":[{"embeddable":true,"href":"https:\/\/fadeu.urantiacos.cl\/en\/wp-json\/wp\/v2\/media\/5351"}],"wp:attachment":[{"href":"https:\/\/fadeu.urantiacos.cl\/en\/wp-json\/wp\/v2\/media?parent=5350"}],"wp:term":[{"taxonomy":"category","embeddable":true,"href":"https:\/\/fadeu.urantiacos.cl\/en\/wp-json\/wp\/v2\/categories?post=5350"},{"taxonomy":"post_tag","embeddable":true,"href":"https:\/\/fadeu.urantiacos.cl\/en\/wp-json\/wp\/v2\/tags?post=5350"}],"curies":[{"name":"wp","href":"https:\/\/api.w.org\/{rel}","templated":true}]}}