{"id":5347,"date":"2022-03-21T10:49:00","date_gmt":"2022-03-21T13:49:00","guid":{"rendered":"https:\/\/fadeu.urantiacos.cl\/?p=5347"},"modified":"2023-09-06T10:51:39","modified_gmt":"2023-09-06T13:51:39","slug":"podcast-las-otras-ciudades-de-la-guerra-fria-expande-exposicion-en-barco-galeria","status":"publish","type":"post","link":"https:\/\/fadeu.urantiacos.cl\/en\/2022\/03\/21\/podcast-las-otras-ciudades-de-la-guerra-fria-expande-exposicion-en-barco-galeria\/","title":{"rendered":"Podcast &#8220;Las otras ciudades de la Guerra Fr\u00eda&#8221; expande exposici\u00f3n en barco galer\u00eda"},"content":{"rendered":"\n<figure class=\"wp-block-image size-full\"><img decoding=\"async\" width=\"350\" height=\"250\" src=\"https:\/\/fadeu.urantiacos.cl\/wp-content\/uploads\/2023\/09\/postguerra_barco_web.jpg\" alt=\"\" class=\"wp-image-5348\" srcset=\"https:\/\/fadeu.urantiacos.cl\/wp-content\/uploads\/2023\/09\/postguerra_barco_web.jpg 350w, https:\/\/fadeu.urantiacos.cl\/wp-content\/uploads\/2023\/09\/postguerra_barco_web-300x214.jpg 300w\" sizes=\"(max-width: 350px) 100vw, 350px\" \/><\/figure>\n\n\n\n<p>El ciclo de podcast cuenta con cuatro episodios y es un espacio donde los invitados \u2014tanto nacionales como internacionales\u2014 discuten diversos procesos asociados a la urbanizaci\u00f3n en diferentes pa\u00edses de Am\u00e9rica Latina, \u00c1frica y Asia, en el contexto de la Guerra Fr\u00eda y las intervenciones del Banco Mundial. El programa es producido por barco galer\u00eda y conducido por el arquitecto UC Anton zu Knyphausen. De esta forma, tanto la exposici\u00f3n como esta &#8220;radio&#8221; se suman a la secuencia de formatos que ha explorado la investigaci\u00f3n liderada por el profesor ARQ UC Francisco Quintana, incluyendo dos ciclos de charlas \u2014uno durante 2020 y otro durante 2021\u2014 titulados &#8220;Ciudades de la Guerra Fr\u00eda&#8221; y asociados a dos cursos ARQ UC con el mismo nombre.<\/p>\n\n\n\n<p>Cap\u00edtulos del podcast_<\/p>\n\n\n\n<p>Episodio 01 | Introducci\u00f3n a &#8220;Las otras ciudades de la Guerra Fr\u00eda&#8221;<br>Francisco Quintana, junto a B\u00e1rbara Salazar y Carlos D\u00edaz ahondan en los diferentes proyectos de vivienda desarrollados por el Banco Mundial durante la Guerra Fr\u00eda \u2014en los pa\u00edses del llamado &#8220;Tercer mundo&#8221;\u2014, en pos de erradicar la pobreza y, a su vez, detener la expansi\u00f3n comunista.<\/p>\n\n\n\n<p>Episodio 02 | \u00bfGuerra Fr\u00eda en las poblaciones de Santiago de Chile?<br>Emanuel Giannotti relata las tensiones ideol\u00f3gicas presentes en las poblaciones informales de la capital chilena, particularmente a trav\u00e9s del papel que jugaron en ese periodo la Iglesia Cat\u00f3lica y el Partido Comunista.<\/p>\n\n\n\n<p>Episodio 03 | International Trade Fair<br>Lukasz Stanek conversa con Edward Boateng sobre la arquitectura de este evento en Accra, Ghana, en la que se entrelazan tensiones geopol\u00edticas y nociones de progreso para la sociedad.<\/p>\n\n\n\n<p>Episodio 04 | Pabellones de Estados Unidos<br>Dalal Musaed desarrolla el papel que jugaron los pabellones de Estados Unidos en Damasco, Siria, durante los a\u00f1os sesenta, entrando as\u00ed la Guerra Fr\u00eda a lo profundo de la domesticidad de los pa\u00edses \u00e1rabes.<\/p>\n\n\n\n<p>Sobre la muestra_<br>La exposici\u00f3n explora una serie de operaciones urbanas que buscaron erradicar la absoluta pobreza de 136 ciudades de Am\u00e9rica Latina, \u00c1frica y Asia en el contexto de la Guerra Fr\u00eda. Los autores de la muestra son el profesor ARQ UC Francisco Quintana junto a B\u00e1rbara Salazar y Gabriel Fuentes; con contribuciones de Carlos D\u00edaz, Felipe Pizarro y Javier Roa; y la asistencia de Carlos D\u00edaz y Melinka Bier. En la muestra tambi\u00e9n participan estudiantes de pregrado y ex alumnos del Mag\u00edster en Arquitectura UC (MARQ) y el Mag\u00edster en Proyecto Urbano UC (MPUR), quienes colaboraron a trav\u00e9s de investigaciones realizadas en cursos y talleres titulados &#8220;Ciudades de la Guerra Fr\u00eda&#8221;. Obra realizada con el apoyo de la Direcci\u00f3n de Artes y Cultura, Vicerrector\u00eda de Investigaci\u00f3n de la Pontificia Universidad Cat\u00f3lica de Chile.<\/p>\n\n\n\n<p>Escuchar los episodios del podcast en&nbsp;<a href=\"https:\/\/open.spotify.com\/show\/4CrKhYFXyxXpP8M6FmP6vq?si=61b84042a8064d4e&amp;nd=1\" target=\"_blank\" rel=\"noreferrer noopener\">Spotify<\/a>&nbsp;<\/p>\n\n\n\n<p>Noticias<br>Contacto:&nbsp;<a href=\"mailto:redesarq@uc.cl\">redesarq@uc.cl<\/a>&nbsp;| +56 2 2354 7747<br>www.arquitectura.uc.cl<\/p>\n","protected":false},"excerpt":{"rendered":"<p>Acompa\u00f1ando el mes de cierre de la muestra hom\u00f3nima (ver evento), estos episodios buscan ampliar los alcances de la exposici\u00f3n en barco galer\u00eda para la arquitectura, desarrollada por el profesor ARQ UC Francisco Quintana, junto a B\u00e1rbara Salazar y Gabriel Fuentes.<\/p>\n","protected":false},"author":1,"featured_media":5348,"comment_status":"open","ping_status":"open","sticky":false,"template":"","format":"standard","meta":{"_acf_changed":false,"footnotes":""},"categories":[1],"tags":[],"class_list":["post-5347","post","type-post","status-publish","format-standard","has-post-thumbnail","hentry","category-sin-categorizar"],"acf":[],"yoast_head":"<!-- This site is optimized with the Yoast SEO plugin v27.1.1 - https:\/\/yoast.com\/product\/yoast-seo-wordpress\/ -->\n<title>Podcast &quot;Las otras ciudades de la Guerra Fr\u00eda&quot; expande exposici\u00f3n en barco galer\u00eda - Facultad de Arquitectura, Dise\u00f1o y Estudios Urbanos<\/title>\n<meta name=\"description\" content=\"Acompa\u00f1ando el mes de cierre de la muestra hom\u00f3nima (ver evento), estos episodios buscan ampliar los alcances de la exposici\u00f3n en barco galer\u00eda para la arquitectura, desarrollada por el profesor ARQ UC Francisco Quintana, junto a B\u00e1rbara Salazar y Gabriel Fuentes.\" \/>\n<meta name=\"robots\" content=\"index, follow, max-snippet:-1, max-image-preview:large, max-video-preview:-1\" \/>\n<link rel=\"canonical\" href=\"https:\/\/fadeu.urantiacos.cl\/en\/2022\/03\/21\/podcast-las-otras-ciudades-de-la-guerra-fria-expande-exposicion-en-barco-galeria\/\" \/>\n<meta property=\"og:locale\" content=\"en_US\" \/>\n<meta property=\"og:type\" content=\"article\" \/>\n<meta property=\"og:title\" content=\"Podcast &quot;Las otras ciudades de la Guerra Fr\u00eda&quot; expande exposici\u00f3n en barco galer\u00eda - Facultad de Arquitectura, Dise\u00f1o y Estudios Urbanos\" \/>\n<meta property=\"og:description\" content=\"Acompa\u00f1ando el mes de cierre de la muestra hom\u00f3nima (ver evento), estos episodios buscan ampliar los alcances de la exposici\u00f3n en barco galer\u00eda para la arquitectura, desarrollada por el profesor ARQ UC Francisco Quintana, junto a B\u00e1rbara Salazar y Gabriel Fuentes.\" \/>\n<meta property=\"og:url\" content=\"https:\/\/fadeu.urantiacos.cl\/en\/2022\/03\/21\/podcast-las-otras-ciudades-de-la-guerra-fria-expande-exposicion-en-barco-galeria\/\" \/>\n<meta property=\"og:site_name\" content=\"Facultad de Arquitectura, Dise\u00f1o y Estudios Urbanos\" \/>\n<meta property=\"article:published_time\" content=\"2022-03-21T13:49:00+00:00\" \/>\n<meta property=\"article:modified_time\" content=\"2023-09-06T13:51:39+00:00\" \/>\n<meta property=\"og:image\" content=\"https:\/\/fadeu.urantiacos.cl\/wp-content\/uploads\/2023\/09\/postguerra_barco_web.jpg\" \/>\n\t<meta property=\"og:image:width\" content=\"350\" \/>\n\t<meta property=\"og:image:height\" content=\"250\" \/>\n\t<meta property=\"og:image:type\" content=\"image\/jpeg\" \/>\n<meta name=\"author\" content=\"manadmin\" \/>\n<meta name=\"twitter:card\" content=\"summary_large_image\" \/>\n<meta name=\"twitter:label1\" content=\"Written by\" \/>\n\t<meta name=\"twitter:data1\" content=\"manadmin\" \/>\n\t<meta name=\"twitter:label2\" content=\"Est. reading time\" \/>\n\t<meta name=\"twitter:data2\" content=\"2 minutes\" \/>\n<script type=\"application\/ld+json\" class=\"yoast-schema-graph\">{\"@context\":\"https:\/\/schema.org\",\"@graph\":[{\"@type\":\"Article\",\"@id\":\"https:\/\/fadeu.urantiacos.cl\/en\/2022\/03\/21\/podcast-las-otras-ciudades-de-la-guerra-fria-expande-exposicion-en-barco-galeria\/#article\",\"isPartOf\":{\"@id\":\"https:\/\/fadeu.urantiacos.cl\/en\/2022\/03\/21\/podcast-las-otras-ciudades-de-la-guerra-fria-expande-exposicion-en-barco-galeria\/\"},\"author\":{\"name\":\"manadmin\",\"@id\":\"https:\/\/fadeu.urantiacos.cl\/en\/#\/schema\/person\/d203e2e84b1c40275eac77b3061a19a2\"},\"headline\":\"Podcast &#8220;Las otras ciudades de la Guerra Fr\u00eda&#8221; expande exposici\u00f3n en barco galer\u00eda\",\"datePublished\":\"2022-03-21T13:49:00+00:00\",\"dateModified\":\"2023-09-06T13:51:39+00:00\",\"mainEntityOfPage\":{\"@id\":\"https:\/\/fadeu.urantiacos.cl\/en\/2022\/03\/21\/podcast-las-otras-ciudades-de-la-guerra-fria-expande-exposicion-en-barco-galeria\/\"},\"wordCount\":499,\"commentCount\":0,\"image\":{\"@id\":\"https:\/\/fadeu.urantiacos.cl\/en\/2022\/03\/21\/podcast-las-otras-ciudades-de-la-guerra-fria-expande-exposicion-en-barco-galeria\/#primaryimage\"},\"thumbnailUrl\":\"https:\/\/fadeu.urantiacos.cl\/wp-content\/uploads\/2023\/09\/postguerra_barco_web.jpg\",\"articleSection\":[\"Sin categorizar\"],\"inLanguage\":\"en-US\",\"potentialAction\":[{\"@type\":\"CommentAction\",\"name\":\"Comment\",\"target\":[\"https:\/\/fadeu.urantiacos.cl\/en\/2022\/03\/21\/podcast-las-otras-ciudades-de-la-guerra-fria-expande-exposicion-en-barco-galeria\/#respond\"]}]},{\"@type\":\"WebPage\",\"@id\":\"https:\/\/fadeu.urantiacos.cl\/en\/2022\/03\/21\/podcast-las-otras-ciudades-de-la-guerra-fria-expande-exposicion-en-barco-galeria\/\",\"url\":\"https:\/\/fadeu.urantiacos.cl\/en\/2022\/03\/21\/podcast-las-otras-ciudades-de-la-guerra-fria-expande-exposicion-en-barco-galeria\/\",\"name\":\"Podcast \\\"Las otras ciudades de la Guerra Fr\u00eda\\\" expande exposici\u00f3n en barco galer\u00eda - Facultad de Arquitectura, Dise\u00f1o y Estudios Urbanos\",\"isPartOf\":{\"@id\":\"https:\/\/fadeu.urantiacos.cl\/en\/#website\"},\"primaryImageOfPage\":{\"@id\":\"https:\/\/fadeu.urantiacos.cl\/en\/2022\/03\/21\/podcast-las-otras-ciudades-de-la-guerra-fria-expande-exposicion-en-barco-galeria\/#primaryimage\"},\"image\":{\"@id\":\"https:\/\/fadeu.urantiacos.cl\/en\/2022\/03\/21\/podcast-las-otras-ciudades-de-la-guerra-fria-expande-exposicion-en-barco-galeria\/#primaryimage\"},\"thumbnailUrl\":\"https:\/\/fadeu.urantiacos.cl\/wp-content\/uploads\/2023\/09\/postguerra_barco_web.jpg\",\"datePublished\":\"2022-03-21T13:49:00+00:00\",\"dateModified\":\"2023-09-06T13:51:39+00:00\",\"author\":{\"@id\":\"https:\/\/fadeu.urantiacos.cl\/en\/#\/schema\/person\/d203e2e84b1c40275eac77b3061a19a2\"},\"description\":\"Acompa\u00f1ando el mes de cierre de la muestra hom\u00f3nima (ver evento), estos episodios buscan ampliar los alcances de la exposici\u00f3n en barco galer\u00eda para la arquitectura, desarrollada por el profesor ARQ UC Francisco Quintana, junto a B\u00e1rbara Salazar y Gabriel Fuentes.\",\"breadcrumb\":{\"@id\":\"https:\/\/fadeu.urantiacos.cl\/en\/2022\/03\/21\/podcast-las-otras-ciudades-de-la-guerra-fria-expande-exposicion-en-barco-galeria\/#breadcrumb\"},\"inLanguage\":\"en-US\",\"potentialAction\":[{\"@type\":\"ReadAction\",\"target\":[\"https:\/\/fadeu.urantiacos.cl\/en\/2022\/03\/21\/podcast-las-otras-ciudades-de-la-guerra-fria-expande-exposicion-en-barco-galeria\/\"]}]},{\"@type\":\"ImageObject\",\"inLanguage\":\"en-US\",\"@id\":\"https:\/\/fadeu.urantiacos.cl\/en\/2022\/03\/21\/podcast-las-otras-ciudades-de-la-guerra-fria-expande-exposicion-en-barco-galeria\/#primaryimage\",\"url\":\"https:\/\/fadeu.urantiacos.cl\/wp-content\/uploads\/2023\/09\/postguerra_barco_web.jpg\",\"contentUrl\":\"https:\/\/fadeu.urantiacos.cl\/wp-content\/uploads\/2023\/09\/postguerra_barco_web.jpg\",\"width\":350,\"height\":250},{\"@type\":\"BreadcrumbList\",\"@id\":\"https:\/\/fadeu.urantiacos.cl\/en\/2022\/03\/21\/podcast-las-otras-ciudades-de-la-guerra-fria-expande-exposicion-en-barco-galeria\/#breadcrumb\",\"itemListElement\":[{\"@type\":\"ListItem\",\"position\":1,\"name\":\"Portada\",\"item\":\"https:\/\/fadeu.urantiacos.cl\/en\/\"},{\"@type\":\"ListItem\",\"position\":2,\"name\":\"Podcast &#8220;Las otras ciudades de la Guerra Fr\u00eda&#8221; expande exposici\u00f3n en barco galer\u00eda\"}]},{\"@type\":\"WebSite\",\"@id\":\"https:\/\/fadeu.urantiacos.cl\/en\/#website\",\"url\":\"https:\/\/fadeu.urantiacos.cl\/en\/\",\"name\":\"Facultad de Arquitectura, Dise\u00f1o y Estudios Urbanos\",\"description\":\"Campus Lo Contador\",\"potentialAction\":[{\"@type\":\"SearchAction\",\"target\":{\"@type\":\"EntryPoint\",\"urlTemplate\":\"https:\/\/fadeu.urantiacos.cl\/en\/?s={search_term_string}\"},\"query-input\":{\"@type\":\"PropertyValueSpecification\",\"valueRequired\":true,\"valueName\":\"search_term_string\"}}],\"inLanguage\":\"en-US\"},{\"@type\":\"Person\",\"@id\":\"https:\/\/fadeu.urantiacos.cl\/en\/#\/schema\/person\/d203e2e84b1c40275eac77b3061a19a2\",\"name\":\"manadmin\",\"image\":{\"@type\":\"ImageObject\",\"inLanguage\":\"en-US\",\"@id\":\"https:\/\/fadeu.urantiacos.cl\/en\/#\/schema\/person\/image\/\",\"url\":\"https:\/\/secure.gravatar.com\/avatar\/4b1d8e3303b4a9d8968ac578947d8bc80d9aea359f388cdd4aac15cadc0e8447?s=96&d=mm&r=g\",\"contentUrl\":\"https:\/\/secure.gravatar.com\/avatar\/4b1d8e3303b4a9d8968ac578947d8bc80d9aea359f388cdd4aac15cadc0e8447?s=96&d=mm&r=g\",\"caption\":\"manadmin\"},\"sameAs\":[\"https:\/\/fadeu.urantiacos.cl\"]}]}<\/script>\n<!-- \/ Yoast SEO plugin. -->","yoast_head_json":{"title":"Podcast \"Las otras ciudades de la Guerra Fr\u00eda\" expande exposici\u00f3n en barco galer\u00eda - Facultad de Arquitectura, Dise\u00f1o y Estudios Urbanos","description":"Acompa\u00f1ando el mes de cierre de la muestra hom\u00f3nima (ver evento), estos episodios buscan ampliar los alcances de la exposici\u00f3n en barco galer\u00eda para la arquitectura, desarrollada por el profesor ARQ UC Francisco Quintana, junto a B\u00e1rbara Salazar y Gabriel Fuentes.","robots":{"index":"index","follow":"follow","max-snippet":"max-snippet:-1","max-image-preview":"max-image-preview:large","max-video-preview":"max-video-preview:-1"},"canonical":"https:\/\/fadeu.urantiacos.cl\/en\/2022\/03\/21\/podcast-las-otras-ciudades-de-la-guerra-fria-expande-exposicion-en-barco-galeria\/","og_locale":"en_US","og_type":"article","og_title":"Podcast \"Las otras ciudades de la Guerra Fr\u00eda\" expande exposici\u00f3n en barco galer\u00eda - Facultad de Arquitectura, Dise\u00f1o y Estudios Urbanos","og_description":"Acompa\u00f1ando el mes de cierre de la muestra hom\u00f3nima (ver evento), estos episodios buscan ampliar los alcances de la exposici\u00f3n en barco galer\u00eda para la arquitectura, desarrollada por el profesor ARQ UC Francisco Quintana, junto a B\u00e1rbara Salazar y Gabriel Fuentes.","og_url":"https:\/\/fadeu.urantiacos.cl\/en\/2022\/03\/21\/podcast-las-otras-ciudades-de-la-guerra-fria-expande-exposicion-en-barco-galeria\/","og_site_name":"Facultad de Arquitectura, Dise\u00f1o y Estudios Urbanos","article_published_time":"2022-03-21T13:49:00+00:00","article_modified_time":"2023-09-06T13:51:39+00:00","og_image":[{"width":350,"height":250,"url":"https:\/\/fadeu.urantiacos.cl\/wp-content\/uploads\/2023\/09\/postguerra_barco_web.jpg","type":"image\/jpeg"}],"author":"manadmin","twitter_card":"summary_large_image","twitter_misc":{"Written by":"manadmin","Est. reading time":"2 minutes"},"schema":{"@context":"https:\/\/schema.org","@graph":[{"@type":"Article","@id":"https:\/\/fadeu.urantiacos.cl\/en\/2022\/03\/21\/podcast-las-otras-ciudades-de-la-guerra-fria-expande-exposicion-en-barco-galeria\/#article","isPartOf":{"@id":"https:\/\/fadeu.urantiacos.cl\/en\/2022\/03\/21\/podcast-las-otras-ciudades-de-la-guerra-fria-expande-exposicion-en-barco-galeria\/"},"author":{"name":"manadmin","@id":"https:\/\/fadeu.urantiacos.cl\/en\/#\/schema\/person\/d203e2e84b1c40275eac77b3061a19a2"},"headline":"Podcast &#8220;Las otras ciudades de la Guerra Fr\u00eda&#8221; expande exposici\u00f3n en barco galer\u00eda","datePublished":"2022-03-21T13:49:00+00:00","dateModified":"2023-09-06T13:51:39+00:00","mainEntityOfPage":{"@id":"https:\/\/fadeu.urantiacos.cl\/en\/2022\/03\/21\/podcast-las-otras-ciudades-de-la-guerra-fria-expande-exposicion-en-barco-galeria\/"},"wordCount":499,"commentCount":0,"image":{"@id":"https:\/\/fadeu.urantiacos.cl\/en\/2022\/03\/21\/podcast-las-otras-ciudades-de-la-guerra-fria-expande-exposicion-en-barco-galeria\/#primaryimage"},"thumbnailUrl":"https:\/\/fadeu.urantiacos.cl\/wp-content\/uploads\/2023\/09\/postguerra_barco_web.jpg","articleSection":["Sin categorizar"],"inLanguage":"en-US","potentialAction":[{"@type":"CommentAction","name":"Comment","target":["https:\/\/fadeu.urantiacos.cl\/en\/2022\/03\/21\/podcast-las-otras-ciudades-de-la-guerra-fria-expande-exposicion-en-barco-galeria\/#respond"]}]},{"@type":"WebPage","@id":"https:\/\/fadeu.urantiacos.cl\/en\/2022\/03\/21\/podcast-las-otras-ciudades-de-la-guerra-fria-expande-exposicion-en-barco-galeria\/","url":"https:\/\/fadeu.urantiacos.cl\/en\/2022\/03\/21\/podcast-las-otras-ciudades-de-la-guerra-fria-expande-exposicion-en-barco-galeria\/","name":"Podcast \"Las otras ciudades de la Guerra Fr\u00eda\" expande exposici\u00f3n en barco galer\u00eda - Facultad de Arquitectura, Dise\u00f1o y Estudios Urbanos","isPartOf":{"@id":"https:\/\/fadeu.urantiacos.cl\/en\/#website"},"primaryImageOfPage":{"@id":"https:\/\/fadeu.urantiacos.cl\/en\/2022\/03\/21\/podcast-las-otras-ciudades-de-la-guerra-fria-expande-exposicion-en-barco-galeria\/#primaryimage"},"image":{"@id":"https:\/\/fadeu.urantiacos.cl\/en\/2022\/03\/21\/podcast-las-otras-ciudades-de-la-guerra-fria-expande-exposicion-en-barco-galeria\/#primaryimage"},"thumbnailUrl":"https:\/\/fadeu.urantiacos.cl\/wp-content\/uploads\/2023\/09\/postguerra_barco_web.jpg","datePublished":"2022-03-21T13:49:00+00:00","dateModified":"2023-09-06T13:51:39+00:00","author":{"@id":"https:\/\/fadeu.urantiacos.cl\/en\/#\/schema\/person\/d203e2e84b1c40275eac77b3061a19a2"},"description":"Acompa\u00f1ando el mes de cierre de la muestra hom\u00f3nima (ver evento), estos episodios buscan ampliar los alcances de la exposici\u00f3n en barco galer\u00eda para la arquitectura, desarrollada por el profesor ARQ UC Francisco Quintana, junto a B\u00e1rbara Salazar y Gabriel Fuentes.","breadcrumb":{"@id":"https:\/\/fadeu.urantiacos.cl\/en\/2022\/03\/21\/podcast-las-otras-ciudades-de-la-guerra-fria-expande-exposicion-en-barco-galeria\/#breadcrumb"},"inLanguage":"en-US","potentialAction":[{"@type":"ReadAction","target":["https:\/\/fadeu.urantiacos.cl\/en\/2022\/03\/21\/podcast-las-otras-ciudades-de-la-guerra-fria-expande-exposicion-en-barco-galeria\/"]}]},{"@type":"ImageObject","inLanguage":"en-US","@id":"https:\/\/fadeu.urantiacos.cl\/en\/2022\/03\/21\/podcast-las-otras-ciudades-de-la-guerra-fria-expande-exposicion-en-barco-galeria\/#primaryimage","url":"https:\/\/fadeu.urantiacos.cl\/wp-content\/uploads\/2023\/09\/postguerra_barco_web.jpg","contentUrl":"https:\/\/fadeu.urantiacos.cl\/wp-content\/uploads\/2023\/09\/postguerra_barco_web.jpg","width":350,"height":250},{"@type":"BreadcrumbList","@id":"https:\/\/fadeu.urantiacos.cl\/en\/2022\/03\/21\/podcast-las-otras-ciudades-de-la-guerra-fria-expande-exposicion-en-barco-galeria\/#breadcrumb","itemListElement":[{"@type":"ListItem","position":1,"name":"Portada","item":"https:\/\/fadeu.urantiacos.cl\/en\/"},{"@type":"ListItem","position":2,"name":"Podcast &#8220;Las otras ciudades de la Guerra Fr\u00eda&#8221; expande exposici\u00f3n en barco galer\u00eda"}]},{"@type":"WebSite","@id":"https:\/\/fadeu.urantiacos.cl\/en\/#website","url":"https:\/\/fadeu.urantiacos.cl\/en\/","name":"Facultad de Arquitectura, Dise\u00f1o y Estudios Urbanos","description":"Campus Lo Contador","potentialAction":[{"@type":"SearchAction","target":{"@type":"EntryPoint","urlTemplate":"https:\/\/fadeu.urantiacos.cl\/en\/?s={search_term_string}"},"query-input":{"@type":"PropertyValueSpecification","valueRequired":true,"valueName":"search_term_string"}}],"inLanguage":"en-US"},{"@type":"Person","@id":"https:\/\/fadeu.urantiacos.cl\/en\/#\/schema\/person\/d203e2e84b1c40275eac77b3061a19a2","name":"manadmin","image":{"@type":"ImageObject","inLanguage":"en-US","@id":"https:\/\/fadeu.urantiacos.cl\/en\/#\/schema\/person\/image\/","url":"https:\/\/secure.gravatar.com\/avatar\/4b1d8e3303b4a9d8968ac578947d8bc80d9aea359f388cdd4aac15cadc0e8447?s=96&d=mm&r=g","contentUrl":"https:\/\/secure.gravatar.com\/avatar\/4b1d8e3303b4a9d8968ac578947d8bc80d9aea359f388cdd4aac15cadc0e8447?s=96&d=mm&r=g","caption":"manadmin"},"sameAs":["https:\/\/fadeu.urantiacos.cl"]}]}},"_links":{"self":[{"href":"https:\/\/fadeu.urantiacos.cl\/en\/wp-json\/wp\/v2\/posts\/5347","targetHints":{"allow":["GET"]}}],"collection":[{"href":"https:\/\/fadeu.urantiacos.cl\/en\/wp-json\/wp\/v2\/posts"}],"about":[{"href":"https:\/\/fadeu.urantiacos.cl\/en\/wp-json\/wp\/v2\/types\/post"}],"author":[{"embeddable":true,"href":"https:\/\/fadeu.urantiacos.cl\/en\/wp-json\/wp\/v2\/users\/1"}],"replies":[{"embeddable":true,"href":"https:\/\/fadeu.urantiacos.cl\/en\/wp-json\/wp\/v2\/comments?post=5347"}],"version-history":[{"count":1,"href":"https:\/\/fadeu.urantiacos.cl\/en\/wp-json\/wp\/v2\/posts\/5347\/revisions"}],"predecessor-version":[{"id":5349,"href":"https:\/\/fadeu.urantiacos.cl\/en\/wp-json\/wp\/v2\/posts\/5347\/revisions\/5349"}],"wp:featuredmedia":[{"embeddable":true,"href":"https:\/\/fadeu.urantiacos.cl\/en\/wp-json\/wp\/v2\/media\/5348"}],"wp:attachment":[{"href":"https:\/\/fadeu.urantiacos.cl\/en\/wp-json\/wp\/v2\/media?parent=5347"}],"wp:term":[{"taxonomy":"category","embeddable":true,"href":"https:\/\/fadeu.urantiacos.cl\/en\/wp-json\/wp\/v2\/categories?post=5347"},{"taxonomy":"post_tag","embeddable":true,"href":"https:\/\/fadeu.urantiacos.cl\/en\/wp-json\/wp\/v2\/tags?post=5347"}],"curies":[{"name":"wp","href":"https:\/\/api.w.org\/{rel}","templated":true}]}}