{"id":5335,"date":"2022-03-21T10:41:00","date_gmt":"2022-03-21T13:41:00","guid":{"rendered":"https:\/\/fadeu.urantiacos.cl\/?p=5335"},"modified":"2023-09-06T10:46:39","modified_gmt":"2023-09-06T13:46:39","slug":"victoria-jolly-inauguro-instalacion-en-el-parque-cultural-de-valparaiso","status":"publish","type":"post","link":"https:\/\/fadeu.urantiacos.cl\/en\/2022\/03\/21\/victoria-jolly-inauguro-instalacion-en-el-parque-cultural-de-valparaiso\/","title":{"rendered":"Victoria Jolly inaugur\u00f3 instalaci\u00f3n en el Parque Cultural de Valpara\u00edso"},"content":{"rendered":"\n<figure class=\"wp-block-image size-full\"><img decoding=\"async\" width=\"350\" height=\"250\" src=\"https:\/\/fadeu.urantiacos.cl\/wp-content\/uploads\/2023\/09\/WEB_Captura_de_Pantalla_2022-03-21_a_las_09.07.14.png\" alt=\"\" class=\"wp-image-5336\" srcset=\"https:\/\/fadeu.urantiacos.cl\/wp-content\/uploads\/2023\/09\/WEB_Captura_de_Pantalla_2022-03-21_a_las_09.07.14.png 350w, https:\/\/fadeu.urantiacos.cl\/wp-content\/uploads\/2023\/09\/WEB_Captura_de_Pantalla_2022-03-21_a_las_09.07.14-300x214.png 300w\" sizes=\"(max-width: 350px) 100vw, 350px\" \/><\/figure>\n\n\n\n<p>La instalaci\u00f3n fue inaugurada el 12 de marzo, construy\u00e9ndose durante febrero e inicios de marzo \u2014la solidificaci\u00f3n de la estructura tom\u00f3 28 d\u00edas\u2014, y podr\u00e1 visitarse hasta mediados de mayo en la explanada. El proyecto es financiado por el Ministerio de las Culturas, las Artes y el Patrimonio (Fondart Regional) y est\u00e1 inscrito en el marco curatorial 2022 del Parque Cultural de Valpara\u00edso (PCdV) que tuvo por t\u00edtulo: \u201cEl desaf\u00edo de imaginarnos nuevamente juntxs\u201d. Tras dos a\u00f1os de investigaci\u00f3n, la pieza de Jolly fue concebida y fraguada en el taller de Punta de Piedra, Ritoque, &#8220;con ayuda de muchas manos&#8221;, ocupando durante la exhibici\u00f3n la explanada abierta del parque &#8220;como una invitaci\u00f3n para sus visitantes&#8221;.<\/p>\n\n\n\n<p><strong>Sobre \u201cMarga, cavar adentro\u201d_<\/strong><br>&#8220;Marga&#8221; da nombre a una esfera sonora semihundida en mitad del c\u00e9sped; un refugio mitad tierra, mitad piedra compuesta por 16 gajos de hormig\u00f3n que forman una c\u00e1scara. Cada una de estas piezas fue dise\u00f1ada y construida con moldajes textiles para recibir la argamasa, material maleable que graba en su superficie la textura de sus moldes. Las 16 c\u00e1scaras de hormig\u00f3n montadas tomaron 28 d\u00edas \u2014cada una\u2014 para su solidificaci\u00f3n. Su nombre alude tambi\u00e9n a una roca sedimentaria y a una de las provincias de la regi\u00f3n de Valpara\u00edso, cuyo origen proviene de la lengua kichwa, donde marga significa \u201cliviano y transportable\u201d.<\/p>\n\n\n\n<figure class=\"wp-block-embed is-type-video is-provider-youtube wp-block-embed-youtube wp-embed-aspect-16-9 wp-has-aspect-ratio\"><div class=\"wp-block-embed__wrapper\">\n<iframe loading=\"lazy\" title=\"MARGA, cavar adentro 2022\" width=\"500\" height=\"281\" src=\"https:\/\/www.youtube.com\/embed\/LxZ8KjpmmQE?feature=oembed\" frameborder=\"0\" allow=\"accelerometer; autoplay; clipboard-write; encrypted-media; gyroscope; picture-in-picture; web-share\" referrerpolicy=\"strict-origin-when-cross-origin\" allowfullscreen><\/iframe>\n<\/div><\/figure>\n\n\n\n<figure class=\"wp-block-image size-large\"><img decoding=\"async\" width=\"682\" height=\"1024\" src=\"https:\/\/fadeu.urantiacos.cl\/wp-content\/uploads\/2023\/09\/MARGA_foto_benjaminsantander-18-682x1024.jpeg\" alt=\"\" class=\"wp-image-5337\" srcset=\"https:\/\/fadeu.urantiacos.cl\/wp-content\/uploads\/2023\/09\/MARGA_foto_benjaminsantander-18-682x1024.jpeg 682w, https:\/\/fadeu.urantiacos.cl\/wp-content\/uploads\/2023\/09\/MARGA_foto_benjaminsantander-18-200x300.jpeg 200w, https:\/\/fadeu.urantiacos.cl\/wp-content\/uploads\/2023\/09\/MARGA_foto_benjaminsantander-18-768x1152.jpeg 768w, https:\/\/fadeu.urantiacos.cl\/wp-content\/uploads\/2023\/09\/MARGA_foto_benjaminsantander-18.jpeg 800w\" sizes=\"(max-width: 682px) 100vw, 682px\" \/><\/figure>\n\n\n\n<p>Instalaci\u00f3n. Fotograf\u00eda de\u00a0Benjam\u00edn Santander<\/p>\n\n\n\n<figure class=\"wp-block-image size-large\"><img decoding=\"async\" width=\"768\" height=\"1024\" src=\"https:\/\/fadeu.urantiacos.cl\/wp-content\/uploads\/2023\/09\/montaje_3_MARGA-768x1024.jpeg\" alt=\"\" class=\"wp-image-5338\" srcset=\"https:\/\/fadeu.urantiacos.cl\/wp-content\/uploads\/2023\/09\/montaje_3_MARGA-768x1024.jpeg 768w, https:\/\/fadeu.urantiacos.cl\/wp-content\/uploads\/2023\/09\/montaje_3_MARGA-225x300.jpeg 225w, https:\/\/fadeu.urantiacos.cl\/wp-content\/uploads\/2023\/09\/montaje_3_MARGA.jpeg 900w\" sizes=\"(max-width: 768px) 100vw, 768px\" \/><\/figure>\n\n\n\n<p>Instalaci\u00f3n. Fotograf\u00eda de Victoria Jolly<\/p>\n\n\n\n<figure class=\"wp-block-image size-large\"><img decoding=\"async\" width=\"682\" height=\"1024\" src=\"https:\/\/fadeu.urantiacos.cl\/wp-content\/uploads\/2023\/09\/MARGA_foto_benjaminsantander-11-682x1024.jpeg\" alt=\"\" class=\"wp-image-5339\" srcset=\"https:\/\/fadeu.urantiacos.cl\/wp-content\/uploads\/2023\/09\/MARGA_foto_benjaminsantander-11-682x1024.jpeg 682w, https:\/\/fadeu.urantiacos.cl\/wp-content\/uploads\/2023\/09\/MARGA_foto_benjaminsantander-11-200x300.jpeg 200w, https:\/\/fadeu.urantiacos.cl\/wp-content\/uploads\/2023\/09\/MARGA_foto_benjaminsantander-11-768x1152.jpeg 768w, https:\/\/fadeu.urantiacos.cl\/wp-content\/uploads\/2023\/09\/MARGA_foto_benjaminsantander-11.jpeg 800w\" sizes=\"(max-width: 682px) 100vw, 682px\" \/><\/figure>\n\n\n\n<p>Instalaci\u00f3n. Fotograf\u00eda de&nbsp;Benjam\u00edn Santander<\/p>\n\n\n\n<p>Noticias<br>Contacto:&nbsp;<a href=\"mailto:redesarq@uc.cl\">redesarq@uc.cl<\/a>&nbsp;| +56 2 2354 7747<br>www.arquitectura.uc.cl<\/p>\n","protected":false},"excerpt":{"rendered":"<p>La profesora ARQ UC inaugur\u00f3 &#8220;Marga, cavar adentro&#8221; (2022) en la explanada del Parque Cultural de Valpara\u00edso (PCdV), bajo la curator\u00eda de Pedro Donoso. Participaron tambi\u00e9n del proyecto \u2014como parte de su pr\u00e1ctica profesional\u2014 los estudiantes ARQ UC Jorge Morales, Catalina Bascu\u00f1\u00e1n y Benjam\u00edn Santander.<\/p>\n","protected":false},"author":1,"featured_media":5336,"comment_status":"open","ping_status":"open","sticky":false,"template":"","format":"standard","meta":{"_acf_changed":false,"footnotes":""},"categories":[1],"tags":[],"class_list":["post-5335","post","type-post","status-publish","format-standard","has-post-thumbnail","hentry","category-sin-categorizar"],"acf":[],"yoast_head":"<!-- This site is optimized with the Yoast SEO plugin v27.1.1 - https:\/\/yoast.com\/product\/yoast-seo-wordpress\/ -->\n<title>Victoria Jolly inaugur\u00f3 instalaci\u00f3n en el Parque Cultural de Valpara\u00edso - Facultad de Arquitectura, Dise\u00f1o y Estudios Urbanos<\/title>\n<meta name=\"description\" content=\"La profesora ARQ UC inaugur\u00f3 &quot;Marga, cavar adentro&quot; (2022) en la explanada del Parque Cultural de Valpara\u00edso (PCdV), bajo la curator\u00eda de Pedro Donoso. Participaron tambi\u00e9n del proyecto \u2014como parte de su pr\u00e1ctica profesional\u2014 los estudiantes ARQ UC Jorge Morales, Catalina Bascu\u00f1\u00e1n y Benjam\u00edn Santander.\" \/>\n<meta name=\"robots\" content=\"index, follow, max-snippet:-1, max-image-preview:large, max-video-preview:-1\" \/>\n<link rel=\"canonical\" href=\"https:\/\/fadeu.urantiacos.cl\/en\/2022\/03\/21\/victoria-jolly-inauguro-instalacion-en-el-parque-cultural-de-valparaiso\/\" \/>\n<meta property=\"og:locale\" content=\"en_US\" \/>\n<meta property=\"og:type\" content=\"article\" \/>\n<meta property=\"og:title\" content=\"Victoria Jolly inaugur\u00f3 instalaci\u00f3n en el Parque Cultural de Valpara\u00edso - Facultad de Arquitectura, Dise\u00f1o y Estudios Urbanos\" \/>\n<meta property=\"og:description\" content=\"La profesora ARQ UC inaugur\u00f3 &quot;Marga, cavar adentro&quot; (2022) en la explanada del Parque Cultural de Valpara\u00edso (PCdV), bajo la curator\u00eda de Pedro Donoso. Participaron tambi\u00e9n del proyecto \u2014como parte de su pr\u00e1ctica profesional\u2014 los estudiantes ARQ UC Jorge Morales, Catalina Bascu\u00f1\u00e1n y Benjam\u00edn Santander.\" \/>\n<meta property=\"og:url\" content=\"https:\/\/fadeu.urantiacos.cl\/en\/2022\/03\/21\/victoria-jolly-inauguro-instalacion-en-el-parque-cultural-de-valparaiso\/\" \/>\n<meta property=\"og:site_name\" content=\"Facultad de Arquitectura, Dise\u00f1o y Estudios Urbanos\" \/>\n<meta property=\"article:published_time\" content=\"2022-03-21T13:41:00+00:00\" \/>\n<meta property=\"article:modified_time\" content=\"2023-09-06T13:46:39+00:00\" \/>\n<meta property=\"og:image\" content=\"https:\/\/fadeu.urantiacos.cl\/wp-content\/uploads\/2023\/09\/WEB_Captura_de_Pantalla_2022-03-21_a_las_09.07.14.png\" \/>\n\t<meta property=\"og:image:width\" content=\"350\" \/>\n\t<meta property=\"og:image:height\" content=\"250\" \/>\n\t<meta property=\"og:image:type\" content=\"image\/png\" \/>\n<meta name=\"author\" content=\"manadmin\" \/>\n<meta name=\"twitter:card\" content=\"summary_large_image\" \/>\n<meta name=\"twitter:label1\" content=\"Written by\" \/>\n\t<meta name=\"twitter:data1\" content=\"manadmin\" \/>\n\t<meta name=\"twitter:label2\" content=\"Est. reading time\" \/>\n\t<meta name=\"twitter:data2\" content=\"1 minute\" \/>\n<script type=\"application\/ld+json\" class=\"yoast-schema-graph\">{\"@context\":\"https:\/\/schema.org\",\"@graph\":[{\"@type\":\"Article\",\"@id\":\"https:\/\/fadeu.urantiacos.cl\/en\/2022\/03\/21\/victoria-jolly-inauguro-instalacion-en-el-parque-cultural-de-valparaiso\/#article\",\"isPartOf\":{\"@id\":\"https:\/\/fadeu.urantiacos.cl\/en\/2022\/03\/21\/victoria-jolly-inauguro-instalacion-en-el-parque-cultural-de-valparaiso\/\"},\"author\":{\"name\":\"manadmin\",\"@id\":\"https:\/\/fadeu.urantiacos.cl\/en\/#\/schema\/person\/d203e2e84b1c40275eac77b3061a19a2\"},\"headline\":\"Victoria Jolly inaugur\u00f3 instalaci\u00f3n en el Parque Cultural de Valpara\u00edso\",\"datePublished\":\"2022-03-21T13:41:00+00:00\",\"dateModified\":\"2023-09-06T13:46:39+00:00\",\"mainEntityOfPage\":{\"@id\":\"https:\/\/fadeu.urantiacos.cl\/en\/2022\/03\/21\/victoria-jolly-inauguro-instalacion-en-el-parque-cultural-de-valparaiso\/\"},\"wordCount\":288,\"commentCount\":0,\"image\":{\"@id\":\"https:\/\/fadeu.urantiacos.cl\/en\/2022\/03\/21\/victoria-jolly-inauguro-instalacion-en-el-parque-cultural-de-valparaiso\/#primaryimage\"},\"thumbnailUrl\":\"https:\/\/fadeu.urantiacos.cl\/wp-content\/uploads\/2023\/09\/WEB_Captura_de_Pantalla_2022-03-21_a_las_09.07.14.png\",\"articleSection\":[\"Sin categorizar\"],\"inLanguage\":\"en-US\",\"potentialAction\":[{\"@type\":\"CommentAction\",\"name\":\"Comment\",\"target\":[\"https:\/\/fadeu.urantiacos.cl\/en\/2022\/03\/21\/victoria-jolly-inauguro-instalacion-en-el-parque-cultural-de-valparaiso\/#respond\"]}]},{\"@type\":\"WebPage\",\"@id\":\"https:\/\/fadeu.urantiacos.cl\/en\/2022\/03\/21\/victoria-jolly-inauguro-instalacion-en-el-parque-cultural-de-valparaiso\/\",\"url\":\"https:\/\/fadeu.urantiacos.cl\/en\/2022\/03\/21\/victoria-jolly-inauguro-instalacion-en-el-parque-cultural-de-valparaiso\/\",\"name\":\"Victoria Jolly inaugur\u00f3 instalaci\u00f3n en el Parque Cultural de Valpara\u00edso - Facultad de Arquitectura, Dise\u00f1o y Estudios Urbanos\",\"isPartOf\":{\"@id\":\"https:\/\/fadeu.urantiacos.cl\/en\/#website\"},\"primaryImageOfPage\":{\"@id\":\"https:\/\/fadeu.urantiacos.cl\/en\/2022\/03\/21\/victoria-jolly-inauguro-instalacion-en-el-parque-cultural-de-valparaiso\/#primaryimage\"},\"image\":{\"@id\":\"https:\/\/fadeu.urantiacos.cl\/en\/2022\/03\/21\/victoria-jolly-inauguro-instalacion-en-el-parque-cultural-de-valparaiso\/#primaryimage\"},\"thumbnailUrl\":\"https:\/\/fadeu.urantiacos.cl\/wp-content\/uploads\/2023\/09\/WEB_Captura_de_Pantalla_2022-03-21_a_las_09.07.14.png\",\"datePublished\":\"2022-03-21T13:41:00+00:00\",\"dateModified\":\"2023-09-06T13:46:39+00:00\",\"author\":{\"@id\":\"https:\/\/fadeu.urantiacos.cl\/en\/#\/schema\/person\/d203e2e84b1c40275eac77b3061a19a2\"},\"description\":\"La profesora ARQ UC inaugur\u00f3 \\\"Marga, cavar adentro\\\" (2022) en la explanada del Parque Cultural de Valpara\u00edso (PCdV), bajo la curator\u00eda de Pedro Donoso. Participaron tambi\u00e9n del proyecto \u2014como parte de su pr\u00e1ctica profesional\u2014 los estudiantes ARQ UC Jorge Morales, Catalina Bascu\u00f1\u00e1n y Benjam\u00edn Santander.\",\"breadcrumb\":{\"@id\":\"https:\/\/fadeu.urantiacos.cl\/en\/2022\/03\/21\/victoria-jolly-inauguro-instalacion-en-el-parque-cultural-de-valparaiso\/#breadcrumb\"},\"inLanguage\":\"en-US\",\"potentialAction\":[{\"@type\":\"ReadAction\",\"target\":[\"https:\/\/fadeu.urantiacos.cl\/en\/2022\/03\/21\/victoria-jolly-inauguro-instalacion-en-el-parque-cultural-de-valparaiso\/\"]}]},{\"@type\":\"ImageObject\",\"inLanguage\":\"en-US\",\"@id\":\"https:\/\/fadeu.urantiacos.cl\/en\/2022\/03\/21\/victoria-jolly-inauguro-instalacion-en-el-parque-cultural-de-valparaiso\/#primaryimage\",\"url\":\"https:\/\/fadeu.urantiacos.cl\/wp-content\/uploads\/2023\/09\/WEB_Captura_de_Pantalla_2022-03-21_a_las_09.07.14.png\",\"contentUrl\":\"https:\/\/fadeu.urantiacos.cl\/wp-content\/uploads\/2023\/09\/WEB_Captura_de_Pantalla_2022-03-21_a_las_09.07.14.png\",\"width\":350,\"height\":250},{\"@type\":\"BreadcrumbList\",\"@id\":\"https:\/\/fadeu.urantiacos.cl\/en\/2022\/03\/21\/victoria-jolly-inauguro-instalacion-en-el-parque-cultural-de-valparaiso\/#breadcrumb\",\"itemListElement\":[{\"@type\":\"ListItem\",\"position\":1,\"name\":\"Portada\",\"item\":\"https:\/\/fadeu.urantiacos.cl\/en\/\"},{\"@type\":\"ListItem\",\"position\":2,\"name\":\"Victoria Jolly inaugur\u00f3 instalaci\u00f3n en el Parque Cultural de Valpara\u00edso\"}]},{\"@type\":\"WebSite\",\"@id\":\"https:\/\/fadeu.urantiacos.cl\/en\/#website\",\"url\":\"https:\/\/fadeu.urantiacos.cl\/en\/\",\"name\":\"Facultad de Arquitectura, Dise\u00f1o y Estudios Urbanos\",\"description\":\"Campus Lo Contador\",\"potentialAction\":[{\"@type\":\"SearchAction\",\"target\":{\"@type\":\"EntryPoint\",\"urlTemplate\":\"https:\/\/fadeu.urantiacos.cl\/en\/?s={search_term_string}\"},\"query-input\":{\"@type\":\"PropertyValueSpecification\",\"valueRequired\":true,\"valueName\":\"search_term_string\"}}],\"inLanguage\":\"en-US\"},{\"@type\":\"Person\",\"@id\":\"https:\/\/fadeu.urantiacos.cl\/en\/#\/schema\/person\/d203e2e84b1c40275eac77b3061a19a2\",\"name\":\"manadmin\",\"image\":{\"@type\":\"ImageObject\",\"inLanguage\":\"en-US\",\"@id\":\"https:\/\/fadeu.urantiacos.cl\/en\/#\/schema\/person\/image\/\",\"url\":\"https:\/\/secure.gravatar.com\/avatar\/4b1d8e3303b4a9d8968ac578947d8bc80d9aea359f388cdd4aac15cadc0e8447?s=96&d=mm&r=g\",\"contentUrl\":\"https:\/\/secure.gravatar.com\/avatar\/4b1d8e3303b4a9d8968ac578947d8bc80d9aea359f388cdd4aac15cadc0e8447?s=96&d=mm&r=g\",\"caption\":\"manadmin\"},\"sameAs\":[\"https:\/\/fadeu.urantiacos.cl\"]}]}<\/script>\n<!-- \/ Yoast SEO plugin. -->","yoast_head_json":{"title":"Victoria Jolly inaugur\u00f3 instalaci\u00f3n en el Parque Cultural de Valpara\u00edso - Facultad de Arquitectura, Dise\u00f1o y Estudios Urbanos","description":"La profesora ARQ UC inaugur\u00f3 \"Marga, cavar adentro\" (2022) en la explanada del Parque Cultural de Valpara\u00edso (PCdV), bajo la curator\u00eda de Pedro Donoso. Participaron tambi\u00e9n del proyecto \u2014como parte de su pr\u00e1ctica profesional\u2014 los estudiantes ARQ UC Jorge Morales, Catalina Bascu\u00f1\u00e1n y Benjam\u00edn Santander.","robots":{"index":"index","follow":"follow","max-snippet":"max-snippet:-1","max-image-preview":"max-image-preview:large","max-video-preview":"max-video-preview:-1"},"canonical":"https:\/\/fadeu.urantiacos.cl\/en\/2022\/03\/21\/victoria-jolly-inauguro-instalacion-en-el-parque-cultural-de-valparaiso\/","og_locale":"en_US","og_type":"article","og_title":"Victoria Jolly inaugur\u00f3 instalaci\u00f3n en el Parque Cultural de Valpara\u00edso - Facultad de Arquitectura, Dise\u00f1o y Estudios Urbanos","og_description":"La profesora ARQ UC inaugur\u00f3 \"Marga, cavar adentro\" (2022) en la explanada del Parque Cultural de Valpara\u00edso (PCdV), bajo la curator\u00eda de Pedro Donoso. Participaron tambi\u00e9n del proyecto \u2014como parte de su pr\u00e1ctica profesional\u2014 los estudiantes ARQ UC Jorge Morales, Catalina Bascu\u00f1\u00e1n y Benjam\u00edn Santander.","og_url":"https:\/\/fadeu.urantiacos.cl\/en\/2022\/03\/21\/victoria-jolly-inauguro-instalacion-en-el-parque-cultural-de-valparaiso\/","og_site_name":"Facultad de Arquitectura, Dise\u00f1o y Estudios Urbanos","article_published_time":"2022-03-21T13:41:00+00:00","article_modified_time":"2023-09-06T13:46:39+00:00","og_image":[{"width":350,"height":250,"url":"https:\/\/fadeu.urantiacos.cl\/wp-content\/uploads\/2023\/09\/WEB_Captura_de_Pantalla_2022-03-21_a_las_09.07.14.png","type":"image\/png"}],"author":"manadmin","twitter_card":"summary_large_image","twitter_misc":{"Written by":"manadmin","Est. reading time":"1 minute"},"schema":{"@context":"https:\/\/schema.org","@graph":[{"@type":"Article","@id":"https:\/\/fadeu.urantiacos.cl\/en\/2022\/03\/21\/victoria-jolly-inauguro-instalacion-en-el-parque-cultural-de-valparaiso\/#article","isPartOf":{"@id":"https:\/\/fadeu.urantiacos.cl\/en\/2022\/03\/21\/victoria-jolly-inauguro-instalacion-en-el-parque-cultural-de-valparaiso\/"},"author":{"name":"manadmin","@id":"https:\/\/fadeu.urantiacos.cl\/en\/#\/schema\/person\/d203e2e84b1c40275eac77b3061a19a2"},"headline":"Victoria Jolly inaugur\u00f3 instalaci\u00f3n en el Parque Cultural de Valpara\u00edso","datePublished":"2022-03-21T13:41:00+00:00","dateModified":"2023-09-06T13:46:39+00:00","mainEntityOfPage":{"@id":"https:\/\/fadeu.urantiacos.cl\/en\/2022\/03\/21\/victoria-jolly-inauguro-instalacion-en-el-parque-cultural-de-valparaiso\/"},"wordCount":288,"commentCount":0,"image":{"@id":"https:\/\/fadeu.urantiacos.cl\/en\/2022\/03\/21\/victoria-jolly-inauguro-instalacion-en-el-parque-cultural-de-valparaiso\/#primaryimage"},"thumbnailUrl":"https:\/\/fadeu.urantiacos.cl\/wp-content\/uploads\/2023\/09\/WEB_Captura_de_Pantalla_2022-03-21_a_las_09.07.14.png","articleSection":["Sin categorizar"],"inLanguage":"en-US","potentialAction":[{"@type":"CommentAction","name":"Comment","target":["https:\/\/fadeu.urantiacos.cl\/en\/2022\/03\/21\/victoria-jolly-inauguro-instalacion-en-el-parque-cultural-de-valparaiso\/#respond"]}]},{"@type":"WebPage","@id":"https:\/\/fadeu.urantiacos.cl\/en\/2022\/03\/21\/victoria-jolly-inauguro-instalacion-en-el-parque-cultural-de-valparaiso\/","url":"https:\/\/fadeu.urantiacos.cl\/en\/2022\/03\/21\/victoria-jolly-inauguro-instalacion-en-el-parque-cultural-de-valparaiso\/","name":"Victoria Jolly inaugur\u00f3 instalaci\u00f3n en el Parque Cultural de Valpara\u00edso - Facultad de Arquitectura, Dise\u00f1o y Estudios Urbanos","isPartOf":{"@id":"https:\/\/fadeu.urantiacos.cl\/en\/#website"},"primaryImageOfPage":{"@id":"https:\/\/fadeu.urantiacos.cl\/en\/2022\/03\/21\/victoria-jolly-inauguro-instalacion-en-el-parque-cultural-de-valparaiso\/#primaryimage"},"image":{"@id":"https:\/\/fadeu.urantiacos.cl\/en\/2022\/03\/21\/victoria-jolly-inauguro-instalacion-en-el-parque-cultural-de-valparaiso\/#primaryimage"},"thumbnailUrl":"https:\/\/fadeu.urantiacos.cl\/wp-content\/uploads\/2023\/09\/WEB_Captura_de_Pantalla_2022-03-21_a_las_09.07.14.png","datePublished":"2022-03-21T13:41:00+00:00","dateModified":"2023-09-06T13:46:39+00:00","author":{"@id":"https:\/\/fadeu.urantiacos.cl\/en\/#\/schema\/person\/d203e2e84b1c40275eac77b3061a19a2"},"description":"La profesora ARQ UC inaugur\u00f3 \"Marga, cavar adentro\" (2022) en la explanada del Parque Cultural de Valpara\u00edso (PCdV), bajo la curator\u00eda de Pedro Donoso. Participaron tambi\u00e9n del proyecto \u2014como parte de su pr\u00e1ctica profesional\u2014 los estudiantes ARQ UC Jorge Morales, Catalina Bascu\u00f1\u00e1n y Benjam\u00edn Santander.","breadcrumb":{"@id":"https:\/\/fadeu.urantiacos.cl\/en\/2022\/03\/21\/victoria-jolly-inauguro-instalacion-en-el-parque-cultural-de-valparaiso\/#breadcrumb"},"inLanguage":"en-US","potentialAction":[{"@type":"ReadAction","target":["https:\/\/fadeu.urantiacos.cl\/en\/2022\/03\/21\/victoria-jolly-inauguro-instalacion-en-el-parque-cultural-de-valparaiso\/"]}]},{"@type":"ImageObject","inLanguage":"en-US","@id":"https:\/\/fadeu.urantiacos.cl\/en\/2022\/03\/21\/victoria-jolly-inauguro-instalacion-en-el-parque-cultural-de-valparaiso\/#primaryimage","url":"https:\/\/fadeu.urantiacos.cl\/wp-content\/uploads\/2023\/09\/WEB_Captura_de_Pantalla_2022-03-21_a_las_09.07.14.png","contentUrl":"https:\/\/fadeu.urantiacos.cl\/wp-content\/uploads\/2023\/09\/WEB_Captura_de_Pantalla_2022-03-21_a_las_09.07.14.png","width":350,"height":250},{"@type":"BreadcrumbList","@id":"https:\/\/fadeu.urantiacos.cl\/en\/2022\/03\/21\/victoria-jolly-inauguro-instalacion-en-el-parque-cultural-de-valparaiso\/#breadcrumb","itemListElement":[{"@type":"ListItem","position":1,"name":"Portada","item":"https:\/\/fadeu.urantiacos.cl\/en\/"},{"@type":"ListItem","position":2,"name":"Victoria Jolly inaugur\u00f3 instalaci\u00f3n en el Parque Cultural de Valpara\u00edso"}]},{"@type":"WebSite","@id":"https:\/\/fadeu.urantiacos.cl\/en\/#website","url":"https:\/\/fadeu.urantiacos.cl\/en\/","name":"Facultad de Arquitectura, Dise\u00f1o y Estudios Urbanos","description":"Campus Lo Contador","potentialAction":[{"@type":"SearchAction","target":{"@type":"EntryPoint","urlTemplate":"https:\/\/fadeu.urantiacos.cl\/en\/?s={search_term_string}"},"query-input":{"@type":"PropertyValueSpecification","valueRequired":true,"valueName":"search_term_string"}}],"inLanguage":"en-US"},{"@type":"Person","@id":"https:\/\/fadeu.urantiacos.cl\/en\/#\/schema\/person\/d203e2e84b1c40275eac77b3061a19a2","name":"manadmin","image":{"@type":"ImageObject","inLanguage":"en-US","@id":"https:\/\/fadeu.urantiacos.cl\/en\/#\/schema\/person\/image\/","url":"https:\/\/secure.gravatar.com\/avatar\/4b1d8e3303b4a9d8968ac578947d8bc80d9aea359f388cdd4aac15cadc0e8447?s=96&d=mm&r=g","contentUrl":"https:\/\/secure.gravatar.com\/avatar\/4b1d8e3303b4a9d8968ac578947d8bc80d9aea359f388cdd4aac15cadc0e8447?s=96&d=mm&r=g","caption":"manadmin"},"sameAs":["https:\/\/fadeu.urantiacos.cl"]}]}},"_links":{"self":[{"href":"https:\/\/fadeu.urantiacos.cl\/en\/wp-json\/wp\/v2\/posts\/5335","targetHints":{"allow":["GET"]}}],"collection":[{"href":"https:\/\/fadeu.urantiacos.cl\/en\/wp-json\/wp\/v2\/posts"}],"about":[{"href":"https:\/\/fadeu.urantiacos.cl\/en\/wp-json\/wp\/v2\/types\/post"}],"author":[{"embeddable":true,"href":"https:\/\/fadeu.urantiacos.cl\/en\/wp-json\/wp\/v2\/users\/1"}],"replies":[{"embeddable":true,"href":"https:\/\/fadeu.urantiacos.cl\/en\/wp-json\/wp\/v2\/comments?post=5335"}],"version-history":[{"count":1,"href":"https:\/\/fadeu.urantiacos.cl\/en\/wp-json\/wp\/v2\/posts\/5335\/revisions"}],"predecessor-version":[{"id":5340,"href":"https:\/\/fadeu.urantiacos.cl\/en\/wp-json\/wp\/v2\/posts\/5335\/revisions\/5340"}],"wp:featuredmedia":[{"embeddable":true,"href":"https:\/\/fadeu.urantiacos.cl\/en\/wp-json\/wp\/v2\/media\/5336"}],"wp:attachment":[{"href":"https:\/\/fadeu.urantiacos.cl\/en\/wp-json\/wp\/v2\/media?parent=5335"}],"wp:term":[{"taxonomy":"category","embeddable":true,"href":"https:\/\/fadeu.urantiacos.cl\/en\/wp-json\/wp\/v2\/categories?post=5335"},{"taxonomy":"post_tag","embeddable":true,"href":"https:\/\/fadeu.urantiacos.cl\/en\/wp-json\/wp\/v2\/tags?post=5335"}],"curies":[{"name":"wp","href":"https:\/\/api.w.org\/{rel}","templated":true}]}}