{"id":5332,"date":"2022-03-21T10:40:00","date_gmt":"2022-03-21T13:40:00","guid":{"rendered":"https:\/\/fadeu.urantiacos.cl\/?p=5332"},"modified":"2023-09-06T10:41:39","modified_gmt":"2023-09-06T13:41:39","slug":"los-profesores-andres-villela-y-marcos-chilet-obtienen-premio-a-la-excelencia-docente-pred-2021","status":"publish","type":"post","link":"https:\/\/fadeu.urantiacos.cl\/en\/2022\/03\/21\/los-profesores-andres-villela-y-marcos-chilet-obtienen-premio-a-la-excelencia-docente-pred-2021\/","title":{"rendered":"Los profesores Andr\u00e9s Villela y Marcos Chilet obtienen premio a la Excelencia Docente &#8211; PRED- 2021"},"content":{"rendered":"\n<figure class=\"wp-block-image size-full\"><img decoding=\"async\" width=\"350\" height=\"250\" src=\"https:\/\/fadeu.urantiacos.cl\/wp-content\/uploads\/2023\/09\/WEB_Captura_de_Pantalla_2022-03-21_a_las_11.38.51.png\" alt=\"\" class=\"wp-image-5333\" srcset=\"https:\/\/fadeu.urantiacos.cl\/wp-content\/uploads\/2023\/09\/WEB_Captura_de_Pantalla_2022-03-21_a_las_11.38.51.png 350w, https:\/\/fadeu.urantiacos.cl\/wp-content\/uploads\/2023\/09\/WEB_Captura_de_Pantalla_2022-03-21_a_las_11.38.51-300x214.png 300w\" sizes=\"(max-width: 350px) 100vw, 350px\" \/><\/figure>\n\n\n\n<p><a href=\"https:\/\/diseno.uc.cl\/persona\/villela-andres\/\">Andr\u00e9s Villela,<\/a>&nbsp;Subdirector Acad\u00e9mico de Dise\u00f1o UC y&nbsp;<a href=\"https:\/\/diseno.uc.cl\/persona\/chilet-marcos\/\">Marcos Chilet<\/a>, acad\u00e9mico de la Escuela, fueron honrados con el Premio a la Excelencia Docente 2021, reconocimiento que llega desde la Vicerrector\u00eda Acad\u00e9mica y que se entrega con el fin de impulsar mejoras en el \u00e1mbito docente.&nbsp;\u201cLa docencia es un eje articulador de las instituciones universitarias, y como tal debe ser reconocida y destacada como una actividad profesional y acad\u00e9mica de alto nivel\u201d.<\/p>\n\n\n\n<p>La selecci\u00f3n de los postulantes se da a trav\u00e9s de los Comit\u00e9s Curriculares, donde participan autoridades, profesores y estudiantes, y constituyen la instancia adecuada para recibir o identificar los nombres de docentes de pregrado que se destacan en las distintas Unidades Acad\u00e9micas, y son quienes proponen los candidatos al PRED.<\/p>\n\n\n\n<p>Los premiados<\/p>\n\n\n\n<p><a href=\"https:\/\/diseno.uc.cl\/persona\/villela-andres\/\">Andr\u00e9s Villela<\/a>, es profesor asistente&nbsp;y&nbsp;Subdirector Acad\u00e9mico.&nbsp;Adem\u00e1s es Dise\u00f1ador&nbsp;de la Universidad Cat\u00f3lica de Chile y&nbsp;M\u00e1ster in Business Innovation, Universitat de Girona.<\/p>\n\n\n\n<p>En los \u00faltimos a\u00f1os ha trabajado en el Taller Integrado de Dise\u00f1o Estrat\u00e9gico (TIDE), liderando el trabajo con contrapartes empresariales, y el modelo de Aprendizaje y Servicio (A+S), vinculado con importantes instituciones y socios comunitarios, adem\u00e1s de guiar proyectos de t\u00edtulo y colaborar con diplomados de educaci\u00f3n continua.<\/p>\n\n\n\n<p><a href=\"https:\/\/diseno.uc.cl\/persona\/chilet-marcos\/\">Marcos Chilet<\/a>, es&nbsp;profesor adjunto.&nbsp;Dise\u00f1ador&nbsp;de la Universidad Cat\u00f3lica y&nbsp;Licenciado en Artes Visuales&nbsp;de la Universidad de Chile.&nbsp;Master of Arts, University of London, Goldsmith College.&nbsp;Interactive Media &amp; Critical Media<\/p>\n\n\n\n<p>Marcos es profesor de la Escuela de Dise\u00f1o, actualmente dicta cursos de pregrado en Teor\u00eda de la Comunicaci\u00f3n, Taller de cuarto a\u00f1o, adem\u00e1s de Seminario de Titulaci\u00f3n. Imparte el curso \u2018Prototipos Mediales\u2019 en el programa de Magister de Dise\u00f1o Avanzado (MADA) de la Escuela.<\/p>\n\n\n\n<p>INFORMACI\u00d3N PERIOD\u00cdSTICA<br>ESCUELA DE DISE\u00d1O UC<\/p>\n","protected":false},"excerpt":{"rendered":"<p>El reconocimiento, entregado por la UC a trav\u00e9s de la Vicerrector\u00eda Acad\u00e9mica, reconoce adem\u00e1s de la entrega y compromiso con los estudiantes; la innovaci\u00f3n aplicada en las pr\u00e1cticas docentes de los profesores.<\/p>\n","protected":false},"author":1,"featured_media":5333,"comment_status":"open","ping_status":"open","sticky":false,"template":"","format":"standard","meta":{"_acf_changed":false,"footnotes":""},"categories":[1],"tags":[],"class_list":["post-5332","post","type-post","status-publish","format-standard","has-post-thumbnail","hentry","category-sin-categorizar"],"acf":[],"yoast_head":"<!-- This site is optimized with the Yoast SEO plugin v27.1.1 - https:\/\/yoast.com\/product\/yoast-seo-wordpress\/ -->\n<title>Los profesores Andr\u00e9s Villela y Marcos Chilet obtienen premio a la Excelencia Docente - PRED- 2021 - Facultad de Arquitectura, Dise\u00f1o y Estudios Urbanos<\/title>\n<meta name=\"description\" content=\"El reconocimiento, entregado por la UC a trav\u00e9s de la Vicerrector\u00eda Acad\u00e9mica, reconoce adem\u00e1s de la entrega y compromiso con los estudiantes; la innovaci\u00f3n aplicada en las pr\u00e1cticas docentes de los profesores.\" \/>\n<meta name=\"robots\" content=\"index, follow, max-snippet:-1, max-image-preview:large, max-video-preview:-1\" \/>\n<link rel=\"canonical\" href=\"https:\/\/fadeu.urantiacos.cl\/en\/2022\/03\/21\/los-profesores-andres-villela-y-marcos-chilet-obtienen-premio-a-la-excelencia-docente-pred-2021\/\" \/>\n<meta property=\"og:locale\" content=\"en_US\" \/>\n<meta property=\"og:type\" content=\"article\" \/>\n<meta property=\"og:title\" content=\"Los profesores Andr\u00e9s Villela y Marcos Chilet obtienen premio a la Excelencia Docente - PRED- 2021 - Facultad de Arquitectura, Dise\u00f1o y Estudios Urbanos\" \/>\n<meta property=\"og:description\" content=\"El reconocimiento, entregado por la UC a trav\u00e9s de la Vicerrector\u00eda Acad\u00e9mica, reconoce adem\u00e1s de la entrega y compromiso con los estudiantes; la innovaci\u00f3n aplicada en las pr\u00e1cticas docentes de los profesores.\" \/>\n<meta property=\"og:url\" content=\"https:\/\/fadeu.urantiacos.cl\/en\/2022\/03\/21\/los-profesores-andres-villela-y-marcos-chilet-obtienen-premio-a-la-excelencia-docente-pred-2021\/\" \/>\n<meta property=\"og:site_name\" content=\"Facultad de Arquitectura, Dise\u00f1o y Estudios Urbanos\" \/>\n<meta property=\"article:published_time\" content=\"2022-03-21T13:40:00+00:00\" \/>\n<meta property=\"article:modified_time\" content=\"2023-09-06T13:41:39+00:00\" \/>\n<meta property=\"og:image\" content=\"https:\/\/fadeu.urantiacos.cl\/wp-content\/uploads\/2023\/09\/WEB_Captura_de_Pantalla_2022-03-21_a_las_11.38.51.png\" \/>\n\t<meta property=\"og:image:width\" content=\"350\" \/>\n\t<meta property=\"og:image:height\" content=\"250\" \/>\n\t<meta property=\"og:image:type\" content=\"image\/png\" \/>\n<meta name=\"author\" content=\"manadmin\" \/>\n<meta name=\"twitter:card\" content=\"summary_large_image\" \/>\n<meta name=\"twitter:label1\" content=\"Written by\" \/>\n\t<meta name=\"twitter:data1\" content=\"manadmin\" \/>\n\t<meta name=\"twitter:label2\" content=\"Est. reading time\" \/>\n\t<meta name=\"twitter:data2\" content=\"2 minutes\" \/>\n<script type=\"application\/ld+json\" class=\"yoast-schema-graph\">{\"@context\":\"https:\/\/schema.org\",\"@graph\":[{\"@type\":\"Article\",\"@id\":\"https:\/\/fadeu.urantiacos.cl\/en\/2022\/03\/21\/los-profesores-andres-villela-y-marcos-chilet-obtienen-premio-a-la-excelencia-docente-pred-2021\/#article\",\"isPartOf\":{\"@id\":\"https:\/\/fadeu.urantiacos.cl\/en\/2022\/03\/21\/los-profesores-andres-villela-y-marcos-chilet-obtienen-premio-a-la-excelencia-docente-pred-2021\/\"},\"author\":{\"name\":\"manadmin\",\"@id\":\"https:\/\/fadeu.urantiacos.cl\/en\/#\/schema\/person\/d203e2e84b1c40275eac77b3061a19a2\"},\"headline\":\"Los profesores Andr\u00e9s Villela y Marcos Chilet obtienen premio a la Excelencia Docente &#8211; PRED- 2021\",\"datePublished\":\"2022-03-21T13:40:00+00:00\",\"dateModified\":\"2023-09-06T13:41:39+00:00\",\"mainEntityOfPage\":{\"@id\":\"https:\/\/fadeu.urantiacos.cl\/en\/2022\/03\/21\/los-profesores-andres-villela-y-marcos-chilet-obtienen-premio-a-la-excelencia-docente-pred-2021\/\"},\"wordCount\":345,\"commentCount\":0,\"image\":{\"@id\":\"https:\/\/fadeu.urantiacos.cl\/en\/2022\/03\/21\/los-profesores-andres-villela-y-marcos-chilet-obtienen-premio-a-la-excelencia-docente-pred-2021\/#primaryimage\"},\"thumbnailUrl\":\"https:\/\/fadeu.urantiacos.cl\/wp-content\/uploads\/2023\/09\/WEB_Captura_de_Pantalla_2022-03-21_a_las_11.38.51.png\",\"articleSection\":[\"Sin categorizar\"],\"inLanguage\":\"en-US\",\"potentialAction\":[{\"@type\":\"CommentAction\",\"name\":\"Comment\",\"target\":[\"https:\/\/fadeu.urantiacos.cl\/en\/2022\/03\/21\/los-profesores-andres-villela-y-marcos-chilet-obtienen-premio-a-la-excelencia-docente-pred-2021\/#respond\"]}]},{\"@type\":\"WebPage\",\"@id\":\"https:\/\/fadeu.urantiacos.cl\/en\/2022\/03\/21\/los-profesores-andres-villela-y-marcos-chilet-obtienen-premio-a-la-excelencia-docente-pred-2021\/\",\"url\":\"https:\/\/fadeu.urantiacos.cl\/en\/2022\/03\/21\/los-profesores-andres-villela-y-marcos-chilet-obtienen-premio-a-la-excelencia-docente-pred-2021\/\",\"name\":\"Los profesores Andr\u00e9s Villela y Marcos Chilet obtienen premio a la Excelencia Docente - PRED- 2021 - Facultad de Arquitectura, Dise\u00f1o y Estudios Urbanos\",\"isPartOf\":{\"@id\":\"https:\/\/fadeu.urantiacos.cl\/en\/#website\"},\"primaryImageOfPage\":{\"@id\":\"https:\/\/fadeu.urantiacos.cl\/en\/2022\/03\/21\/los-profesores-andres-villela-y-marcos-chilet-obtienen-premio-a-la-excelencia-docente-pred-2021\/#primaryimage\"},\"image\":{\"@id\":\"https:\/\/fadeu.urantiacos.cl\/en\/2022\/03\/21\/los-profesores-andres-villela-y-marcos-chilet-obtienen-premio-a-la-excelencia-docente-pred-2021\/#primaryimage\"},\"thumbnailUrl\":\"https:\/\/fadeu.urantiacos.cl\/wp-content\/uploads\/2023\/09\/WEB_Captura_de_Pantalla_2022-03-21_a_las_11.38.51.png\",\"datePublished\":\"2022-03-21T13:40:00+00:00\",\"dateModified\":\"2023-09-06T13:41:39+00:00\",\"author\":{\"@id\":\"https:\/\/fadeu.urantiacos.cl\/en\/#\/schema\/person\/d203e2e84b1c40275eac77b3061a19a2\"},\"description\":\"El reconocimiento, entregado por la UC a trav\u00e9s de la Vicerrector\u00eda Acad\u00e9mica, reconoce adem\u00e1s de la entrega y compromiso con los estudiantes; la innovaci\u00f3n aplicada en las pr\u00e1cticas docentes de los profesores.\",\"breadcrumb\":{\"@id\":\"https:\/\/fadeu.urantiacos.cl\/en\/2022\/03\/21\/los-profesores-andres-villela-y-marcos-chilet-obtienen-premio-a-la-excelencia-docente-pred-2021\/#breadcrumb\"},\"inLanguage\":\"en-US\",\"potentialAction\":[{\"@type\":\"ReadAction\",\"target\":[\"https:\/\/fadeu.urantiacos.cl\/en\/2022\/03\/21\/los-profesores-andres-villela-y-marcos-chilet-obtienen-premio-a-la-excelencia-docente-pred-2021\/\"]}]},{\"@type\":\"ImageObject\",\"inLanguage\":\"en-US\",\"@id\":\"https:\/\/fadeu.urantiacos.cl\/en\/2022\/03\/21\/los-profesores-andres-villela-y-marcos-chilet-obtienen-premio-a-la-excelencia-docente-pred-2021\/#primaryimage\",\"url\":\"https:\/\/fadeu.urantiacos.cl\/wp-content\/uploads\/2023\/09\/WEB_Captura_de_Pantalla_2022-03-21_a_las_11.38.51.png\",\"contentUrl\":\"https:\/\/fadeu.urantiacos.cl\/wp-content\/uploads\/2023\/09\/WEB_Captura_de_Pantalla_2022-03-21_a_las_11.38.51.png\",\"width\":350,\"height\":250},{\"@type\":\"BreadcrumbList\",\"@id\":\"https:\/\/fadeu.urantiacos.cl\/en\/2022\/03\/21\/los-profesores-andres-villela-y-marcos-chilet-obtienen-premio-a-la-excelencia-docente-pred-2021\/#breadcrumb\",\"itemListElement\":[{\"@type\":\"ListItem\",\"position\":1,\"name\":\"Portada\",\"item\":\"https:\/\/fadeu.urantiacos.cl\/en\/\"},{\"@type\":\"ListItem\",\"position\":2,\"name\":\"Los profesores Andr\u00e9s Villela y Marcos Chilet obtienen premio a la Excelencia Docente &#8211; PRED- 2021\"}]},{\"@type\":\"WebSite\",\"@id\":\"https:\/\/fadeu.urantiacos.cl\/en\/#website\",\"url\":\"https:\/\/fadeu.urantiacos.cl\/en\/\",\"name\":\"Facultad de Arquitectura, Dise\u00f1o y Estudios Urbanos\",\"description\":\"Campus Lo Contador\",\"potentialAction\":[{\"@type\":\"SearchAction\",\"target\":{\"@type\":\"EntryPoint\",\"urlTemplate\":\"https:\/\/fadeu.urantiacos.cl\/en\/?s={search_term_string}\"},\"query-input\":{\"@type\":\"PropertyValueSpecification\",\"valueRequired\":true,\"valueName\":\"search_term_string\"}}],\"inLanguage\":\"en-US\"},{\"@type\":\"Person\",\"@id\":\"https:\/\/fadeu.urantiacos.cl\/en\/#\/schema\/person\/d203e2e84b1c40275eac77b3061a19a2\",\"name\":\"manadmin\",\"image\":{\"@type\":\"ImageObject\",\"inLanguage\":\"en-US\",\"@id\":\"https:\/\/fadeu.urantiacos.cl\/en\/#\/schema\/person\/image\/\",\"url\":\"https:\/\/secure.gravatar.com\/avatar\/4b1d8e3303b4a9d8968ac578947d8bc80d9aea359f388cdd4aac15cadc0e8447?s=96&d=mm&r=g\",\"contentUrl\":\"https:\/\/secure.gravatar.com\/avatar\/4b1d8e3303b4a9d8968ac578947d8bc80d9aea359f388cdd4aac15cadc0e8447?s=96&d=mm&r=g\",\"caption\":\"manadmin\"},\"sameAs\":[\"https:\/\/fadeu.urantiacos.cl\"]}]}<\/script>\n<!-- \/ Yoast SEO plugin. -->","yoast_head_json":{"title":"Los profesores Andr\u00e9s Villela y Marcos Chilet obtienen premio a la Excelencia Docente - PRED- 2021 - Facultad de Arquitectura, Dise\u00f1o y Estudios Urbanos","description":"El reconocimiento, entregado por la UC a trav\u00e9s de la Vicerrector\u00eda Acad\u00e9mica, reconoce adem\u00e1s de la entrega y compromiso con los estudiantes; la innovaci\u00f3n aplicada en las pr\u00e1cticas docentes de los profesores.","robots":{"index":"index","follow":"follow","max-snippet":"max-snippet:-1","max-image-preview":"max-image-preview:large","max-video-preview":"max-video-preview:-1"},"canonical":"https:\/\/fadeu.urantiacos.cl\/en\/2022\/03\/21\/los-profesores-andres-villela-y-marcos-chilet-obtienen-premio-a-la-excelencia-docente-pred-2021\/","og_locale":"en_US","og_type":"article","og_title":"Los profesores Andr\u00e9s Villela y Marcos Chilet obtienen premio a la Excelencia Docente - PRED- 2021 - Facultad de Arquitectura, Dise\u00f1o y Estudios Urbanos","og_description":"El reconocimiento, entregado por la UC a trav\u00e9s de la Vicerrector\u00eda Acad\u00e9mica, reconoce adem\u00e1s de la entrega y compromiso con los estudiantes; la innovaci\u00f3n aplicada en las pr\u00e1cticas docentes de los profesores.","og_url":"https:\/\/fadeu.urantiacos.cl\/en\/2022\/03\/21\/los-profesores-andres-villela-y-marcos-chilet-obtienen-premio-a-la-excelencia-docente-pred-2021\/","og_site_name":"Facultad de Arquitectura, Dise\u00f1o y Estudios Urbanos","article_published_time":"2022-03-21T13:40:00+00:00","article_modified_time":"2023-09-06T13:41:39+00:00","og_image":[{"width":350,"height":250,"url":"https:\/\/fadeu.urantiacos.cl\/wp-content\/uploads\/2023\/09\/WEB_Captura_de_Pantalla_2022-03-21_a_las_11.38.51.png","type":"image\/png"}],"author":"manadmin","twitter_card":"summary_large_image","twitter_misc":{"Written by":"manadmin","Est. reading time":"2 minutes"},"schema":{"@context":"https:\/\/schema.org","@graph":[{"@type":"Article","@id":"https:\/\/fadeu.urantiacos.cl\/en\/2022\/03\/21\/los-profesores-andres-villela-y-marcos-chilet-obtienen-premio-a-la-excelencia-docente-pred-2021\/#article","isPartOf":{"@id":"https:\/\/fadeu.urantiacos.cl\/en\/2022\/03\/21\/los-profesores-andres-villela-y-marcos-chilet-obtienen-premio-a-la-excelencia-docente-pred-2021\/"},"author":{"name":"manadmin","@id":"https:\/\/fadeu.urantiacos.cl\/en\/#\/schema\/person\/d203e2e84b1c40275eac77b3061a19a2"},"headline":"Los profesores Andr\u00e9s Villela y Marcos Chilet obtienen premio a la Excelencia Docente &#8211; PRED- 2021","datePublished":"2022-03-21T13:40:00+00:00","dateModified":"2023-09-06T13:41:39+00:00","mainEntityOfPage":{"@id":"https:\/\/fadeu.urantiacos.cl\/en\/2022\/03\/21\/los-profesores-andres-villela-y-marcos-chilet-obtienen-premio-a-la-excelencia-docente-pred-2021\/"},"wordCount":345,"commentCount":0,"image":{"@id":"https:\/\/fadeu.urantiacos.cl\/en\/2022\/03\/21\/los-profesores-andres-villela-y-marcos-chilet-obtienen-premio-a-la-excelencia-docente-pred-2021\/#primaryimage"},"thumbnailUrl":"https:\/\/fadeu.urantiacos.cl\/wp-content\/uploads\/2023\/09\/WEB_Captura_de_Pantalla_2022-03-21_a_las_11.38.51.png","articleSection":["Sin categorizar"],"inLanguage":"en-US","potentialAction":[{"@type":"CommentAction","name":"Comment","target":["https:\/\/fadeu.urantiacos.cl\/en\/2022\/03\/21\/los-profesores-andres-villela-y-marcos-chilet-obtienen-premio-a-la-excelencia-docente-pred-2021\/#respond"]}]},{"@type":"WebPage","@id":"https:\/\/fadeu.urantiacos.cl\/en\/2022\/03\/21\/los-profesores-andres-villela-y-marcos-chilet-obtienen-premio-a-la-excelencia-docente-pred-2021\/","url":"https:\/\/fadeu.urantiacos.cl\/en\/2022\/03\/21\/los-profesores-andres-villela-y-marcos-chilet-obtienen-premio-a-la-excelencia-docente-pred-2021\/","name":"Los profesores Andr\u00e9s Villela y Marcos Chilet obtienen premio a la Excelencia Docente - PRED- 2021 - Facultad de Arquitectura, Dise\u00f1o y Estudios Urbanos","isPartOf":{"@id":"https:\/\/fadeu.urantiacos.cl\/en\/#website"},"primaryImageOfPage":{"@id":"https:\/\/fadeu.urantiacos.cl\/en\/2022\/03\/21\/los-profesores-andres-villela-y-marcos-chilet-obtienen-premio-a-la-excelencia-docente-pred-2021\/#primaryimage"},"image":{"@id":"https:\/\/fadeu.urantiacos.cl\/en\/2022\/03\/21\/los-profesores-andres-villela-y-marcos-chilet-obtienen-premio-a-la-excelencia-docente-pred-2021\/#primaryimage"},"thumbnailUrl":"https:\/\/fadeu.urantiacos.cl\/wp-content\/uploads\/2023\/09\/WEB_Captura_de_Pantalla_2022-03-21_a_las_11.38.51.png","datePublished":"2022-03-21T13:40:00+00:00","dateModified":"2023-09-06T13:41:39+00:00","author":{"@id":"https:\/\/fadeu.urantiacos.cl\/en\/#\/schema\/person\/d203e2e84b1c40275eac77b3061a19a2"},"description":"El reconocimiento, entregado por la UC a trav\u00e9s de la Vicerrector\u00eda Acad\u00e9mica, reconoce adem\u00e1s de la entrega y compromiso con los estudiantes; la innovaci\u00f3n aplicada en las pr\u00e1cticas docentes de los profesores.","breadcrumb":{"@id":"https:\/\/fadeu.urantiacos.cl\/en\/2022\/03\/21\/los-profesores-andres-villela-y-marcos-chilet-obtienen-premio-a-la-excelencia-docente-pred-2021\/#breadcrumb"},"inLanguage":"en-US","potentialAction":[{"@type":"ReadAction","target":["https:\/\/fadeu.urantiacos.cl\/en\/2022\/03\/21\/los-profesores-andres-villela-y-marcos-chilet-obtienen-premio-a-la-excelencia-docente-pred-2021\/"]}]},{"@type":"ImageObject","inLanguage":"en-US","@id":"https:\/\/fadeu.urantiacos.cl\/en\/2022\/03\/21\/los-profesores-andres-villela-y-marcos-chilet-obtienen-premio-a-la-excelencia-docente-pred-2021\/#primaryimage","url":"https:\/\/fadeu.urantiacos.cl\/wp-content\/uploads\/2023\/09\/WEB_Captura_de_Pantalla_2022-03-21_a_las_11.38.51.png","contentUrl":"https:\/\/fadeu.urantiacos.cl\/wp-content\/uploads\/2023\/09\/WEB_Captura_de_Pantalla_2022-03-21_a_las_11.38.51.png","width":350,"height":250},{"@type":"BreadcrumbList","@id":"https:\/\/fadeu.urantiacos.cl\/en\/2022\/03\/21\/los-profesores-andres-villela-y-marcos-chilet-obtienen-premio-a-la-excelencia-docente-pred-2021\/#breadcrumb","itemListElement":[{"@type":"ListItem","position":1,"name":"Portada","item":"https:\/\/fadeu.urantiacos.cl\/en\/"},{"@type":"ListItem","position":2,"name":"Los profesores Andr\u00e9s Villela y Marcos Chilet obtienen premio a la Excelencia Docente &#8211; PRED- 2021"}]},{"@type":"WebSite","@id":"https:\/\/fadeu.urantiacos.cl\/en\/#website","url":"https:\/\/fadeu.urantiacos.cl\/en\/","name":"Facultad de Arquitectura, Dise\u00f1o y Estudios Urbanos","description":"Campus Lo Contador","potentialAction":[{"@type":"SearchAction","target":{"@type":"EntryPoint","urlTemplate":"https:\/\/fadeu.urantiacos.cl\/en\/?s={search_term_string}"},"query-input":{"@type":"PropertyValueSpecification","valueRequired":true,"valueName":"search_term_string"}}],"inLanguage":"en-US"},{"@type":"Person","@id":"https:\/\/fadeu.urantiacos.cl\/en\/#\/schema\/person\/d203e2e84b1c40275eac77b3061a19a2","name":"manadmin","image":{"@type":"ImageObject","inLanguage":"en-US","@id":"https:\/\/fadeu.urantiacos.cl\/en\/#\/schema\/person\/image\/","url":"https:\/\/secure.gravatar.com\/avatar\/4b1d8e3303b4a9d8968ac578947d8bc80d9aea359f388cdd4aac15cadc0e8447?s=96&d=mm&r=g","contentUrl":"https:\/\/secure.gravatar.com\/avatar\/4b1d8e3303b4a9d8968ac578947d8bc80d9aea359f388cdd4aac15cadc0e8447?s=96&d=mm&r=g","caption":"manadmin"},"sameAs":["https:\/\/fadeu.urantiacos.cl"]}]}},"_links":{"self":[{"href":"https:\/\/fadeu.urantiacos.cl\/en\/wp-json\/wp\/v2\/posts\/5332","targetHints":{"allow":["GET"]}}],"collection":[{"href":"https:\/\/fadeu.urantiacos.cl\/en\/wp-json\/wp\/v2\/posts"}],"about":[{"href":"https:\/\/fadeu.urantiacos.cl\/en\/wp-json\/wp\/v2\/types\/post"}],"author":[{"embeddable":true,"href":"https:\/\/fadeu.urantiacos.cl\/en\/wp-json\/wp\/v2\/users\/1"}],"replies":[{"embeddable":true,"href":"https:\/\/fadeu.urantiacos.cl\/en\/wp-json\/wp\/v2\/comments?post=5332"}],"version-history":[{"count":1,"href":"https:\/\/fadeu.urantiacos.cl\/en\/wp-json\/wp\/v2\/posts\/5332\/revisions"}],"predecessor-version":[{"id":5334,"href":"https:\/\/fadeu.urantiacos.cl\/en\/wp-json\/wp\/v2\/posts\/5332\/revisions\/5334"}],"wp:featuredmedia":[{"embeddable":true,"href":"https:\/\/fadeu.urantiacos.cl\/en\/wp-json\/wp\/v2\/media\/5333"}],"wp:attachment":[{"href":"https:\/\/fadeu.urantiacos.cl\/en\/wp-json\/wp\/v2\/media?parent=5332"}],"wp:term":[{"taxonomy":"category","embeddable":true,"href":"https:\/\/fadeu.urantiacos.cl\/en\/wp-json\/wp\/v2\/categories?post=5332"},{"taxonomy":"post_tag","embeddable":true,"href":"https:\/\/fadeu.urantiacos.cl\/en\/wp-json\/wp\/v2\/tags?post=5332"}],"curies":[{"name":"wp","href":"https:\/\/api.w.org\/{rel}","templated":true}]}}