{"id":5328,"date":"2022-03-22T10:38:00","date_gmt":"2022-03-22T13:38:00","guid":{"rendered":"https:\/\/fadeu.urantiacos.cl\/?p=5328"},"modified":"2023-09-06T10:40:05","modified_gmt":"2023-09-06T13:40:05","slug":"inauguracion-ano-academico-mada","status":"publish","type":"post","link":"https:\/\/fadeu.urantiacos.cl\/en\/2022\/03\/22\/inauguracion-ano-academico-mada\/","title":{"rendered":"Inauguraci\u00f3n a\u00f1o acad\u00e9mico MADA"},"content":{"rendered":"\n<figure class=\"wp-block-image size-full\"><img decoding=\"async\" width=\"350\" height=\"250\" src=\"https:\/\/fadeu.urantiacos.cl\/wp-content\/uploads\/2023\/09\/web_WhatsApp_Image_2022-03-21_at_10.20.21_1_1.jpg\" alt=\"\" class=\"wp-image-5329\" srcset=\"https:\/\/fadeu.urantiacos.cl\/wp-content\/uploads\/2023\/09\/web_WhatsApp_Image_2022-03-21_at_10.20.21_1_1.jpg 350w, https:\/\/fadeu.urantiacos.cl\/wp-content\/uploads\/2023\/09\/web_WhatsApp_Image_2022-03-21_at_10.20.21_1_1-300x214.jpg 300w\" sizes=\"(max-width: 350px) 100vw, 350px\" \/><\/figure>\n\n\n\n<p>En esta ocasi\u00f3n particip\u00f3 el Decano de la Facultad, Mario Ubilla; el director de la Escuela de Dise\u00f1o, se\u00f1or Rodrigo Ramirez y&nbsp; profesores y estudiantes del programa.<\/p>\n\n\n\n<p>Como es tradicional en esta bienvenida, un experto en un \u00e1rea de avanzada, realiza una Charla Magistral,\u00a0que en esta ocasi\u00f3n estuvo a cargo del profesor Douglas Leonard, que es\u00a0Ingeniero El\u00e9ctrico UCV, menci\u00f3n iluminaci\u00f3n y Postgrado en Iluminaci\u00f3n Vial. El profesor Leonard\u00a0 expuso\u00a0como la reciente evoluci\u00f3n de las tecnolog\u00edas LED, extendieron los l\u00edmites de la iluminaci\u00f3n, llev\u00e1ndola m\u00e1s all\u00e1 de los \u00e1mbitos tradicionales, cambiando el paradigma de lo que entendemos hoy como Iluminaci\u00f3n.<\/p>\n\n\n\n<figure class=\"wp-block-image size-full\"><img decoding=\"async\" width=\"1024\" height=\"768\" src=\"https:\/\/fadeu.urantiacos.cl\/wp-content\/uploads\/2023\/09\/WhatsApp_Image_2022-03-21_at_10.20.21_1_1.jpeg\" alt=\"\" class=\"wp-image-5330\" srcset=\"https:\/\/fadeu.urantiacos.cl\/wp-content\/uploads\/2023\/09\/WhatsApp_Image_2022-03-21_at_10.20.21_1_1.jpeg 1024w, https:\/\/fadeu.urantiacos.cl\/wp-content\/uploads\/2023\/09\/WhatsApp_Image_2022-03-21_at_10.20.21_1_1-300x225.jpeg 300w, https:\/\/fadeu.urantiacos.cl\/wp-content\/uploads\/2023\/09\/WhatsApp_Image_2022-03-21_at_10.20.21_1_1-768x576.jpeg 768w\" sizes=\"(max-width: 1024px) 100vw, 1024px\" \/><\/figure>\n","protected":false},"excerpt":{"rendered":"<p>El viernes 18 de marzo pasado, se realiz\u00f3 la bienvenida de los nuevos estudiantes MADA, promoci\u00f3n 1\u00b0 semestre 2022, esta celebraci\u00f3n tuvo un especial sentido debido a que es la primera realizada de manera presencial despu\u00e9s de 2 a\u00f1os de pandemia, y porque volvieron a ingresar estudiantes extranjeros.<\/p>\n","protected":false},"author":1,"featured_media":5329,"comment_status":"open","ping_status":"open","sticky":false,"template":"","format":"standard","meta":{"_acf_changed":false,"footnotes":""},"categories":[1],"tags":[],"class_list":["post-5328","post","type-post","status-publish","format-standard","has-post-thumbnail","hentry","category-sin-categorizar"],"acf":[],"yoast_head":"<!-- This site is optimized with the Yoast SEO plugin v27.1.1 - https:\/\/yoast.com\/product\/yoast-seo-wordpress\/ -->\n<title>Inauguraci\u00f3n a\u00f1o acad\u00e9mico MADA - Facultad de Arquitectura, Dise\u00f1o y Estudios Urbanos<\/title>\n<meta name=\"description\" content=\"El viernes 18 de marzo pasado, se realiz\u00f3 la bienvenida de los nuevos estudiantes MADA, promoci\u00f3n 1\u00b0 semestre 2022, esta celebraci\u00f3n tuvo un especial sentido debido a que es la primera realizada de manera presencial despu\u00e9s de 2 a\u00f1os de pandemia, y porque volvieron a ingresar estudiantes extranjeros.\" \/>\n<meta name=\"robots\" content=\"index, follow, max-snippet:-1, max-image-preview:large, max-video-preview:-1\" \/>\n<link rel=\"canonical\" href=\"https:\/\/fadeu.urantiacos.cl\/en\/2022\/03\/22\/inauguracion-ano-academico-mada\/\" \/>\n<meta property=\"og:locale\" content=\"en_US\" \/>\n<meta property=\"og:type\" content=\"article\" \/>\n<meta property=\"og:title\" content=\"Inauguraci\u00f3n a\u00f1o acad\u00e9mico MADA - Facultad de Arquitectura, Dise\u00f1o y Estudios Urbanos\" \/>\n<meta property=\"og:description\" content=\"El viernes 18 de marzo pasado, se realiz\u00f3 la bienvenida de los nuevos estudiantes MADA, promoci\u00f3n 1\u00b0 semestre 2022, esta celebraci\u00f3n tuvo un especial sentido debido a que es la primera realizada de manera presencial despu\u00e9s de 2 a\u00f1os de pandemia, y porque volvieron a ingresar estudiantes extranjeros.\" \/>\n<meta property=\"og:url\" content=\"https:\/\/fadeu.urantiacos.cl\/en\/2022\/03\/22\/inauguracion-ano-academico-mada\/\" \/>\n<meta property=\"og:site_name\" content=\"Facultad de Arquitectura, Dise\u00f1o y Estudios Urbanos\" \/>\n<meta property=\"article:published_time\" content=\"2022-03-22T13:38:00+00:00\" \/>\n<meta property=\"article:modified_time\" content=\"2023-09-06T13:40:05+00:00\" \/>\n<meta property=\"og:image\" content=\"https:\/\/fadeu.urantiacos.cl\/wp-content\/uploads\/2023\/09\/web_WhatsApp_Image_2022-03-21_at_10.20.21_1_1.jpg\" \/>\n\t<meta property=\"og:image:width\" content=\"350\" \/>\n\t<meta property=\"og:image:height\" content=\"250\" \/>\n\t<meta property=\"og:image:type\" content=\"image\/jpeg\" \/>\n<meta name=\"author\" content=\"manadmin\" \/>\n<meta name=\"twitter:card\" content=\"summary_large_image\" \/>\n<meta name=\"twitter:label1\" content=\"Written by\" \/>\n\t<meta name=\"twitter:data1\" content=\"manadmin\" \/>\n\t<meta name=\"twitter:label2\" content=\"Est. reading time\" \/>\n\t<meta name=\"twitter:data2\" content=\"1 minute\" \/>\n<script type=\"application\/ld+json\" class=\"yoast-schema-graph\">{\"@context\":\"https:\/\/schema.org\",\"@graph\":[{\"@type\":\"Article\",\"@id\":\"https:\/\/fadeu.urantiacos.cl\/en\/2022\/03\/22\/inauguracion-ano-academico-mada\/#article\",\"isPartOf\":{\"@id\":\"https:\/\/fadeu.urantiacos.cl\/en\/2022\/03\/22\/inauguracion-ano-academico-mada\/\"},\"author\":{\"name\":\"manadmin\",\"@id\":\"https:\/\/fadeu.urantiacos.cl\/en\/#\/schema\/person\/d203e2e84b1c40275eac77b3061a19a2\"},\"headline\":\"Inauguraci\u00f3n a\u00f1o acad\u00e9mico MADA\",\"datePublished\":\"2022-03-22T13:38:00+00:00\",\"dateModified\":\"2023-09-06T13:40:05+00:00\",\"mainEntityOfPage\":{\"@id\":\"https:\/\/fadeu.urantiacos.cl\/en\/2022\/03\/22\/inauguracion-ano-academico-mada\/\"},\"wordCount\":125,\"commentCount\":0,\"image\":{\"@id\":\"https:\/\/fadeu.urantiacos.cl\/en\/2022\/03\/22\/inauguracion-ano-academico-mada\/#primaryimage\"},\"thumbnailUrl\":\"https:\/\/fadeu.urantiacos.cl\/wp-content\/uploads\/2023\/09\/web_WhatsApp_Image_2022-03-21_at_10.20.21_1_1.jpg\",\"articleSection\":[\"Sin categorizar\"],\"inLanguage\":\"en-US\",\"potentialAction\":[{\"@type\":\"CommentAction\",\"name\":\"Comment\",\"target\":[\"https:\/\/fadeu.urantiacos.cl\/en\/2022\/03\/22\/inauguracion-ano-academico-mada\/#respond\"]}]},{\"@type\":\"WebPage\",\"@id\":\"https:\/\/fadeu.urantiacos.cl\/en\/2022\/03\/22\/inauguracion-ano-academico-mada\/\",\"url\":\"https:\/\/fadeu.urantiacos.cl\/en\/2022\/03\/22\/inauguracion-ano-academico-mada\/\",\"name\":\"Inauguraci\u00f3n a\u00f1o acad\u00e9mico MADA - Facultad de Arquitectura, Dise\u00f1o y Estudios Urbanos\",\"isPartOf\":{\"@id\":\"https:\/\/fadeu.urantiacos.cl\/en\/#website\"},\"primaryImageOfPage\":{\"@id\":\"https:\/\/fadeu.urantiacos.cl\/en\/2022\/03\/22\/inauguracion-ano-academico-mada\/#primaryimage\"},\"image\":{\"@id\":\"https:\/\/fadeu.urantiacos.cl\/en\/2022\/03\/22\/inauguracion-ano-academico-mada\/#primaryimage\"},\"thumbnailUrl\":\"https:\/\/fadeu.urantiacos.cl\/wp-content\/uploads\/2023\/09\/web_WhatsApp_Image_2022-03-21_at_10.20.21_1_1.jpg\",\"datePublished\":\"2022-03-22T13:38:00+00:00\",\"dateModified\":\"2023-09-06T13:40:05+00:00\",\"author\":{\"@id\":\"https:\/\/fadeu.urantiacos.cl\/en\/#\/schema\/person\/d203e2e84b1c40275eac77b3061a19a2\"},\"description\":\"El viernes 18 de marzo pasado, se realiz\u00f3 la bienvenida de los nuevos estudiantes MADA, promoci\u00f3n 1\u00b0 semestre 2022, esta celebraci\u00f3n tuvo un especial sentido debido a que es la primera realizada de manera presencial despu\u00e9s de 2 a\u00f1os de pandemia, y porque volvieron a ingresar estudiantes extranjeros.\",\"breadcrumb\":{\"@id\":\"https:\/\/fadeu.urantiacos.cl\/en\/2022\/03\/22\/inauguracion-ano-academico-mada\/#breadcrumb\"},\"inLanguage\":\"en-US\",\"potentialAction\":[{\"@type\":\"ReadAction\",\"target\":[\"https:\/\/fadeu.urantiacos.cl\/en\/2022\/03\/22\/inauguracion-ano-academico-mada\/\"]}]},{\"@type\":\"ImageObject\",\"inLanguage\":\"en-US\",\"@id\":\"https:\/\/fadeu.urantiacos.cl\/en\/2022\/03\/22\/inauguracion-ano-academico-mada\/#primaryimage\",\"url\":\"https:\/\/fadeu.urantiacos.cl\/wp-content\/uploads\/2023\/09\/web_WhatsApp_Image_2022-03-21_at_10.20.21_1_1.jpg\",\"contentUrl\":\"https:\/\/fadeu.urantiacos.cl\/wp-content\/uploads\/2023\/09\/web_WhatsApp_Image_2022-03-21_at_10.20.21_1_1.jpg\",\"width\":350,\"height\":250},{\"@type\":\"BreadcrumbList\",\"@id\":\"https:\/\/fadeu.urantiacos.cl\/en\/2022\/03\/22\/inauguracion-ano-academico-mada\/#breadcrumb\",\"itemListElement\":[{\"@type\":\"ListItem\",\"position\":1,\"name\":\"Portada\",\"item\":\"https:\/\/fadeu.urantiacos.cl\/en\/\"},{\"@type\":\"ListItem\",\"position\":2,\"name\":\"Inauguraci\u00f3n a\u00f1o acad\u00e9mico MADA\"}]},{\"@type\":\"WebSite\",\"@id\":\"https:\/\/fadeu.urantiacos.cl\/en\/#website\",\"url\":\"https:\/\/fadeu.urantiacos.cl\/en\/\",\"name\":\"Facultad de Arquitectura, Dise\u00f1o y Estudios Urbanos\",\"description\":\"Campus Lo Contador\",\"potentialAction\":[{\"@type\":\"SearchAction\",\"target\":{\"@type\":\"EntryPoint\",\"urlTemplate\":\"https:\/\/fadeu.urantiacos.cl\/en\/?s={search_term_string}\"},\"query-input\":{\"@type\":\"PropertyValueSpecification\",\"valueRequired\":true,\"valueName\":\"search_term_string\"}}],\"inLanguage\":\"en-US\"},{\"@type\":\"Person\",\"@id\":\"https:\/\/fadeu.urantiacos.cl\/en\/#\/schema\/person\/d203e2e84b1c40275eac77b3061a19a2\",\"name\":\"manadmin\",\"image\":{\"@type\":\"ImageObject\",\"inLanguage\":\"en-US\",\"@id\":\"https:\/\/fadeu.urantiacos.cl\/en\/#\/schema\/person\/image\/\",\"url\":\"https:\/\/secure.gravatar.com\/avatar\/4b1d8e3303b4a9d8968ac578947d8bc80d9aea359f388cdd4aac15cadc0e8447?s=96&d=mm&r=g\",\"contentUrl\":\"https:\/\/secure.gravatar.com\/avatar\/4b1d8e3303b4a9d8968ac578947d8bc80d9aea359f388cdd4aac15cadc0e8447?s=96&d=mm&r=g\",\"caption\":\"manadmin\"},\"sameAs\":[\"https:\/\/fadeu.urantiacos.cl\"]}]}<\/script>\n<!-- \/ Yoast SEO plugin. -->","yoast_head_json":{"title":"Inauguraci\u00f3n a\u00f1o acad\u00e9mico MADA - Facultad de Arquitectura, Dise\u00f1o y Estudios Urbanos","description":"El viernes 18 de marzo pasado, se realiz\u00f3 la bienvenida de los nuevos estudiantes MADA, promoci\u00f3n 1\u00b0 semestre 2022, esta celebraci\u00f3n tuvo un especial sentido debido a que es la primera realizada de manera presencial despu\u00e9s de 2 a\u00f1os de pandemia, y porque volvieron a ingresar estudiantes extranjeros.","robots":{"index":"index","follow":"follow","max-snippet":"max-snippet:-1","max-image-preview":"max-image-preview:large","max-video-preview":"max-video-preview:-1"},"canonical":"https:\/\/fadeu.urantiacos.cl\/en\/2022\/03\/22\/inauguracion-ano-academico-mada\/","og_locale":"en_US","og_type":"article","og_title":"Inauguraci\u00f3n a\u00f1o acad\u00e9mico MADA - Facultad de Arquitectura, Dise\u00f1o y Estudios Urbanos","og_description":"El viernes 18 de marzo pasado, se realiz\u00f3 la bienvenida de los nuevos estudiantes MADA, promoci\u00f3n 1\u00b0 semestre 2022, esta celebraci\u00f3n tuvo un especial sentido debido a que es la primera realizada de manera presencial despu\u00e9s de 2 a\u00f1os de pandemia, y porque volvieron a ingresar estudiantes extranjeros.","og_url":"https:\/\/fadeu.urantiacos.cl\/en\/2022\/03\/22\/inauguracion-ano-academico-mada\/","og_site_name":"Facultad de Arquitectura, Dise\u00f1o y Estudios Urbanos","article_published_time":"2022-03-22T13:38:00+00:00","article_modified_time":"2023-09-06T13:40:05+00:00","og_image":[{"width":350,"height":250,"url":"https:\/\/fadeu.urantiacos.cl\/wp-content\/uploads\/2023\/09\/web_WhatsApp_Image_2022-03-21_at_10.20.21_1_1.jpg","type":"image\/jpeg"}],"author":"manadmin","twitter_card":"summary_large_image","twitter_misc":{"Written by":"manadmin","Est. reading time":"1 minute"},"schema":{"@context":"https:\/\/schema.org","@graph":[{"@type":"Article","@id":"https:\/\/fadeu.urantiacos.cl\/en\/2022\/03\/22\/inauguracion-ano-academico-mada\/#article","isPartOf":{"@id":"https:\/\/fadeu.urantiacos.cl\/en\/2022\/03\/22\/inauguracion-ano-academico-mada\/"},"author":{"name":"manadmin","@id":"https:\/\/fadeu.urantiacos.cl\/en\/#\/schema\/person\/d203e2e84b1c40275eac77b3061a19a2"},"headline":"Inauguraci\u00f3n a\u00f1o acad\u00e9mico MADA","datePublished":"2022-03-22T13:38:00+00:00","dateModified":"2023-09-06T13:40:05+00:00","mainEntityOfPage":{"@id":"https:\/\/fadeu.urantiacos.cl\/en\/2022\/03\/22\/inauguracion-ano-academico-mada\/"},"wordCount":125,"commentCount":0,"image":{"@id":"https:\/\/fadeu.urantiacos.cl\/en\/2022\/03\/22\/inauguracion-ano-academico-mada\/#primaryimage"},"thumbnailUrl":"https:\/\/fadeu.urantiacos.cl\/wp-content\/uploads\/2023\/09\/web_WhatsApp_Image_2022-03-21_at_10.20.21_1_1.jpg","articleSection":["Sin categorizar"],"inLanguage":"en-US","potentialAction":[{"@type":"CommentAction","name":"Comment","target":["https:\/\/fadeu.urantiacos.cl\/en\/2022\/03\/22\/inauguracion-ano-academico-mada\/#respond"]}]},{"@type":"WebPage","@id":"https:\/\/fadeu.urantiacos.cl\/en\/2022\/03\/22\/inauguracion-ano-academico-mada\/","url":"https:\/\/fadeu.urantiacos.cl\/en\/2022\/03\/22\/inauguracion-ano-academico-mada\/","name":"Inauguraci\u00f3n a\u00f1o acad\u00e9mico MADA - Facultad de Arquitectura, Dise\u00f1o y Estudios Urbanos","isPartOf":{"@id":"https:\/\/fadeu.urantiacos.cl\/en\/#website"},"primaryImageOfPage":{"@id":"https:\/\/fadeu.urantiacos.cl\/en\/2022\/03\/22\/inauguracion-ano-academico-mada\/#primaryimage"},"image":{"@id":"https:\/\/fadeu.urantiacos.cl\/en\/2022\/03\/22\/inauguracion-ano-academico-mada\/#primaryimage"},"thumbnailUrl":"https:\/\/fadeu.urantiacos.cl\/wp-content\/uploads\/2023\/09\/web_WhatsApp_Image_2022-03-21_at_10.20.21_1_1.jpg","datePublished":"2022-03-22T13:38:00+00:00","dateModified":"2023-09-06T13:40:05+00:00","author":{"@id":"https:\/\/fadeu.urantiacos.cl\/en\/#\/schema\/person\/d203e2e84b1c40275eac77b3061a19a2"},"description":"El viernes 18 de marzo pasado, se realiz\u00f3 la bienvenida de los nuevos estudiantes MADA, promoci\u00f3n 1\u00b0 semestre 2022, esta celebraci\u00f3n tuvo un especial sentido debido a que es la primera realizada de manera presencial despu\u00e9s de 2 a\u00f1os de pandemia, y porque volvieron a ingresar estudiantes extranjeros.","breadcrumb":{"@id":"https:\/\/fadeu.urantiacos.cl\/en\/2022\/03\/22\/inauguracion-ano-academico-mada\/#breadcrumb"},"inLanguage":"en-US","potentialAction":[{"@type":"ReadAction","target":["https:\/\/fadeu.urantiacos.cl\/en\/2022\/03\/22\/inauguracion-ano-academico-mada\/"]}]},{"@type":"ImageObject","inLanguage":"en-US","@id":"https:\/\/fadeu.urantiacos.cl\/en\/2022\/03\/22\/inauguracion-ano-academico-mada\/#primaryimage","url":"https:\/\/fadeu.urantiacos.cl\/wp-content\/uploads\/2023\/09\/web_WhatsApp_Image_2022-03-21_at_10.20.21_1_1.jpg","contentUrl":"https:\/\/fadeu.urantiacos.cl\/wp-content\/uploads\/2023\/09\/web_WhatsApp_Image_2022-03-21_at_10.20.21_1_1.jpg","width":350,"height":250},{"@type":"BreadcrumbList","@id":"https:\/\/fadeu.urantiacos.cl\/en\/2022\/03\/22\/inauguracion-ano-academico-mada\/#breadcrumb","itemListElement":[{"@type":"ListItem","position":1,"name":"Portada","item":"https:\/\/fadeu.urantiacos.cl\/en\/"},{"@type":"ListItem","position":2,"name":"Inauguraci\u00f3n a\u00f1o acad\u00e9mico MADA"}]},{"@type":"WebSite","@id":"https:\/\/fadeu.urantiacos.cl\/en\/#website","url":"https:\/\/fadeu.urantiacos.cl\/en\/","name":"Facultad de Arquitectura, Dise\u00f1o y Estudios Urbanos","description":"Campus Lo Contador","potentialAction":[{"@type":"SearchAction","target":{"@type":"EntryPoint","urlTemplate":"https:\/\/fadeu.urantiacos.cl\/en\/?s={search_term_string}"},"query-input":{"@type":"PropertyValueSpecification","valueRequired":true,"valueName":"search_term_string"}}],"inLanguage":"en-US"},{"@type":"Person","@id":"https:\/\/fadeu.urantiacos.cl\/en\/#\/schema\/person\/d203e2e84b1c40275eac77b3061a19a2","name":"manadmin","image":{"@type":"ImageObject","inLanguage":"en-US","@id":"https:\/\/fadeu.urantiacos.cl\/en\/#\/schema\/person\/image\/","url":"https:\/\/secure.gravatar.com\/avatar\/4b1d8e3303b4a9d8968ac578947d8bc80d9aea359f388cdd4aac15cadc0e8447?s=96&d=mm&r=g","contentUrl":"https:\/\/secure.gravatar.com\/avatar\/4b1d8e3303b4a9d8968ac578947d8bc80d9aea359f388cdd4aac15cadc0e8447?s=96&d=mm&r=g","caption":"manadmin"},"sameAs":["https:\/\/fadeu.urantiacos.cl"]}]}},"_links":{"self":[{"href":"https:\/\/fadeu.urantiacos.cl\/en\/wp-json\/wp\/v2\/posts\/5328","targetHints":{"allow":["GET"]}}],"collection":[{"href":"https:\/\/fadeu.urantiacos.cl\/en\/wp-json\/wp\/v2\/posts"}],"about":[{"href":"https:\/\/fadeu.urantiacos.cl\/en\/wp-json\/wp\/v2\/types\/post"}],"author":[{"embeddable":true,"href":"https:\/\/fadeu.urantiacos.cl\/en\/wp-json\/wp\/v2\/users\/1"}],"replies":[{"embeddable":true,"href":"https:\/\/fadeu.urantiacos.cl\/en\/wp-json\/wp\/v2\/comments?post=5328"}],"version-history":[{"count":1,"href":"https:\/\/fadeu.urantiacos.cl\/en\/wp-json\/wp\/v2\/posts\/5328\/revisions"}],"predecessor-version":[{"id":5331,"href":"https:\/\/fadeu.urantiacos.cl\/en\/wp-json\/wp\/v2\/posts\/5328\/revisions\/5331"}],"wp:featuredmedia":[{"embeddable":true,"href":"https:\/\/fadeu.urantiacos.cl\/en\/wp-json\/wp\/v2\/media\/5329"}],"wp:attachment":[{"href":"https:\/\/fadeu.urantiacos.cl\/en\/wp-json\/wp\/v2\/media?parent=5328"}],"wp:term":[{"taxonomy":"category","embeddable":true,"href":"https:\/\/fadeu.urantiacos.cl\/en\/wp-json\/wp\/v2\/categories?post=5328"},{"taxonomy":"post_tag","embeddable":true,"href":"https:\/\/fadeu.urantiacos.cl\/en\/wp-json\/wp\/v2\/tags?post=5328"}],"curies":[{"name":"wp","href":"https:\/\/api.w.org\/{rel}","templated":true}]}}