{"id":5310,"date":"2022-03-28T10:27:00","date_gmt":"2022-03-28T13:27:00","guid":{"rendered":"https:\/\/fadeu.urantiacos.cl\/?p=5310"},"modified":"2023-09-06T10:29:03","modified_gmt":"2023-09-06T13:29:03","slug":"jornada-fadeu-2022-reune-a-docentes","status":"publish","type":"post","link":"https:\/\/fadeu.urantiacos.cl\/en\/2022\/03\/28\/jornada-fadeu-2022-reune-a-docentes\/","title":{"rendered":"Jornada FADEU 2022 re\u00fane a docentes"},"content":{"rendered":"\n<figure class=\"wp-block-image size-full\"><img decoding=\"async\" width=\"350\" height=\"250\" src=\"https:\/\/fadeu.urantiacos.cl\/wp-content\/uploads\/2023\/09\/Noticias_Jornada_FADEU.png\" alt=\"\" class=\"wp-image-5311\" srcset=\"https:\/\/fadeu.urantiacos.cl\/wp-content\/uploads\/2023\/09\/Noticias_Jornada_FADEU.png 350w, https:\/\/fadeu.urantiacos.cl\/wp-content\/uploads\/2023\/09\/Noticias_Jornada_FADEU-300x214.png 300w\" sizes=\"(max-width: 350px) 100vw, 350px\" \/><\/figure>\n\n\n\n<p>En la instancia, el Decano Ubilla realiz\u00f3 un balance de lo que ha significado la crisis sanitaria en la Facultad, el estado actual de diversos procesos y ahond\u00f3 en materias propias de la docencia y la forma en que la Universidad hoy se est\u00e1 abriendo a la presencialidad plena, luego de casi dos a\u00f1os de clases y actividades remotas e h\u00edbridas.<\/p>\n\n\n\n<p>Tambi\u00e9n fue el turno de los directores de las escuelas de Arquitectura y Dise\u00f1o, profesores Luis Eduardo Bresciani y Rodrigo Ram\u00edrez, respectivamente, y del director del Instituto de Estudios Urbanos y Territoriales, Luis Fuentes, quienes tambi\u00e9n informaron a la comunidad FADEU del estado actual de sus respectivas unidades acad\u00e9micas.<\/p>\n\n\n\n<p><strong>Recuento<\/strong><\/p>\n\n\n\n<p>El Decano inform\u00f3 que, en el marco de la crisis sanitaria, 251 personas de la comunidad de Lo Contador enfermaron por COVID 19; 2 personas fallecieron; y siete familiares directos de alg\u00fan miembro de la comunidad de Lo Contador fallecieron.<\/p>\n\n\n\n<p>Respecto de las evaluaciones docentes en medio de la pandemia, se registr\u00f3 un aumento desde un 76% a un 84% en materia de satisfacci\u00f3n con el curso, trabajo y recomendaci\u00f3n del Profesor, como report\u00f3 la Encuesta Docente 2021-2022. En este contexto, 8 profesores obtuvieron el 100% en alguno de sus \u00edtems.<\/p>\n\n\n\n<p>Ubilla destac\u00f3, adem\u00e1s, el avance de la Colecci\u00f3n \u201cMaestras y Maestros\u201d, m\u00e1s de 32 cursos realizados en el marco de la Interdisciplina; y realiz\u00f3 un balance de la gesti\u00f3n de las distintas direcciones y estamentos del decanato (Secretar\u00eda Acad\u00e9mica de Facultad, Direcci\u00f3n Econ\u00f3mica y de Gesti\u00f3n; Direcci\u00f3n de Investigaci\u00f3n y Postgrado; Doctorado en Arquitectura y Estudios Urbanos; Unidad de Equidad G\u00e9nero y Buen Trato; Direcci\u00f3n de Extensi\u00f3n y Servicios Externos; y la Direcci\u00f3n de Comunicaciones).<\/p>\n\n\n\n<p>\u201cM\u00e1s all\u00e1 de una instancia para revisar datos duros y balances propios de la gesti\u00f3n acad\u00e9mica, debemos valorar lo que significa poder reencontrarnos cara a cara, poder mirarnos, compartir y de alguna manera retomar las tradiciones de nuestra Facultad, en atenci\u00f3n a poder trabajar conjuntamente y poder aprender unos de otros, a trav\u00e9s de instancias como \u00e9sta que permiten significar el compa\u00f1erismo, la compa\u00f1\u00eda y la importancia de poder retomar poco a poco aquella normalidad tan anhelada que se vio severamente afectada en los momentos m\u00e1s \u00e1lgidos de la pandemia por COVID-19\u201d, afirm\u00f3 el Decano Mario Ubilla.<\/p>\n\n\n\n<p>La actividad es la primera realizada como Facultad, que ha convocado a los profesores y profesoras de planta Ordinaria y Especial, luego del levantamiento de restricciones propias de los a\u00f1os 2020 y 2021 por la crisis sanitaria. La anterior se realiz\u00f3 en marzo de 2020, una semana antes de comenzar los confinamientos.<\/p>\n\n\n\n<p>INFORMACI\u00d3N PERIOD\u00cdSTICA<br>JUAN ANDR\u00c9S INZUNZA<\/p>\n","protected":false},"excerpt":{"rendered":"<p>En el Club House de San Carlos de Apoquindo se realiz\u00f3 la jornada docente de la Facultad de Arquitectura, Dise\u00f1o y Estudios Urbanos (FADEU) de la Universidad Cat\u00f3lica, que encabez\u00f3 el decano, Mario Ubilla, para conocer el estado actual de la Facultad y avanzar en temas alusivos a las tres unidades acad\u00e9micas.<\/p>\n","protected":false},"author":1,"featured_media":5311,"comment_status":"open","ping_status":"open","sticky":false,"template":"","format":"standard","meta":{"_acf_changed":false,"footnotes":""},"categories":[1],"tags":[],"class_list":["post-5310","post","type-post","status-publish","format-standard","has-post-thumbnail","hentry","category-sin-categorizar"],"acf":[],"yoast_head":"<!-- This site is optimized with the Yoast SEO plugin v27.1.1 - https:\/\/yoast.com\/product\/yoast-seo-wordpress\/ -->\n<title>Jornada FADEU 2022 re\u00fane a docentes - Facultad de Arquitectura, Dise\u00f1o y Estudios Urbanos<\/title>\n<meta name=\"description\" content=\"En el Club House de San Carlos de Apoquindo se realiz\u00f3 la jornada docente de la Facultad de Arquitectura, Dise\u00f1o y Estudios Urbanos (FADEU) de la Universidad Cat\u00f3lica, que encabez\u00f3 el decano, Mario Ubilla, para conocer el estado actual de la Facultad y avanzar en temas alusivos a las tres unidades acad\u00e9micas.\" \/>\n<meta name=\"robots\" content=\"index, follow, max-snippet:-1, max-image-preview:large, max-video-preview:-1\" \/>\n<link rel=\"canonical\" href=\"https:\/\/fadeu.urantiacos.cl\/en\/2022\/03\/28\/jornada-fadeu-2022-reune-a-docentes\/\" \/>\n<meta property=\"og:locale\" content=\"en_US\" \/>\n<meta property=\"og:type\" content=\"article\" \/>\n<meta property=\"og:title\" content=\"Jornada FADEU 2022 re\u00fane a docentes - Facultad de Arquitectura, Dise\u00f1o y Estudios Urbanos\" \/>\n<meta property=\"og:description\" content=\"En el Club House de San Carlos de Apoquindo se realiz\u00f3 la jornada docente de la Facultad de Arquitectura, Dise\u00f1o y Estudios Urbanos (FADEU) de la Universidad Cat\u00f3lica, que encabez\u00f3 el decano, Mario Ubilla, para conocer el estado actual de la Facultad y avanzar en temas alusivos a las tres unidades acad\u00e9micas.\" \/>\n<meta property=\"og:url\" content=\"https:\/\/fadeu.urantiacos.cl\/en\/2022\/03\/28\/jornada-fadeu-2022-reune-a-docentes\/\" \/>\n<meta property=\"og:site_name\" content=\"Facultad de Arquitectura, Dise\u00f1o y Estudios Urbanos\" \/>\n<meta property=\"article:published_time\" content=\"2022-03-28T13:27:00+00:00\" \/>\n<meta property=\"article:modified_time\" content=\"2023-09-06T13:29:03+00:00\" \/>\n<meta property=\"og:image\" content=\"https:\/\/fadeu.urantiacos.cl\/wp-content\/uploads\/2023\/09\/Noticias_Jornada_FADEU.png\" \/>\n\t<meta property=\"og:image:width\" content=\"350\" \/>\n\t<meta property=\"og:image:height\" content=\"250\" \/>\n\t<meta property=\"og:image:type\" content=\"image\/png\" \/>\n<meta name=\"author\" content=\"manadmin\" \/>\n<meta name=\"twitter:card\" content=\"summary_large_image\" \/>\n<meta name=\"twitter:label1\" content=\"Written by\" \/>\n\t<meta name=\"twitter:data1\" content=\"manadmin\" \/>\n\t<meta name=\"twitter:label2\" content=\"Est. reading time\" \/>\n\t<meta name=\"twitter:data2\" content=\"2 minutes\" \/>\n<script type=\"application\/ld+json\" class=\"yoast-schema-graph\">{\"@context\":\"https:\/\/schema.org\",\"@graph\":[{\"@type\":\"Article\",\"@id\":\"https:\/\/fadeu.urantiacos.cl\/en\/2022\/03\/28\/jornada-fadeu-2022-reune-a-docentes\/#article\",\"isPartOf\":{\"@id\":\"https:\/\/fadeu.urantiacos.cl\/en\/2022\/03\/28\/jornada-fadeu-2022-reune-a-docentes\/\"},\"author\":{\"name\":\"manadmin\",\"@id\":\"https:\/\/fadeu.urantiacos.cl\/en\/#\/schema\/person\/d203e2e84b1c40275eac77b3061a19a2\"},\"headline\":\"Jornada FADEU 2022 re\u00fane a docentes\",\"datePublished\":\"2022-03-28T13:27:00+00:00\",\"dateModified\":\"2023-09-06T13:29:03+00:00\",\"mainEntityOfPage\":{\"@id\":\"https:\/\/fadeu.urantiacos.cl\/en\/2022\/03\/28\/jornada-fadeu-2022-reune-a-docentes\/\"},\"wordCount\":462,\"commentCount\":0,\"image\":{\"@id\":\"https:\/\/fadeu.urantiacos.cl\/en\/2022\/03\/28\/jornada-fadeu-2022-reune-a-docentes\/#primaryimage\"},\"thumbnailUrl\":\"https:\/\/fadeu.urantiacos.cl\/wp-content\/uploads\/2023\/09\/Noticias_Jornada_FADEU.png\",\"articleSection\":[\"Sin categorizar\"],\"inLanguage\":\"en-US\",\"potentialAction\":[{\"@type\":\"CommentAction\",\"name\":\"Comment\",\"target\":[\"https:\/\/fadeu.urantiacos.cl\/en\/2022\/03\/28\/jornada-fadeu-2022-reune-a-docentes\/#respond\"]}]},{\"@type\":\"WebPage\",\"@id\":\"https:\/\/fadeu.urantiacos.cl\/en\/2022\/03\/28\/jornada-fadeu-2022-reune-a-docentes\/\",\"url\":\"https:\/\/fadeu.urantiacos.cl\/en\/2022\/03\/28\/jornada-fadeu-2022-reune-a-docentes\/\",\"name\":\"Jornada FADEU 2022 re\u00fane a docentes - Facultad de Arquitectura, Dise\u00f1o y Estudios Urbanos\",\"isPartOf\":{\"@id\":\"https:\/\/fadeu.urantiacos.cl\/en\/#website\"},\"primaryImageOfPage\":{\"@id\":\"https:\/\/fadeu.urantiacos.cl\/en\/2022\/03\/28\/jornada-fadeu-2022-reune-a-docentes\/#primaryimage\"},\"image\":{\"@id\":\"https:\/\/fadeu.urantiacos.cl\/en\/2022\/03\/28\/jornada-fadeu-2022-reune-a-docentes\/#primaryimage\"},\"thumbnailUrl\":\"https:\/\/fadeu.urantiacos.cl\/wp-content\/uploads\/2023\/09\/Noticias_Jornada_FADEU.png\",\"datePublished\":\"2022-03-28T13:27:00+00:00\",\"dateModified\":\"2023-09-06T13:29:03+00:00\",\"author\":{\"@id\":\"https:\/\/fadeu.urantiacos.cl\/en\/#\/schema\/person\/d203e2e84b1c40275eac77b3061a19a2\"},\"description\":\"En el Club House de San Carlos de Apoquindo se realiz\u00f3 la jornada docente de la Facultad de Arquitectura, Dise\u00f1o y Estudios Urbanos (FADEU) de la Universidad Cat\u00f3lica, que encabez\u00f3 el decano, Mario Ubilla, para conocer el estado actual de la Facultad y avanzar en temas alusivos a las tres unidades acad\u00e9micas.\",\"breadcrumb\":{\"@id\":\"https:\/\/fadeu.urantiacos.cl\/en\/2022\/03\/28\/jornada-fadeu-2022-reune-a-docentes\/#breadcrumb\"},\"inLanguage\":\"en-US\",\"potentialAction\":[{\"@type\":\"ReadAction\",\"target\":[\"https:\/\/fadeu.urantiacos.cl\/en\/2022\/03\/28\/jornada-fadeu-2022-reune-a-docentes\/\"]}]},{\"@type\":\"ImageObject\",\"inLanguage\":\"en-US\",\"@id\":\"https:\/\/fadeu.urantiacos.cl\/en\/2022\/03\/28\/jornada-fadeu-2022-reune-a-docentes\/#primaryimage\",\"url\":\"https:\/\/fadeu.urantiacos.cl\/wp-content\/uploads\/2023\/09\/Noticias_Jornada_FADEU.png\",\"contentUrl\":\"https:\/\/fadeu.urantiacos.cl\/wp-content\/uploads\/2023\/09\/Noticias_Jornada_FADEU.png\",\"width\":350,\"height\":250},{\"@type\":\"BreadcrumbList\",\"@id\":\"https:\/\/fadeu.urantiacos.cl\/en\/2022\/03\/28\/jornada-fadeu-2022-reune-a-docentes\/#breadcrumb\",\"itemListElement\":[{\"@type\":\"ListItem\",\"position\":1,\"name\":\"Portada\",\"item\":\"https:\/\/fadeu.urantiacos.cl\/en\/\"},{\"@type\":\"ListItem\",\"position\":2,\"name\":\"Jornada FADEU 2022 re\u00fane a docentes\"}]},{\"@type\":\"WebSite\",\"@id\":\"https:\/\/fadeu.urantiacos.cl\/en\/#website\",\"url\":\"https:\/\/fadeu.urantiacos.cl\/en\/\",\"name\":\"Facultad de Arquitectura, Dise\u00f1o y Estudios Urbanos\",\"description\":\"Campus Lo Contador\",\"potentialAction\":[{\"@type\":\"SearchAction\",\"target\":{\"@type\":\"EntryPoint\",\"urlTemplate\":\"https:\/\/fadeu.urantiacos.cl\/en\/?s={search_term_string}\"},\"query-input\":{\"@type\":\"PropertyValueSpecification\",\"valueRequired\":true,\"valueName\":\"search_term_string\"}}],\"inLanguage\":\"en-US\"},{\"@type\":\"Person\",\"@id\":\"https:\/\/fadeu.urantiacos.cl\/en\/#\/schema\/person\/d203e2e84b1c40275eac77b3061a19a2\",\"name\":\"manadmin\",\"image\":{\"@type\":\"ImageObject\",\"inLanguage\":\"en-US\",\"@id\":\"https:\/\/fadeu.urantiacos.cl\/en\/#\/schema\/person\/image\/\",\"url\":\"https:\/\/secure.gravatar.com\/avatar\/4b1d8e3303b4a9d8968ac578947d8bc80d9aea359f388cdd4aac15cadc0e8447?s=96&d=mm&r=g\",\"contentUrl\":\"https:\/\/secure.gravatar.com\/avatar\/4b1d8e3303b4a9d8968ac578947d8bc80d9aea359f388cdd4aac15cadc0e8447?s=96&d=mm&r=g\",\"caption\":\"manadmin\"},\"sameAs\":[\"https:\/\/fadeu.urantiacos.cl\"]}]}<\/script>\n<!-- \/ Yoast SEO plugin. -->","yoast_head_json":{"title":"Jornada FADEU 2022 re\u00fane a docentes - Facultad de Arquitectura, Dise\u00f1o y Estudios Urbanos","description":"En el Club House de San Carlos de Apoquindo se realiz\u00f3 la jornada docente de la Facultad de Arquitectura, Dise\u00f1o y Estudios Urbanos (FADEU) de la Universidad Cat\u00f3lica, que encabez\u00f3 el decano, Mario Ubilla, para conocer el estado actual de la Facultad y avanzar en temas alusivos a las tres unidades acad\u00e9micas.","robots":{"index":"index","follow":"follow","max-snippet":"max-snippet:-1","max-image-preview":"max-image-preview:large","max-video-preview":"max-video-preview:-1"},"canonical":"https:\/\/fadeu.urantiacos.cl\/en\/2022\/03\/28\/jornada-fadeu-2022-reune-a-docentes\/","og_locale":"en_US","og_type":"article","og_title":"Jornada FADEU 2022 re\u00fane a docentes - Facultad de Arquitectura, Dise\u00f1o y Estudios Urbanos","og_description":"En el Club House de San Carlos de Apoquindo se realiz\u00f3 la jornada docente de la Facultad de Arquitectura, Dise\u00f1o y Estudios Urbanos (FADEU) de la Universidad Cat\u00f3lica, que encabez\u00f3 el decano, Mario Ubilla, para conocer el estado actual de la Facultad y avanzar en temas alusivos a las tres unidades acad\u00e9micas.","og_url":"https:\/\/fadeu.urantiacos.cl\/en\/2022\/03\/28\/jornada-fadeu-2022-reune-a-docentes\/","og_site_name":"Facultad de Arquitectura, Dise\u00f1o y Estudios Urbanos","article_published_time":"2022-03-28T13:27:00+00:00","article_modified_time":"2023-09-06T13:29:03+00:00","og_image":[{"width":350,"height":250,"url":"https:\/\/fadeu.urantiacos.cl\/wp-content\/uploads\/2023\/09\/Noticias_Jornada_FADEU.png","type":"image\/png"}],"author":"manadmin","twitter_card":"summary_large_image","twitter_misc":{"Written by":"manadmin","Est. reading time":"2 minutes"},"schema":{"@context":"https:\/\/schema.org","@graph":[{"@type":"Article","@id":"https:\/\/fadeu.urantiacos.cl\/en\/2022\/03\/28\/jornada-fadeu-2022-reune-a-docentes\/#article","isPartOf":{"@id":"https:\/\/fadeu.urantiacos.cl\/en\/2022\/03\/28\/jornada-fadeu-2022-reune-a-docentes\/"},"author":{"name":"manadmin","@id":"https:\/\/fadeu.urantiacos.cl\/en\/#\/schema\/person\/d203e2e84b1c40275eac77b3061a19a2"},"headline":"Jornada FADEU 2022 re\u00fane a docentes","datePublished":"2022-03-28T13:27:00+00:00","dateModified":"2023-09-06T13:29:03+00:00","mainEntityOfPage":{"@id":"https:\/\/fadeu.urantiacos.cl\/en\/2022\/03\/28\/jornada-fadeu-2022-reune-a-docentes\/"},"wordCount":462,"commentCount":0,"image":{"@id":"https:\/\/fadeu.urantiacos.cl\/en\/2022\/03\/28\/jornada-fadeu-2022-reune-a-docentes\/#primaryimage"},"thumbnailUrl":"https:\/\/fadeu.urantiacos.cl\/wp-content\/uploads\/2023\/09\/Noticias_Jornada_FADEU.png","articleSection":["Sin categorizar"],"inLanguage":"en-US","potentialAction":[{"@type":"CommentAction","name":"Comment","target":["https:\/\/fadeu.urantiacos.cl\/en\/2022\/03\/28\/jornada-fadeu-2022-reune-a-docentes\/#respond"]}]},{"@type":"WebPage","@id":"https:\/\/fadeu.urantiacos.cl\/en\/2022\/03\/28\/jornada-fadeu-2022-reune-a-docentes\/","url":"https:\/\/fadeu.urantiacos.cl\/en\/2022\/03\/28\/jornada-fadeu-2022-reune-a-docentes\/","name":"Jornada FADEU 2022 re\u00fane a docentes - Facultad de Arquitectura, Dise\u00f1o y Estudios Urbanos","isPartOf":{"@id":"https:\/\/fadeu.urantiacos.cl\/en\/#website"},"primaryImageOfPage":{"@id":"https:\/\/fadeu.urantiacos.cl\/en\/2022\/03\/28\/jornada-fadeu-2022-reune-a-docentes\/#primaryimage"},"image":{"@id":"https:\/\/fadeu.urantiacos.cl\/en\/2022\/03\/28\/jornada-fadeu-2022-reune-a-docentes\/#primaryimage"},"thumbnailUrl":"https:\/\/fadeu.urantiacos.cl\/wp-content\/uploads\/2023\/09\/Noticias_Jornada_FADEU.png","datePublished":"2022-03-28T13:27:00+00:00","dateModified":"2023-09-06T13:29:03+00:00","author":{"@id":"https:\/\/fadeu.urantiacos.cl\/en\/#\/schema\/person\/d203e2e84b1c40275eac77b3061a19a2"},"description":"En el Club House de San Carlos de Apoquindo se realiz\u00f3 la jornada docente de la Facultad de Arquitectura, Dise\u00f1o y Estudios Urbanos (FADEU) de la Universidad Cat\u00f3lica, que encabez\u00f3 el decano, Mario Ubilla, para conocer el estado actual de la Facultad y avanzar en temas alusivos a las tres unidades acad\u00e9micas.","breadcrumb":{"@id":"https:\/\/fadeu.urantiacos.cl\/en\/2022\/03\/28\/jornada-fadeu-2022-reune-a-docentes\/#breadcrumb"},"inLanguage":"en-US","potentialAction":[{"@type":"ReadAction","target":["https:\/\/fadeu.urantiacos.cl\/en\/2022\/03\/28\/jornada-fadeu-2022-reune-a-docentes\/"]}]},{"@type":"ImageObject","inLanguage":"en-US","@id":"https:\/\/fadeu.urantiacos.cl\/en\/2022\/03\/28\/jornada-fadeu-2022-reune-a-docentes\/#primaryimage","url":"https:\/\/fadeu.urantiacos.cl\/wp-content\/uploads\/2023\/09\/Noticias_Jornada_FADEU.png","contentUrl":"https:\/\/fadeu.urantiacos.cl\/wp-content\/uploads\/2023\/09\/Noticias_Jornada_FADEU.png","width":350,"height":250},{"@type":"BreadcrumbList","@id":"https:\/\/fadeu.urantiacos.cl\/en\/2022\/03\/28\/jornada-fadeu-2022-reune-a-docentes\/#breadcrumb","itemListElement":[{"@type":"ListItem","position":1,"name":"Portada","item":"https:\/\/fadeu.urantiacos.cl\/en\/"},{"@type":"ListItem","position":2,"name":"Jornada FADEU 2022 re\u00fane a docentes"}]},{"@type":"WebSite","@id":"https:\/\/fadeu.urantiacos.cl\/en\/#website","url":"https:\/\/fadeu.urantiacos.cl\/en\/","name":"Facultad de Arquitectura, Dise\u00f1o y Estudios Urbanos","description":"Campus Lo Contador","potentialAction":[{"@type":"SearchAction","target":{"@type":"EntryPoint","urlTemplate":"https:\/\/fadeu.urantiacos.cl\/en\/?s={search_term_string}"},"query-input":{"@type":"PropertyValueSpecification","valueRequired":true,"valueName":"search_term_string"}}],"inLanguage":"en-US"},{"@type":"Person","@id":"https:\/\/fadeu.urantiacos.cl\/en\/#\/schema\/person\/d203e2e84b1c40275eac77b3061a19a2","name":"manadmin","image":{"@type":"ImageObject","inLanguage":"en-US","@id":"https:\/\/fadeu.urantiacos.cl\/en\/#\/schema\/person\/image\/","url":"https:\/\/secure.gravatar.com\/avatar\/4b1d8e3303b4a9d8968ac578947d8bc80d9aea359f388cdd4aac15cadc0e8447?s=96&d=mm&r=g","contentUrl":"https:\/\/secure.gravatar.com\/avatar\/4b1d8e3303b4a9d8968ac578947d8bc80d9aea359f388cdd4aac15cadc0e8447?s=96&d=mm&r=g","caption":"manadmin"},"sameAs":["https:\/\/fadeu.urantiacos.cl"]}]}},"_links":{"self":[{"href":"https:\/\/fadeu.urantiacos.cl\/en\/wp-json\/wp\/v2\/posts\/5310","targetHints":{"allow":["GET"]}}],"collection":[{"href":"https:\/\/fadeu.urantiacos.cl\/en\/wp-json\/wp\/v2\/posts"}],"about":[{"href":"https:\/\/fadeu.urantiacos.cl\/en\/wp-json\/wp\/v2\/types\/post"}],"author":[{"embeddable":true,"href":"https:\/\/fadeu.urantiacos.cl\/en\/wp-json\/wp\/v2\/users\/1"}],"replies":[{"embeddable":true,"href":"https:\/\/fadeu.urantiacos.cl\/en\/wp-json\/wp\/v2\/comments?post=5310"}],"version-history":[{"count":1,"href":"https:\/\/fadeu.urantiacos.cl\/en\/wp-json\/wp\/v2\/posts\/5310\/revisions"}],"predecessor-version":[{"id":5312,"href":"https:\/\/fadeu.urantiacos.cl\/en\/wp-json\/wp\/v2\/posts\/5310\/revisions\/5312"}],"wp:featuredmedia":[{"embeddable":true,"href":"https:\/\/fadeu.urantiacos.cl\/en\/wp-json\/wp\/v2\/media\/5311"}],"wp:attachment":[{"href":"https:\/\/fadeu.urantiacos.cl\/en\/wp-json\/wp\/v2\/media?parent=5310"}],"wp:term":[{"taxonomy":"category","embeddable":true,"href":"https:\/\/fadeu.urantiacos.cl\/en\/wp-json\/wp\/v2\/categories?post=5310"},{"taxonomy":"post_tag","embeddable":true,"href":"https:\/\/fadeu.urantiacos.cl\/en\/wp-json\/wp\/v2\/tags?post=5310"}],"curies":[{"name":"wp","href":"https:\/\/api.w.org\/{rel}","templated":true}]}}