{"id":5304,"date":"2022-04-01T10:24:00","date_gmt":"2022-04-01T13:24:00","guid":{"rendered":"https:\/\/fadeu.urantiacos.cl\/?p=5304"},"modified":"2023-09-06T10:25:56","modified_gmt":"2023-09-06T13:25:56","slug":"doctorado-proyectan-futuro-convenio-con-la-universidad-autonoma-de-barcelona","status":"publish","type":"post","link":"https:\/\/fadeu.urantiacos.cl\/en\/2022\/04\/01\/doctorado-proyectan-futuro-convenio-con-la-universidad-autonoma-de-barcelona\/","title":{"rendered":"Doctorado: Proyectan futuro convenio con la Universidad Aut\u00f3noma de Barcelona"},"content":{"rendered":"\n<figure class=\"wp-block-image size-full\"><img decoding=\"async\" width=\"350\" height=\"250\" src=\"https:\/\/fadeu.urantiacos.cl\/wp-content\/uploads\/2023\/09\/LSZuCVSp_400x400_WEB.jpg\" alt=\"\" class=\"wp-image-5305\" srcset=\"https:\/\/fadeu.urantiacos.cl\/wp-content\/uploads\/2023\/09\/LSZuCVSp_400x400_WEB.jpg 350w, https:\/\/fadeu.urantiacos.cl\/wp-content\/uploads\/2023\/09\/LSZuCVSp_400x400_WEB-300x214.jpg 300w\" sizes=\"(max-width: 350px) 100vw, 350px\" \/><\/figure>\n\n\n\n<p>Lo anterior, en coordinaci\u00f3n con el Jefe de Gesti\u00f3n Acad\u00e9mica del Doctorado en Arquitectura y Estudios Urbanos FADEU, y tambi\u00e9n profesor IEUT, Arturo Orellana, con miras a potenciar la internacionalizaci\u00f3n del programa, pasant\u00edas para estudiantes y docentes, y tambi\u00e9n para explorar la posibilidad de una doble titulaci\u00f3n.<\/p>\n\n\n\n<p>\u201cLas universidades en todo el mundo estamos valorando mucho las relaciones internacionales, porque la colaboraci\u00f3n cient\u00edfica entre distintas universidades de distitntos pa\u00edses nos es fundamental para entender un mundo cada vez m\u00e1s globalizado\u201d, afirm\u00f3 Miralles, agregando que \u201cpor eso estamos buscando generar un convenio entre ambas universidades que tiene como objetivo que los estudiantes, los profesores, las tesis doctorales puedan ser compartidos entre unos y otros\u201d.<\/p>\n\n\n\n<p>El convenio se encuentra actualmente en fase de conversaciones, para, en una pr\u00f3xima etapa, elevarlo a las instancias de la Facultad y de Casa Central que correspondan para darle viabilidad institucional y formalizarlo dentro de los plazos administrativos de la propia universidad.<\/p>\n\n\n\n<p>El profesor Orellana asegur\u00f3 que \u201cla posibilidad de avanzar en un convenio marco de esta naturaleza que pueda permitir, entre otras cosas, una doble titulaci\u00f3n con la Universidad Aut\u00f3noma de Barcelona, se enmarca en una pol\u00edtica de internacionalizaci\u00f3n que estamos desarrollando desde el Doctorado en Arquitectura y Estudios Urbanos, que ojal\u00e1 a futuro involucre tambi\u00e9n a otras universidades de Latinoam\u00e9rica y del resto del mundo que compartan el desaf\u00edo de la interdisciplinariedad en la formaci\u00f3n\u201d.<\/p>\n\n\n\n<p>INFORMACI\u00d3N PERIOD\u00cdSTICA<br>JUAN ANDR\u00c9S INZUNZA<\/p>\n","protected":false},"excerpt":{"rendered":"<p>Aprovechando su estad\u00eda en Chile, como profesora visitante del Instituto de Estudios Urbanos y Territoriales (IEUT), la profesora Carme Miralles ha sostenido conversaciones y gestiones para la consolidaci\u00f3n de un futuro convenio entre la Pontificia Universidad Cat\u00f3lica de Chile y la Universidad Aut\u00f3noma de Barcelona.<\/p>\n","protected":false},"author":1,"featured_media":5305,"comment_status":"open","ping_status":"open","sticky":false,"template":"","format":"standard","meta":{"_acf_changed":false,"footnotes":""},"categories":[1],"tags":[],"class_list":["post-5304","post","type-post","status-publish","format-standard","has-post-thumbnail","hentry","category-sin-categorizar"],"acf":[],"yoast_head":"<!-- This site is optimized with the Yoast SEO plugin v27.1.1 - https:\/\/yoast.com\/product\/yoast-seo-wordpress\/ -->\n<title>Doctorado: Proyectan futuro convenio con la Universidad Aut\u00f3noma de Barcelona - Facultad de Arquitectura, Dise\u00f1o y Estudios Urbanos<\/title>\n<meta name=\"description\" content=\"Aprovechando su estad\u00eda en Chile, como profesora visitante del Instituto de Estudios Urbanos y Territoriales (IEUT), la profesora Carme Miralles ha sostenido conversaciones y gestiones para la consolidaci\u00f3n de un futuro convenio entre la Pontificia Universidad Cat\u00f3lica de Chile y la Universidad Aut\u00f3noma de Barcelona.\" \/>\n<meta name=\"robots\" content=\"index, follow, max-snippet:-1, max-image-preview:large, max-video-preview:-1\" \/>\n<link rel=\"canonical\" href=\"https:\/\/fadeu.urantiacos.cl\/en\/2022\/04\/01\/doctorado-proyectan-futuro-convenio-con-la-universidad-autonoma-de-barcelona\/\" \/>\n<meta property=\"og:locale\" content=\"en_US\" \/>\n<meta property=\"og:type\" content=\"article\" \/>\n<meta property=\"og:title\" content=\"Doctorado: Proyectan futuro convenio con la Universidad Aut\u00f3noma de Barcelona - Facultad de Arquitectura, Dise\u00f1o y Estudios Urbanos\" \/>\n<meta property=\"og:description\" content=\"Aprovechando su estad\u00eda en Chile, como profesora visitante del Instituto de Estudios Urbanos y Territoriales (IEUT), la profesora Carme Miralles ha sostenido conversaciones y gestiones para la consolidaci\u00f3n de un futuro convenio entre la Pontificia Universidad Cat\u00f3lica de Chile y la Universidad Aut\u00f3noma de Barcelona.\" \/>\n<meta property=\"og:url\" content=\"https:\/\/fadeu.urantiacos.cl\/en\/2022\/04\/01\/doctorado-proyectan-futuro-convenio-con-la-universidad-autonoma-de-barcelona\/\" \/>\n<meta property=\"og:site_name\" content=\"Facultad de Arquitectura, Dise\u00f1o y Estudios Urbanos\" \/>\n<meta property=\"article:published_time\" content=\"2022-04-01T13:24:00+00:00\" \/>\n<meta property=\"article:modified_time\" content=\"2023-09-06T13:25:56+00:00\" \/>\n<meta property=\"og:image\" content=\"https:\/\/fadeu.urantiacos.cl\/wp-content\/uploads\/2023\/09\/LSZuCVSp_400x400_WEB.jpg\" \/>\n\t<meta property=\"og:image:width\" content=\"350\" \/>\n\t<meta property=\"og:image:height\" content=\"250\" \/>\n\t<meta property=\"og:image:type\" content=\"image\/jpeg\" \/>\n<meta name=\"author\" content=\"manadmin\" \/>\n<meta name=\"twitter:card\" content=\"summary_large_image\" \/>\n<meta name=\"twitter:label1\" content=\"Written by\" \/>\n\t<meta name=\"twitter:data1\" content=\"manadmin\" \/>\n\t<meta name=\"twitter:label2\" content=\"Est. reading time\" \/>\n\t<meta name=\"twitter:data2\" content=\"1 minute\" \/>\n<script type=\"application\/ld+json\" class=\"yoast-schema-graph\">{\"@context\":\"https:\/\/schema.org\",\"@graph\":[{\"@type\":\"Article\",\"@id\":\"https:\/\/fadeu.urantiacos.cl\/en\/2022\/04\/01\/doctorado-proyectan-futuro-convenio-con-la-universidad-autonoma-de-barcelona\/#article\",\"isPartOf\":{\"@id\":\"https:\/\/fadeu.urantiacos.cl\/en\/2022\/04\/01\/doctorado-proyectan-futuro-convenio-con-la-universidad-autonoma-de-barcelona\/\"},\"author\":{\"name\":\"manadmin\",\"@id\":\"https:\/\/fadeu.urantiacos.cl\/en\/#\/schema\/person\/d203e2e84b1c40275eac77b3061a19a2\"},\"headline\":\"Doctorado: Proyectan futuro convenio con la Universidad Aut\u00f3noma de Barcelona\",\"datePublished\":\"2022-04-01T13:24:00+00:00\",\"dateModified\":\"2023-09-06T13:25:56+00:00\",\"mainEntityOfPage\":{\"@id\":\"https:\/\/fadeu.urantiacos.cl\/en\/2022\/04\/01\/doctorado-proyectan-futuro-convenio-con-la-universidad-autonoma-de-barcelona\/\"},\"wordCount\":269,\"commentCount\":0,\"image\":{\"@id\":\"https:\/\/fadeu.urantiacos.cl\/en\/2022\/04\/01\/doctorado-proyectan-futuro-convenio-con-la-universidad-autonoma-de-barcelona\/#primaryimage\"},\"thumbnailUrl\":\"https:\/\/fadeu.urantiacos.cl\/wp-content\/uploads\/2023\/09\/LSZuCVSp_400x400_WEB.jpg\",\"articleSection\":[\"Sin categorizar\"],\"inLanguage\":\"en-US\",\"potentialAction\":[{\"@type\":\"CommentAction\",\"name\":\"Comment\",\"target\":[\"https:\/\/fadeu.urantiacos.cl\/en\/2022\/04\/01\/doctorado-proyectan-futuro-convenio-con-la-universidad-autonoma-de-barcelona\/#respond\"]}]},{\"@type\":\"WebPage\",\"@id\":\"https:\/\/fadeu.urantiacos.cl\/en\/2022\/04\/01\/doctorado-proyectan-futuro-convenio-con-la-universidad-autonoma-de-barcelona\/\",\"url\":\"https:\/\/fadeu.urantiacos.cl\/en\/2022\/04\/01\/doctorado-proyectan-futuro-convenio-con-la-universidad-autonoma-de-barcelona\/\",\"name\":\"Doctorado: Proyectan futuro convenio con la Universidad Aut\u00f3noma de Barcelona - Facultad de Arquitectura, Dise\u00f1o y Estudios Urbanos\",\"isPartOf\":{\"@id\":\"https:\/\/fadeu.urantiacos.cl\/en\/#website\"},\"primaryImageOfPage\":{\"@id\":\"https:\/\/fadeu.urantiacos.cl\/en\/2022\/04\/01\/doctorado-proyectan-futuro-convenio-con-la-universidad-autonoma-de-barcelona\/#primaryimage\"},\"image\":{\"@id\":\"https:\/\/fadeu.urantiacos.cl\/en\/2022\/04\/01\/doctorado-proyectan-futuro-convenio-con-la-universidad-autonoma-de-barcelona\/#primaryimage\"},\"thumbnailUrl\":\"https:\/\/fadeu.urantiacos.cl\/wp-content\/uploads\/2023\/09\/LSZuCVSp_400x400_WEB.jpg\",\"datePublished\":\"2022-04-01T13:24:00+00:00\",\"dateModified\":\"2023-09-06T13:25:56+00:00\",\"author\":{\"@id\":\"https:\/\/fadeu.urantiacos.cl\/en\/#\/schema\/person\/d203e2e84b1c40275eac77b3061a19a2\"},\"description\":\"Aprovechando su estad\u00eda en Chile, como profesora visitante del Instituto de Estudios Urbanos y Territoriales (IEUT), la profesora Carme Miralles ha sostenido conversaciones y gestiones para la consolidaci\u00f3n de un futuro convenio entre la Pontificia Universidad Cat\u00f3lica de Chile y la Universidad Aut\u00f3noma de Barcelona.\",\"breadcrumb\":{\"@id\":\"https:\/\/fadeu.urantiacos.cl\/en\/2022\/04\/01\/doctorado-proyectan-futuro-convenio-con-la-universidad-autonoma-de-barcelona\/#breadcrumb\"},\"inLanguage\":\"en-US\",\"potentialAction\":[{\"@type\":\"ReadAction\",\"target\":[\"https:\/\/fadeu.urantiacos.cl\/en\/2022\/04\/01\/doctorado-proyectan-futuro-convenio-con-la-universidad-autonoma-de-barcelona\/\"]}]},{\"@type\":\"ImageObject\",\"inLanguage\":\"en-US\",\"@id\":\"https:\/\/fadeu.urantiacos.cl\/en\/2022\/04\/01\/doctorado-proyectan-futuro-convenio-con-la-universidad-autonoma-de-barcelona\/#primaryimage\",\"url\":\"https:\/\/fadeu.urantiacos.cl\/wp-content\/uploads\/2023\/09\/LSZuCVSp_400x400_WEB.jpg\",\"contentUrl\":\"https:\/\/fadeu.urantiacos.cl\/wp-content\/uploads\/2023\/09\/LSZuCVSp_400x400_WEB.jpg\",\"width\":350,\"height\":250},{\"@type\":\"BreadcrumbList\",\"@id\":\"https:\/\/fadeu.urantiacos.cl\/en\/2022\/04\/01\/doctorado-proyectan-futuro-convenio-con-la-universidad-autonoma-de-barcelona\/#breadcrumb\",\"itemListElement\":[{\"@type\":\"ListItem\",\"position\":1,\"name\":\"Portada\",\"item\":\"https:\/\/fadeu.urantiacos.cl\/en\/\"},{\"@type\":\"ListItem\",\"position\":2,\"name\":\"Doctorado: Proyectan futuro convenio con la Universidad Aut\u00f3noma de Barcelona\"}]},{\"@type\":\"WebSite\",\"@id\":\"https:\/\/fadeu.urantiacos.cl\/en\/#website\",\"url\":\"https:\/\/fadeu.urantiacos.cl\/en\/\",\"name\":\"Facultad de Arquitectura, Dise\u00f1o y Estudios Urbanos\",\"description\":\"Campus Lo Contador\",\"potentialAction\":[{\"@type\":\"SearchAction\",\"target\":{\"@type\":\"EntryPoint\",\"urlTemplate\":\"https:\/\/fadeu.urantiacos.cl\/en\/?s={search_term_string}\"},\"query-input\":{\"@type\":\"PropertyValueSpecification\",\"valueRequired\":true,\"valueName\":\"search_term_string\"}}],\"inLanguage\":\"en-US\"},{\"@type\":\"Person\",\"@id\":\"https:\/\/fadeu.urantiacos.cl\/en\/#\/schema\/person\/d203e2e84b1c40275eac77b3061a19a2\",\"name\":\"manadmin\",\"image\":{\"@type\":\"ImageObject\",\"inLanguage\":\"en-US\",\"@id\":\"https:\/\/fadeu.urantiacos.cl\/en\/#\/schema\/person\/image\/\",\"url\":\"https:\/\/secure.gravatar.com\/avatar\/4b1d8e3303b4a9d8968ac578947d8bc80d9aea359f388cdd4aac15cadc0e8447?s=96&d=mm&r=g\",\"contentUrl\":\"https:\/\/secure.gravatar.com\/avatar\/4b1d8e3303b4a9d8968ac578947d8bc80d9aea359f388cdd4aac15cadc0e8447?s=96&d=mm&r=g\",\"caption\":\"manadmin\"},\"sameAs\":[\"https:\/\/fadeu.urantiacos.cl\"]}]}<\/script>\n<!-- \/ Yoast SEO plugin. -->","yoast_head_json":{"title":"Doctorado: Proyectan futuro convenio con la Universidad Aut\u00f3noma de Barcelona - Facultad de Arquitectura, Dise\u00f1o y Estudios Urbanos","description":"Aprovechando su estad\u00eda en Chile, como profesora visitante del Instituto de Estudios Urbanos y Territoriales (IEUT), la profesora Carme Miralles ha sostenido conversaciones y gestiones para la consolidaci\u00f3n de un futuro convenio entre la Pontificia Universidad Cat\u00f3lica de Chile y la Universidad Aut\u00f3noma de Barcelona.","robots":{"index":"index","follow":"follow","max-snippet":"max-snippet:-1","max-image-preview":"max-image-preview:large","max-video-preview":"max-video-preview:-1"},"canonical":"https:\/\/fadeu.urantiacos.cl\/en\/2022\/04\/01\/doctorado-proyectan-futuro-convenio-con-la-universidad-autonoma-de-barcelona\/","og_locale":"en_US","og_type":"article","og_title":"Doctorado: Proyectan futuro convenio con la Universidad Aut\u00f3noma de Barcelona - Facultad de Arquitectura, Dise\u00f1o y Estudios Urbanos","og_description":"Aprovechando su estad\u00eda en Chile, como profesora visitante del Instituto de Estudios Urbanos y Territoriales (IEUT), la profesora Carme Miralles ha sostenido conversaciones y gestiones para la consolidaci\u00f3n de un futuro convenio entre la Pontificia Universidad Cat\u00f3lica de Chile y la Universidad Aut\u00f3noma de Barcelona.","og_url":"https:\/\/fadeu.urantiacos.cl\/en\/2022\/04\/01\/doctorado-proyectan-futuro-convenio-con-la-universidad-autonoma-de-barcelona\/","og_site_name":"Facultad de Arquitectura, Dise\u00f1o y Estudios Urbanos","article_published_time":"2022-04-01T13:24:00+00:00","article_modified_time":"2023-09-06T13:25:56+00:00","og_image":[{"width":350,"height":250,"url":"https:\/\/fadeu.urantiacos.cl\/wp-content\/uploads\/2023\/09\/LSZuCVSp_400x400_WEB.jpg","type":"image\/jpeg"}],"author":"manadmin","twitter_card":"summary_large_image","twitter_misc":{"Written by":"manadmin","Est. reading time":"1 minute"},"schema":{"@context":"https:\/\/schema.org","@graph":[{"@type":"Article","@id":"https:\/\/fadeu.urantiacos.cl\/en\/2022\/04\/01\/doctorado-proyectan-futuro-convenio-con-la-universidad-autonoma-de-barcelona\/#article","isPartOf":{"@id":"https:\/\/fadeu.urantiacos.cl\/en\/2022\/04\/01\/doctorado-proyectan-futuro-convenio-con-la-universidad-autonoma-de-barcelona\/"},"author":{"name":"manadmin","@id":"https:\/\/fadeu.urantiacos.cl\/en\/#\/schema\/person\/d203e2e84b1c40275eac77b3061a19a2"},"headline":"Doctorado: Proyectan futuro convenio con la Universidad Aut\u00f3noma de Barcelona","datePublished":"2022-04-01T13:24:00+00:00","dateModified":"2023-09-06T13:25:56+00:00","mainEntityOfPage":{"@id":"https:\/\/fadeu.urantiacos.cl\/en\/2022\/04\/01\/doctorado-proyectan-futuro-convenio-con-la-universidad-autonoma-de-barcelona\/"},"wordCount":269,"commentCount":0,"image":{"@id":"https:\/\/fadeu.urantiacos.cl\/en\/2022\/04\/01\/doctorado-proyectan-futuro-convenio-con-la-universidad-autonoma-de-barcelona\/#primaryimage"},"thumbnailUrl":"https:\/\/fadeu.urantiacos.cl\/wp-content\/uploads\/2023\/09\/LSZuCVSp_400x400_WEB.jpg","articleSection":["Sin categorizar"],"inLanguage":"en-US","potentialAction":[{"@type":"CommentAction","name":"Comment","target":["https:\/\/fadeu.urantiacos.cl\/en\/2022\/04\/01\/doctorado-proyectan-futuro-convenio-con-la-universidad-autonoma-de-barcelona\/#respond"]}]},{"@type":"WebPage","@id":"https:\/\/fadeu.urantiacos.cl\/en\/2022\/04\/01\/doctorado-proyectan-futuro-convenio-con-la-universidad-autonoma-de-barcelona\/","url":"https:\/\/fadeu.urantiacos.cl\/en\/2022\/04\/01\/doctorado-proyectan-futuro-convenio-con-la-universidad-autonoma-de-barcelona\/","name":"Doctorado: Proyectan futuro convenio con la Universidad Aut\u00f3noma de Barcelona - Facultad de Arquitectura, Dise\u00f1o y Estudios Urbanos","isPartOf":{"@id":"https:\/\/fadeu.urantiacos.cl\/en\/#website"},"primaryImageOfPage":{"@id":"https:\/\/fadeu.urantiacos.cl\/en\/2022\/04\/01\/doctorado-proyectan-futuro-convenio-con-la-universidad-autonoma-de-barcelona\/#primaryimage"},"image":{"@id":"https:\/\/fadeu.urantiacos.cl\/en\/2022\/04\/01\/doctorado-proyectan-futuro-convenio-con-la-universidad-autonoma-de-barcelona\/#primaryimage"},"thumbnailUrl":"https:\/\/fadeu.urantiacos.cl\/wp-content\/uploads\/2023\/09\/LSZuCVSp_400x400_WEB.jpg","datePublished":"2022-04-01T13:24:00+00:00","dateModified":"2023-09-06T13:25:56+00:00","author":{"@id":"https:\/\/fadeu.urantiacos.cl\/en\/#\/schema\/person\/d203e2e84b1c40275eac77b3061a19a2"},"description":"Aprovechando su estad\u00eda en Chile, como profesora visitante del Instituto de Estudios Urbanos y Territoriales (IEUT), la profesora Carme Miralles ha sostenido conversaciones y gestiones para la consolidaci\u00f3n de un futuro convenio entre la Pontificia Universidad Cat\u00f3lica de Chile y la Universidad Aut\u00f3noma de Barcelona.","breadcrumb":{"@id":"https:\/\/fadeu.urantiacos.cl\/en\/2022\/04\/01\/doctorado-proyectan-futuro-convenio-con-la-universidad-autonoma-de-barcelona\/#breadcrumb"},"inLanguage":"en-US","potentialAction":[{"@type":"ReadAction","target":["https:\/\/fadeu.urantiacos.cl\/en\/2022\/04\/01\/doctorado-proyectan-futuro-convenio-con-la-universidad-autonoma-de-barcelona\/"]}]},{"@type":"ImageObject","inLanguage":"en-US","@id":"https:\/\/fadeu.urantiacos.cl\/en\/2022\/04\/01\/doctorado-proyectan-futuro-convenio-con-la-universidad-autonoma-de-barcelona\/#primaryimage","url":"https:\/\/fadeu.urantiacos.cl\/wp-content\/uploads\/2023\/09\/LSZuCVSp_400x400_WEB.jpg","contentUrl":"https:\/\/fadeu.urantiacos.cl\/wp-content\/uploads\/2023\/09\/LSZuCVSp_400x400_WEB.jpg","width":350,"height":250},{"@type":"BreadcrumbList","@id":"https:\/\/fadeu.urantiacos.cl\/en\/2022\/04\/01\/doctorado-proyectan-futuro-convenio-con-la-universidad-autonoma-de-barcelona\/#breadcrumb","itemListElement":[{"@type":"ListItem","position":1,"name":"Portada","item":"https:\/\/fadeu.urantiacos.cl\/en\/"},{"@type":"ListItem","position":2,"name":"Doctorado: Proyectan futuro convenio con la Universidad Aut\u00f3noma de Barcelona"}]},{"@type":"WebSite","@id":"https:\/\/fadeu.urantiacos.cl\/en\/#website","url":"https:\/\/fadeu.urantiacos.cl\/en\/","name":"Facultad de Arquitectura, Dise\u00f1o y Estudios Urbanos","description":"Campus Lo Contador","potentialAction":[{"@type":"SearchAction","target":{"@type":"EntryPoint","urlTemplate":"https:\/\/fadeu.urantiacos.cl\/en\/?s={search_term_string}"},"query-input":{"@type":"PropertyValueSpecification","valueRequired":true,"valueName":"search_term_string"}}],"inLanguage":"en-US"},{"@type":"Person","@id":"https:\/\/fadeu.urantiacos.cl\/en\/#\/schema\/person\/d203e2e84b1c40275eac77b3061a19a2","name":"manadmin","image":{"@type":"ImageObject","inLanguage":"en-US","@id":"https:\/\/fadeu.urantiacos.cl\/en\/#\/schema\/person\/image\/","url":"https:\/\/secure.gravatar.com\/avatar\/4b1d8e3303b4a9d8968ac578947d8bc80d9aea359f388cdd4aac15cadc0e8447?s=96&d=mm&r=g","contentUrl":"https:\/\/secure.gravatar.com\/avatar\/4b1d8e3303b4a9d8968ac578947d8bc80d9aea359f388cdd4aac15cadc0e8447?s=96&d=mm&r=g","caption":"manadmin"},"sameAs":["https:\/\/fadeu.urantiacos.cl"]}]}},"_links":{"self":[{"href":"https:\/\/fadeu.urantiacos.cl\/en\/wp-json\/wp\/v2\/posts\/5304","targetHints":{"allow":["GET"]}}],"collection":[{"href":"https:\/\/fadeu.urantiacos.cl\/en\/wp-json\/wp\/v2\/posts"}],"about":[{"href":"https:\/\/fadeu.urantiacos.cl\/en\/wp-json\/wp\/v2\/types\/post"}],"author":[{"embeddable":true,"href":"https:\/\/fadeu.urantiacos.cl\/en\/wp-json\/wp\/v2\/users\/1"}],"replies":[{"embeddable":true,"href":"https:\/\/fadeu.urantiacos.cl\/en\/wp-json\/wp\/v2\/comments?post=5304"}],"version-history":[{"count":1,"href":"https:\/\/fadeu.urantiacos.cl\/en\/wp-json\/wp\/v2\/posts\/5304\/revisions"}],"predecessor-version":[{"id":5306,"href":"https:\/\/fadeu.urantiacos.cl\/en\/wp-json\/wp\/v2\/posts\/5304\/revisions\/5306"}],"wp:featuredmedia":[{"embeddable":true,"href":"https:\/\/fadeu.urantiacos.cl\/en\/wp-json\/wp\/v2\/media\/5305"}],"wp:attachment":[{"href":"https:\/\/fadeu.urantiacos.cl\/en\/wp-json\/wp\/v2\/media?parent=5304"}],"wp:term":[{"taxonomy":"category","embeddable":true,"href":"https:\/\/fadeu.urantiacos.cl\/en\/wp-json\/wp\/v2\/categories?post=5304"},{"taxonomy":"post_tag","embeddable":true,"href":"https:\/\/fadeu.urantiacos.cl\/en\/wp-json\/wp\/v2\/tags?post=5304"}],"curies":[{"name":"wp","href":"https:\/\/api.w.org\/{rel}","templated":true}]}}