{"id":5292,"date":"2022-04-01T10:13:00","date_gmt":"2022-04-01T13:13:00","guid":{"rendered":"https:\/\/fadeu.urantiacos.cl\/?p=5292"},"modified":"2023-09-06T10:15:24","modified_gmt":"2023-09-06T13:15:24","slug":"manuela-garreton-y-martin-tironi-se-adjudican-fondo-del-concurso-de-arte-sustentabilidad-2022","status":"publish","type":"post","link":"https:\/\/fadeu.urantiacos.cl\/en\/2022\/04\/01\/manuela-garreton-y-martin-tironi-se-adjudican-fondo-del-concurso-de-arte-sustentabilidad-2022\/","title":{"rendered":"Manuela Garret\u00f3n y Mart\u00edn Tironi se adjudican fondo del Concurso de Arte &amp; Sustentabilidad 2022"},"content":{"rendered":"\n<figure class=\"wp-block-image size-full\"><img decoding=\"async\" width=\"350\" height=\"250\" src=\"https:\/\/fadeu.urantiacos.cl\/wp-content\/uploads\/2023\/09\/WEB_Captura_de_Pantalla_2022-04-01_a_las_11.18.35.png\" alt=\"\" class=\"wp-image-5293\" srcset=\"https:\/\/fadeu.urantiacos.cl\/wp-content\/uploads\/2023\/09\/WEB_Captura_de_Pantalla_2022-04-01_a_las_11.18.35.png 350w, https:\/\/fadeu.urantiacos.cl\/wp-content\/uploads\/2023\/09\/WEB_Captura_de_Pantalla_2022-04-01_a_las_11.18.35-300x214.png 300w\" sizes=\"(max-width: 350px) 100vw, 350px\" \/><\/figure>\n\n\n\n<p>En este investigaci\u00f3n tambi\u00e9n participa&nbsp;Jorge Giron\u00e1s&nbsp;de Ingenier\u00eda Hidr\u00e1ulica.<br><br>\u201cEl&nbsp;objetivo del proyecto es conocer, interrogar y visibilizar la tensi\u00f3n que existe entre el desarrollo de la Inteligencia Artificial y su impacto medioambiental. A trav\u00e9s de la metodolog\u00eda de la investigaci\u00f3n-creaci\u00f3n se confeccionar\u00e1 la instalaci\u00f3n de una visualizaci\u00f3n f\u00edsica que evidencie la paradoja del desarrollo digital en un planeta medioambientalmente da\u00f1ado\u201d, explican los docentes.<\/p>\n\n\n\n<p>Patrocinado por la Direcci\u00f3n de Artes y Cultura (DAC) de la Vicerrector\u00eda de Investigaci\u00f3n (VRI), en conjunto con la Direcci\u00f3n de Sustentabilidad y el Instituto para el Desarrollo Sustentable,&nbsp;\u201cEcolog\u00edas Hibridas\u201d se enmarca dentro del Fondecyt&nbsp;\u201cDise\u00f1o de futuros en la era de la inteligencia artificial\u201d, donde Manuela Garret\u00f3n y Mart\u00edn Tironi son investigadores.&nbsp;<\/p>\n\n\n\n<p>INFORMACI\u00d3N PERIOD\u00cdSTICA<br>ESCUELA DE DISE\u00d1O UC<\/p>\n","protected":false},"excerpt":{"rendered":"<p>El proyecto en el que participan como investigadores los docentes Manuela Garret\u00f3n y Mart\u00edn Tironi, \u201cEcolog\u00edas hibridas: rematerializando la tensi\u00f3n entre imaginario de la inteligencia artificial e impacto ambiental\u201c, result\u00f3 seleccionado para recibir el fondo otorgado por el Concurso de Arte &#038; Sustentabilidad 2022.<\/p>\n","protected":false},"author":1,"featured_media":5293,"comment_status":"open","ping_status":"open","sticky":false,"template":"","format":"standard","meta":{"_acf_changed":false,"footnotes":""},"categories":[1],"tags":[],"class_list":["post-5292","post","type-post","status-publish","format-standard","has-post-thumbnail","hentry","category-sin-categorizar"],"acf":[],"yoast_head":"<!-- This site is optimized with the Yoast SEO plugin v27.1.1 - https:\/\/yoast.com\/product\/yoast-seo-wordpress\/ -->\n<title>Manuela Garret\u00f3n y Mart\u00edn Tironi se adjudican fondo del Concurso de Arte &amp; Sustentabilidad 2022 - Facultad de Arquitectura, Dise\u00f1o y Estudios Urbanos<\/title>\n<meta name=\"description\" content=\"El proyecto en el que participan como investigadores los docentes Manuela Garret\u00f3n y Mart\u00edn Tironi, \u201cEcolog\u00edas hibridas: rematerializando la tensi\u00f3n entre imaginario de la inteligencia artificial e impacto ambiental\u201c, result\u00f3 seleccionado para recibir el fondo otorgado por el Concurso de Arte &amp; Sustentabilidad 2022.\" \/>\n<meta name=\"robots\" content=\"index, follow, max-snippet:-1, max-image-preview:large, max-video-preview:-1\" \/>\n<link rel=\"canonical\" href=\"https:\/\/fadeu.urantiacos.cl\/en\/2022\/04\/01\/manuela-garreton-y-martin-tironi-se-adjudican-fondo-del-concurso-de-arte-sustentabilidad-2022\/\" \/>\n<meta property=\"og:locale\" content=\"en_US\" \/>\n<meta property=\"og:type\" content=\"article\" \/>\n<meta property=\"og:title\" content=\"Manuela Garret\u00f3n y Mart\u00edn Tironi se adjudican fondo del Concurso de Arte &amp; Sustentabilidad 2022 - Facultad de Arquitectura, Dise\u00f1o y Estudios Urbanos\" \/>\n<meta property=\"og:description\" content=\"El proyecto en el que participan como investigadores los docentes Manuela Garret\u00f3n y Mart\u00edn Tironi, \u201cEcolog\u00edas hibridas: rematerializando la tensi\u00f3n entre imaginario de la inteligencia artificial e impacto ambiental\u201c, result\u00f3 seleccionado para recibir el fondo otorgado por el Concurso de Arte &amp; Sustentabilidad 2022.\" \/>\n<meta property=\"og:url\" content=\"https:\/\/fadeu.urantiacos.cl\/en\/2022\/04\/01\/manuela-garreton-y-martin-tironi-se-adjudican-fondo-del-concurso-de-arte-sustentabilidad-2022\/\" \/>\n<meta property=\"og:site_name\" content=\"Facultad de Arquitectura, Dise\u00f1o y Estudios Urbanos\" \/>\n<meta property=\"article:published_time\" content=\"2022-04-01T13:13:00+00:00\" \/>\n<meta property=\"article:modified_time\" content=\"2023-09-06T13:15:24+00:00\" \/>\n<meta property=\"og:image\" content=\"https:\/\/fadeu.urantiacos.cl\/wp-content\/uploads\/2023\/09\/WEB_Captura_de_Pantalla_2022-04-01_a_las_11.18.35.png\" \/>\n\t<meta property=\"og:image:width\" content=\"350\" \/>\n\t<meta property=\"og:image:height\" content=\"250\" \/>\n\t<meta property=\"og:image:type\" content=\"image\/png\" \/>\n<meta name=\"author\" content=\"manadmin\" \/>\n<meta name=\"twitter:card\" content=\"summary_large_image\" \/>\n<meta name=\"twitter:label1\" content=\"Written by\" \/>\n\t<meta name=\"twitter:data1\" content=\"manadmin\" \/>\n\t<meta name=\"twitter:label2\" content=\"Est. reading time\" \/>\n\t<meta name=\"twitter:data2\" content=\"1 minute\" \/>\n<script type=\"application\/ld+json\" class=\"yoast-schema-graph\">{\"@context\":\"https:\/\/schema.org\",\"@graph\":[{\"@type\":\"Article\",\"@id\":\"https:\/\/fadeu.urantiacos.cl\/en\/2022\/04\/01\/manuela-garreton-y-martin-tironi-se-adjudican-fondo-del-concurso-de-arte-sustentabilidad-2022\/#article\",\"isPartOf\":{\"@id\":\"https:\/\/fadeu.urantiacos.cl\/en\/2022\/04\/01\/manuela-garreton-y-martin-tironi-se-adjudican-fondo-del-concurso-de-arte-sustentabilidad-2022\/\"},\"author\":{\"name\":\"manadmin\",\"@id\":\"https:\/\/fadeu.urantiacos.cl\/en\/#\/schema\/person\/d203e2e84b1c40275eac77b3061a19a2\"},\"headline\":\"Manuela Garret\u00f3n y Mart\u00edn Tironi se adjudican fondo del Concurso de Arte &amp; Sustentabilidad 2022\",\"datePublished\":\"2022-04-01T13:13:00+00:00\",\"dateModified\":\"2023-09-06T13:15:24+00:00\",\"mainEntityOfPage\":{\"@id\":\"https:\/\/fadeu.urantiacos.cl\/en\/2022\/04\/01\/manuela-garreton-y-martin-tironi-se-adjudican-fondo-del-concurso-de-arte-sustentabilidad-2022\/\"},\"wordCount\":171,\"commentCount\":0,\"image\":{\"@id\":\"https:\/\/fadeu.urantiacos.cl\/en\/2022\/04\/01\/manuela-garreton-y-martin-tironi-se-adjudican-fondo-del-concurso-de-arte-sustentabilidad-2022\/#primaryimage\"},\"thumbnailUrl\":\"https:\/\/fadeu.urantiacos.cl\/wp-content\/uploads\/2023\/09\/WEB_Captura_de_Pantalla_2022-04-01_a_las_11.18.35.png\",\"articleSection\":[\"Sin categorizar\"],\"inLanguage\":\"en-US\",\"potentialAction\":[{\"@type\":\"CommentAction\",\"name\":\"Comment\",\"target\":[\"https:\/\/fadeu.urantiacos.cl\/en\/2022\/04\/01\/manuela-garreton-y-martin-tironi-se-adjudican-fondo-del-concurso-de-arte-sustentabilidad-2022\/#respond\"]}]},{\"@type\":\"WebPage\",\"@id\":\"https:\/\/fadeu.urantiacos.cl\/en\/2022\/04\/01\/manuela-garreton-y-martin-tironi-se-adjudican-fondo-del-concurso-de-arte-sustentabilidad-2022\/\",\"url\":\"https:\/\/fadeu.urantiacos.cl\/en\/2022\/04\/01\/manuela-garreton-y-martin-tironi-se-adjudican-fondo-del-concurso-de-arte-sustentabilidad-2022\/\",\"name\":\"Manuela Garret\u00f3n y Mart\u00edn Tironi se adjudican fondo del Concurso de Arte &amp; Sustentabilidad 2022 - Facultad de Arquitectura, Dise\u00f1o y Estudios Urbanos\",\"isPartOf\":{\"@id\":\"https:\/\/fadeu.urantiacos.cl\/en\/#website\"},\"primaryImageOfPage\":{\"@id\":\"https:\/\/fadeu.urantiacos.cl\/en\/2022\/04\/01\/manuela-garreton-y-martin-tironi-se-adjudican-fondo-del-concurso-de-arte-sustentabilidad-2022\/#primaryimage\"},\"image\":{\"@id\":\"https:\/\/fadeu.urantiacos.cl\/en\/2022\/04\/01\/manuela-garreton-y-martin-tironi-se-adjudican-fondo-del-concurso-de-arte-sustentabilidad-2022\/#primaryimage\"},\"thumbnailUrl\":\"https:\/\/fadeu.urantiacos.cl\/wp-content\/uploads\/2023\/09\/WEB_Captura_de_Pantalla_2022-04-01_a_las_11.18.35.png\",\"datePublished\":\"2022-04-01T13:13:00+00:00\",\"dateModified\":\"2023-09-06T13:15:24+00:00\",\"author\":{\"@id\":\"https:\/\/fadeu.urantiacos.cl\/en\/#\/schema\/person\/d203e2e84b1c40275eac77b3061a19a2\"},\"description\":\"El proyecto en el que participan como investigadores los docentes Manuela Garret\u00f3n y Mart\u00edn Tironi, \u201cEcolog\u00edas hibridas: rematerializando la tensi\u00f3n entre imaginario de la inteligencia artificial e impacto ambiental\u201c, result\u00f3 seleccionado para recibir el fondo otorgado por el Concurso de Arte & Sustentabilidad 2022.\",\"breadcrumb\":{\"@id\":\"https:\/\/fadeu.urantiacos.cl\/en\/2022\/04\/01\/manuela-garreton-y-martin-tironi-se-adjudican-fondo-del-concurso-de-arte-sustentabilidad-2022\/#breadcrumb\"},\"inLanguage\":\"en-US\",\"potentialAction\":[{\"@type\":\"ReadAction\",\"target\":[\"https:\/\/fadeu.urantiacos.cl\/en\/2022\/04\/01\/manuela-garreton-y-martin-tironi-se-adjudican-fondo-del-concurso-de-arte-sustentabilidad-2022\/\"]}]},{\"@type\":\"ImageObject\",\"inLanguage\":\"en-US\",\"@id\":\"https:\/\/fadeu.urantiacos.cl\/en\/2022\/04\/01\/manuela-garreton-y-martin-tironi-se-adjudican-fondo-del-concurso-de-arte-sustentabilidad-2022\/#primaryimage\",\"url\":\"https:\/\/fadeu.urantiacos.cl\/wp-content\/uploads\/2023\/09\/WEB_Captura_de_Pantalla_2022-04-01_a_las_11.18.35.png\",\"contentUrl\":\"https:\/\/fadeu.urantiacos.cl\/wp-content\/uploads\/2023\/09\/WEB_Captura_de_Pantalla_2022-04-01_a_las_11.18.35.png\",\"width\":350,\"height\":250},{\"@type\":\"BreadcrumbList\",\"@id\":\"https:\/\/fadeu.urantiacos.cl\/en\/2022\/04\/01\/manuela-garreton-y-martin-tironi-se-adjudican-fondo-del-concurso-de-arte-sustentabilidad-2022\/#breadcrumb\",\"itemListElement\":[{\"@type\":\"ListItem\",\"position\":1,\"name\":\"Portada\",\"item\":\"https:\/\/fadeu.urantiacos.cl\/en\/\"},{\"@type\":\"ListItem\",\"position\":2,\"name\":\"Manuela Garret\u00f3n y Mart\u00edn Tironi se adjudican fondo del Concurso de Arte &amp; Sustentabilidad 2022\"}]},{\"@type\":\"WebSite\",\"@id\":\"https:\/\/fadeu.urantiacos.cl\/en\/#website\",\"url\":\"https:\/\/fadeu.urantiacos.cl\/en\/\",\"name\":\"Facultad de Arquitectura, Dise\u00f1o y Estudios Urbanos\",\"description\":\"Campus Lo Contador\",\"potentialAction\":[{\"@type\":\"SearchAction\",\"target\":{\"@type\":\"EntryPoint\",\"urlTemplate\":\"https:\/\/fadeu.urantiacos.cl\/en\/?s={search_term_string}\"},\"query-input\":{\"@type\":\"PropertyValueSpecification\",\"valueRequired\":true,\"valueName\":\"search_term_string\"}}],\"inLanguage\":\"en-US\"},{\"@type\":\"Person\",\"@id\":\"https:\/\/fadeu.urantiacos.cl\/en\/#\/schema\/person\/d203e2e84b1c40275eac77b3061a19a2\",\"name\":\"manadmin\",\"image\":{\"@type\":\"ImageObject\",\"inLanguage\":\"en-US\",\"@id\":\"https:\/\/fadeu.urantiacos.cl\/en\/#\/schema\/person\/image\/\",\"url\":\"https:\/\/secure.gravatar.com\/avatar\/4b1d8e3303b4a9d8968ac578947d8bc80d9aea359f388cdd4aac15cadc0e8447?s=96&d=mm&r=g\",\"contentUrl\":\"https:\/\/secure.gravatar.com\/avatar\/4b1d8e3303b4a9d8968ac578947d8bc80d9aea359f388cdd4aac15cadc0e8447?s=96&d=mm&r=g\",\"caption\":\"manadmin\"},\"sameAs\":[\"https:\/\/fadeu.urantiacos.cl\"]}]}<\/script>\n<!-- \/ Yoast SEO plugin. -->","yoast_head_json":{"title":"Manuela Garret\u00f3n y Mart\u00edn Tironi se adjudican fondo del Concurso de Arte &amp; Sustentabilidad 2022 - Facultad de Arquitectura, Dise\u00f1o y Estudios Urbanos","description":"El proyecto en el que participan como investigadores los docentes Manuela Garret\u00f3n y Mart\u00edn Tironi, \u201cEcolog\u00edas hibridas: rematerializando la tensi\u00f3n entre imaginario de la inteligencia artificial e impacto ambiental\u201c, result\u00f3 seleccionado para recibir el fondo otorgado por el Concurso de Arte & Sustentabilidad 2022.","robots":{"index":"index","follow":"follow","max-snippet":"max-snippet:-1","max-image-preview":"max-image-preview:large","max-video-preview":"max-video-preview:-1"},"canonical":"https:\/\/fadeu.urantiacos.cl\/en\/2022\/04\/01\/manuela-garreton-y-martin-tironi-se-adjudican-fondo-del-concurso-de-arte-sustentabilidad-2022\/","og_locale":"en_US","og_type":"article","og_title":"Manuela Garret\u00f3n y Mart\u00edn Tironi se adjudican fondo del Concurso de Arte &amp; Sustentabilidad 2022 - Facultad de Arquitectura, Dise\u00f1o y Estudios Urbanos","og_description":"El proyecto en el que participan como investigadores los docentes Manuela Garret\u00f3n y Mart\u00edn Tironi, \u201cEcolog\u00edas hibridas: rematerializando la tensi\u00f3n entre imaginario de la inteligencia artificial e impacto ambiental\u201c, result\u00f3 seleccionado para recibir el fondo otorgado por el Concurso de Arte & Sustentabilidad 2022.","og_url":"https:\/\/fadeu.urantiacos.cl\/en\/2022\/04\/01\/manuela-garreton-y-martin-tironi-se-adjudican-fondo-del-concurso-de-arte-sustentabilidad-2022\/","og_site_name":"Facultad de Arquitectura, Dise\u00f1o y Estudios Urbanos","article_published_time":"2022-04-01T13:13:00+00:00","article_modified_time":"2023-09-06T13:15:24+00:00","og_image":[{"width":350,"height":250,"url":"https:\/\/fadeu.urantiacos.cl\/wp-content\/uploads\/2023\/09\/WEB_Captura_de_Pantalla_2022-04-01_a_las_11.18.35.png","type":"image\/png"}],"author":"manadmin","twitter_card":"summary_large_image","twitter_misc":{"Written by":"manadmin","Est. reading time":"1 minute"},"schema":{"@context":"https:\/\/schema.org","@graph":[{"@type":"Article","@id":"https:\/\/fadeu.urantiacos.cl\/en\/2022\/04\/01\/manuela-garreton-y-martin-tironi-se-adjudican-fondo-del-concurso-de-arte-sustentabilidad-2022\/#article","isPartOf":{"@id":"https:\/\/fadeu.urantiacos.cl\/en\/2022\/04\/01\/manuela-garreton-y-martin-tironi-se-adjudican-fondo-del-concurso-de-arte-sustentabilidad-2022\/"},"author":{"name":"manadmin","@id":"https:\/\/fadeu.urantiacos.cl\/en\/#\/schema\/person\/d203e2e84b1c40275eac77b3061a19a2"},"headline":"Manuela Garret\u00f3n y Mart\u00edn Tironi se adjudican fondo del Concurso de Arte &amp; Sustentabilidad 2022","datePublished":"2022-04-01T13:13:00+00:00","dateModified":"2023-09-06T13:15:24+00:00","mainEntityOfPage":{"@id":"https:\/\/fadeu.urantiacos.cl\/en\/2022\/04\/01\/manuela-garreton-y-martin-tironi-se-adjudican-fondo-del-concurso-de-arte-sustentabilidad-2022\/"},"wordCount":171,"commentCount":0,"image":{"@id":"https:\/\/fadeu.urantiacos.cl\/en\/2022\/04\/01\/manuela-garreton-y-martin-tironi-se-adjudican-fondo-del-concurso-de-arte-sustentabilidad-2022\/#primaryimage"},"thumbnailUrl":"https:\/\/fadeu.urantiacos.cl\/wp-content\/uploads\/2023\/09\/WEB_Captura_de_Pantalla_2022-04-01_a_las_11.18.35.png","articleSection":["Sin categorizar"],"inLanguage":"en-US","potentialAction":[{"@type":"CommentAction","name":"Comment","target":["https:\/\/fadeu.urantiacos.cl\/en\/2022\/04\/01\/manuela-garreton-y-martin-tironi-se-adjudican-fondo-del-concurso-de-arte-sustentabilidad-2022\/#respond"]}]},{"@type":"WebPage","@id":"https:\/\/fadeu.urantiacos.cl\/en\/2022\/04\/01\/manuela-garreton-y-martin-tironi-se-adjudican-fondo-del-concurso-de-arte-sustentabilidad-2022\/","url":"https:\/\/fadeu.urantiacos.cl\/en\/2022\/04\/01\/manuela-garreton-y-martin-tironi-se-adjudican-fondo-del-concurso-de-arte-sustentabilidad-2022\/","name":"Manuela Garret\u00f3n y Mart\u00edn Tironi se adjudican fondo del Concurso de Arte &amp; Sustentabilidad 2022 - Facultad de Arquitectura, Dise\u00f1o y Estudios Urbanos","isPartOf":{"@id":"https:\/\/fadeu.urantiacos.cl\/en\/#website"},"primaryImageOfPage":{"@id":"https:\/\/fadeu.urantiacos.cl\/en\/2022\/04\/01\/manuela-garreton-y-martin-tironi-se-adjudican-fondo-del-concurso-de-arte-sustentabilidad-2022\/#primaryimage"},"image":{"@id":"https:\/\/fadeu.urantiacos.cl\/en\/2022\/04\/01\/manuela-garreton-y-martin-tironi-se-adjudican-fondo-del-concurso-de-arte-sustentabilidad-2022\/#primaryimage"},"thumbnailUrl":"https:\/\/fadeu.urantiacos.cl\/wp-content\/uploads\/2023\/09\/WEB_Captura_de_Pantalla_2022-04-01_a_las_11.18.35.png","datePublished":"2022-04-01T13:13:00+00:00","dateModified":"2023-09-06T13:15:24+00:00","author":{"@id":"https:\/\/fadeu.urantiacos.cl\/en\/#\/schema\/person\/d203e2e84b1c40275eac77b3061a19a2"},"description":"El proyecto en el que participan como investigadores los docentes Manuela Garret\u00f3n y Mart\u00edn Tironi, \u201cEcolog\u00edas hibridas: rematerializando la tensi\u00f3n entre imaginario de la inteligencia artificial e impacto ambiental\u201c, result\u00f3 seleccionado para recibir el fondo otorgado por el Concurso de Arte & Sustentabilidad 2022.","breadcrumb":{"@id":"https:\/\/fadeu.urantiacos.cl\/en\/2022\/04\/01\/manuela-garreton-y-martin-tironi-se-adjudican-fondo-del-concurso-de-arte-sustentabilidad-2022\/#breadcrumb"},"inLanguage":"en-US","potentialAction":[{"@type":"ReadAction","target":["https:\/\/fadeu.urantiacos.cl\/en\/2022\/04\/01\/manuela-garreton-y-martin-tironi-se-adjudican-fondo-del-concurso-de-arte-sustentabilidad-2022\/"]}]},{"@type":"ImageObject","inLanguage":"en-US","@id":"https:\/\/fadeu.urantiacos.cl\/en\/2022\/04\/01\/manuela-garreton-y-martin-tironi-se-adjudican-fondo-del-concurso-de-arte-sustentabilidad-2022\/#primaryimage","url":"https:\/\/fadeu.urantiacos.cl\/wp-content\/uploads\/2023\/09\/WEB_Captura_de_Pantalla_2022-04-01_a_las_11.18.35.png","contentUrl":"https:\/\/fadeu.urantiacos.cl\/wp-content\/uploads\/2023\/09\/WEB_Captura_de_Pantalla_2022-04-01_a_las_11.18.35.png","width":350,"height":250},{"@type":"BreadcrumbList","@id":"https:\/\/fadeu.urantiacos.cl\/en\/2022\/04\/01\/manuela-garreton-y-martin-tironi-se-adjudican-fondo-del-concurso-de-arte-sustentabilidad-2022\/#breadcrumb","itemListElement":[{"@type":"ListItem","position":1,"name":"Portada","item":"https:\/\/fadeu.urantiacos.cl\/en\/"},{"@type":"ListItem","position":2,"name":"Manuela Garret\u00f3n y Mart\u00edn Tironi se adjudican fondo del Concurso de Arte &amp; Sustentabilidad 2022"}]},{"@type":"WebSite","@id":"https:\/\/fadeu.urantiacos.cl\/en\/#website","url":"https:\/\/fadeu.urantiacos.cl\/en\/","name":"Facultad de Arquitectura, Dise\u00f1o y Estudios Urbanos","description":"Campus Lo Contador","potentialAction":[{"@type":"SearchAction","target":{"@type":"EntryPoint","urlTemplate":"https:\/\/fadeu.urantiacos.cl\/en\/?s={search_term_string}"},"query-input":{"@type":"PropertyValueSpecification","valueRequired":true,"valueName":"search_term_string"}}],"inLanguage":"en-US"},{"@type":"Person","@id":"https:\/\/fadeu.urantiacos.cl\/en\/#\/schema\/person\/d203e2e84b1c40275eac77b3061a19a2","name":"manadmin","image":{"@type":"ImageObject","inLanguage":"en-US","@id":"https:\/\/fadeu.urantiacos.cl\/en\/#\/schema\/person\/image\/","url":"https:\/\/secure.gravatar.com\/avatar\/4b1d8e3303b4a9d8968ac578947d8bc80d9aea359f388cdd4aac15cadc0e8447?s=96&d=mm&r=g","contentUrl":"https:\/\/secure.gravatar.com\/avatar\/4b1d8e3303b4a9d8968ac578947d8bc80d9aea359f388cdd4aac15cadc0e8447?s=96&d=mm&r=g","caption":"manadmin"},"sameAs":["https:\/\/fadeu.urantiacos.cl"]}]}},"_links":{"self":[{"href":"https:\/\/fadeu.urantiacos.cl\/en\/wp-json\/wp\/v2\/posts\/5292","targetHints":{"allow":["GET"]}}],"collection":[{"href":"https:\/\/fadeu.urantiacos.cl\/en\/wp-json\/wp\/v2\/posts"}],"about":[{"href":"https:\/\/fadeu.urantiacos.cl\/en\/wp-json\/wp\/v2\/types\/post"}],"author":[{"embeddable":true,"href":"https:\/\/fadeu.urantiacos.cl\/en\/wp-json\/wp\/v2\/users\/1"}],"replies":[{"embeddable":true,"href":"https:\/\/fadeu.urantiacos.cl\/en\/wp-json\/wp\/v2\/comments?post=5292"}],"version-history":[{"count":1,"href":"https:\/\/fadeu.urantiacos.cl\/en\/wp-json\/wp\/v2\/posts\/5292\/revisions"}],"predecessor-version":[{"id":5294,"href":"https:\/\/fadeu.urantiacos.cl\/en\/wp-json\/wp\/v2\/posts\/5292\/revisions\/5294"}],"wp:featuredmedia":[{"embeddable":true,"href":"https:\/\/fadeu.urantiacos.cl\/en\/wp-json\/wp\/v2\/media\/5293"}],"wp:attachment":[{"href":"https:\/\/fadeu.urantiacos.cl\/en\/wp-json\/wp\/v2\/media?parent=5292"}],"wp:term":[{"taxonomy":"category","embeddable":true,"href":"https:\/\/fadeu.urantiacos.cl\/en\/wp-json\/wp\/v2\/categories?post=5292"},{"taxonomy":"post_tag","embeddable":true,"href":"https:\/\/fadeu.urantiacos.cl\/en\/wp-json\/wp\/v2\/tags?post=5292"}],"curies":[{"name":"wp","href":"https:\/\/api.w.org\/{rel}","templated":true}]}}