{"id":5279,"date":"2022-04-08T10:07:00","date_gmt":"2022-04-08T13:07:00","guid":{"rendered":"https:\/\/fadeu.urantiacos.cl\/?p=5279"},"modified":"2023-09-06T10:09:03","modified_gmt":"2023-09-06T13:09:03","slug":"pablo-hermansen-se-integra-como-asesor-al-nuevo-gabinete-del-ministerio-de-salud","status":"publish","type":"post","link":"https:\/\/fadeu.urantiacos.cl\/en\/2022\/04\/08\/pablo-hermansen-se-integra-como-asesor-al-nuevo-gabinete-del-ministerio-de-salud\/","title":{"rendered":"Pablo Hermansen se integra como asesor al nuevo gabinete del ministerio de Salud"},"content":{"rendered":"\n<figure class=\"wp-block-image size-full\"><img decoding=\"async\" width=\"350\" height=\"250\" src=\"https:\/\/fadeu.urantiacos.cl\/wp-content\/uploads\/2023\/09\/PABLO-HERMANSEN_web.jpg\" alt=\"\" class=\"wp-image-5280\" srcset=\"https:\/\/fadeu.urantiacos.cl\/wp-content\/uploads\/2023\/09\/PABLO-HERMANSEN_web.jpg 350w, https:\/\/fadeu.urantiacos.cl\/wp-content\/uploads\/2023\/09\/PABLO-HERMANSEN_web-300x214.jpg 300w\" sizes=\"(max-width: 350px) 100vw, 350px\" \/><\/figure>\n\n\n\n<p>Desde una perspectiva biopsicosocial, con mirada de derechos e integrando perspectivas ecosist\u00e9micas y de g\u00e9nero, Hermansen ha participado de equipos interdisciplinarios, compuestos por profesionales de la salud, destinatarios de la salud p\u00fablica, dise\u00f1adores, antrop\u00f3logos, ingenieros, psic\u00f3logos sociales, entre varias disciplinas.<br><br>En su rol de asesor del Gabinete, Pablo como investigador desde el dise\u00f1o, aportar\u00e1 en el desarrollo y evaluaci\u00f3n de proyectos comunicacionales, organizacionales y de implementaci\u00f3n de nuevas condiciones de atenci\u00f3n y participaci\u00f3n ciudadana en el cuidado. Entre los desaf\u00edos a enfrentar por la Ministra y su Gabinete est\u00e1n el Sistema Universal de Salud, la participaci\u00f3n integrada de funcionarios y ciudadanos en la generaci\u00f3n de bienestar y calidad de vida, y el potenciamiento de una atenci\u00f3n primaria de salud (APS) con pertinencia territorial y legitimidad cient\u00edfica y t\u00e9cnica.<\/p>\n\n\n\n<p>INFORMACI\u00d3N PERIOD\u00cdSTICA<br>ESCUELA DE DISE\u00d1O UC<\/p>\n","protected":false},"excerpt":{"rendered":"<p>El acad\u00e9mico de Dise\u00f1o UC, Pablo Hermansen, ha sido convocado por la Ministra de Salud, Dra. Bego\u00f1a Yarza, a integrar el nuevo gabinete ministerial. Nombramiento que se sustenta en el trabajo de investigaci\u00f3n-acci\u00f3n desarrollado por m\u00e1s de 10 a\u00f1os en la Salud P\u00fablica y en la experiencia adquirida en instituciones como el Hospital Pedi\u00e1trico Dr. Exequiel Gonz\u00e1lez Cort\u00e9s, donde trabaj\u00f3 con la actual Ministra mientras fue directora; el Hospital de Urgencias Asistencia P\u00fablica (Posta Central); el Hospital San Jos\u00e9 de Maipo; el Hospital S\u00f3tero del R\u00edo; el CESFAM San Rafael de La Pintana; entre otros.<\/p>\n","protected":false},"author":1,"featured_media":5280,"comment_status":"open","ping_status":"open","sticky":false,"template":"","format":"standard","meta":{"_acf_changed":false,"footnotes":""},"categories":[1],"tags":[],"class_list":["post-5279","post","type-post","status-publish","format-standard","has-post-thumbnail","hentry","category-sin-categorizar"],"acf":[],"yoast_head":"<!-- This site is optimized with the Yoast SEO plugin v27.1.1 - https:\/\/yoast.com\/product\/yoast-seo-wordpress\/ -->\n<title>Pablo Hermansen se integra como asesor al nuevo gabinete del ministerio de Salud - Facultad de Arquitectura, Dise\u00f1o y Estudios Urbanos<\/title>\n<meta name=\"description\" content=\"El acad\u00e9mico de Dise\u00f1o UC, Pablo Hermansen, ha sido convocado por la Ministra de Salud, Dra. Bego\u00f1a Yarza, a integrar el nuevo gabinete ministerial. Nombramiento que se sustenta en el trabajo de investigaci\u00f3n-acci\u00f3n desarrollado por m\u00e1s de 10 a\u00f1os en la Salud P\u00fablica y en la experiencia adquirida en instituciones como el Hospital Pedi\u00e1trico Dr. Exequiel Gonz\u00e1lez Cort\u00e9s, donde trabaj\u00f3 con la actual Ministra mientras fue directora; el Hospital de Urgencias Asistencia P\u00fablica (Posta Central); el Hospital San Jos\u00e9 de Maipo; el Hospital S\u00f3tero del R\u00edo; el CESFAM San Rafael de La Pintana; entre otros.\" \/>\n<meta name=\"robots\" content=\"index, follow, max-snippet:-1, max-image-preview:large, max-video-preview:-1\" \/>\n<link rel=\"canonical\" href=\"https:\/\/fadeu.urantiacos.cl\/en\/2022\/04\/08\/pablo-hermansen-se-integra-como-asesor-al-nuevo-gabinete-del-ministerio-de-salud\/\" \/>\n<meta property=\"og:locale\" content=\"en_US\" \/>\n<meta property=\"og:type\" content=\"article\" \/>\n<meta property=\"og:title\" content=\"Pablo Hermansen se integra como asesor al nuevo gabinete del ministerio de Salud - Facultad de Arquitectura, Dise\u00f1o y Estudios Urbanos\" \/>\n<meta property=\"og:description\" content=\"El acad\u00e9mico de Dise\u00f1o UC, Pablo Hermansen, ha sido convocado por la Ministra de Salud, Dra. Bego\u00f1a Yarza, a integrar el nuevo gabinete ministerial. Nombramiento que se sustenta en el trabajo de investigaci\u00f3n-acci\u00f3n desarrollado por m\u00e1s de 10 a\u00f1os en la Salud P\u00fablica y en la experiencia adquirida en instituciones como el Hospital Pedi\u00e1trico Dr. Exequiel Gonz\u00e1lez Cort\u00e9s, donde trabaj\u00f3 con la actual Ministra mientras fue directora; el Hospital de Urgencias Asistencia P\u00fablica (Posta Central); el Hospital San Jos\u00e9 de Maipo; el Hospital S\u00f3tero del R\u00edo; el CESFAM San Rafael de La Pintana; entre otros.\" \/>\n<meta property=\"og:url\" content=\"https:\/\/fadeu.urantiacos.cl\/en\/2022\/04\/08\/pablo-hermansen-se-integra-como-asesor-al-nuevo-gabinete-del-ministerio-de-salud\/\" \/>\n<meta property=\"og:site_name\" content=\"Facultad de Arquitectura, Dise\u00f1o y Estudios Urbanos\" \/>\n<meta property=\"article:published_time\" content=\"2022-04-08T13:07:00+00:00\" \/>\n<meta property=\"article:modified_time\" content=\"2023-09-06T13:09:03+00:00\" \/>\n<meta property=\"og:image\" content=\"https:\/\/fadeu.urantiacos.cl\/wp-content\/uploads\/2023\/09\/PABLO-HERMANSEN_web.jpg\" \/>\n\t<meta property=\"og:image:width\" content=\"350\" \/>\n\t<meta property=\"og:image:height\" content=\"250\" \/>\n\t<meta property=\"og:image:type\" content=\"image\/jpeg\" \/>\n<meta name=\"author\" content=\"manadmin\" \/>\n<meta name=\"twitter:card\" content=\"summary_large_image\" \/>\n<meta name=\"twitter:label1\" content=\"Written by\" \/>\n\t<meta name=\"twitter:data1\" content=\"manadmin\" \/>\n\t<meta name=\"twitter:label2\" content=\"Est. reading time\" \/>\n\t<meta name=\"twitter:data2\" content=\"1 minute\" \/>\n<script type=\"application\/ld+json\" class=\"yoast-schema-graph\">{\"@context\":\"https:\/\/schema.org\",\"@graph\":[{\"@type\":\"Article\",\"@id\":\"https:\/\/fadeu.urantiacos.cl\/en\/2022\/04\/08\/pablo-hermansen-se-integra-como-asesor-al-nuevo-gabinete-del-ministerio-de-salud\/#article\",\"isPartOf\":{\"@id\":\"https:\/\/fadeu.urantiacos.cl\/en\/2022\/04\/08\/pablo-hermansen-se-integra-como-asesor-al-nuevo-gabinete-del-ministerio-de-salud\/\"},\"author\":{\"name\":\"manadmin\",\"@id\":\"https:\/\/fadeu.urantiacos.cl\/en\/#\/schema\/person\/d203e2e84b1c40275eac77b3061a19a2\"},\"headline\":\"Pablo Hermansen se integra como asesor al nuevo gabinete del ministerio de Salud\",\"datePublished\":\"2022-04-08T13:07:00+00:00\",\"dateModified\":\"2023-09-06T13:09:03+00:00\",\"mainEntityOfPage\":{\"@id\":\"https:\/\/fadeu.urantiacos.cl\/en\/2022\/04\/08\/pablo-hermansen-se-integra-como-asesor-al-nuevo-gabinete-del-ministerio-de-salud\/\"},\"wordCount\":167,\"commentCount\":0,\"image\":{\"@id\":\"https:\/\/fadeu.urantiacos.cl\/en\/2022\/04\/08\/pablo-hermansen-se-integra-como-asesor-al-nuevo-gabinete-del-ministerio-de-salud\/#primaryimage\"},\"thumbnailUrl\":\"https:\/\/fadeu.urantiacos.cl\/wp-content\/uploads\/2023\/09\/PABLO-HERMANSEN_web.jpg\",\"articleSection\":[\"Sin categorizar\"],\"inLanguage\":\"en-US\",\"potentialAction\":[{\"@type\":\"CommentAction\",\"name\":\"Comment\",\"target\":[\"https:\/\/fadeu.urantiacos.cl\/en\/2022\/04\/08\/pablo-hermansen-se-integra-como-asesor-al-nuevo-gabinete-del-ministerio-de-salud\/#respond\"]}]},{\"@type\":\"WebPage\",\"@id\":\"https:\/\/fadeu.urantiacos.cl\/en\/2022\/04\/08\/pablo-hermansen-se-integra-como-asesor-al-nuevo-gabinete-del-ministerio-de-salud\/\",\"url\":\"https:\/\/fadeu.urantiacos.cl\/en\/2022\/04\/08\/pablo-hermansen-se-integra-como-asesor-al-nuevo-gabinete-del-ministerio-de-salud\/\",\"name\":\"Pablo Hermansen se integra como asesor al nuevo gabinete del ministerio de Salud - Facultad de Arquitectura, Dise\u00f1o y Estudios Urbanos\",\"isPartOf\":{\"@id\":\"https:\/\/fadeu.urantiacos.cl\/en\/#website\"},\"primaryImageOfPage\":{\"@id\":\"https:\/\/fadeu.urantiacos.cl\/en\/2022\/04\/08\/pablo-hermansen-se-integra-como-asesor-al-nuevo-gabinete-del-ministerio-de-salud\/#primaryimage\"},\"image\":{\"@id\":\"https:\/\/fadeu.urantiacos.cl\/en\/2022\/04\/08\/pablo-hermansen-se-integra-como-asesor-al-nuevo-gabinete-del-ministerio-de-salud\/#primaryimage\"},\"thumbnailUrl\":\"https:\/\/fadeu.urantiacos.cl\/wp-content\/uploads\/2023\/09\/PABLO-HERMANSEN_web.jpg\",\"datePublished\":\"2022-04-08T13:07:00+00:00\",\"dateModified\":\"2023-09-06T13:09:03+00:00\",\"author\":{\"@id\":\"https:\/\/fadeu.urantiacos.cl\/en\/#\/schema\/person\/d203e2e84b1c40275eac77b3061a19a2\"},\"description\":\"El acad\u00e9mico de Dise\u00f1o UC, Pablo Hermansen, ha sido convocado por la Ministra de Salud, Dra. Bego\u00f1a Yarza, a integrar el nuevo gabinete ministerial. Nombramiento que se sustenta en el trabajo de investigaci\u00f3n-acci\u00f3n desarrollado por m\u00e1s de 10 a\u00f1os en la Salud P\u00fablica y en la experiencia adquirida en instituciones como el Hospital Pedi\u00e1trico Dr. Exequiel Gonz\u00e1lez Cort\u00e9s, donde trabaj\u00f3 con la actual Ministra mientras fue directora; el Hospital de Urgencias Asistencia P\u00fablica (Posta Central); el Hospital San Jos\u00e9 de Maipo; el Hospital S\u00f3tero del R\u00edo; el CESFAM San Rafael de La Pintana; entre otros.\",\"breadcrumb\":{\"@id\":\"https:\/\/fadeu.urantiacos.cl\/en\/2022\/04\/08\/pablo-hermansen-se-integra-como-asesor-al-nuevo-gabinete-del-ministerio-de-salud\/#breadcrumb\"},\"inLanguage\":\"en-US\",\"potentialAction\":[{\"@type\":\"ReadAction\",\"target\":[\"https:\/\/fadeu.urantiacos.cl\/en\/2022\/04\/08\/pablo-hermansen-se-integra-como-asesor-al-nuevo-gabinete-del-ministerio-de-salud\/\"]}]},{\"@type\":\"ImageObject\",\"inLanguage\":\"en-US\",\"@id\":\"https:\/\/fadeu.urantiacos.cl\/en\/2022\/04\/08\/pablo-hermansen-se-integra-como-asesor-al-nuevo-gabinete-del-ministerio-de-salud\/#primaryimage\",\"url\":\"https:\/\/fadeu.urantiacos.cl\/wp-content\/uploads\/2023\/09\/PABLO-HERMANSEN_web.jpg\",\"contentUrl\":\"https:\/\/fadeu.urantiacos.cl\/wp-content\/uploads\/2023\/09\/PABLO-HERMANSEN_web.jpg\",\"width\":350,\"height\":250},{\"@type\":\"BreadcrumbList\",\"@id\":\"https:\/\/fadeu.urantiacos.cl\/en\/2022\/04\/08\/pablo-hermansen-se-integra-como-asesor-al-nuevo-gabinete-del-ministerio-de-salud\/#breadcrumb\",\"itemListElement\":[{\"@type\":\"ListItem\",\"position\":1,\"name\":\"Portada\",\"item\":\"https:\/\/fadeu.urantiacos.cl\/en\/\"},{\"@type\":\"ListItem\",\"position\":2,\"name\":\"Pablo Hermansen se integra como asesor al nuevo gabinete del ministerio de Salud\"}]},{\"@type\":\"WebSite\",\"@id\":\"https:\/\/fadeu.urantiacos.cl\/en\/#website\",\"url\":\"https:\/\/fadeu.urantiacos.cl\/en\/\",\"name\":\"Facultad de Arquitectura, Dise\u00f1o y Estudios Urbanos\",\"description\":\"Campus Lo Contador\",\"potentialAction\":[{\"@type\":\"SearchAction\",\"target\":{\"@type\":\"EntryPoint\",\"urlTemplate\":\"https:\/\/fadeu.urantiacos.cl\/en\/?s={search_term_string}\"},\"query-input\":{\"@type\":\"PropertyValueSpecification\",\"valueRequired\":true,\"valueName\":\"search_term_string\"}}],\"inLanguage\":\"en-US\"},{\"@type\":\"Person\",\"@id\":\"https:\/\/fadeu.urantiacos.cl\/en\/#\/schema\/person\/d203e2e84b1c40275eac77b3061a19a2\",\"name\":\"manadmin\",\"image\":{\"@type\":\"ImageObject\",\"inLanguage\":\"en-US\",\"@id\":\"https:\/\/fadeu.urantiacos.cl\/en\/#\/schema\/person\/image\/\",\"url\":\"https:\/\/secure.gravatar.com\/avatar\/4b1d8e3303b4a9d8968ac578947d8bc80d9aea359f388cdd4aac15cadc0e8447?s=96&d=mm&r=g\",\"contentUrl\":\"https:\/\/secure.gravatar.com\/avatar\/4b1d8e3303b4a9d8968ac578947d8bc80d9aea359f388cdd4aac15cadc0e8447?s=96&d=mm&r=g\",\"caption\":\"manadmin\"},\"sameAs\":[\"https:\/\/fadeu.urantiacos.cl\"]}]}<\/script>\n<!-- \/ Yoast SEO plugin. -->","yoast_head_json":{"title":"Pablo Hermansen se integra como asesor al nuevo gabinete del ministerio de Salud - Facultad de Arquitectura, Dise\u00f1o y Estudios Urbanos","description":"El acad\u00e9mico de Dise\u00f1o UC, Pablo Hermansen, ha sido convocado por la Ministra de Salud, Dra. Bego\u00f1a Yarza, a integrar el nuevo gabinete ministerial. Nombramiento que se sustenta en el trabajo de investigaci\u00f3n-acci\u00f3n desarrollado por m\u00e1s de 10 a\u00f1os en la Salud P\u00fablica y en la experiencia adquirida en instituciones como el Hospital Pedi\u00e1trico Dr. Exequiel Gonz\u00e1lez Cort\u00e9s, donde trabaj\u00f3 con la actual Ministra mientras fue directora; el Hospital de Urgencias Asistencia P\u00fablica (Posta Central); el Hospital San Jos\u00e9 de Maipo; el Hospital S\u00f3tero del R\u00edo; el CESFAM San Rafael de La Pintana; entre otros.","robots":{"index":"index","follow":"follow","max-snippet":"max-snippet:-1","max-image-preview":"max-image-preview:large","max-video-preview":"max-video-preview:-1"},"canonical":"https:\/\/fadeu.urantiacos.cl\/en\/2022\/04\/08\/pablo-hermansen-se-integra-como-asesor-al-nuevo-gabinete-del-ministerio-de-salud\/","og_locale":"en_US","og_type":"article","og_title":"Pablo Hermansen se integra como asesor al nuevo gabinete del ministerio de Salud - Facultad de Arquitectura, Dise\u00f1o y Estudios Urbanos","og_description":"El acad\u00e9mico de Dise\u00f1o UC, Pablo Hermansen, ha sido convocado por la Ministra de Salud, Dra. Bego\u00f1a Yarza, a integrar el nuevo gabinete ministerial. Nombramiento que se sustenta en el trabajo de investigaci\u00f3n-acci\u00f3n desarrollado por m\u00e1s de 10 a\u00f1os en la Salud P\u00fablica y en la experiencia adquirida en instituciones como el Hospital Pedi\u00e1trico Dr. Exequiel Gonz\u00e1lez Cort\u00e9s, donde trabaj\u00f3 con la actual Ministra mientras fue directora; el Hospital de Urgencias Asistencia P\u00fablica (Posta Central); el Hospital San Jos\u00e9 de Maipo; el Hospital S\u00f3tero del R\u00edo; el CESFAM San Rafael de La Pintana; entre otros.","og_url":"https:\/\/fadeu.urantiacos.cl\/en\/2022\/04\/08\/pablo-hermansen-se-integra-como-asesor-al-nuevo-gabinete-del-ministerio-de-salud\/","og_site_name":"Facultad de Arquitectura, Dise\u00f1o y Estudios Urbanos","article_published_time":"2022-04-08T13:07:00+00:00","article_modified_time":"2023-09-06T13:09:03+00:00","og_image":[{"width":350,"height":250,"url":"https:\/\/fadeu.urantiacos.cl\/wp-content\/uploads\/2023\/09\/PABLO-HERMANSEN_web.jpg","type":"image\/jpeg"}],"author":"manadmin","twitter_card":"summary_large_image","twitter_misc":{"Written by":"manadmin","Est. reading time":"1 minute"},"schema":{"@context":"https:\/\/schema.org","@graph":[{"@type":"Article","@id":"https:\/\/fadeu.urantiacos.cl\/en\/2022\/04\/08\/pablo-hermansen-se-integra-como-asesor-al-nuevo-gabinete-del-ministerio-de-salud\/#article","isPartOf":{"@id":"https:\/\/fadeu.urantiacos.cl\/en\/2022\/04\/08\/pablo-hermansen-se-integra-como-asesor-al-nuevo-gabinete-del-ministerio-de-salud\/"},"author":{"name":"manadmin","@id":"https:\/\/fadeu.urantiacos.cl\/en\/#\/schema\/person\/d203e2e84b1c40275eac77b3061a19a2"},"headline":"Pablo Hermansen se integra como asesor al nuevo gabinete del ministerio de Salud","datePublished":"2022-04-08T13:07:00+00:00","dateModified":"2023-09-06T13:09:03+00:00","mainEntityOfPage":{"@id":"https:\/\/fadeu.urantiacos.cl\/en\/2022\/04\/08\/pablo-hermansen-se-integra-como-asesor-al-nuevo-gabinete-del-ministerio-de-salud\/"},"wordCount":167,"commentCount":0,"image":{"@id":"https:\/\/fadeu.urantiacos.cl\/en\/2022\/04\/08\/pablo-hermansen-se-integra-como-asesor-al-nuevo-gabinete-del-ministerio-de-salud\/#primaryimage"},"thumbnailUrl":"https:\/\/fadeu.urantiacos.cl\/wp-content\/uploads\/2023\/09\/PABLO-HERMANSEN_web.jpg","articleSection":["Sin categorizar"],"inLanguage":"en-US","potentialAction":[{"@type":"CommentAction","name":"Comment","target":["https:\/\/fadeu.urantiacos.cl\/en\/2022\/04\/08\/pablo-hermansen-se-integra-como-asesor-al-nuevo-gabinete-del-ministerio-de-salud\/#respond"]}]},{"@type":"WebPage","@id":"https:\/\/fadeu.urantiacos.cl\/en\/2022\/04\/08\/pablo-hermansen-se-integra-como-asesor-al-nuevo-gabinete-del-ministerio-de-salud\/","url":"https:\/\/fadeu.urantiacos.cl\/en\/2022\/04\/08\/pablo-hermansen-se-integra-como-asesor-al-nuevo-gabinete-del-ministerio-de-salud\/","name":"Pablo Hermansen se integra como asesor al nuevo gabinete del ministerio de Salud - Facultad de Arquitectura, Dise\u00f1o y Estudios Urbanos","isPartOf":{"@id":"https:\/\/fadeu.urantiacos.cl\/en\/#website"},"primaryImageOfPage":{"@id":"https:\/\/fadeu.urantiacos.cl\/en\/2022\/04\/08\/pablo-hermansen-se-integra-como-asesor-al-nuevo-gabinete-del-ministerio-de-salud\/#primaryimage"},"image":{"@id":"https:\/\/fadeu.urantiacos.cl\/en\/2022\/04\/08\/pablo-hermansen-se-integra-como-asesor-al-nuevo-gabinete-del-ministerio-de-salud\/#primaryimage"},"thumbnailUrl":"https:\/\/fadeu.urantiacos.cl\/wp-content\/uploads\/2023\/09\/PABLO-HERMANSEN_web.jpg","datePublished":"2022-04-08T13:07:00+00:00","dateModified":"2023-09-06T13:09:03+00:00","author":{"@id":"https:\/\/fadeu.urantiacos.cl\/en\/#\/schema\/person\/d203e2e84b1c40275eac77b3061a19a2"},"description":"El acad\u00e9mico de Dise\u00f1o UC, Pablo Hermansen, ha sido convocado por la Ministra de Salud, Dra. Bego\u00f1a Yarza, a integrar el nuevo gabinete ministerial. Nombramiento que se sustenta en el trabajo de investigaci\u00f3n-acci\u00f3n desarrollado por m\u00e1s de 10 a\u00f1os en la Salud P\u00fablica y en la experiencia adquirida en instituciones como el Hospital Pedi\u00e1trico Dr. Exequiel Gonz\u00e1lez Cort\u00e9s, donde trabaj\u00f3 con la actual Ministra mientras fue directora; el Hospital de Urgencias Asistencia P\u00fablica (Posta Central); el Hospital San Jos\u00e9 de Maipo; el Hospital S\u00f3tero del R\u00edo; el CESFAM San Rafael de La Pintana; entre otros.","breadcrumb":{"@id":"https:\/\/fadeu.urantiacos.cl\/en\/2022\/04\/08\/pablo-hermansen-se-integra-como-asesor-al-nuevo-gabinete-del-ministerio-de-salud\/#breadcrumb"},"inLanguage":"en-US","potentialAction":[{"@type":"ReadAction","target":["https:\/\/fadeu.urantiacos.cl\/en\/2022\/04\/08\/pablo-hermansen-se-integra-como-asesor-al-nuevo-gabinete-del-ministerio-de-salud\/"]}]},{"@type":"ImageObject","inLanguage":"en-US","@id":"https:\/\/fadeu.urantiacos.cl\/en\/2022\/04\/08\/pablo-hermansen-se-integra-como-asesor-al-nuevo-gabinete-del-ministerio-de-salud\/#primaryimage","url":"https:\/\/fadeu.urantiacos.cl\/wp-content\/uploads\/2023\/09\/PABLO-HERMANSEN_web.jpg","contentUrl":"https:\/\/fadeu.urantiacos.cl\/wp-content\/uploads\/2023\/09\/PABLO-HERMANSEN_web.jpg","width":350,"height":250},{"@type":"BreadcrumbList","@id":"https:\/\/fadeu.urantiacos.cl\/en\/2022\/04\/08\/pablo-hermansen-se-integra-como-asesor-al-nuevo-gabinete-del-ministerio-de-salud\/#breadcrumb","itemListElement":[{"@type":"ListItem","position":1,"name":"Portada","item":"https:\/\/fadeu.urantiacos.cl\/en\/"},{"@type":"ListItem","position":2,"name":"Pablo Hermansen se integra como asesor al nuevo gabinete del ministerio de Salud"}]},{"@type":"WebSite","@id":"https:\/\/fadeu.urantiacos.cl\/en\/#website","url":"https:\/\/fadeu.urantiacos.cl\/en\/","name":"Facultad de Arquitectura, Dise\u00f1o y Estudios Urbanos","description":"Campus Lo Contador","potentialAction":[{"@type":"SearchAction","target":{"@type":"EntryPoint","urlTemplate":"https:\/\/fadeu.urantiacos.cl\/en\/?s={search_term_string}"},"query-input":{"@type":"PropertyValueSpecification","valueRequired":true,"valueName":"search_term_string"}}],"inLanguage":"en-US"},{"@type":"Person","@id":"https:\/\/fadeu.urantiacos.cl\/en\/#\/schema\/person\/d203e2e84b1c40275eac77b3061a19a2","name":"manadmin","image":{"@type":"ImageObject","inLanguage":"en-US","@id":"https:\/\/fadeu.urantiacos.cl\/en\/#\/schema\/person\/image\/","url":"https:\/\/secure.gravatar.com\/avatar\/4b1d8e3303b4a9d8968ac578947d8bc80d9aea359f388cdd4aac15cadc0e8447?s=96&d=mm&r=g","contentUrl":"https:\/\/secure.gravatar.com\/avatar\/4b1d8e3303b4a9d8968ac578947d8bc80d9aea359f388cdd4aac15cadc0e8447?s=96&d=mm&r=g","caption":"manadmin"},"sameAs":["https:\/\/fadeu.urantiacos.cl"]}]}},"_links":{"self":[{"href":"https:\/\/fadeu.urantiacos.cl\/en\/wp-json\/wp\/v2\/posts\/5279","targetHints":{"allow":["GET"]}}],"collection":[{"href":"https:\/\/fadeu.urantiacos.cl\/en\/wp-json\/wp\/v2\/posts"}],"about":[{"href":"https:\/\/fadeu.urantiacos.cl\/en\/wp-json\/wp\/v2\/types\/post"}],"author":[{"embeddable":true,"href":"https:\/\/fadeu.urantiacos.cl\/en\/wp-json\/wp\/v2\/users\/1"}],"replies":[{"embeddable":true,"href":"https:\/\/fadeu.urantiacos.cl\/en\/wp-json\/wp\/v2\/comments?post=5279"}],"version-history":[{"count":1,"href":"https:\/\/fadeu.urantiacos.cl\/en\/wp-json\/wp\/v2\/posts\/5279\/revisions"}],"predecessor-version":[{"id":5281,"href":"https:\/\/fadeu.urantiacos.cl\/en\/wp-json\/wp\/v2\/posts\/5279\/revisions\/5281"}],"wp:featuredmedia":[{"embeddable":true,"href":"https:\/\/fadeu.urantiacos.cl\/en\/wp-json\/wp\/v2\/media\/5280"}],"wp:attachment":[{"href":"https:\/\/fadeu.urantiacos.cl\/en\/wp-json\/wp\/v2\/media?parent=5279"}],"wp:term":[{"taxonomy":"category","embeddable":true,"href":"https:\/\/fadeu.urantiacos.cl\/en\/wp-json\/wp\/v2\/categories?post=5279"},{"taxonomy":"post_tag","embeddable":true,"href":"https:\/\/fadeu.urantiacos.cl\/en\/wp-json\/wp\/v2\/tags?post=5279"}],"curies":[{"name":"wp","href":"https:\/\/api.w.org\/{rel}","templated":true}]}}