{"id":5266,"date":"2022-04-11T10:00:00","date_gmt":"2022-04-11T13:00:00","guid":{"rendered":"https:\/\/fadeu.urantiacos.cl\/?p=5266"},"modified":"2023-09-06T10:02:48","modified_gmt":"2023-09-06T13:02:48","slug":"delegacion-de-la-university-of-technology-sydney-visito-el-campus-lo-contador","status":"publish","type":"post","link":"https:\/\/fadeu.urantiacos.cl\/en\/2022\/04\/11\/delegacion-de-la-university-of-technology-sydney-visito-el-campus-lo-contador\/","title":{"rendered":"Delegaci\u00f3n de la University of Technology Sydney visit\u00f3 el campus Lo Contador"},"content":{"rendered":"\n<figure class=\"wp-block-image size-full\"><img decoding=\"async\" width=\"350\" height=\"250\" src=\"https:\/\/fadeu.urantiacos.cl\/wp-content\/uploads\/2023\/09\/WEB_WhatsApp_Image_2022-04-11_at_8.33.50_AM.jpg\" alt=\"\" class=\"wp-image-5267\" srcset=\"https:\/\/fadeu.urantiacos.cl\/wp-content\/uploads\/2023\/09\/WEB_WhatsApp_Image_2022-04-11_at_8.33.50_AM.jpg 350w, https:\/\/fadeu.urantiacos.cl\/wp-content\/uploads\/2023\/09\/WEB_WhatsApp_Image_2022-04-11_at_8.33.50_AM-300x214.jpg 300w\" sizes=\"(max-width: 350px) 100vw, 350px\" \/><\/figure>\n\n\n\n<p>La instancia fue presidida por la Vicerrectora de Asuntos Internacionales, Lilian Ferrer; la directora de Investigaci\u00f3n y Postgrado FADEU, Magdalena Vicu\u00f1a; el director de CEDEUS, Waldo Bustamante; y la encargada del programa de Artesan\u00eda UC, Elena Alfaro; quienes recibieron a Iain Watt, Deputy Vice-Chancellor de la UTS International; y a Innes Ireland, Deputy Director (Global Engagement) de la UTS International.<\/p>\n\n\n\n<p>Lo anterior, en el marco de que la Vicerrector\u00eda de Asuntos Internacionales UC tiene por objetivo promover el conocimiento de los campus y facultades de las delegaciones internacionales que vienen a fortalecer colaboraci\u00f3n. En este contexto, y destacando que la UTS tiene especial inter\u00e9s en temas de sustentabilidad y relaci\u00f3n con pueblos originarios, es que la visita se produjo en el campus Lo Contador.<\/p>\n\n\n\n<p>En este contexto, la delegaci\u00f3n y el equipo de docentes e investigadores\/as UC conversaron sobre los desaf\u00edos de la sustentabilidad a nivel global, y sobre el fortalecimiento de los v\u00ednculos ya existentes entre ambas universidades.<\/p>\n\n\n\n<p>En este sentido, destacan convenios vigentes a nivel de cooperaci\u00f3n general; bilateral general; y doble grado de Doctorado.<\/p>\n\n\n\n<p>Adem\u00e1s, respecto de la movilidad de estudiantes y acad\u00e9micos\/as, 36 estudiantes UC han podido visitar la UTS y 21 estudiantes de la UTS han podido visitar la UC, en el marco de un plan de intercambio estudiantil. Asimismo, nueve profesores UC han tenido la opci\u00f3n de realizar pasant\u00edas en la UTS (de las carreras de arquitectura, ingenier\u00eda, medicina, qu\u00edmica y otras).<\/p>\n\n\n\n<p>Adem\u00e1s, hay 3 estudiantes de Doctorado en modalidad de co-tutela: 3 (de la Facultad de Ingenier\u00eda), un profesor que realiz\u00f3 estudios de postgrado en la UTS, un proyecto conjunto de investigaci\u00f3n y alrededor de 60 publicaciones conjuntas WoS.<\/p>\n\n\n\n<p>\u201cEl objetivo es fortalecer y promover el contacto entre docentes e investigadores de la Facultad de Arquitectura, Dise\u00f1o y Estudios Urbanos y la UTS, en temas de com\u00fan inter\u00e9s\u201d, afirm\u00f3 la directora de Investigaci\u00f3n y Postgrado FADEU, Magdalena Vicu\u00f1a.&nbsp;<\/p>\n\n\n\n<p>INFORMACI\u00d3N PERIOD\u00cdSTICA<br>JUAN ANDR\u00c9S INZUNZA<\/p>\n\n\n\n<figure class=\"wp-block-image size-large\"><img decoding=\"async\" width=\"1024\" height=\"766\" src=\"https:\/\/fadeu.urantiacos.cl\/wp-content\/uploads\/2023\/09\/WhatsApp_Image_2022-04-11_at_8.33.50_AM-1024x766.jpeg\" alt=\"\" class=\"wp-image-5268\" srcset=\"https:\/\/fadeu.urantiacos.cl\/wp-content\/uploads\/2023\/09\/WhatsApp_Image_2022-04-11_at_8.33.50_AM-1024x766.jpeg 1024w, https:\/\/fadeu.urantiacos.cl\/wp-content\/uploads\/2023\/09\/WhatsApp_Image_2022-04-11_at_8.33.50_AM-300x225.jpeg 300w, https:\/\/fadeu.urantiacos.cl\/wp-content\/uploads\/2023\/09\/WhatsApp_Image_2022-04-11_at_8.33.50_AM-768x575.jpeg 768w, https:\/\/fadeu.urantiacos.cl\/wp-content\/uploads\/2023\/09\/WhatsApp_Image_2022-04-11_at_8.33.50_AM.jpeg 1280w\" sizes=\"(max-width: 1024px) 100vw, 1024px\" \/><\/figure>\n","protected":false},"excerpt":{"rendered":"<p>Una visita protocolar realiz\u00f3 una delegaci\u00f3n de la University of Technology Sydney (UTS) al campus Lo Contador, con objeto de -en palabras de los organizadores- volver a conectar tras dos a\u00f1os de encierro y discutir c\u00f3mo desarrollar a\u00fan m\u00e1s lazos de colaboraci\u00f3n y, en particular,  c+omo seguir impulsando investigaciones que han demostrado ser fruct\u00edferas, as\u00ed como avanzar en innovaci\u00f3n y en el involucramiento con la industria.<\/p>\n","protected":false},"author":1,"featured_media":5267,"comment_status":"open","ping_status":"open","sticky":false,"template":"","format":"standard","meta":{"_acf_changed":false,"footnotes":""},"categories":[1],"tags":[],"class_list":["post-5266","post","type-post","status-publish","format-standard","has-post-thumbnail","hentry","category-sin-categorizar"],"acf":[],"yoast_head":"<!-- This site is optimized with the Yoast SEO plugin v27.1.1 - https:\/\/yoast.com\/product\/yoast-seo-wordpress\/ -->\n<title>Delegaci\u00f3n de la University of Technology Sydney visit\u00f3 el campus Lo Contador - Facultad de Arquitectura, Dise\u00f1o y Estudios Urbanos<\/title>\n<meta name=\"description\" content=\"Una visita protocolar realiz\u00f3 una delegaci\u00f3n de la University of Technology Sydney (UTS) al campus Lo Contador, con objeto de -en palabras de los organizadores- volver a conectar tras dos a\u00f1os de encierro y discutir c\u00f3mo desarrollar a\u00fan m\u00e1s lazos de colaboraci\u00f3n y, en particular, c+omo seguir impulsando investigaciones que han demostrado ser fruct\u00edferas, as\u00ed como avanzar en innovaci\u00f3n y en el involucramiento con la industria.\" \/>\n<meta name=\"robots\" content=\"index, follow, max-snippet:-1, max-image-preview:large, max-video-preview:-1\" \/>\n<link rel=\"canonical\" href=\"https:\/\/fadeu.urantiacos.cl\/en\/2022\/04\/11\/delegacion-de-la-university-of-technology-sydney-visito-el-campus-lo-contador\/\" \/>\n<meta property=\"og:locale\" content=\"en_US\" \/>\n<meta property=\"og:type\" content=\"article\" \/>\n<meta property=\"og:title\" content=\"Delegaci\u00f3n de la University of Technology Sydney visit\u00f3 el campus Lo Contador - Facultad de Arquitectura, Dise\u00f1o y Estudios Urbanos\" \/>\n<meta property=\"og:description\" content=\"Una visita protocolar realiz\u00f3 una delegaci\u00f3n de la University of Technology Sydney (UTS) al campus Lo Contador, con objeto de -en palabras de los organizadores- volver a conectar tras dos a\u00f1os de encierro y discutir c\u00f3mo desarrollar a\u00fan m\u00e1s lazos de colaboraci\u00f3n y, en particular, c+omo seguir impulsando investigaciones que han demostrado ser fruct\u00edferas, as\u00ed como avanzar en innovaci\u00f3n y en el involucramiento con la industria.\" \/>\n<meta property=\"og:url\" content=\"https:\/\/fadeu.urantiacos.cl\/en\/2022\/04\/11\/delegacion-de-la-university-of-technology-sydney-visito-el-campus-lo-contador\/\" \/>\n<meta property=\"og:site_name\" content=\"Facultad de Arquitectura, Dise\u00f1o y Estudios Urbanos\" \/>\n<meta property=\"article:published_time\" content=\"2022-04-11T13:00:00+00:00\" \/>\n<meta property=\"article:modified_time\" content=\"2023-09-06T13:02:48+00:00\" \/>\n<meta property=\"og:image\" content=\"https:\/\/fadeu.urantiacos.cl\/wp-content\/uploads\/2023\/09\/WEB_WhatsApp_Image_2022-04-11_at_8.33.50_AM.jpg\" \/>\n\t<meta property=\"og:image:width\" content=\"350\" \/>\n\t<meta property=\"og:image:height\" content=\"250\" \/>\n\t<meta property=\"og:image:type\" content=\"image\/jpeg\" \/>\n<meta name=\"author\" content=\"manadmin\" \/>\n<meta name=\"twitter:card\" content=\"summary_large_image\" \/>\n<meta name=\"twitter:label1\" content=\"Written by\" \/>\n\t<meta name=\"twitter:data1\" content=\"manadmin\" \/>\n\t<meta name=\"twitter:label2\" content=\"Est. reading time\" \/>\n\t<meta name=\"twitter:data2\" content=\"2 minutes\" \/>\n<script type=\"application\/ld+json\" class=\"yoast-schema-graph\">{\"@context\":\"https:\/\/schema.org\",\"@graph\":[{\"@type\":\"Article\",\"@id\":\"https:\/\/fadeu.urantiacos.cl\/en\/2022\/04\/11\/delegacion-de-la-university-of-technology-sydney-visito-el-campus-lo-contador\/#article\",\"isPartOf\":{\"@id\":\"https:\/\/fadeu.urantiacos.cl\/en\/2022\/04\/11\/delegacion-de-la-university-of-technology-sydney-visito-el-campus-lo-contador\/\"},\"author\":{\"name\":\"manadmin\",\"@id\":\"https:\/\/fadeu.urantiacos.cl\/en\/#\/schema\/person\/d203e2e84b1c40275eac77b3061a19a2\"},\"headline\":\"Delegaci\u00f3n de la University of Technology Sydney visit\u00f3 el campus Lo Contador\",\"datePublished\":\"2022-04-11T13:00:00+00:00\",\"dateModified\":\"2023-09-06T13:02:48+00:00\",\"mainEntityOfPage\":{\"@id\":\"https:\/\/fadeu.urantiacos.cl\/en\/2022\/04\/11\/delegacion-de-la-university-of-technology-sydney-visito-el-campus-lo-contador\/\"},\"wordCount\":358,\"commentCount\":0,\"image\":{\"@id\":\"https:\/\/fadeu.urantiacos.cl\/en\/2022\/04\/11\/delegacion-de-la-university-of-technology-sydney-visito-el-campus-lo-contador\/#primaryimage\"},\"thumbnailUrl\":\"https:\/\/fadeu.urantiacos.cl\/wp-content\/uploads\/2023\/09\/WEB_WhatsApp_Image_2022-04-11_at_8.33.50_AM.jpg\",\"articleSection\":[\"Sin categorizar\"],\"inLanguage\":\"en-US\",\"potentialAction\":[{\"@type\":\"CommentAction\",\"name\":\"Comment\",\"target\":[\"https:\/\/fadeu.urantiacos.cl\/en\/2022\/04\/11\/delegacion-de-la-university-of-technology-sydney-visito-el-campus-lo-contador\/#respond\"]}]},{\"@type\":\"WebPage\",\"@id\":\"https:\/\/fadeu.urantiacos.cl\/en\/2022\/04\/11\/delegacion-de-la-university-of-technology-sydney-visito-el-campus-lo-contador\/\",\"url\":\"https:\/\/fadeu.urantiacos.cl\/en\/2022\/04\/11\/delegacion-de-la-university-of-technology-sydney-visito-el-campus-lo-contador\/\",\"name\":\"Delegaci\u00f3n de la University of Technology Sydney visit\u00f3 el campus Lo Contador - Facultad de Arquitectura, Dise\u00f1o y Estudios Urbanos\",\"isPartOf\":{\"@id\":\"https:\/\/fadeu.urantiacos.cl\/en\/#website\"},\"primaryImageOfPage\":{\"@id\":\"https:\/\/fadeu.urantiacos.cl\/en\/2022\/04\/11\/delegacion-de-la-university-of-technology-sydney-visito-el-campus-lo-contador\/#primaryimage\"},\"image\":{\"@id\":\"https:\/\/fadeu.urantiacos.cl\/en\/2022\/04\/11\/delegacion-de-la-university-of-technology-sydney-visito-el-campus-lo-contador\/#primaryimage\"},\"thumbnailUrl\":\"https:\/\/fadeu.urantiacos.cl\/wp-content\/uploads\/2023\/09\/WEB_WhatsApp_Image_2022-04-11_at_8.33.50_AM.jpg\",\"datePublished\":\"2022-04-11T13:00:00+00:00\",\"dateModified\":\"2023-09-06T13:02:48+00:00\",\"author\":{\"@id\":\"https:\/\/fadeu.urantiacos.cl\/en\/#\/schema\/person\/d203e2e84b1c40275eac77b3061a19a2\"},\"description\":\"Una visita protocolar realiz\u00f3 una delegaci\u00f3n de la University of Technology Sydney (UTS) al campus Lo Contador, con objeto de -en palabras de los organizadores- volver a conectar tras dos a\u00f1os de encierro y discutir c\u00f3mo desarrollar a\u00fan m\u00e1s lazos de colaboraci\u00f3n y, en particular, c+omo seguir impulsando investigaciones que han demostrado ser fruct\u00edferas, as\u00ed como avanzar en innovaci\u00f3n y en el involucramiento con la industria.\",\"breadcrumb\":{\"@id\":\"https:\/\/fadeu.urantiacos.cl\/en\/2022\/04\/11\/delegacion-de-la-university-of-technology-sydney-visito-el-campus-lo-contador\/#breadcrumb\"},\"inLanguage\":\"en-US\",\"potentialAction\":[{\"@type\":\"ReadAction\",\"target\":[\"https:\/\/fadeu.urantiacos.cl\/en\/2022\/04\/11\/delegacion-de-la-university-of-technology-sydney-visito-el-campus-lo-contador\/\"]}]},{\"@type\":\"ImageObject\",\"inLanguage\":\"en-US\",\"@id\":\"https:\/\/fadeu.urantiacos.cl\/en\/2022\/04\/11\/delegacion-de-la-university-of-technology-sydney-visito-el-campus-lo-contador\/#primaryimage\",\"url\":\"https:\/\/fadeu.urantiacos.cl\/wp-content\/uploads\/2023\/09\/WEB_WhatsApp_Image_2022-04-11_at_8.33.50_AM.jpg\",\"contentUrl\":\"https:\/\/fadeu.urantiacos.cl\/wp-content\/uploads\/2023\/09\/WEB_WhatsApp_Image_2022-04-11_at_8.33.50_AM.jpg\",\"width\":350,\"height\":250},{\"@type\":\"BreadcrumbList\",\"@id\":\"https:\/\/fadeu.urantiacos.cl\/en\/2022\/04\/11\/delegacion-de-la-university-of-technology-sydney-visito-el-campus-lo-contador\/#breadcrumb\",\"itemListElement\":[{\"@type\":\"ListItem\",\"position\":1,\"name\":\"Portada\",\"item\":\"https:\/\/fadeu.urantiacos.cl\/en\/\"},{\"@type\":\"ListItem\",\"position\":2,\"name\":\"Delegaci\u00f3n de la University of Technology Sydney visit\u00f3 el campus Lo Contador\"}]},{\"@type\":\"WebSite\",\"@id\":\"https:\/\/fadeu.urantiacos.cl\/en\/#website\",\"url\":\"https:\/\/fadeu.urantiacos.cl\/en\/\",\"name\":\"Facultad de Arquitectura, Dise\u00f1o y Estudios Urbanos\",\"description\":\"Campus Lo Contador\",\"potentialAction\":[{\"@type\":\"SearchAction\",\"target\":{\"@type\":\"EntryPoint\",\"urlTemplate\":\"https:\/\/fadeu.urantiacos.cl\/en\/?s={search_term_string}\"},\"query-input\":{\"@type\":\"PropertyValueSpecification\",\"valueRequired\":true,\"valueName\":\"search_term_string\"}}],\"inLanguage\":\"en-US\"},{\"@type\":\"Person\",\"@id\":\"https:\/\/fadeu.urantiacos.cl\/en\/#\/schema\/person\/d203e2e84b1c40275eac77b3061a19a2\",\"name\":\"manadmin\",\"image\":{\"@type\":\"ImageObject\",\"inLanguage\":\"en-US\",\"@id\":\"https:\/\/fadeu.urantiacos.cl\/en\/#\/schema\/person\/image\/\",\"url\":\"https:\/\/secure.gravatar.com\/avatar\/4b1d8e3303b4a9d8968ac578947d8bc80d9aea359f388cdd4aac15cadc0e8447?s=96&d=mm&r=g\",\"contentUrl\":\"https:\/\/secure.gravatar.com\/avatar\/4b1d8e3303b4a9d8968ac578947d8bc80d9aea359f388cdd4aac15cadc0e8447?s=96&d=mm&r=g\",\"caption\":\"manadmin\"},\"sameAs\":[\"https:\/\/fadeu.urantiacos.cl\"]}]}<\/script>\n<!-- \/ Yoast SEO plugin. -->","yoast_head_json":{"title":"Delegaci\u00f3n de la University of Technology Sydney visit\u00f3 el campus Lo Contador - Facultad de Arquitectura, Dise\u00f1o y Estudios Urbanos","description":"Una visita protocolar realiz\u00f3 una delegaci\u00f3n de la University of Technology Sydney (UTS) al campus Lo Contador, con objeto de -en palabras de los organizadores- volver a conectar tras dos a\u00f1os de encierro y discutir c\u00f3mo desarrollar a\u00fan m\u00e1s lazos de colaboraci\u00f3n y, en particular, c+omo seguir impulsando investigaciones que han demostrado ser fruct\u00edferas, as\u00ed como avanzar en innovaci\u00f3n y en el involucramiento con la industria.","robots":{"index":"index","follow":"follow","max-snippet":"max-snippet:-1","max-image-preview":"max-image-preview:large","max-video-preview":"max-video-preview:-1"},"canonical":"https:\/\/fadeu.urantiacos.cl\/en\/2022\/04\/11\/delegacion-de-la-university-of-technology-sydney-visito-el-campus-lo-contador\/","og_locale":"en_US","og_type":"article","og_title":"Delegaci\u00f3n de la University of Technology Sydney visit\u00f3 el campus Lo Contador - Facultad de Arquitectura, Dise\u00f1o y Estudios Urbanos","og_description":"Una visita protocolar realiz\u00f3 una delegaci\u00f3n de la University of Technology Sydney (UTS) al campus Lo Contador, con objeto de -en palabras de los organizadores- volver a conectar tras dos a\u00f1os de encierro y discutir c\u00f3mo desarrollar a\u00fan m\u00e1s lazos de colaboraci\u00f3n y, en particular, c+omo seguir impulsando investigaciones que han demostrado ser fruct\u00edferas, as\u00ed como avanzar en innovaci\u00f3n y en el involucramiento con la industria.","og_url":"https:\/\/fadeu.urantiacos.cl\/en\/2022\/04\/11\/delegacion-de-la-university-of-technology-sydney-visito-el-campus-lo-contador\/","og_site_name":"Facultad de Arquitectura, Dise\u00f1o y Estudios Urbanos","article_published_time":"2022-04-11T13:00:00+00:00","article_modified_time":"2023-09-06T13:02:48+00:00","og_image":[{"width":350,"height":250,"url":"https:\/\/fadeu.urantiacos.cl\/wp-content\/uploads\/2023\/09\/WEB_WhatsApp_Image_2022-04-11_at_8.33.50_AM.jpg","type":"image\/jpeg"}],"author":"manadmin","twitter_card":"summary_large_image","twitter_misc":{"Written by":"manadmin","Est. reading time":"2 minutes"},"schema":{"@context":"https:\/\/schema.org","@graph":[{"@type":"Article","@id":"https:\/\/fadeu.urantiacos.cl\/en\/2022\/04\/11\/delegacion-de-la-university-of-technology-sydney-visito-el-campus-lo-contador\/#article","isPartOf":{"@id":"https:\/\/fadeu.urantiacos.cl\/en\/2022\/04\/11\/delegacion-de-la-university-of-technology-sydney-visito-el-campus-lo-contador\/"},"author":{"name":"manadmin","@id":"https:\/\/fadeu.urantiacos.cl\/en\/#\/schema\/person\/d203e2e84b1c40275eac77b3061a19a2"},"headline":"Delegaci\u00f3n de la University of Technology Sydney visit\u00f3 el campus Lo Contador","datePublished":"2022-04-11T13:00:00+00:00","dateModified":"2023-09-06T13:02:48+00:00","mainEntityOfPage":{"@id":"https:\/\/fadeu.urantiacos.cl\/en\/2022\/04\/11\/delegacion-de-la-university-of-technology-sydney-visito-el-campus-lo-contador\/"},"wordCount":358,"commentCount":0,"image":{"@id":"https:\/\/fadeu.urantiacos.cl\/en\/2022\/04\/11\/delegacion-de-la-university-of-technology-sydney-visito-el-campus-lo-contador\/#primaryimage"},"thumbnailUrl":"https:\/\/fadeu.urantiacos.cl\/wp-content\/uploads\/2023\/09\/WEB_WhatsApp_Image_2022-04-11_at_8.33.50_AM.jpg","articleSection":["Sin categorizar"],"inLanguage":"en-US","potentialAction":[{"@type":"CommentAction","name":"Comment","target":["https:\/\/fadeu.urantiacos.cl\/en\/2022\/04\/11\/delegacion-de-la-university-of-technology-sydney-visito-el-campus-lo-contador\/#respond"]}]},{"@type":"WebPage","@id":"https:\/\/fadeu.urantiacos.cl\/en\/2022\/04\/11\/delegacion-de-la-university-of-technology-sydney-visito-el-campus-lo-contador\/","url":"https:\/\/fadeu.urantiacos.cl\/en\/2022\/04\/11\/delegacion-de-la-university-of-technology-sydney-visito-el-campus-lo-contador\/","name":"Delegaci\u00f3n de la University of Technology Sydney visit\u00f3 el campus Lo Contador - Facultad de Arquitectura, Dise\u00f1o y Estudios Urbanos","isPartOf":{"@id":"https:\/\/fadeu.urantiacos.cl\/en\/#website"},"primaryImageOfPage":{"@id":"https:\/\/fadeu.urantiacos.cl\/en\/2022\/04\/11\/delegacion-de-la-university-of-technology-sydney-visito-el-campus-lo-contador\/#primaryimage"},"image":{"@id":"https:\/\/fadeu.urantiacos.cl\/en\/2022\/04\/11\/delegacion-de-la-university-of-technology-sydney-visito-el-campus-lo-contador\/#primaryimage"},"thumbnailUrl":"https:\/\/fadeu.urantiacos.cl\/wp-content\/uploads\/2023\/09\/WEB_WhatsApp_Image_2022-04-11_at_8.33.50_AM.jpg","datePublished":"2022-04-11T13:00:00+00:00","dateModified":"2023-09-06T13:02:48+00:00","author":{"@id":"https:\/\/fadeu.urantiacos.cl\/en\/#\/schema\/person\/d203e2e84b1c40275eac77b3061a19a2"},"description":"Una visita protocolar realiz\u00f3 una delegaci\u00f3n de la University of Technology Sydney (UTS) al campus Lo Contador, con objeto de -en palabras de los organizadores- volver a conectar tras dos a\u00f1os de encierro y discutir c\u00f3mo desarrollar a\u00fan m\u00e1s lazos de colaboraci\u00f3n y, en particular, c+omo seguir impulsando investigaciones que han demostrado ser fruct\u00edferas, as\u00ed como avanzar en innovaci\u00f3n y en el involucramiento con la industria.","breadcrumb":{"@id":"https:\/\/fadeu.urantiacos.cl\/en\/2022\/04\/11\/delegacion-de-la-university-of-technology-sydney-visito-el-campus-lo-contador\/#breadcrumb"},"inLanguage":"en-US","potentialAction":[{"@type":"ReadAction","target":["https:\/\/fadeu.urantiacos.cl\/en\/2022\/04\/11\/delegacion-de-la-university-of-technology-sydney-visito-el-campus-lo-contador\/"]}]},{"@type":"ImageObject","inLanguage":"en-US","@id":"https:\/\/fadeu.urantiacos.cl\/en\/2022\/04\/11\/delegacion-de-la-university-of-technology-sydney-visito-el-campus-lo-contador\/#primaryimage","url":"https:\/\/fadeu.urantiacos.cl\/wp-content\/uploads\/2023\/09\/WEB_WhatsApp_Image_2022-04-11_at_8.33.50_AM.jpg","contentUrl":"https:\/\/fadeu.urantiacos.cl\/wp-content\/uploads\/2023\/09\/WEB_WhatsApp_Image_2022-04-11_at_8.33.50_AM.jpg","width":350,"height":250},{"@type":"BreadcrumbList","@id":"https:\/\/fadeu.urantiacos.cl\/en\/2022\/04\/11\/delegacion-de-la-university-of-technology-sydney-visito-el-campus-lo-contador\/#breadcrumb","itemListElement":[{"@type":"ListItem","position":1,"name":"Portada","item":"https:\/\/fadeu.urantiacos.cl\/en\/"},{"@type":"ListItem","position":2,"name":"Delegaci\u00f3n de la University of Technology Sydney visit\u00f3 el campus Lo Contador"}]},{"@type":"WebSite","@id":"https:\/\/fadeu.urantiacos.cl\/en\/#website","url":"https:\/\/fadeu.urantiacos.cl\/en\/","name":"Facultad de Arquitectura, Dise\u00f1o y Estudios Urbanos","description":"Campus Lo Contador","potentialAction":[{"@type":"SearchAction","target":{"@type":"EntryPoint","urlTemplate":"https:\/\/fadeu.urantiacos.cl\/en\/?s={search_term_string}"},"query-input":{"@type":"PropertyValueSpecification","valueRequired":true,"valueName":"search_term_string"}}],"inLanguage":"en-US"},{"@type":"Person","@id":"https:\/\/fadeu.urantiacos.cl\/en\/#\/schema\/person\/d203e2e84b1c40275eac77b3061a19a2","name":"manadmin","image":{"@type":"ImageObject","inLanguage":"en-US","@id":"https:\/\/fadeu.urantiacos.cl\/en\/#\/schema\/person\/image\/","url":"https:\/\/secure.gravatar.com\/avatar\/4b1d8e3303b4a9d8968ac578947d8bc80d9aea359f388cdd4aac15cadc0e8447?s=96&d=mm&r=g","contentUrl":"https:\/\/secure.gravatar.com\/avatar\/4b1d8e3303b4a9d8968ac578947d8bc80d9aea359f388cdd4aac15cadc0e8447?s=96&d=mm&r=g","caption":"manadmin"},"sameAs":["https:\/\/fadeu.urantiacos.cl"]}]}},"_links":{"self":[{"href":"https:\/\/fadeu.urantiacos.cl\/en\/wp-json\/wp\/v2\/posts\/5266","targetHints":{"allow":["GET"]}}],"collection":[{"href":"https:\/\/fadeu.urantiacos.cl\/en\/wp-json\/wp\/v2\/posts"}],"about":[{"href":"https:\/\/fadeu.urantiacos.cl\/en\/wp-json\/wp\/v2\/types\/post"}],"author":[{"embeddable":true,"href":"https:\/\/fadeu.urantiacos.cl\/en\/wp-json\/wp\/v2\/users\/1"}],"replies":[{"embeddable":true,"href":"https:\/\/fadeu.urantiacos.cl\/en\/wp-json\/wp\/v2\/comments?post=5266"}],"version-history":[{"count":1,"href":"https:\/\/fadeu.urantiacos.cl\/en\/wp-json\/wp\/v2\/posts\/5266\/revisions"}],"predecessor-version":[{"id":5269,"href":"https:\/\/fadeu.urantiacos.cl\/en\/wp-json\/wp\/v2\/posts\/5266\/revisions\/5269"}],"wp:featuredmedia":[{"embeddable":true,"href":"https:\/\/fadeu.urantiacos.cl\/en\/wp-json\/wp\/v2\/media\/5267"}],"wp:attachment":[{"href":"https:\/\/fadeu.urantiacos.cl\/en\/wp-json\/wp\/v2\/media?parent=5266"}],"wp:term":[{"taxonomy":"category","embeddable":true,"href":"https:\/\/fadeu.urantiacos.cl\/en\/wp-json\/wp\/v2\/categories?post=5266"},{"taxonomy":"post_tag","embeddable":true,"href":"https:\/\/fadeu.urantiacos.cl\/en\/wp-json\/wp\/v2\/tags?post=5266"}],"curies":[{"name":"wp","href":"https:\/\/api.w.org\/{rel}","templated":true}]}}