{"id":5262,"date":"2022-04-11T09:55:00","date_gmt":"2022-04-11T12:55:00","guid":{"rendered":"https:\/\/fadeu.urantiacos.cl\/?p=5262"},"modified":"2023-09-06T10:00:01","modified_gmt":"2023-09-06T13:00:01","slug":"patrimonio-cultural-y-archivos-magister-en-patrimonio-cultural-uc-llevo-a-cabo-seminario-en-doble-jornada","status":"publish","type":"post","link":"https:\/\/fadeu.urantiacos.cl\/en\/2022\/04\/11\/patrimonio-cultural-y-archivos-magister-en-patrimonio-cultural-uc-llevo-a-cabo-seminario-en-doble-jornada\/","title":{"rendered":"\u201cPatrimonio Cultural y Archivos\u201d: Mag\u00edster en Patrimonio Cultural UC llev\u00f3 a cabo seminario en doble jornada"},"content":{"rendered":"\n<figure class=\"wp-block-image size-full\"><img decoding=\"async\" width=\"350\" height=\"250\" src=\"https:\/\/fadeu.urantiacos.cl\/wp-content\/uploads\/2023\/09\/Noticias_Patrimonio.png\" alt=\"\" class=\"wp-image-5263\" srcset=\"https:\/\/fadeu.urantiacos.cl\/wp-content\/uploads\/2023\/09\/Noticias_Patrimonio.png 350w, https:\/\/fadeu.urantiacos.cl\/wp-content\/uploads\/2023\/09\/Noticias_Patrimonio-300x214.png 300w\" sizes=\"(max-width: 350px) 100vw, 350px\" \/><\/figure>\n\n\n\n<p>En su inauguraci\u00f3n, el director de la escuela de Arquitectura, Luis Eduardo Bresciani, sostuvo que \u201cclaramente este es un escenario que plantea un tema muy vigente, y para nosotros los arquitectos, el acto de archivar y guardar es tan antiguo como el acto mismo de dise\u00f1ar, y los archivos no necesariamente deben ser asumidos como guardadores del pasado, sino tambi\u00e9n como una fuente de consulta para la generaci\u00f3n de nuevo conocimiento\u201d.<\/p>\n\n\n\n<p>Por su parte, el Director del Centro del Patrimonio Cultural, Umberto Bonomo, asever\u00f3 que \u201cestamos muy contentos de poder inaugurar este seminario, que ha reunido la generosidad de todas las partes involucradas\u201d, agregando que \u201chay que reivindicar la labor de todas las personas que guardan cosas que consideran valiosas, y que por ende, adquieren valor, y con eso relevar el amor con que los archiveros y archiveras para conservar y poner a disposici\u00f3n de la comunidad cient\u00edfica y de toda \u00edndole los archivos, lo que implica mucho esfuerzo y son esfuerzos que no se ven, y que debemos destacar en estas instancias\u201d.<\/p>\n\n\n\n<p>Elvira P\u00e9rez, directora del Mag\u00edster en Patrimonio Cultural, manifest\u00f3 que \u201ces necesario reconocer la iniciativa de la fundaci\u00f3n Alberto Cruz Covarrubias, y agradecemos todos los esfuerzos mancomunados para la confecci\u00f3n de este seminario\u201d, y agreg\u00f3 que \u201ccon nuestro Mag\u00edster hemos conformado una comunidad robusta en torno al patrimonio, interdisciplinaria, desarrollando diversas l\u00edneas de inter\u00e9s, y hoy nos convoca la tem\u00e1tica de los archivos, un tema del cual queremos aprender y desarrollar\u201d.<\/p>\n\n\n\n<p><strong>Desarrollo<\/strong><\/p>\n\n\n\n<p>La primera jornada cont\u00f3 con las ponencias de Sara Browne, de la fundaci\u00f3n Alberto Cruz Covarrubias; Diego Lizama de Memoria Chilena; Marcela Rivera, Lisette Bravo e Irene Hern\u00e1ndez de Archivos Patrimoniales de Bibliotecas UC; y la charla magistral titulada \u201cLa problem\u00e1tica de los archivos chilenos\u201d, de Rodrigo Sandoval (Archivo de la Facultad Artes UC).&nbsp;<\/p>\n\n\n\n<p>La segunda jornada cont\u00f3 con las ponencias de Isabel Garc\u00eda, del Archivo Originales FADEU UC; Samuel Salgado, de CENFOTO; y Nicol\u00e1s Hern\u00e1ndez (Enterreno). Adem\u00e1s, se llev\u00f3 a cabo la charla magistral titulada \u201cNuevos desaf\u00edos. Modernizaci\u00f3n y digitalizaci\u00f3n\u201d, a cargo de Pilar D\u00edaz, del Archivo Nacional de Chile.<\/p>\n\n\n\n<p>Ambas jornadas est\u00e1n \u00edntegramente grabadas en la p\u00e1gina de Facebook del Mag\u00edster en Patrimonio Cultural, y se pueden ver en el siguiente link:\u00a0<a href=\"https:\/\/www.facebook.com\/watch\/live\/?ref=watch_permalink&amp;v=485967816611204\">https:\/\/www.facebook.com\/watch\/live\/?ref=watch_permalink&amp;v=485967816611204<\/a><\/p>\n\n\n\n<figure class=\"wp-block-image size-large\"><img decoding=\"async\" width=\"1024\" height=\"785\" src=\"https:\/\/fadeu.urantiacos.cl\/wp-content\/uploads\/2023\/09\/seminario_Magister_Centropatrimonio-1024x785.jpeg\" alt=\"\" class=\"wp-image-5264\" srcset=\"https:\/\/fadeu.urantiacos.cl\/wp-content\/uploads\/2023\/09\/seminario_Magister_Centropatrimonio-1024x785.jpeg 1024w, https:\/\/fadeu.urantiacos.cl\/wp-content\/uploads\/2023\/09\/seminario_Magister_Centropatrimonio-300x230.jpeg 300w, https:\/\/fadeu.urantiacos.cl\/wp-content\/uploads\/2023\/09\/seminario_Magister_Centropatrimonio-768x589.jpeg 768w, https:\/\/fadeu.urantiacos.cl\/wp-content\/uploads\/2023\/09\/seminario_Magister_Centropatrimonio.jpeg 1280w\" sizes=\"(max-width: 1024px) 100vw, 1024px\" \/><\/figure>\n\n\n\n<p>INFORMACI\u00d3N PERIOD\u00cdSTICA<br>JUAN ANDR\u00c9S INZUNZA<\/p>\n","protected":false},"excerpt":{"rendered":"<p>Los d\u00edas 7 y 8 de abril se llev\u00f3 a cabo el seminario \u201cPatrimonio Cultural y Archivos\u201d, instancia organizada por el Mag\u00edster en Patrimonio Cultural de la escuela de Arquitectura, en conjunto con el Centro del Patrimonio Cultural UC, la fundaci\u00f3n Alberto Cruz Covarrubias y el apoyo de la Facultad de Arquitectura, Dise\u00f1o y Estudios Urbanos UC, a trav\u00e9s de la Direcci\u00f3n de Investigaci\u00f3n y Postgrado.<\/p>\n","protected":false},"author":1,"featured_media":5263,"comment_status":"open","ping_status":"open","sticky":false,"template":"","format":"standard","meta":{"_acf_changed":false,"footnotes":""},"categories":[1],"tags":[],"class_list":["post-5262","post","type-post","status-publish","format-standard","has-post-thumbnail","hentry","category-sin-categorizar"],"acf":[],"yoast_head":"<!-- This site is optimized with the Yoast SEO plugin v27.1.1 - https:\/\/yoast.com\/product\/yoast-seo-wordpress\/ -->\n<title>\u201cPatrimonio Cultural y Archivos\u201d: Mag\u00edster en Patrimonio Cultural UC llev\u00f3 a cabo seminario en doble jornada - Facultad de Arquitectura, Dise\u00f1o y Estudios Urbanos<\/title>\n<meta name=\"description\" content=\"Los d\u00edas 7 y 8 de abril se llev\u00f3 a cabo el seminario \u201cPatrimonio Cultural y Archivos\u201d, instancia organizada por el Mag\u00edster en Patrimonio Cultural de la escuela de Arquitectura, en conjunto con el Centro del Patrimonio Cultural UC, la fundaci\u00f3n Alberto Cruz Covarrubias y el apoyo de la Facultad de Arquitectura, Dise\u00f1o y Estudios Urbanos UC, a trav\u00e9s de la Direcci\u00f3n de Investigaci\u00f3n y Postgrado.\" \/>\n<meta name=\"robots\" content=\"index, follow, max-snippet:-1, max-image-preview:large, max-video-preview:-1\" \/>\n<link rel=\"canonical\" href=\"https:\/\/fadeu.urantiacos.cl\/en\/2022\/04\/11\/patrimonio-cultural-y-archivos-magister-en-patrimonio-cultural-uc-llevo-a-cabo-seminario-en-doble-jornada\/\" \/>\n<meta property=\"og:locale\" content=\"en_US\" \/>\n<meta property=\"og:type\" content=\"article\" \/>\n<meta property=\"og:title\" content=\"\u201cPatrimonio Cultural y Archivos\u201d: Mag\u00edster en Patrimonio Cultural UC llev\u00f3 a cabo seminario en doble jornada - Facultad de Arquitectura, Dise\u00f1o y Estudios Urbanos\" \/>\n<meta property=\"og:description\" content=\"Los d\u00edas 7 y 8 de abril se llev\u00f3 a cabo el seminario \u201cPatrimonio Cultural y Archivos\u201d, instancia organizada por el Mag\u00edster en Patrimonio Cultural de la escuela de Arquitectura, en conjunto con el Centro del Patrimonio Cultural UC, la fundaci\u00f3n Alberto Cruz Covarrubias y el apoyo de la Facultad de Arquitectura, Dise\u00f1o y Estudios Urbanos UC, a trav\u00e9s de la Direcci\u00f3n de Investigaci\u00f3n y Postgrado.\" \/>\n<meta property=\"og:url\" content=\"https:\/\/fadeu.urantiacos.cl\/en\/2022\/04\/11\/patrimonio-cultural-y-archivos-magister-en-patrimonio-cultural-uc-llevo-a-cabo-seminario-en-doble-jornada\/\" \/>\n<meta property=\"og:site_name\" content=\"Facultad de Arquitectura, Dise\u00f1o y Estudios Urbanos\" \/>\n<meta property=\"article:published_time\" content=\"2022-04-11T12:55:00+00:00\" \/>\n<meta property=\"article:modified_time\" content=\"2023-09-06T13:00:01+00:00\" \/>\n<meta property=\"og:image\" content=\"https:\/\/fadeu.urantiacos.cl\/wp-content\/uploads\/2023\/09\/Noticias_Patrimonio.png\" \/>\n\t<meta property=\"og:image:width\" content=\"350\" \/>\n\t<meta property=\"og:image:height\" content=\"250\" \/>\n\t<meta property=\"og:image:type\" content=\"image\/png\" \/>\n<meta name=\"author\" content=\"manadmin\" \/>\n<meta name=\"twitter:card\" content=\"summary_large_image\" \/>\n<meta name=\"twitter:label1\" content=\"Written by\" \/>\n\t<meta name=\"twitter:data1\" content=\"manadmin\" \/>\n\t<meta name=\"twitter:label2\" content=\"Est. reading time\" \/>\n\t<meta name=\"twitter:data2\" content=\"2 minutes\" \/>\n<script type=\"application\/ld+json\" class=\"yoast-schema-graph\">{\"@context\":\"https:\/\/schema.org\",\"@graph\":[{\"@type\":\"Article\",\"@id\":\"https:\/\/fadeu.urantiacos.cl\/en\/2022\/04\/11\/patrimonio-cultural-y-archivos-magister-en-patrimonio-cultural-uc-llevo-a-cabo-seminario-en-doble-jornada\/#article\",\"isPartOf\":{\"@id\":\"https:\/\/fadeu.urantiacos.cl\/en\/2022\/04\/11\/patrimonio-cultural-y-archivos-magister-en-patrimonio-cultural-uc-llevo-a-cabo-seminario-en-doble-jornada\/\"},\"author\":{\"name\":\"manadmin\",\"@id\":\"https:\/\/fadeu.urantiacos.cl\/en\/#\/schema\/person\/d203e2e84b1c40275eac77b3061a19a2\"},\"headline\":\"\u201cPatrimonio Cultural y Archivos\u201d: Mag\u00edster en Patrimonio Cultural UC llev\u00f3 a cabo seminario en doble jornada\",\"datePublished\":\"2022-04-11T12:55:00+00:00\",\"dateModified\":\"2023-09-06T13:00:01+00:00\",\"mainEntityOfPage\":{\"@id\":\"https:\/\/fadeu.urantiacos.cl\/en\/2022\/04\/11\/patrimonio-cultural-y-archivos-magister-en-patrimonio-cultural-uc-llevo-a-cabo-seminario-en-doble-jornada\/\"},\"wordCount\":433,\"commentCount\":0,\"image\":{\"@id\":\"https:\/\/fadeu.urantiacos.cl\/en\/2022\/04\/11\/patrimonio-cultural-y-archivos-magister-en-patrimonio-cultural-uc-llevo-a-cabo-seminario-en-doble-jornada\/#primaryimage\"},\"thumbnailUrl\":\"https:\/\/fadeu.urantiacos.cl\/wp-content\/uploads\/2023\/09\/Noticias_Patrimonio.png\",\"articleSection\":[\"Sin categorizar\"],\"inLanguage\":\"en-US\",\"potentialAction\":[{\"@type\":\"CommentAction\",\"name\":\"Comment\",\"target\":[\"https:\/\/fadeu.urantiacos.cl\/en\/2022\/04\/11\/patrimonio-cultural-y-archivos-magister-en-patrimonio-cultural-uc-llevo-a-cabo-seminario-en-doble-jornada\/#respond\"]}]},{\"@type\":\"WebPage\",\"@id\":\"https:\/\/fadeu.urantiacos.cl\/en\/2022\/04\/11\/patrimonio-cultural-y-archivos-magister-en-patrimonio-cultural-uc-llevo-a-cabo-seminario-en-doble-jornada\/\",\"url\":\"https:\/\/fadeu.urantiacos.cl\/en\/2022\/04\/11\/patrimonio-cultural-y-archivos-magister-en-patrimonio-cultural-uc-llevo-a-cabo-seminario-en-doble-jornada\/\",\"name\":\"\u201cPatrimonio Cultural y Archivos\u201d: Mag\u00edster en Patrimonio Cultural UC llev\u00f3 a cabo seminario en doble jornada - Facultad de Arquitectura, Dise\u00f1o y Estudios Urbanos\",\"isPartOf\":{\"@id\":\"https:\/\/fadeu.urantiacos.cl\/en\/#website\"},\"primaryImageOfPage\":{\"@id\":\"https:\/\/fadeu.urantiacos.cl\/en\/2022\/04\/11\/patrimonio-cultural-y-archivos-magister-en-patrimonio-cultural-uc-llevo-a-cabo-seminario-en-doble-jornada\/#primaryimage\"},\"image\":{\"@id\":\"https:\/\/fadeu.urantiacos.cl\/en\/2022\/04\/11\/patrimonio-cultural-y-archivos-magister-en-patrimonio-cultural-uc-llevo-a-cabo-seminario-en-doble-jornada\/#primaryimage\"},\"thumbnailUrl\":\"https:\/\/fadeu.urantiacos.cl\/wp-content\/uploads\/2023\/09\/Noticias_Patrimonio.png\",\"datePublished\":\"2022-04-11T12:55:00+00:00\",\"dateModified\":\"2023-09-06T13:00:01+00:00\",\"author\":{\"@id\":\"https:\/\/fadeu.urantiacos.cl\/en\/#\/schema\/person\/d203e2e84b1c40275eac77b3061a19a2\"},\"description\":\"Los d\u00edas 7 y 8 de abril se llev\u00f3 a cabo el seminario \u201cPatrimonio Cultural y Archivos\u201d, instancia organizada por el Mag\u00edster en Patrimonio Cultural de la escuela de Arquitectura, en conjunto con el Centro del Patrimonio Cultural UC, la fundaci\u00f3n Alberto Cruz Covarrubias y el apoyo de la Facultad de Arquitectura, Dise\u00f1o y Estudios Urbanos UC, a trav\u00e9s de la Direcci\u00f3n de Investigaci\u00f3n y Postgrado.\",\"breadcrumb\":{\"@id\":\"https:\/\/fadeu.urantiacos.cl\/en\/2022\/04\/11\/patrimonio-cultural-y-archivos-magister-en-patrimonio-cultural-uc-llevo-a-cabo-seminario-en-doble-jornada\/#breadcrumb\"},\"inLanguage\":\"en-US\",\"potentialAction\":[{\"@type\":\"ReadAction\",\"target\":[\"https:\/\/fadeu.urantiacos.cl\/en\/2022\/04\/11\/patrimonio-cultural-y-archivos-magister-en-patrimonio-cultural-uc-llevo-a-cabo-seminario-en-doble-jornada\/\"]}]},{\"@type\":\"ImageObject\",\"inLanguage\":\"en-US\",\"@id\":\"https:\/\/fadeu.urantiacos.cl\/en\/2022\/04\/11\/patrimonio-cultural-y-archivos-magister-en-patrimonio-cultural-uc-llevo-a-cabo-seminario-en-doble-jornada\/#primaryimage\",\"url\":\"https:\/\/fadeu.urantiacos.cl\/wp-content\/uploads\/2023\/09\/Noticias_Patrimonio.png\",\"contentUrl\":\"https:\/\/fadeu.urantiacos.cl\/wp-content\/uploads\/2023\/09\/Noticias_Patrimonio.png\",\"width\":350,\"height\":250},{\"@type\":\"BreadcrumbList\",\"@id\":\"https:\/\/fadeu.urantiacos.cl\/en\/2022\/04\/11\/patrimonio-cultural-y-archivos-magister-en-patrimonio-cultural-uc-llevo-a-cabo-seminario-en-doble-jornada\/#breadcrumb\",\"itemListElement\":[{\"@type\":\"ListItem\",\"position\":1,\"name\":\"Portada\",\"item\":\"https:\/\/fadeu.urantiacos.cl\/en\/\"},{\"@type\":\"ListItem\",\"position\":2,\"name\":\"\u201cPatrimonio Cultural y Archivos\u201d: Mag\u00edster en Patrimonio Cultural UC llev\u00f3 a cabo seminario en doble jornada\"}]},{\"@type\":\"WebSite\",\"@id\":\"https:\/\/fadeu.urantiacos.cl\/en\/#website\",\"url\":\"https:\/\/fadeu.urantiacos.cl\/en\/\",\"name\":\"Facultad de Arquitectura, Dise\u00f1o y Estudios Urbanos\",\"description\":\"Campus Lo Contador\",\"potentialAction\":[{\"@type\":\"SearchAction\",\"target\":{\"@type\":\"EntryPoint\",\"urlTemplate\":\"https:\/\/fadeu.urantiacos.cl\/en\/?s={search_term_string}\"},\"query-input\":{\"@type\":\"PropertyValueSpecification\",\"valueRequired\":true,\"valueName\":\"search_term_string\"}}],\"inLanguage\":\"en-US\"},{\"@type\":\"Person\",\"@id\":\"https:\/\/fadeu.urantiacos.cl\/en\/#\/schema\/person\/d203e2e84b1c40275eac77b3061a19a2\",\"name\":\"manadmin\",\"image\":{\"@type\":\"ImageObject\",\"inLanguage\":\"en-US\",\"@id\":\"https:\/\/fadeu.urantiacos.cl\/en\/#\/schema\/person\/image\/\",\"url\":\"https:\/\/secure.gravatar.com\/avatar\/4b1d8e3303b4a9d8968ac578947d8bc80d9aea359f388cdd4aac15cadc0e8447?s=96&d=mm&r=g\",\"contentUrl\":\"https:\/\/secure.gravatar.com\/avatar\/4b1d8e3303b4a9d8968ac578947d8bc80d9aea359f388cdd4aac15cadc0e8447?s=96&d=mm&r=g\",\"caption\":\"manadmin\"},\"sameAs\":[\"https:\/\/fadeu.urantiacos.cl\"]}]}<\/script>\n<!-- \/ Yoast SEO plugin. -->","yoast_head_json":{"title":"\u201cPatrimonio Cultural y Archivos\u201d: Mag\u00edster en Patrimonio Cultural UC llev\u00f3 a cabo seminario en doble jornada - Facultad de Arquitectura, Dise\u00f1o y Estudios Urbanos","description":"Los d\u00edas 7 y 8 de abril se llev\u00f3 a cabo el seminario \u201cPatrimonio Cultural y Archivos\u201d, instancia organizada por el Mag\u00edster en Patrimonio Cultural de la escuela de Arquitectura, en conjunto con el Centro del Patrimonio Cultural UC, la fundaci\u00f3n Alberto Cruz Covarrubias y el apoyo de la Facultad de Arquitectura, Dise\u00f1o y Estudios Urbanos UC, a trav\u00e9s de la Direcci\u00f3n de Investigaci\u00f3n y Postgrado.","robots":{"index":"index","follow":"follow","max-snippet":"max-snippet:-1","max-image-preview":"max-image-preview:large","max-video-preview":"max-video-preview:-1"},"canonical":"https:\/\/fadeu.urantiacos.cl\/en\/2022\/04\/11\/patrimonio-cultural-y-archivos-magister-en-patrimonio-cultural-uc-llevo-a-cabo-seminario-en-doble-jornada\/","og_locale":"en_US","og_type":"article","og_title":"\u201cPatrimonio Cultural y Archivos\u201d: Mag\u00edster en Patrimonio Cultural UC llev\u00f3 a cabo seminario en doble jornada - Facultad de Arquitectura, Dise\u00f1o y Estudios Urbanos","og_description":"Los d\u00edas 7 y 8 de abril se llev\u00f3 a cabo el seminario \u201cPatrimonio Cultural y Archivos\u201d, instancia organizada por el Mag\u00edster en Patrimonio Cultural de la escuela de Arquitectura, en conjunto con el Centro del Patrimonio Cultural UC, la fundaci\u00f3n Alberto Cruz Covarrubias y el apoyo de la Facultad de Arquitectura, Dise\u00f1o y Estudios Urbanos UC, a trav\u00e9s de la Direcci\u00f3n de Investigaci\u00f3n y Postgrado.","og_url":"https:\/\/fadeu.urantiacos.cl\/en\/2022\/04\/11\/patrimonio-cultural-y-archivos-magister-en-patrimonio-cultural-uc-llevo-a-cabo-seminario-en-doble-jornada\/","og_site_name":"Facultad de Arquitectura, Dise\u00f1o y Estudios Urbanos","article_published_time":"2022-04-11T12:55:00+00:00","article_modified_time":"2023-09-06T13:00:01+00:00","og_image":[{"width":350,"height":250,"url":"https:\/\/fadeu.urantiacos.cl\/wp-content\/uploads\/2023\/09\/Noticias_Patrimonio.png","type":"image\/png"}],"author":"manadmin","twitter_card":"summary_large_image","twitter_misc":{"Written by":"manadmin","Est. reading time":"2 minutes"},"schema":{"@context":"https:\/\/schema.org","@graph":[{"@type":"Article","@id":"https:\/\/fadeu.urantiacos.cl\/en\/2022\/04\/11\/patrimonio-cultural-y-archivos-magister-en-patrimonio-cultural-uc-llevo-a-cabo-seminario-en-doble-jornada\/#article","isPartOf":{"@id":"https:\/\/fadeu.urantiacos.cl\/en\/2022\/04\/11\/patrimonio-cultural-y-archivos-magister-en-patrimonio-cultural-uc-llevo-a-cabo-seminario-en-doble-jornada\/"},"author":{"name":"manadmin","@id":"https:\/\/fadeu.urantiacos.cl\/en\/#\/schema\/person\/d203e2e84b1c40275eac77b3061a19a2"},"headline":"\u201cPatrimonio Cultural y Archivos\u201d: Mag\u00edster en Patrimonio Cultural UC llev\u00f3 a cabo seminario en doble jornada","datePublished":"2022-04-11T12:55:00+00:00","dateModified":"2023-09-06T13:00:01+00:00","mainEntityOfPage":{"@id":"https:\/\/fadeu.urantiacos.cl\/en\/2022\/04\/11\/patrimonio-cultural-y-archivos-magister-en-patrimonio-cultural-uc-llevo-a-cabo-seminario-en-doble-jornada\/"},"wordCount":433,"commentCount":0,"image":{"@id":"https:\/\/fadeu.urantiacos.cl\/en\/2022\/04\/11\/patrimonio-cultural-y-archivos-magister-en-patrimonio-cultural-uc-llevo-a-cabo-seminario-en-doble-jornada\/#primaryimage"},"thumbnailUrl":"https:\/\/fadeu.urantiacos.cl\/wp-content\/uploads\/2023\/09\/Noticias_Patrimonio.png","articleSection":["Sin categorizar"],"inLanguage":"en-US","potentialAction":[{"@type":"CommentAction","name":"Comment","target":["https:\/\/fadeu.urantiacos.cl\/en\/2022\/04\/11\/patrimonio-cultural-y-archivos-magister-en-patrimonio-cultural-uc-llevo-a-cabo-seminario-en-doble-jornada\/#respond"]}]},{"@type":"WebPage","@id":"https:\/\/fadeu.urantiacos.cl\/en\/2022\/04\/11\/patrimonio-cultural-y-archivos-magister-en-patrimonio-cultural-uc-llevo-a-cabo-seminario-en-doble-jornada\/","url":"https:\/\/fadeu.urantiacos.cl\/en\/2022\/04\/11\/patrimonio-cultural-y-archivos-magister-en-patrimonio-cultural-uc-llevo-a-cabo-seminario-en-doble-jornada\/","name":"\u201cPatrimonio Cultural y Archivos\u201d: Mag\u00edster en Patrimonio Cultural UC llev\u00f3 a cabo seminario en doble jornada - Facultad de Arquitectura, Dise\u00f1o y Estudios Urbanos","isPartOf":{"@id":"https:\/\/fadeu.urantiacos.cl\/en\/#website"},"primaryImageOfPage":{"@id":"https:\/\/fadeu.urantiacos.cl\/en\/2022\/04\/11\/patrimonio-cultural-y-archivos-magister-en-patrimonio-cultural-uc-llevo-a-cabo-seminario-en-doble-jornada\/#primaryimage"},"image":{"@id":"https:\/\/fadeu.urantiacos.cl\/en\/2022\/04\/11\/patrimonio-cultural-y-archivos-magister-en-patrimonio-cultural-uc-llevo-a-cabo-seminario-en-doble-jornada\/#primaryimage"},"thumbnailUrl":"https:\/\/fadeu.urantiacos.cl\/wp-content\/uploads\/2023\/09\/Noticias_Patrimonio.png","datePublished":"2022-04-11T12:55:00+00:00","dateModified":"2023-09-06T13:00:01+00:00","author":{"@id":"https:\/\/fadeu.urantiacos.cl\/en\/#\/schema\/person\/d203e2e84b1c40275eac77b3061a19a2"},"description":"Los d\u00edas 7 y 8 de abril se llev\u00f3 a cabo el seminario \u201cPatrimonio Cultural y Archivos\u201d, instancia organizada por el Mag\u00edster en Patrimonio Cultural de la escuela de Arquitectura, en conjunto con el Centro del Patrimonio Cultural UC, la fundaci\u00f3n Alberto Cruz Covarrubias y el apoyo de la Facultad de Arquitectura, Dise\u00f1o y Estudios Urbanos UC, a trav\u00e9s de la Direcci\u00f3n de Investigaci\u00f3n y Postgrado.","breadcrumb":{"@id":"https:\/\/fadeu.urantiacos.cl\/en\/2022\/04\/11\/patrimonio-cultural-y-archivos-magister-en-patrimonio-cultural-uc-llevo-a-cabo-seminario-en-doble-jornada\/#breadcrumb"},"inLanguage":"en-US","potentialAction":[{"@type":"ReadAction","target":["https:\/\/fadeu.urantiacos.cl\/en\/2022\/04\/11\/patrimonio-cultural-y-archivos-magister-en-patrimonio-cultural-uc-llevo-a-cabo-seminario-en-doble-jornada\/"]}]},{"@type":"ImageObject","inLanguage":"en-US","@id":"https:\/\/fadeu.urantiacos.cl\/en\/2022\/04\/11\/patrimonio-cultural-y-archivos-magister-en-patrimonio-cultural-uc-llevo-a-cabo-seminario-en-doble-jornada\/#primaryimage","url":"https:\/\/fadeu.urantiacos.cl\/wp-content\/uploads\/2023\/09\/Noticias_Patrimonio.png","contentUrl":"https:\/\/fadeu.urantiacos.cl\/wp-content\/uploads\/2023\/09\/Noticias_Patrimonio.png","width":350,"height":250},{"@type":"BreadcrumbList","@id":"https:\/\/fadeu.urantiacos.cl\/en\/2022\/04\/11\/patrimonio-cultural-y-archivos-magister-en-patrimonio-cultural-uc-llevo-a-cabo-seminario-en-doble-jornada\/#breadcrumb","itemListElement":[{"@type":"ListItem","position":1,"name":"Portada","item":"https:\/\/fadeu.urantiacos.cl\/en\/"},{"@type":"ListItem","position":2,"name":"\u201cPatrimonio Cultural y Archivos\u201d: Mag\u00edster en Patrimonio Cultural UC llev\u00f3 a cabo seminario en doble jornada"}]},{"@type":"WebSite","@id":"https:\/\/fadeu.urantiacos.cl\/en\/#website","url":"https:\/\/fadeu.urantiacos.cl\/en\/","name":"Facultad de Arquitectura, Dise\u00f1o y Estudios Urbanos","description":"Campus Lo Contador","potentialAction":[{"@type":"SearchAction","target":{"@type":"EntryPoint","urlTemplate":"https:\/\/fadeu.urantiacos.cl\/en\/?s={search_term_string}"},"query-input":{"@type":"PropertyValueSpecification","valueRequired":true,"valueName":"search_term_string"}}],"inLanguage":"en-US"},{"@type":"Person","@id":"https:\/\/fadeu.urantiacos.cl\/en\/#\/schema\/person\/d203e2e84b1c40275eac77b3061a19a2","name":"manadmin","image":{"@type":"ImageObject","inLanguage":"en-US","@id":"https:\/\/fadeu.urantiacos.cl\/en\/#\/schema\/person\/image\/","url":"https:\/\/secure.gravatar.com\/avatar\/4b1d8e3303b4a9d8968ac578947d8bc80d9aea359f388cdd4aac15cadc0e8447?s=96&d=mm&r=g","contentUrl":"https:\/\/secure.gravatar.com\/avatar\/4b1d8e3303b4a9d8968ac578947d8bc80d9aea359f388cdd4aac15cadc0e8447?s=96&d=mm&r=g","caption":"manadmin"},"sameAs":["https:\/\/fadeu.urantiacos.cl"]}]}},"_links":{"self":[{"href":"https:\/\/fadeu.urantiacos.cl\/en\/wp-json\/wp\/v2\/posts\/5262","targetHints":{"allow":["GET"]}}],"collection":[{"href":"https:\/\/fadeu.urantiacos.cl\/en\/wp-json\/wp\/v2\/posts"}],"about":[{"href":"https:\/\/fadeu.urantiacos.cl\/en\/wp-json\/wp\/v2\/types\/post"}],"author":[{"embeddable":true,"href":"https:\/\/fadeu.urantiacos.cl\/en\/wp-json\/wp\/v2\/users\/1"}],"replies":[{"embeddable":true,"href":"https:\/\/fadeu.urantiacos.cl\/en\/wp-json\/wp\/v2\/comments?post=5262"}],"version-history":[{"count":1,"href":"https:\/\/fadeu.urantiacos.cl\/en\/wp-json\/wp\/v2\/posts\/5262\/revisions"}],"predecessor-version":[{"id":5265,"href":"https:\/\/fadeu.urantiacos.cl\/en\/wp-json\/wp\/v2\/posts\/5262\/revisions\/5265"}],"wp:featuredmedia":[{"embeddable":true,"href":"https:\/\/fadeu.urantiacos.cl\/en\/wp-json\/wp\/v2\/media\/5263"}],"wp:attachment":[{"href":"https:\/\/fadeu.urantiacos.cl\/en\/wp-json\/wp\/v2\/media?parent=5262"}],"wp:term":[{"taxonomy":"category","embeddable":true,"href":"https:\/\/fadeu.urantiacos.cl\/en\/wp-json\/wp\/v2\/categories?post=5262"},{"taxonomy":"post_tag","embeddable":true,"href":"https:\/\/fadeu.urantiacos.cl\/en\/wp-json\/wp\/v2\/tags?post=5262"}],"curies":[{"name":"wp","href":"https:\/\/api.w.org\/{rel}","templated":true}]}}