{"id":5238,"date":"2022-04-11T09:29:00","date_gmt":"2022-04-11T12:29:00","guid":{"rendered":"https:\/\/fadeu.urantiacos.cl\/?p=5238"},"modified":"2023-10-24T14:03:12","modified_gmt":"2023-10-24T17:03:12","slug":"diseno-uc-destaca-en-los-premios-chile-diseno","status":"publish","type":"post","link":"https:\/\/fadeu.urantiacos.cl\/en\/2022\/04\/11\/diseno-uc-destaca-en-los-premios-chile-diseno\/","title":{"rendered":"Dise\u00f1o UC destaca en los Premios Chile Dise\u00f1o"},"content":{"rendered":"\n<figure class=\"wp-block-image size-full\"><img decoding=\"async\" width=\"350\" height=\"250\" src=\"https:\/\/fadeu.urantiacos.cl\/wp-content\/uploads\/2023\/09\/foto112-scaled_web.jpg\" alt=\"\" class=\"wp-image-5239\" srcset=\"https:\/\/fadeu.urantiacos.cl\/wp-content\/uploads\/2023\/09\/foto112-scaled_web.jpg 350w, https:\/\/fadeu.urantiacos.cl\/wp-content\/uploads\/2023\/09\/foto112-scaled_web-300x214.jpg 300w\" sizes=\"(max-width: 350px) 100vw, 350px\" \/><\/figure>\n\n\n\n<p>En una ceremonia que tuvo como escenario el Palacio Droguett, se realiz\u00f3 la 8\u00aa versi\u00f3n de los&nbsp;<a href=\"https:\/\/www.chilediseno.org\/resultados\">Premios Chile Dise\u00f1o<\/a>, instancia que reconoce a los mejores proyectos de dise\u00f1o nacional, realizados durante los dos a\u00f1os previos.<\/p>\n\n\n\n<p>En esta ocasi\u00f3n, Dise\u00f1o UC tuvo una destacada participaci\u00f3n a trav\u00e9s de proyectos tanto de pre-grado, como desarrollos de trabajos profesionales de la mano de ex-estudiantes y docentes de la Escuela.<\/p>\n\n\n\n<p>Iniciada la ceremonia,&nbsp;<a href=\"https:\/\/palpa.cl\/\">Palpa<\/a>, el dispositivo para detectar tempranamente el c\u00e1ncer de mama, desarrollado por&nbsp;Josefa Cort\u00e9s&nbsp;para su proyecto de fin de grado, se llev\u00f3 dos estatuillas. La primero, en categor\u00eda estudiante, y la segundo al Talento Joven entregada por Domestika.<\/p>\n\n\n\n<figure class=\"wp-block-image size-large\"><img decoding=\"async\" width=\"1024\" height=\"684\" src=\"https:\/\/fadeu.urantiacos.cl\/wp-content\/uploads\/2023\/09\/foto43-scaled-1-1024x684.jpg\" alt=\"\" class=\"wp-image-5240\" srcset=\"https:\/\/fadeu.urantiacos.cl\/wp-content\/uploads\/2023\/09\/foto43-scaled-1-1024x684.jpg 1024w, https:\/\/fadeu.urantiacos.cl\/wp-content\/uploads\/2023\/09\/foto43-scaled-1-300x200.jpg 300w, https:\/\/fadeu.urantiacos.cl\/wp-content\/uploads\/2023\/09\/foto43-scaled-1-768x513.jpg 768w, https:\/\/fadeu.urantiacos.cl\/wp-content\/uploads\/2023\/09\/foto43-scaled-1-1536x1025.jpg 1536w, https:\/\/fadeu.urantiacos.cl\/wp-content\/uploads\/2023\/09\/foto43-scaled-1-2048x1367.jpg 2048w, https:\/\/fadeu.urantiacos.cl\/wp-content\/uploads\/2023\/09\/foto43-scaled-1.jpg 1600w\" sizes=\"(max-width: 1024px) 100vw, 1024px\" \/><\/figure>\n\n\n\n<figure class=\"wp-block-image size-large\"><img decoding=\"async\" width=\"1024\" height=\"684\" src=\"https:\/\/fadeu.urantiacos.cl\/wp-content\/uploads\/2023\/09\/foto46-scaled-1-1024x684.jpg\" alt=\"\" class=\"wp-image-5241\" srcset=\"https:\/\/fadeu.urantiacos.cl\/wp-content\/uploads\/2023\/09\/foto46-scaled-1-1024x684.jpg 1024w, https:\/\/fadeu.urantiacos.cl\/wp-content\/uploads\/2023\/09\/foto46-scaled-1-300x200.jpg 300w, https:\/\/fadeu.urantiacos.cl\/wp-content\/uploads\/2023\/09\/foto46-scaled-1-768x513.jpg 768w, https:\/\/fadeu.urantiacos.cl\/wp-content\/uploads\/2023\/09\/foto46-scaled-1-1536x1025.jpg 1536w, https:\/\/fadeu.urantiacos.cl\/wp-content\/uploads\/2023\/09\/foto46-scaled-1-2048x1367.jpg 2048w, https:\/\/fadeu.urantiacos.cl\/wp-content\/uploads\/2023\/09\/foto46-scaled-1.jpg 1600w\" sizes=\"(max-width: 1024px) 100vw, 1024px\" \/><\/figure>\n\n\n\n<figure class=\"wp-block-image size-large\"><img decoding=\"async\" width=\"1024\" height=\"684\" src=\"https:\/\/fadeu.urantiacos.cl\/wp-content\/uploads\/2023\/09\/foto60-scaled-1-1024x684.jpg\" alt=\"\" class=\"wp-image-5242\" srcset=\"https:\/\/fadeu.urantiacos.cl\/wp-content\/uploads\/2023\/09\/foto60-scaled-1-1024x684.jpg 1024w, https:\/\/fadeu.urantiacos.cl\/wp-content\/uploads\/2023\/09\/foto60-scaled-1-300x201.jpg 300w, https:\/\/fadeu.urantiacos.cl\/wp-content\/uploads\/2023\/09\/foto60-scaled-1-768x513.jpg 768w, https:\/\/fadeu.urantiacos.cl\/wp-content\/uploads\/2023\/09\/foto60-scaled-1-1536x1027.jpg 1536w, https:\/\/fadeu.urantiacos.cl\/wp-content\/uploads\/2023\/09\/foto60-scaled-1-2048x1369.jpg 2048w, https:\/\/fadeu.urantiacos.cl\/wp-content\/uploads\/2023\/09\/foto60-scaled-1.jpg 1600w\" sizes=\"(max-width: 1024px) 100vw, 1024px\" \/><\/figure>\n\n\n\n<figure class=\"wp-block-image size-large\"><img decoding=\"async\" width=\"1024\" height=\"684\" src=\"https:\/\/fadeu.urantiacos.cl\/wp-content\/uploads\/2023\/09\/foto61-scaled-1-1024x684.jpg\" alt=\"\" class=\"wp-image-5243\" srcset=\"https:\/\/fadeu.urantiacos.cl\/wp-content\/uploads\/2023\/09\/foto61-scaled-1-1024x684.jpg 1024w, https:\/\/fadeu.urantiacos.cl\/wp-content\/uploads\/2023\/09\/foto61-scaled-1-300x201.jpg 300w, https:\/\/fadeu.urantiacos.cl\/wp-content\/uploads\/2023\/09\/foto61-scaled-1-768x513.jpg 768w, https:\/\/fadeu.urantiacos.cl\/wp-content\/uploads\/2023\/09\/foto61-scaled-1-1536x1027.jpg 1536w, https:\/\/fadeu.urantiacos.cl\/wp-content\/uploads\/2023\/09\/foto61-scaled-1-2048x1369.jpg 2048w, https:\/\/fadeu.urantiacos.cl\/wp-content\/uploads\/2023\/09\/foto61-scaled-1.jpg 1600w\" sizes=\"(max-width: 1024px) 100vw, 1024px\" \/><\/figure>\n\n\n\n<p>Dentro de la&nbsp;categor\u00eda Tipograf\u00eda,&nbsp;<a href=\"https:\/\/diseno.uc.cl\/persona\/ramirez-rodrigo\/\">Rodrigo Ram\u00edrez<\/a>, director de Dise\u00f1o UC, obtuvo el primer lugar con el proyecto Guemil, \u00edconos para la emergencia. \u201cGuemil es una iniciativa de \u00edconos, de fuente abierta, que se enfoca en hacer m\u00e1s accesible e inclusiva la conversaci\u00f3n sobre emergencias y riesgos. Promovemos el dise\u00f1o y aplicaci\u00f3n de informaci\u00f3n gr\u00e1fica para el riesgo y emergencia\u201d, explica Rodrigo.<\/p>\n\n\n\n<figure class=\"wp-block-image size-large\"><img decoding=\"async\" width=\"1024\" height=\"684\" src=\"https:\/\/fadeu.urantiacos.cl\/wp-content\/uploads\/2023\/09\/foto129-scaled-1-1024x684.jpg\" alt=\"\" class=\"wp-image-5244\" srcset=\"https:\/\/fadeu.urantiacos.cl\/wp-content\/uploads\/2023\/09\/foto129-scaled-1-1024x684.jpg 1024w, https:\/\/fadeu.urantiacos.cl\/wp-content\/uploads\/2023\/09\/foto129-scaled-1-300x200.jpg 300w, https:\/\/fadeu.urantiacos.cl\/wp-content\/uploads\/2023\/09\/foto129-scaled-1-768x513.jpg 768w, https:\/\/fadeu.urantiacos.cl\/wp-content\/uploads\/2023\/09\/foto129-scaled-1-1536x1025.jpg 1536w, https:\/\/fadeu.urantiacos.cl\/wp-content\/uploads\/2023\/09\/foto129-scaled-1-2048x1367.jpg 2048w, https:\/\/fadeu.urantiacos.cl\/wp-content\/uploads\/2023\/09\/foto129-scaled-1.jpg 1600w\" sizes=\"(max-width: 1024px) 100vw, 1024px\" \/><\/figure>\n\n\n\n<p>Uno de los reconocimientos m\u00e1s esperados de la noche es el&nbsp;Premio a la Trayectoria. En esta versi\u00f3n el galard\u00f3n se lo llev\u00f3 el docente de Dise\u00f1o UC&nbsp;<a href=\"https:\/\/diseno.uc.cl\/persona\/alvarez-pedro\/\">Pedro \u00c1lvarez<\/a>, quien por una votaci\u00f3n un\u00e1nime recibi\u00f3 el premio de la directora de comunicaciones de ChD, Ana Buzzoni.<\/p>\n\n\n\n<p>Profesor asociado y dise\u00f1ador de Dise\u00f1o UC, Pedro adem\u00e1s es Doctor y Mag\u00edster en Historia de la misma casa de estudios. Actualmente dicta el curso Historia del Dise\u00f1o, Seminario y Taller de T\u00edtulo y es acad\u00e9mico del Mag\u00edster de Dise\u00f1o Avanzado (MADA).<\/p>\n\n\n\n<figure class=\"wp-block-image size-large\"><img decoding=\"async\" width=\"1024\" height=\"684\" src=\"https:\/\/fadeu.urantiacos.cl\/wp-content\/uploads\/2023\/09\/foto111-scaled-1-1024x684.jpg\" alt=\"\" class=\"wp-image-5245\" srcset=\"https:\/\/fadeu.urantiacos.cl\/wp-content\/uploads\/2023\/09\/foto111-scaled-1-1024x684.jpg 1024w, https:\/\/fadeu.urantiacos.cl\/wp-content\/uploads\/2023\/09\/foto111-scaled-1-300x200.jpg 300w, https:\/\/fadeu.urantiacos.cl\/wp-content\/uploads\/2023\/09\/foto111-scaled-1-768x513.jpg 768w, https:\/\/fadeu.urantiacos.cl\/wp-content\/uploads\/2023\/09\/foto111-scaled-1-1536x1025.jpg 1536w, https:\/\/fadeu.urantiacos.cl\/wp-content\/uploads\/2023\/09\/foto111-scaled-1-2048x1367.jpg 2048w, https:\/\/fadeu.urantiacos.cl\/wp-content\/uploads\/2023\/09\/foto111-scaled-1.jpg 1600w\" sizes=\"(max-width: 1024px) 100vw, 1024px\" \/><\/figure>\n\n\n\n<figure class=\"wp-block-image size-large\"><img decoding=\"async\" width=\"1024\" height=\"684\" src=\"https:\/\/fadeu.urantiacos.cl\/wp-content\/uploads\/2023\/09\/foto112-scaled-1-1024x684.jpg\" alt=\"\" class=\"wp-image-5246\" srcset=\"https:\/\/fadeu.urantiacos.cl\/wp-content\/uploads\/2023\/09\/foto112-scaled-1-1024x684.jpg 1024w, https:\/\/fadeu.urantiacos.cl\/wp-content\/uploads\/2023\/09\/foto112-scaled-1-300x200.jpg 300w, https:\/\/fadeu.urantiacos.cl\/wp-content\/uploads\/2023\/09\/foto112-scaled-1-768x513.jpg 768w, https:\/\/fadeu.urantiacos.cl\/wp-content\/uploads\/2023\/09\/foto112-scaled-1-1536x1025.jpg 1536w, https:\/\/fadeu.urantiacos.cl\/wp-content\/uploads\/2023\/09\/foto112-scaled-1-2048x1367.jpg 2048w, https:\/\/fadeu.urantiacos.cl\/wp-content\/uploads\/2023\/09\/foto112-scaled-1.jpg 1600w\" sizes=\"(max-width: 1024px) 100vw, 1024px\" \/><\/figure>\n\n\n\n<p><strong>La di\u00e1spora de Dise\u00f1o UC<\/strong><\/p>\n\n\n\n<p>Dise\u00f1adores egresados de Dise\u00f1o UC fueron tambi\u00e9n protagonistas en esta feliz jornada realizada en las oficinas centrales de&nbsp;<a href=\"https:\/\/fintual.cl\/\">Fintual<\/a>.<\/p>\n\n\n\n<p>En la categor\u00eda&nbsp;Dise\u00f1o de Identidad y Marca | Identidad Visual,&nbsp;<a href=\"https:\/\/www.gaggeroworks.co.uk\/\">Gaggeroworks<\/a>&nbsp;de la dise\u00f1adora chilena radicada en Londres, Constanza Gaggero, obtuvo el reconocimiento por la Nueva Identidad Museo Hist\u00f3rico Nacional. Trabajo realizado en colaboraci\u00f3n con los dise\u00f1adores Sergio Ram\u00edrez y Ana Buzzoni.&nbsp;\u201cLa nueva identidad de marca del Museo Hist\u00f3rico Nacional (MHN) nace como respuesta al nuevo plan estrat\u00e9gico y de guion museogr\u00e1fico impulsado por el Museo en&nbsp;el a\u00f1o 2019\u201d, describen.<\/p>\n\n\n\n<figure class=\"wp-block-image size-large\"><img decoding=\"async\" width=\"1024\" height=\"684\" src=\"https:\/\/fadeu.urantiacos.cl\/wp-content\/uploads\/2023\/09\/foto96-scaled-1-1024x684.jpg\" alt=\"\" class=\"wp-image-5247\" srcset=\"https:\/\/fadeu.urantiacos.cl\/wp-content\/uploads\/2023\/09\/foto96-scaled-1-1024x684.jpg 1024w, https:\/\/fadeu.urantiacos.cl\/wp-content\/uploads\/2023\/09\/foto96-scaled-1-300x200.jpg 300w, https:\/\/fadeu.urantiacos.cl\/wp-content\/uploads\/2023\/09\/foto96-scaled-1-768x513.jpg 768w, https:\/\/fadeu.urantiacos.cl\/wp-content\/uploads\/2023\/09\/foto96-scaled-1-1536x1025.jpg 1536w, https:\/\/fadeu.urantiacos.cl\/wp-content\/uploads\/2023\/09\/foto96-scaled-1-2048x1367.jpg 2048w, https:\/\/fadeu.urantiacos.cl\/wp-content\/uploads\/2023\/09\/foto96-scaled-1.jpg 1600w\" sizes=\"(max-width: 1024px) 100vw, 1024px\" \/><\/figure>\n\n\n\n<p>En la categor\u00eda&nbsp;Dise\u00f1o de Productos | MOBILIARIO, el trabajo de Ignacia Murtagh realizado para el Servicio Nacional del Patrimonio&nbsp;en&nbsp;Palacio Pereira, en Santiago, la \u201cbanca lapis\u201d, se adjudic\u00f3 el primer lugar. \u201cLas bancas lapis se enmarcan en la necesidad y contexto de transmitir elementos culturales que nos definen a trav\u00e9s del dise\u00f1o de mobiliario. La propuesta difunde aspectos del patrimonio natural de Chile a trav\u00e9s del uso de su piedra Nacional, el lapisl\u00e1zuli, desde un \u00e1rea poco explorada por el dise\u00f1o contempor\u00e1neo\u201c, explica en la descripci\u00f3n del proyecto.<\/p>\n\n\n\n<figure class=\"wp-block-image size-large\"><img decoding=\"async\" width=\"1024\" height=\"718\" src=\"https:\/\/fadeu.urantiacos.cl\/wp-content\/uploads\/2023\/09\/foto118-scaled-1-1024x718.jpg\" alt=\"\" class=\"wp-image-5248\" srcset=\"https:\/\/fadeu.urantiacos.cl\/wp-content\/uploads\/2023\/09\/foto118-scaled-1-1024x718.jpg 1024w, https:\/\/fadeu.urantiacos.cl\/wp-content\/uploads\/2023\/09\/foto118-scaled-1-300x210.jpg 300w, https:\/\/fadeu.urantiacos.cl\/wp-content\/uploads\/2023\/09\/foto118-scaled-1-768x538.jpg 768w, https:\/\/fadeu.urantiacos.cl\/wp-content\/uploads\/2023\/09\/foto118-scaled-1-1536x1076.jpg 1536w, https:\/\/fadeu.urantiacos.cl\/wp-content\/uploads\/2023\/09\/foto118-scaled-1-2048x1435.jpg 2048w, https:\/\/fadeu.urantiacos.cl\/wp-content\/uploads\/2023\/09\/foto118-scaled-1.jpg 1600w\" sizes=\"(max-width: 1024px) 100vw, 1024px\" \/><\/figure>\n\n\n\n<p>La categor\u00eda&nbsp;Dise\u00f1o de Productos | Objetos,&nbsp;fue tambi\u00e9n para dise\u00f1adoras de la escuela. Este reconocimiento recay\u00f3 en el proyecto Pupila Nativa, de la oficina Zooma Dise\u00f1o, quienes desarrollaron una serie de productos inspirados por el principio de la CONAF \u201cEl que conoce Cuida\u201d.&nbsp;\u201cNaci\u00f3 la idea de querer aportar, como oficina de dise\u00f1o, a la conservaci\u00f3n de la naturaleza chilena a trav\u00e9s de lo que m\u00e1s nos apasiona: \u00a1El dise\u00f1o y la ilustraci\u00f3n! Despu\u00e9s de una serie de estudios y prototipos de ilustraciones, se consolid\u00f3 Pupila Nativa, un proyecto para dar a conocer la naturaleza nativa de Chile\u201d.<\/p>\n\n\n\n<figure class=\"wp-block-image size-large\"><img decoding=\"async\" width=\"1024\" height=\"684\" src=\"https:\/\/fadeu.urantiacos.cl\/wp-content\/uploads\/2023\/09\/foto123-scaled-1-1024x684.jpg\" alt=\"\" class=\"wp-image-5249\" srcset=\"https:\/\/fadeu.urantiacos.cl\/wp-content\/uploads\/2023\/09\/foto123-scaled-1-1024x684.jpg 1024w, https:\/\/fadeu.urantiacos.cl\/wp-content\/uploads\/2023\/09\/foto123-scaled-1-300x200.jpg 300w, https:\/\/fadeu.urantiacos.cl\/wp-content\/uploads\/2023\/09\/foto123-scaled-1-768x513.jpg 768w, https:\/\/fadeu.urantiacos.cl\/wp-content\/uploads\/2023\/09\/foto123-scaled-1-1536x1025.jpg 1536w, https:\/\/fadeu.urantiacos.cl\/wp-content\/uploads\/2023\/09\/foto123-scaled-1-2048x1367.jpg 2048w, https:\/\/fadeu.urantiacos.cl\/wp-content\/uploads\/2023\/09\/foto123-scaled-1.jpg 1600w\" sizes=\"(max-width: 1024px) 100vw, 1024px\" \/><\/figure>\n\n\n\n<p>En la l\u00ednea&nbsp;Dise\u00f1o de Ambientes y Espacios | Exhibiciones \u2013 Museograf\u00eda,&nbsp;la oficina&nbsp;<a href=\"https:\/\/deo.cl\/\">DEO<\/a>, de los dise\u00f1adores Ismael Prieto y Josefina Bunster, fueron premiados por el proceso de renovaci\u00f3n que considera la remodelaci\u00f3n de espacios y la creaci\u00f3n de un nuevo gui\u00f3n museogr\u00e1fico, del&nbsp;Museo Arqueol\u00f3gico de La Serena.<\/p>\n\n\n\n<figure class=\"wp-block-image size-large\"><img decoding=\"async\" width=\"1024\" height=\"684\" src=\"https:\/\/fadeu.urantiacos.cl\/wp-content\/uploads\/2023\/09\/foto76-scaled-1-1024x684.jpg\" alt=\"\" class=\"wp-image-5250\" srcset=\"https:\/\/fadeu.urantiacos.cl\/wp-content\/uploads\/2023\/09\/foto76-scaled-1-1024x684.jpg 1024w, https:\/\/fadeu.urantiacos.cl\/wp-content\/uploads\/2023\/09\/foto76-scaled-1-300x200.jpg 300w, https:\/\/fadeu.urantiacos.cl\/wp-content\/uploads\/2023\/09\/foto76-scaled-1-768x513.jpg 768w, https:\/\/fadeu.urantiacos.cl\/wp-content\/uploads\/2023\/09\/foto76-scaled-1-1536x1025.jpg 1536w, https:\/\/fadeu.urantiacos.cl\/wp-content\/uploads\/2023\/09\/foto76-scaled-1-2048x1367.jpg 2048w, https:\/\/fadeu.urantiacos.cl\/wp-content\/uploads\/2023\/09\/foto76-scaled-1.jpg 1600w\" sizes=\"(max-width: 1024px) 100vw, 1024px\" \/><\/figure>\n\n\n\n<p>Por su parte, la oficina&nbsp;<a href=\"https:\/\/www.otrosperez.com\/\">Otros P\u00e9rez<\/a>, obtuvo el primer lugar en la categor\u00eda&nbsp;Dise\u00f1o Online | Web&nbsp;con el proyecto&nbsp;Esp\u00e9rate x Chile Creativo.&nbsp;\u201cLa idea fue hacer una web muy sencilla y f\u00e1cil de navegar, para que todos pudieran acceder f\u00e1cilmente al los contenidos videos, m\u00fasica y teatro chilenos\u201c.<\/p>\n\n\n\n<figure class=\"wp-block-image size-large\"><img decoding=\"async\" width=\"1024\" height=\"684\" src=\"https:\/\/fadeu.urantiacos.cl\/wp-content\/uploads\/2023\/09\/foto139-scaled-1-1024x684.jpg\" alt=\"\" class=\"wp-image-5251\" srcset=\"https:\/\/fadeu.urantiacos.cl\/wp-content\/uploads\/2023\/09\/foto139-scaled-1-1024x684.jpg 1024w, https:\/\/fadeu.urantiacos.cl\/wp-content\/uploads\/2023\/09\/foto139-scaled-1-300x200.jpg 300w, https:\/\/fadeu.urantiacos.cl\/wp-content\/uploads\/2023\/09\/foto139-scaled-1-768x513.jpg 768w, https:\/\/fadeu.urantiacos.cl\/wp-content\/uploads\/2023\/09\/foto139-scaled-1-1536x1025.jpg 1536w, https:\/\/fadeu.urantiacos.cl\/wp-content\/uploads\/2023\/09\/foto139-scaled-1-2048x1367.jpg 2048w, https:\/\/fadeu.urantiacos.cl\/wp-content\/uploads\/2023\/09\/foto139-scaled-1.jpg 1600w\" sizes=\"(max-width: 1024px) 100vw, 1024px\" \/><\/figure>\n\n\n\n<p><strong>El Premio<\/strong><\/p>\n\n\n\n<p><br>Con 16 a\u00f1os de trayectoria, los Premios Chile Dise\u00f1o, se han convertido en el principal reconocimiento de la industria en Chile.<\/p>\n\n\n\n<p>Su prop\u00f3sito es promover la importancia y el valor del dise\u00f1o mediante el reconocimiento de proyectos que visibilicen el impacto y la relevancia de la disciplina, capaces de cambiar realidades a nivel social, cultural y econ\u00f3mico.<\/p>\n\n\n\n<p>Este a\u00f1o, los Premios Chile Dise\u00f1o pusieron el acento en el contexto actual de adversidad, y los cambios de paradigma profundos que se han vivido, buscando destacar espacios d\u00f3nde el dise\u00f1o ha sido motor de cambio y adaptaci\u00f3n en esta nueva realidad, para visibilizar el valor de la disciplina, sobre todo en estos tiempos de cambio.<\/p>\n\n\n\n<figure class=\"wp-block-image size-full\"><img decoding=\"async\" width=\"1000\" height=\"682\" src=\"https:\/\/fadeu.urantiacos.cl\/wp-content\/uploads\/2023\/10\/Captura-de-Pantalla-2022-04-08-a-las-14.49.58.jpg\" alt=\"\" class=\"wp-image-17802\" srcset=\"https:\/\/fadeu.urantiacos.cl\/wp-content\/uploads\/2023\/10\/Captura-de-Pantalla-2022-04-08-a-las-14.49.58.jpg 1000w, https:\/\/fadeu.urantiacos.cl\/wp-content\/uploads\/2023\/10\/Captura-de-Pantalla-2022-04-08-a-las-14.49.58-300x205.jpg 300w, https:\/\/fadeu.urantiacos.cl\/wp-content\/uploads\/2023\/10\/Captura-de-Pantalla-2022-04-08-a-las-14.49.58-768x524.jpg 768w\" sizes=\"(max-width: 1000px) 100vw, 1000px\" \/><\/figure>\n\n\n\n<p><strong>El Directorio<\/strong><\/p>\n\n\n\n<figure class=\"wp-block-image size-full\"><img decoding=\"async\" width=\"986\" height=\"682\" src=\"https:\/\/fadeu.urantiacos.cl\/wp-content\/uploads\/2023\/10\/Captura-de-Pantalla-2022-04-08-a-las-14.50.15.png\" alt=\"\" class=\"wp-image-17810\" srcset=\"https:\/\/fadeu.urantiacos.cl\/wp-content\/uploads\/2023\/10\/Captura-de-Pantalla-2022-04-08-a-las-14.50.15.png 986w, https:\/\/fadeu.urantiacos.cl\/wp-content\/uploads\/2023\/10\/Captura-de-Pantalla-2022-04-08-a-las-14.50.15-300x208.png 300w, https:\/\/fadeu.urantiacos.cl\/wp-content\/uploads\/2023\/10\/Captura-de-Pantalla-2022-04-08-a-las-14.50.15-768x531.png 768w\" sizes=\"(max-width: 986px) 100vw, 986px\" \/><\/figure>\n\n\n\n<p><strong>El Jurado<\/strong><\/p>\n\n\n\n<figure class=\"wp-block-image size-full\"><img decoding=\"async\" width=\"1024\" height=\"568\" src=\"https:\/\/fadeu.urantiacos.cl\/wp-content\/uploads\/2023\/10\/Captura-de-Pantalla-2022-04-08-a-las-14.50.57-1024x568-1.jpg\" alt=\"\" class=\"wp-image-17828\" srcset=\"https:\/\/fadeu.urantiacos.cl\/wp-content\/uploads\/2023\/10\/Captura-de-Pantalla-2022-04-08-a-las-14.50.57-1024x568-1.jpg 1024w, https:\/\/fadeu.urantiacos.cl\/wp-content\/uploads\/2023\/10\/Captura-de-Pantalla-2022-04-08-a-las-14.50.57-1024x568-1-300x166.jpg 300w, https:\/\/fadeu.urantiacos.cl\/wp-content\/uploads\/2023\/10\/Captura-de-Pantalla-2022-04-08-a-las-14.50.57-1024x568-1-768x426.jpg 768w\" sizes=\"(max-width: 1024px) 100vw, 1024px\" \/><\/figure>\n\n\n\n<p><strong>Los Ganadores<\/strong><\/p>\n\n\n\n<figure class=\"wp-block-image size-full\"><img decoding=\"async\" width=\"1024\" height=\"568\" src=\"https:\/\/fadeu.urantiacos.cl\/wp-content\/uploads\/2023\/10\/Captura-de-Pantalla-2022-04-08-a-las-14.50.57-1024x568-1.jpg\" alt=\"\" class=\"wp-image-17828\" srcset=\"https:\/\/fadeu.urantiacos.cl\/wp-content\/uploads\/2023\/10\/Captura-de-Pantalla-2022-04-08-a-las-14.50.57-1024x568-1.jpg 1024w, https:\/\/fadeu.urantiacos.cl\/wp-content\/uploads\/2023\/10\/Captura-de-Pantalla-2022-04-08-a-las-14.50.57-1024x568-1-300x166.jpg 300w, https:\/\/fadeu.urantiacos.cl\/wp-content\/uploads\/2023\/10\/Captura-de-Pantalla-2022-04-08-a-las-14.50.57-1024x568-1-768x426.jpg 768w\" sizes=\"(max-width: 1024px) 100vw, 1024px\" \/><\/figure>\n\n\n\n<p>INFORMACI\u00d3N PERIOD\u00cdSTICA<br>ESCUELA DE DISE\u00d1O UC<\/p>\n","protected":false},"excerpt":{"rendered":"<p>Dise\u00f1o UC fue galardonado en diferentes categor\u00edas en la versi\u00f3n 2021 de los Premios Chile Dise\u00f1o.  PALPA, Guemil \u00cdconos para Emergencia y Pedro \u00c1lvarez, fueron algunos de los premiados en esta instancia.<\/p>\n","protected":false},"author":1,"featured_media":5256,"comment_status":"open","ping_status":"open","sticky":false,"template":"","format":"standard","meta":{"_acf_changed":false,"footnotes":""},"categories":[1],"tags":[],"class_list":["post-5238","post","type-post","status-publish","format-standard","has-post-thumbnail","hentry","category-sin-categorizar"],"acf":[],"yoast_head":"<!-- This site is optimized with the Yoast SEO plugin v27.1.1 - https:\/\/yoast.com\/product\/yoast-seo-wordpress\/ -->\n<title>Dise\u00f1o UC destaca en los Premios Chile Dise\u00f1o - Facultad de Arquitectura, Dise\u00f1o y Estudios Urbanos<\/title>\n<meta name=\"description\" content=\"Dise\u00f1o UC fue galardonado en diferentes categor\u00edas en la versi\u00f3n 2021 de los Premios Chile Dise\u00f1o. PALPA, Guemil \u00cdconos para Emergencia y Pedro \u00c1lvarez, fueron algunos de los premiados en esta instancia.\" \/>\n<meta name=\"robots\" content=\"index, follow, max-snippet:-1, max-image-preview:large, max-video-preview:-1\" \/>\n<link rel=\"canonical\" href=\"https:\/\/fadeu.urantiacos.cl\/en\/2022\/04\/11\/diseno-uc-destaca-en-los-premios-chile-diseno\/\" \/>\n<meta property=\"og:locale\" content=\"en_US\" \/>\n<meta property=\"og:type\" content=\"article\" \/>\n<meta property=\"og:title\" content=\"Dise\u00f1o UC destaca en los Premios Chile Dise\u00f1o - Facultad de Arquitectura, Dise\u00f1o y Estudios Urbanos\" \/>\n<meta property=\"og:description\" content=\"Dise\u00f1o UC fue galardonado en diferentes categor\u00edas en la versi\u00f3n 2021 de los Premios Chile Dise\u00f1o. PALPA, Guemil \u00cdconos para Emergencia y Pedro \u00c1lvarez, fueron algunos de los premiados en esta instancia.\" \/>\n<meta property=\"og:url\" content=\"https:\/\/fadeu.urantiacos.cl\/en\/2022\/04\/11\/diseno-uc-destaca-en-los-premios-chile-diseno\/\" \/>\n<meta property=\"og:site_name\" content=\"Facultad de Arquitectura, Dise\u00f1o y Estudios Urbanos\" \/>\n<meta property=\"article:published_time\" content=\"2022-04-11T12:29:00+00:00\" \/>\n<meta property=\"article:modified_time\" content=\"2023-10-24T17:03:12+00:00\" \/>\n<meta property=\"og:image\" content=\"https:\/\/fadeu.urantiacos.cl\/wp-content\/uploads\/2023\/09\/foto112-scaled_web-1.jpg\" \/>\n\t<meta property=\"og:image:width\" content=\"350\" \/>\n\t<meta property=\"og:image:height\" content=\"250\" \/>\n\t<meta property=\"og:image:type\" content=\"image\/jpeg\" \/>\n<meta name=\"author\" content=\"manadmin\" \/>\n<meta name=\"twitter:card\" content=\"summary_large_image\" \/>\n<meta name=\"twitter:label1\" content=\"Written by\" \/>\n\t<meta name=\"twitter:data1\" content=\"manadmin\" \/>\n\t<meta name=\"twitter:label2\" content=\"Est. reading time\" \/>\n\t<meta name=\"twitter:data2\" content=\"7 minutes\" \/>\n<script type=\"application\/ld+json\" class=\"yoast-schema-graph\">{\"@context\":\"https:\/\/schema.org\",\"@graph\":[{\"@type\":\"Article\",\"@id\":\"https:\/\/fadeu.urantiacos.cl\/en\/2022\/04\/11\/diseno-uc-destaca-en-los-premios-chile-diseno\/#article\",\"isPartOf\":{\"@id\":\"https:\/\/fadeu.urantiacos.cl\/en\/2022\/04\/11\/diseno-uc-destaca-en-los-premios-chile-diseno\/\"},\"author\":{\"name\":\"manadmin\",\"@id\":\"https:\/\/fadeu.urantiacos.cl\/en\/#\/schema\/person\/d203e2e84b1c40275eac77b3061a19a2\"},\"headline\":\"Dise\u00f1o UC destaca en los Premios Chile Dise\u00f1o\",\"datePublished\":\"2022-04-11T12:29:00+00:00\",\"dateModified\":\"2023-10-24T17:03:12+00:00\",\"mainEntityOfPage\":{\"@id\":\"https:\/\/fadeu.urantiacos.cl\/en\/2022\/04\/11\/diseno-uc-destaca-en-los-premios-chile-diseno\/\"},\"wordCount\":906,\"commentCount\":0,\"image\":{\"@id\":\"https:\/\/fadeu.urantiacos.cl\/en\/2022\/04\/11\/diseno-uc-destaca-en-los-premios-chile-diseno\/#primaryimage\"},\"thumbnailUrl\":\"https:\/\/fadeu.urantiacos.cl\/wp-content\/uploads\/2023\/09\/foto112-scaled_web-1.jpg\",\"articleSection\":[\"Sin categorizar\"],\"inLanguage\":\"en-US\",\"potentialAction\":[{\"@type\":\"CommentAction\",\"name\":\"Comment\",\"target\":[\"https:\/\/fadeu.urantiacos.cl\/en\/2022\/04\/11\/diseno-uc-destaca-en-los-premios-chile-diseno\/#respond\"]}]},{\"@type\":\"WebPage\",\"@id\":\"https:\/\/fadeu.urantiacos.cl\/en\/2022\/04\/11\/diseno-uc-destaca-en-los-premios-chile-diseno\/\",\"url\":\"https:\/\/fadeu.urantiacos.cl\/en\/2022\/04\/11\/diseno-uc-destaca-en-los-premios-chile-diseno\/\",\"name\":\"Dise\u00f1o UC destaca en los Premios Chile Dise\u00f1o - Facultad de Arquitectura, Dise\u00f1o y Estudios Urbanos\",\"isPartOf\":{\"@id\":\"https:\/\/fadeu.urantiacos.cl\/en\/#website\"},\"primaryImageOfPage\":{\"@id\":\"https:\/\/fadeu.urantiacos.cl\/en\/2022\/04\/11\/diseno-uc-destaca-en-los-premios-chile-diseno\/#primaryimage\"},\"image\":{\"@id\":\"https:\/\/fadeu.urantiacos.cl\/en\/2022\/04\/11\/diseno-uc-destaca-en-los-premios-chile-diseno\/#primaryimage\"},\"thumbnailUrl\":\"https:\/\/fadeu.urantiacos.cl\/wp-content\/uploads\/2023\/09\/foto112-scaled_web-1.jpg\",\"datePublished\":\"2022-04-11T12:29:00+00:00\",\"dateModified\":\"2023-10-24T17:03:12+00:00\",\"author\":{\"@id\":\"https:\/\/fadeu.urantiacos.cl\/en\/#\/schema\/person\/d203e2e84b1c40275eac77b3061a19a2\"},\"description\":\"Dise\u00f1o UC fue galardonado en diferentes categor\u00edas en la versi\u00f3n 2021 de los Premios Chile Dise\u00f1o. PALPA, Guemil \u00cdconos para Emergencia y Pedro \u00c1lvarez, fueron algunos de los premiados en esta instancia.\",\"breadcrumb\":{\"@id\":\"https:\/\/fadeu.urantiacos.cl\/en\/2022\/04\/11\/diseno-uc-destaca-en-los-premios-chile-diseno\/#breadcrumb\"},\"inLanguage\":\"en-US\",\"potentialAction\":[{\"@type\":\"ReadAction\",\"target\":[\"https:\/\/fadeu.urantiacos.cl\/en\/2022\/04\/11\/diseno-uc-destaca-en-los-premios-chile-diseno\/\"]}]},{\"@type\":\"ImageObject\",\"inLanguage\":\"en-US\",\"@id\":\"https:\/\/fadeu.urantiacos.cl\/en\/2022\/04\/11\/diseno-uc-destaca-en-los-premios-chile-diseno\/#primaryimage\",\"url\":\"https:\/\/fadeu.urantiacos.cl\/wp-content\/uploads\/2023\/09\/foto112-scaled_web-1.jpg\",\"contentUrl\":\"https:\/\/fadeu.urantiacos.cl\/wp-content\/uploads\/2023\/09\/foto112-scaled_web-1.jpg\",\"width\":350,\"height\":250},{\"@type\":\"BreadcrumbList\",\"@id\":\"https:\/\/fadeu.urantiacos.cl\/en\/2022\/04\/11\/diseno-uc-destaca-en-los-premios-chile-diseno\/#breadcrumb\",\"itemListElement\":[{\"@type\":\"ListItem\",\"position\":1,\"name\":\"Portada\",\"item\":\"https:\/\/fadeu.urantiacos.cl\/en\/\"},{\"@type\":\"ListItem\",\"position\":2,\"name\":\"Dise\u00f1o UC destaca en los Premios Chile Dise\u00f1o\"}]},{\"@type\":\"WebSite\",\"@id\":\"https:\/\/fadeu.urantiacos.cl\/en\/#website\",\"url\":\"https:\/\/fadeu.urantiacos.cl\/en\/\",\"name\":\"Facultad de Arquitectura, Dise\u00f1o y Estudios Urbanos\",\"description\":\"Campus Lo Contador\",\"potentialAction\":[{\"@type\":\"SearchAction\",\"target\":{\"@type\":\"EntryPoint\",\"urlTemplate\":\"https:\/\/fadeu.urantiacos.cl\/en\/?s={search_term_string}\"},\"query-input\":{\"@type\":\"PropertyValueSpecification\",\"valueRequired\":true,\"valueName\":\"search_term_string\"}}],\"inLanguage\":\"en-US\"},{\"@type\":\"Person\",\"@id\":\"https:\/\/fadeu.urantiacos.cl\/en\/#\/schema\/person\/d203e2e84b1c40275eac77b3061a19a2\",\"name\":\"manadmin\",\"image\":{\"@type\":\"ImageObject\",\"inLanguage\":\"en-US\",\"@id\":\"https:\/\/fadeu.urantiacos.cl\/en\/#\/schema\/person\/image\/\",\"url\":\"https:\/\/secure.gravatar.com\/avatar\/4b1d8e3303b4a9d8968ac578947d8bc80d9aea359f388cdd4aac15cadc0e8447?s=96&d=mm&r=g\",\"contentUrl\":\"https:\/\/secure.gravatar.com\/avatar\/4b1d8e3303b4a9d8968ac578947d8bc80d9aea359f388cdd4aac15cadc0e8447?s=96&d=mm&r=g\",\"caption\":\"manadmin\"},\"sameAs\":[\"https:\/\/fadeu.urantiacos.cl\"]}]}<\/script>\n<!-- \/ Yoast SEO plugin. -->","yoast_head_json":{"title":"Dise\u00f1o UC destaca en los Premios Chile Dise\u00f1o - Facultad de Arquitectura, Dise\u00f1o y Estudios Urbanos","description":"Dise\u00f1o UC fue galardonado en diferentes categor\u00edas en la versi\u00f3n 2021 de los Premios Chile Dise\u00f1o. PALPA, Guemil \u00cdconos para Emergencia y Pedro \u00c1lvarez, fueron algunos de los premiados en esta instancia.","robots":{"index":"index","follow":"follow","max-snippet":"max-snippet:-1","max-image-preview":"max-image-preview:large","max-video-preview":"max-video-preview:-1"},"canonical":"https:\/\/fadeu.urantiacos.cl\/en\/2022\/04\/11\/diseno-uc-destaca-en-los-premios-chile-diseno\/","og_locale":"en_US","og_type":"article","og_title":"Dise\u00f1o UC destaca en los Premios Chile Dise\u00f1o - Facultad de Arquitectura, Dise\u00f1o y Estudios Urbanos","og_description":"Dise\u00f1o UC fue galardonado en diferentes categor\u00edas en la versi\u00f3n 2021 de los Premios Chile Dise\u00f1o. PALPA, Guemil \u00cdconos para Emergencia y Pedro \u00c1lvarez, fueron algunos de los premiados en esta instancia.","og_url":"https:\/\/fadeu.urantiacos.cl\/en\/2022\/04\/11\/diseno-uc-destaca-en-los-premios-chile-diseno\/","og_site_name":"Facultad de Arquitectura, Dise\u00f1o y Estudios Urbanos","article_published_time":"2022-04-11T12:29:00+00:00","article_modified_time":"2023-10-24T17:03:12+00:00","og_image":[{"width":350,"height":250,"url":"https:\/\/fadeu.urantiacos.cl\/wp-content\/uploads\/2023\/09\/foto112-scaled_web-1.jpg","type":"image\/jpeg"}],"author":"manadmin","twitter_card":"summary_large_image","twitter_misc":{"Written by":"manadmin","Est. reading time":"7 minutes"},"schema":{"@context":"https:\/\/schema.org","@graph":[{"@type":"Article","@id":"https:\/\/fadeu.urantiacos.cl\/en\/2022\/04\/11\/diseno-uc-destaca-en-los-premios-chile-diseno\/#article","isPartOf":{"@id":"https:\/\/fadeu.urantiacos.cl\/en\/2022\/04\/11\/diseno-uc-destaca-en-los-premios-chile-diseno\/"},"author":{"name":"manadmin","@id":"https:\/\/fadeu.urantiacos.cl\/en\/#\/schema\/person\/d203e2e84b1c40275eac77b3061a19a2"},"headline":"Dise\u00f1o UC destaca en los Premios Chile Dise\u00f1o","datePublished":"2022-04-11T12:29:00+00:00","dateModified":"2023-10-24T17:03:12+00:00","mainEntityOfPage":{"@id":"https:\/\/fadeu.urantiacos.cl\/en\/2022\/04\/11\/diseno-uc-destaca-en-los-premios-chile-diseno\/"},"wordCount":906,"commentCount":0,"image":{"@id":"https:\/\/fadeu.urantiacos.cl\/en\/2022\/04\/11\/diseno-uc-destaca-en-los-premios-chile-diseno\/#primaryimage"},"thumbnailUrl":"https:\/\/fadeu.urantiacos.cl\/wp-content\/uploads\/2023\/09\/foto112-scaled_web-1.jpg","articleSection":["Sin categorizar"],"inLanguage":"en-US","potentialAction":[{"@type":"CommentAction","name":"Comment","target":["https:\/\/fadeu.urantiacos.cl\/en\/2022\/04\/11\/diseno-uc-destaca-en-los-premios-chile-diseno\/#respond"]}]},{"@type":"WebPage","@id":"https:\/\/fadeu.urantiacos.cl\/en\/2022\/04\/11\/diseno-uc-destaca-en-los-premios-chile-diseno\/","url":"https:\/\/fadeu.urantiacos.cl\/en\/2022\/04\/11\/diseno-uc-destaca-en-los-premios-chile-diseno\/","name":"Dise\u00f1o UC destaca en los Premios Chile Dise\u00f1o - Facultad de Arquitectura, Dise\u00f1o y Estudios Urbanos","isPartOf":{"@id":"https:\/\/fadeu.urantiacos.cl\/en\/#website"},"primaryImageOfPage":{"@id":"https:\/\/fadeu.urantiacos.cl\/en\/2022\/04\/11\/diseno-uc-destaca-en-los-premios-chile-diseno\/#primaryimage"},"image":{"@id":"https:\/\/fadeu.urantiacos.cl\/en\/2022\/04\/11\/diseno-uc-destaca-en-los-premios-chile-diseno\/#primaryimage"},"thumbnailUrl":"https:\/\/fadeu.urantiacos.cl\/wp-content\/uploads\/2023\/09\/foto112-scaled_web-1.jpg","datePublished":"2022-04-11T12:29:00+00:00","dateModified":"2023-10-24T17:03:12+00:00","author":{"@id":"https:\/\/fadeu.urantiacos.cl\/en\/#\/schema\/person\/d203e2e84b1c40275eac77b3061a19a2"},"description":"Dise\u00f1o UC fue galardonado en diferentes categor\u00edas en la versi\u00f3n 2021 de los Premios Chile Dise\u00f1o. PALPA, Guemil \u00cdconos para Emergencia y Pedro \u00c1lvarez, fueron algunos de los premiados en esta instancia.","breadcrumb":{"@id":"https:\/\/fadeu.urantiacos.cl\/en\/2022\/04\/11\/diseno-uc-destaca-en-los-premios-chile-diseno\/#breadcrumb"},"inLanguage":"en-US","potentialAction":[{"@type":"ReadAction","target":["https:\/\/fadeu.urantiacos.cl\/en\/2022\/04\/11\/diseno-uc-destaca-en-los-premios-chile-diseno\/"]}]},{"@type":"ImageObject","inLanguage":"en-US","@id":"https:\/\/fadeu.urantiacos.cl\/en\/2022\/04\/11\/diseno-uc-destaca-en-los-premios-chile-diseno\/#primaryimage","url":"https:\/\/fadeu.urantiacos.cl\/wp-content\/uploads\/2023\/09\/foto112-scaled_web-1.jpg","contentUrl":"https:\/\/fadeu.urantiacos.cl\/wp-content\/uploads\/2023\/09\/foto112-scaled_web-1.jpg","width":350,"height":250},{"@type":"BreadcrumbList","@id":"https:\/\/fadeu.urantiacos.cl\/en\/2022\/04\/11\/diseno-uc-destaca-en-los-premios-chile-diseno\/#breadcrumb","itemListElement":[{"@type":"ListItem","position":1,"name":"Portada","item":"https:\/\/fadeu.urantiacos.cl\/en\/"},{"@type":"ListItem","position":2,"name":"Dise\u00f1o UC destaca en los Premios Chile Dise\u00f1o"}]},{"@type":"WebSite","@id":"https:\/\/fadeu.urantiacos.cl\/en\/#website","url":"https:\/\/fadeu.urantiacos.cl\/en\/","name":"Facultad de Arquitectura, Dise\u00f1o y Estudios Urbanos","description":"Campus Lo Contador","potentialAction":[{"@type":"SearchAction","target":{"@type":"EntryPoint","urlTemplate":"https:\/\/fadeu.urantiacos.cl\/en\/?s={search_term_string}"},"query-input":{"@type":"PropertyValueSpecification","valueRequired":true,"valueName":"search_term_string"}}],"inLanguage":"en-US"},{"@type":"Person","@id":"https:\/\/fadeu.urantiacos.cl\/en\/#\/schema\/person\/d203e2e84b1c40275eac77b3061a19a2","name":"manadmin","image":{"@type":"ImageObject","inLanguage":"en-US","@id":"https:\/\/fadeu.urantiacos.cl\/en\/#\/schema\/person\/image\/","url":"https:\/\/secure.gravatar.com\/avatar\/4b1d8e3303b4a9d8968ac578947d8bc80d9aea359f388cdd4aac15cadc0e8447?s=96&d=mm&r=g","contentUrl":"https:\/\/secure.gravatar.com\/avatar\/4b1d8e3303b4a9d8968ac578947d8bc80d9aea359f388cdd4aac15cadc0e8447?s=96&d=mm&r=g","caption":"manadmin"},"sameAs":["https:\/\/fadeu.urantiacos.cl"]}]}},"_links":{"self":[{"href":"https:\/\/fadeu.urantiacos.cl\/en\/wp-json\/wp\/v2\/posts\/5238","targetHints":{"allow":["GET"]}}],"collection":[{"href":"https:\/\/fadeu.urantiacos.cl\/en\/wp-json\/wp\/v2\/posts"}],"about":[{"href":"https:\/\/fadeu.urantiacos.cl\/en\/wp-json\/wp\/v2\/types\/post"}],"author":[{"embeddable":true,"href":"https:\/\/fadeu.urantiacos.cl\/en\/wp-json\/wp\/v2\/users\/1"}],"replies":[{"embeddable":true,"href":"https:\/\/fadeu.urantiacos.cl\/en\/wp-json\/wp\/v2\/comments?post=5238"}],"version-history":[{"count":4,"href":"https:\/\/fadeu.urantiacos.cl\/en\/wp-json\/wp\/v2\/posts\/5238\/revisions"}],"predecessor-version":[{"id":17829,"href":"https:\/\/fadeu.urantiacos.cl\/en\/wp-json\/wp\/v2\/posts\/5238\/revisions\/17829"}],"wp:featuredmedia":[{"embeddable":true,"href":"https:\/\/fadeu.urantiacos.cl\/en\/wp-json\/wp\/v2\/media\/5256"}],"wp:attachment":[{"href":"https:\/\/fadeu.urantiacos.cl\/en\/wp-json\/wp\/v2\/media?parent=5238"}],"wp:term":[{"taxonomy":"category","embeddable":true,"href":"https:\/\/fadeu.urantiacos.cl\/en\/wp-json\/wp\/v2\/categories?post=5238"},{"taxonomy":"post_tag","embeddable":true,"href":"https:\/\/fadeu.urantiacos.cl\/en\/wp-json\/wp\/v2\/tags?post=5238"}],"curies":[{"name":"wp","href":"https:\/\/api.w.org\/{rel}","templated":true}]}}