{"id":5226,"date":"2022-04-18T09:21:00","date_gmt":"2022-04-18T12:21:00","guid":{"rendered":"https:\/\/fadeu.urantiacos.cl\/?p=5226"},"modified":"2023-09-06T09:25:16","modified_gmt":"2023-09-06T12:25:16","slug":"osvaldo-moreno-y-ximena-arizaga-realizan-taller-de-humedales-con-actores-de-huasco","status":"publish","type":"post","link":"https:\/\/fadeu.urantiacos.cl\/en\/2022\/04\/18\/osvaldo-moreno-y-ximena-arizaga-realizan-taller-de-humedales-con-actores-de-huasco\/","title":{"rendered":"Osvaldo Moreno y Ximena Arizaga realizan taller de humedales con actores de Huasco"},"content":{"rendered":"\n<figure class=\"wp-block-image size-full\"><img decoding=\"async\" width=\"350\" height=\"250\" src=\"https:\/\/fadeu.urantiacos.cl\/wp-content\/uploads\/2023\/09\/1o_taller_Observatorio__8_web.jpg\" alt=\"\" class=\"wp-image-5227\" srcset=\"https:\/\/fadeu.urantiacos.cl\/wp-content\/uploads\/2023\/09\/1o_taller_Observatorio__8_web.jpg 350w, https:\/\/fadeu.urantiacos.cl\/wp-content\/uploads\/2023\/09\/1o_taller_Observatorio__8_web-300x214.jpg 300w\" sizes=\"(max-width: 350px) 100vw, 350px\" \/><\/figure>\n\n\n\n<p>El taller &#8220;Observatorio Humedal de Huasco&#8221; cont\u00f3 con la presencia del alcalde de Huasco, Genaro Brice\u00f1o; as\u00ed como las concejalas de la comuna, Mar\u00eda Elizalde y Javiera Orellana; profesionales del departamento de Medio Ambiente de la municipalidad, con quienes se trabaja en estrecha colaboraci\u00f3n; miembros de bomberos; dirigentes de organizaciones sociales; y vecinos. En la instancia se expuso el material de la investigaci\u00f3n, proyecto en el que participan tambi\u00e9n la profesora ARQ UC Camila Romero y la estudiante del Mag\u00edster en Arquitectura del Paisaje UC, Carla Olivares.<\/p>\n\n\n\n<p>Este estudio, que se inscribe en una l\u00ednea de investigaci\u00f3n sobre los paisajes de Atacama que los profesores Osvaldo Moreno y Ximena Arizaga vienen desarrollando desde 2017, derivar\u00e1 en una muestra dentro del observatorio, que estar\u00e1 instalado en la costanera de Huasco, al ingreso del humedal.<\/p>\n\n\n\n<p>La investigaci\u00f3n reconoce la importancia de la desembocadura del R\u00edo Huasco, el humedal costero m\u00e1s grande de la regi\u00f3n de Atacama, que, junto con el humedal de Carrizal Bajo \u2014declarado Santuario de la Naturaleza en 2019\u2014, configuran un sistema de alta biodiversidad en la zona semi\u00e1rida al sur del Desierto de Atacama. En esa l\u00ednea, el humedal est\u00e1 dentro de los 25 \u201chot spots\u201d con mayor diversidad biol\u00f3gica del mundo, destacando su gran gama de especies de flora y fauna de alto endemismo.<\/p>\n\n\n\n<p><strong>Sobre Ciencia P\u00fablica_<\/strong><\/p>\n\n\n\n<p><strong><\/strong><br>Este programa busca generar espacios e instrumentos de socializaci\u00f3n del conocimiento fuera del sistema educativo, teniendo como principal herramienta los Concursos Ciencia P\u00fablica de Divulgaci\u00f3n y Socializaci\u00f3n del Conocimiento. Esto, por medio de la implementaci\u00f3n de la arquitectura e infraestructura necesaria para facilitar el intercambio, diseminaci\u00f3n, integraci\u00f3n, aprendizaje y apropiaci\u00f3n social; poniendo \u00e9nfasis en la participaci\u00f3n y la articulaci\u00f3n de los distintos agentes sociales.<\/p>\n\n\n\n<figure class=\"wp-block-image size-large\"><img decoding=\"async\" width=\"1024\" height=\"768\" src=\"https:\/\/fadeu.urantiacos.cl\/wp-content\/uploads\/2023\/09\/1o_taller_Observatorio__8-1024x768.jpg\" alt=\"\" class=\"wp-image-5229\" srcset=\"https:\/\/fadeu.urantiacos.cl\/wp-content\/uploads\/2023\/09\/1o_taller_Observatorio__8-1024x768.jpg 1024w, https:\/\/fadeu.urantiacos.cl\/wp-content\/uploads\/2023\/09\/1o_taller_Observatorio__8-300x225.jpg 300w, https:\/\/fadeu.urantiacos.cl\/wp-content\/uploads\/2023\/09\/1o_taller_Observatorio__8-768x576.jpg 768w, https:\/\/fadeu.urantiacos.cl\/wp-content\/uploads\/2023\/09\/1o_taller_Observatorio__8-1536x1152.jpg 1536w, https:\/\/fadeu.urantiacos.cl\/wp-content\/uploads\/2023\/09\/1o_taller_Observatorio__8-2048x1536.jpg 2048w, https:\/\/fadeu.urantiacos.cl\/wp-content\/uploads\/2023\/09\/1o_taller_Observatorio__8-scaled.jpg 1600w\" sizes=\"(max-width: 1024px) 100vw, 1024px\" \/><\/figure>\n\n\n\n<figure class=\"wp-block-image size-large\"><img decoding=\"async\" width=\"1024\" height=\"682\" src=\"https:\/\/fadeu.urantiacos.cl\/wp-content\/uploads\/2023\/09\/1o_taller_Observatorio__3-1024x682.jpg\" alt=\"\" class=\"wp-image-5228\" srcset=\"https:\/\/fadeu.urantiacos.cl\/wp-content\/uploads\/2023\/09\/1o_taller_Observatorio__3-1024x682.jpg 1024w, https:\/\/fadeu.urantiacos.cl\/wp-content\/uploads\/2023\/09\/1o_taller_Observatorio__3-300x200.jpg 300w, https:\/\/fadeu.urantiacos.cl\/wp-content\/uploads\/2023\/09\/1o_taller_Observatorio__3-768x511.jpg 768w, https:\/\/fadeu.urantiacos.cl\/wp-content\/uploads\/2023\/09\/1o_taller_Observatorio__3.jpg 1280w\" sizes=\"(max-width: 1024px) 100vw, 1024px\" \/><\/figure>\n\n\n\n<p>Noticias<br>Contacto:&nbsp;<a href=\"mailto:redesarq@uc.cl\">redesarq@uc.cl<\/a>&nbsp;| +56 2 2354 7747<br>www.arquitectura.uc.cl<\/p>\n","protected":false},"excerpt":{"rendered":"<p>En el marco de la investigaci\u00f3n &#8220;Observatorio de humedales costeros de Atacama: divulgaci\u00f3n de sus valores ambientales y culturales&#8221; \u2014que nace del fondo de Ciencia P\u00fablica adjudicado por los profesores ARQ UC (ver nota) \u2014, se realiz\u00f3 el primer taller de proyecto en la zona.<\/p>\n","protected":false},"author":1,"featured_media":5227,"comment_status":"open","ping_status":"open","sticky":false,"template":"","format":"standard","meta":{"_acf_changed":false,"footnotes":""},"categories":[1],"tags":[],"class_list":["post-5226","post","type-post","status-publish","format-standard","has-post-thumbnail","hentry","category-sin-categorizar"],"acf":[],"yoast_head":"<!-- This site is optimized with the Yoast SEO plugin v27.1.1 - https:\/\/yoast.com\/product\/yoast-seo-wordpress\/ -->\n<title>Osvaldo Moreno y Ximena Arizaga realizan taller de humedales con actores de Huasco - Facultad de Arquitectura, Dise\u00f1o y Estudios Urbanos<\/title>\n<meta name=\"description\" content=\"En el marco de la investigaci\u00f3n &quot;Observatorio de humedales costeros de Atacama: divulgaci\u00f3n de sus valores ambientales y culturales&quot; \u2014que nace del fondo de Ciencia P\u00fablica adjudicado por los profesores ARQ UC (ver nota) \u2014, se realiz\u00f3 el primer taller de proyecto en la zona.\" \/>\n<meta name=\"robots\" content=\"index, follow, max-snippet:-1, max-image-preview:large, max-video-preview:-1\" \/>\n<link rel=\"canonical\" href=\"https:\/\/fadeu.urantiacos.cl\/en\/2022\/04\/18\/osvaldo-moreno-y-ximena-arizaga-realizan-taller-de-humedales-con-actores-de-huasco\/\" \/>\n<meta property=\"og:locale\" content=\"en_US\" \/>\n<meta property=\"og:type\" content=\"article\" \/>\n<meta property=\"og:title\" content=\"Osvaldo Moreno y Ximena Arizaga realizan taller de humedales con actores de Huasco - Facultad de Arquitectura, Dise\u00f1o y Estudios Urbanos\" \/>\n<meta property=\"og:description\" content=\"En el marco de la investigaci\u00f3n &quot;Observatorio de humedales costeros de Atacama: divulgaci\u00f3n de sus valores ambientales y culturales&quot; \u2014que nace del fondo de Ciencia P\u00fablica adjudicado por los profesores ARQ UC (ver nota) \u2014, se realiz\u00f3 el primer taller de proyecto en la zona.\" \/>\n<meta property=\"og:url\" content=\"https:\/\/fadeu.urantiacos.cl\/en\/2022\/04\/18\/osvaldo-moreno-y-ximena-arizaga-realizan-taller-de-humedales-con-actores-de-huasco\/\" \/>\n<meta property=\"og:site_name\" content=\"Facultad de Arquitectura, Dise\u00f1o y Estudios Urbanos\" \/>\n<meta property=\"article:published_time\" content=\"2022-04-18T12:21:00+00:00\" \/>\n<meta property=\"article:modified_time\" content=\"2023-09-06T12:25:16+00:00\" \/>\n<meta property=\"og:image\" content=\"https:\/\/fadeu.urantiacos.cl\/wp-content\/uploads\/2023\/09\/1o_taller_Observatorio__8_web.jpg\" \/>\n\t<meta property=\"og:image:width\" content=\"350\" \/>\n\t<meta property=\"og:image:height\" content=\"250\" \/>\n\t<meta property=\"og:image:type\" content=\"image\/jpeg\" \/>\n<meta name=\"author\" content=\"manadmin\" \/>\n<meta name=\"twitter:card\" content=\"summary_large_image\" \/>\n<meta name=\"twitter:label1\" content=\"Written by\" \/>\n\t<meta name=\"twitter:data1\" content=\"manadmin\" \/>\n\t<meta name=\"twitter:label2\" content=\"Est. reading time\" \/>\n\t<meta name=\"twitter:data2\" content=\"2 minutes\" \/>\n<script type=\"application\/ld+json\" class=\"yoast-schema-graph\">{\"@context\":\"https:\/\/schema.org\",\"@graph\":[{\"@type\":\"Article\",\"@id\":\"https:\/\/fadeu.urantiacos.cl\/en\/2022\/04\/18\/osvaldo-moreno-y-ximena-arizaga-realizan-taller-de-humedales-con-actores-de-huasco\/#article\",\"isPartOf\":{\"@id\":\"https:\/\/fadeu.urantiacos.cl\/en\/2022\/04\/18\/osvaldo-moreno-y-ximena-arizaga-realizan-taller-de-humedales-con-actores-de-huasco\/\"},\"author\":{\"name\":\"manadmin\",\"@id\":\"https:\/\/fadeu.urantiacos.cl\/en\/#\/schema\/person\/d203e2e84b1c40275eac77b3061a19a2\"},\"headline\":\"Osvaldo Moreno y Ximena Arizaga realizan taller de humedales con actores de Huasco\",\"datePublished\":\"2022-04-18T12:21:00+00:00\",\"dateModified\":\"2023-09-06T12:25:16+00:00\",\"mainEntityOfPage\":{\"@id\":\"https:\/\/fadeu.urantiacos.cl\/en\/2022\/04\/18\/osvaldo-moreno-y-ximena-arizaga-realizan-taller-de-humedales-con-actores-de-huasco\/\"},\"wordCount\":329,\"commentCount\":0,\"image\":{\"@id\":\"https:\/\/fadeu.urantiacos.cl\/en\/2022\/04\/18\/osvaldo-moreno-y-ximena-arizaga-realizan-taller-de-humedales-con-actores-de-huasco\/#primaryimage\"},\"thumbnailUrl\":\"https:\/\/fadeu.urantiacos.cl\/wp-content\/uploads\/2023\/09\/1o_taller_Observatorio__8_web.jpg\",\"articleSection\":[\"Sin categorizar\"],\"inLanguage\":\"en-US\",\"potentialAction\":[{\"@type\":\"CommentAction\",\"name\":\"Comment\",\"target\":[\"https:\/\/fadeu.urantiacos.cl\/en\/2022\/04\/18\/osvaldo-moreno-y-ximena-arizaga-realizan-taller-de-humedales-con-actores-de-huasco\/#respond\"]}]},{\"@type\":\"WebPage\",\"@id\":\"https:\/\/fadeu.urantiacos.cl\/en\/2022\/04\/18\/osvaldo-moreno-y-ximena-arizaga-realizan-taller-de-humedales-con-actores-de-huasco\/\",\"url\":\"https:\/\/fadeu.urantiacos.cl\/en\/2022\/04\/18\/osvaldo-moreno-y-ximena-arizaga-realizan-taller-de-humedales-con-actores-de-huasco\/\",\"name\":\"Osvaldo Moreno y Ximena Arizaga realizan taller de humedales con actores de Huasco - Facultad de Arquitectura, Dise\u00f1o y Estudios Urbanos\",\"isPartOf\":{\"@id\":\"https:\/\/fadeu.urantiacos.cl\/en\/#website\"},\"primaryImageOfPage\":{\"@id\":\"https:\/\/fadeu.urantiacos.cl\/en\/2022\/04\/18\/osvaldo-moreno-y-ximena-arizaga-realizan-taller-de-humedales-con-actores-de-huasco\/#primaryimage\"},\"image\":{\"@id\":\"https:\/\/fadeu.urantiacos.cl\/en\/2022\/04\/18\/osvaldo-moreno-y-ximena-arizaga-realizan-taller-de-humedales-con-actores-de-huasco\/#primaryimage\"},\"thumbnailUrl\":\"https:\/\/fadeu.urantiacos.cl\/wp-content\/uploads\/2023\/09\/1o_taller_Observatorio__8_web.jpg\",\"datePublished\":\"2022-04-18T12:21:00+00:00\",\"dateModified\":\"2023-09-06T12:25:16+00:00\",\"author\":{\"@id\":\"https:\/\/fadeu.urantiacos.cl\/en\/#\/schema\/person\/d203e2e84b1c40275eac77b3061a19a2\"},\"description\":\"En el marco de la investigaci\u00f3n \\\"Observatorio de humedales costeros de Atacama: divulgaci\u00f3n de sus valores ambientales y culturales\\\" \u2014que nace del fondo de Ciencia P\u00fablica adjudicado por los profesores ARQ UC (ver nota) \u2014, se realiz\u00f3 el primer taller de proyecto en la zona.\",\"breadcrumb\":{\"@id\":\"https:\/\/fadeu.urantiacos.cl\/en\/2022\/04\/18\/osvaldo-moreno-y-ximena-arizaga-realizan-taller-de-humedales-con-actores-de-huasco\/#breadcrumb\"},\"inLanguage\":\"en-US\",\"potentialAction\":[{\"@type\":\"ReadAction\",\"target\":[\"https:\/\/fadeu.urantiacos.cl\/en\/2022\/04\/18\/osvaldo-moreno-y-ximena-arizaga-realizan-taller-de-humedales-con-actores-de-huasco\/\"]}]},{\"@type\":\"ImageObject\",\"inLanguage\":\"en-US\",\"@id\":\"https:\/\/fadeu.urantiacos.cl\/en\/2022\/04\/18\/osvaldo-moreno-y-ximena-arizaga-realizan-taller-de-humedales-con-actores-de-huasco\/#primaryimage\",\"url\":\"https:\/\/fadeu.urantiacos.cl\/wp-content\/uploads\/2023\/09\/1o_taller_Observatorio__8_web.jpg\",\"contentUrl\":\"https:\/\/fadeu.urantiacos.cl\/wp-content\/uploads\/2023\/09\/1o_taller_Observatorio__8_web.jpg\",\"width\":350,\"height\":250},{\"@type\":\"BreadcrumbList\",\"@id\":\"https:\/\/fadeu.urantiacos.cl\/en\/2022\/04\/18\/osvaldo-moreno-y-ximena-arizaga-realizan-taller-de-humedales-con-actores-de-huasco\/#breadcrumb\",\"itemListElement\":[{\"@type\":\"ListItem\",\"position\":1,\"name\":\"Portada\",\"item\":\"https:\/\/fadeu.urantiacos.cl\/en\/\"},{\"@type\":\"ListItem\",\"position\":2,\"name\":\"Osvaldo Moreno y Ximena Arizaga realizan taller de humedales con actores de Huasco\"}]},{\"@type\":\"WebSite\",\"@id\":\"https:\/\/fadeu.urantiacos.cl\/en\/#website\",\"url\":\"https:\/\/fadeu.urantiacos.cl\/en\/\",\"name\":\"Facultad de Arquitectura, Dise\u00f1o y Estudios Urbanos\",\"description\":\"Campus Lo Contador\",\"potentialAction\":[{\"@type\":\"SearchAction\",\"target\":{\"@type\":\"EntryPoint\",\"urlTemplate\":\"https:\/\/fadeu.urantiacos.cl\/en\/?s={search_term_string}\"},\"query-input\":{\"@type\":\"PropertyValueSpecification\",\"valueRequired\":true,\"valueName\":\"search_term_string\"}}],\"inLanguage\":\"en-US\"},{\"@type\":\"Person\",\"@id\":\"https:\/\/fadeu.urantiacos.cl\/en\/#\/schema\/person\/d203e2e84b1c40275eac77b3061a19a2\",\"name\":\"manadmin\",\"image\":{\"@type\":\"ImageObject\",\"inLanguage\":\"en-US\",\"@id\":\"https:\/\/fadeu.urantiacos.cl\/en\/#\/schema\/person\/image\/\",\"url\":\"https:\/\/secure.gravatar.com\/avatar\/4b1d8e3303b4a9d8968ac578947d8bc80d9aea359f388cdd4aac15cadc0e8447?s=96&d=mm&r=g\",\"contentUrl\":\"https:\/\/secure.gravatar.com\/avatar\/4b1d8e3303b4a9d8968ac578947d8bc80d9aea359f388cdd4aac15cadc0e8447?s=96&d=mm&r=g\",\"caption\":\"manadmin\"},\"sameAs\":[\"https:\/\/fadeu.urantiacos.cl\"]}]}<\/script>\n<!-- \/ Yoast SEO plugin. -->","yoast_head_json":{"title":"Osvaldo Moreno y Ximena Arizaga realizan taller de humedales con actores de Huasco - Facultad de Arquitectura, Dise\u00f1o y Estudios Urbanos","description":"En el marco de la investigaci\u00f3n \"Observatorio de humedales costeros de Atacama: divulgaci\u00f3n de sus valores ambientales y culturales\" \u2014que nace del fondo de Ciencia P\u00fablica adjudicado por los profesores ARQ UC (ver nota) \u2014, se realiz\u00f3 el primer taller de proyecto en la zona.","robots":{"index":"index","follow":"follow","max-snippet":"max-snippet:-1","max-image-preview":"max-image-preview:large","max-video-preview":"max-video-preview:-1"},"canonical":"https:\/\/fadeu.urantiacos.cl\/en\/2022\/04\/18\/osvaldo-moreno-y-ximena-arizaga-realizan-taller-de-humedales-con-actores-de-huasco\/","og_locale":"en_US","og_type":"article","og_title":"Osvaldo Moreno y Ximena Arizaga realizan taller de humedales con actores de Huasco - Facultad de Arquitectura, Dise\u00f1o y Estudios Urbanos","og_description":"En el marco de la investigaci\u00f3n \"Observatorio de humedales costeros de Atacama: divulgaci\u00f3n de sus valores ambientales y culturales\" \u2014que nace del fondo de Ciencia P\u00fablica adjudicado por los profesores ARQ UC (ver nota) \u2014, se realiz\u00f3 el primer taller de proyecto en la zona.","og_url":"https:\/\/fadeu.urantiacos.cl\/en\/2022\/04\/18\/osvaldo-moreno-y-ximena-arizaga-realizan-taller-de-humedales-con-actores-de-huasco\/","og_site_name":"Facultad de Arquitectura, Dise\u00f1o y Estudios Urbanos","article_published_time":"2022-04-18T12:21:00+00:00","article_modified_time":"2023-09-06T12:25:16+00:00","og_image":[{"width":350,"height":250,"url":"https:\/\/fadeu.urantiacos.cl\/wp-content\/uploads\/2023\/09\/1o_taller_Observatorio__8_web.jpg","type":"image\/jpeg"}],"author":"manadmin","twitter_card":"summary_large_image","twitter_misc":{"Written by":"manadmin","Est. reading time":"2 minutes"},"schema":{"@context":"https:\/\/schema.org","@graph":[{"@type":"Article","@id":"https:\/\/fadeu.urantiacos.cl\/en\/2022\/04\/18\/osvaldo-moreno-y-ximena-arizaga-realizan-taller-de-humedales-con-actores-de-huasco\/#article","isPartOf":{"@id":"https:\/\/fadeu.urantiacos.cl\/en\/2022\/04\/18\/osvaldo-moreno-y-ximena-arizaga-realizan-taller-de-humedales-con-actores-de-huasco\/"},"author":{"name":"manadmin","@id":"https:\/\/fadeu.urantiacos.cl\/en\/#\/schema\/person\/d203e2e84b1c40275eac77b3061a19a2"},"headline":"Osvaldo Moreno y Ximena Arizaga realizan taller de humedales con actores de Huasco","datePublished":"2022-04-18T12:21:00+00:00","dateModified":"2023-09-06T12:25:16+00:00","mainEntityOfPage":{"@id":"https:\/\/fadeu.urantiacos.cl\/en\/2022\/04\/18\/osvaldo-moreno-y-ximena-arizaga-realizan-taller-de-humedales-con-actores-de-huasco\/"},"wordCount":329,"commentCount":0,"image":{"@id":"https:\/\/fadeu.urantiacos.cl\/en\/2022\/04\/18\/osvaldo-moreno-y-ximena-arizaga-realizan-taller-de-humedales-con-actores-de-huasco\/#primaryimage"},"thumbnailUrl":"https:\/\/fadeu.urantiacos.cl\/wp-content\/uploads\/2023\/09\/1o_taller_Observatorio__8_web.jpg","articleSection":["Sin categorizar"],"inLanguage":"en-US","potentialAction":[{"@type":"CommentAction","name":"Comment","target":["https:\/\/fadeu.urantiacos.cl\/en\/2022\/04\/18\/osvaldo-moreno-y-ximena-arizaga-realizan-taller-de-humedales-con-actores-de-huasco\/#respond"]}]},{"@type":"WebPage","@id":"https:\/\/fadeu.urantiacos.cl\/en\/2022\/04\/18\/osvaldo-moreno-y-ximena-arizaga-realizan-taller-de-humedales-con-actores-de-huasco\/","url":"https:\/\/fadeu.urantiacos.cl\/en\/2022\/04\/18\/osvaldo-moreno-y-ximena-arizaga-realizan-taller-de-humedales-con-actores-de-huasco\/","name":"Osvaldo Moreno y Ximena Arizaga realizan taller de humedales con actores de Huasco - Facultad de Arquitectura, Dise\u00f1o y Estudios Urbanos","isPartOf":{"@id":"https:\/\/fadeu.urantiacos.cl\/en\/#website"},"primaryImageOfPage":{"@id":"https:\/\/fadeu.urantiacos.cl\/en\/2022\/04\/18\/osvaldo-moreno-y-ximena-arizaga-realizan-taller-de-humedales-con-actores-de-huasco\/#primaryimage"},"image":{"@id":"https:\/\/fadeu.urantiacos.cl\/en\/2022\/04\/18\/osvaldo-moreno-y-ximena-arizaga-realizan-taller-de-humedales-con-actores-de-huasco\/#primaryimage"},"thumbnailUrl":"https:\/\/fadeu.urantiacos.cl\/wp-content\/uploads\/2023\/09\/1o_taller_Observatorio__8_web.jpg","datePublished":"2022-04-18T12:21:00+00:00","dateModified":"2023-09-06T12:25:16+00:00","author":{"@id":"https:\/\/fadeu.urantiacos.cl\/en\/#\/schema\/person\/d203e2e84b1c40275eac77b3061a19a2"},"description":"En el marco de la investigaci\u00f3n \"Observatorio de humedales costeros de Atacama: divulgaci\u00f3n de sus valores ambientales y culturales\" \u2014que nace del fondo de Ciencia P\u00fablica adjudicado por los profesores ARQ UC (ver nota) \u2014, se realiz\u00f3 el primer taller de proyecto en la zona.","breadcrumb":{"@id":"https:\/\/fadeu.urantiacos.cl\/en\/2022\/04\/18\/osvaldo-moreno-y-ximena-arizaga-realizan-taller-de-humedales-con-actores-de-huasco\/#breadcrumb"},"inLanguage":"en-US","potentialAction":[{"@type":"ReadAction","target":["https:\/\/fadeu.urantiacos.cl\/en\/2022\/04\/18\/osvaldo-moreno-y-ximena-arizaga-realizan-taller-de-humedales-con-actores-de-huasco\/"]}]},{"@type":"ImageObject","inLanguage":"en-US","@id":"https:\/\/fadeu.urantiacos.cl\/en\/2022\/04\/18\/osvaldo-moreno-y-ximena-arizaga-realizan-taller-de-humedales-con-actores-de-huasco\/#primaryimage","url":"https:\/\/fadeu.urantiacos.cl\/wp-content\/uploads\/2023\/09\/1o_taller_Observatorio__8_web.jpg","contentUrl":"https:\/\/fadeu.urantiacos.cl\/wp-content\/uploads\/2023\/09\/1o_taller_Observatorio__8_web.jpg","width":350,"height":250},{"@type":"BreadcrumbList","@id":"https:\/\/fadeu.urantiacos.cl\/en\/2022\/04\/18\/osvaldo-moreno-y-ximena-arizaga-realizan-taller-de-humedales-con-actores-de-huasco\/#breadcrumb","itemListElement":[{"@type":"ListItem","position":1,"name":"Portada","item":"https:\/\/fadeu.urantiacos.cl\/en\/"},{"@type":"ListItem","position":2,"name":"Osvaldo Moreno y Ximena Arizaga realizan taller de humedales con actores de Huasco"}]},{"@type":"WebSite","@id":"https:\/\/fadeu.urantiacos.cl\/en\/#website","url":"https:\/\/fadeu.urantiacos.cl\/en\/","name":"Facultad de Arquitectura, Dise\u00f1o y Estudios Urbanos","description":"Campus Lo Contador","potentialAction":[{"@type":"SearchAction","target":{"@type":"EntryPoint","urlTemplate":"https:\/\/fadeu.urantiacos.cl\/en\/?s={search_term_string}"},"query-input":{"@type":"PropertyValueSpecification","valueRequired":true,"valueName":"search_term_string"}}],"inLanguage":"en-US"},{"@type":"Person","@id":"https:\/\/fadeu.urantiacos.cl\/en\/#\/schema\/person\/d203e2e84b1c40275eac77b3061a19a2","name":"manadmin","image":{"@type":"ImageObject","inLanguage":"en-US","@id":"https:\/\/fadeu.urantiacos.cl\/en\/#\/schema\/person\/image\/","url":"https:\/\/secure.gravatar.com\/avatar\/4b1d8e3303b4a9d8968ac578947d8bc80d9aea359f388cdd4aac15cadc0e8447?s=96&d=mm&r=g","contentUrl":"https:\/\/secure.gravatar.com\/avatar\/4b1d8e3303b4a9d8968ac578947d8bc80d9aea359f388cdd4aac15cadc0e8447?s=96&d=mm&r=g","caption":"manadmin"},"sameAs":["https:\/\/fadeu.urantiacos.cl"]}]}},"_links":{"self":[{"href":"https:\/\/fadeu.urantiacos.cl\/en\/wp-json\/wp\/v2\/posts\/5226","targetHints":{"allow":["GET"]}}],"collection":[{"href":"https:\/\/fadeu.urantiacos.cl\/en\/wp-json\/wp\/v2\/posts"}],"about":[{"href":"https:\/\/fadeu.urantiacos.cl\/en\/wp-json\/wp\/v2\/types\/post"}],"author":[{"embeddable":true,"href":"https:\/\/fadeu.urantiacos.cl\/en\/wp-json\/wp\/v2\/users\/1"}],"replies":[{"embeddable":true,"href":"https:\/\/fadeu.urantiacos.cl\/en\/wp-json\/wp\/v2\/comments?post=5226"}],"version-history":[{"count":1,"href":"https:\/\/fadeu.urantiacos.cl\/en\/wp-json\/wp\/v2\/posts\/5226\/revisions"}],"predecessor-version":[{"id":5230,"href":"https:\/\/fadeu.urantiacos.cl\/en\/wp-json\/wp\/v2\/posts\/5226\/revisions\/5230"}],"wp:featuredmedia":[{"embeddable":true,"href":"https:\/\/fadeu.urantiacos.cl\/en\/wp-json\/wp\/v2\/media\/5227"}],"wp:attachment":[{"href":"https:\/\/fadeu.urantiacos.cl\/en\/wp-json\/wp\/v2\/media?parent=5226"}],"wp:term":[{"taxonomy":"category","embeddable":true,"href":"https:\/\/fadeu.urantiacos.cl\/en\/wp-json\/wp\/v2\/categories?post=5226"},{"taxonomy":"post_tag","embeddable":true,"href":"https:\/\/fadeu.urantiacos.cl\/en\/wp-json\/wp\/v2\/tags?post=5226"}],"curies":[{"name":"wp","href":"https:\/\/api.w.org\/{rel}","templated":true}]}}