{"id":5196,"date":"2022-04-19T08:50:00","date_gmt":"2022-04-19T11:50:00","guid":{"rendered":"https:\/\/fadeu.urantiacos.cl\/?p=5196"},"modified":"2023-09-06T08:53:01","modified_gmt":"2023-09-06T11:53:01","slug":"14-estudiantes-fadeu-recibieron-reconocimiento-de-autoridades-tras-adjudicarse-matriculas-de-honor","status":"publish","type":"post","link":"https:\/\/fadeu.urantiacos.cl\/en\/2022\/04\/19\/14-estudiantes-fadeu-recibieron-reconocimiento-de-autoridades-tras-adjudicarse-matriculas-de-honor\/","title":{"rendered":"14 estudiantes FADEU recibieron reconocimiento de autoridades tras adjudicarse Matr\u00edculas de Honor"},"content":{"rendered":"\n<figure class=\"wp-block-image size-full\"><img decoding=\"async\" width=\"350\" height=\"250\" src=\"https:\/\/fadeu.urantiacos.cl\/wp-content\/uploads\/2023\/09\/WEB_WhatsApp_Image_2022-04-19_at_9.50.31_AM.jpg\" alt=\"\" class=\"wp-image-5197\" srcset=\"https:\/\/fadeu.urantiacos.cl\/wp-content\/uploads\/2023\/09\/WEB_WhatsApp_Image_2022-04-19_at_9.50.31_AM.jpg 350w, https:\/\/fadeu.urantiacos.cl\/wp-content\/uploads\/2023\/09\/WEB_WhatsApp_Image_2022-04-19_at_9.50.31_AM-300x214.jpg 300w\" sizes=\"(max-width: 350px) 100vw, 350px\" \/><\/figure>\n\n\n\n<p>A la instancia fueron tambi\u00e9n invitados los directores de las escuelas de Arquitectura, Dise\u00f1o, y del Instituto de Estudios Urbanos y Territoriales, Luis Eduardo Bresciani, Rodrigo Ram\u00edrez y Luis Fuentes, respectivamente, adem\u00e1s del Secretario Acad\u00e9mico FADEU, Felipe Encinas, y la Directora de Comunicaciones del Decanato, Macarena Cort\u00e9s.<\/p>\n\n\n\n<p>\u201cEsta ceremonia representa el elogio que nuestra Facultad y sus unidades acad\u00e9micas a los\/as estudiantes que obtienen la Matr\u00edcula de Honor, entendido como un premio al rendimiento acad\u00e9mico\u201d, advirti\u00f3 el decano Ubilla, agregando que \u201ceste es un gran logro, porque sabemos el desaf\u00edo que supone estudiar disciplinas complejas como la arquitectura, el dise\u00f1o y la planificaci\u00f3n urbana, por tanto, este reconocimiento debiese llenarles de orgullo\u201d.<\/p>\n\n\n\n<p>La Matr\u00edcula de Honor se adjudica a estudiantes nuevos que hayan obtenido puntaje m\u00e1ximo a nivel nacional en cualquiera de las pruebas de selecci\u00f3n universitaria, que hayan obtenido mejor puntaje de selecci\u00f3n, superior a 700 puntos, u obtener puntaje promedio mayor o igual a 800 puntos. En tanto, para los estudiantes antiguos se adjudica al mejor rendimiento acad\u00e9mico de su generaci\u00f3n.<\/p>\n\n\n\n<p>El reconocimiento fue recibido por:<\/p>\n\n\n\n<p><strong>Escuela de Arquitectura<\/strong><\/p>\n\n\n\n<p>Emilia Garc\u00eda Lozano<br>Joaqu\u00edn S\u00e1nchez Silva<br>Tom\u00e1s Robert Serrano<br>Laura Rivera Echeverria<br>Danitza Iturrieta Lobos<br>Clemente Ruiz Herrera<br>Sofia Ruiz Herrera<br><br><strong>Escuela de Dise\u00f1o<\/strong><\/p>\n\n\n\n<p>Isidora Gatica Maturana<br>Paula Santa Mar\u00eda Bartolucci<br>Gabriela Vallejos Burgos<br>Estefan\u00eda Ortega Barahona<br>Sofia Navarrete Santiba\u00f1ez<br>Isidora Vergara Briones<\/p>\n\n\n\n<p><strong>Instituto de Estudios Urbanos<\/strong><\/p>\n\n\n\n<p>Javiera D\u00edaz Mondaca<\/p>\n\n\n\n<p>Fotograf\u00edas en&nbsp;<a href=\"https:\/\/www.facebook.com\/media\/set\/?vanity=fadeuuc&amp;set=a.1905924222933042\" target=\"_blank\" rel=\"noreferrer noopener\">\u00c1LBUM FADEU&nbsp;<\/a><\/p>\n\n\n\n<figure class=\"wp-block-image size-large\"><img decoding=\"async\" width=\"1024\" height=\"766\" src=\"https:\/\/fadeu.urantiacos.cl\/wp-content\/uploads\/2023\/09\/WhatsApp_Image_2022-04-19_at_9.50.31_AM-1024x766.jpeg\" alt=\"\" class=\"wp-image-5198\" srcset=\"https:\/\/fadeu.urantiacos.cl\/wp-content\/uploads\/2023\/09\/WhatsApp_Image_2022-04-19_at_9.50.31_AM-1024x766.jpeg 1024w, https:\/\/fadeu.urantiacos.cl\/wp-content\/uploads\/2023\/09\/WhatsApp_Image_2022-04-19_at_9.50.31_AM-300x225.jpeg 300w, https:\/\/fadeu.urantiacos.cl\/wp-content\/uploads\/2023\/09\/WhatsApp_Image_2022-04-19_at_9.50.31_AM-768x575.jpeg 768w, https:\/\/fadeu.urantiacos.cl\/wp-content\/uploads\/2023\/09\/WhatsApp_Image_2022-04-19_at_9.50.31_AM.jpeg 1280w\" sizes=\"(max-width: 1024px) 100vw, 1024px\" \/><\/figure>\n","protected":false},"excerpt":{"rendered":"<p>Un total de 14 estudiantes de Arquitectura, Dise\u00f1o y Planificaci\u00f3n Urbana que se adjudicaron Matr\u00edculas de Honor en 2022 se dieron cita en el sal\u00f3n Sergio Larra\u00edn del campus Lo Contador, para participar de un desayuno encabezado por el Decano FADEU, Mario Ubilla, en reconocimiento a su desempe\u00f1o acad\u00e9mico.<\/p>\n","protected":false},"author":1,"featured_media":5197,"comment_status":"open","ping_status":"open","sticky":false,"template":"","format":"standard","meta":{"_acf_changed":false,"footnotes":""},"categories":[1],"tags":[],"class_list":["post-5196","post","type-post","status-publish","format-standard","has-post-thumbnail","hentry","category-sin-categorizar"],"acf":[],"yoast_head":"<!-- This site is optimized with the Yoast SEO plugin v27.1.1 - https:\/\/yoast.com\/product\/yoast-seo-wordpress\/ -->\n<title>14 estudiantes FADEU recibieron reconocimiento de autoridades tras adjudicarse Matr\u00edculas de Honor - Facultad de Arquitectura, Dise\u00f1o y Estudios Urbanos<\/title>\n<meta name=\"description\" content=\"Un total de 14 estudiantes de Arquitectura, Dise\u00f1o y Planificaci\u00f3n Urbana que se adjudicaron Matr\u00edculas de Honor en 2022 se dieron cita en el sal\u00f3n Sergio Larra\u00edn del campus Lo Contador, para participar de un desayuno encabezado por el Decano FADEU, Mario Ubilla, en reconocimiento a su desempe\u00f1o acad\u00e9mico.\" \/>\n<meta name=\"robots\" content=\"index, follow, max-snippet:-1, max-image-preview:large, max-video-preview:-1\" \/>\n<link rel=\"canonical\" href=\"https:\/\/fadeu.urantiacos.cl\/en\/2022\/04\/19\/14-estudiantes-fadeu-recibieron-reconocimiento-de-autoridades-tras-adjudicarse-matriculas-de-honor\/\" \/>\n<meta property=\"og:locale\" content=\"en_US\" \/>\n<meta property=\"og:type\" content=\"article\" \/>\n<meta property=\"og:title\" content=\"14 estudiantes FADEU recibieron reconocimiento de autoridades tras adjudicarse Matr\u00edculas de Honor - Facultad de Arquitectura, Dise\u00f1o y Estudios Urbanos\" \/>\n<meta property=\"og:description\" content=\"Un total de 14 estudiantes de Arquitectura, Dise\u00f1o y Planificaci\u00f3n Urbana que se adjudicaron Matr\u00edculas de Honor en 2022 se dieron cita en el sal\u00f3n Sergio Larra\u00edn del campus Lo Contador, para participar de un desayuno encabezado por el Decano FADEU, Mario Ubilla, en reconocimiento a su desempe\u00f1o acad\u00e9mico.\" \/>\n<meta property=\"og:url\" content=\"https:\/\/fadeu.urantiacos.cl\/en\/2022\/04\/19\/14-estudiantes-fadeu-recibieron-reconocimiento-de-autoridades-tras-adjudicarse-matriculas-de-honor\/\" \/>\n<meta property=\"og:site_name\" content=\"Facultad de Arquitectura, Dise\u00f1o y Estudios Urbanos\" \/>\n<meta property=\"article:published_time\" content=\"2022-04-19T11:50:00+00:00\" \/>\n<meta property=\"article:modified_time\" content=\"2023-09-06T11:53:01+00:00\" \/>\n<meta property=\"og:image\" content=\"https:\/\/fadeu.urantiacos.cl\/wp-content\/uploads\/2023\/09\/WEB_WhatsApp_Image_2022-04-19_at_9.50.31_AM.jpg\" \/>\n\t<meta property=\"og:image:width\" content=\"350\" \/>\n\t<meta property=\"og:image:height\" content=\"250\" \/>\n\t<meta property=\"og:image:type\" content=\"image\/jpeg\" \/>\n<meta name=\"author\" content=\"manadmin\" \/>\n<meta name=\"twitter:card\" content=\"summary_large_image\" \/>\n<meta name=\"twitter:label1\" content=\"Written by\" \/>\n\t<meta name=\"twitter:data1\" content=\"manadmin\" \/>\n\t<meta name=\"twitter:label2\" content=\"Est. reading time\" \/>\n\t<meta name=\"twitter:data2\" content=\"1 minute\" \/>\n<script type=\"application\/ld+json\" class=\"yoast-schema-graph\">{\"@context\":\"https:\/\/schema.org\",\"@graph\":[{\"@type\":\"Article\",\"@id\":\"https:\/\/fadeu.urantiacos.cl\/en\/2022\/04\/19\/14-estudiantes-fadeu-recibieron-reconocimiento-de-autoridades-tras-adjudicarse-matriculas-de-honor\/#article\",\"isPartOf\":{\"@id\":\"https:\/\/fadeu.urantiacos.cl\/en\/2022\/04\/19\/14-estudiantes-fadeu-recibieron-reconocimiento-de-autoridades-tras-adjudicarse-matriculas-de-honor\/\"},\"author\":{\"name\":\"manadmin\",\"@id\":\"https:\/\/fadeu.urantiacos.cl\/en\/#\/schema\/person\/d203e2e84b1c40275eac77b3061a19a2\"},\"headline\":\"14 estudiantes FADEU recibieron reconocimiento de autoridades tras adjudicarse Matr\u00edculas de Honor\",\"datePublished\":\"2022-04-19T11:50:00+00:00\",\"dateModified\":\"2023-09-06T11:53:01+00:00\",\"mainEntityOfPage\":{\"@id\":\"https:\/\/fadeu.urantiacos.cl\/en\/2022\/04\/19\/14-estudiantes-fadeu-recibieron-reconocimiento-de-autoridades-tras-adjudicarse-matriculas-de-honor\/\"},\"wordCount\":265,\"commentCount\":0,\"image\":{\"@id\":\"https:\/\/fadeu.urantiacos.cl\/en\/2022\/04\/19\/14-estudiantes-fadeu-recibieron-reconocimiento-de-autoridades-tras-adjudicarse-matriculas-de-honor\/#primaryimage\"},\"thumbnailUrl\":\"https:\/\/fadeu.urantiacos.cl\/wp-content\/uploads\/2023\/09\/WEB_WhatsApp_Image_2022-04-19_at_9.50.31_AM.jpg\",\"articleSection\":[\"Sin categorizar\"],\"inLanguage\":\"en-US\",\"potentialAction\":[{\"@type\":\"CommentAction\",\"name\":\"Comment\",\"target\":[\"https:\/\/fadeu.urantiacos.cl\/en\/2022\/04\/19\/14-estudiantes-fadeu-recibieron-reconocimiento-de-autoridades-tras-adjudicarse-matriculas-de-honor\/#respond\"]}]},{\"@type\":\"WebPage\",\"@id\":\"https:\/\/fadeu.urantiacos.cl\/en\/2022\/04\/19\/14-estudiantes-fadeu-recibieron-reconocimiento-de-autoridades-tras-adjudicarse-matriculas-de-honor\/\",\"url\":\"https:\/\/fadeu.urantiacos.cl\/en\/2022\/04\/19\/14-estudiantes-fadeu-recibieron-reconocimiento-de-autoridades-tras-adjudicarse-matriculas-de-honor\/\",\"name\":\"14 estudiantes FADEU recibieron reconocimiento de autoridades tras adjudicarse Matr\u00edculas de Honor - Facultad de Arquitectura, Dise\u00f1o y Estudios Urbanos\",\"isPartOf\":{\"@id\":\"https:\/\/fadeu.urantiacos.cl\/en\/#website\"},\"primaryImageOfPage\":{\"@id\":\"https:\/\/fadeu.urantiacos.cl\/en\/2022\/04\/19\/14-estudiantes-fadeu-recibieron-reconocimiento-de-autoridades-tras-adjudicarse-matriculas-de-honor\/#primaryimage\"},\"image\":{\"@id\":\"https:\/\/fadeu.urantiacos.cl\/en\/2022\/04\/19\/14-estudiantes-fadeu-recibieron-reconocimiento-de-autoridades-tras-adjudicarse-matriculas-de-honor\/#primaryimage\"},\"thumbnailUrl\":\"https:\/\/fadeu.urantiacos.cl\/wp-content\/uploads\/2023\/09\/WEB_WhatsApp_Image_2022-04-19_at_9.50.31_AM.jpg\",\"datePublished\":\"2022-04-19T11:50:00+00:00\",\"dateModified\":\"2023-09-06T11:53:01+00:00\",\"author\":{\"@id\":\"https:\/\/fadeu.urantiacos.cl\/en\/#\/schema\/person\/d203e2e84b1c40275eac77b3061a19a2\"},\"description\":\"Un total de 14 estudiantes de Arquitectura, Dise\u00f1o y Planificaci\u00f3n Urbana que se adjudicaron Matr\u00edculas de Honor en 2022 se dieron cita en el sal\u00f3n Sergio Larra\u00edn del campus Lo Contador, para participar de un desayuno encabezado por el Decano FADEU, Mario Ubilla, en reconocimiento a su desempe\u00f1o acad\u00e9mico.\",\"breadcrumb\":{\"@id\":\"https:\/\/fadeu.urantiacos.cl\/en\/2022\/04\/19\/14-estudiantes-fadeu-recibieron-reconocimiento-de-autoridades-tras-adjudicarse-matriculas-de-honor\/#breadcrumb\"},\"inLanguage\":\"en-US\",\"potentialAction\":[{\"@type\":\"ReadAction\",\"target\":[\"https:\/\/fadeu.urantiacos.cl\/en\/2022\/04\/19\/14-estudiantes-fadeu-recibieron-reconocimiento-de-autoridades-tras-adjudicarse-matriculas-de-honor\/\"]}]},{\"@type\":\"ImageObject\",\"inLanguage\":\"en-US\",\"@id\":\"https:\/\/fadeu.urantiacos.cl\/en\/2022\/04\/19\/14-estudiantes-fadeu-recibieron-reconocimiento-de-autoridades-tras-adjudicarse-matriculas-de-honor\/#primaryimage\",\"url\":\"https:\/\/fadeu.urantiacos.cl\/wp-content\/uploads\/2023\/09\/WEB_WhatsApp_Image_2022-04-19_at_9.50.31_AM.jpg\",\"contentUrl\":\"https:\/\/fadeu.urantiacos.cl\/wp-content\/uploads\/2023\/09\/WEB_WhatsApp_Image_2022-04-19_at_9.50.31_AM.jpg\",\"width\":350,\"height\":250},{\"@type\":\"BreadcrumbList\",\"@id\":\"https:\/\/fadeu.urantiacos.cl\/en\/2022\/04\/19\/14-estudiantes-fadeu-recibieron-reconocimiento-de-autoridades-tras-adjudicarse-matriculas-de-honor\/#breadcrumb\",\"itemListElement\":[{\"@type\":\"ListItem\",\"position\":1,\"name\":\"Portada\",\"item\":\"https:\/\/fadeu.urantiacos.cl\/en\/\"},{\"@type\":\"ListItem\",\"position\":2,\"name\":\"14 estudiantes FADEU recibieron reconocimiento de autoridades tras adjudicarse Matr\u00edculas de Honor\"}]},{\"@type\":\"WebSite\",\"@id\":\"https:\/\/fadeu.urantiacos.cl\/en\/#website\",\"url\":\"https:\/\/fadeu.urantiacos.cl\/en\/\",\"name\":\"Facultad de Arquitectura, Dise\u00f1o y Estudios Urbanos\",\"description\":\"Campus Lo Contador\",\"potentialAction\":[{\"@type\":\"SearchAction\",\"target\":{\"@type\":\"EntryPoint\",\"urlTemplate\":\"https:\/\/fadeu.urantiacos.cl\/en\/?s={search_term_string}\"},\"query-input\":{\"@type\":\"PropertyValueSpecification\",\"valueRequired\":true,\"valueName\":\"search_term_string\"}}],\"inLanguage\":\"en-US\"},{\"@type\":\"Person\",\"@id\":\"https:\/\/fadeu.urantiacos.cl\/en\/#\/schema\/person\/d203e2e84b1c40275eac77b3061a19a2\",\"name\":\"manadmin\",\"image\":{\"@type\":\"ImageObject\",\"inLanguage\":\"en-US\",\"@id\":\"https:\/\/fadeu.urantiacos.cl\/en\/#\/schema\/person\/image\/\",\"url\":\"https:\/\/secure.gravatar.com\/avatar\/4b1d8e3303b4a9d8968ac578947d8bc80d9aea359f388cdd4aac15cadc0e8447?s=96&d=mm&r=g\",\"contentUrl\":\"https:\/\/secure.gravatar.com\/avatar\/4b1d8e3303b4a9d8968ac578947d8bc80d9aea359f388cdd4aac15cadc0e8447?s=96&d=mm&r=g\",\"caption\":\"manadmin\"},\"sameAs\":[\"https:\/\/fadeu.urantiacos.cl\"]}]}<\/script>\n<!-- \/ Yoast SEO plugin. -->","yoast_head_json":{"title":"14 estudiantes FADEU recibieron reconocimiento de autoridades tras adjudicarse Matr\u00edculas de Honor - Facultad de Arquitectura, Dise\u00f1o y Estudios Urbanos","description":"Un total de 14 estudiantes de Arquitectura, Dise\u00f1o y Planificaci\u00f3n Urbana que se adjudicaron Matr\u00edculas de Honor en 2022 se dieron cita en el sal\u00f3n Sergio Larra\u00edn del campus Lo Contador, para participar de un desayuno encabezado por el Decano FADEU, Mario Ubilla, en reconocimiento a su desempe\u00f1o acad\u00e9mico.","robots":{"index":"index","follow":"follow","max-snippet":"max-snippet:-1","max-image-preview":"max-image-preview:large","max-video-preview":"max-video-preview:-1"},"canonical":"https:\/\/fadeu.urantiacos.cl\/en\/2022\/04\/19\/14-estudiantes-fadeu-recibieron-reconocimiento-de-autoridades-tras-adjudicarse-matriculas-de-honor\/","og_locale":"en_US","og_type":"article","og_title":"14 estudiantes FADEU recibieron reconocimiento de autoridades tras adjudicarse Matr\u00edculas de Honor - Facultad de Arquitectura, Dise\u00f1o y Estudios Urbanos","og_description":"Un total de 14 estudiantes de Arquitectura, Dise\u00f1o y Planificaci\u00f3n Urbana que se adjudicaron Matr\u00edculas de Honor en 2022 se dieron cita en el sal\u00f3n Sergio Larra\u00edn del campus Lo Contador, para participar de un desayuno encabezado por el Decano FADEU, Mario Ubilla, en reconocimiento a su desempe\u00f1o acad\u00e9mico.","og_url":"https:\/\/fadeu.urantiacos.cl\/en\/2022\/04\/19\/14-estudiantes-fadeu-recibieron-reconocimiento-de-autoridades-tras-adjudicarse-matriculas-de-honor\/","og_site_name":"Facultad de Arquitectura, Dise\u00f1o y Estudios Urbanos","article_published_time":"2022-04-19T11:50:00+00:00","article_modified_time":"2023-09-06T11:53:01+00:00","og_image":[{"width":350,"height":250,"url":"https:\/\/fadeu.urantiacos.cl\/wp-content\/uploads\/2023\/09\/WEB_WhatsApp_Image_2022-04-19_at_9.50.31_AM.jpg","type":"image\/jpeg"}],"author":"manadmin","twitter_card":"summary_large_image","twitter_misc":{"Written by":"manadmin","Est. reading time":"1 minute"},"schema":{"@context":"https:\/\/schema.org","@graph":[{"@type":"Article","@id":"https:\/\/fadeu.urantiacos.cl\/en\/2022\/04\/19\/14-estudiantes-fadeu-recibieron-reconocimiento-de-autoridades-tras-adjudicarse-matriculas-de-honor\/#article","isPartOf":{"@id":"https:\/\/fadeu.urantiacos.cl\/en\/2022\/04\/19\/14-estudiantes-fadeu-recibieron-reconocimiento-de-autoridades-tras-adjudicarse-matriculas-de-honor\/"},"author":{"name":"manadmin","@id":"https:\/\/fadeu.urantiacos.cl\/en\/#\/schema\/person\/d203e2e84b1c40275eac77b3061a19a2"},"headline":"14 estudiantes FADEU recibieron reconocimiento de autoridades tras adjudicarse Matr\u00edculas de Honor","datePublished":"2022-04-19T11:50:00+00:00","dateModified":"2023-09-06T11:53:01+00:00","mainEntityOfPage":{"@id":"https:\/\/fadeu.urantiacos.cl\/en\/2022\/04\/19\/14-estudiantes-fadeu-recibieron-reconocimiento-de-autoridades-tras-adjudicarse-matriculas-de-honor\/"},"wordCount":265,"commentCount":0,"image":{"@id":"https:\/\/fadeu.urantiacos.cl\/en\/2022\/04\/19\/14-estudiantes-fadeu-recibieron-reconocimiento-de-autoridades-tras-adjudicarse-matriculas-de-honor\/#primaryimage"},"thumbnailUrl":"https:\/\/fadeu.urantiacos.cl\/wp-content\/uploads\/2023\/09\/WEB_WhatsApp_Image_2022-04-19_at_9.50.31_AM.jpg","articleSection":["Sin categorizar"],"inLanguage":"en-US","potentialAction":[{"@type":"CommentAction","name":"Comment","target":["https:\/\/fadeu.urantiacos.cl\/en\/2022\/04\/19\/14-estudiantes-fadeu-recibieron-reconocimiento-de-autoridades-tras-adjudicarse-matriculas-de-honor\/#respond"]}]},{"@type":"WebPage","@id":"https:\/\/fadeu.urantiacos.cl\/en\/2022\/04\/19\/14-estudiantes-fadeu-recibieron-reconocimiento-de-autoridades-tras-adjudicarse-matriculas-de-honor\/","url":"https:\/\/fadeu.urantiacos.cl\/en\/2022\/04\/19\/14-estudiantes-fadeu-recibieron-reconocimiento-de-autoridades-tras-adjudicarse-matriculas-de-honor\/","name":"14 estudiantes FADEU recibieron reconocimiento de autoridades tras adjudicarse Matr\u00edculas de Honor - Facultad de Arquitectura, Dise\u00f1o y Estudios Urbanos","isPartOf":{"@id":"https:\/\/fadeu.urantiacos.cl\/en\/#website"},"primaryImageOfPage":{"@id":"https:\/\/fadeu.urantiacos.cl\/en\/2022\/04\/19\/14-estudiantes-fadeu-recibieron-reconocimiento-de-autoridades-tras-adjudicarse-matriculas-de-honor\/#primaryimage"},"image":{"@id":"https:\/\/fadeu.urantiacos.cl\/en\/2022\/04\/19\/14-estudiantes-fadeu-recibieron-reconocimiento-de-autoridades-tras-adjudicarse-matriculas-de-honor\/#primaryimage"},"thumbnailUrl":"https:\/\/fadeu.urantiacos.cl\/wp-content\/uploads\/2023\/09\/WEB_WhatsApp_Image_2022-04-19_at_9.50.31_AM.jpg","datePublished":"2022-04-19T11:50:00+00:00","dateModified":"2023-09-06T11:53:01+00:00","author":{"@id":"https:\/\/fadeu.urantiacos.cl\/en\/#\/schema\/person\/d203e2e84b1c40275eac77b3061a19a2"},"description":"Un total de 14 estudiantes de Arquitectura, Dise\u00f1o y Planificaci\u00f3n Urbana que se adjudicaron Matr\u00edculas de Honor en 2022 se dieron cita en el sal\u00f3n Sergio Larra\u00edn del campus Lo Contador, para participar de un desayuno encabezado por el Decano FADEU, Mario Ubilla, en reconocimiento a su desempe\u00f1o acad\u00e9mico.","breadcrumb":{"@id":"https:\/\/fadeu.urantiacos.cl\/en\/2022\/04\/19\/14-estudiantes-fadeu-recibieron-reconocimiento-de-autoridades-tras-adjudicarse-matriculas-de-honor\/#breadcrumb"},"inLanguage":"en-US","potentialAction":[{"@type":"ReadAction","target":["https:\/\/fadeu.urantiacos.cl\/en\/2022\/04\/19\/14-estudiantes-fadeu-recibieron-reconocimiento-de-autoridades-tras-adjudicarse-matriculas-de-honor\/"]}]},{"@type":"ImageObject","inLanguage":"en-US","@id":"https:\/\/fadeu.urantiacos.cl\/en\/2022\/04\/19\/14-estudiantes-fadeu-recibieron-reconocimiento-de-autoridades-tras-adjudicarse-matriculas-de-honor\/#primaryimage","url":"https:\/\/fadeu.urantiacos.cl\/wp-content\/uploads\/2023\/09\/WEB_WhatsApp_Image_2022-04-19_at_9.50.31_AM.jpg","contentUrl":"https:\/\/fadeu.urantiacos.cl\/wp-content\/uploads\/2023\/09\/WEB_WhatsApp_Image_2022-04-19_at_9.50.31_AM.jpg","width":350,"height":250},{"@type":"BreadcrumbList","@id":"https:\/\/fadeu.urantiacos.cl\/en\/2022\/04\/19\/14-estudiantes-fadeu-recibieron-reconocimiento-de-autoridades-tras-adjudicarse-matriculas-de-honor\/#breadcrumb","itemListElement":[{"@type":"ListItem","position":1,"name":"Portada","item":"https:\/\/fadeu.urantiacos.cl\/en\/"},{"@type":"ListItem","position":2,"name":"14 estudiantes FADEU recibieron reconocimiento de autoridades tras adjudicarse Matr\u00edculas de Honor"}]},{"@type":"WebSite","@id":"https:\/\/fadeu.urantiacos.cl\/en\/#website","url":"https:\/\/fadeu.urantiacos.cl\/en\/","name":"Facultad de Arquitectura, Dise\u00f1o y Estudios Urbanos","description":"Campus Lo Contador","potentialAction":[{"@type":"SearchAction","target":{"@type":"EntryPoint","urlTemplate":"https:\/\/fadeu.urantiacos.cl\/en\/?s={search_term_string}"},"query-input":{"@type":"PropertyValueSpecification","valueRequired":true,"valueName":"search_term_string"}}],"inLanguage":"en-US"},{"@type":"Person","@id":"https:\/\/fadeu.urantiacos.cl\/en\/#\/schema\/person\/d203e2e84b1c40275eac77b3061a19a2","name":"manadmin","image":{"@type":"ImageObject","inLanguage":"en-US","@id":"https:\/\/fadeu.urantiacos.cl\/en\/#\/schema\/person\/image\/","url":"https:\/\/secure.gravatar.com\/avatar\/4b1d8e3303b4a9d8968ac578947d8bc80d9aea359f388cdd4aac15cadc0e8447?s=96&d=mm&r=g","contentUrl":"https:\/\/secure.gravatar.com\/avatar\/4b1d8e3303b4a9d8968ac578947d8bc80d9aea359f388cdd4aac15cadc0e8447?s=96&d=mm&r=g","caption":"manadmin"},"sameAs":["https:\/\/fadeu.urantiacos.cl"]}]}},"_links":{"self":[{"href":"https:\/\/fadeu.urantiacos.cl\/en\/wp-json\/wp\/v2\/posts\/5196","targetHints":{"allow":["GET"]}}],"collection":[{"href":"https:\/\/fadeu.urantiacos.cl\/en\/wp-json\/wp\/v2\/posts"}],"about":[{"href":"https:\/\/fadeu.urantiacos.cl\/en\/wp-json\/wp\/v2\/types\/post"}],"author":[{"embeddable":true,"href":"https:\/\/fadeu.urantiacos.cl\/en\/wp-json\/wp\/v2\/users\/1"}],"replies":[{"embeddable":true,"href":"https:\/\/fadeu.urantiacos.cl\/en\/wp-json\/wp\/v2\/comments?post=5196"}],"version-history":[{"count":1,"href":"https:\/\/fadeu.urantiacos.cl\/en\/wp-json\/wp\/v2\/posts\/5196\/revisions"}],"predecessor-version":[{"id":5199,"href":"https:\/\/fadeu.urantiacos.cl\/en\/wp-json\/wp\/v2\/posts\/5196\/revisions\/5199"}],"wp:featuredmedia":[{"embeddable":true,"href":"https:\/\/fadeu.urantiacos.cl\/en\/wp-json\/wp\/v2\/media\/5197"}],"wp:attachment":[{"href":"https:\/\/fadeu.urantiacos.cl\/en\/wp-json\/wp\/v2\/media?parent=5196"}],"wp:term":[{"taxonomy":"category","embeddable":true,"href":"https:\/\/fadeu.urantiacos.cl\/en\/wp-json\/wp\/v2\/categories?post=5196"},{"taxonomy":"post_tag","embeddable":true,"href":"https:\/\/fadeu.urantiacos.cl\/en\/wp-json\/wp\/v2\/tags?post=5196"}],"curies":[{"name":"wp","href":"https:\/\/api.w.org\/{rel}","templated":true}]}}