{"id":5181,"date":"2022-04-25T08:41:00","date_gmt":"2022-04-25T11:41:00","guid":{"rendered":"https:\/\/fadeu.urantiacos.cl\/?p=5181"},"modified":"2023-09-06T08:42:56","modified_gmt":"2023-09-06T11:42:56","slug":"elke-schlack-es-co-editora-invitada-de-la-revista-invi-106","status":"publish","type":"post","link":"https:\/\/fadeu.urantiacos.cl\/en\/2022\/04\/25\/elke-schlack-es-co-editora-invitada-de-la-revista-invi-106\/","title":{"rendered":"Elke Schlack es co-editora invitada de la Revista INVI #106"},"content":{"rendered":"\n<figure class=\"wp-block-image size-full\"><img decoding=\"async\" width=\"350\" height=\"250\" src=\"https:\/\/fadeu.urantiacos.cl\/wp-content\/uploads\/2023\/09\/convocatoria_25abril.jpg\" alt=\"\" class=\"wp-image-5182\" srcset=\"https:\/\/fadeu.urantiacos.cl\/wp-content\/uploads\/2023\/09\/convocatoria_25abril.jpg 350w, https:\/\/fadeu.urantiacos.cl\/wp-content\/uploads\/2023\/09\/convocatoria_25abril-300x214.jpg 300w\" sizes=\"(max-width: 350px) 100vw, 350px\" \/><\/figure>\n\n\n\n<p>El objetivo de la publicaci\u00f3n ser\u00e1 abrir la discusi\u00f3n sobre el espacio p\u00fablico en Am\u00e9rica Latina, presentando una selecci\u00f3n de contribuciones en torno \u201ca registros alternativos que se han elaborado tanto desde la teor\u00eda como de trabajo emp\u00edrico, a partir de proyectos de calles, plazas, pasajes, edificios p\u00fablicos, ferias libres, espacios de la movilidad y zonas bald\u00edas\u201d.<\/p>\n\n\n\n<p>De esta manera, el n\u00famero 106 busca aportar a la reflexi\u00f3n en torno al espacio p\u00fablico de diferentes ciudades latinoamericanas para \u201cdescubrir sus singularidades y construir un marco m\u00e1s apropiado para su reflexi\u00f3n y creaci\u00f3n\u201d.<\/p>\n\n\n\n<p>La recepci\u00f3n de art\u00edculos para esta convocatoria se cerrar\u00e1 el 1 de mayo de 2022.<\/p>\n\n\n\n<p>Ver m\u00e1s sobre el n\u00famero y la convocatoria en el siguiente&nbsp;<a href=\"https:\/\/revistainvi.uchile.cl\/index.php\/INVI\/announcement\/view\/244\" target=\"_blank\" rel=\"noreferrer noopener\">link<\/a>&nbsp;NoticiasContacto:&nbsp;<a href=\"mailto:redesarq@uc.cl\">redesarq@uc.cl<\/a>&nbsp;| +56 2 2354 7747<br>www.arquitectura.uc.cl<\/p>\n","protected":false},"excerpt":{"rendered":"<p>La profesora ARQ UC fue invitada a editar \u2014junto a Kathya Araujo (USACH)\u2014 el n\u00famero m\u00e1s reciente de la revista acad\u00e9mica de la Universidad de Chile, titulado \u201cDossier: Espacio p\u00fablico. Registros alternativos para pensar y construir el espacio p\u00fablico en ciudades de Latinoam\u00e9rica\u201d.<\/p>\n","protected":false},"author":1,"featured_media":5182,"comment_status":"open","ping_status":"open","sticky":false,"template":"","format":"standard","meta":{"_acf_changed":false,"footnotes":""},"categories":[1],"tags":[],"class_list":["post-5181","post","type-post","status-publish","format-standard","has-post-thumbnail","hentry","category-sin-categorizar"],"acf":[],"yoast_head":"<!-- This site is optimized with the Yoast SEO plugin v27.1.1 - https:\/\/yoast.com\/product\/yoast-seo-wordpress\/ -->\n<title>Elke Schlack es co-editora invitada de la Revista INVI #106 - Facultad de Arquitectura, Dise\u00f1o y Estudios Urbanos<\/title>\n<meta name=\"description\" content=\"La profesora ARQ UC fue invitada a editar \u2014junto a Kathya Araujo (USACH)\u2014 el n\u00famero m\u00e1s reciente de la revista acad\u00e9mica de la Universidad de Chile, titulado \u201cDossier: Espacio p\u00fablico. Registros alternativos para pensar y construir el espacio p\u00fablico en ciudades de Latinoam\u00e9rica\u201d.\" \/>\n<meta name=\"robots\" content=\"index, follow, max-snippet:-1, max-image-preview:large, max-video-preview:-1\" \/>\n<link rel=\"canonical\" href=\"https:\/\/fadeu.urantiacos.cl\/en\/2022\/04\/25\/elke-schlack-es-co-editora-invitada-de-la-revista-invi-106\/\" \/>\n<meta property=\"og:locale\" content=\"en_US\" \/>\n<meta property=\"og:type\" content=\"article\" \/>\n<meta property=\"og:title\" content=\"Elke Schlack es co-editora invitada de la Revista INVI #106 - Facultad de Arquitectura, Dise\u00f1o y Estudios Urbanos\" \/>\n<meta property=\"og:description\" content=\"La profesora ARQ UC fue invitada a editar \u2014junto a Kathya Araujo (USACH)\u2014 el n\u00famero m\u00e1s reciente de la revista acad\u00e9mica de la Universidad de Chile, titulado \u201cDossier: Espacio p\u00fablico. Registros alternativos para pensar y construir el espacio p\u00fablico en ciudades de Latinoam\u00e9rica\u201d.\" \/>\n<meta property=\"og:url\" content=\"https:\/\/fadeu.urantiacos.cl\/en\/2022\/04\/25\/elke-schlack-es-co-editora-invitada-de-la-revista-invi-106\/\" \/>\n<meta property=\"og:site_name\" content=\"Facultad de Arquitectura, Dise\u00f1o y Estudios Urbanos\" \/>\n<meta property=\"article:published_time\" content=\"2022-04-25T11:41:00+00:00\" \/>\n<meta property=\"article:modified_time\" content=\"2023-09-06T11:42:56+00:00\" \/>\n<meta property=\"og:image\" content=\"https:\/\/fadeu.urantiacos.cl\/wp-content\/uploads\/2023\/09\/convocatoria_25abril.jpg\" \/>\n\t<meta property=\"og:image:width\" content=\"350\" \/>\n\t<meta property=\"og:image:height\" content=\"250\" \/>\n\t<meta property=\"og:image:type\" content=\"image\/jpeg\" \/>\n<meta name=\"author\" content=\"manadmin\" \/>\n<meta name=\"twitter:card\" content=\"summary_large_image\" \/>\n<meta name=\"twitter:label1\" content=\"Written by\" \/>\n\t<meta name=\"twitter:data1\" content=\"manadmin\" \/>\n\t<meta name=\"twitter:label2\" content=\"Est. reading time\" \/>\n\t<meta name=\"twitter:data2\" content=\"1 minute\" \/>\n<script type=\"application\/ld+json\" class=\"yoast-schema-graph\">{\"@context\":\"https:\/\/schema.org\",\"@graph\":[{\"@type\":\"Article\",\"@id\":\"https:\/\/fadeu.urantiacos.cl\/en\/2022\/04\/25\/elke-schlack-es-co-editora-invitada-de-la-revista-invi-106\/#article\",\"isPartOf\":{\"@id\":\"https:\/\/fadeu.urantiacos.cl\/en\/2022\/04\/25\/elke-schlack-es-co-editora-invitada-de-la-revista-invi-106\/\"},\"author\":{\"name\":\"manadmin\",\"@id\":\"https:\/\/fadeu.urantiacos.cl\/en\/#\/schema\/person\/d203e2e84b1c40275eac77b3061a19a2\"},\"headline\":\"Elke Schlack es co-editora invitada de la Revista INVI #106\",\"datePublished\":\"2022-04-25T11:41:00+00:00\",\"dateModified\":\"2023-09-06T11:42:56+00:00\",\"mainEntityOfPage\":{\"@id\":\"https:\/\/fadeu.urantiacos.cl\/en\/2022\/04\/25\/elke-schlack-es-co-editora-invitada-de-la-revista-invi-106\/\"},\"wordCount\":156,\"commentCount\":0,\"image\":{\"@id\":\"https:\/\/fadeu.urantiacos.cl\/en\/2022\/04\/25\/elke-schlack-es-co-editora-invitada-de-la-revista-invi-106\/#primaryimage\"},\"thumbnailUrl\":\"https:\/\/fadeu.urantiacos.cl\/wp-content\/uploads\/2023\/09\/convocatoria_25abril.jpg\",\"articleSection\":[\"Sin categorizar\"],\"inLanguage\":\"en-US\",\"potentialAction\":[{\"@type\":\"CommentAction\",\"name\":\"Comment\",\"target\":[\"https:\/\/fadeu.urantiacos.cl\/en\/2022\/04\/25\/elke-schlack-es-co-editora-invitada-de-la-revista-invi-106\/#respond\"]}]},{\"@type\":\"WebPage\",\"@id\":\"https:\/\/fadeu.urantiacos.cl\/en\/2022\/04\/25\/elke-schlack-es-co-editora-invitada-de-la-revista-invi-106\/\",\"url\":\"https:\/\/fadeu.urantiacos.cl\/en\/2022\/04\/25\/elke-schlack-es-co-editora-invitada-de-la-revista-invi-106\/\",\"name\":\"Elke Schlack es co-editora invitada de la Revista INVI #106 - Facultad de Arquitectura, Dise\u00f1o y Estudios Urbanos\",\"isPartOf\":{\"@id\":\"https:\/\/fadeu.urantiacos.cl\/en\/#website\"},\"primaryImageOfPage\":{\"@id\":\"https:\/\/fadeu.urantiacos.cl\/en\/2022\/04\/25\/elke-schlack-es-co-editora-invitada-de-la-revista-invi-106\/#primaryimage\"},\"image\":{\"@id\":\"https:\/\/fadeu.urantiacos.cl\/en\/2022\/04\/25\/elke-schlack-es-co-editora-invitada-de-la-revista-invi-106\/#primaryimage\"},\"thumbnailUrl\":\"https:\/\/fadeu.urantiacos.cl\/wp-content\/uploads\/2023\/09\/convocatoria_25abril.jpg\",\"datePublished\":\"2022-04-25T11:41:00+00:00\",\"dateModified\":\"2023-09-06T11:42:56+00:00\",\"author\":{\"@id\":\"https:\/\/fadeu.urantiacos.cl\/en\/#\/schema\/person\/d203e2e84b1c40275eac77b3061a19a2\"},\"description\":\"La profesora ARQ UC fue invitada a editar \u2014junto a Kathya Araujo (USACH)\u2014 el n\u00famero m\u00e1s reciente de la revista acad\u00e9mica de la Universidad de Chile, titulado \u201cDossier: Espacio p\u00fablico. Registros alternativos para pensar y construir el espacio p\u00fablico en ciudades de Latinoam\u00e9rica\u201d.\",\"breadcrumb\":{\"@id\":\"https:\/\/fadeu.urantiacos.cl\/en\/2022\/04\/25\/elke-schlack-es-co-editora-invitada-de-la-revista-invi-106\/#breadcrumb\"},\"inLanguage\":\"en-US\",\"potentialAction\":[{\"@type\":\"ReadAction\",\"target\":[\"https:\/\/fadeu.urantiacos.cl\/en\/2022\/04\/25\/elke-schlack-es-co-editora-invitada-de-la-revista-invi-106\/\"]}]},{\"@type\":\"ImageObject\",\"inLanguage\":\"en-US\",\"@id\":\"https:\/\/fadeu.urantiacos.cl\/en\/2022\/04\/25\/elke-schlack-es-co-editora-invitada-de-la-revista-invi-106\/#primaryimage\",\"url\":\"https:\/\/fadeu.urantiacos.cl\/wp-content\/uploads\/2023\/09\/convocatoria_25abril.jpg\",\"contentUrl\":\"https:\/\/fadeu.urantiacos.cl\/wp-content\/uploads\/2023\/09\/convocatoria_25abril.jpg\",\"width\":350,\"height\":250},{\"@type\":\"BreadcrumbList\",\"@id\":\"https:\/\/fadeu.urantiacos.cl\/en\/2022\/04\/25\/elke-schlack-es-co-editora-invitada-de-la-revista-invi-106\/#breadcrumb\",\"itemListElement\":[{\"@type\":\"ListItem\",\"position\":1,\"name\":\"Portada\",\"item\":\"https:\/\/fadeu.urantiacos.cl\/en\/\"},{\"@type\":\"ListItem\",\"position\":2,\"name\":\"Elke Schlack es co-editora invitada de la Revista INVI #106\"}]},{\"@type\":\"WebSite\",\"@id\":\"https:\/\/fadeu.urantiacos.cl\/en\/#website\",\"url\":\"https:\/\/fadeu.urantiacos.cl\/en\/\",\"name\":\"Facultad de Arquitectura, Dise\u00f1o y Estudios Urbanos\",\"description\":\"Campus Lo Contador\",\"potentialAction\":[{\"@type\":\"SearchAction\",\"target\":{\"@type\":\"EntryPoint\",\"urlTemplate\":\"https:\/\/fadeu.urantiacos.cl\/en\/?s={search_term_string}\"},\"query-input\":{\"@type\":\"PropertyValueSpecification\",\"valueRequired\":true,\"valueName\":\"search_term_string\"}}],\"inLanguage\":\"en-US\"},{\"@type\":\"Person\",\"@id\":\"https:\/\/fadeu.urantiacos.cl\/en\/#\/schema\/person\/d203e2e84b1c40275eac77b3061a19a2\",\"name\":\"manadmin\",\"image\":{\"@type\":\"ImageObject\",\"inLanguage\":\"en-US\",\"@id\":\"https:\/\/fadeu.urantiacos.cl\/en\/#\/schema\/person\/image\/\",\"url\":\"https:\/\/secure.gravatar.com\/avatar\/4b1d8e3303b4a9d8968ac578947d8bc80d9aea359f388cdd4aac15cadc0e8447?s=96&d=mm&r=g\",\"contentUrl\":\"https:\/\/secure.gravatar.com\/avatar\/4b1d8e3303b4a9d8968ac578947d8bc80d9aea359f388cdd4aac15cadc0e8447?s=96&d=mm&r=g\",\"caption\":\"manadmin\"},\"sameAs\":[\"https:\/\/fadeu.urantiacos.cl\"]}]}<\/script>\n<!-- \/ Yoast SEO plugin. -->","yoast_head_json":{"title":"Elke Schlack es co-editora invitada de la Revista INVI #106 - Facultad de Arquitectura, Dise\u00f1o y Estudios Urbanos","description":"La profesora ARQ UC fue invitada a editar \u2014junto a Kathya Araujo (USACH)\u2014 el n\u00famero m\u00e1s reciente de la revista acad\u00e9mica de la Universidad de Chile, titulado \u201cDossier: Espacio p\u00fablico. Registros alternativos para pensar y construir el espacio p\u00fablico en ciudades de Latinoam\u00e9rica\u201d.","robots":{"index":"index","follow":"follow","max-snippet":"max-snippet:-1","max-image-preview":"max-image-preview:large","max-video-preview":"max-video-preview:-1"},"canonical":"https:\/\/fadeu.urantiacos.cl\/en\/2022\/04\/25\/elke-schlack-es-co-editora-invitada-de-la-revista-invi-106\/","og_locale":"en_US","og_type":"article","og_title":"Elke Schlack es co-editora invitada de la Revista INVI #106 - Facultad de Arquitectura, Dise\u00f1o y Estudios Urbanos","og_description":"La profesora ARQ UC fue invitada a editar \u2014junto a Kathya Araujo (USACH)\u2014 el n\u00famero m\u00e1s reciente de la revista acad\u00e9mica de la Universidad de Chile, titulado \u201cDossier: Espacio p\u00fablico. Registros alternativos para pensar y construir el espacio p\u00fablico en ciudades de Latinoam\u00e9rica\u201d.","og_url":"https:\/\/fadeu.urantiacos.cl\/en\/2022\/04\/25\/elke-schlack-es-co-editora-invitada-de-la-revista-invi-106\/","og_site_name":"Facultad de Arquitectura, Dise\u00f1o y Estudios Urbanos","article_published_time":"2022-04-25T11:41:00+00:00","article_modified_time":"2023-09-06T11:42:56+00:00","og_image":[{"width":350,"height":250,"url":"https:\/\/fadeu.urantiacos.cl\/wp-content\/uploads\/2023\/09\/convocatoria_25abril.jpg","type":"image\/jpeg"}],"author":"manadmin","twitter_card":"summary_large_image","twitter_misc":{"Written by":"manadmin","Est. reading time":"1 minute"},"schema":{"@context":"https:\/\/schema.org","@graph":[{"@type":"Article","@id":"https:\/\/fadeu.urantiacos.cl\/en\/2022\/04\/25\/elke-schlack-es-co-editora-invitada-de-la-revista-invi-106\/#article","isPartOf":{"@id":"https:\/\/fadeu.urantiacos.cl\/en\/2022\/04\/25\/elke-schlack-es-co-editora-invitada-de-la-revista-invi-106\/"},"author":{"name":"manadmin","@id":"https:\/\/fadeu.urantiacos.cl\/en\/#\/schema\/person\/d203e2e84b1c40275eac77b3061a19a2"},"headline":"Elke Schlack es co-editora invitada de la Revista INVI #106","datePublished":"2022-04-25T11:41:00+00:00","dateModified":"2023-09-06T11:42:56+00:00","mainEntityOfPage":{"@id":"https:\/\/fadeu.urantiacos.cl\/en\/2022\/04\/25\/elke-schlack-es-co-editora-invitada-de-la-revista-invi-106\/"},"wordCount":156,"commentCount":0,"image":{"@id":"https:\/\/fadeu.urantiacos.cl\/en\/2022\/04\/25\/elke-schlack-es-co-editora-invitada-de-la-revista-invi-106\/#primaryimage"},"thumbnailUrl":"https:\/\/fadeu.urantiacos.cl\/wp-content\/uploads\/2023\/09\/convocatoria_25abril.jpg","articleSection":["Sin categorizar"],"inLanguage":"en-US","potentialAction":[{"@type":"CommentAction","name":"Comment","target":["https:\/\/fadeu.urantiacos.cl\/en\/2022\/04\/25\/elke-schlack-es-co-editora-invitada-de-la-revista-invi-106\/#respond"]}]},{"@type":"WebPage","@id":"https:\/\/fadeu.urantiacos.cl\/en\/2022\/04\/25\/elke-schlack-es-co-editora-invitada-de-la-revista-invi-106\/","url":"https:\/\/fadeu.urantiacos.cl\/en\/2022\/04\/25\/elke-schlack-es-co-editora-invitada-de-la-revista-invi-106\/","name":"Elke Schlack es co-editora invitada de la Revista INVI #106 - Facultad de Arquitectura, Dise\u00f1o y Estudios Urbanos","isPartOf":{"@id":"https:\/\/fadeu.urantiacos.cl\/en\/#website"},"primaryImageOfPage":{"@id":"https:\/\/fadeu.urantiacos.cl\/en\/2022\/04\/25\/elke-schlack-es-co-editora-invitada-de-la-revista-invi-106\/#primaryimage"},"image":{"@id":"https:\/\/fadeu.urantiacos.cl\/en\/2022\/04\/25\/elke-schlack-es-co-editora-invitada-de-la-revista-invi-106\/#primaryimage"},"thumbnailUrl":"https:\/\/fadeu.urantiacos.cl\/wp-content\/uploads\/2023\/09\/convocatoria_25abril.jpg","datePublished":"2022-04-25T11:41:00+00:00","dateModified":"2023-09-06T11:42:56+00:00","author":{"@id":"https:\/\/fadeu.urantiacos.cl\/en\/#\/schema\/person\/d203e2e84b1c40275eac77b3061a19a2"},"description":"La profesora ARQ UC fue invitada a editar \u2014junto a Kathya Araujo (USACH)\u2014 el n\u00famero m\u00e1s reciente de la revista acad\u00e9mica de la Universidad de Chile, titulado \u201cDossier: Espacio p\u00fablico. Registros alternativos para pensar y construir el espacio p\u00fablico en ciudades de Latinoam\u00e9rica\u201d.","breadcrumb":{"@id":"https:\/\/fadeu.urantiacos.cl\/en\/2022\/04\/25\/elke-schlack-es-co-editora-invitada-de-la-revista-invi-106\/#breadcrumb"},"inLanguage":"en-US","potentialAction":[{"@type":"ReadAction","target":["https:\/\/fadeu.urantiacos.cl\/en\/2022\/04\/25\/elke-schlack-es-co-editora-invitada-de-la-revista-invi-106\/"]}]},{"@type":"ImageObject","inLanguage":"en-US","@id":"https:\/\/fadeu.urantiacos.cl\/en\/2022\/04\/25\/elke-schlack-es-co-editora-invitada-de-la-revista-invi-106\/#primaryimage","url":"https:\/\/fadeu.urantiacos.cl\/wp-content\/uploads\/2023\/09\/convocatoria_25abril.jpg","contentUrl":"https:\/\/fadeu.urantiacos.cl\/wp-content\/uploads\/2023\/09\/convocatoria_25abril.jpg","width":350,"height":250},{"@type":"BreadcrumbList","@id":"https:\/\/fadeu.urantiacos.cl\/en\/2022\/04\/25\/elke-schlack-es-co-editora-invitada-de-la-revista-invi-106\/#breadcrumb","itemListElement":[{"@type":"ListItem","position":1,"name":"Portada","item":"https:\/\/fadeu.urantiacos.cl\/en\/"},{"@type":"ListItem","position":2,"name":"Elke Schlack es co-editora invitada de la Revista INVI #106"}]},{"@type":"WebSite","@id":"https:\/\/fadeu.urantiacos.cl\/en\/#website","url":"https:\/\/fadeu.urantiacos.cl\/en\/","name":"Facultad de Arquitectura, Dise\u00f1o y Estudios Urbanos","description":"Campus Lo Contador","potentialAction":[{"@type":"SearchAction","target":{"@type":"EntryPoint","urlTemplate":"https:\/\/fadeu.urantiacos.cl\/en\/?s={search_term_string}"},"query-input":{"@type":"PropertyValueSpecification","valueRequired":true,"valueName":"search_term_string"}}],"inLanguage":"en-US"},{"@type":"Person","@id":"https:\/\/fadeu.urantiacos.cl\/en\/#\/schema\/person\/d203e2e84b1c40275eac77b3061a19a2","name":"manadmin","image":{"@type":"ImageObject","inLanguage":"en-US","@id":"https:\/\/fadeu.urantiacos.cl\/en\/#\/schema\/person\/image\/","url":"https:\/\/secure.gravatar.com\/avatar\/4b1d8e3303b4a9d8968ac578947d8bc80d9aea359f388cdd4aac15cadc0e8447?s=96&d=mm&r=g","contentUrl":"https:\/\/secure.gravatar.com\/avatar\/4b1d8e3303b4a9d8968ac578947d8bc80d9aea359f388cdd4aac15cadc0e8447?s=96&d=mm&r=g","caption":"manadmin"},"sameAs":["https:\/\/fadeu.urantiacos.cl"]}]}},"_links":{"self":[{"href":"https:\/\/fadeu.urantiacos.cl\/en\/wp-json\/wp\/v2\/posts\/5181","targetHints":{"allow":["GET"]}}],"collection":[{"href":"https:\/\/fadeu.urantiacos.cl\/en\/wp-json\/wp\/v2\/posts"}],"about":[{"href":"https:\/\/fadeu.urantiacos.cl\/en\/wp-json\/wp\/v2\/types\/post"}],"author":[{"embeddable":true,"href":"https:\/\/fadeu.urantiacos.cl\/en\/wp-json\/wp\/v2\/users\/1"}],"replies":[{"embeddable":true,"href":"https:\/\/fadeu.urantiacos.cl\/en\/wp-json\/wp\/v2\/comments?post=5181"}],"version-history":[{"count":1,"href":"https:\/\/fadeu.urantiacos.cl\/en\/wp-json\/wp\/v2\/posts\/5181\/revisions"}],"predecessor-version":[{"id":5183,"href":"https:\/\/fadeu.urantiacos.cl\/en\/wp-json\/wp\/v2\/posts\/5181\/revisions\/5183"}],"wp:featuredmedia":[{"embeddable":true,"href":"https:\/\/fadeu.urantiacos.cl\/en\/wp-json\/wp\/v2\/media\/5182"}],"wp:attachment":[{"href":"https:\/\/fadeu.urantiacos.cl\/en\/wp-json\/wp\/v2\/media?parent=5181"}],"wp:term":[{"taxonomy":"category","embeddable":true,"href":"https:\/\/fadeu.urantiacos.cl\/en\/wp-json\/wp\/v2\/categories?post=5181"},{"taxonomy":"post_tag","embeddable":true,"href":"https:\/\/fadeu.urantiacos.cl\/en\/wp-json\/wp\/v2\/tags?post=5181"}],"curies":[{"name":"wp","href":"https:\/\/api.w.org\/{rel}","templated":true}]}}