{"id":5176,"date":"2022-04-25T08:36:00","date_gmt":"2022-04-25T11:36:00","guid":{"rendered":"https:\/\/fadeu.urantiacos.cl\/?p=5176"},"modified":"2023-09-06T08:41:11","modified_gmt":"2023-09-06T11:41:11","slug":"museo-disenado-por-cristobal-tirado-obtiene-el-premio-lcd-berlin","status":"publish","type":"post","link":"https:\/\/fadeu.urantiacos.cl\/en\/2022\/04\/25\/museo-disenado-por-cristobal-tirado-obtiene-el-premio-lcd-berlin\/","title":{"rendered":"Museo dise\u00f1ado por Crist\u00f3bal Tirado obtiene el Premio LCD Berl\u00edn"},"content":{"rendered":"\n<figure class=\"wp-block-image size-full\"><img decoding=\"async\" width=\"350\" height=\"250\" src=\"https:\/\/fadeu.urantiacos.cl\/wp-content\/uploads\/2023\/09\/WEB_21.04.22MRA_museo._Aysen_IMG_3727_baja.jpg\" alt=\"\" class=\"wp-image-5177\" srcset=\"https:\/\/fadeu.urantiacos.cl\/wp-content\/uploads\/2023\/09\/WEB_21.04.22MRA_museo._Aysen_IMG_3727_baja.jpg 350w, https:\/\/fadeu.urantiacos.cl\/wp-content\/uploads\/2023\/09\/WEB_21.04.22MRA_museo._Aysen_IMG_3727_baja-300x214.jpg 300w\" sizes=\"(max-width: 350px) 100vw, 350px\" \/><\/figure>\n\n\n\n<p>El galard\u00f3n \u2014popularmente conocido como el \u201cpremio Oscar de los museos\u201d\u2014&nbsp;es una de las iniciativas con las que la organizaci\u00f3n LCD \u2014esta vez con sede en Berl\u00edn, Alemania\u2014 busca relevar destinos culturales excepcionales del mundo, inspirando un intercambio din\u00e1mico y una red global de cultura y viaje que conecte las artes y el turismo. De esta forma, el premio reconoce tanto el edificio como su muestra.<\/p>\n\n\n\n<p>En su s\u00e9ptima edici\u00f3n (2020-2021), los premios Leading Culture Destinations (LCD) fueron entregados oficialmente a inicios de marzo de 2022 en la capital alemana, oportunidad en la que la ministra de las Culturas, Julieta Brodsky Hern\u00e1ndez reconoci\u00f3 \u201cla labor que realizan los trabajadores y trabajadoras del museo para preservar y poner en valor el legado hist\u00f3rico y patrimonial de la regi\u00f3n\u201d.<\/p>\n\n\n\n<p>Por su parte, el director del museo destac\u00f3 la infraestructura y la museolog\u00eda de la instituci\u00f3n, convirti\u00e9ndose el museo en \u201cuna valiosa vitrina para promover a la regi\u00f3n de Ays\u00e9n como un destino atractivo no s\u00f3lo en el turismo de naturaleza, sino que tambi\u00e9n por su patrimonio cultural\u201d (<a href=\"https:\/\/www.museoregionalaysen.gob.cl\/noticias\/museo-regional-de-aysen-obtuvo-el-premio-lcd-berlin-como-mejor-museo-nuevo-en\" target=\"_blank\" rel=\"noreferrer noopener\">ver noticia del museo<\/a>).<\/p>\n\n\n\n<p>El edificio, encargado por el Gobierno Regional de Ays\u00e9n y la Direcci\u00f3n Regional de Arquitectura del MOP, y dise\u00f1ado por la oficina TIRADO arquitectos del profesor ARQ UC Crist\u00f3bal Tirado junto a la oficina BBATS Consulting, cont\u00f3 con la colaboraci\u00f3n de los arquitectos UC Jos\u00e9 Tom\u00e1s Rodr\u00edguez, Patricio Larra\u00edn, Tere Larra\u00edn y Juan Carlos Barros, la dise\u00f1adora UC Mar\u00eda Ignacia Balart, y los arquitectos Felipe Torreblanca y Sebasti\u00e1n Cruz.<\/p>\n\n\n\n<p>El dise\u00f1o de la museograf\u00eda \u2014encargado por la Dibam\u2014 lo realiz\u00f3 el estudio de dise\u00f1o y fabricaci\u00f3n N.O.T. (No Ordinary Things), fundado por los arquitectos UC Daniel Ortiz y Ema D\u00fcnner, y cont\u00f3 con la colaboraci\u00f3n del arquitecto UC Daniel Aguayo junto a Max Rosenthal y Jos\u00e9 Tom\u00e1s Garc\u00eda. Por \u00faltimo, el dise\u00f1o gr\u00e1fico para el museo estuvo a cargo de Lolamundo.<\/p>\n\n\n\n<p>Ver los ganadores en el siguiente&nbsp;<a href=\"https:\/\/www.leadingculturedestinations.com\/awards-1\" target=\"_blank\" rel=\"noreferrer noopener\">link<\/a>&nbsp;<br>Ver m\u00e1s sobre el proyecto de Crist\u00f3bal Tirado en el siguiente&nbsp;<a href=\"https:\/\/www.plataformaarquitectura.cl\/cl\/02-350700\/primer-lugar-licitacion-publica-museo-regional-de-aysen-mra\" target=\"_blank\" rel=\"noreferrer noopener\">link<\/a>&nbsp;<br>Ver m\u00e1s sobre N.O.T en el siguiente&nbsp;<a href=\"https:\/\/www.not.cl\/filter\/MUSEOGRAFIA\" target=\"_blank\" rel=\"noreferrer noopener\">link<\/a>&nbsp;<br>Ver m\u00e1s sobre el museo en el siguiente&nbsp;<a href=\"https:\/\/www.museoregionalaysen.gob.cl\/\" target=\"_blank\" rel=\"noreferrer noopener\">link<\/a>&nbsp;<\/p>\n\n\n\n<figure class=\"wp-block-image size-large\"><img decoding=\"async\" width=\"1024\" height=\"682\" src=\"https:\/\/fadeu.urantiacos.cl\/wp-content\/uploads\/2023\/09\/21.04.22MRA_museo._Aysen_IMG_3727_baja-1024x682.jpg\" alt=\"\" class=\"wp-image-5178\" srcset=\"https:\/\/fadeu.urantiacos.cl\/wp-content\/uploads\/2023\/09\/21.04.22MRA_museo._Aysen_IMG_3727_baja-1024x682.jpg 1024w, https:\/\/fadeu.urantiacos.cl\/wp-content\/uploads\/2023\/09\/21.04.22MRA_museo._Aysen_IMG_3727_baja-300x200.jpg 300w, https:\/\/fadeu.urantiacos.cl\/wp-content\/uploads\/2023\/09\/21.04.22MRA_museo._Aysen_IMG_3727_baja-768x512.jpg 768w, https:\/\/fadeu.urantiacos.cl\/wp-content\/uploads\/2023\/09\/21.04.22MRA_museo._Aysen_IMG_3727_baja-1536x1024.jpg 1536w, https:\/\/fadeu.urantiacos.cl\/wp-content\/uploads\/2023\/09\/21.04.22MRA_museo._Aysen_IMG_3727_baja.jpg 1600w\" sizes=\"(max-width: 1024px) 100vw, 1024px\" \/><\/figure>\n\n\n\n<figure class=\"wp-block-image size-large\"><img decoding=\"async\" width=\"1024\" height=\"984\" src=\"https:\/\/fadeu.urantiacos.cl\/wp-content\/uploads\/2023\/09\/21.04.22Museo_Aysen-98-1024x984.jpg\" alt=\"\" class=\"wp-image-5179\" srcset=\"https:\/\/fadeu.urantiacos.cl\/wp-content\/uploads\/2023\/09\/21.04.22Museo_Aysen-98-1024x984.jpg 1024w, https:\/\/fadeu.urantiacos.cl\/wp-content\/uploads\/2023\/09\/21.04.22Museo_Aysen-98-300x288.jpg 300w, https:\/\/fadeu.urantiacos.cl\/wp-content\/uploads\/2023\/09\/21.04.22Museo_Aysen-98-768x738.jpg 768w, https:\/\/fadeu.urantiacos.cl\/wp-content\/uploads\/2023\/09\/21.04.22Museo_Aysen-98-1536x1475.jpg 1536w, https:\/\/fadeu.urantiacos.cl\/wp-content\/uploads\/2023\/09\/21.04.22Museo_Aysen-98-2048x1967.jpg 2048w, https:\/\/fadeu.urantiacos.cl\/wp-content\/uploads\/2023\/09\/21.04.22Museo_Aysen-98-scaled.jpg 1249w\" sizes=\"(max-width: 1024px) 100vw, 1024px\" \/><\/figure>\n\n\n\n<p>Noticias<\/p>\n\n\n\n<p>Contacto:&nbsp;<a href=\"mailto:redesarq@uc.cl\">redesarq@uc.cl<\/a>&nbsp;| +56 2 2354 7747<br>www.arquitectura.uc.cl<\/p>\n","protected":false},"excerpt":{"rendered":"<p>El Museo Regional de Ays\u00e9n \u2014cuyo edificio fue dise\u00f1ado por la oficina del profesor ARQ UC mediante un concurso p\u00fablico\u2014, fue reconocido por la organizaci\u00f3n internacional Leading Culture Destinations (LCD) como \u201cmejor museo nuevo\u201d a nivel mundial en la categor\u00eda latinoamericana.<\/p>\n","protected":false},"author":1,"featured_media":5177,"comment_status":"open","ping_status":"open","sticky":false,"template":"","format":"standard","meta":{"_acf_changed":false,"footnotes":""},"categories":[1],"tags":[],"class_list":["post-5176","post","type-post","status-publish","format-standard","has-post-thumbnail","hentry","category-sin-categorizar"],"acf":[],"yoast_head":"<!-- This site is optimized with the Yoast SEO plugin v27.1.1 - https:\/\/yoast.com\/product\/yoast-seo-wordpress\/ -->\n<title>Museo dise\u00f1ado por Crist\u00f3bal Tirado obtiene el Premio LCD Berl\u00edn - Facultad de Arquitectura, Dise\u00f1o y Estudios Urbanos<\/title>\n<meta name=\"description\" content=\"El Museo Regional de Ays\u00e9n \u2014cuyo edificio fue dise\u00f1ado por la oficina del profesor ARQ UC mediante un concurso p\u00fablico\u2014, fue reconocido por la organizaci\u00f3n internacional Leading Culture Destinations (LCD) como \u201cmejor museo nuevo\u201d a nivel mundial en la categor\u00eda latinoamericana.\" \/>\n<meta name=\"robots\" content=\"index, follow, max-snippet:-1, max-image-preview:large, max-video-preview:-1\" \/>\n<link rel=\"canonical\" href=\"https:\/\/fadeu.urantiacos.cl\/en\/2022\/04\/25\/museo-disenado-por-cristobal-tirado-obtiene-el-premio-lcd-berlin\/\" \/>\n<meta property=\"og:locale\" content=\"en_US\" \/>\n<meta property=\"og:type\" content=\"article\" \/>\n<meta property=\"og:title\" content=\"Museo dise\u00f1ado por Crist\u00f3bal Tirado obtiene el Premio LCD Berl\u00edn - Facultad de Arquitectura, Dise\u00f1o y Estudios Urbanos\" \/>\n<meta property=\"og:description\" content=\"El Museo Regional de Ays\u00e9n \u2014cuyo edificio fue dise\u00f1ado por la oficina del profesor ARQ UC mediante un concurso p\u00fablico\u2014, fue reconocido por la organizaci\u00f3n internacional Leading Culture Destinations (LCD) como \u201cmejor museo nuevo\u201d a nivel mundial en la categor\u00eda latinoamericana.\" \/>\n<meta property=\"og:url\" content=\"https:\/\/fadeu.urantiacos.cl\/en\/2022\/04\/25\/museo-disenado-por-cristobal-tirado-obtiene-el-premio-lcd-berlin\/\" \/>\n<meta property=\"og:site_name\" content=\"Facultad de Arquitectura, Dise\u00f1o y Estudios Urbanos\" \/>\n<meta property=\"article:published_time\" content=\"2022-04-25T11:36:00+00:00\" \/>\n<meta property=\"article:modified_time\" content=\"2023-09-06T11:41:11+00:00\" \/>\n<meta property=\"og:image\" content=\"https:\/\/fadeu.urantiacos.cl\/wp-content\/uploads\/2023\/09\/WEB_21.04.22MRA_museo._Aysen_IMG_3727_baja.jpg\" \/>\n\t<meta property=\"og:image:width\" content=\"350\" \/>\n\t<meta property=\"og:image:height\" content=\"250\" \/>\n\t<meta property=\"og:image:type\" content=\"image\/jpeg\" \/>\n<meta name=\"author\" content=\"manadmin\" \/>\n<meta name=\"twitter:card\" content=\"summary_large_image\" \/>\n<meta name=\"twitter:label1\" content=\"Written by\" \/>\n\t<meta name=\"twitter:data1\" content=\"manadmin\" \/>\n\t<meta name=\"twitter:label2\" content=\"Est. reading time\" \/>\n\t<meta name=\"twitter:data2\" content=\"2 minutes\" \/>\n<script type=\"application\/ld+json\" class=\"yoast-schema-graph\">{\"@context\":\"https:\/\/schema.org\",\"@graph\":[{\"@type\":\"Article\",\"@id\":\"https:\/\/fadeu.urantiacos.cl\/en\/2022\/04\/25\/museo-disenado-por-cristobal-tirado-obtiene-el-premio-lcd-berlin\/#article\",\"isPartOf\":{\"@id\":\"https:\/\/fadeu.urantiacos.cl\/en\/2022\/04\/25\/museo-disenado-por-cristobal-tirado-obtiene-el-premio-lcd-berlin\/\"},\"author\":{\"name\":\"manadmin\",\"@id\":\"https:\/\/fadeu.urantiacos.cl\/en\/#\/schema\/person\/d203e2e84b1c40275eac77b3061a19a2\"},\"headline\":\"Museo dise\u00f1ado por Crist\u00f3bal Tirado obtiene el Premio LCD Berl\u00edn\",\"datePublished\":\"2022-04-25T11:36:00+00:00\",\"dateModified\":\"2023-09-06T11:41:11+00:00\",\"mainEntityOfPage\":{\"@id\":\"https:\/\/fadeu.urantiacos.cl\/en\/2022\/04\/25\/museo-disenado-por-cristobal-tirado-obtiene-el-premio-lcd-berlin\/\"},\"wordCount\":425,\"commentCount\":0,\"image\":{\"@id\":\"https:\/\/fadeu.urantiacos.cl\/en\/2022\/04\/25\/museo-disenado-por-cristobal-tirado-obtiene-el-premio-lcd-berlin\/#primaryimage\"},\"thumbnailUrl\":\"https:\/\/fadeu.urantiacos.cl\/wp-content\/uploads\/2023\/09\/WEB_21.04.22MRA_museo._Aysen_IMG_3727_baja.jpg\",\"articleSection\":[\"Sin categorizar\"],\"inLanguage\":\"en-US\",\"potentialAction\":[{\"@type\":\"CommentAction\",\"name\":\"Comment\",\"target\":[\"https:\/\/fadeu.urantiacos.cl\/en\/2022\/04\/25\/museo-disenado-por-cristobal-tirado-obtiene-el-premio-lcd-berlin\/#respond\"]}]},{\"@type\":\"WebPage\",\"@id\":\"https:\/\/fadeu.urantiacos.cl\/en\/2022\/04\/25\/museo-disenado-por-cristobal-tirado-obtiene-el-premio-lcd-berlin\/\",\"url\":\"https:\/\/fadeu.urantiacos.cl\/en\/2022\/04\/25\/museo-disenado-por-cristobal-tirado-obtiene-el-premio-lcd-berlin\/\",\"name\":\"Museo dise\u00f1ado por Crist\u00f3bal Tirado obtiene el Premio LCD Berl\u00edn - Facultad de Arquitectura, Dise\u00f1o y Estudios Urbanos\",\"isPartOf\":{\"@id\":\"https:\/\/fadeu.urantiacos.cl\/en\/#website\"},\"primaryImageOfPage\":{\"@id\":\"https:\/\/fadeu.urantiacos.cl\/en\/2022\/04\/25\/museo-disenado-por-cristobal-tirado-obtiene-el-premio-lcd-berlin\/#primaryimage\"},\"image\":{\"@id\":\"https:\/\/fadeu.urantiacos.cl\/en\/2022\/04\/25\/museo-disenado-por-cristobal-tirado-obtiene-el-premio-lcd-berlin\/#primaryimage\"},\"thumbnailUrl\":\"https:\/\/fadeu.urantiacos.cl\/wp-content\/uploads\/2023\/09\/WEB_21.04.22MRA_museo._Aysen_IMG_3727_baja.jpg\",\"datePublished\":\"2022-04-25T11:36:00+00:00\",\"dateModified\":\"2023-09-06T11:41:11+00:00\",\"author\":{\"@id\":\"https:\/\/fadeu.urantiacos.cl\/en\/#\/schema\/person\/d203e2e84b1c40275eac77b3061a19a2\"},\"description\":\"El Museo Regional de Ays\u00e9n \u2014cuyo edificio fue dise\u00f1ado por la oficina del profesor ARQ UC mediante un concurso p\u00fablico\u2014, fue reconocido por la organizaci\u00f3n internacional Leading Culture Destinations (LCD) como \u201cmejor museo nuevo\u201d a nivel mundial en la categor\u00eda latinoamericana.\",\"breadcrumb\":{\"@id\":\"https:\/\/fadeu.urantiacos.cl\/en\/2022\/04\/25\/museo-disenado-por-cristobal-tirado-obtiene-el-premio-lcd-berlin\/#breadcrumb\"},\"inLanguage\":\"en-US\",\"potentialAction\":[{\"@type\":\"ReadAction\",\"target\":[\"https:\/\/fadeu.urantiacos.cl\/en\/2022\/04\/25\/museo-disenado-por-cristobal-tirado-obtiene-el-premio-lcd-berlin\/\"]}]},{\"@type\":\"ImageObject\",\"inLanguage\":\"en-US\",\"@id\":\"https:\/\/fadeu.urantiacos.cl\/en\/2022\/04\/25\/museo-disenado-por-cristobal-tirado-obtiene-el-premio-lcd-berlin\/#primaryimage\",\"url\":\"https:\/\/fadeu.urantiacos.cl\/wp-content\/uploads\/2023\/09\/WEB_21.04.22MRA_museo._Aysen_IMG_3727_baja.jpg\",\"contentUrl\":\"https:\/\/fadeu.urantiacos.cl\/wp-content\/uploads\/2023\/09\/WEB_21.04.22MRA_museo._Aysen_IMG_3727_baja.jpg\",\"width\":350,\"height\":250},{\"@type\":\"BreadcrumbList\",\"@id\":\"https:\/\/fadeu.urantiacos.cl\/en\/2022\/04\/25\/museo-disenado-por-cristobal-tirado-obtiene-el-premio-lcd-berlin\/#breadcrumb\",\"itemListElement\":[{\"@type\":\"ListItem\",\"position\":1,\"name\":\"Portada\",\"item\":\"https:\/\/fadeu.urantiacos.cl\/en\/\"},{\"@type\":\"ListItem\",\"position\":2,\"name\":\"Museo dise\u00f1ado por Crist\u00f3bal Tirado obtiene el Premio LCD Berl\u00edn\"}]},{\"@type\":\"WebSite\",\"@id\":\"https:\/\/fadeu.urantiacos.cl\/en\/#website\",\"url\":\"https:\/\/fadeu.urantiacos.cl\/en\/\",\"name\":\"Facultad de Arquitectura, Dise\u00f1o y Estudios Urbanos\",\"description\":\"Campus Lo Contador\",\"potentialAction\":[{\"@type\":\"SearchAction\",\"target\":{\"@type\":\"EntryPoint\",\"urlTemplate\":\"https:\/\/fadeu.urantiacos.cl\/en\/?s={search_term_string}\"},\"query-input\":{\"@type\":\"PropertyValueSpecification\",\"valueRequired\":true,\"valueName\":\"search_term_string\"}}],\"inLanguage\":\"en-US\"},{\"@type\":\"Person\",\"@id\":\"https:\/\/fadeu.urantiacos.cl\/en\/#\/schema\/person\/d203e2e84b1c40275eac77b3061a19a2\",\"name\":\"manadmin\",\"image\":{\"@type\":\"ImageObject\",\"inLanguage\":\"en-US\",\"@id\":\"https:\/\/fadeu.urantiacos.cl\/en\/#\/schema\/person\/image\/\",\"url\":\"https:\/\/secure.gravatar.com\/avatar\/4b1d8e3303b4a9d8968ac578947d8bc80d9aea359f388cdd4aac15cadc0e8447?s=96&d=mm&r=g\",\"contentUrl\":\"https:\/\/secure.gravatar.com\/avatar\/4b1d8e3303b4a9d8968ac578947d8bc80d9aea359f388cdd4aac15cadc0e8447?s=96&d=mm&r=g\",\"caption\":\"manadmin\"},\"sameAs\":[\"https:\/\/fadeu.urantiacos.cl\"]}]}<\/script>\n<!-- \/ Yoast SEO plugin. -->","yoast_head_json":{"title":"Museo dise\u00f1ado por Crist\u00f3bal Tirado obtiene el Premio LCD Berl\u00edn - Facultad de Arquitectura, Dise\u00f1o y Estudios Urbanos","description":"El Museo Regional de Ays\u00e9n \u2014cuyo edificio fue dise\u00f1ado por la oficina del profesor ARQ UC mediante un concurso p\u00fablico\u2014, fue reconocido por la organizaci\u00f3n internacional Leading Culture Destinations (LCD) como \u201cmejor museo nuevo\u201d a nivel mundial en la categor\u00eda latinoamericana.","robots":{"index":"index","follow":"follow","max-snippet":"max-snippet:-1","max-image-preview":"max-image-preview:large","max-video-preview":"max-video-preview:-1"},"canonical":"https:\/\/fadeu.urantiacos.cl\/en\/2022\/04\/25\/museo-disenado-por-cristobal-tirado-obtiene-el-premio-lcd-berlin\/","og_locale":"en_US","og_type":"article","og_title":"Museo dise\u00f1ado por Crist\u00f3bal Tirado obtiene el Premio LCD Berl\u00edn - Facultad de Arquitectura, Dise\u00f1o y Estudios Urbanos","og_description":"El Museo Regional de Ays\u00e9n \u2014cuyo edificio fue dise\u00f1ado por la oficina del profesor ARQ UC mediante un concurso p\u00fablico\u2014, fue reconocido por la organizaci\u00f3n internacional Leading Culture Destinations (LCD) como \u201cmejor museo nuevo\u201d a nivel mundial en la categor\u00eda latinoamericana.","og_url":"https:\/\/fadeu.urantiacos.cl\/en\/2022\/04\/25\/museo-disenado-por-cristobal-tirado-obtiene-el-premio-lcd-berlin\/","og_site_name":"Facultad de Arquitectura, Dise\u00f1o y Estudios Urbanos","article_published_time":"2022-04-25T11:36:00+00:00","article_modified_time":"2023-09-06T11:41:11+00:00","og_image":[{"width":350,"height":250,"url":"https:\/\/fadeu.urantiacos.cl\/wp-content\/uploads\/2023\/09\/WEB_21.04.22MRA_museo._Aysen_IMG_3727_baja.jpg","type":"image\/jpeg"}],"author":"manadmin","twitter_card":"summary_large_image","twitter_misc":{"Written by":"manadmin","Est. reading time":"2 minutes"},"schema":{"@context":"https:\/\/schema.org","@graph":[{"@type":"Article","@id":"https:\/\/fadeu.urantiacos.cl\/en\/2022\/04\/25\/museo-disenado-por-cristobal-tirado-obtiene-el-premio-lcd-berlin\/#article","isPartOf":{"@id":"https:\/\/fadeu.urantiacos.cl\/en\/2022\/04\/25\/museo-disenado-por-cristobal-tirado-obtiene-el-premio-lcd-berlin\/"},"author":{"name":"manadmin","@id":"https:\/\/fadeu.urantiacos.cl\/en\/#\/schema\/person\/d203e2e84b1c40275eac77b3061a19a2"},"headline":"Museo dise\u00f1ado por Crist\u00f3bal Tirado obtiene el Premio LCD Berl\u00edn","datePublished":"2022-04-25T11:36:00+00:00","dateModified":"2023-09-06T11:41:11+00:00","mainEntityOfPage":{"@id":"https:\/\/fadeu.urantiacos.cl\/en\/2022\/04\/25\/museo-disenado-por-cristobal-tirado-obtiene-el-premio-lcd-berlin\/"},"wordCount":425,"commentCount":0,"image":{"@id":"https:\/\/fadeu.urantiacos.cl\/en\/2022\/04\/25\/museo-disenado-por-cristobal-tirado-obtiene-el-premio-lcd-berlin\/#primaryimage"},"thumbnailUrl":"https:\/\/fadeu.urantiacos.cl\/wp-content\/uploads\/2023\/09\/WEB_21.04.22MRA_museo._Aysen_IMG_3727_baja.jpg","articleSection":["Sin categorizar"],"inLanguage":"en-US","potentialAction":[{"@type":"CommentAction","name":"Comment","target":["https:\/\/fadeu.urantiacos.cl\/en\/2022\/04\/25\/museo-disenado-por-cristobal-tirado-obtiene-el-premio-lcd-berlin\/#respond"]}]},{"@type":"WebPage","@id":"https:\/\/fadeu.urantiacos.cl\/en\/2022\/04\/25\/museo-disenado-por-cristobal-tirado-obtiene-el-premio-lcd-berlin\/","url":"https:\/\/fadeu.urantiacos.cl\/en\/2022\/04\/25\/museo-disenado-por-cristobal-tirado-obtiene-el-premio-lcd-berlin\/","name":"Museo dise\u00f1ado por Crist\u00f3bal Tirado obtiene el Premio LCD Berl\u00edn - Facultad de Arquitectura, Dise\u00f1o y Estudios Urbanos","isPartOf":{"@id":"https:\/\/fadeu.urantiacos.cl\/en\/#website"},"primaryImageOfPage":{"@id":"https:\/\/fadeu.urantiacos.cl\/en\/2022\/04\/25\/museo-disenado-por-cristobal-tirado-obtiene-el-premio-lcd-berlin\/#primaryimage"},"image":{"@id":"https:\/\/fadeu.urantiacos.cl\/en\/2022\/04\/25\/museo-disenado-por-cristobal-tirado-obtiene-el-premio-lcd-berlin\/#primaryimage"},"thumbnailUrl":"https:\/\/fadeu.urantiacos.cl\/wp-content\/uploads\/2023\/09\/WEB_21.04.22MRA_museo._Aysen_IMG_3727_baja.jpg","datePublished":"2022-04-25T11:36:00+00:00","dateModified":"2023-09-06T11:41:11+00:00","author":{"@id":"https:\/\/fadeu.urantiacos.cl\/en\/#\/schema\/person\/d203e2e84b1c40275eac77b3061a19a2"},"description":"El Museo Regional de Ays\u00e9n \u2014cuyo edificio fue dise\u00f1ado por la oficina del profesor ARQ UC mediante un concurso p\u00fablico\u2014, fue reconocido por la organizaci\u00f3n internacional Leading Culture Destinations (LCD) como \u201cmejor museo nuevo\u201d a nivel mundial en la categor\u00eda latinoamericana.","breadcrumb":{"@id":"https:\/\/fadeu.urantiacos.cl\/en\/2022\/04\/25\/museo-disenado-por-cristobal-tirado-obtiene-el-premio-lcd-berlin\/#breadcrumb"},"inLanguage":"en-US","potentialAction":[{"@type":"ReadAction","target":["https:\/\/fadeu.urantiacos.cl\/en\/2022\/04\/25\/museo-disenado-por-cristobal-tirado-obtiene-el-premio-lcd-berlin\/"]}]},{"@type":"ImageObject","inLanguage":"en-US","@id":"https:\/\/fadeu.urantiacos.cl\/en\/2022\/04\/25\/museo-disenado-por-cristobal-tirado-obtiene-el-premio-lcd-berlin\/#primaryimage","url":"https:\/\/fadeu.urantiacos.cl\/wp-content\/uploads\/2023\/09\/WEB_21.04.22MRA_museo._Aysen_IMG_3727_baja.jpg","contentUrl":"https:\/\/fadeu.urantiacos.cl\/wp-content\/uploads\/2023\/09\/WEB_21.04.22MRA_museo._Aysen_IMG_3727_baja.jpg","width":350,"height":250},{"@type":"BreadcrumbList","@id":"https:\/\/fadeu.urantiacos.cl\/en\/2022\/04\/25\/museo-disenado-por-cristobal-tirado-obtiene-el-premio-lcd-berlin\/#breadcrumb","itemListElement":[{"@type":"ListItem","position":1,"name":"Portada","item":"https:\/\/fadeu.urantiacos.cl\/en\/"},{"@type":"ListItem","position":2,"name":"Museo dise\u00f1ado por Crist\u00f3bal Tirado obtiene el Premio LCD Berl\u00edn"}]},{"@type":"WebSite","@id":"https:\/\/fadeu.urantiacos.cl\/en\/#website","url":"https:\/\/fadeu.urantiacos.cl\/en\/","name":"Facultad de Arquitectura, Dise\u00f1o y Estudios Urbanos","description":"Campus Lo Contador","potentialAction":[{"@type":"SearchAction","target":{"@type":"EntryPoint","urlTemplate":"https:\/\/fadeu.urantiacos.cl\/en\/?s={search_term_string}"},"query-input":{"@type":"PropertyValueSpecification","valueRequired":true,"valueName":"search_term_string"}}],"inLanguage":"en-US"},{"@type":"Person","@id":"https:\/\/fadeu.urantiacos.cl\/en\/#\/schema\/person\/d203e2e84b1c40275eac77b3061a19a2","name":"manadmin","image":{"@type":"ImageObject","inLanguage":"en-US","@id":"https:\/\/fadeu.urantiacos.cl\/en\/#\/schema\/person\/image\/","url":"https:\/\/secure.gravatar.com\/avatar\/4b1d8e3303b4a9d8968ac578947d8bc80d9aea359f388cdd4aac15cadc0e8447?s=96&d=mm&r=g","contentUrl":"https:\/\/secure.gravatar.com\/avatar\/4b1d8e3303b4a9d8968ac578947d8bc80d9aea359f388cdd4aac15cadc0e8447?s=96&d=mm&r=g","caption":"manadmin"},"sameAs":["https:\/\/fadeu.urantiacos.cl"]}]}},"_links":{"self":[{"href":"https:\/\/fadeu.urantiacos.cl\/en\/wp-json\/wp\/v2\/posts\/5176","targetHints":{"allow":["GET"]}}],"collection":[{"href":"https:\/\/fadeu.urantiacos.cl\/en\/wp-json\/wp\/v2\/posts"}],"about":[{"href":"https:\/\/fadeu.urantiacos.cl\/en\/wp-json\/wp\/v2\/types\/post"}],"author":[{"embeddable":true,"href":"https:\/\/fadeu.urantiacos.cl\/en\/wp-json\/wp\/v2\/users\/1"}],"replies":[{"embeddable":true,"href":"https:\/\/fadeu.urantiacos.cl\/en\/wp-json\/wp\/v2\/comments?post=5176"}],"version-history":[{"count":1,"href":"https:\/\/fadeu.urantiacos.cl\/en\/wp-json\/wp\/v2\/posts\/5176\/revisions"}],"predecessor-version":[{"id":5180,"href":"https:\/\/fadeu.urantiacos.cl\/en\/wp-json\/wp\/v2\/posts\/5176\/revisions\/5180"}],"wp:featuredmedia":[{"embeddable":true,"href":"https:\/\/fadeu.urantiacos.cl\/en\/wp-json\/wp\/v2\/media\/5177"}],"wp:attachment":[{"href":"https:\/\/fadeu.urantiacos.cl\/en\/wp-json\/wp\/v2\/media?parent=5176"}],"wp:term":[{"taxonomy":"category","embeddable":true,"href":"https:\/\/fadeu.urantiacos.cl\/en\/wp-json\/wp\/v2\/categories?post=5176"},{"taxonomy":"post_tag","embeddable":true,"href":"https:\/\/fadeu.urantiacos.cl\/en\/wp-json\/wp\/v2\/tags?post=5176"}],"curies":[{"name":"wp","href":"https:\/\/api.w.org\/{rel}","templated":true}]}}