{"id":5172,"date":"2022-04-25T08:34:00","date_gmt":"2022-04-25T11:34:00","guid":{"rendered":"https:\/\/fadeu.urantiacos.cl\/?p=5172"},"modified":"2023-10-23T17:12:27","modified_gmt":"2023-10-23T20:12:27","slug":"marcelo-sarovic-es-curador-del-yaf_constructo","status":"publish","type":"post","link":"https:\/\/fadeu.urantiacos.cl\/en\/2022\/04\/25\/marcelo-sarovic-es-curador-del-yaf_constructo\/","title":{"rendered":"Marcelo Sarovic es curador del YAF_CONSTRUCTO"},"content":{"rendered":"\n<figure class=\"wp-block-image size-full\"><img decoding=\"async\" width=\"350\" height=\"250\" src=\"https:\/\/fadeu.urantiacos.cl\/wp-content\/uploads\/2023\/09\/WEB_Captura_de_Pantalla_2022-04-25_a_las_10.45.16.png\" alt=\"\" class=\"wp-image-5174\" srcset=\"https:\/\/fadeu.urantiacos.cl\/wp-content\/uploads\/2023\/09\/WEB_Captura_de_Pantalla_2022-04-25_a_las_10.45.16.png 350w, https:\/\/fadeu.urantiacos.cl\/wp-content\/uploads\/2023\/09\/WEB_Captura_de_Pantalla_2022-04-25_a_las_10.45.16-300x214.png 300w\" sizes=\"(max-width: 350px) 100vw, 350px\" \/><\/figure>\n\n\n\n<p>En el marco de los 10 a\u00f1os del Young Architects Program (YAP) asociado al MoMA de Nueva York, se realiza este a\u00f1o en Chile el YAF_CONSTRUCTO, en el que participan destacadas voces emergentes en la arquitectura y dise\u00f1o internacional. El festival, desplegado en el Monumento Nacional, Parque y Museo Ruinas de Huanchaca contempl\u00f3 un seminario entre los d\u00edas 11 y 12 de abril, as\u00ed como exposiciones, una instalaci\u00f3n arquitect\u00f3nica temporal \u2014titulada &#8220;Mobilis&#8221; y dise\u00f1ada por siglo 22 arquitectos\u2014, eventos \u2014incluyendo talleres\u2014 y activaciones que estar\u00e1n abiertas al p\u00fablico entre abril y mayo de este a\u00f1o.<\/p>\n\n\n\n<p>El ciclo de charlas tuvo entre sus participantes a distintas figuras del \u00e1mbito nacional e internacional, entre ellos a Ephemeral Research (Chile-Australia-Jap\u00f3n), MOS (Estados Unidos), Thorwald Tel Kulve (Holanda-Suiza), Escobedo Sol\u00edz (M\u00e9xico), Hanghar (Espa\u00f1a), PAN Projects (Jap\u00f3n), GT2P y GA Studio (Chile).<\/p>\n\n\n\n<p>Sobre el YAF_<br>Junto con desplegar la experiencia del Young Architects Program (YAP), el festival presenta la obra de arquitectos y dise\u00f1adores emergentes, como tambi\u00e9n de figuras m\u00e1s consagradas marcadas por b\u00fasquedas experimentales y nuevas pr\u00e1cticas en la arquitectura y dise\u00f1o. Con habit\u00e1culos, intervenciones interdisciplinarias e inmersivas, experimentaciones materiales, intervenciones urbanas en reacci\u00f3n al Covid, se busca mostrar no s\u00f3lo obras terminadas sino procesos constructivos y de dise\u00f1o, poniendo de manifiesto su impacto en la sociedad, en la ciudad o en los lugares donde se emplaza la obra y su interacci\u00f3n con las personas.&nbsp;YAF_CONSTRUCTO es dirigido por Jeannette Plaut y el profesor ARQ UC Marcelo Sarovic y cuenta con el apoyo de Antofagasta Minerals, Arauco y Enjoy Antofagasta, junto al financiamiento de los Fondos de Cultura (Fondart).<\/p>\n\n\n\n<p><\/p>\n\n\n\n<p>Noticias<\/p>\n\n\n\n<p>Contacto:&nbsp;<a href=\"mailto:redesarq@uc.cl\">redesarq@uc.cl<\/a>&nbsp;| +56 2 2354 7747<br>www.arquitectura.uc.cl<\/p>\n","protected":false},"excerpt":{"rendered":"<p>El profesor ARQ UC es curador \u2014junto a Jeannette Plaut\u2014 del International Young Architects Festival o Festival de Arquitectura Joven (YAF CONSTRUCTO 2022) que tiene lugar en el Museo Ruinas de Huanchaca de Antofagasta entre abril y mayo de 2022.<\/p>\n","protected":false},"author":1,"featured_media":5174,"comment_status":"open","ping_status":"open","sticky":false,"template":"","format":"standard","meta":{"_acf_changed":false,"footnotes":""},"categories":[1],"tags":[],"class_list":["post-5172","post","type-post","status-publish","format-standard","has-post-thumbnail","hentry","category-sin-categorizar"],"acf":[],"yoast_head":"<!-- This site is optimized with the Yoast SEO plugin v27.1.1 - https:\/\/yoast.com\/product\/yoast-seo-wordpress\/ -->\n<title>Marcelo Sarovic es curador del YAF_CONSTRUCTO - Facultad de Arquitectura, Dise\u00f1o y Estudios Urbanos<\/title>\n<meta name=\"description\" content=\"El profesor ARQ UC es curador \u2014junto a Jeannette Plaut\u2014 del International Young Architects Festival o Festival de Arquitectura Joven (YAF CONSTRUCTO 2022) que tiene lugar en el Museo Ruinas de Huanchaca de Antofagasta entre abril y mayo de 2022.\" \/>\n<meta name=\"robots\" content=\"index, follow, max-snippet:-1, max-image-preview:large, max-video-preview:-1\" \/>\n<link rel=\"canonical\" href=\"https:\/\/fadeu.urantiacos.cl\/en\/2022\/04\/25\/marcelo-sarovic-es-curador-del-yaf_constructo\/\" \/>\n<meta property=\"og:locale\" content=\"en_US\" \/>\n<meta property=\"og:type\" content=\"article\" \/>\n<meta property=\"og:title\" content=\"Marcelo Sarovic es curador del YAF_CONSTRUCTO - Facultad de Arquitectura, Dise\u00f1o y Estudios Urbanos\" \/>\n<meta property=\"og:description\" content=\"El profesor ARQ UC es curador \u2014junto a Jeannette Plaut\u2014 del International Young Architects Festival o Festival de Arquitectura Joven (YAF CONSTRUCTO 2022) que tiene lugar en el Museo Ruinas de Huanchaca de Antofagasta entre abril y mayo de 2022.\" \/>\n<meta property=\"og:url\" content=\"https:\/\/fadeu.urantiacos.cl\/en\/2022\/04\/25\/marcelo-sarovic-es-curador-del-yaf_constructo\/\" \/>\n<meta property=\"og:site_name\" content=\"Facultad de Arquitectura, Dise\u00f1o y Estudios Urbanos\" \/>\n<meta property=\"article:published_time\" content=\"2022-04-25T11:34:00+00:00\" \/>\n<meta property=\"article:modified_time\" content=\"2023-10-23T20:12:27+00:00\" \/>\n<meta property=\"og:image\" content=\"https:\/\/fadeu.urantiacos.cl\/wp-content\/uploads\/2023\/09\/WEB_Captura_de_Pantalla_2022-04-25_a_las_10.45.16.png\" \/>\n\t<meta property=\"og:image:width\" content=\"350\" \/>\n\t<meta property=\"og:image:height\" content=\"250\" \/>\n\t<meta property=\"og:image:type\" content=\"image\/png\" \/>\n<meta name=\"author\" content=\"manadmin\" \/>\n<meta name=\"twitter:card\" content=\"summary_large_image\" \/>\n<meta name=\"twitter:label1\" content=\"Written by\" \/>\n\t<meta name=\"twitter:data1\" content=\"manadmin\" \/>\n\t<meta name=\"twitter:label2\" content=\"Est. reading time\" \/>\n\t<meta name=\"twitter:data2\" content=\"2 minutes\" \/>\n<script type=\"application\/ld+json\" class=\"yoast-schema-graph\">{\"@context\":\"https:\/\/schema.org\",\"@graph\":[{\"@type\":\"Article\",\"@id\":\"https:\/\/fadeu.urantiacos.cl\/en\/2022\/04\/25\/marcelo-sarovic-es-curador-del-yaf_constructo\/#article\",\"isPartOf\":{\"@id\":\"https:\/\/fadeu.urantiacos.cl\/en\/2022\/04\/25\/marcelo-sarovic-es-curador-del-yaf_constructo\/\"},\"author\":{\"name\":\"manadmin\",\"@id\":\"https:\/\/fadeu.urantiacos.cl\/en\/#\/schema\/person\/d203e2e84b1c40275eac77b3061a19a2\"},\"headline\":\"Marcelo Sarovic es curador del YAF_CONSTRUCTO\",\"datePublished\":\"2022-04-25T11:34:00+00:00\",\"dateModified\":\"2023-10-23T20:12:27+00:00\",\"mainEntityOfPage\":{\"@id\":\"https:\/\/fadeu.urantiacos.cl\/en\/2022\/04\/25\/marcelo-sarovic-es-curador-del-yaf_constructo\/\"},\"wordCount\":309,\"commentCount\":0,\"image\":{\"@id\":\"https:\/\/fadeu.urantiacos.cl\/en\/2022\/04\/25\/marcelo-sarovic-es-curador-del-yaf_constructo\/#primaryimage\"},\"thumbnailUrl\":\"https:\/\/fadeu.urantiacos.cl\/wp-content\/uploads\/2023\/09\/WEB_Captura_de_Pantalla_2022-04-25_a_las_10.45.16.png\",\"articleSection\":[\"Sin categorizar\"],\"inLanguage\":\"en-US\",\"potentialAction\":[{\"@type\":\"CommentAction\",\"name\":\"Comment\",\"target\":[\"https:\/\/fadeu.urantiacos.cl\/en\/2022\/04\/25\/marcelo-sarovic-es-curador-del-yaf_constructo\/#respond\"]}]},{\"@type\":\"WebPage\",\"@id\":\"https:\/\/fadeu.urantiacos.cl\/en\/2022\/04\/25\/marcelo-sarovic-es-curador-del-yaf_constructo\/\",\"url\":\"https:\/\/fadeu.urantiacos.cl\/en\/2022\/04\/25\/marcelo-sarovic-es-curador-del-yaf_constructo\/\",\"name\":\"Marcelo Sarovic es curador del YAF_CONSTRUCTO - Facultad de Arquitectura, Dise\u00f1o y Estudios Urbanos\",\"isPartOf\":{\"@id\":\"https:\/\/fadeu.urantiacos.cl\/en\/#website\"},\"primaryImageOfPage\":{\"@id\":\"https:\/\/fadeu.urantiacos.cl\/en\/2022\/04\/25\/marcelo-sarovic-es-curador-del-yaf_constructo\/#primaryimage\"},\"image\":{\"@id\":\"https:\/\/fadeu.urantiacos.cl\/en\/2022\/04\/25\/marcelo-sarovic-es-curador-del-yaf_constructo\/#primaryimage\"},\"thumbnailUrl\":\"https:\/\/fadeu.urantiacos.cl\/wp-content\/uploads\/2023\/09\/WEB_Captura_de_Pantalla_2022-04-25_a_las_10.45.16.png\",\"datePublished\":\"2022-04-25T11:34:00+00:00\",\"dateModified\":\"2023-10-23T20:12:27+00:00\",\"author\":{\"@id\":\"https:\/\/fadeu.urantiacos.cl\/en\/#\/schema\/person\/d203e2e84b1c40275eac77b3061a19a2\"},\"description\":\"El profesor ARQ UC es curador \u2014junto a Jeannette Plaut\u2014 del International Young Architects Festival o Festival de Arquitectura Joven (YAF CONSTRUCTO 2022) que tiene lugar en el Museo Ruinas de Huanchaca de Antofagasta entre abril y mayo de 2022.\",\"breadcrumb\":{\"@id\":\"https:\/\/fadeu.urantiacos.cl\/en\/2022\/04\/25\/marcelo-sarovic-es-curador-del-yaf_constructo\/#breadcrumb\"},\"inLanguage\":\"en-US\",\"potentialAction\":[{\"@type\":\"ReadAction\",\"target\":[\"https:\/\/fadeu.urantiacos.cl\/en\/2022\/04\/25\/marcelo-sarovic-es-curador-del-yaf_constructo\/\"]}]},{\"@type\":\"ImageObject\",\"inLanguage\":\"en-US\",\"@id\":\"https:\/\/fadeu.urantiacos.cl\/en\/2022\/04\/25\/marcelo-sarovic-es-curador-del-yaf_constructo\/#primaryimage\",\"url\":\"https:\/\/fadeu.urantiacos.cl\/wp-content\/uploads\/2023\/09\/WEB_Captura_de_Pantalla_2022-04-25_a_las_10.45.16.png\",\"contentUrl\":\"https:\/\/fadeu.urantiacos.cl\/wp-content\/uploads\/2023\/09\/WEB_Captura_de_Pantalla_2022-04-25_a_las_10.45.16.png\",\"width\":350,\"height\":250},{\"@type\":\"BreadcrumbList\",\"@id\":\"https:\/\/fadeu.urantiacos.cl\/en\/2022\/04\/25\/marcelo-sarovic-es-curador-del-yaf_constructo\/#breadcrumb\",\"itemListElement\":[{\"@type\":\"ListItem\",\"position\":1,\"name\":\"Portada\",\"item\":\"https:\/\/fadeu.urantiacos.cl\/en\/\"},{\"@type\":\"ListItem\",\"position\":2,\"name\":\"Marcelo Sarovic es curador del YAF_CONSTRUCTO\"}]},{\"@type\":\"WebSite\",\"@id\":\"https:\/\/fadeu.urantiacos.cl\/en\/#website\",\"url\":\"https:\/\/fadeu.urantiacos.cl\/en\/\",\"name\":\"Facultad de Arquitectura, Dise\u00f1o y Estudios Urbanos\",\"description\":\"Campus Lo Contador\",\"potentialAction\":[{\"@type\":\"SearchAction\",\"target\":{\"@type\":\"EntryPoint\",\"urlTemplate\":\"https:\/\/fadeu.urantiacos.cl\/en\/?s={search_term_string}\"},\"query-input\":{\"@type\":\"PropertyValueSpecification\",\"valueRequired\":true,\"valueName\":\"search_term_string\"}}],\"inLanguage\":\"en-US\"},{\"@type\":\"Person\",\"@id\":\"https:\/\/fadeu.urantiacos.cl\/en\/#\/schema\/person\/d203e2e84b1c40275eac77b3061a19a2\",\"name\":\"manadmin\",\"image\":{\"@type\":\"ImageObject\",\"inLanguage\":\"en-US\",\"@id\":\"https:\/\/fadeu.urantiacos.cl\/en\/#\/schema\/person\/image\/\",\"url\":\"https:\/\/secure.gravatar.com\/avatar\/4b1d8e3303b4a9d8968ac578947d8bc80d9aea359f388cdd4aac15cadc0e8447?s=96&d=mm&r=g\",\"contentUrl\":\"https:\/\/secure.gravatar.com\/avatar\/4b1d8e3303b4a9d8968ac578947d8bc80d9aea359f388cdd4aac15cadc0e8447?s=96&d=mm&r=g\",\"caption\":\"manadmin\"},\"sameAs\":[\"https:\/\/fadeu.urantiacos.cl\"]}]}<\/script>\n<!-- \/ Yoast SEO plugin. -->","yoast_head_json":{"title":"Marcelo Sarovic es curador del YAF_CONSTRUCTO - Facultad de Arquitectura, Dise\u00f1o y Estudios Urbanos","description":"El profesor ARQ UC es curador \u2014junto a Jeannette Plaut\u2014 del International Young Architects Festival o Festival de Arquitectura Joven (YAF CONSTRUCTO 2022) que tiene lugar en el Museo Ruinas de Huanchaca de Antofagasta entre abril y mayo de 2022.","robots":{"index":"index","follow":"follow","max-snippet":"max-snippet:-1","max-image-preview":"max-image-preview:large","max-video-preview":"max-video-preview:-1"},"canonical":"https:\/\/fadeu.urantiacos.cl\/en\/2022\/04\/25\/marcelo-sarovic-es-curador-del-yaf_constructo\/","og_locale":"en_US","og_type":"article","og_title":"Marcelo Sarovic es curador del YAF_CONSTRUCTO - Facultad de Arquitectura, Dise\u00f1o y Estudios Urbanos","og_description":"El profesor ARQ UC es curador \u2014junto a Jeannette Plaut\u2014 del International Young Architects Festival o Festival de Arquitectura Joven (YAF CONSTRUCTO 2022) que tiene lugar en el Museo Ruinas de Huanchaca de Antofagasta entre abril y mayo de 2022.","og_url":"https:\/\/fadeu.urantiacos.cl\/en\/2022\/04\/25\/marcelo-sarovic-es-curador-del-yaf_constructo\/","og_site_name":"Facultad de Arquitectura, Dise\u00f1o y Estudios Urbanos","article_published_time":"2022-04-25T11:34:00+00:00","article_modified_time":"2023-10-23T20:12:27+00:00","og_image":[{"width":350,"height":250,"url":"https:\/\/fadeu.urantiacos.cl\/wp-content\/uploads\/2023\/09\/WEB_Captura_de_Pantalla_2022-04-25_a_las_10.45.16.png","type":"image\/png"}],"author":"manadmin","twitter_card":"summary_large_image","twitter_misc":{"Written by":"manadmin","Est. reading time":"2 minutes"},"schema":{"@context":"https:\/\/schema.org","@graph":[{"@type":"Article","@id":"https:\/\/fadeu.urantiacos.cl\/en\/2022\/04\/25\/marcelo-sarovic-es-curador-del-yaf_constructo\/#article","isPartOf":{"@id":"https:\/\/fadeu.urantiacos.cl\/en\/2022\/04\/25\/marcelo-sarovic-es-curador-del-yaf_constructo\/"},"author":{"name":"manadmin","@id":"https:\/\/fadeu.urantiacos.cl\/en\/#\/schema\/person\/d203e2e84b1c40275eac77b3061a19a2"},"headline":"Marcelo Sarovic es curador del YAF_CONSTRUCTO","datePublished":"2022-04-25T11:34:00+00:00","dateModified":"2023-10-23T20:12:27+00:00","mainEntityOfPage":{"@id":"https:\/\/fadeu.urantiacos.cl\/en\/2022\/04\/25\/marcelo-sarovic-es-curador-del-yaf_constructo\/"},"wordCount":309,"commentCount":0,"image":{"@id":"https:\/\/fadeu.urantiacos.cl\/en\/2022\/04\/25\/marcelo-sarovic-es-curador-del-yaf_constructo\/#primaryimage"},"thumbnailUrl":"https:\/\/fadeu.urantiacos.cl\/wp-content\/uploads\/2023\/09\/WEB_Captura_de_Pantalla_2022-04-25_a_las_10.45.16.png","articleSection":["Sin categorizar"],"inLanguage":"en-US","potentialAction":[{"@type":"CommentAction","name":"Comment","target":["https:\/\/fadeu.urantiacos.cl\/en\/2022\/04\/25\/marcelo-sarovic-es-curador-del-yaf_constructo\/#respond"]}]},{"@type":"WebPage","@id":"https:\/\/fadeu.urantiacos.cl\/en\/2022\/04\/25\/marcelo-sarovic-es-curador-del-yaf_constructo\/","url":"https:\/\/fadeu.urantiacos.cl\/en\/2022\/04\/25\/marcelo-sarovic-es-curador-del-yaf_constructo\/","name":"Marcelo Sarovic es curador del YAF_CONSTRUCTO - Facultad de Arquitectura, Dise\u00f1o y Estudios Urbanos","isPartOf":{"@id":"https:\/\/fadeu.urantiacos.cl\/en\/#website"},"primaryImageOfPage":{"@id":"https:\/\/fadeu.urantiacos.cl\/en\/2022\/04\/25\/marcelo-sarovic-es-curador-del-yaf_constructo\/#primaryimage"},"image":{"@id":"https:\/\/fadeu.urantiacos.cl\/en\/2022\/04\/25\/marcelo-sarovic-es-curador-del-yaf_constructo\/#primaryimage"},"thumbnailUrl":"https:\/\/fadeu.urantiacos.cl\/wp-content\/uploads\/2023\/09\/WEB_Captura_de_Pantalla_2022-04-25_a_las_10.45.16.png","datePublished":"2022-04-25T11:34:00+00:00","dateModified":"2023-10-23T20:12:27+00:00","author":{"@id":"https:\/\/fadeu.urantiacos.cl\/en\/#\/schema\/person\/d203e2e84b1c40275eac77b3061a19a2"},"description":"El profesor ARQ UC es curador \u2014junto a Jeannette Plaut\u2014 del International Young Architects Festival o Festival de Arquitectura Joven (YAF CONSTRUCTO 2022) que tiene lugar en el Museo Ruinas de Huanchaca de Antofagasta entre abril y mayo de 2022.","breadcrumb":{"@id":"https:\/\/fadeu.urantiacos.cl\/en\/2022\/04\/25\/marcelo-sarovic-es-curador-del-yaf_constructo\/#breadcrumb"},"inLanguage":"en-US","potentialAction":[{"@type":"ReadAction","target":["https:\/\/fadeu.urantiacos.cl\/en\/2022\/04\/25\/marcelo-sarovic-es-curador-del-yaf_constructo\/"]}]},{"@type":"ImageObject","inLanguage":"en-US","@id":"https:\/\/fadeu.urantiacos.cl\/en\/2022\/04\/25\/marcelo-sarovic-es-curador-del-yaf_constructo\/#primaryimage","url":"https:\/\/fadeu.urantiacos.cl\/wp-content\/uploads\/2023\/09\/WEB_Captura_de_Pantalla_2022-04-25_a_las_10.45.16.png","contentUrl":"https:\/\/fadeu.urantiacos.cl\/wp-content\/uploads\/2023\/09\/WEB_Captura_de_Pantalla_2022-04-25_a_las_10.45.16.png","width":350,"height":250},{"@type":"BreadcrumbList","@id":"https:\/\/fadeu.urantiacos.cl\/en\/2022\/04\/25\/marcelo-sarovic-es-curador-del-yaf_constructo\/#breadcrumb","itemListElement":[{"@type":"ListItem","position":1,"name":"Portada","item":"https:\/\/fadeu.urantiacos.cl\/en\/"},{"@type":"ListItem","position":2,"name":"Marcelo Sarovic es curador del YAF_CONSTRUCTO"}]},{"@type":"WebSite","@id":"https:\/\/fadeu.urantiacos.cl\/en\/#website","url":"https:\/\/fadeu.urantiacos.cl\/en\/","name":"Facultad de Arquitectura, Dise\u00f1o y Estudios Urbanos","description":"Campus Lo Contador","potentialAction":[{"@type":"SearchAction","target":{"@type":"EntryPoint","urlTemplate":"https:\/\/fadeu.urantiacos.cl\/en\/?s={search_term_string}"},"query-input":{"@type":"PropertyValueSpecification","valueRequired":true,"valueName":"search_term_string"}}],"inLanguage":"en-US"},{"@type":"Person","@id":"https:\/\/fadeu.urantiacos.cl\/en\/#\/schema\/person\/d203e2e84b1c40275eac77b3061a19a2","name":"manadmin","image":{"@type":"ImageObject","inLanguage":"en-US","@id":"https:\/\/fadeu.urantiacos.cl\/en\/#\/schema\/person\/image\/","url":"https:\/\/secure.gravatar.com\/avatar\/4b1d8e3303b4a9d8968ac578947d8bc80d9aea359f388cdd4aac15cadc0e8447?s=96&d=mm&r=g","contentUrl":"https:\/\/secure.gravatar.com\/avatar\/4b1d8e3303b4a9d8968ac578947d8bc80d9aea359f388cdd4aac15cadc0e8447?s=96&d=mm&r=g","caption":"manadmin"},"sameAs":["https:\/\/fadeu.urantiacos.cl"]}]}},"_links":{"self":[{"href":"https:\/\/fadeu.urantiacos.cl\/en\/wp-json\/wp\/v2\/posts\/5172","targetHints":{"allow":["GET"]}}],"collection":[{"href":"https:\/\/fadeu.urantiacos.cl\/en\/wp-json\/wp\/v2\/posts"}],"about":[{"href":"https:\/\/fadeu.urantiacos.cl\/en\/wp-json\/wp\/v2\/types\/post"}],"author":[{"embeddable":true,"href":"https:\/\/fadeu.urantiacos.cl\/en\/wp-json\/wp\/v2\/users\/1"}],"replies":[{"embeddable":true,"href":"https:\/\/fadeu.urantiacos.cl\/en\/wp-json\/wp\/v2\/comments?post=5172"}],"version-history":[{"count":2,"href":"https:\/\/fadeu.urantiacos.cl\/en\/wp-json\/wp\/v2\/posts\/5172\/revisions"}],"predecessor-version":[{"id":17679,"href":"https:\/\/fadeu.urantiacos.cl\/en\/wp-json\/wp\/v2\/posts\/5172\/revisions\/17679"}],"wp:featuredmedia":[{"embeddable":true,"href":"https:\/\/fadeu.urantiacos.cl\/en\/wp-json\/wp\/v2\/media\/5174"}],"wp:attachment":[{"href":"https:\/\/fadeu.urantiacos.cl\/en\/wp-json\/wp\/v2\/media?parent=5172"}],"wp:term":[{"taxonomy":"category","embeddable":true,"href":"https:\/\/fadeu.urantiacos.cl\/en\/wp-json\/wp\/v2\/categories?post=5172"},{"taxonomy":"post_tag","embeddable":true,"href":"https:\/\/fadeu.urantiacos.cl\/en\/wp-json\/wp\/v2\/tags?post=5172"}],"curies":[{"name":"wp","href":"https:\/\/api.w.org\/{rel}","templated":true}]}}