{"id":5168,"date":"2022-04-25T08:31:00","date_gmt":"2022-04-25T11:31:00","guid":{"rendered":"https:\/\/fadeu.urantiacos.cl\/?p=5168"},"modified":"2023-09-06T08:34:40","modified_gmt":"2023-09-06T11:34:40","slug":"andres-villela-es-convocado-a-integrar-el-comite-co-curricular-del-proyecto-de-reconocimiento-de-actividades-fuera-del-marco-academico","status":"publish","type":"post","link":"https:\/\/fadeu.urantiacos.cl\/en\/2022\/04\/25\/andres-villela-es-convocado-a-integrar-el-comite-co-curricular-del-proyecto-de-reconocimiento-de-actividades-fuera-del-marco-academico\/","title":{"rendered":"Andr\u00e9s Villela es convocado a integrar el Comit\u00e9 Co-curricular del Proyecto de reconocimiento de actividades fuera del marco acad\u00e9mico"},"content":{"rendered":"\n<figure class=\"wp-block-image size-full\"><img decoding=\"async\" width=\"350\" height=\"250\" src=\"https:\/\/fadeu.urantiacos.cl\/wp-content\/uploads\/2023\/09\/WEB_portada-co-cucurricular.png\" alt=\"\" class=\"wp-image-5169\" srcset=\"https:\/\/fadeu.urantiacos.cl\/wp-content\/uploads\/2023\/09\/WEB_portada-co-cucurricular.png 350w, https:\/\/fadeu.urantiacos.cl\/wp-content\/uploads\/2023\/09\/WEB_portada-co-cucurricular-300x214.png 300w\" sizes=\"(max-width: 350px) 100vw, 350px\" \/><\/figure>\n\n\n\n<p>\u201cEl proyecto de reconocimiento co-curricular&nbsp;busca que exista un proceso de validaci\u00f3n de los aprendizajes y competencias transversales de distintos programas de la universidad que van m\u00e1s all\u00e1 de lo acad\u00e9mico, y viene desarroll\u00e1ndose desde 2017. Esto, con la finalidad de dar valor a aquellas actividades que los\/as estudiantes realizan voluntariamente fuera de su plan de estudios, pero que tengan una intencionalidad formativa. Adem\u00e1s, forma parte de la implementaci\u00f3n de la Pol\u00edtica y Sistema de Aseguramiento de la Calidad \u2013 PUC19102\u2033, explican desde la DAE&nbsp;<a href=\"https:\/\/vidauniversitaria.uc.cl\/noticias\/la-vicerrectoria-academica-uc-da-el-vamos-a-la-oficializacion-de-las-actividades-co-curriculares\">*<\/a><\/p>\n\n\n\n<p>El proceso de validaci\u00f3n de estos aprendizajes contempla el visado previo de programas desde la UC, lo que estar\u00e1 a cargo de un comit\u00e9, conformado por autoridades de la Universidad y donde Andr\u00e9s Villela fue invitado a participar.<\/p>\n\n\n\n<p><a href=\"https:\/\/vidauniversitaria.uc.cl\/noticias\/la-vicerrectoria-academica-uc-da-el-vamos-a-la-oficializacion-de-las-actividades-co-curriculares\">+info<\/a><\/p>\n\n\n\n<figure class=\"wp-block-image size-full\"><img decoding=\"async\" width=\"825\" height=\"410\" src=\"https:\/\/fadeu.urantiacos.cl\/wp-content\/uploads\/2023\/09\/portada-co-cucurricular.png\" alt=\"\" class=\"wp-image-5170\" srcset=\"https:\/\/fadeu.urantiacos.cl\/wp-content\/uploads\/2023\/09\/portada-co-cucurricular.png 825w, https:\/\/fadeu.urantiacos.cl\/wp-content\/uploads\/2023\/09\/portada-co-cucurricular-300x149.png 300w, https:\/\/fadeu.urantiacos.cl\/wp-content\/uploads\/2023\/09\/portada-co-cucurricular-768x382.png 768w\" sizes=\"(max-width: 825px) 100vw, 825px\" \/><\/figure>\n\n\n\n<p>INFORMACI\u00d3N PERIOD\u00cdSTICA<br>ESCUELA DE DISE\u00d1O UC<\/p>\n","protected":false},"excerpt":{"rendered":"<p>El subdirector acad\u00e9mico de Dise\u00f1o UC, Andr\u00e9s Villela, fue convocado a ser parte del comit\u00e9 co-curricular del proyecto que busca validar los aprendizajes y competencias adquiridos fuera del \u00e1mbito acad\u00e9mico, de distintos programas de la universidad.<\/p>\n","protected":false},"author":1,"featured_media":5169,"comment_status":"open","ping_status":"open","sticky":false,"template":"","format":"standard","meta":{"_acf_changed":false,"footnotes":""},"categories":[1],"tags":[],"class_list":["post-5168","post","type-post","status-publish","format-standard","has-post-thumbnail","hentry","category-sin-categorizar"],"acf":[],"yoast_head":"<!-- This site is optimized with the Yoast SEO plugin v27.1.1 - https:\/\/yoast.com\/product\/yoast-seo-wordpress\/ -->\n<title>Andr\u00e9s Villela es convocado a integrar el Comit\u00e9 Co-curricular del Proyecto de reconocimiento de actividades fuera del marco acad\u00e9mico - Facultad de Arquitectura, Dise\u00f1o y Estudios Urbanos<\/title>\n<meta name=\"description\" content=\"El subdirector acad\u00e9mico de Dise\u00f1o UC, Andr\u00e9s Villela, fue convocado a ser parte del comit\u00e9 co-curricular del proyecto que busca validar los aprendizajes y competencias adquiridos fuera del \u00e1mbito acad\u00e9mico, de distintos programas de la universidad.\" \/>\n<meta name=\"robots\" content=\"index, follow, max-snippet:-1, max-image-preview:large, max-video-preview:-1\" \/>\n<link rel=\"canonical\" href=\"https:\/\/fadeu.urantiacos.cl\/en\/2022\/04\/25\/andres-villela-es-convocado-a-integrar-el-comite-co-curricular-del-proyecto-de-reconocimiento-de-actividades-fuera-del-marco-academico\/\" \/>\n<meta property=\"og:locale\" content=\"en_US\" \/>\n<meta property=\"og:type\" content=\"article\" \/>\n<meta property=\"og:title\" content=\"Andr\u00e9s Villela es convocado a integrar el Comit\u00e9 Co-curricular del Proyecto de reconocimiento de actividades fuera del marco acad\u00e9mico - Facultad de Arquitectura, Dise\u00f1o y Estudios Urbanos\" \/>\n<meta property=\"og:description\" content=\"El subdirector acad\u00e9mico de Dise\u00f1o UC, Andr\u00e9s Villela, fue convocado a ser parte del comit\u00e9 co-curricular del proyecto que busca validar los aprendizajes y competencias adquiridos fuera del \u00e1mbito acad\u00e9mico, de distintos programas de la universidad.\" \/>\n<meta property=\"og:url\" content=\"https:\/\/fadeu.urantiacos.cl\/en\/2022\/04\/25\/andres-villela-es-convocado-a-integrar-el-comite-co-curricular-del-proyecto-de-reconocimiento-de-actividades-fuera-del-marco-academico\/\" \/>\n<meta property=\"og:site_name\" content=\"Facultad de Arquitectura, Dise\u00f1o y Estudios Urbanos\" \/>\n<meta property=\"article:published_time\" content=\"2022-04-25T11:31:00+00:00\" \/>\n<meta property=\"article:modified_time\" content=\"2023-09-06T11:34:40+00:00\" \/>\n<meta property=\"og:image\" content=\"https:\/\/fadeu.urantiacos.cl\/wp-content\/uploads\/2023\/09\/WEB_portada-co-cucurricular.png\" \/>\n\t<meta property=\"og:image:width\" content=\"350\" \/>\n\t<meta property=\"og:image:height\" content=\"250\" \/>\n\t<meta property=\"og:image:type\" content=\"image\/png\" \/>\n<meta name=\"author\" content=\"manadmin\" \/>\n<meta name=\"twitter:card\" content=\"summary_large_image\" \/>\n<meta name=\"twitter:label1\" content=\"Written by\" \/>\n\t<meta name=\"twitter:data1\" content=\"manadmin\" \/>\n\t<meta name=\"twitter:label2\" content=\"Est. reading time\" \/>\n\t<meta name=\"twitter:data2\" content=\"1 minute\" \/>\n<script type=\"application\/ld+json\" class=\"yoast-schema-graph\">{\"@context\":\"https:\/\/schema.org\",\"@graph\":[{\"@type\":\"Article\",\"@id\":\"https:\/\/fadeu.urantiacos.cl\/en\/2022\/04\/25\/andres-villela-es-convocado-a-integrar-el-comite-co-curricular-del-proyecto-de-reconocimiento-de-actividades-fuera-del-marco-academico\/#article\",\"isPartOf\":{\"@id\":\"https:\/\/fadeu.urantiacos.cl\/en\/2022\/04\/25\/andres-villela-es-convocado-a-integrar-el-comite-co-curricular-del-proyecto-de-reconocimiento-de-actividades-fuera-del-marco-academico\/\"},\"author\":{\"name\":\"manadmin\",\"@id\":\"https:\/\/fadeu.urantiacos.cl\/en\/#\/schema\/person\/d203e2e84b1c40275eac77b3061a19a2\"},\"headline\":\"Andr\u00e9s Villela es convocado a integrar el Comit\u00e9 Co-curricular del Proyecto de reconocimiento de actividades fuera del marco acad\u00e9mico\",\"datePublished\":\"2022-04-25T11:31:00+00:00\",\"dateModified\":\"2023-09-06T11:34:40+00:00\",\"mainEntityOfPage\":{\"@id\":\"https:\/\/fadeu.urantiacos.cl\/en\/2022\/04\/25\/andres-villela-es-convocado-a-integrar-el-comite-co-curricular-del-proyecto-de-reconocimiento-de-actividades-fuera-del-marco-academico\/\"},\"wordCount\":163,\"commentCount\":0,\"image\":{\"@id\":\"https:\/\/fadeu.urantiacos.cl\/en\/2022\/04\/25\/andres-villela-es-convocado-a-integrar-el-comite-co-curricular-del-proyecto-de-reconocimiento-de-actividades-fuera-del-marco-academico\/#primaryimage\"},\"thumbnailUrl\":\"https:\/\/fadeu.urantiacos.cl\/wp-content\/uploads\/2023\/09\/WEB_portada-co-cucurricular.png\",\"articleSection\":[\"Sin categorizar\"],\"inLanguage\":\"en-US\",\"potentialAction\":[{\"@type\":\"CommentAction\",\"name\":\"Comment\",\"target\":[\"https:\/\/fadeu.urantiacos.cl\/en\/2022\/04\/25\/andres-villela-es-convocado-a-integrar-el-comite-co-curricular-del-proyecto-de-reconocimiento-de-actividades-fuera-del-marco-academico\/#respond\"]}]},{\"@type\":\"WebPage\",\"@id\":\"https:\/\/fadeu.urantiacos.cl\/en\/2022\/04\/25\/andres-villela-es-convocado-a-integrar-el-comite-co-curricular-del-proyecto-de-reconocimiento-de-actividades-fuera-del-marco-academico\/\",\"url\":\"https:\/\/fadeu.urantiacos.cl\/en\/2022\/04\/25\/andres-villela-es-convocado-a-integrar-el-comite-co-curricular-del-proyecto-de-reconocimiento-de-actividades-fuera-del-marco-academico\/\",\"name\":\"Andr\u00e9s Villela es convocado a integrar el Comit\u00e9 Co-curricular del Proyecto de reconocimiento de actividades fuera del marco acad\u00e9mico - Facultad de Arquitectura, Dise\u00f1o y Estudios Urbanos\",\"isPartOf\":{\"@id\":\"https:\/\/fadeu.urantiacos.cl\/en\/#website\"},\"primaryImageOfPage\":{\"@id\":\"https:\/\/fadeu.urantiacos.cl\/en\/2022\/04\/25\/andres-villela-es-convocado-a-integrar-el-comite-co-curricular-del-proyecto-de-reconocimiento-de-actividades-fuera-del-marco-academico\/#primaryimage\"},\"image\":{\"@id\":\"https:\/\/fadeu.urantiacos.cl\/en\/2022\/04\/25\/andres-villela-es-convocado-a-integrar-el-comite-co-curricular-del-proyecto-de-reconocimiento-de-actividades-fuera-del-marco-academico\/#primaryimage\"},\"thumbnailUrl\":\"https:\/\/fadeu.urantiacos.cl\/wp-content\/uploads\/2023\/09\/WEB_portada-co-cucurricular.png\",\"datePublished\":\"2022-04-25T11:31:00+00:00\",\"dateModified\":\"2023-09-06T11:34:40+00:00\",\"author\":{\"@id\":\"https:\/\/fadeu.urantiacos.cl\/en\/#\/schema\/person\/d203e2e84b1c40275eac77b3061a19a2\"},\"description\":\"El subdirector acad\u00e9mico de Dise\u00f1o UC, Andr\u00e9s Villela, fue convocado a ser parte del comit\u00e9 co-curricular del proyecto que busca validar los aprendizajes y competencias adquiridos fuera del \u00e1mbito acad\u00e9mico, de distintos programas de la universidad.\",\"breadcrumb\":{\"@id\":\"https:\/\/fadeu.urantiacos.cl\/en\/2022\/04\/25\/andres-villela-es-convocado-a-integrar-el-comite-co-curricular-del-proyecto-de-reconocimiento-de-actividades-fuera-del-marco-academico\/#breadcrumb\"},\"inLanguage\":\"en-US\",\"potentialAction\":[{\"@type\":\"ReadAction\",\"target\":[\"https:\/\/fadeu.urantiacos.cl\/en\/2022\/04\/25\/andres-villela-es-convocado-a-integrar-el-comite-co-curricular-del-proyecto-de-reconocimiento-de-actividades-fuera-del-marco-academico\/\"]}]},{\"@type\":\"ImageObject\",\"inLanguage\":\"en-US\",\"@id\":\"https:\/\/fadeu.urantiacos.cl\/en\/2022\/04\/25\/andres-villela-es-convocado-a-integrar-el-comite-co-curricular-del-proyecto-de-reconocimiento-de-actividades-fuera-del-marco-academico\/#primaryimage\",\"url\":\"https:\/\/fadeu.urantiacos.cl\/wp-content\/uploads\/2023\/09\/WEB_portada-co-cucurricular.png\",\"contentUrl\":\"https:\/\/fadeu.urantiacos.cl\/wp-content\/uploads\/2023\/09\/WEB_portada-co-cucurricular.png\",\"width\":350,\"height\":250},{\"@type\":\"BreadcrumbList\",\"@id\":\"https:\/\/fadeu.urantiacos.cl\/en\/2022\/04\/25\/andres-villela-es-convocado-a-integrar-el-comite-co-curricular-del-proyecto-de-reconocimiento-de-actividades-fuera-del-marco-academico\/#breadcrumb\",\"itemListElement\":[{\"@type\":\"ListItem\",\"position\":1,\"name\":\"Portada\",\"item\":\"https:\/\/fadeu.urantiacos.cl\/en\/\"},{\"@type\":\"ListItem\",\"position\":2,\"name\":\"Andr\u00e9s Villela es convocado a integrar el Comit\u00e9 Co-curricular del Proyecto de reconocimiento de actividades fuera del marco acad\u00e9mico\"}]},{\"@type\":\"WebSite\",\"@id\":\"https:\/\/fadeu.urantiacos.cl\/en\/#website\",\"url\":\"https:\/\/fadeu.urantiacos.cl\/en\/\",\"name\":\"Facultad de Arquitectura, Dise\u00f1o y Estudios Urbanos\",\"description\":\"Campus Lo Contador\",\"potentialAction\":[{\"@type\":\"SearchAction\",\"target\":{\"@type\":\"EntryPoint\",\"urlTemplate\":\"https:\/\/fadeu.urantiacos.cl\/en\/?s={search_term_string}\"},\"query-input\":{\"@type\":\"PropertyValueSpecification\",\"valueRequired\":true,\"valueName\":\"search_term_string\"}}],\"inLanguage\":\"en-US\"},{\"@type\":\"Person\",\"@id\":\"https:\/\/fadeu.urantiacos.cl\/en\/#\/schema\/person\/d203e2e84b1c40275eac77b3061a19a2\",\"name\":\"manadmin\",\"image\":{\"@type\":\"ImageObject\",\"inLanguage\":\"en-US\",\"@id\":\"https:\/\/fadeu.urantiacos.cl\/en\/#\/schema\/person\/image\/\",\"url\":\"https:\/\/secure.gravatar.com\/avatar\/4b1d8e3303b4a9d8968ac578947d8bc80d9aea359f388cdd4aac15cadc0e8447?s=96&d=mm&r=g\",\"contentUrl\":\"https:\/\/secure.gravatar.com\/avatar\/4b1d8e3303b4a9d8968ac578947d8bc80d9aea359f388cdd4aac15cadc0e8447?s=96&d=mm&r=g\",\"caption\":\"manadmin\"},\"sameAs\":[\"https:\/\/fadeu.urantiacos.cl\"]}]}<\/script>\n<!-- \/ Yoast SEO plugin. -->","yoast_head_json":{"title":"Andr\u00e9s Villela es convocado a integrar el Comit\u00e9 Co-curricular del Proyecto de reconocimiento de actividades fuera del marco acad\u00e9mico - Facultad de Arquitectura, Dise\u00f1o y Estudios Urbanos","description":"El subdirector acad\u00e9mico de Dise\u00f1o UC, Andr\u00e9s Villela, fue convocado a ser parte del comit\u00e9 co-curricular del proyecto que busca validar los aprendizajes y competencias adquiridos fuera del \u00e1mbito acad\u00e9mico, de distintos programas de la universidad.","robots":{"index":"index","follow":"follow","max-snippet":"max-snippet:-1","max-image-preview":"max-image-preview:large","max-video-preview":"max-video-preview:-1"},"canonical":"https:\/\/fadeu.urantiacos.cl\/en\/2022\/04\/25\/andres-villela-es-convocado-a-integrar-el-comite-co-curricular-del-proyecto-de-reconocimiento-de-actividades-fuera-del-marco-academico\/","og_locale":"en_US","og_type":"article","og_title":"Andr\u00e9s Villela es convocado a integrar el Comit\u00e9 Co-curricular del Proyecto de reconocimiento de actividades fuera del marco acad\u00e9mico - Facultad de Arquitectura, Dise\u00f1o y Estudios Urbanos","og_description":"El subdirector acad\u00e9mico de Dise\u00f1o UC, Andr\u00e9s Villela, fue convocado a ser parte del comit\u00e9 co-curricular del proyecto que busca validar los aprendizajes y competencias adquiridos fuera del \u00e1mbito acad\u00e9mico, de distintos programas de la universidad.","og_url":"https:\/\/fadeu.urantiacos.cl\/en\/2022\/04\/25\/andres-villela-es-convocado-a-integrar-el-comite-co-curricular-del-proyecto-de-reconocimiento-de-actividades-fuera-del-marco-academico\/","og_site_name":"Facultad de Arquitectura, Dise\u00f1o y Estudios Urbanos","article_published_time":"2022-04-25T11:31:00+00:00","article_modified_time":"2023-09-06T11:34:40+00:00","og_image":[{"width":350,"height":250,"url":"https:\/\/fadeu.urantiacos.cl\/wp-content\/uploads\/2023\/09\/WEB_portada-co-cucurricular.png","type":"image\/png"}],"author":"manadmin","twitter_card":"summary_large_image","twitter_misc":{"Written by":"manadmin","Est. reading time":"1 minute"},"schema":{"@context":"https:\/\/schema.org","@graph":[{"@type":"Article","@id":"https:\/\/fadeu.urantiacos.cl\/en\/2022\/04\/25\/andres-villela-es-convocado-a-integrar-el-comite-co-curricular-del-proyecto-de-reconocimiento-de-actividades-fuera-del-marco-academico\/#article","isPartOf":{"@id":"https:\/\/fadeu.urantiacos.cl\/en\/2022\/04\/25\/andres-villela-es-convocado-a-integrar-el-comite-co-curricular-del-proyecto-de-reconocimiento-de-actividades-fuera-del-marco-academico\/"},"author":{"name":"manadmin","@id":"https:\/\/fadeu.urantiacos.cl\/en\/#\/schema\/person\/d203e2e84b1c40275eac77b3061a19a2"},"headline":"Andr\u00e9s Villela es convocado a integrar el Comit\u00e9 Co-curricular del Proyecto de reconocimiento de actividades fuera del marco acad\u00e9mico","datePublished":"2022-04-25T11:31:00+00:00","dateModified":"2023-09-06T11:34:40+00:00","mainEntityOfPage":{"@id":"https:\/\/fadeu.urantiacos.cl\/en\/2022\/04\/25\/andres-villela-es-convocado-a-integrar-el-comite-co-curricular-del-proyecto-de-reconocimiento-de-actividades-fuera-del-marco-academico\/"},"wordCount":163,"commentCount":0,"image":{"@id":"https:\/\/fadeu.urantiacos.cl\/en\/2022\/04\/25\/andres-villela-es-convocado-a-integrar-el-comite-co-curricular-del-proyecto-de-reconocimiento-de-actividades-fuera-del-marco-academico\/#primaryimage"},"thumbnailUrl":"https:\/\/fadeu.urantiacos.cl\/wp-content\/uploads\/2023\/09\/WEB_portada-co-cucurricular.png","articleSection":["Sin categorizar"],"inLanguage":"en-US","potentialAction":[{"@type":"CommentAction","name":"Comment","target":["https:\/\/fadeu.urantiacos.cl\/en\/2022\/04\/25\/andres-villela-es-convocado-a-integrar-el-comite-co-curricular-del-proyecto-de-reconocimiento-de-actividades-fuera-del-marco-academico\/#respond"]}]},{"@type":"WebPage","@id":"https:\/\/fadeu.urantiacos.cl\/en\/2022\/04\/25\/andres-villela-es-convocado-a-integrar-el-comite-co-curricular-del-proyecto-de-reconocimiento-de-actividades-fuera-del-marco-academico\/","url":"https:\/\/fadeu.urantiacos.cl\/en\/2022\/04\/25\/andres-villela-es-convocado-a-integrar-el-comite-co-curricular-del-proyecto-de-reconocimiento-de-actividades-fuera-del-marco-academico\/","name":"Andr\u00e9s Villela es convocado a integrar el Comit\u00e9 Co-curricular del Proyecto de reconocimiento de actividades fuera del marco acad\u00e9mico - Facultad de Arquitectura, Dise\u00f1o y Estudios Urbanos","isPartOf":{"@id":"https:\/\/fadeu.urantiacos.cl\/en\/#website"},"primaryImageOfPage":{"@id":"https:\/\/fadeu.urantiacos.cl\/en\/2022\/04\/25\/andres-villela-es-convocado-a-integrar-el-comite-co-curricular-del-proyecto-de-reconocimiento-de-actividades-fuera-del-marco-academico\/#primaryimage"},"image":{"@id":"https:\/\/fadeu.urantiacos.cl\/en\/2022\/04\/25\/andres-villela-es-convocado-a-integrar-el-comite-co-curricular-del-proyecto-de-reconocimiento-de-actividades-fuera-del-marco-academico\/#primaryimage"},"thumbnailUrl":"https:\/\/fadeu.urantiacos.cl\/wp-content\/uploads\/2023\/09\/WEB_portada-co-cucurricular.png","datePublished":"2022-04-25T11:31:00+00:00","dateModified":"2023-09-06T11:34:40+00:00","author":{"@id":"https:\/\/fadeu.urantiacos.cl\/en\/#\/schema\/person\/d203e2e84b1c40275eac77b3061a19a2"},"description":"El subdirector acad\u00e9mico de Dise\u00f1o UC, Andr\u00e9s Villela, fue convocado a ser parte del comit\u00e9 co-curricular del proyecto que busca validar los aprendizajes y competencias adquiridos fuera del \u00e1mbito acad\u00e9mico, de distintos programas de la universidad.","breadcrumb":{"@id":"https:\/\/fadeu.urantiacos.cl\/en\/2022\/04\/25\/andres-villela-es-convocado-a-integrar-el-comite-co-curricular-del-proyecto-de-reconocimiento-de-actividades-fuera-del-marco-academico\/#breadcrumb"},"inLanguage":"en-US","potentialAction":[{"@type":"ReadAction","target":["https:\/\/fadeu.urantiacos.cl\/en\/2022\/04\/25\/andres-villela-es-convocado-a-integrar-el-comite-co-curricular-del-proyecto-de-reconocimiento-de-actividades-fuera-del-marco-academico\/"]}]},{"@type":"ImageObject","inLanguage":"en-US","@id":"https:\/\/fadeu.urantiacos.cl\/en\/2022\/04\/25\/andres-villela-es-convocado-a-integrar-el-comite-co-curricular-del-proyecto-de-reconocimiento-de-actividades-fuera-del-marco-academico\/#primaryimage","url":"https:\/\/fadeu.urantiacos.cl\/wp-content\/uploads\/2023\/09\/WEB_portada-co-cucurricular.png","contentUrl":"https:\/\/fadeu.urantiacos.cl\/wp-content\/uploads\/2023\/09\/WEB_portada-co-cucurricular.png","width":350,"height":250},{"@type":"BreadcrumbList","@id":"https:\/\/fadeu.urantiacos.cl\/en\/2022\/04\/25\/andres-villela-es-convocado-a-integrar-el-comite-co-curricular-del-proyecto-de-reconocimiento-de-actividades-fuera-del-marco-academico\/#breadcrumb","itemListElement":[{"@type":"ListItem","position":1,"name":"Portada","item":"https:\/\/fadeu.urantiacos.cl\/en\/"},{"@type":"ListItem","position":2,"name":"Andr\u00e9s Villela es convocado a integrar el Comit\u00e9 Co-curricular del Proyecto de reconocimiento de actividades fuera del marco acad\u00e9mico"}]},{"@type":"WebSite","@id":"https:\/\/fadeu.urantiacos.cl\/en\/#website","url":"https:\/\/fadeu.urantiacos.cl\/en\/","name":"Facultad de Arquitectura, Dise\u00f1o y Estudios Urbanos","description":"Campus Lo Contador","potentialAction":[{"@type":"SearchAction","target":{"@type":"EntryPoint","urlTemplate":"https:\/\/fadeu.urantiacos.cl\/en\/?s={search_term_string}"},"query-input":{"@type":"PropertyValueSpecification","valueRequired":true,"valueName":"search_term_string"}}],"inLanguage":"en-US"},{"@type":"Person","@id":"https:\/\/fadeu.urantiacos.cl\/en\/#\/schema\/person\/d203e2e84b1c40275eac77b3061a19a2","name":"manadmin","image":{"@type":"ImageObject","inLanguage":"en-US","@id":"https:\/\/fadeu.urantiacos.cl\/en\/#\/schema\/person\/image\/","url":"https:\/\/secure.gravatar.com\/avatar\/4b1d8e3303b4a9d8968ac578947d8bc80d9aea359f388cdd4aac15cadc0e8447?s=96&d=mm&r=g","contentUrl":"https:\/\/secure.gravatar.com\/avatar\/4b1d8e3303b4a9d8968ac578947d8bc80d9aea359f388cdd4aac15cadc0e8447?s=96&d=mm&r=g","caption":"manadmin"},"sameAs":["https:\/\/fadeu.urantiacos.cl"]}]}},"_links":{"self":[{"href":"https:\/\/fadeu.urantiacos.cl\/en\/wp-json\/wp\/v2\/posts\/5168","targetHints":{"allow":["GET"]}}],"collection":[{"href":"https:\/\/fadeu.urantiacos.cl\/en\/wp-json\/wp\/v2\/posts"}],"about":[{"href":"https:\/\/fadeu.urantiacos.cl\/en\/wp-json\/wp\/v2\/types\/post"}],"author":[{"embeddable":true,"href":"https:\/\/fadeu.urantiacos.cl\/en\/wp-json\/wp\/v2\/users\/1"}],"replies":[{"embeddable":true,"href":"https:\/\/fadeu.urantiacos.cl\/en\/wp-json\/wp\/v2\/comments?post=5168"}],"version-history":[{"count":1,"href":"https:\/\/fadeu.urantiacos.cl\/en\/wp-json\/wp\/v2\/posts\/5168\/revisions"}],"predecessor-version":[{"id":5171,"href":"https:\/\/fadeu.urantiacos.cl\/en\/wp-json\/wp\/v2\/posts\/5168\/revisions\/5171"}],"wp:featuredmedia":[{"embeddable":true,"href":"https:\/\/fadeu.urantiacos.cl\/en\/wp-json\/wp\/v2\/media\/5169"}],"wp:attachment":[{"href":"https:\/\/fadeu.urantiacos.cl\/en\/wp-json\/wp\/v2\/media?parent=5168"}],"wp:term":[{"taxonomy":"category","embeddable":true,"href":"https:\/\/fadeu.urantiacos.cl\/en\/wp-json\/wp\/v2\/categories?post=5168"},{"taxonomy":"post_tag","embeddable":true,"href":"https:\/\/fadeu.urantiacos.cl\/en\/wp-json\/wp\/v2\/tags?post=5168"}],"curies":[{"name":"wp","href":"https:\/\/api.w.org\/{rel}","templated":true}]}}