{"id":5006,"date":"2022-04-25T22:05:00","date_gmt":"2022-04-26T01:05:00","guid":{"rendered":"https:\/\/fadeu.urantiacos.cl\/?p=5006"},"modified":"2023-09-04T22:11:14","modified_gmt":"2023-09-05T01:11:14","slug":"taller-optativo-profesional-se-reunio-en-atacama-con-directores-del-iiam-de-la-ucn","status":"publish","type":"post","link":"https:\/\/fadeu.urantiacos.cl\/en\/2022\/04\/25\/taller-optativo-profesional-se-reunio-en-atacama-con-directores-del-iiam-de-la-ucn\/","title":{"rendered":"Taller Optativo Profesional se reuni\u00f3 en Atacama con directores del IIAM de la UCN"},"content":{"rendered":"\n<figure class=\"wp-block-image size-full\"><img decoding=\"async\" width=\"350\" height=\"250\" src=\"https:\/\/fadeu.urantiacos.cl\/wp-content\/uploads\/2023\/09\/22.04.22IMG_7238_WEB.jpg\" alt=\"\" class=\"wp-image-5007\" srcset=\"https:\/\/fadeu.urantiacos.cl\/wp-content\/uploads\/2023\/09\/22.04.22IMG_7238_WEB.jpg 350w, https:\/\/fadeu.urantiacos.cl\/wp-content\/uploads\/2023\/09\/22.04.22IMG_7238_WEB-300x214.jpg 300w\" sizes=\"(max-width: 350px) 100vw, 350px\" \/><\/figure>\n\n\n\n<p>A fines de marzo, el equipo docente y los catorce estudiantes del taller realizaron una visita a terreno en la que, junto con explorar la zona a trabajar, se reunieron con Carlos Chiappe y Manuel Torresel, el primero, director del instituto, y el segundo, director del proyecto de reposici\u00f3n del museo. Ambos directores \u2014y en representaci\u00f3n de la UCN\u2014 hicieron una presentaci\u00f3n en torno a la misi\u00f3n del museo, las futuras instalaciones, los distintos requerimientos t\u00e9cnicos para los edificios, el resguardo de la colecci\u00f3n, la relaci\u00f3n con la comunidad del lugar y las condiciones hist\u00f3ricas y f\u00edsicas de la zona, entre otros temas.<\/p>\n\n\n\n<p>De esta forma, el taller pudo recorrer junto las autoridades del IIAM las dependencias actuales \u2014de car\u00e1cter transitorio\u2014 y establecer un acuerdo de colaboraci\u00f3n con la unviersidad local, abriendo adem\u00e1s la invitaci\u00f3n a visitar la Escuela de Arquitectura UC durante el semestre para as\u00ed participar de diferentes instancias de correcci\u00f3n tanto intermedias como finales. Esto, entendiendo que el objetivo del curso ser\u00e1 explorar soluciones arquitect\u00f3nicas y program\u00e1ticas para la instalaci\u00f3n de un museo permanente en el actual sector del instituto, considerando tambi\u00e9n su vinculaci\u00f3n con el sitio original en el casco hist\u00f3rico de San Pedro de Atacama.<\/p>\n\n\n\n<p>Ver m\u00e1s sobre el IIAM en el siguiente&nbsp;<a href=\"https:\/\/www.ucn.cl\/sobre-ucn\/vicerrectorias\/vicerrectoria-de-investigacion-y-desarrollo-tecnologico\/instituto-de-investigaciones-arqueologicas-y-museo\/\" target=\"_blank\" rel=\"noreferrer noopener\">link<\/a>&nbsp;<\/p>\n\n\n\n<figure class=\"wp-block-image size-large\"><img decoding=\"async\" width=\"1024\" height=\"768\" src=\"https:\/\/fadeu.urantiacos.cl\/wp-content\/uploads\/2023\/09\/22.04.22IMG_7238-1024x768.jpg\" alt=\"\" class=\"wp-image-5008\" srcset=\"https:\/\/fadeu.urantiacos.cl\/wp-content\/uploads\/2023\/09\/22.04.22IMG_7238-1024x768.jpg 1024w, https:\/\/fadeu.urantiacos.cl\/wp-content\/uploads\/2023\/09\/22.04.22IMG_7238-300x225.jpg 300w, https:\/\/fadeu.urantiacos.cl\/wp-content\/uploads\/2023\/09\/22.04.22IMG_7238-768x576.jpg 768w, https:\/\/fadeu.urantiacos.cl\/wp-content\/uploads\/2023\/09\/22.04.22IMG_7238-1536x1152.jpg 1536w, https:\/\/fadeu.urantiacos.cl\/wp-content\/uploads\/2023\/09\/22.04.22IMG_7238-2048x1536.jpg 2048w, https:\/\/fadeu.urantiacos.cl\/wp-content\/uploads\/2023\/09\/22.04.22IMG_7238-scaled.jpg 1600w\" sizes=\"(max-width: 1024px) 100vw, 1024px\" \/><\/figure>\n\n\n\n<figure class=\"wp-block-image size-large\"><img decoding=\"async\" width=\"1024\" height=\"576\" src=\"https:\/\/fadeu.urantiacos.cl\/wp-content\/uploads\/2023\/09\/T04_Arriagada_Castillo_Ordenes_Pagina_19-1024x576.jpg\" alt=\"\" class=\"wp-image-5009\" srcset=\"https:\/\/fadeu.urantiacos.cl\/wp-content\/uploads\/2023\/09\/T04_Arriagada_Castillo_Ordenes_Pagina_19-1024x576.jpg 1024w, https:\/\/fadeu.urantiacos.cl\/wp-content\/uploads\/2023\/09\/T04_Arriagada_Castillo_Ordenes_Pagina_19-300x169.jpg 300w, https:\/\/fadeu.urantiacos.cl\/wp-content\/uploads\/2023\/09\/T04_Arriagada_Castillo_Ordenes_Pagina_19-768x432.jpg 768w, https:\/\/fadeu.urantiacos.cl\/wp-content\/uploads\/2023\/09\/T04_Arriagada_Castillo_Ordenes_Pagina_19-1536x864.jpg 1536w, https:\/\/fadeu.urantiacos.cl\/wp-content\/uploads\/2023\/09\/T04_Arriagada_Castillo_Ordenes_Pagina_19-2048x1152.jpg 2048w, https:\/\/fadeu.urantiacos.cl\/wp-content\/uploads\/2023\/09\/T04_Arriagada_Castillo_Ordenes_Pagina_19-scaled.jpg 1600w\" sizes=\"(max-width: 1024px) 100vw, 1024px\" \/><\/figure>\n\n\n\n<p>Noticias<\/p>\n\n\n\n<p>Contacto:&nbsp;<a href=\"mailto:redesarq@uc.cl\">redesarq@uc.cl<\/a>&nbsp;| +56 2 2354 7747<br>www.arquitectura.uc.cl<\/p>\n","protected":false},"excerpt":{"rendered":"<p>El taller \u201cInterior urbano: Museo padre Gustavo Le Paige\u201d \u2014dirigido por Mario Carre\u00f1o y Piera Sartori, y asistido por Consuelo Contreras\u2014, visit\u00f3 el Instituto de Investigaciones Arqueol\u00f3gicas y Museo R.P. Gustavo Le Paige s.j. (IIAM) de la Universidad Cat\u00f3lica del Norte (UCN,) as\u00ed como las instalaciones transitorias del museo en San Pedro de Atacama.<\/p>\n","protected":false},"author":1,"featured_media":5007,"comment_status":"open","ping_status":"open","sticky":false,"template":"","format":"standard","meta":{"_acf_changed":false,"footnotes":""},"categories":[1],"tags":[],"class_list":["post-5006","post","type-post","status-publish","format-standard","has-post-thumbnail","hentry","category-sin-categorizar"],"acf":[],"yoast_head":"<!-- This site is optimized with the Yoast SEO plugin v27.1.1 - https:\/\/yoast.com\/product\/yoast-seo-wordpress\/ -->\n<title>Taller Optativo Profesional se reuni\u00f3 en Atacama con directores del IIAM de la UCN - Facultad de Arquitectura, Dise\u00f1o y Estudios Urbanos<\/title>\n<meta name=\"description\" content=\"El taller \u201cInterior urbano: Museo padre Gustavo Le Paige\u201d \u2014dirigido por Mario Carre\u00f1o y Piera Sartori, y asistido por Consuelo Contreras\u2014, visit\u00f3 el Instituto de Investigaciones Arqueol\u00f3gicas y Museo R.P. Gustavo Le Paige s.j. (IIAM) de la Universidad Cat\u00f3lica del Norte (UCN,) as\u00ed como las instalaciones transitorias del museo en San Pedro de Atacama.\" \/>\n<meta name=\"robots\" content=\"index, follow, max-snippet:-1, max-image-preview:large, max-video-preview:-1\" \/>\n<link rel=\"canonical\" href=\"https:\/\/fadeu.urantiacos.cl\/en\/2022\/04\/25\/taller-optativo-profesional-se-reunio-en-atacama-con-directores-del-iiam-de-la-ucn\/\" \/>\n<meta property=\"og:locale\" content=\"en_US\" \/>\n<meta property=\"og:type\" content=\"article\" \/>\n<meta property=\"og:title\" content=\"Taller Optativo Profesional se reuni\u00f3 en Atacama con directores del IIAM de la UCN - Facultad de Arquitectura, Dise\u00f1o y Estudios Urbanos\" \/>\n<meta property=\"og:description\" content=\"El taller \u201cInterior urbano: Museo padre Gustavo Le Paige\u201d \u2014dirigido por Mario Carre\u00f1o y Piera Sartori, y asistido por Consuelo Contreras\u2014, visit\u00f3 el Instituto de Investigaciones Arqueol\u00f3gicas y Museo R.P. Gustavo Le Paige s.j. (IIAM) de la Universidad Cat\u00f3lica del Norte (UCN,) as\u00ed como las instalaciones transitorias del museo en San Pedro de Atacama.\" \/>\n<meta property=\"og:url\" content=\"https:\/\/fadeu.urantiacos.cl\/en\/2022\/04\/25\/taller-optativo-profesional-se-reunio-en-atacama-con-directores-del-iiam-de-la-ucn\/\" \/>\n<meta property=\"og:site_name\" content=\"Facultad de Arquitectura, Dise\u00f1o y Estudios Urbanos\" \/>\n<meta property=\"article:published_time\" content=\"2022-04-26T01:05:00+00:00\" \/>\n<meta property=\"article:modified_time\" content=\"2023-09-05T01:11:14+00:00\" \/>\n<meta property=\"og:image\" content=\"https:\/\/fadeu.urantiacos.cl\/wp-content\/uploads\/2023\/09\/22.04.22IMG_7238_WEB.jpg\" \/>\n\t<meta property=\"og:image:width\" content=\"350\" \/>\n\t<meta property=\"og:image:height\" content=\"250\" \/>\n\t<meta property=\"og:image:type\" content=\"image\/jpeg\" \/>\n<meta name=\"author\" content=\"manadmin\" \/>\n<meta name=\"twitter:card\" content=\"summary_large_image\" \/>\n<meta name=\"twitter:label1\" content=\"Written by\" \/>\n\t<meta name=\"twitter:data1\" content=\"manadmin\" \/>\n\t<meta name=\"twitter:label2\" content=\"Est. reading time\" \/>\n\t<meta name=\"twitter:data2\" content=\"1 minute\" \/>\n<script type=\"application\/ld+json\" class=\"yoast-schema-graph\">{\"@context\":\"https:\/\/schema.org\",\"@graph\":[{\"@type\":\"Article\",\"@id\":\"https:\/\/fadeu.urantiacos.cl\/en\/2022\/04\/25\/taller-optativo-profesional-se-reunio-en-atacama-con-directores-del-iiam-de-la-ucn\/#article\",\"isPartOf\":{\"@id\":\"https:\/\/fadeu.urantiacos.cl\/en\/2022\/04\/25\/taller-optativo-profesional-se-reunio-en-atacama-con-directores-del-iiam-de-la-ucn\/\"},\"author\":{\"name\":\"manadmin\",\"@id\":\"https:\/\/fadeu.urantiacos.cl\/en\/#\/schema\/person\/d203e2e84b1c40275eac77b3061a19a2\"},\"headline\":\"Taller Optativo Profesional se reuni\u00f3 en Atacama con directores del IIAM de la UCN\",\"datePublished\":\"2022-04-26T01:05:00+00:00\",\"dateModified\":\"2023-09-05T01:11:14+00:00\",\"mainEntityOfPage\":{\"@id\":\"https:\/\/fadeu.urantiacos.cl\/en\/2022\/04\/25\/taller-optativo-profesional-se-reunio-en-atacama-con-directores-del-iiam-de-la-ucn\/\"},\"wordCount\":257,\"commentCount\":0,\"image\":{\"@id\":\"https:\/\/fadeu.urantiacos.cl\/en\/2022\/04\/25\/taller-optativo-profesional-se-reunio-en-atacama-con-directores-del-iiam-de-la-ucn\/#primaryimage\"},\"thumbnailUrl\":\"https:\/\/fadeu.urantiacos.cl\/wp-content\/uploads\/2023\/09\/22.04.22IMG_7238_WEB.jpg\",\"articleSection\":[\"Sin categorizar\"],\"inLanguage\":\"en-US\",\"potentialAction\":[{\"@type\":\"CommentAction\",\"name\":\"Comment\",\"target\":[\"https:\/\/fadeu.urantiacos.cl\/en\/2022\/04\/25\/taller-optativo-profesional-se-reunio-en-atacama-con-directores-del-iiam-de-la-ucn\/#respond\"]}]},{\"@type\":\"WebPage\",\"@id\":\"https:\/\/fadeu.urantiacos.cl\/en\/2022\/04\/25\/taller-optativo-profesional-se-reunio-en-atacama-con-directores-del-iiam-de-la-ucn\/\",\"url\":\"https:\/\/fadeu.urantiacos.cl\/en\/2022\/04\/25\/taller-optativo-profesional-se-reunio-en-atacama-con-directores-del-iiam-de-la-ucn\/\",\"name\":\"Taller Optativo Profesional se reuni\u00f3 en Atacama con directores del IIAM de la UCN - Facultad de Arquitectura, Dise\u00f1o y Estudios Urbanos\",\"isPartOf\":{\"@id\":\"https:\/\/fadeu.urantiacos.cl\/en\/#website\"},\"primaryImageOfPage\":{\"@id\":\"https:\/\/fadeu.urantiacos.cl\/en\/2022\/04\/25\/taller-optativo-profesional-se-reunio-en-atacama-con-directores-del-iiam-de-la-ucn\/#primaryimage\"},\"image\":{\"@id\":\"https:\/\/fadeu.urantiacos.cl\/en\/2022\/04\/25\/taller-optativo-profesional-se-reunio-en-atacama-con-directores-del-iiam-de-la-ucn\/#primaryimage\"},\"thumbnailUrl\":\"https:\/\/fadeu.urantiacos.cl\/wp-content\/uploads\/2023\/09\/22.04.22IMG_7238_WEB.jpg\",\"datePublished\":\"2022-04-26T01:05:00+00:00\",\"dateModified\":\"2023-09-05T01:11:14+00:00\",\"author\":{\"@id\":\"https:\/\/fadeu.urantiacos.cl\/en\/#\/schema\/person\/d203e2e84b1c40275eac77b3061a19a2\"},\"description\":\"El taller \u201cInterior urbano: Museo padre Gustavo Le Paige\u201d \u2014dirigido por Mario Carre\u00f1o y Piera Sartori, y asistido por Consuelo Contreras\u2014, visit\u00f3 el Instituto de Investigaciones Arqueol\u00f3gicas y Museo R.P. Gustavo Le Paige s.j. (IIAM) de la Universidad Cat\u00f3lica del Norte (UCN,) as\u00ed como las instalaciones transitorias del museo en San Pedro de Atacama.\",\"breadcrumb\":{\"@id\":\"https:\/\/fadeu.urantiacos.cl\/en\/2022\/04\/25\/taller-optativo-profesional-se-reunio-en-atacama-con-directores-del-iiam-de-la-ucn\/#breadcrumb\"},\"inLanguage\":\"en-US\",\"potentialAction\":[{\"@type\":\"ReadAction\",\"target\":[\"https:\/\/fadeu.urantiacos.cl\/en\/2022\/04\/25\/taller-optativo-profesional-se-reunio-en-atacama-con-directores-del-iiam-de-la-ucn\/\"]}]},{\"@type\":\"ImageObject\",\"inLanguage\":\"en-US\",\"@id\":\"https:\/\/fadeu.urantiacos.cl\/en\/2022\/04\/25\/taller-optativo-profesional-se-reunio-en-atacama-con-directores-del-iiam-de-la-ucn\/#primaryimage\",\"url\":\"https:\/\/fadeu.urantiacos.cl\/wp-content\/uploads\/2023\/09\/22.04.22IMG_7238_WEB.jpg\",\"contentUrl\":\"https:\/\/fadeu.urantiacos.cl\/wp-content\/uploads\/2023\/09\/22.04.22IMG_7238_WEB.jpg\",\"width\":350,\"height\":250},{\"@type\":\"BreadcrumbList\",\"@id\":\"https:\/\/fadeu.urantiacos.cl\/en\/2022\/04\/25\/taller-optativo-profesional-se-reunio-en-atacama-con-directores-del-iiam-de-la-ucn\/#breadcrumb\",\"itemListElement\":[{\"@type\":\"ListItem\",\"position\":1,\"name\":\"Portada\",\"item\":\"https:\/\/fadeu.urantiacos.cl\/en\/\"},{\"@type\":\"ListItem\",\"position\":2,\"name\":\"Taller Optativo Profesional se reuni\u00f3 en Atacama con directores del IIAM de la UCN\"}]},{\"@type\":\"WebSite\",\"@id\":\"https:\/\/fadeu.urantiacos.cl\/en\/#website\",\"url\":\"https:\/\/fadeu.urantiacos.cl\/en\/\",\"name\":\"Facultad de Arquitectura, Dise\u00f1o y Estudios Urbanos\",\"description\":\"Campus Lo Contador\",\"potentialAction\":[{\"@type\":\"SearchAction\",\"target\":{\"@type\":\"EntryPoint\",\"urlTemplate\":\"https:\/\/fadeu.urantiacos.cl\/en\/?s={search_term_string}\"},\"query-input\":{\"@type\":\"PropertyValueSpecification\",\"valueRequired\":true,\"valueName\":\"search_term_string\"}}],\"inLanguage\":\"en-US\"},{\"@type\":\"Person\",\"@id\":\"https:\/\/fadeu.urantiacos.cl\/en\/#\/schema\/person\/d203e2e84b1c40275eac77b3061a19a2\",\"name\":\"manadmin\",\"image\":{\"@type\":\"ImageObject\",\"inLanguage\":\"en-US\",\"@id\":\"https:\/\/fadeu.urantiacos.cl\/en\/#\/schema\/person\/image\/\",\"url\":\"https:\/\/secure.gravatar.com\/avatar\/4b1d8e3303b4a9d8968ac578947d8bc80d9aea359f388cdd4aac15cadc0e8447?s=96&d=mm&r=g\",\"contentUrl\":\"https:\/\/secure.gravatar.com\/avatar\/4b1d8e3303b4a9d8968ac578947d8bc80d9aea359f388cdd4aac15cadc0e8447?s=96&d=mm&r=g\",\"caption\":\"manadmin\"},\"sameAs\":[\"https:\/\/fadeu.urantiacos.cl\"]}]}<\/script>\n<!-- \/ Yoast SEO plugin. -->","yoast_head_json":{"title":"Taller Optativo Profesional se reuni\u00f3 en Atacama con directores del IIAM de la UCN - Facultad de Arquitectura, Dise\u00f1o y Estudios Urbanos","description":"El taller \u201cInterior urbano: Museo padre Gustavo Le Paige\u201d \u2014dirigido por Mario Carre\u00f1o y Piera Sartori, y asistido por Consuelo Contreras\u2014, visit\u00f3 el Instituto de Investigaciones Arqueol\u00f3gicas y Museo R.P. Gustavo Le Paige s.j. (IIAM) de la Universidad Cat\u00f3lica del Norte (UCN,) as\u00ed como las instalaciones transitorias del museo en San Pedro de Atacama.","robots":{"index":"index","follow":"follow","max-snippet":"max-snippet:-1","max-image-preview":"max-image-preview:large","max-video-preview":"max-video-preview:-1"},"canonical":"https:\/\/fadeu.urantiacos.cl\/en\/2022\/04\/25\/taller-optativo-profesional-se-reunio-en-atacama-con-directores-del-iiam-de-la-ucn\/","og_locale":"en_US","og_type":"article","og_title":"Taller Optativo Profesional se reuni\u00f3 en Atacama con directores del IIAM de la UCN - Facultad de Arquitectura, Dise\u00f1o y Estudios Urbanos","og_description":"El taller \u201cInterior urbano: Museo padre Gustavo Le Paige\u201d \u2014dirigido por Mario Carre\u00f1o y Piera Sartori, y asistido por Consuelo Contreras\u2014, visit\u00f3 el Instituto de Investigaciones Arqueol\u00f3gicas y Museo R.P. Gustavo Le Paige s.j. (IIAM) de la Universidad Cat\u00f3lica del Norte (UCN,) as\u00ed como las instalaciones transitorias del museo en San Pedro de Atacama.","og_url":"https:\/\/fadeu.urantiacos.cl\/en\/2022\/04\/25\/taller-optativo-profesional-se-reunio-en-atacama-con-directores-del-iiam-de-la-ucn\/","og_site_name":"Facultad de Arquitectura, Dise\u00f1o y Estudios Urbanos","article_published_time":"2022-04-26T01:05:00+00:00","article_modified_time":"2023-09-05T01:11:14+00:00","og_image":[{"width":350,"height":250,"url":"https:\/\/fadeu.urantiacos.cl\/wp-content\/uploads\/2023\/09\/22.04.22IMG_7238_WEB.jpg","type":"image\/jpeg"}],"author":"manadmin","twitter_card":"summary_large_image","twitter_misc":{"Written by":"manadmin","Est. reading time":"1 minute"},"schema":{"@context":"https:\/\/schema.org","@graph":[{"@type":"Article","@id":"https:\/\/fadeu.urantiacos.cl\/en\/2022\/04\/25\/taller-optativo-profesional-se-reunio-en-atacama-con-directores-del-iiam-de-la-ucn\/#article","isPartOf":{"@id":"https:\/\/fadeu.urantiacos.cl\/en\/2022\/04\/25\/taller-optativo-profesional-se-reunio-en-atacama-con-directores-del-iiam-de-la-ucn\/"},"author":{"name":"manadmin","@id":"https:\/\/fadeu.urantiacos.cl\/en\/#\/schema\/person\/d203e2e84b1c40275eac77b3061a19a2"},"headline":"Taller Optativo Profesional se reuni\u00f3 en Atacama con directores del IIAM de la UCN","datePublished":"2022-04-26T01:05:00+00:00","dateModified":"2023-09-05T01:11:14+00:00","mainEntityOfPage":{"@id":"https:\/\/fadeu.urantiacos.cl\/en\/2022\/04\/25\/taller-optativo-profesional-se-reunio-en-atacama-con-directores-del-iiam-de-la-ucn\/"},"wordCount":257,"commentCount":0,"image":{"@id":"https:\/\/fadeu.urantiacos.cl\/en\/2022\/04\/25\/taller-optativo-profesional-se-reunio-en-atacama-con-directores-del-iiam-de-la-ucn\/#primaryimage"},"thumbnailUrl":"https:\/\/fadeu.urantiacos.cl\/wp-content\/uploads\/2023\/09\/22.04.22IMG_7238_WEB.jpg","articleSection":["Sin categorizar"],"inLanguage":"en-US","potentialAction":[{"@type":"CommentAction","name":"Comment","target":["https:\/\/fadeu.urantiacos.cl\/en\/2022\/04\/25\/taller-optativo-profesional-se-reunio-en-atacama-con-directores-del-iiam-de-la-ucn\/#respond"]}]},{"@type":"WebPage","@id":"https:\/\/fadeu.urantiacos.cl\/en\/2022\/04\/25\/taller-optativo-profesional-se-reunio-en-atacama-con-directores-del-iiam-de-la-ucn\/","url":"https:\/\/fadeu.urantiacos.cl\/en\/2022\/04\/25\/taller-optativo-profesional-se-reunio-en-atacama-con-directores-del-iiam-de-la-ucn\/","name":"Taller Optativo Profesional se reuni\u00f3 en Atacama con directores del IIAM de la UCN - Facultad de Arquitectura, Dise\u00f1o y Estudios Urbanos","isPartOf":{"@id":"https:\/\/fadeu.urantiacos.cl\/en\/#website"},"primaryImageOfPage":{"@id":"https:\/\/fadeu.urantiacos.cl\/en\/2022\/04\/25\/taller-optativo-profesional-se-reunio-en-atacama-con-directores-del-iiam-de-la-ucn\/#primaryimage"},"image":{"@id":"https:\/\/fadeu.urantiacos.cl\/en\/2022\/04\/25\/taller-optativo-profesional-se-reunio-en-atacama-con-directores-del-iiam-de-la-ucn\/#primaryimage"},"thumbnailUrl":"https:\/\/fadeu.urantiacos.cl\/wp-content\/uploads\/2023\/09\/22.04.22IMG_7238_WEB.jpg","datePublished":"2022-04-26T01:05:00+00:00","dateModified":"2023-09-05T01:11:14+00:00","author":{"@id":"https:\/\/fadeu.urantiacos.cl\/en\/#\/schema\/person\/d203e2e84b1c40275eac77b3061a19a2"},"description":"El taller \u201cInterior urbano: Museo padre Gustavo Le Paige\u201d \u2014dirigido por Mario Carre\u00f1o y Piera Sartori, y asistido por Consuelo Contreras\u2014, visit\u00f3 el Instituto de Investigaciones Arqueol\u00f3gicas y Museo R.P. Gustavo Le Paige s.j. (IIAM) de la Universidad Cat\u00f3lica del Norte (UCN,) as\u00ed como las instalaciones transitorias del museo en San Pedro de Atacama.","breadcrumb":{"@id":"https:\/\/fadeu.urantiacos.cl\/en\/2022\/04\/25\/taller-optativo-profesional-se-reunio-en-atacama-con-directores-del-iiam-de-la-ucn\/#breadcrumb"},"inLanguage":"en-US","potentialAction":[{"@type":"ReadAction","target":["https:\/\/fadeu.urantiacos.cl\/en\/2022\/04\/25\/taller-optativo-profesional-se-reunio-en-atacama-con-directores-del-iiam-de-la-ucn\/"]}]},{"@type":"ImageObject","inLanguage":"en-US","@id":"https:\/\/fadeu.urantiacos.cl\/en\/2022\/04\/25\/taller-optativo-profesional-se-reunio-en-atacama-con-directores-del-iiam-de-la-ucn\/#primaryimage","url":"https:\/\/fadeu.urantiacos.cl\/wp-content\/uploads\/2023\/09\/22.04.22IMG_7238_WEB.jpg","contentUrl":"https:\/\/fadeu.urantiacos.cl\/wp-content\/uploads\/2023\/09\/22.04.22IMG_7238_WEB.jpg","width":350,"height":250},{"@type":"BreadcrumbList","@id":"https:\/\/fadeu.urantiacos.cl\/en\/2022\/04\/25\/taller-optativo-profesional-se-reunio-en-atacama-con-directores-del-iiam-de-la-ucn\/#breadcrumb","itemListElement":[{"@type":"ListItem","position":1,"name":"Portada","item":"https:\/\/fadeu.urantiacos.cl\/en\/"},{"@type":"ListItem","position":2,"name":"Taller Optativo Profesional se reuni\u00f3 en Atacama con directores del IIAM de la UCN"}]},{"@type":"WebSite","@id":"https:\/\/fadeu.urantiacos.cl\/en\/#website","url":"https:\/\/fadeu.urantiacos.cl\/en\/","name":"Facultad de Arquitectura, Dise\u00f1o y Estudios Urbanos","description":"Campus Lo Contador","potentialAction":[{"@type":"SearchAction","target":{"@type":"EntryPoint","urlTemplate":"https:\/\/fadeu.urantiacos.cl\/en\/?s={search_term_string}"},"query-input":{"@type":"PropertyValueSpecification","valueRequired":true,"valueName":"search_term_string"}}],"inLanguage":"en-US"},{"@type":"Person","@id":"https:\/\/fadeu.urantiacos.cl\/en\/#\/schema\/person\/d203e2e84b1c40275eac77b3061a19a2","name":"manadmin","image":{"@type":"ImageObject","inLanguage":"en-US","@id":"https:\/\/fadeu.urantiacos.cl\/en\/#\/schema\/person\/image\/","url":"https:\/\/secure.gravatar.com\/avatar\/4b1d8e3303b4a9d8968ac578947d8bc80d9aea359f388cdd4aac15cadc0e8447?s=96&d=mm&r=g","contentUrl":"https:\/\/secure.gravatar.com\/avatar\/4b1d8e3303b4a9d8968ac578947d8bc80d9aea359f388cdd4aac15cadc0e8447?s=96&d=mm&r=g","caption":"manadmin"},"sameAs":["https:\/\/fadeu.urantiacos.cl"]}]}},"_links":{"self":[{"href":"https:\/\/fadeu.urantiacos.cl\/en\/wp-json\/wp\/v2\/posts\/5006","targetHints":{"allow":["GET"]}}],"collection":[{"href":"https:\/\/fadeu.urantiacos.cl\/en\/wp-json\/wp\/v2\/posts"}],"about":[{"href":"https:\/\/fadeu.urantiacos.cl\/en\/wp-json\/wp\/v2\/types\/post"}],"author":[{"embeddable":true,"href":"https:\/\/fadeu.urantiacos.cl\/en\/wp-json\/wp\/v2\/users\/1"}],"replies":[{"embeddable":true,"href":"https:\/\/fadeu.urantiacos.cl\/en\/wp-json\/wp\/v2\/comments?post=5006"}],"version-history":[{"count":1,"href":"https:\/\/fadeu.urantiacos.cl\/en\/wp-json\/wp\/v2\/posts\/5006\/revisions"}],"predecessor-version":[{"id":5010,"href":"https:\/\/fadeu.urantiacos.cl\/en\/wp-json\/wp\/v2\/posts\/5006\/revisions\/5010"}],"wp:featuredmedia":[{"embeddable":true,"href":"https:\/\/fadeu.urantiacos.cl\/en\/wp-json\/wp\/v2\/media\/5007"}],"wp:attachment":[{"href":"https:\/\/fadeu.urantiacos.cl\/en\/wp-json\/wp\/v2\/media?parent=5006"}],"wp:term":[{"taxonomy":"category","embeddable":true,"href":"https:\/\/fadeu.urantiacos.cl\/en\/wp-json\/wp\/v2\/categories?post=5006"},{"taxonomy":"post_tag","embeddable":true,"href":"https:\/\/fadeu.urantiacos.cl\/en\/wp-json\/wp\/v2\/tags?post=5006"}],"curies":[{"name":"wp","href":"https:\/\/api.w.org\/{rel}","templated":true}]}}