{"id":5003,"date":"2022-04-26T22:01:00","date_gmt":"2022-04-27T01:01:00","guid":{"rendered":"https:\/\/fadeu.urantiacos.cl\/?p=5003"},"modified":"2023-09-04T22:05:27","modified_gmt":"2023-09-05T01:05:27","slug":"academicos-fadeu-se-adjudican-concurso-de-creacion-y-cultura-artistica-2022","status":"publish","type":"post","link":"https:\/\/fadeu.urantiacos.cl\/en\/2022\/04\/26\/academicos-fadeu-se-adjudican-concurso-de-creacion-y-cultura-artistica-2022\/","title":{"rendered":"Acad\u00e9micos FADEU se adjudican Concurso de Creaci\u00f3n y Cultura Art\u00edstica 2022"},"content":{"rendered":"\n<figure class=\"wp-block-image size-full\"><img decoding=\"async\" width=\"350\" height=\"250\" src=\"https:\/\/fadeu.urantiacos.cl\/wp-content\/uploads\/2023\/09\/CAMPUSLO_CONTADOR.jpeg\" alt=\"\" class=\"wp-image-5004\" srcset=\"https:\/\/fadeu.urantiacos.cl\/wp-content\/uploads\/2023\/09\/CAMPUSLO_CONTADOR.jpeg 350w, https:\/\/fadeu.urantiacos.cl\/wp-content\/uploads\/2023\/09\/CAMPUSLO_CONTADOR-300x214.jpeg 300w\" sizes=\"(max-width: 350px) 100vw, 350px\" \/><\/figure>\n\n\n\n<p><strong>\u201cMigrantes modernos\u201d, Renato D&#8217;Alen\u00e7on<\/strong><br><br>Hacia mediados del siglo XX, arquitectos alemanes, austriacos y de otros pa\u00edses centro-europeos viajaron a Chile, trayendo ideas modernistas que representaban las nuevas corrientes de pensamiento racionalista desarrolladas internacionalmente. Estas derivaron en la consolidaci\u00f3n del movimiento moderno en arquitectura y urbanismo, transformando la producci\u00f3n arquitect\u00f3nica hasta hoy. En Chile y en Alemania a\u00fan se pueden encontrar huellas relevantes del trabajo de Karl Brunner, Martin Punitzer, Walter Reiss, Albert Siegel, Martin Springer y Tibor Weiner, entre otros. La investigaci\u00f3n estudiar\u00e1 sus edificios, proyectos, escritos, entre otros; en busca de rasgos que ayuden a comprender su trabajo y las influencias modernistas que transportaron.<\/p>\n\n\n\n<p>Equipo:<br>Renato D&#8217;Alen\u00e7on<br>Francisco Prado<br>Carmen G\u00f3mez<br>Daniel Korwan<br>Camila Salinas<br><\/p>\n\n\n\n<p><strong>\u201cChile: Paisajes culturales\u201d, Eugenio Garc\u00e9s<\/strong><br><br>El proyecto busca contribuir al conocimiento paisaj\u00edstico y cultural de Chile, entendiendo los paisajes culturales como \u00e1mbitos geogr\u00e1ficos asociados a eventos, actividades y personajes hist\u00f3ricos, que contienen valores art\u00edsticos, ambientales y culturales. A partir de una selecci\u00f3n realizada por un comit\u00e9 cient\u00edfico, se investigar\u00e1n los paisajes culturales en el Campo de Hielo San Valent\u00edn en la Araucan\u00eda, en el Maule, en Lo Valdivia y El Yali, en Santiago y en Qhapaq \u00d1an en Atacama, a fin de valorar sus bienes patrimoniales, naturales y culturales, todos de importancia excepcional. La investigaci\u00f3n ser\u00e1 recogida en una publicaci\u00f3n y presentada p\u00fablciamente tambi\u00e9n a modo de seminario internacional.<\/p>\n\n\n\n<p>Equipo:<br>Eugenio Garc\u00e9s<br>Jos\u00e9 Rosas<br>Daniela Larral<br><br><\/p>\n\n\n\n<p><strong>\u201cTrayectorias textiles de la indumentaria femenina\u201d, Camila R\u00edos<\/strong><\/p>\n\n\n\n<p>El tema de investigaci\u00f3n refiere a la cultura material que ronda la vida cotidiana de las mujeres chilenas hoy. Particularmente, se abordar\u00e1n distintas piezas de indumentaria, que por su dise\u00f1o, sit\u00faan a la mujer en un rol de subordinaci\u00f3n de g\u00e9nero. Ello permitir\u00e1 comprender la biograf\u00eda de ciertos objetos textiles significativos, y con ello, dar cuenta de c\u00f3mo el dise\u00f1o y la&nbsp;cultura material dialogan con las experiencias y el contexto de las mujeres en la actualidad.<\/p>\n\n\n\n<p>Fuente:<br>Escuela de Arquitectura<br>Escuela de Dise\u00f1o<\/p>\n","protected":false},"excerpt":{"rendered":"<p>Renato D&#8217;Alen\u00e7on y Eugenio Garc\u00e9s (escuela de Arquitectura) y Camila R\u00edos (escuela de Dise\u00f1o) son los tres acad\u00e9micos de FADEU que este a\u00f1o se adjudicaron el fondo a la Creaci\u00f3n y Cultura Art\u00edstica (CCA) otorgado por la Direcci\u00f3n de Artes y Cultura de la Vicerrector\u00eda de Investigaci\u00f3n de la Universidad.<\/p>\n","protected":false},"author":1,"featured_media":5004,"comment_status":"open","ping_status":"open","sticky":false,"template":"","format":"standard","meta":{"_acf_changed":false,"footnotes":""},"categories":[1],"tags":[],"class_list":["post-5003","post","type-post","status-publish","format-standard","has-post-thumbnail","hentry","category-sin-categorizar"],"acf":[],"yoast_head":"<!-- This site is optimized with the Yoast SEO plugin v27.1.1 - https:\/\/yoast.com\/product\/yoast-seo-wordpress\/ -->\n<title>Acad\u00e9micos FADEU se adjudican Concurso de Creaci\u00f3n y Cultura Art\u00edstica 2022 - Facultad de Arquitectura, Dise\u00f1o y Estudios Urbanos<\/title>\n<meta name=\"description\" content=\"Renato D&#039;Alen\u00e7on y Eugenio Garc\u00e9s (escuela de Arquitectura) y Camila R\u00edos (escuela de Dise\u00f1o) son los tres acad\u00e9micos de FADEU que este a\u00f1o se adjudicaron el fondo a la Creaci\u00f3n y Cultura Art\u00edstica (CCA) otorgado por la Direcci\u00f3n de Artes y Cultura de la Vicerrector\u00eda de Investigaci\u00f3n de la Universidad.\" \/>\n<meta name=\"robots\" content=\"index, follow, max-snippet:-1, max-image-preview:large, max-video-preview:-1\" \/>\n<link rel=\"canonical\" href=\"https:\/\/fadeu.urantiacos.cl\/en\/2022\/04\/26\/academicos-fadeu-se-adjudican-concurso-de-creacion-y-cultura-artistica-2022\/\" \/>\n<meta property=\"og:locale\" content=\"en_US\" \/>\n<meta property=\"og:type\" content=\"article\" \/>\n<meta property=\"og:title\" content=\"Acad\u00e9micos FADEU se adjudican Concurso de Creaci\u00f3n y Cultura Art\u00edstica 2022 - Facultad de Arquitectura, Dise\u00f1o y Estudios Urbanos\" \/>\n<meta property=\"og:description\" content=\"Renato D&#039;Alen\u00e7on y Eugenio Garc\u00e9s (escuela de Arquitectura) y Camila R\u00edos (escuela de Dise\u00f1o) son los tres acad\u00e9micos de FADEU que este a\u00f1o se adjudicaron el fondo a la Creaci\u00f3n y Cultura Art\u00edstica (CCA) otorgado por la Direcci\u00f3n de Artes y Cultura de la Vicerrector\u00eda de Investigaci\u00f3n de la Universidad.\" \/>\n<meta property=\"og:url\" content=\"https:\/\/fadeu.urantiacos.cl\/en\/2022\/04\/26\/academicos-fadeu-se-adjudican-concurso-de-creacion-y-cultura-artistica-2022\/\" \/>\n<meta property=\"og:site_name\" content=\"Facultad de Arquitectura, Dise\u00f1o y Estudios Urbanos\" \/>\n<meta property=\"article:published_time\" content=\"2022-04-27T01:01:00+00:00\" \/>\n<meta property=\"article:modified_time\" content=\"2023-09-05T01:05:27+00:00\" \/>\n<meta property=\"og:image\" content=\"https:\/\/fadeu.urantiacos.cl\/wp-content\/uploads\/2023\/09\/CAMPUSLO_CONTADOR.jpeg\" \/>\n\t<meta property=\"og:image:width\" content=\"350\" \/>\n\t<meta property=\"og:image:height\" content=\"250\" \/>\n\t<meta property=\"og:image:type\" content=\"image\/jpeg\" \/>\n<meta name=\"author\" content=\"manadmin\" \/>\n<meta name=\"twitter:card\" content=\"summary_large_image\" \/>\n<meta name=\"twitter:label1\" content=\"Written by\" \/>\n\t<meta name=\"twitter:data1\" content=\"manadmin\" \/>\n\t<meta name=\"twitter:label2\" content=\"Est. reading time\" \/>\n\t<meta name=\"twitter:data2\" content=\"2 minutes\" \/>\n<script type=\"application\/ld+json\" class=\"yoast-schema-graph\">{\"@context\":\"https:\/\/schema.org\",\"@graph\":[{\"@type\":\"Article\",\"@id\":\"https:\/\/fadeu.urantiacos.cl\/en\/2022\/04\/26\/academicos-fadeu-se-adjudican-concurso-de-creacion-y-cultura-artistica-2022\/#article\",\"isPartOf\":{\"@id\":\"https:\/\/fadeu.urantiacos.cl\/en\/2022\/04\/26\/academicos-fadeu-se-adjudican-concurso-de-creacion-y-cultura-artistica-2022\/\"},\"author\":{\"name\":\"manadmin\",\"@id\":\"https:\/\/fadeu.urantiacos.cl\/en\/#\/schema\/person\/d203e2e84b1c40275eac77b3061a19a2\"},\"headline\":\"Acad\u00e9micos FADEU se adjudican Concurso de Creaci\u00f3n y Cultura Art\u00edstica 2022\",\"datePublished\":\"2022-04-27T01:01:00+00:00\",\"dateModified\":\"2023-09-05T01:05:27+00:00\",\"mainEntityOfPage\":{\"@id\":\"https:\/\/fadeu.urantiacos.cl\/en\/2022\/04\/26\/academicos-fadeu-se-adjudican-concurso-de-creacion-y-cultura-artistica-2022\/\"},\"wordCount\":366,\"commentCount\":0,\"image\":{\"@id\":\"https:\/\/fadeu.urantiacos.cl\/en\/2022\/04\/26\/academicos-fadeu-se-adjudican-concurso-de-creacion-y-cultura-artistica-2022\/#primaryimage\"},\"thumbnailUrl\":\"https:\/\/fadeu.urantiacos.cl\/wp-content\/uploads\/2023\/09\/CAMPUSLO_CONTADOR.jpeg\",\"articleSection\":[\"Sin categorizar\"],\"inLanguage\":\"en-US\",\"potentialAction\":[{\"@type\":\"CommentAction\",\"name\":\"Comment\",\"target\":[\"https:\/\/fadeu.urantiacos.cl\/en\/2022\/04\/26\/academicos-fadeu-se-adjudican-concurso-de-creacion-y-cultura-artistica-2022\/#respond\"]}]},{\"@type\":\"WebPage\",\"@id\":\"https:\/\/fadeu.urantiacos.cl\/en\/2022\/04\/26\/academicos-fadeu-se-adjudican-concurso-de-creacion-y-cultura-artistica-2022\/\",\"url\":\"https:\/\/fadeu.urantiacos.cl\/en\/2022\/04\/26\/academicos-fadeu-se-adjudican-concurso-de-creacion-y-cultura-artistica-2022\/\",\"name\":\"Acad\u00e9micos FADEU se adjudican Concurso de Creaci\u00f3n y Cultura Art\u00edstica 2022 - Facultad de Arquitectura, Dise\u00f1o y Estudios Urbanos\",\"isPartOf\":{\"@id\":\"https:\/\/fadeu.urantiacos.cl\/en\/#website\"},\"primaryImageOfPage\":{\"@id\":\"https:\/\/fadeu.urantiacos.cl\/en\/2022\/04\/26\/academicos-fadeu-se-adjudican-concurso-de-creacion-y-cultura-artistica-2022\/#primaryimage\"},\"image\":{\"@id\":\"https:\/\/fadeu.urantiacos.cl\/en\/2022\/04\/26\/academicos-fadeu-se-adjudican-concurso-de-creacion-y-cultura-artistica-2022\/#primaryimage\"},\"thumbnailUrl\":\"https:\/\/fadeu.urantiacos.cl\/wp-content\/uploads\/2023\/09\/CAMPUSLO_CONTADOR.jpeg\",\"datePublished\":\"2022-04-27T01:01:00+00:00\",\"dateModified\":\"2023-09-05T01:05:27+00:00\",\"author\":{\"@id\":\"https:\/\/fadeu.urantiacos.cl\/en\/#\/schema\/person\/d203e2e84b1c40275eac77b3061a19a2\"},\"description\":\"Renato D'Alen\u00e7on y Eugenio Garc\u00e9s (escuela de Arquitectura) y Camila R\u00edos (escuela de Dise\u00f1o) son los tres acad\u00e9micos de FADEU que este a\u00f1o se adjudicaron el fondo a la Creaci\u00f3n y Cultura Art\u00edstica (CCA) otorgado por la Direcci\u00f3n de Artes y Cultura de la Vicerrector\u00eda de Investigaci\u00f3n de la Universidad.\",\"breadcrumb\":{\"@id\":\"https:\/\/fadeu.urantiacos.cl\/en\/2022\/04\/26\/academicos-fadeu-se-adjudican-concurso-de-creacion-y-cultura-artistica-2022\/#breadcrumb\"},\"inLanguage\":\"en-US\",\"potentialAction\":[{\"@type\":\"ReadAction\",\"target\":[\"https:\/\/fadeu.urantiacos.cl\/en\/2022\/04\/26\/academicos-fadeu-se-adjudican-concurso-de-creacion-y-cultura-artistica-2022\/\"]}]},{\"@type\":\"ImageObject\",\"inLanguage\":\"en-US\",\"@id\":\"https:\/\/fadeu.urantiacos.cl\/en\/2022\/04\/26\/academicos-fadeu-se-adjudican-concurso-de-creacion-y-cultura-artistica-2022\/#primaryimage\",\"url\":\"https:\/\/fadeu.urantiacos.cl\/wp-content\/uploads\/2023\/09\/CAMPUSLO_CONTADOR.jpeg\",\"contentUrl\":\"https:\/\/fadeu.urantiacos.cl\/wp-content\/uploads\/2023\/09\/CAMPUSLO_CONTADOR.jpeg\",\"width\":350,\"height\":250},{\"@type\":\"BreadcrumbList\",\"@id\":\"https:\/\/fadeu.urantiacos.cl\/en\/2022\/04\/26\/academicos-fadeu-se-adjudican-concurso-de-creacion-y-cultura-artistica-2022\/#breadcrumb\",\"itemListElement\":[{\"@type\":\"ListItem\",\"position\":1,\"name\":\"Portada\",\"item\":\"https:\/\/fadeu.urantiacos.cl\/en\/\"},{\"@type\":\"ListItem\",\"position\":2,\"name\":\"Acad\u00e9micos FADEU se adjudican Concurso de Creaci\u00f3n y Cultura Art\u00edstica 2022\"}]},{\"@type\":\"WebSite\",\"@id\":\"https:\/\/fadeu.urantiacos.cl\/en\/#website\",\"url\":\"https:\/\/fadeu.urantiacos.cl\/en\/\",\"name\":\"Facultad de Arquitectura, Dise\u00f1o y Estudios Urbanos\",\"description\":\"Campus Lo Contador\",\"potentialAction\":[{\"@type\":\"SearchAction\",\"target\":{\"@type\":\"EntryPoint\",\"urlTemplate\":\"https:\/\/fadeu.urantiacos.cl\/en\/?s={search_term_string}\"},\"query-input\":{\"@type\":\"PropertyValueSpecification\",\"valueRequired\":true,\"valueName\":\"search_term_string\"}}],\"inLanguage\":\"en-US\"},{\"@type\":\"Person\",\"@id\":\"https:\/\/fadeu.urantiacos.cl\/en\/#\/schema\/person\/d203e2e84b1c40275eac77b3061a19a2\",\"name\":\"manadmin\",\"image\":{\"@type\":\"ImageObject\",\"inLanguage\":\"en-US\",\"@id\":\"https:\/\/fadeu.urantiacos.cl\/en\/#\/schema\/person\/image\/\",\"url\":\"https:\/\/secure.gravatar.com\/avatar\/4b1d8e3303b4a9d8968ac578947d8bc80d9aea359f388cdd4aac15cadc0e8447?s=96&d=mm&r=g\",\"contentUrl\":\"https:\/\/secure.gravatar.com\/avatar\/4b1d8e3303b4a9d8968ac578947d8bc80d9aea359f388cdd4aac15cadc0e8447?s=96&d=mm&r=g\",\"caption\":\"manadmin\"},\"sameAs\":[\"https:\/\/fadeu.urantiacos.cl\"]}]}<\/script>\n<!-- \/ Yoast SEO plugin. -->","yoast_head_json":{"title":"Acad\u00e9micos FADEU se adjudican Concurso de Creaci\u00f3n y Cultura Art\u00edstica 2022 - Facultad de Arquitectura, Dise\u00f1o y Estudios Urbanos","description":"Renato D'Alen\u00e7on y Eugenio Garc\u00e9s (escuela de Arquitectura) y Camila R\u00edos (escuela de Dise\u00f1o) son los tres acad\u00e9micos de FADEU que este a\u00f1o se adjudicaron el fondo a la Creaci\u00f3n y Cultura Art\u00edstica (CCA) otorgado por la Direcci\u00f3n de Artes y Cultura de la Vicerrector\u00eda de Investigaci\u00f3n de la Universidad.","robots":{"index":"index","follow":"follow","max-snippet":"max-snippet:-1","max-image-preview":"max-image-preview:large","max-video-preview":"max-video-preview:-1"},"canonical":"https:\/\/fadeu.urantiacos.cl\/en\/2022\/04\/26\/academicos-fadeu-se-adjudican-concurso-de-creacion-y-cultura-artistica-2022\/","og_locale":"en_US","og_type":"article","og_title":"Acad\u00e9micos FADEU se adjudican Concurso de Creaci\u00f3n y Cultura Art\u00edstica 2022 - Facultad de Arquitectura, Dise\u00f1o y Estudios Urbanos","og_description":"Renato D'Alen\u00e7on y Eugenio Garc\u00e9s (escuela de Arquitectura) y Camila R\u00edos (escuela de Dise\u00f1o) son los tres acad\u00e9micos de FADEU que este a\u00f1o se adjudicaron el fondo a la Creaci\u00f3n y Cultura Art\u00edstica (CCA) otorgado por la Direcci\u00f3n de Artes y Cultura de la Vicerrector\u00eda de Investigaci\u00f3n de la Universidad.","og_url":"https:\/\/fadeu.urantiacos.cl\/en\/2022\/04\/26\/academicos-fadeu-se-adjudican-concurso-de-creacion-y-cultura-artistica-2022\/","og_site_name":"Facultad de Arquitectura, Dise\u00f1o y Estudios Urbanos","article_published_time":"2022-04-27T01:01:00+00:00","article_modified_time":"2023-09-05T01:05:27+00:00","og_image":[{"width":350,"height":250,"url":"https:\/\/fadeu.urantiacos.cl\/wp-content\/uploads\/2023\/09\/CAMPUSLO_CONTADOR.jpeg","type":"image\/jpeg"}],"author":"manadmin","twitter_card":"summary_large_image","twitter_misc":{"Written by":"manadmin","Est. reading time":"2 minutes"},"schema":{"@context":"https:\/\/schema.org","@graph":[{"@type":"Article","@id":"https:\/\/fadeu.urantiacos.cl\/en\/2022\/04\/26\/academicos-fadeu-se-adjudican-concurso-de-creacion-y-cultura-artistica-2022\/#article","isPartOf":{"@id":"https:\/\/fadeu.urantiacos.cl\/en\/2022\/04\/26\/academicos-fadeu-se-adjudican-concurso-de-creacion-y-cultura-artistica-2022\/"},"author":{"name":"manadmin","@id":"https:\/\/fadeu.urantiacos.cl\/en\/#\/schema\/person\/d203e2e84b1c40275eac77b3061a19a2"},"headline":"Acad\u00e9micos FADEU se adjudican Concurso de Creaci\u00f3n y Cultura Art\u00edstica 2022","datePublished":"2022-04-27T01:01:00+00:00","dateModified":"2023-09-05T01:05:27+00:00","mainEntityOfPage":{"@id":"https:\/\/fadeu.urantiacos.cl\/en\/2022\/04\/26\/academicos-fadeu-se-adjudican-concurso-de-creacion-y-cultura-artistica-2022\/"},"wordCount":366,"commentCount":0,"image":{"@id":"https:\/\/fadeu.urantiacos.cl\/en\/2022\/04\/26\/academicos-fadeu-se-adjudican-concurso-de-creacion-y-cultura-artistica-2022\/#primaryimage"},"thumbnailUrl":"https:\/\/fadeu.urantiacos.cl\/wp-content\/uploads\/2023\/09\/CAMPUSLO_CONTADOR.jpeg","articleSection":["Sin categorizar"],"inLanguage":"en-US","potentialAction":[{"@type":"CommentAction","name":"Comment","target":["https:\/\/fadeu.urantiacos.cl\/en\/2022\/04\/26\/academicos-fadeu-se-adjudican-concurso-de-creacion-y-cultura-artistica-2022\/#respond"]}]},{"@type":"WebPage","@id":"https:\/\/fadeu.urantiacos.cl\/en\/2022\/04\/26\/academicos-fadeu-se-adjudican-concurso-de-creacion-y-cultura-artistica-2022\/","url":"https:\/\/fadeu.urantiacos.cl\/en\/2022\/04\/26\/academicos-fadeu-se-adjudican-concurso-de-creacion-y-cultura-artistica-2022\/","name":"Acad\u00e9micos FADEU se adjudican Concurso de Creaci\u00f3n y Cultura Art\u00edstica 2022 - Facultad de Arquitectura, Dise\u00f1o y Estudios Urbanos","isPartOf":{"@id":"https:\/\/fadeu.urantiacos.cl\/en\/#website"},"primaryImageOfPage":{"@id":"https:\/\/fadeu.urantiacos.cl\/en\/2022\/04\/26\/academicos-fadeu-se-adjudican-concurso-de-creacion-y-cultura-artistica-2022\/#primaryimage"},"image":{"@id":"https:\/\/fadeu.urantiacos.cl\/en\/2022\/04\/26\/academicos-fadeu-se-adjudican-concurso-de-creacion-y-cultura-artistica-2022\/#primaryimage"},"thumbnailUrl":"https:\/\/fadeu.urantiacos.cl\/wp-content\/uploads\/2023\/09\/CAMPUSLO_CONTADOR.jpeg","datePublished":"2022-04-27T01:01:00+00:00","dateModified":"2023-09-05T01:05:27+00:00","author":{"@id":"https:\/\/fadeu.urantiacos.cl\/en\/#\/schema\/person\/d203e2e84b1c40275eac77b3061a19a2"},"description":"Renato D'Alen\u00e7on y Eugenio Garc\u00e9s (escuela de Arquitectura) y Camila R\u00edos (escuela de Dise\u00f1o) son los tres acad\u00e9micos de FADEU que este a\u00f1o se adjudicaron el fondo a la Creaci\u00f3n y Cultura Art\u00edstica (CCA) otorgado por la Direcci\u00f3n de Artes y Cultura de la Vicerrector\u00eda de Investigaci\u00f3n de la Universidad.","breadcrumb":{"@id":"https:\/\/fadeu.urantiacos.cl\/en\/2022\/04\/26\/academicos-fadeu-se-adjudican-concurso-de-creacion-y-cultura-artistica-2022\/#breadcrumb"},"inLanguage":"en-US","potentialAction":[{"@type":"ReadAction","target":["https:\/\/fadeu.urantiacos.cl\/en\/2022\/04\/26\/academicos-fadeu-se-adjudican-concurso-de-creacion-y-cultura-artistica-2022\/"]}]},{"@type":"ImageObject","inLanguage":"en-US","@id":"https:\/\/fadeu.urantiacos.cl\/en\/2022\/04\/26\/academicos-fadeu-se-adjudican-concurso-de-creacion-y-cultura-artistica-2022\/#primaryimage","url":"https:\/\/fadeu.urantiacos.cl\/wp-content\/uploads\/2023\/09\/CAMPUSLO_CONTADOR.jpeg","contentUrl":"https:\/\/fadeu.urantiacos.cl\/wp-content\/uploads\/2023\/09\/CAMPUSLO_CONTADOR.jpeg","width":350,"height":250},{"@type":"BreadcrumbList","@id":"https:\/\/fadeu.urantiacos.cl\/en\/2022\/04\/26\/academicos-fadeu-se-adjudican-concurso-de-creacion-y-cultura-artistica-2022\/#breadcrumb","itemListElement":[{"@type":"ListItem","position":1,"name":"Portada","item":"https:\/\/fadeu.urantiacos.cl\/en\/"},{"@type":"ListItem","position":2,"name":"Acad\u00e9micos FADEU se adjudican Concurso de Creaci\u00f3n y Cultura Art\u00edstica 2022"}]},{"@type":"WebSite","@id":"https:\/\/fadeu.urantiacos.cl\/en\/#website","url":"https:\/\/fadeu.urantiacos.cl\/en\/","name":"Facultad de Arquitectura, Dise\u00f1o y Estudios Urbanos","description":"Campus Lo Contador","potentialAction":[{"@type":"SearchAction","target":{"@type":"EntryPoint","urlTemplate":"https:\/\/fadeu.urantiacos.cl\/en\/?s={search_term_string}"},"query-input":{"@type":"PropertyValueSpecification","valueRequired":true,"valueName":"search_term_string"}}],"inLanguage":"en-US"},{"@type":"Person","@id":"https:\/\/fadeu.urantiacos.cl\/en\/#\/schema\/person\/d203e2e84b1c40275eac77b3061a19a2","name":"manadmin","image":{"@type":"ImageObject","inLanguage":"en-US","@id":"https:\/\/fadeu.urantiacos.cl\/en\/#\/schema\/person\/image\/","url":"https:\/\/secure.gravatar.com\/avatar\/4b1d8e3303b4a9d8968ac578947d8bc80d9aea359f388cdd4aac15cadc0e8447?s=96&d=mm&r=g","contentUrl":"https:\/\/secure.gravatar.com\/avatar\/4b1d8e3303b4a9d8968ac578947d8bc80d9aea359f388cdd4aac15cadc0e8447?s=96&d=mm&r=g","caption":"manadmin"},"sameAs":["https:\/\/fadeu.urantiacos.cl"]}]}},"_links":{"self":[{"href":"https:\/\/fadeu.urantiacos.cl\/en\/wp-json\/wp\/v2\/posts\/5003","targetHints":{"allow":["GET"]}}],"collection":[{"href":"https:\/\/fadeu.urantiacos.cl\/en\/wp-json\/wp\/v2\/posts"}],"about":[{"href":"https:\/\/fadeu.urantiacos.cl\/en\/wp-json\/wp\/v2\/types\/post"}],"author":[{"embeddable":true,"href":"https:\/\/fadeu.urantiacos.cl\/en\/wp-json\/wp\/v2\/users\/1"}],"replies":[{"embeddable":true,"href":"https:\/\/fadeu.urantiacos.cl\/en\/wp-json\/wp\/v2\/comments?post=5003"}],"version-history":[{"count":1,"href":"https:\/\/fadeu.urantiacos.cl\/en\/wp-json\/wp\/v2\/posts\/5003\/revisions"}],"predecessor-version":[{"id":5005,"href":"https:\/\/fadeu.urantiacos.cl\/en\/wp-json\/wp\/v2\/posts\/5003\/revisions\/5005"}],"wp:featuredmedia":[{"embeddable":true,"href":"https:\/\/fadeu.urantiacos.cl\/en\/wp-json\/wp\/v2\/media\/5004"}],"wp:attachment":[{"href":"https:\/\/fadeu.urantiacos.cl\/en\/wp-json\/wp\/v2\/media?parent=5003"}],"wp:term":[{"taxonomy":"category","embeddable":true,"href":"https:\/\/fadeu.urantiacos.cl\/en\/wp-json\/wp\/v2\/categories?post=5003"},{"taxonomy":"post_tag","embeddable":true,"href":"https:\/\/fadeu.urantiacos.cl\/en\/wp-json\/wp\/v2\/tags?post=5003"}],"curies":[{"name":"wp","href":"https:\/\/api.w.org\/{rel}","templated":true}]}}