{"id":4998,"date":"2022-04-27T21:57:00","date_gmt":"2022-04-28T00:57:00","guid":{"rendered":"https:\/\/fadeu.urantiacos.cl\/?p=4998"},"modified":"2023-09-04T22:01:23","modified_gmt":"2023-09-05T01:01:23","slug":"lo-contador-inaugura-su-primera-materioteca","status":"publish","type":"post","link":"https:\/\/fadeu.urantiacos.cl\/en\/2022\/04\/27\/lo-contador-inaugura-su-primera-materioteca\/","title":{"rendered":"Lo Contador inaugura su primera \u201cMaterioteca\u201d"},"content":{"rendered":"\n<figure class=\"wp-block-image size-full\"><img decoding=\"async\" width=\"350\" height=\"250\" src=\"https:\/\/fadeu.urantiacos.cl\/wp-content\/uploads\/2023\/09\/WEB_WhatsApp_Image_2022-04-27_at_10.38.37_AM.jpg\" alt=\"\" class=\"wp-image-4999\" srcset=\"https:\/\/fadeu.urantiacos.cl\/wp-content\/uploads\/2023\/09\/WEB_WhatsApp_Image_2022-04-27_at_10.38.37_AM.jpg 350w, https:\/\/fadeu.urantiacos.cl\/wp-content\/uploads\/2023\/09\/WEB_WhatsApp_Image_2022-04-27_at_10.38.37_AM-300x214.jpg 300w\" sizes=\"(max-width: 350px) 100vw, 350px\" \/><\/figure>\n\n\n\n<p>La instancia fue presidida por el decano de la Facultad de Arquitectura, Dise\u00f1o y Estudios Urbanos, Mario Ubilla, los directores de las escuelas de Arquitectura y Dise\u00f1o, Luis Eduardo Bresciani y Rodrigo Ram\u00edrez, respectivamente; autoridades de la Facultad, acad\u00e9micos\/as, estudiantes y funcionarios\/as.<\/p>\n\n\n\n<p>En la postulaci\u00f3n del concurso, la Biblioteca Lo Contador fue invitada a participar del proyecto, con el compromiso de recibir variado material, asignar un espacio, efectuar la gesti\u00f3n interna para la catalogaci\u00f3n de los materiales y posteriormente implementar el servicio.<\/p>\n\n\n\n<p>Desde el punto de vista del proyecto, una vez que se recibi\u00f3 el material, la primera tarea fue indagar respecto de cu\u00e1l ser\u00eda el tratamiento de este material y qu\u00e9 datos se asignar\u00edan para lograr una adecuada identificaci\u00f3n. Por otra parte, se acord\u00f3 que el proyecto involucrar\u00eda registros descriptivos tanto para el material f\u00edsico, as\u00ed como virtual, correspondientes a buscar en el cat\u00e1logo de Bibliotecas.<\/p>\n\n\n\n<p>\u201cPara la Facultad y sus unidades acad\u00e9micas la Materioteca ha sido parte de conversaciones durante los \u00faltimos 20 a\u00f1os, y darle vida y visibilidad a los materiales ha sido una b\u00fasqueda permanente y, a la vez, un tema muy desafiante\u201d, afirm\u00f3 el Decano Ubilla, agregando que \u201cdebemos agradecer a Bibliotecas UC que haya recibido este proyecto con tanta sensibilidad, porque aqu\u00ed los materiales est\u00e1n dispuestos con detallada belleza, con un formato especial y una gr\u00e1fica que lo hacen muy elegante, valorando el material y poniendo el valor de los mismos\u201d.<\/p>\n\n\n\n<p>El profesor Cristi\u00e1n Schmitt, conectado a la actividad v\u00eda remota, sostuvo que \u201cesta iniciativa surge en algunas experiencias en curso de introducci\u00f3n a la construcci\u00f3n, y el primer paso fue un Fondedoc conocido como el Carro de Materiales, para transportar instrumentos de medici\u00f3n a la sala de clases, y luego conseguimos distintas muestras donde nos dimos cuenta que ten\u00edamos el desaf\u00edo de mostrar y montar esto de manera centralizada\u201d.<\/p>\n\n\n\n<p>\u201cEsto fue montado gracias a un equipo extraordinario de las escuelas de Arquitectura Dise\u00f1o y Construcci\u00f3n, a quienes debemos agradecer y reconocer\u201d, agreg\u00f3 Smith.<\/p>\n\n\n\n<p>El proyecto, manifestaron sus gestores, naci\u00f3 de la necesidad de disponer de una metodolog\u00eda complementaria a los sistemas tradicionales de ense\u00f1anza lectiva, para adquirir simult\u00e1neamente conocimientos pr\u00e1cticos y te\u00f3ricos. Una de las aplicaciones relevantes de esta metodolog\u00eda tiene lugar en los cursos sobre materiales y m\u00e9todos constructivos donde los estudiantes deben asimilar conceptos te\u00f3ricos con elementos de manufactura y construcci\u00f3n.<\/p>\n\n\n\n<figure class=\"wp-block-image size-large\"><img decoding=\"async\" width=\"1024\" height=\"766\" src=\"https:\/\/fadeu.urantiacos.cl\/wp-content\/uploads\/2023\/09\/60c24b1b-9495-4b6c-b995-a325a756a470-1024x766.jpeg\" alt=\"\" class=\"wp-image-5000\" srcset=\"https:\/\/fadeu.urantiacos.cl\/wp-content\/uploads\/2023\/09\/60c24b1b-9495-4b6c-b995-a325a756a470-1024x766.jpeg 1024w, https:\/\/fadeu.urantiacos.cl\/wp-content\/uploads\/2023\/09\/60c24b1b-9495-4b6c-b995-a325a756a470-300x225.jpeg 300w, https:\/\/fadeu.urantiacos.cl\/wp-content\/uploads\/2023\/09\/60c24b1b-9495-4b6c-b995-a325a756a470-768x575.jpeg 768w, https:\/\/fadeu.urantiacos.cl\/wp-content\/uploads\/2023\/09\/60c24b1b-9495-4b6c-b995-a325a756a470.jpeg 1280w\" sizes=\"(max-width: 1024px) 100vw, 1024px\" \/><\/figure>\n\n\n\n<figure class=\"wp-block-image size-large\"><img decoding=\"async\" width=\"1024\" height=\"766\" src=\"https:\/\/fadeu.urantiacos.cl\/wp-content\/uploads\/2023\/09\/276dca0d-87f1-431d-8ad8-cafddda395ca-1024x766.jpeg\" alt=\"\" class=\"wp-image-5001\" srcset=\"https:\/\/fadeu.urantiacos.cl\/wp-content\/uploads\/2023\/09\/276dca0d-87f1-431d-8ad8-cafddda395ca-1024x766.jpeg 1024w, https:\/\/fadeu.urantiacos.cl\/wp-content\/uploads\/2023\/09\/276dca0d-87f1-431d-8ad8-cafddda395ca-300x225.jpeg 300w, https:\/\/fadeu.urantiacos.cl\/wp-content\/uploads\/2023\/09\/276dca0d-87f1-431d-8ad8-cafddda395ca-768x575.jpeg 768w, https:\/\/fadeu.urantiacos.cl\/wp-content\/uploads\/2023\/09\/276dca0d-87f1-431d-8ad8-cafddda395ca.jpeg 1280w\" sizes=\"(max-width: 1024px) 100vw, 1024px\" \/><\/figure>\n\n\n\n<p>INFORMACI\u00d3N PERIOD\u00cdSTICA<br>JUAN ANDR\u00c9S INZUNZA<\/p>\n","protected":false},"excerpt":{"rendered":"<p>En dependencias de la Biblioteca del campus Lo Contador se llev\u00f3 a cabo la ceremonia de inauguraci\u00f3n de un nuevo espacio conocido como \u201cMaterioteca\u201d, iniciativa que comenz\u00f3 a gestarse en 2020 cuando el profesor de la escuela de Arquitectura Cristi\u00e1n Schmitt se adjudic\u00f3 un concurso Innovadoc, con miras a generar un espacio de valoraci\u00f3n de variada materialidad utilizada en los campos del dise\u00f1o y la arquitectura.<\/p>\n","protected":false},"author":1,"featured_media":4999,"comment_status":"open","ping_status":"open","sticky":false,"template":"","format":"standard","meta":{"_acf_changed":false,"footnotes":""},"categories":[1],"tags":[],"class_list":["post-4998","post","type-post","status-publish","format-standard","has-post-thumbnail","hentry","category-sin-categorizar"],"acf":[],"yoast_head":"<!-- This site is optimized with the Yoast SEO plugin v27.1.1 - https:\/\/yoast.com\/product\/yoast-seo-wordpress\/ -->\n<title>Lo Contador inaugura su primera \u201cMaterioteca\u201d - Facultad de Arquitectura, Dise\u00f1o y Estudios Urbanos<\/title>\n<meta name=\"description\" content=\"En dependencias de la Biblioteca del campus Lo Contador se llev\u00f3 a cabo la ceremonia de inauguraci\u00f3n de un nuevo espacio conocido como \u201cMaterioteca\u201d, iniciativa que comenz\u00f3 a gestarse en 2020 cuando el profesor de la escuela de Arquitectura Cristi\u00e1n Schmitt se adjudic\u00f3 un concurso Innovadoc, con miras a generar un espacio de valoraci\u00f3n de variada materialidad utilizada en los campos del dise\u00f1o y la arquitectura.\" \/>\n<meta name=\"robots\" content=\"index, follow, max-snippet:-1, max-image-preview:large, max-video-preview:-1\" \/>\n<link rel=\"canonical\" href=\"https:\/\/fadeu.urantiacos.cl\/en\/2022\/04\/27\/lo-contador-inaugura-su-primera-materioteca\/\" \/>\n<meta property=\"og:locale\" content=\"en_US\" \/>\n<meta property=\"og:type\" content=\"article\" \/>\n<meta property=\"og:title\" content=\"Lo Contador inaugura su primera \u201cMaterioteca\u201d - Facultad de Arquitectura, Dise\u00f1o y Estudios Urbanos\" \/>\n<meta property=\"og:description\" content=\"En dependencias de la Biblioteca del campus Lo Contador se llev\u00f3 a cabo la ceremonia de inauguraci\u00f3n de un nuevo espacio conocido como \u201cMaterioteca\u201d, iniciativa que comenz\u00f3 a gestarse en 2020 cuando el profesor de la escuela de Arquitectura Cristi\u00e1n Schmitt se adjudic\u00f3 un concurso Innovadoc, con miras a generar un espacio de valoraci\u00f3n de variada materialidad utilizada en los campos del dise\u00f1o y la arquitectura.\" \/>\n<meta property=\"og:url\" content=\"https:\/\/fadeu.urantiacos.cl\/en\/2022\/04\/27\/lo-contador-inaugura-su-primera-materioteca\/\" \/>\n<meta property=\"og:site_name\" content=\"Facultad de Arquitectura, Dise\u00f1o y Estudios Urbanos\" \/>\n<meta property=\"article:published_time\" content=\"2022-04-28T00:57:00+00:00\" \/>\n<meta property=\"article:modified_time\" content=\"2023-09-05T01:01:23+00:00\" \/>\n<meta property=\"og:image\" content=\"https:\/\/fadeu.urantiacos.cl\/wp-content\/uploads\/2023\/09\/WEB_WhatsApp_Image_2022-04-27_at_10.38.37_AM.jpg\" \/>\n\t<meta property=\"og:image:width\" content=\"350\" \/>\n\t<meta property=\"og:image:height\" content=\"250\" \/>\n\t<meta property=\"og:image:type\" content=\"image\/jpeg\" \/>\n<meta name=\"author\" content=\"manadmin\" \/>\n<meta name=\"twitter:card\" content=\"summary_large_image\" \/>\n<meta name=\"twitter:label1\" content=\"Written by\" \/>\n\t<meta name=\"twitter:data1\" content=\"manadmin\" \/>\n\t<meta name=\"twitter:label2\" content=\"Est. reading time\" \/>\n\t<meta name=\"twitter:data2\" content=\"2 minutes\" \/>\n<script type=\"application\/ld+json\" class=\"yoast-schema-graph\">{\"@context\":\"https:\/\/schema.org\",\"@graph\":[{\"@type\":\"Article\",\"@id\":\"https:\/\/fadeu.urantiacos.cl\/en\/2022\/04\/27\/lo-contador-inaugura-su-primera-materioteca\/#article\",\"isPartOf\":{\"@id\":\"https:\/\/fadeu.urantiacos.cl\/en\/2022\/04\/27\/lo-contador-inaugura-su-primera-materioteca\/\"},\"author\":{\"name\":\"manadmin\",\"@id\":\"https:\/\/fadeu.urantiacos.cl\/en\/#\/schema\/person\/d203e2e84b1c40275eac77b3061a19a2\"},\"headline\":\"Lo Contador inaugura su primera \u201cMaterioteca\u201d\",\"datePublished\":\"2022-04-28T00:57:00+00:00\",\"dateModified\":\"2023-09-05T01:01:23+00:00\",\"mainEntityOfPage\":{\"@id\":\"https:\/\/fadeu.urantiacos.cl\/en\/2022\/04\/27\/lo-contador-inaugura-su-primera-materioteca\/\"},\"wordCount\":441,\"commentCount\":0,\"image\":{\"@id\":\"https:\/\/fadeu.urantiacos.cl\/en\/2022\/04\/27\/lo-contador-inaugura-su-primera-materioteca\/#primaryimage\"},\"thumbnailUrl\":\"https:\/\/fadeu.urantiacos.cl\/wp-content\/uploads\/2023\/09\/WEB_WhatsApp_Image_2022-04-27_at_10.38.37_AM.jpg\",\"articleSection\":[\"Sin categorizar\"],\"inLanguage\":\"en-US\",\"potentialAction\":[{\"@type\":\"CommentAction\",\"name\":\"Comment\",\"target\":[\"https:\/\/fadeu.urantiacos.cl\/en\/2022\/04\/27\/lo-contador-inaugura-su-primera-materioteca\/#respond\"]}]},{\"@type\":\"WebPage\",\"@id\":\"https:\/\/fadeu.urantiacos.cl\/en\/2022\/04\/27\/lo-contador-inaugura-su-primera-materioteca\/\",\"url\":\"https:\/\/fadeu.urantiacos.cl\/en\/2022\/04\/27\/lo-contador-inaugura-su-primera-materioteca\/\",\"name\":\"Lo Contador inaugura su primera \u201cMaterioteca\u201d - Facultad de Arquitectura, Dise\u00f1o y Estudios Urbanos\",\"isPartOf\":{\"@id\":\"https:\/\/fadeu.urantiacos.cl\/en\/#website\"},\"primaryImageOfPage\":{\"@id\":\"https:\/\/fadeu.urantiacos.cl\/en\/2022\/04\/27\/lo-contador-inaugura-su-primera-materioteca\/#primaryimage\"},\"image\":{\"@id\":\"https:\/\/fadeu.urantiacos.cl\/en\/2022\/04\/27\/lo-contador-inaugura-su-primera-materioteca\/#primaryimage\"},\"thumbnailUrl\":\"https:\/\/fadeu.urantiacos.cl\/wp-content\/uploads\/2023\/09\/WEB_WhatsApp_Image_2022-04-27_at_10.38.37_AM.jpg\",\"datePublished\":\"2022-04-28T00:57:00+00:00\",\"dateModified\":\"2023-09-05T01:01:23+00:00\",\"author\":{\"@id\":\"https:\/\/fadeu.urantiacos.cl\/en\/#\/schema\/person\/d203e2e84b1c40275eac77b3061a19a2\"},\"description\":\"En dependencias de la Biblioteca del campus Lo Contador se llev\u00f3 a cabo la ceremonia de inauguraci\u00f3n de un nuevo espacio conocido como \u201cMaterioteca\u201d, iniciativa que comenz\u00f3 a gestarse en 2020 cuando el profesor de la escuela de Arquitectura Cristi\u00e1n Schmitt se adjudic\u00f3 un concurso Innovadoc, con miras a generar un espacio de valoraci\u00f3n de variada materialidad utilizada en los campos del dise\u00f1o y la arquitectura.\",\"breadcrumb\":{\"@id\":\"https:\/\/fadeu.urantiacos.cl\/en\/2022\/04\/27\/lo-contador-inaugura-su-primera-materioteca\/#breadcrumb\"},\"inLanguage\":\"en-US\",\"potentialAction\":[{\"@type\":\"ReadAction\",\"target\":[\"https:\/\/fadeu.urantiacos.cl\/en\/2022\/04\/27\/lo-contador-inaugura-su-primera-materioteca\/\"]}]},{\"@type\":\"ImageObject\",\"inLanguage\":\"en-US\",\"@id\":\"https:\/\/fadeu.urantiacos.cl\/en\/2022\/04\/27\/lo-contador-inaugura-su-primera-materioteca\/#primaryimage\",\"url\":\"https:\/\/fadeu.urantiacos.cl\/wp-content\/uploads\/2023\/09\/WEB_WhatsApp_Image_2022-04-27_at_10.38.37_AM.jpg\",\"contentUrl\":\"https:\/\/fadeu.urantiacos.cl\/wp-content\/uploads\/2023\/09\/WEB_WhatsApp_Image_2022-04-27_at_10.38.37_AM.jpg\",\"width\":350,\"height\":250},{\"@type\":\"BreadcrumbList\",\"@id\":\"https:\/\/fadeu.urantiacos.cl\/en\/2022\/04\/27\/lo-contador-inaugura-su-primera-materioteca\/#breadcrumb\",\"itemListElement\":[{\"@type\":\"ListItem\",\"position\":1,\"name\":\"Portada\",\"item\":\"https:\/\/fadeu.urantiacos.cl\/en\/\"},{\"@type\":\"ListItem\",\"position\":2,\"name\":\"Lo Contador inaugura su primera \u201cMaterioteca\u201d\"}]},{\"@type\":\"WebSite\",\"@id\":\"https:\/\/fadeu.urantiacos.cl\/en\/#website\",\"url\":\"https:\/\/fadeu.urantiacos.cl\/en\/\",\"name\":\"Facultad de Arquitectura, Dise\u00f1o y Estudios Urbanos\",\"description\":\"Campus Lo Contador\",\"potentialAction\":[{\"@type\":\"SearchAction\",\"target\":{\"@type\":\"EntryPoint\",\"urlTemplate\":\"https:\/\/fadeu.urantiacos.cl\/en\/?s={search_term_string}\"},\"query-input\":{\"@type\":\"PropertyValueSpecification\",\"valueRequired\":true,\"valueName\":\"search_term_string\"}}],\"inLanguage\":\"en-US\"},{\"@type\":\"Person\",\"@id\":\"https:\/\/fadeu.urantiacos.cl\/en\/#\/schema\/person\/d203e2e84b1c40275eac77b3061a19a2\",\"name\":\"manadmin\",\"image\":{\"@type\":\"ImageObject\",\"inLanguage\":\"en-US\",\"@id\":\"https:\/\/fadeu.urantiacos.cl\/en\/#\/schema\/person\/image\/\",\"url\":\"https:\/\/secure.gravatar.com\/avatar\/4b1d8e3303b4a9d8968ac578947d8bc80d9aea359f388cdd4aac15cadc0e8447?s=96&d=mm&r=g\",\"contentUrl\":\"https:\/\/secure.gravatar.com\/avatar\/4b1d8e3303b4a9d8968ac578947d8bc80d9aea359f388cdd4aac15cadc0e8447?s=96&d=mm&r=g\",\"caption\":\"manadmin\"},\"sameAs\":[\"https:\/\/fadeu.urantiacos.cl\"]}]}<\/script>\n<!-- \/ Yoast SEO plugin. -->","yoast_head_json":{"title":"Lo Contador inaugura su primera \u201cMaterioteca\u201d - Facultad de Arquitectura, Dise\u00f1o y Estudios Urbanos","description":"En dependencias de la Biblioteca del campus Lo Contador se llev\u00f3 a cabo la ceremonia de inauguraci\u00f3n de un nuevo espacio conocido como \u201cMaterioteca\u201d, iniciativa que comenz\u00f3 a gestarse en 2020 cuando el profesor de la escuela de Arquitectura Cristi\u00e1n Schmitt se adjudic\u00f3 un concurso Innovadoc, con miras a generar un espacio de valoraci\u00f3n de variada materialidad utilizada en los campos del dise\u00f1o y la arquitectura.","robots":{"index":"index","follow":"follow","max-snippet":"max-snippet:-1","max-image-preview":"max-image-preview:large","max-video-preview":"max-video-preview:-1"},"canonical":"https:\/\/fadeu.urantiacos.cl\/en\/2022\/04\/27\/lo-contador-inaugura-su-primera-materioteca\/","og_locale":"en_US","og_type":"article","og_title":"Lo Contador inaugura su primera \u201cMaterioteca\u201d - Facultad de Arquitectura, Dise\u00f1o y Estudios Urbanos","og_description":"En dependencias de la Biblioteca del campus Lo Contador se llev\u00f3 a cabo la ceremonia de inauguraci\u00f3n de un nuevo espacio conocido como \u201cMaterioteca\u201d, iniciativa que comenz\u00f3 a gestarse en 2020 cuando el profesor de la escuela de Arquitectura Cristi\u00e1n Schmitt se adjudic\u00f3 un concurso Innovadoc, con miras a generar un espacio de valoraci\u00f3n de variada materialidad utilizada en los campos del dise\u00f1o y la arquitectura.","og_url":"https:\/\/fadeu.urantiacos.cl\/en\/2022\/04\/27\/lo-contador-inaugura-su-primera-materioteca\/","og_site_name":"Facultad de Arquitectura, Dise\u00f1o y Estudios Urbanos","article_published_time":"2022-04-28T00:57:00+00:00","article_modified_time":"2023-09-05T01:01:23+00:00","og_image":[{"width":350,"height":250,"url":"https:\/\/fadeu.urantiacos.cl\/wp-content\/uploads\/2023\/09\/WEB_WhatsApp_Image_2022-04-27_at_10.38.37_AM.jpg","type":"image\/jpeg"}],"author":"manadmin","twitter_card":"summary_large_image","twitter_misc":{"Written by":"manadmin","Est. reading time":"2 minutes"},"schema":{"@context":"https:\/\/schema.org","@graph":[{"@type":"Article","@id":"https:\/\/fadeu.urantiacos.cl\/en\/2022\/04\/27\/lo-contador-inaugura-su-primera-materioteca\/#article","isPartOf":{"@id":"https:\/\/fadeu.urantiacos.cl\/en\/2022\/04\/27\/lo-contador-inaugura-su-primera-materioteca\/"},"author":{"name":"manadmin","@id":"https:\/\/fadeu.urantiacos.cl\/en\/#\/schema\/person\/d203e2e84b1c40275eac77b3061a19a2"},"headline":"Lo Contador inaugura su primera \u201cMaterioteca\u201d","datePublished":"2022-04-28T00:57:00+00:00","dateModified":"2023-09-05T01:01:23+00:00","mainEntityOfPage":{"@id":"https:\/\/fadeu.urantiacos.cl\/en\/2022\/04\/27\/lo-contador-inaugura-su-primera-materioteca\/"},"wordCount":441,"commentCount":0,"image":{"@id":"https:\/\/fadeu.urantiacos.cl\/en\/2022\/04\/27\/lo-contador-inaugura-su-primera-materioteca\/#primaryimage"},"thumbnailUrl":"https:\/\/fadeu.urantiacos.cl\/wp-content\/uploads\/2023\/09\/WEB_WhatsApp_Image_2022-04-27_at_10.38.37_AM.jpg","articleSection":["Sin categorizar"],"inLanguage":"en-US","potentialAction":[{"@type":"CommentAction","name":"Comment","target":["https:\/\/fadeu.urantiacos.cl\/en\/2022\/04\/27\/lo-contador-inaugura-su-primera-materioteca\/#respond"]}]},{"@type":"WebPage","@id":"https:\/\/fadeu.urantiacos.cl\/en\/2022\/04\/27\/lo-contador-inaugura-su-primera-materioteca\/","url":"https:\/\/fadeu.urantiacos.cl\/en\/2022\/04\/27\/lo-contador-inaugura-su-primera-materioteca\/","name":"Lo Contador inaugura su primera \u201cMaterioteca\u201d - Facultad de Arquitectura, Dise\u00f1o y Estudios Urbanos","isPartOf":{"@id":"https:\/\/fadeu.urantiacos.cl\/en\/#website"},"primaryImageOfPage":{"@id":"https:\/\/fadeu.urantiacos.cl\/en\/2022\/04\/27\/lo-contador-inaugura-su-primera-materioteca\/#primaryimage"},"image":{"@id":"https:\/\/fadeu.urantiacos.cl\/en\/2022\/04\/27\/lo-contador-inaugura-su-primera-materioteca\/#primaryimage"},"thumbnailUrl":"https:\/\/fadeu.urantiacos.cl\/wp-content\/uploads\/2023\/09\/WEB_WhatsApp_Image_2022-04-27_at_10.38.37_AM.jpg","datePublished":"2022-04-28T00:57:00+00:00","dateModified":"2023-09-05T01:01:23+00:00","author":{"@id":"https:\/\/fadeu.urantiacos.cl\/en\/#\/schema\/person\/d203e2e84b1c40275eac77b3061a19a2"},"description":"En dependencias de la Biblioteca del campus Lo Contador se llev\u00f3 a cabo la ceremonia de inauguraci\u00f3n de un nuevo espacio conocido como \u201cMaterioteca\u201d, iniciativa que comenz\u00f3 a gestarse en 2020 cuando el profesor de la escuela de Arquitectura Cristi\u00e1n Schmitt se adjudic\u00f3 un concurso Innovadoc, con miras a generar un espacio de valoraci\u00f3n de variada materialidad utilizada en los campos del dise\u00f1o y la arquitectura.","breadcrumb":{"@id":"https:\/\/fadeu.urantiacos.cl\/en\/2022\/04\/27\/lo-contador-inaugura-su-primera-materioteca\/#breadcrumb"},"inLanguage":"en-US","potentialAction":[{"@type":"ReadAction","target":["https:\/\/fadeu.urantiacos.cl\/en\/2022\/04\/27\/lo-contador-inaugura-su-primera-materioteca\/"]}]},{"@type":"ImageObject","inLanguage":"en-US","@id":"https:\/\/fadeu.urantiacos.cl\/en\/2022\/04\/27\/lo-contador-inaugura-su-primera-materioteca\/#primaryimage","url":"https:\/\/fadeu.urantiacos.cl\/wp-content\/uploads\/2023\/09\/WEB_WhatsApp_Image_2022-04-27_at_10.38.37_AM.jpg","contentUrl":"https:\/\/fadeu.urantiacos.cl\/wp-content\/uploads\/2023\/09\/WEB_WhatsApp_Image_2022-04-27_at_10.38.37_AM.jpg","width":350,"height":250},{"@type":"BreadcrumbList","@id":"https:\/\/fadeu.urantiacos.cl\/en\/2022\/04\/27\/lo-contador-inaugura-su-primera-materioteca\/#breadcrumb","itemListElement":[{"@type":"ListItem","position":1,"name":"Portada","item":"https:\/\/fadeu.urantiacos.cl\/en\/"},{"@type":"ListItem","position":2,"name":"Lo Contador inaugura su primera \u201cMaterioteca\u201d"}]},{"@type":"WebSite","@id":"https:\/\/fadeu.urantiacos.cl\/en\/#website","url":"https:\/\/fadeu.urantiacos.cl\/en\/","name":"Facultad de Arquitectura, Dise\u00f1o y Estudios Urbanos","description":"Campus Lo Contador","potentialAction":[{"@type":"SearchAction","target":{"@type":"EntryPoint","urlTemplate":"https:\/\/fadeu.urantiacos.cl\/en\/?s={search_term_string}"},"query-input":{"@type":"PropertyValueSpecification","valueRequired":true,"valueName":"search_term_string"}}],"inLanguage":"en-US"},{"@type":"Person","@id":"https:\/\/fadeu.urantiacos.cl\/en\/#\/schema\/person\/d203e2e84b1c40275eac77b3061a19a2","name":"manadmin","image":{"@type":"ImageObject","inLanguage":"en-US","@id":"https:\/\/fadeu.urantiacos.cl\/en\/#\/schema\/person\/image\/","url":"https:\/\/secure.gravatar.com\/avatar\/4b1d8e3303b4a9d8968ac578947d8bc80d9aea359f388cdd4aac15cadc0e8447?s=96&d=mm&r=g","contentUrl":"https:\/\/secure.gravatar.com\/avatar\/4b1d8e3303b4a9d8968ac578947d8bc80d9aea359f388cdd4aac15cadc0e8447?s=96&d=mm&r=g","caption":"manadmin"},"sameAs":["https:\/\/fadeu.urantiacos.cl"]}]}},"_links":{"self":[{"href":"https:\/\/fadeu.urantiacos.cl\/en\/wp-json\/wp\/v2\/posts\/4998","targetHints":{"allow":["GET"]}}],"collection":[{"href":"https:\/\/fadeu.urantiacos.cl\/en\/wp-json\/wp\/v2\/posts"}],"about":[{"href":"https:\/\/fadeu.urantiacos.cl\/en\/wp-json\/wp\/v2\/types\/post"}],"author":[{"embeddable":true,"href":"https:\/\/fadeu.urantiacos.cl\/en\/wp-json\/wp\/v2\/users\/1"}],"replies":[{"embeddable":true,"href":"https:\/\/fadeu.urantiacos.cl\/en\/wp-json\/wp\/v2\/comments?post=4998"}],"version-history":[{"count":1,"href":"https:\/\/fadeu.urantiacos.cl\/en\/wp-json\/wp\/v2\/posts\/4998\/revisions"}],"predecessor-version":[{"id":5002,"href":"https:\/\/fadeu.urantiacos.cl\/en\/wp-json\/wp\/v2\/posts\/4998\/revisions\/5002"}],"wp:featuredmedia":[{"embeddable":true,"href":"https:\/\/fadeu.urantiacos.cl\/en\/wp-json\/wp\/v2\/media\/4999"}],"wp:attachment":[{"href":"https:\/\/fadeu.urantiacos.cl\/en\/wp-json\/wp\/v2\/media?parent=4998"}],"wp:term":[{"taxonomy":"category","embeddable":true,"href":"https:\/\/fadeu.urantiacos.cl\/en\/wp-json\/wp\/v2\/categories?post=4998"},{"taxonomy":"post_tag","embeddable":true,"href":"https:\/\/fadeu.urantiacos.cl\/en\/wp-json\/wp\/v2\/tags?post=4998"}],"curies":[{"name":"wp","href":"https:\/\/api.w.org\/{rel}","templated":true}]}}