{"id":4984,"date":"2022-05-02T21:47:00","date_gmt":"2022-05-03T00:47:00","guid":{"rendered":"https:\/\/fadeu.urantiacos.cl\/?p=4984"},"modified":"2023-09-04T21:49:11","modified_gmt":"2023-09-05T00:49:11","slug":"se-lanzo-libro-del-centro-de-politicas-publicas-con-articulos-de-profesores-arq-uc","status":"publish","type":"post","link":"https:\/\/fadeu.urantiacos.cl\/en\/2022\/05\/02\/se-lanzo-libro-del-centro-de-politicas-publicas-con-articulos-de-profesores-arq-uc\/","title":{"rendered":"Se lanz\u00f3 libro del Centro de Pol\u00edticas P\u00fablicas con art\u00edculos de profesores ARQ UC"},"content":{"rendered":"\n<figure class=\"wp-block-image size-full\"><img decoding=\"async\" width=\"350\" height=\"250\" src=\"https:\/\/fadeu.urantiacos.cl\/wp-content\/uploads\/2023\/09\/Centro_de_Politicas_Publicas_con_articulos_de_profesores_ARQ_UC.jpg\" alt=\"\" class=\"wp-image-4985\" srcset=\"https:\/\/fadeu.urantiacos.cl\/wp-content\/uploads\/2023\/09\/Centro_de_Politicas_Publicas_con_articulos_de_profesores_ARQ_UC.jpg 350w, https:\/\/fadeu.urantiacos.cl\/wp-content\/uploads\/2023\/09\/Centro_de_Politicas_Publicas_con_articulos_de_profesores_ARQ_UC-300x214.jpg 300w\" sizes=\"(max-width: 350px) 100vw, 350px\" \/><\/figure>\n\n\n\n<p>El martes 19 de abril de 2022 se realiz\u00f3 el lanzamiento de la publicaci\u00f3n que acompa\u00f1a la decimosexta versi\u00f3n del Concurso de Pol\u00edticas P\u00fablicas, &#8220;Propuestas para Chile&#8221;, donde se presentan los resultados del trabajo desarrollado por ocho equipos de docentes durante 2021 con el prop\u00f3sito de entregar recomendaciones y propuestas de pol\u00edtica p\u00fablica en diferentes temas. Presidieron el evento el rector UC Ignacio S\u00e1nchez y el director del Centro de Pol\u00edticas P\u00fablicas UC Ignacio Irarr\u00e1zaval. La instancia, realizada en el Centro de Extensi\u00f3n UC, cont\u00f3 adem\u00e1s con la participaci\u00f3n de los autores del libro, profesionales del centro, entre otros.<\/p>\n\n\n\n<p>Los cap\u00edtulos con participaci\u00f3n de profesores ARQ UC son los siguentes:<\/p>\n\n\n\n<p>Cap\u00edtulo I | \u201cLa industria del delivery y sus impactos urbanos: Desaf\u00edos y oportunidades\u201d<br>El trabajo indaga en el creciente servicio de las aplicaciones de delivery y su impacto en la ciudad. As\u00ed, se proponen medidas para mitigar las externalidades de esta actividad.<\/p>\n\n\n\n<p>Equipo_<br>Juan Carlos Mu\u00f1oz | Ministro de Transporte. Ingenier\u00eda UC, CEDEUS<br>Mart\u00edn Tironi | Dise\u00f1o UC, CEDEUS<br>Ignacio Tiznado-Aitken | CEDEUS<br>Miguel Yaksic | Escuela de Gobierno UC<br>Ricardo Hurtubia | Arquitectura UC, Ingenier\u00eda UC, CEDEUS<\/p>\n\n\n\n<p>Cap\u00edtulo VI | &#8220;Pol\u00edticas para la implementaci\u00f3n de una estrategia circular en la construcci\u00f3n&#8221;<br>El trabajo propone una pol\u00edtica p\u00fablica que fomente adecuadamente la incorporaci\u00f3n de materiales y componentes con atributos circulares en el sector de la construcci\u00f3n.<\/p>\n\n\n\n<p>Equipo_<br>Felipe Ossio | Construcci\u00f3n Civil UC<br>Camila Ramos | Derecho UC<br>Renato D&#8217;Alen\u00e7on | Arquitectura UC<br>Anamar\u00eda De Le\u00f3n | Arquitectura UC<br>Roger Saintard | Arquitectura UC<\/p>\n\n\n\n<p>Ver libro en versi\u00f3n digital y PDF de los cap\u00edtulos en el siguiente&nbsp;<a href=\"https:\/\/politicaspublicas.uc.cl\/publicacion\/propuestas-para-chile-2021\/\" target=\"_blank\" rel=\"noreferrer noopener\">link<\/a>&nbsp;<\/p>\n\n\n\n<p>Noticias<br>Contacto:&nbsp;<a href=\"mailto:redesarq@uc.cl\">redesarq@uc.cl<\/a>&nbsp;| +56 2 2354 7747<br>www.arquitectura.uc.cl<\/p>\n","protected":false},"excerpt":{"rendered":"<p>La publicaci\u00f3n \u2014titulada Propuestas para Chile. Concurso de Pol\u00edticas P\u00fablicas 2021 (Centro de Pol\u00edticas P\u00fablicas UC, 2022)\u2014 contiene art\u00edculos con participaci\u00f3n de los profesores ARQ UC Renato D&#8217;Alen\u00e7on, Anamar\u00eda De Le\u00f3n, Roger Saintard y Ricardo Hurtubia.<\/p>\n","protected":false},"author":1,"featured_media":4985,"comment_status":"open","ping_status":"open","sticky":false,"template":"","format":"standard","meta":{"_acf_changed":false,"footnotes":""},"categories":[1],"tags":[],"class_list":["post-4984","post","type-post","status-publish","format-standard","has-post-thumbnail","hentry","category-sin-categorizar"],"acf":[],"yoast_head":"<!-- This site is optimized with the Yoast SEO plugin v27.1.1 - https:\/\/yoast.com\/product\/yoast-seo-wordpress\/ -->\n<title>Se lanz\u00f3 libro del Centro de Pol\u00edticas P\u00fablicas con art\u00edculos de profesores ARQ UC - Facultad de Arquitectura, Dise\u00f1o y Estudios Urbanos<\/title>\n<meta name=\"description\" content=\"La publicaci\u00f3n \u2014titulada Propuestas para Chile. Concurso de Pol\u00edticas P\u00fablicas 2021 (Centro de Pol\u00edticas P\u00fablicas UC, 2022)\u2014 contiene art\u00edculos con participaci\u00f3n de los profesores ARQ UC Renato D&#039;Alen\u00e7on, Anamar\u00eda De Le\u00f3n, Roger Saintard y Ricardo Hurtubia.\" \/>\n<meta name=\"robots\" content=\"index, follow, max-snippet:-1, max-image-preview:large, max-video-preview:-1\" \/>\n<link rel=\"canonical\" href=\"https:\/\/fadeu.urantiacos.cl\/en\/2022\/05\/02\/se-lanzo-libro-del-centro-de-politicas-publicas-con-articulos-de-profesores-arq-uc\/\" \/>\n<meta property=\"og:locale\" content=\"en_US\" \/>\n<meta property=\"og:type\" content=\"article\" \/>\n<meta property=\"og:title\" content=\"Se lanz\u00f3 libro del Centro de Pol\u00edticas P\u00fablicas con art\u00edculos de profesores ARQ UC - Facultad de Arquitectura, Dise\u00f1o y Estudios Urbanos\" \/>\n<meta property=\"og:description\" content=\"La publicaci\u00f3n \u2014titulada Propuestas para Chile. Concurso de Pol\u00edticas P\u00fablicas 2021 (Centro de Pol\u00edticas P\u00fablicas UC, 2022)\u2014 contiene art\u00edculos con participaci\u00f3n de los profesores ARQ UC Renato D&#039;Alen\u00e7on, Anamar\u00eda De Le\u00f3n, Roger Saintard y Ricardo Hurtubia.\" \/>\n<meta property=\"og:url\" content=\"https:\/\/fadeu.urantiacos.cl\/en\/2022\/05\/02\/se-lanzo-libro-del-centro-de-politicas-publicas-con-articulos-de-profesores-arq-uc\/\" \/>\n<meta property=\"og:site_name\" content=\"Facultad de Arquitectura, Dise\u00f1o y Estudios Urbanos\" \/>\n<meta property=\"article:published_time\" content=\"2022-05-03T00:47:00+00:00\" \/>\n<meta property=\"article:modified_time\" content=\"2023-09-05T00:49:11+00:00\" \/>\n<meta property=\"og:image\" content=\"https:\/\/fadeu.urantiacos.cl\/wp-content\/uploads\/2023\/09\/Centro_de_Politicas_Publicas_con_articulos_de_profesores_ARQ_UC.jpg\" \/>\n\t<meta property=\"og:image:width\" content=\"350\" \/>\n\t<meta property=\"og:image:height\" content=\"250\" \/>\n\t<meta property=\"og:image:type\" content=\"image\/jpeg\" \/>\n<meta name=\"author\" content=\"manadmin\" \/>\n<meta name=\"twitter:card\" content=\"summary_large_image\" \/>\n<meta name=\"twitter:label1\" content=\"Written by\" \/>\n\t<meta name=\"twitter:data1\" content=\"manadmin\" \/>\n\t<meta name=\"twitter:label2\" content=\"Est. reading time\" \/>\n\t<meta name=\"twitter:data2\" content=\"1 minute\" \/>\n<script type=\"application\/ld+json\" class=\"yoast-schema-graph\">{\"@context\":\"https:\/\/schema.org\",\"@graph\":[{\"@type\":\"Article\",\"@id\":\"https:\/\/fadeu.urantiacos.cl\/en\/2022\/05\/02\/se-lanzo-libro-del-centro-de-politicas-publicas-con-articulos-de-profesores-arq-uc\/#article\",\"isPartOf\":{\"@id\":\"https:\/\/fadeu.urantiacos.cl\/en\/2022\/05\/02\/se-lanzo-libro-del-centro-de-politicas-publicas-con-articulos-de-profesores-arq-uc\/\"},\"author\":{\"name\":\"manadmin\",\"@id\":\"https:\/\/fadeu.urantiacos.cl\/en\/#\/schema\/person\/d203e2e84b1c40275eac77b3061a19a2\"},\"headline\":\"Se lanz\u00f3 libro del Centro de Pol\u00edticas P\u00fablicas con art\u00edculos de profesores ARQ UC\",\"datePublished\":\"2022-05-03T00:47:00+00:00\",\"dateModified\":\"2023-09-05T00:49:11+00:00\",\"mainEntityOfPage\":{\"@id\":\"https:\/\/fadeu.urantiacos.cl\/en\/2022\/05\/02\/se-lanzo-libro-del-centro-de-politicas-publicas-con-articulos-de-profesores-arq-uc\/\"},\"wordCount\":313,\"commentCount\":0,\"image\":{\"@id\":\"https:\/\/fadeu.urantiacos.cl\/en\/2022\/05\/02\/se-lanzo-libro-del-centro-de-politicas-publicas-con-articulos-de-profesores-arq-uc\/#primaryimage\"},\"thumbnailUrl\":\"https:\/\/fadeu.urantiacos.cl\/wp-content\/uploads\/2023\/09\/Centro_de_Politicas_Publicas_con_articulos_de_profesores_ARQ_UC.jpg\",\"articleSection\":[\"Sin categorizar\"],\"inLanguage\":\"en-US\",\"potentialAction\":[{\"@type\":\"CommentAction\",\"name\":\"Comment\",\"target\":[\"https:\/\/fadeu.urantiacos.cl\/en\/2022\/05\/02\/se-lanzo-libro-del-centro-de-politicas-publicas-con-articulos-de-profesores-arq-uc\/#respond\"]}]},{\"@type\":\"WebPage\",\"@id\":\"https:\/\/fadeu.urantiacos.cl\/en\/2022\/05\/02\/se-lanzo-libro-del-centro-de-politicas-publicas-con-articulos-de-profesores-arq-uc\/\",\"url\":\"https:\/\/fadeu.urantiacos.cl\/en\/2022\/05\/02\/se-lanzo-libro-del-centro-de-politicas-publicas-con-articulos-de-profesores-arq-uc\/\",\"name\":\"Se lanz\u00f3 libro del Centro de Pol\u00edticas P\u00fablicas con art\u00edculos de profesores ARQ UC - Facultad de Arquitectura, Dise\u00f1o y Estudios Urbanos\",\"isPartOf\":{\"@id\":\"https:\/\/fadeu.urantiacos.cl\/en\/#website\"},\"primaryImageOfPage\":{\"@id\":\"https:\/\/fadeu.urantiacos.cl\/en\/2022\/05\/02\/se-lanzo-libro-del-centro-de-politicas-publicas-con-articulos-de-profesores-arq-uc\/#primaryimage\"},\"image\":{\"@id\":\"https:\/\/fadeu.urantiacos.cl\/en\/2022\/05\/02\/se-lanzo-libro-del-centro-de-politicas-publicas-con-articulos-de-profesores-arq-uc\/#primaryimage\"},\"thumbnailUrl\":\"https:\/\/fadeu.urantiacos.cl\/wp-content\/uploads\/2023\/09\/Centro_de_Politicas_Publicas_con_articulos_de_profesores_ARQ_UC.jpg\",\"datePublished\":\"2022-05-03T00:47:00+00:00\",\"dateModified\":\"2023-09-05T00:49:11+00:00\",\"author\":{\"@id\":\"https:\/\/fadeu.urantiacos.cl\/en\/#\/schema\/person\/d203e2e84b1c40275eac77b3061a19a2\"},\"description\":\"La publicaci\u00f3n \u2014titulada Propuestas para Chile. Concurso de Pol\u00edticas P\u00fablicas 2021 (Centro de Pol\u00edticas P\u00fablicas UC, 2022)\u2014 contiene art\u00edculos con participaci\u00f3n de los profesores ARQ UC Renato D'Alen\u00e7on, Anamar\u00eda De Le\u00f3n, Roger Saintard y Ricardo Hurtubia.\",\"breadcrumb\":{\"@id\":\"https:\/\/fadeu.urantiacos.cl\/en\/2022\/05\/02\/se-lanzo-libro-del-centro-de-politicas-publicas-con-articulos-de-profesores-arq-uc\/#breadcrumb\"},\"inLanguage\":\"en-US\",\"potentialAction\":[{\"@type\":\"ReadAction\",\"target\":[\"https:\/\/fadeu.urantiacos.cl\/en\/2022\/05\/02\/se-lanzo-libro-del-centro-de-politicas-publicas-con-articulos-de-profesores-arq-uc\/\"]}]},{\"@type\":\"ImageObject\",\"inLanguage\":\"en-US\",\"@id\":\"https:\/\/fadeu.urantiacos.cl\/en\/2022\/05\/02\/se-lanzo-libro-del-centro-de-politicas-publicas-con-articulos-de-profesores-arq-uc\/#primaryimage\",\"url\":\"https:\/\/fadeu.urantiacos.cl\/wp-content\/uploads\/2023\/09\/Centro_de_Politicas_Publicas_con_articulos_de_profesores_ARQ_UC.jpg\",\"contentUrl\":\"https:\/\/fadeu.urantiacos.cl\/wp-content\/uploads\/2023\/09\/Centro_de_Politicas_Publicas_con_articulos_de_profesores_ARQ_UC.jpg\",\"width\":350,\"height\":250},{\"@type\":\"BreadcrumbList\",\"@id\":\"https:\/\/fadeu.urantiacos.cl\/en\/2022\/05\/02\/se-lanzo-libro-del-centro-de-politicas-publicas-con-articulos-de-profesores-arq-uc\/#breadcrumb\",\"itemListElement\":[{\"@type\":\"ListItem\",\"position\":1,\"name\":\"Portada\",\"item\":\"https:\/\/fadeu.urantiacos.cl\/en\/\"},{\"@type\":\"ListItem\",\"position\":2,\"name\":\"Se lanz\u00f3 libro del Centro de Pol\u00edticas P\u00fablicas con art\u00edculos de profesores ARQ UC\"}]},{\"@type\":\"WebSite\",\"@id\":\"https:\/\/fadeu.urantiacos.cl\/en\/#website\",\"url\":\"https:\/\/fadeu.urantiacos.cl\/en\/\",\"name\":\"Facultad de Arquitectura, Dise\u00f1o y Estudios Urbanos\",\"description\":\"Campus Lo Contador\",\"potentialAction\":[{\"@type\":\"SearchAction\",\"target\":{\"@type\":\"EntryPoint\",\"urlTemplate\":\"https:\/\/fadeu.urantiacos.cl\/en\/?s={search_term_string}\"},\"query-input\":{\"@type\":\"PropertyValueSpecification\",\"valueRequired\":true,\"valueName\":\"search_term_string\"}}],\"inLanguage\":\"en-US\"},{\"@type\":\"Person\",\"@id\":\"https:\/\/fadeu.urantiacos.cl\/en\/#\/schema\/person\/d203e2e84b1c40275eac77b3061a19a2\",\"name\":\"manadmin\",\"image\":{\"@type\":\"ImageObject\",\"inLanguage\":\"en-US\",\"@id\":\"https:\/\/fadeu.urantiacos.cl\/en\/#\/schema\/person\/image\/\",\"url\":\"https:\/\/secure.gravatar.com\/avatar\/4b1d8e3303b4a9d8968ac578947d8bc80d9aea359f388cdd4aac15cadc0e8447?s=96&d=mm&r=g\",\"contentUrl\":\"https:\/\/secure.gravatar.com\/avatar\/4b1d8e3303b4a9d8968ac578947d8bc80d9aea359f388cdd4aac15cadc0e8447?s=96&d=mm&r=g\",\"caption\":\"manadmin\"},\"sameAs\":[\"https:\/\/fadeu.urantiacos.cl\"]}]}<\/script>\n<!-- \/ Yoast SEO plugin. -->","yoast_head_json":{"title":"Se lanz\u00f3 libro del Centro de Pol\u00edticas P\u00fablicas con art\u00edculos de profesores ARQ UC - Facultad de Arquitectura, Dise\u00f1o y Estudios Urbanos","description":"La publicaci\u00f3n \u2014titulada Propuestas para Chile. Concurso de Pol\u00edticas P\u00fablicas 2021 (Centro de Pol\u00edticas P\u00fablicas UC, 2022)\u2014 contiene art\u00edculos con participaci\u00f3n de los profesores ARQ UC Renato D'Alen\u00e7on, Anamar\u00eda De Le\u00f3n, Roger Saintard y Ricardo Hurtubia.","robots":{"index":"index","follow":"follow","max-snippet":"max-snippet:-1","max-image-preview":"max-image-preview:large","max-video-preview":"max-video-preview:-1"},"canonical":"https:\/\/fadeu.urantiacos.cl\/en\/2022\/05\/02\/se-lanzo-libro-del-centro-de-politicas-publicas-con-articulos-de-profesores-arq-uc\/","og_locale":"en_US","og_type":"article","og_title":"Se lanz\u00f3 libro del Centro de Pol\u00edticas P\u00fablicas con art\u00edculos de profesores ARQ UC - Facultad de Arquitectura, Dise\u00f1o y Estudios Urbanos","og_description":"La publicaci\u00f3n \u2014titulada Propuestas para Chile. Concurso de Pol\u00edticas P\u00fablicas 2021 (Centro de Pol\u00edticas P\u00fablicas UC, 2022)\u2014 contiene art\u00edculos con participaci\u00f3n de los profesores ARQ UC Renato D'Alen\u00e7on, Anamar\u00eda De Le\u00f3n, Roger Saintard y Ricardo Hurtubia.","og_url":"https:\/\/fadeu.urantiacos.cl\/en\/2022\/05\/02\/se-lanzo-libro-del-centro-de-politicas-publicas-con-articulos-de-profesores-arq-uc\/","og_site_name":"Facultad de Arquitectura, Dise\u00f1o y Estudios Urbanos","article_published_time":"2022-05-03T00:47:00+00:00","article_modified_time":"2023-09-05T00:49:11+00:00","og_image":[{"width":350,"height":250,"url":"https:\/\/fadeu.urantiacos.cl\/wp-content\/uploads\/2023\/09\/Centro_de_Politicas_Publicas_con_articulos_de_profesores_ARQ_UC.jpg","type":"image\/jpeg"}],"author":"manadmin","twitter_card":"summary_large_image","twitter_misc":{"Written by":"manadmin","Est. reading time":"1 minute"},"schema":{"@context":"https:\/\/schema.org","@graph":[{"@type":"Article","@id":"https:\/\/fadeu.urantiacos.cl\/en\/2022\/05\/02\/se-lanzo-libro-del-centro-de-politicas-publicas-con-articulos-de-profesores-arq-uc\/#article","isPartOf":{"@id":"https:\/\/fadeu.urantiacos.cl\/en\/2022\/05\/02\/se-lanzo-libro-del-centro-de-politicas-publicas-con-articulos-de-profesores-arq-uc\/"},"author":{"name":"manadmin","@id":"https:\/\/fadeu.urantiacos.cl\/en\/#\/schema\/person\/d203e2e84b1c40275eac77b3061a19a2"},"headline":"Se lanz\u00f3 libro del Centro de Pol\u00edticas P\u00fablicas con art\u00edculos de profesores ARQ UC","datePublished":"2022-05-03T00:47:00+00:00","dateModified":"2023-09-05T00:49:11+00:00","mainEntityOfPage":{"@id":"https:\/\/fadeu.urantiacos.cl\/en\/2022\/05\/02\/se-lanzo-libro-del-centro-de-politicas-publicas-con-articulos-de-profesores-arq-uc\/"},"wordCount":313,"commentCount":0,"image":{"@id":"https:\/\/fadeu.urantiacos.cl\/en\/2022\/05\/02\/se-lanzo-libro-del-centro-de-politicas-publicas-con-articulos-de-profesores-arq-uc\/#primaryimage"},"thumbnailUrl":"https:\/\/fadeu.urantiacos.cl\/wp-content\/uploads\/2023\/09\/Centro_de_Politicas_Publicas_con_articulos_de_profesores_ARQ_UC.jpg","articleSection":["Sin categorizar"],"inLanguage":"en-US","potentialAction":[{"@type":"CommentAction","name":"Comment","target":["https:\/\/fadeu.urantiacos.cl\/en\/2022\/05\/02\/se-lanzo-libro-del-centro-de-politicas-publicas-con-articulos-de-profesores-arq-uc\/#respond"]}]},{"@type":"WebPage","@id":"https:\/\/fadeu.urantiacos.cl\/en\/2022\/05\/02\/se-lanzo-libro-del-centro-de-politicas-publicas-con-articulos-de-profesores-arq-uc\/","url":"https:\/\/fadeu.urantiacos.cl\/en\/2022\/05\/02\/se-lanzo-libro-del-centro-de-politicas-publicas-con-articulos-de-profesores-arq-uc\/","name":"Se lanz\u00f3 libro del Centro de Pol\u00edticas P\u00fablicas con art\u00edculos de profesores ARQ UC - Facultad de Arquitectura, Dise\u00f1o y Estudios Urbanos","isPartOf":{"@id":"https:\/\/fadeu.urantiacos.cl\/en\/#website"},"primaryImageOfPage":{"@id":"https:\/\/fadeu.urantiacos.cl\/en\/2022\/05\/02\/se-lanzo-libro-del-centro-de-politicas-publicas-con-articulos-de-profesores-arq-uc\/#primaryimage"},"image":{"@id":"https:\/\/fadeu.urantiacos.cl\/en\/2022\/05\/02\/se-lanzo-libro-del-centro-de-politicas-publicas-con-articulos-de-profesores-arq-uc\/#primaryimage"},"thumbnailUrl":"https:\/\/fadeu.urantiacos.cl\/wp-content\/uploads\/2023\/09\/Centro_de_Politicas_Publicas_con_articulos_de_profesores_ARQ_UC.jpg","datePublished":"2022-05-03T00:47:00+00:00","dateModified":"2023-09-05T00:49:11+00:00","author":{"@id":"https:\/\/fadeu.urantiacos.cl\/en\/#\/schema\/person\/d203e2e84b1c40275eac77b3061a19a2"},"description":"La publicaci\u00f3n \u2014titulada Propuestas para Chile. Concurso de Pol\u00edticas P\u00fablicas 2021 (Centro de Pol\u00edticas P\u00fablicas UC, 2022)\u2014 contiene art\u00edculos con participaci\u00f3n de los profesores ARQ UC Renato D'Alen\u00e7on, Anamar\u00eda De Le\u00f3n, Roger Saintard y Ricardo Hurtubia.","breadcrumb":{"@id":"https:\/\/fadeu.urantiacos.cl\/en\/2022\/05\/02\/se-lanzo-libro-del-centro-de-politicas-publicas-con-articulos-de-profesores-arq-uc\/#breadcrumb"},"inLanguage":"en-US","potentialAction":[{"@type":"ReadAction","target":["https:\/\/fadeu.urantiacos.cl\/en\/2022\/05\/02\/se-lanzo-libro-del-centro-de-politicas-publicas-con-articulos-de-profesores-arq-uc\/"]}]},{"@type":"ImageObject","inLanguage":"en-US","@id":"https:\/\/fadeu.urantiacos.cl\/en\/2022\/05\/02\/se-lanzo-libro-del-centro-de-politicas-publicas-con-articulos-de-profesores-arq-uc\/#primaryimage","url":"https:\/\/fadeu.urantiacos.cl\/wp-content\/uploads\/2023\/09\/Centro_de_Politicas_Publicas_con_articulos_de_profesores_ARQ_UC.jpg","contentUrl":"https:\/\/fadeu.urantiacos.cl\/wp-content\/uploads\/2023\/09\/Centro_de_Politicas_Publicas_con_articulos_de_profesores_ARQ_UC.jpg","width":350,"height":250},{"@type":"BreadcrumbList","@id":"https:\/\/fadeu.urantiacos.cl\/en\/2022\/05\/02\/se-lanzo-libro-del-centro-de-politicas-publicas-con-articulos-de-profesores-arq-uc\/#breadcrumb","itemListElement":[{"@type":"ListItem","position":1,"name":"Portada","item":"https:\/\/fadeu.urantiacos.cl\/en\/"},{"@type":"ListItem","position":2,"name":"Se lanz\u00f3 libro del Centro de Pol\u00edticas P\u00fablicas con art\u00edculos de profesores ARQ UC"}]},{"@type":"WebSite","@id":"https:\/\/fadeu.urantiacos.cl\/en\/#website","url":"https:\/\/fadeu.urantiacos.cl\/en\/","name":"Facultad de Arquitectura, Dise\u00f1o y Estudios Urbanos","description":"Campus Lo Contador","potentialAction":[{"@type":"SearchAction","target":{"@type":"EntryPoint","urlTemplate":"https:\/\/fadeu.urantiacos.cl\/en\/?s={search_term_string}"},"query-input":{"@type":"PropertyValueSpecification","valueRequired":true,"valueName":"search_term_string"}}],"inLanguage":"en-US"},{"@type":"Person","@id":"https:\/\/fadeu.urantiacos.cl\/en\/#\/schema\/person\/d203e2e84b1c40275eac77b3061a19a2","name":"manadmin","image":{"@type":"ImageObject","inLanguage":"en-US","@id":"https:\/\/fadeu.urantiacos.cl\/en\/#\/schema\/person\/image\/","url":"https:\/\/secure.gravatar.com\/avatar\/4b1d8e3303b4a9d8968ac578947d8bc80d9aea359f388cdd4aac15cadc0e8447?s=96&d=mm&r=g","contentUrl":"https:\/\/secure.gravatar.com\/avatar\/4b1d8e3303b4a9d8968ac578947d8bc80d9aea359f388cdd4aac15cadc0e8447?s=96&d=mm&r=g","caption":"manadmin"},"sameAs":["https:\/\/fadeu.urantiacos.cl"]}]}},"_links":{"self":[{"href":"https:\/\/fadeu.urantiacos.cl\/en\/wp-json\/wp\/v2\/posts\/4984","targetHints":{"allow":["GET"]}}],"collection":[{"href":"https:\/\/fadeu.urantiacos.cl\/en\/wp-json\/wp\/v2\/posts"}],"about":[{"href":"https:\/\/fadeu.urantiacos.cl\/en\/wp-json\/wp\/v2\/types\/post"}],"author":[{"embeddable":true,"href":"https:\/\/fadeu.urantiacos.cl\/en\/wp-json\/wp\/v2\/users\/1"}],"replies":[{"embeddable":true,"href":"https:\/\/fadeu.urantiacos.cl\/en\/wp-json\/wp\/v2\/comments?post=4984"}],"version-history":[{"count":1,"href":"https:\/\/fadeu.urantiacos.cl\/en\/wp-json\/wp\/v2\/posts\/4984\/revisions"}],"predecessor-version":[{"id":4986,"href":"https:\/\/fadeu.urantiacos.cl\/en\/wp-json\/wp\/v2\/posts\/4984\/revisions\/4986"}],"wp:featuredmedia":[{"embeddable":true,"href":"https:\/\/fadeu.urantiacos.cl\/en\/wp-json\/wp\/v2\/media\/4985"}],"wp:attachment":[{"href":"https:\/\/fadeu.urantiacos.cl\/en\/wp-json\/wp\/v2\/media?parent=4984"}],"wp:term":[{"taxonomy":"category","embeddable":true,"href":"https:\/\/fadeu.urantiacos.cl\/en\/wp-json\/wp\/v2\/categories?post=4984"},{"taxonomy":"post_tag","embeddable":true,"href":"https:\/\/fadeu.urantiacos.cl\/en\/wp-json\/wp\/v2\/tags?post=4984"}],"curies":[{"name":"wp","href":"https:\/\/api.w.org\/{rel}","templated":true}]}}