{"id":4970,"date":"2022-05-03T21:36:00","date_gmt":"2022-05-04T00:36:00","guid":{"rendered":"https:\/\/fadeu.urantiacos.cl\/?p=4970"},"modified":"2023-09-04T21:41:12","modified_gmt":"2023-09-05T00:41:12","slug":"deficit-habitacional-e-industrializacion-de-la-madera-decano-mario-ubilla-y-representates-del-cenamad-se-reunieron-con-el-ministro-de-vivienda-y-urbanismo-carlos-montes","status":"publish","type":"post","link":"https:\/\/fadeu.urantiacos.cl\/en\/2022\/05\/03\/deficit-habitacional-e-industrializacion-de-la-madera-decano-mario-ubilla-y-representates-del-cenamad-se-reunieron-con-el-ministro-de-vivienda-y-urbanismo-carlos-montes\/","title":{"rendered":"Deficit habitacional e industrializaci\u00f3n de la madera: Decano Mario Ubilla y representates del CENAMAD, se reunieron con el Ministro de Vivienda y Urbanismo, Carlos Montes"},"content":{"rendered":"\n<figure class=\"wp-block-image size-full\"><img decoding=\"async\" width=\"350\" height=\"250\" src=\"https:\/\/fadeu.urantiacos.cl\/wp-content\/uploads\/2023\/09\/WEB_IMG_2772.jpg\" alt=\"\" class=\"wp-image-4971\" srcset=\"https:\/\/fadeu.urantiacos.cl\/wp-content\/uploads\/2023\/09\/WEB_IMG_2772.jpg 350w, https:\/\/fadeu.urantiacos.cl\/wp-content\/uploads\/2023\/09\/WEB_IMG_2772-300x214.jpg 300w\" sizes=\"(max-width: 350px) 100vw, 350px\" \/><\/figure>\n\n\n\n<p>La ocasi\u00f3n, en palabras del Decano Ubilla, sirvi\u00f3 para conversar sobre la industria en Chile y analizar opciones para la construcci\u00f3n en madera, con miras a contribuir al combate del d\u00e9ficit habitacional imperante en el pa\u00eds y tambi\u00e9n a generar obras urbanas y otras iniciativas.<\/p>\n\n\n\n<p>\u201cFue una oportunidad muy grande e importante, que del MINVU haya inter\u00e9s por el tema de la madera, un inter\u00e9s leg\u00edtimo por parte del ministro Montes, que tiene que ver no solo con su materialidad pensando en futuras viviendas que permitan ayudar a reducir el d\u00e9ficit habitacional existente en el pa\u00eds, sino tambi\u00e9n con las excelentes propiedades de la madera, que facilita tambi\u00e9n una acci\u00f3n fundamental del Estado para, por ejemplo, la industrializaci\u00f3n de la vivienda, y es notable que el ministro haya hecho hincapi\u00e9 en ello y le est\u00e9 dando valor a la producci\u00f3n seriada de viviendas\u201d, expres\u00f3 el Decano Ubilla.<\/p>\n\n\n\n<p>Sobre esta reuni\u00f3n y sobre el estado actual y proyecciones de la construcci\u00f3n en madera en Chile, conversamos con el Decano Ubilla para conocer sus impresiones.<\/p>\n\n\n\n<p><strong>\u00bfPor qu\u00e9 pareciera ser que la construcci\u00f3n en madera, en materia de vivienda social, reci\u00e9n est\u00e1 comenzando a ocupar espacio en la agenda p\u00fablica?<\/strong><\/p>\n\n\n\n<p>MU: La madera originalmente siempre fue asociada a lo precario, a una vivienda autoconstruida y de escasa calidad, por lo que la construcci\u00f3n en madera fue muy desprestigiada por mucho tiempo. Hoy sabemos que las capacidades de la madera permiten construir pensando en viviendas de emergencia y tambi\u00e9n en viviendas definitivas, con una ventaja en la inmediatez de la construcci\u00f3n, para responder m\u00e1s r\u00e1pido, y con un sentido del dise\u00f1o arquitect\u00f3nico que permite tambi\u00e9n entregar confort por la v\u00eda de la belleza de la vivienda en s\u00ed misma.&nbsp;<\/p>\n\n\n\n<p><strong>Sobre lo \u00faltimo, \u00bfqu\u00e9 valor asigna usted al proyecto de arquitectura en el \u00e1rea de la construcci\u00f3n en madera, espec\u00edficamente enfocada en la vivienda social?<\/strong><\/p>\n\n\n\n<p>MU: Podr\u00eda recordar, a modo de ejemplo, una visita que hicimos alguna vez a Suecia, pa\u00eds en que la elegancia y belleza son parte importante de la construcci\u00f3n en madera, y se asumen como un valor intr\u00ednseco de la construcci\u00f3n de la madera, y en ese sentido, evaluar la calidad del dise\u00f1o debe ser un aspecto fundamental, es decir, tanto como la materialidad, darle la mayor importancia al proyecto de arquitectura, para asignar valor a la construcci\u00f3n, para generar sentido de pertenencia, confort y emoci\u00f3n. El valor de la construcci\u00f3n en madera debe ser analizado desde todos sus aspectos t\u00e9cnicos, pero tambi\u00e9n desde la belleza del proyecto.<\/p>\n\n\n\n<p><strong>\u00bfC\u00f3mo podr\u00eda aportar, en t\u00e9rminos cuantitativos, la construcci\u00f3n en madera al combate del d\u00e9ficit habitacional existente en el pa\u00eds?<\/strong><\/p>\n\n\n\n<p>MU: Quienes estamos en el rubro de la madera creemos y sabemos que Chile est\u00e1 en condiciones de construir alrededor de 50 mil viviendas por a\u00f1o. En este sentido, por ejemplo, construir vivienda social en madera podr\u00eda hacerse tanto en el contexto urbano como rural, y no solo viviendas, porque tambi\u00e9n hay muestras de que la calidad de la madera en construcciones de dise\u00f1o urbano es posible, y la madera despliega una gama amplia de posibilidades que satisfacen muchas necesidades, en cuanto a terminaciones y detalles constructivos. La madera hoy tiene procesos qu\u00edmicos que la hacen perdurar tal cual perdura una piedra, por lo tanto, es un material noble que est\u00e1 en condiciones de ser aprovechado.<\/p>\n\n\n\n<p>En este sentido, la velocidad de construcci\u00f3n en madera es un valor incre\u00edble. En procesos de construcci\u00f3n es varias veces m\u00e1s r\u00e1pida que otros materiales. Recuerdo algunas viviendas que construimos post terremoto, por la v\u00eda de un sistema de modulaci\u00f3n, de 48 metros cuadrados, cuyo proceso de producci\u00f3n y fabricaci\u00f3n demor\u00f3 12 d\u00edas, lo que se suma al proceso de instalaci\u00f3n de alrededor de 20 d\u00edas. Estamos hablando de procesos m\u00e1s baratos y r\u00e1pida construcci\u00f3n, lo que permitir\u00eda avanzar r\u00e1pido y paliar el d\u00e9ficit.<\/p>\n\n\n\n<p>Recientemente, Techo ha dado a conocer un estudio que estima que el d\u00e9ficit habitacional en Chile supera las 600 mil unidades de vivienda, situaci\u00f3n que agrava y profundiza el allegamiento e incrementa el n\u00famero de campamentos en el pa\u00eds.<\/p>\n\n\n\n<p>Por lo anterior, se hace indispensable para el Estado de Chile, a trav\u00e9s del Ministerio de Vivienda y Urbanismo, diversificar los mecanismos de acceso a la vivienda y acelerar procesos de construcci\u00f3n y edificaci\u00f3n. En este sentido, la madera se erige como un material noble, de mucha versatilidad y que hoy en Chile est\u00e1 en condiciones de entregar soluciones habitacionales definitivas en tiempos m\u00e1s cortos y con altos \u00edndices de confort, tanto en el dise\u00f1o exterior como en sus terminaciones interiores.<\/p>\n\n\n\n<figure class=\"wp-block-image size-large\"><img decoding=\"async\" width=\"1024\" height=\"684\" src=\"https:\/\/fadeu.urantiacos.cl\/wp-content\/uploads\/2023\/09\/IMG_2771-1024x684.jpg\" alt=\"\" class=\"wp-image-4972\" srcset=\"https:\/\/fadeu.urantiacos.cl\/wp-content\/uploads\/2023\/09\/IMG_2771-1024x684.jpg 1024w, https:\/\/fadeu.urantiacos.cl\/wp-content\/uploads\/2023\/09\/IMG_2771-300x200.jpg 300w, https:\/\/fadeu.urantiacos.cl\/wp-content\/uploads\/2023\/09\/IMG_2771-768x513.jpg 768w, https:\/\/fadeu.urantiacos.cl\/wp-content\/uploads\/2023\/09\/IMG_2771-1536x1025.jpg 1536w, https:\/\/fadeu.urantiacos.cl\/wp-content\/uploads\/2023\/09\/IMG_2771-2048x1367.jpg 2048w, https:\/\/fadeu.urantiacos.cl\/wp-content\/uploads\/2023\/09\/IMG_2771-scaled.jpg 1600w\" sizes=\"(max-width: 1024px) 100vw, 1024px\" \/><\/figure>\n\n\n\n<p>INFORMACI\u00d3N PERIOD\u00cdSTICA<br>JUAN ANDR\u00c9S INZUNZA<\/p>\n","protected":false},"excerpt":{"rendered":"<p>Hasta las dependencias del Ministerio de Vivienda y Urbanismo (MINVU) lleg\u00f3 el Decano de la Facultad de Arquitectura, Dise\u00f1o y Estudios Urbanos UC, Mario Ubilla, para sostener una reuni\u00f3n con el ministro Carlos Montes y el jefe de la Divisi\u00f3n T\u00e9cnica del MINUV, Ricardo Carvajal, junto al presidente de CORMA y acad\u00e9mico de la escuela de Arquitectura UC, Juan Jos\u00e9 Ugarte, y representantes del Centro de Innovaci\u00f3n en Madera (CIM UC) y el Centro Nacional de Excelencia para la Industria de la Madera (CENAMAD).<\/p>\n","protected":false},"author":1,"featured_media":4971,"comment_status":"open","ping_status":"open","sticky":false,"template":"","format":"standard","meta":{"_acf_changed":false,"footnotes":""},"categories":[1],"tags":[],"class_list":["post-4970","post","type-post","status-publish","format-standard","has-post-thumbnail","hentry","category-sin-categorizar"],"acf":[],"yoast_head":"<!-- This site is optimized with the Yoast SEO plugin v27.1.1 - https:\/\/yoast.com\/product\/yoast-seo-wordpress\/ -->\n<title>Deficit habitacional e industrializaci\u00f3n de la madera: Decano Mario Ubilla y representates del CENAMAD, se reunieron con el Ministro de Vivienda y Urbanismo, Carlos Montes - Facultad de Arquitectura, Dise\u00f1o y Estudios Urbanos<\/title>\n<meta name=\"description\" content=\"Hasta las dependencias del Ministerio de Vivienda y Urbanismo (MINVU) lleg\u00f3 el Decano de la Facultad de Arquitectura, Dise\u00f1o y Estudios Urbanos UC, Mario Ubilla, para sostener una reuni\u00f3n con el ministro Carlos Montes y el jefe de la Divisi\u00f3n T\u00e9cnica del MINUV, Ricardo Carvajal, junto al presidente de CORMA y acad\u00e9mico de la escuela de Arquitectura UC, Juan Jos\u00e9 Ugarte, y representantes del Centro de Innovaci\u00f3n en Madera (CIM UC) y el Centro Nacional de Excelencia para la Industria de la Madera (CENAMAD).\" \/>\n<meta name=\"robots\" content=\"index, follow, max-snippet:-1, max-image-preview:large, max-video-preview:-1\" \/>\n<link rel=\"canonical\" href=\"https:\/\/fadeu.urantiacos.cl\/en\/2022\/05\/03\/deficit-habitacional-e-industrializacion-de-la-madera-decano-mario-ubilla-y-representates-del-cenamad-se-reunieron-con-el-ministro-de-vivienda-y-urbanismo-carlos-montes\/\" \/>\n<meta property=\"og:locale\" content=\"en_US\" \/>\n<meta property=\"og:type\" content=\"article\" \/>\n<meta property=\"og:title\" content=\"Deficit habitacional e industrializaci\u00f3n de la madera: Decano Mario Ubilla y representates del CENAMAD, se reunieron con el Ministro de Vivienda y Urbanismo, Carlos Montes - Facultad de Arquitectura, Dise\u00f1o y Estudios Urbanos\" \/>\n<meta property=\"og:description\" content=\"Hasta las dependencias del Ministerio de Vivienda y Urbanismo (MINVU) lleg\u00f3 el Decano de la Facultad de Arquitectura, Dise\u00f1o y Estudios Urbanos UC, Mario Ubilla, para sostener una reuni\u00f3n con el ministro Carlos Montes y el jefe de la Divisi\u00f3n T\u00e9cnica del MINUV, Ricardo Carvajal, junto al presidente de CORMA y acad\u00e9mico de la escuela de Arquitectura UC, Juan Jos\u00e9 Ugarte, y representantes del Centro de Innovaci\u00f3n en Madera (CIM UC) y el Centro Nacional de Excelencia para la Industria de la Madera (CENAMAD).\" \/>\n<meta property=\"og:url\" content=\"https:\/\/fadeu.urantiacos.cl\/en\/2022\/05\/03\/deficit-habitacional-e-industrializacion-de-la-madera-decano-mario-ubilla-y-representates-del-cenamad-se-reunieron-con-el-ministro-de-vivienda-y-urbanismo-carlos-montes\/\" \/>\n<meta property=\"og:site_name\" content=\"Facultad de Arquitectura, Dise\u00f1o y Estudios Urbanos\" \/>\n<meta property=\"article:published_time\" content=\"2022-05-04T00:36:00+00:00\" \/>\n<meta property=\"article:modified_time\" content=\"2023-09-05T00:41:12+00:00\" \/>\n<meta property=\"og:image\" content=\"https:\/\/fadeu.urantiacos.cl\/wp-content\/uploads\/2023\/09\/WEB_IMG_2772.jpg\" \/>\n\t<meta property=\"og:image:width\" content=\"350\" \/>\n\t<meta property=\"og:image:height\" content=\"250\" \/>\n\t<meta property=\"og:image:type\" content=\"image\/jpeg\" \/>\n<meta name=\"author\" content=\"manadmin\" \/>\n<meta name=\"twitter:card\" content=\"summary_large_image\" \/>\n<meta name=\"twitter:label1\" content=\"Written by\" \/>\n\t<meta name=\"twitter:data1\" content=\"manadmin\" \/>\n\t<meta name=\"twitter:label2\" content=\"Est. reading time\" \/>\n\t<meta name=\"twitter:data2\" content=\"4 minutes\" \/>\n<script type=\"application\/ld+json\" class=\"yoast-schema-graph\">{\"@context\":\"https:\/\/schema.org\",\"@graph\":[{\"@type\":\"Article\",\"@id\":\"https:\/\/fadeu.urantiacos.cl\/en\/2022\/05\/03\/deficit-habitacional-e-industrializacion-de-la-madera-decano-mario-ubilla-y-representates-del-cenamad-se-reunieron-con-el-ministro-de-vivienda-y-urbanismo-carlos-montes\/#article\",\"isPartOf\":{\"@id\":\"https:\/\/fadeu.urantiacos.cl\/en\/2022\/05\/03\/deficit-habitacional-e-industrializacion-de-la-madera-decano-mario-ubilla-y-representates-del-cenamad-se-reunieron-con-el-ministro-de-vivienda-y-urbanismo-carlos-montes\/\"},\"author\":{\"name\":\"manadmin\",\"@id\":\"https:\/\/fadeu.urantiacos.cl\/en\/#\/schema\/person\/d203e2e84b1c40275eac77b3061a19a2\"},\"headline\":\"Deficit habitacional e industrializaci\u00f3n de la madera: Decano Mario Ubilla y representates del CENAMAD, se reunieron con el Ministro de Vivienda y Urbanismo, Carlos Montes\",\"datePublished\":\"2022-05-04T00:36:00+00:00\",\"dateModified\":\"2023-09-05T00:41:12+00:00\",\"mainEntityOfPage\":{\"@id\":\"https:\/\/fadeu.urantiacos.cl\/en\/2022\/05\/03\/deficit-habitacional-e-industrializacion-de-la-madera-decano-mario-ubilla-y-representates-del-cenamad-se-reunieron-con-el-ministro-de-vivienda-y-urbanismo-carlos-montes\/\"},\"wordCount\":865,\"commentCount\":0,\"image\":{\"@id\":\"https:\/\/fadeu.urantiacos.cl\/en\/2022\/05\/03\/deficit-habitacional-e-industrializacion-de-la-madera-decano-mario-ubilla-y-representates-del-cenamad-se-reunieron-con-el-ministro-de-vivienda-y-urbanismo-carlos-montes\/#primaryimage\"},\"thumbnailUrl\":\"https:\/\/fadeu.urantiacos.cl\/wp-content\/uploads\/2023\/09\/WEB_IMG_2772.jpg\",\"articleSection\":[\"Sin categorizar\"],\"inLanguage\":\"en-US\",\"potentialAction\":[{\"@type\":\"CommentAction\",\"name\":\"Comment\",\"target\":[\"https:\/\/fadeu.urantiacos.cl\/en\/2022\/05\/03\/deficit-habitacional-e-industrializacion-de-la-madera-decano-mario-ubilla-y-representates-del-cenamad-se-reunieron-con-el-ministro-de-vivienda-y-urbanismo-carlos-montes\/#respond\"]}]},{\"@type\":\"WebPage\",\"@id\":\"https:\/\/fadeu.urantiacos.cl\/en\/2022\/05\/03\/deficit-habitacional-e-industrializacion-de-la-madera-decano-mario-ubilla-y-representates-del-cenamad-se-reunieron-con-el-ministro-de-vivienda-y-urbanismo-carlos-montes\/\",\"url\":\"https:\/\/fadeu.urantiacos.cl\/en\/2022\/05\/03\/deficit-habitacional-e-industrializacion-de-la-madera-decano-mario-ubilla-y-representates-del-cenamad-se-reunieron-con-el-ministro-de-vivienda-y-urbanismo-carlos-montes\/\",\"name\":\"Deficit habitacional e industrializaci\u00f3n de la madera: Decano Mario Ubilla y representates del CENAMAD, se reunieron con el Ministro de Vivienda y Urbanismo, Carlos Montes - Facultad de Arquitectura, Dise\u00f1o y Estudios Urbanos\",\"isPartOf\":{\"@id\":\"https:\/\/fadeu.urantiacos.cl\/en\/#website\"},\"primaryImageOfPage\":{\"@id\":\"https:\/\/fadeu.urantiacos.cl\/en\/2022\/05\/03\/deficit-habitacional-e-industrializacion-de-la-madera-decano-mario-ubilla-y-representates-del-cenamad-se-reunieron-con-el-ministro-de-vivienda-y-urbanismo-carlos-montes\/#primaryimage\"},\"image\":{\"@id\":\"https:\/\/fadeu.urantiacos.cl\/en\/2022\/05\/03\/deficit-habitacional-e-industrializacion-de-la-madera-decano-mario-ubilla-y-representates-del-cenamad-se-reunieron-con-el-ministro-de-vivienda-y-urbanismo-carlos-montes\/#primaryimage\"},\"thumbnailUrl\":\"https:\/\/fadeu.urantiacos.cl\/wp-content\/uploads\/2023\/09\/WEB_IMG_2772.jpg\",\"datePublished\":\"2022-05-04T00:36:00+00:00\",\"dateModified\":\"2023-09-05T00:41:12+00:00\",\"author\":{\"@id\":\"https:\/\/fadeu.urantiacos.cl\/en\/#\/schema\/person\/d203e2e84b1c40275eac77b3061a19a2\"},\"description\":\"Hasta las dependencias del Ministerio de Vivienda y Urbanismo (MINVU) lleg\u00f3 el Decano de la Facultad de Arquitectura, Dise\u00f1o y Estudios Urbanos UC, Mario Ubilla, para sostener una reuni\u00f3n con el ministro Carlos Montes y el jefe de la Divisi\u00f3n T\u00e9cnica del MINUV, Ricardo Carvajal, junto al presidente de CORMA y acad\u00e9mico de la escuela de Arquitectura UC, Juan Jos\u00e9 Ugarte, y representantes del Centro de Innovaci\u00f3n en Madera (CIM UC) y el Centro Nacional de Excelencia para la Industria de la Madera (CENAMAD).\",\"breadcrumb\":{\"@id\":\"https:\/\/fadeu.urantiacos.cl\/en\/2022\/05\/03\/deficit-habitacional-e-industrializacion-de-la-madera-decano-mario-ubilla-y-representates-del-cenamad-se-reunieron-con-el-ministro-de-vivienda-y-urbanismo-carlos-montes\/#breadcrumb\"},\"inLanguage\":\"en-US\",\"potentialAction\":[{\"@type\":\"ReadAction\",\"target\":[\"https:\/\/fadeu.urantiacos.cl\/en\/2022\/05\/03\/deficit-habitacional-e-industrializacion-de-la-madera-decano-mario-ubilla-y-representates-del-cenamad-se-reunieron-con-el-ministro-de-vivienda-y-urbanismo-carlos-montes\/\"]}]},{\"@type\":\"ImageObject\",\"inLanguage\":\"en-US\",\"@id\":\"https:\/\/fadeu.urantiacos.cl\/en\/2022\/05\/03\/deficit-habitacional-e-industrializacion-de-la-madera-decano-mario-ubilla-y-representates-del-cenamad-se-reunieron-con-el-ministro-de-vivienda-y-urbanismo-carlos-montes\/#primaryimage\",\"url\":\"https:\/\/fadeu.urantiacos.cl\/wp-content\/uploads\/2023\/09\/WEB_IMG_2772.jpg\",\"contentUrl\":\"https:\/\/fadeu.urantiacos.cl\/wp-content\/uploads\/2023\/09\/WEB_IMG_2772.jpg\",\"width\":350,\"height\":250},{\"@type\":\"BreadcrumbList\",\"@id\":\"https:\/\/fadeu.urantiacos.cl\/en\/2022\/05\/03\/deficit-habitacional-e-industrializacion-de-la-madera-decano-mario-ubilla-y-representates-del-cenamad-se-reunieron-con-el-ministro-de-vivienda-y-urbanismo-carlos-montes\/#breadcrumb\",\"itemListElement\":[{\"@type\":\"ListItem\",\"position\":1,\"name\":\"Portada\",\"item\":\"https:\/\/fadeu.urantiacos.cl\/en\/\"},{\"@type\":\"ListItem\",\"position\":2,\"name\":\"Deficit habitacional e industrializaci\u00f3n de la madera: Decano Mario Ubilla y representates del CENAMAD, se reunieron con el Ministro de Vivienda y Urbanismo, Carlos Montes\"}]},{\"@type\":\"WebSite\",\"@id\":\"https:\/\/fadeu.urantiacos.cl\/en\/#website\",\"url\":\"https:\/\/fadeu.urantiacos.cl\/en\/\",\"name\":\"Facultad de Arquitectura, Dise\u00f1o y Estudios Urbanos\",\"description\":\"Campus Lo Contador\",\"potentialAction\":[{\"@type\":\"SearchAction\",\"target\":{\"@type\":\"EntryPoint\",\"urlTemplate\":\"https:\/\/fadeu.urantiacos.cl\/en\/?s={search_term_string}\"},\"query-input\":{\"@type\":\"PropertyValueSpecification\",\"valueRequired\":true,\"valueName\":\"search_term_string\"}}],\"inLanguage\":\"en-US\"},{\"@type\":\"Person\",\"@id\":\"https:\/\/fadeu.urantiacos.cl\/en\/#\/schema\/person\/d203e2e84b1c40275eac77b3061a19a2\",\"name\":\"manadmin\",\"image\":{\"@type\":\"ImageObject\",\"inLanguage\":\"en-US\",\"@id\":\"https:\/\/fadeu.urantiacos.cl\/en\/#\/schema\/person\/image\/\",\"url\":\"https:\/\/secure.gravatar.com\/avatar\/4b1d8e3303b4a9d8968ac578947d8bc80d9aea359f388cdd4aac15cadc0e8447?s=96&d=mm&r=g\",\"contentUrl\":\"https:\/\/secure.gravatar.com\/avatar\/4b1d8e3303b4a9d8968ac578947d8bc80d9aea359f388cdd4aac15cadc0e8447?s=96&d=mm&r=g\",\"caption\":\"manadmin\"},\"sameAs\":[\"https:\/\/fadeu.urantiacos.cl\"]}]}<\/script>\n<!-- \/ Yoast SEO plugin. -->","yoast_head_json":{"title":"Deficit habitacional e industrializaci\u00f3n de la madera: Decano Mario Ubilla y representates del CENAMAD, se reunieron con el Ministro de Vivienda y Urbanismo, Carlos Montes - Facultad de Arquitectura, Dise\u00f1o y Estudios Urbanos","description":"Hasta las dependencias del Ministerio de Vivienda y Urbanismo (MINVU) lleg\u00f3 el Decano de la Facultad de Arquitectura, Dise\u00f1o y Estudios Urbanos UC, Mario Ubilla, para sostener una reuni\u00f3n con el ministro Carlos Montes y el jefe de la Divisi\u00f3n T\u00e9cnica del MINUV, Ricardo Carvajal, junto al presidente de CORMA y acad\u00e9mico de la escuela de Arquitectura UC, Juan Jos\u00e9 Ugarte, y representantes del Centro de Innovaci\u00f3n en Madera (CIM UC) y el Centro Nacional de Excelencia para la Industria de la Madera (CENAMAD).","robots":{"index":"index","follow":"follow","max-snippet":"max-snippet:-1","max-image-preview":"max-image-preview:large","max-video-preview":"max-video-preview:-1"},"canonical":"https:\/\/fadeu.urantiacos.cl\/en\/2022\/05\/03\/deficit-habitacional-e-industrializacion-de-la-madera-decano-mario-ubilla-y-representates-del-cenamad-se-reunieron-con-el-ministro-de-vivienda-y-urbanismo-carlos-montes\/","og_locale":"en_US","og_type":"article","og_title":"Deficit habitacional e industrializaci\u00f3n de la madera: Decano Mario Ubilla y representates del CENAMAD, se reunieron con el Ministro de Vivienda y Urbanismo, Carlos Montes - Facultad de Arquitectura, Dise\u00f1o y Estudios Urbanos","og_description":"Hasta las dependencias del Ministerio de Vivienda y Urbanismo (MINVU) lleg\u00f3 el Decano de la Facultad de Arquitectura, Dise\u00f1o y Estudios Urbanos UC, Mario Ubilla, para sostener una reuni\u00f3n con el ministro Carlos Montes y el jefe de la Divisi\u00f3n T\u00e9cnica del MINUV, Ricardo Carvajal, junto al presidente de CORMA y acad\u00e9mico de la escuela de Arquitectura UC, Juan Jos\u00e9 Ugarte, y representantes del Centro de Innovaci\u00f3n en Madera (CIM UC) y el Centro Nacional de Excelencia para la Industria de la Madera (CENAMAD).","og_url":"https:\/\/fadeu.urantiacos.cl\/en\/2022\/05\/03\/deficit-habitacional-e-industrializacion-de-la-madera-decano-mario-ubilla-y-representates-del-cenamad-se-reunieron-con-el-ministro-de-vivienda-y-urbanismo-carlos-montes\/","og_site_name":"Facultad de Arquitectura, Dise\u00f1o y Estudios Urbanos","article_published_time":"2022-05-04T00:36:00+00:00","article_modified_time":"2023-09-05T00:41:12+00:00","og_image":[{"width":350,"height":250,"url":"https:\/\/fadeu.urantiacos.cl\/wp-content\/uploads\/2023\/09\/WEB_IMG_2772.jpg","type":"image\/jpeg"}],"author":"manadmin","twitter_card":"summary_large_image","twitter_misc":{"Written by":"manadmin","Est. reading time":"4 minutes"},"schema":{"@context":"https:\/\/schema.org","@graph":[{"@type":"Article","@id":"https:\/\/fadeu.urantiacos.cl\/en\/2022\/05\/03\/deficit-habitacional-e-industrializacion-de-la-madera-decano-mario-ubilla-y-representates-del-cenamad-se-reunieron-con-el-ministro-de-vivienda-y-urbanismo-carlos-montes\/#article","isPartOf":{"@id":"https:\/\/fadeu.urantiacos.cl\/en\/2022\/05\/03\/deficit-habitacional-e-industrializacion-de-la-madera-decano-mario-ubilla-y-representates-del-cenamad-se-reunieron-con-el-ministro-de-vivienda-y-urbanismo-carlos-montes\/"},"author":{"name":"manadmin","@id":"https:\/\/fadeu.urantiacos.cl\/en\/#\/schema\/person\/d203e2e84b1c40275eac77b3061a19a2"},"headline":"Deficit habitacional e industrializaci\u00f3n de la madera: Decano Mario Ubilla y representates del CENAMAD, se reunieron con el Ministro de Vivienda y Urbanismo, Carlos Montes","datePublished":"2022-05-04T00:36:00+00:00","dateModified":"2023-09-05T00:41:12+00:00","mainEntityOfPage":{"@id":"https:\/\/fadeu.urantiacos.cl\/en\/2022\/05\/03\/deficit-habitacional-e-industrializacion-de-la-madera-decano-mario-ubilla-y-representates-del-cenamad-se-reunieron-con-el-ministro-de-vivienda-y-urbanismo-carlos-montes\/"},"wordCount":865,"commentCount":0,"image":{"@id":"https:\/\/fadeu.urantiacos.cl\/en\/2022\/05\/03\/deficit-habitacional-e-industrializacion-de-la-madera-decano-mario-ubilla-y-representates-del-cenamad-se-reunieron-con-el-ministro-de-vivienda-y-urbanismo-carlos-montes\/#primaryimage"},"thumbnailUrl":"https:\/\/fadeu.urantiacos.cl\/wp-content\/uploads\/2023\/09\/WEB_IMG_2772.jpg","articleSection":["Sin categorizar"],"inLanguage":"en-US","potentialAction":[{"@type":"CommentAction","name":"Comment","target":["https:\/\/fadeu.urantiacos.cl\/en\/2022\/05\/03\/deficit-habitacional-e-industrializacion-de-la-madera-decano-mario-ubilla-y-representates-del-cenamad-se-reunieron-con-el-ministro-de-vivienda-y-urbanismo-carlos-montes\/#respond"]}]},{"@type":"WebPage","@id":"https:\/\/fadeu.urantiacos.cl\/en\/2022\/05\/03\/deficit-habitacional-e-industrializacion-de-la-madera-decano-mario-ubilla-y-representates-del-cenamad-se-reunieron-con-el-ministro-de-vivienda-y-urbanismo-carlos-montes\/","url":"https:\/\/fadeu.urantiacos.cl\/en\/2022\/05\/03\/deficit-habitacional-e-industrializacion-de-la-madera-decano-mario-ubilla-y-representates-del-cenamad-se-reunieron-con-el-ministro-de-vivienda-y-urbanismo-carlos-montes\/","name":"Deficit habitacional e industrializaci\u00f3n de la madera: Decano Mario Ubilla y representates del CENAMAD, se reunieron con el Ministro de Vivienda y Urbanismo, Carlos Montes - Facultad de Arquitectura, Dise\u00f1o y Estudios Urbanos","isPartOf":{"@id":"https:\/\/fadeu.urantiacos.cl\/en\/#website"},"primaryImageOfPage":{"@id":"https:\/\/fadeu.urantiacos.cl\/en\/2022\/05\/03\/deficit-habitacional-e-industrializacion-de-la-madera-decano-mario-ubilla-y-representates-del-cenamad-se-reunieron-con-el-ministro-de-vivienda-y-urbanismo-carlos-montes\/#primaryimage"},"image":{"@id":"https:\/\/fadeu.urantiacos.cl\/en\/2022\/05\/03\/deficit-habitacional-e-industrializacion-de-la-madera-decano-mario-ubilla-y-representates-del-cenamad-se-reunieron-con-el-ministro-de-vivienda-y-urbanismo-carlos-montes\/#primaryimage"},"thumbnailUrl":"https:\/\/fadeu.urantiacos.cl\/wp-content\/uploads\/2023\/09\/WEB_IMG_2772.jpg","datePublished":"2022-05-04T00:36:00+00:00","dateModified":"2023-09-05T00:41:12+00:00","author":{"@id":"https:\/\/fadeu.urantiacos.cl\/en\/#\/schema\/person\/d203e2e84b1c40275eac77b3061a19a2"},"description":"Hasta las dependencias del Ministerio de Vivienda y Urbanismo (MINVU) lleg\u00f3 el Decano de la Facultad de Arquitectura, Dise\u00f1o y Estudios Urbanos UC, Mario Ubilla, para sostener una reuni\u00f3n con el ministro Carlos Montes y el jefe de la Divisi\u00f3n T\u00e9cnica del MINUV, Ricardo Carvajal, junto al presidente de CORMA y acad\u00e9mico de la escuela de Arquitectura UC, Juan Jos\u00e9 Ugarte, y representantes del Centro de Innovaci\u00f3n en Madera (CIM UC) y el Centro Nacional de Excelencia para la Industria de la Madera (CENAMAD).","breadcrumb":{"@id":"https:\/\/fadeu.urantiacos.cl\/en\/2022\/05\/03\/deficit-habitacional-e-industrializacion-de-la-madera-decano-mario-ubilla-y-representates-del-cenamad-se-reunieron-con-el-ministro-de-vivienda-y-urbanismo-carlos-montes\/#breadcrumb"},"inLanguage":"en-US","potentialAction":[{"@type":"ReadAction","target":["https:\/\/fadeu.urantiacos.cl\/en\/2022\/05\/03\/deficit-habitacional-e-industrializacion-de-la-madera-decano-mario-ubilla-y-representates-del-cenamad-se-reunieron-con-el-ministro-de-vivienda-y-urbanismo-carlos-montes\/"]}]},{"@type":"ImageObject","inLanguage":"en-US","@id":"https:\/\/fadeu.urantiacos.cl\/en\/2022\/05\/03\/deficit-habitacional-e-industrializacion-de-la-madera-decano-mario-ubilla-y-representates-del-cenamad-se-reunieron-con-el-ministro-de-vivienda-y-urbanismo-carlos-montes\/#primaryimage","url":"https:\/\/fadeu.urantiacos.cl\/wp-content\/uploads\/2023\/09\/WEB_IMG_2772.jpg","contentUrl":"https:\/\/fadeu.urantiacos.cl\/wp-content\/uploads\/2023\/09\/WEB_IMG_2772.jpg","width":350,"height":250},{"@type":"BreadcrumbList","@id":"https:\/\/fadeu.urantiacos.cl\/en\/2022\/05\/03\/deficit-habitacional-e-industrializacion-de-la-madera-decano-mario-ubilla-y-representates-del-cenamad-se-reunieron-con-el-ministro-de-vivienda-y-urbanismo-carlos-montes\/#breadcrumb","itemListElement":[{"@type":"ListItem","position":1,"name":"Portada","item":"https:\/\/fadeu.urantiacos.cl\/en\/"},{"@type":"ListItem","position":2,"name":"Deficit habitacional e industrializaci\u00f3n de la madera: Decano Mario Ubilla y representates del CENAMAD, se reunieron con el Ministro de Vivienda y Urbanismo, Carlos Montes"}]},{"@type":"WebSite","@id":"https:\/\/fadeu.urantiacos.cl\/en\/#website","url":"https:\/\/fadeu.urantiacos.cl\/en\/","name":"Facultad de Arquitectura, Dise\u00f1o y Estudios Urbanos","description":"Campus Lo Contador","potentialAction":[{"@type":"SearchAction","target":{"@type":"EntryPoint","urlTemplate":"https:\/\/fadeu.urantiacos.cl\/en\/?s={search_term_string}"},"query-input":{"@type":"PropertyValueSpecification","valueRequired":true,"valueName":"search_term_string"}}],"inLanguage":"en-US"},{"@type":"Person","@id":"https:\/\/fadeu.urantiacos.cl\/en\/#\/schema\/person\/d203e2e84b1c40275eac77b3061a19a2","name":"manadmin","image":{"@type":"ImageObject","inLanguage":"en-US","@id":"https:\/\/fadeu.urantiacos.cl\/en\/#\/schema\/person\/image\/","url":"https:\/\/secure.gravatar.com\/avatar\/4b1d8e3303b4a9d8968ac578947d8bc80d9aea359f388cdd4aac15cadc0e8447?s=96&d=mm&r=g","contentUrl":"https:\/\/secure.gravatar.com\/avatar\/4b1d8e3303b4a9d8968ac578947d8bc80d9aea359f388cdd4aac15cadc0e8447?s=96&d=mm&r=g","caption":"manadmin"},"sameAs":["https:\/\/fadeu.urantiacos.cl"]}]}},"_links":{"self":[{"href":"https:\/\/fadeu.urantiacos.cl\/en\/wp-json\/wp\/v2\/posts\/4970","targetHints":{"allow":["GET"]}}],"collection":[{"href":"https:\/\/fadeu.urantiacos.cl\/en\/wp-json\/wp\/v2\/posts"}],"about":[{"href":"https:\/\/fadeu.urantiacos.cl\/en\/wp-json\/wp\/v2\/types\/post"}],"author":[{"embeddable":true,"href":"https:\/\/fadeu.urantiacos.cl\/en\/wp-json\/wp\/v2\/users\/1"}],"replies":[{"embeddable":true,"href":"https:\/\/fadeu.urantiacos.cl\/en\/wp-json\/wp\/v2\/comments?post=4970"}],"version-history":[{"count":1,"href":"https:\/\/fadeu.urantiacos.cl\/en\/wp-json\/wp\/v2\/posts\/4970\/revisions"}],"predecessor-version":[{"id":4973,"href":"https:\/\/fadeu.urantiacos.cl\/en\/wp-json\/wp\/v2\/posts\/4970\/revisions\/4973"}],"wp:featuredmedia":[{"embeddable":true,"href":"https:\/\/fadeu.urantiacos.cl\/en\/wp-json\/wp\/v2\/media\/4971"}],"wp:attachment":[{"href":"https:\/\/fadeu.urantiacos.cl\/en\/wp-json\/wp\/v2\/media?parent=4970"}],"wp:term":[{"taxonomy":"category","embeddable":true,"href":"https:\/\/fadeu.urantiacos.cl\/en\/wp-json\/wp\/v2\/categories?post=4970"},{"taxonomy":"post_tag","embeddable":true,"href":"https:\/\/fadeu.urantiacos.cl\/en\/wp-json\/wp\/v2\/tags?post=4970"}],"curies":[{"name":"wp","href":"https:\/\/api.w.org\/{rel}","templated":true}]}}