{"id":4959,"date":"2022-05-04T21:30:00","date_gmt":"2022-05-05T00:30:00","guid":{"rendered":"https:\/\/fadeu.urantiacos.cl\/?p=4959"},"modified":"2023-09-04T21:35:10","modified_gmt":"2023-09-05T00:35:10","slug":"profesor-german-hidalgo-expone-resultados-de-investigacion-fondecyt-en-el-museo-benjamin-vicuna-mackenna","status":"publish","type":"post","link":"https:\/\/fadeu.urantiacos.cl\/en\/2022\/05\/04\/profesor-german-hidalgo-expone-resultados-de-investigacion-fondecyt-en-el-museo-benjamin-vicuna-mackenna\/","title":{"rendered":"Profesor Germ\u00e1n Hidalgo expone resultados de investigaci\u00f3n Fondecyt en el museo Benjam\u00edn Vicu\u00f1a Mackenna"},"content":{"rendered":"\n<figure class=\"wp-block-image size-full\"><img decoding=\"async\" width=\"350\" height=\"250\" src=\"https:\/\/fadeu.urantiacos.cl\/wp-content\/uploads\/2023\/09\/WEB_WhatsApp_Image_2022-05-04_at_12.46.07_PM_1.jpg\" alt=\"\" class=\"wp-image-4960\" srcset=\"https:\/\/fadeu.urantiacos.cl\/wp-content\/uploads\/2023\/09\/WEB_WhatsApp_Image_2022-05-04_at_12.46.07_PM_1.jpg 350w, https:\/\/fadeu.urantiacos.cl\/wp-content\/uploads\/2023\/09\/WEB_WhatsApp_Image_2022-05-04_at_12.46.07_PM_1-300x214.jpg 300w\" sizes=\"(max-width: 350px) 100vw, 350px\" \/><\/figure>\n\n\n\n<p>Se trata de una investigaci\u00f3n interdisciplinaria, abocada al estudio del plano de Santiago de 1875, realizado por Ernesto Ansart, a solicitud de Benjam\u00edn Vicu\u00f1a Mackenna, como insumo principal para hacerse una imagen cierta y una explicaci\u00f3n veros\u00edmil del estado de la ciudad en aquel momento, cuando se ha superado la etapa colonial y se inicia la modernizaci\u00f3n.<\/p>\n\n\n\n<p>El equipo de investigadores estuvo compuesto, adem\u00e1s, por los profesores Wren Strabucchi (escuela de Arquitectura); Jos\u00e9 Rosas (escuela de Arquitectura e Instituto de Estudios Urbanos y Territoriales) y Macarena Ibarra (Instituto de Estudios Urbanos y Territoriales). Colaboraron, adem\u00e1s, los profesores Pedro Bannen y Arturo Almandoz.<\/p>\n\n\n\n<p><strong>Impresiones<\/strong><\/p>\n\n\n\n<p>\u201cNo solo se trata de un trabajo analizado y desmenuzado desde la \u00f3ptica arquitect\u00f3nica, con todo lo que supone el plano realizado por Ernesto Ansart, sino tambi\u00e9n de un an\u00e1lisis desde la planificaci\u00f3n urbana (considerando el plan que Vicu\u00f1a Mackenna ten\u00eda para el crecimiento y expansi\u00f3n del gran Santiago), y tambi\u00e9n desde la historia, revisando c\u00f3mo se produc\u00edan estos procesos a\u00f1os atr\u00e1s para tambi\u00e9n comprender parte de esos fen\u00f3menos hoy\u201d, coment\u00f3 el decano Mario Ubilla en la inauguraci\u00f3n.<\/p>\n\n\n\n<p>A lo anterior, Ubilla agreg\u00f3 que \u201cinvestigaci\u00f3n de Germ\u00e1n Hidalgo y su equipo reivindica la arquitectura, el dise\u00f1o y la planificaci\u00f3n como ejes centrales de la construcci\u00f3n de ciudad, y promueve una discusi\u00f3n disciplinar enriquecedora e interesante respecto de los alcances de uno de los primeros levantamientos y esbozos de la planificaci\u00f3n -en ese entonces, futura- del gran Santiago, que ha sido estudiada desde \u00e1ngulos y \u00f3pticas disciplinares diversas (historia, arquitectura, planificaci\u00f3n y urbanismo)\u201d.<\/p>\n\n\n\n<p>Por su parte, el profesor Hidalgo agradeci\u00f3 el apoyo de la Facultad de Arquitectura, Dise\u00f1o y Estudios Urbanos, ANID y al equipo de investigadores e investigadoras que han acompa\u00f1ado la gesti\u00f3n de este proyecto, advirtiendo que \u201clos materiales reunidos en esta exposici\u00f3n se proponen mostrar la ciudad que Vicu\u00f1a Mackenna quiso transformar, insertados en una trama que se complementa y profundiza con uno de los pasajes m\u00e1s importantes de su obra, la transformaci\u00f3n de Santiago, decantada en el plano de Santiago de 1872-75 que ha sido el motivo de nuestro trabajo de los \u00faltimos tres a\u00f1os\u201d.<\/p>\n\n\n\n<p>\u201cLa canalizaci\u00f3n del r\u00edo Mapocho, el Camino de Cintura, el Paseo de Santa Luc\u00eda y la transformaci\u00f3n del Paseo de la Alameda son parte importante de este proyecto, y es este un momento en que debemos agradecer al Decano Ubilla por su apoyo permanente a nuestro trabajo, a la escuela de Arquitectura y su director Luis Eduardo Bresciani, a la revista ARQ y su director Francisco D\u00edaz, a ANID, a la Pontificia Universidad Cat\u00f3lica de Chile y a los profesionales de la Direcci\u00f3n de Obras de la Municipalidad de Santiago que han sido generosos con sus aportes para ir construyendo este trabajo\u201d, agreg\u00f3 Hidalgo.<\/p>\n\n\n\n<p>El museo Benjam\u00edn Vicu\u00f1a Mackenna est\u00e1 ubicado en Vicu\u00f1a Mackenna 94, a pasos del metro estaci\u00f3n Bustamante. La entrada es liberada.<\/p>\n\n\n\n<figure class=\"wp-block-image size-large\"><img decoding=\"async\" width=\"1024\" height=\"766\" src=\"https:\/\/fadeu.urantiacos.cl\/wp-content\/uploads\/2023\/09\/WhatsApp_Image_2022-05-04_at_12.11.37_PM-1024x766.jpeg\" alt=\"\" class=\"wp-image-4961\" srcset=\"https:\/\/fadeu.urantiacos.cl\/wp-content\/uploads\/2023\/09\/WhatsApp_Image_2022-05-04_at_12.11.37_PM-1024x766.jpeg 1024w, https:\/\/fadeu.urantiacos.cl\/wp-content\/uploads\/2023\/09\/WhatsApp_Image_2022-05-04_at_12.11.37_PM-300x225.jpeg 300w, https:\/\/fadeu.urantiacos.cl\/wp-content\/uploads\/2023\/09\/WhatsApp_Image_2022-05-04_at_12.11.37_PM-768x575.jpeg 768w, https:\/\/fadeu.urantiacos.cl\/wp-content\/uploads\/2023\/09\/WhatsApp_Image_2022-05-04_at_12.11.37_PM.jpeg 1280w\" sizes=\"(max-width: 1024px) 100vw, 1024px\" \/><\/figure>\n\n\n\n<figure class=\"wp-block-image size-large\"><img decoding=\"async\" width=\"1024\" height=\"766\" src=\"https:\/\/fadeu.urantiacos.cl\/wp-content\/uploads\/2023\/09\/WhatsApp_Image_2022-05-04_at_12.11.40_PM-1024x766.jpeg\" alt=\"\" class=\"wp-image-4962\" srcset=\"https:\/\/fadeu.urantiacos.cl\/wp-content\/uploads\/2023\/09\/WhatsApp_Image_2022-05-04_at_12.11.40_PM-1024x766.jpeg 1024w, https:\/\/fadeu.urantiacos.cl\/wp-content\/uploads\/2023\/09\/WhatsApp_Image_2022-05-04_at_12.11.40_PM-300x225.jpeg 300w, https:\/\/fadeu.urantiacos.cl\/wp-content\/uploads\/2023\/09\/WhatsApp_Image_2022-05-04_at_12.11.40_PM-768x575.jpeg 768w, https:\/\/fadeu.urantiacos.cl\/wp-content\/uploads\/2023\/09\/WhatsApp_Image_2022-05-04_at_12.11.40_PM.jpeg 1280w\" sizes=\"(max-width: 1024px) 100vw, 1024px\" \/><\/figure>\n\n\n\n<figure class=\"wp-block-image size-large\"><img decoding=\"async\" width=\"1024\" height=\"766\" src=\"https:\/\/fadeu.urantiacos.cl\/wp-content\/uploads\/2023\/09\/WhatsApp_Image_2022-05-04_at_12.39.46_PM-1024x766.jpeg\" alt=\"\" class=\"wp-image-4963\" srcset=\"https:\/\/fadeu.urantiacos.cl\/wp-content\/uploads\/2023\/09\/WhatsApp_Image_2022-05-04_at_12.39.46_PM-1024x766.jpeg 1024w, https:\/\/fadeu.urantiacos.cl\/wp-content\/uploads\/2023\/09\/WhatsApp_Image_2022-05-04_at_12.39.46_PM-300x225.jpeg 300w, https:\/\/fadeu.urantiacos.cl\/wp-content\/uploads\/2023\/09\/WhatsApp_Image_2022-05-04_at_12.39.46_PM-768x575.jpeg 768w, https:\/\/fadeu.urantiacos.cl\/wp-content\/uploads\/2023\/09\/WhatsApp_Image_2022-05-04_at_12.39.46_PM.jpeg 1280w\" sizes=\"(max-width: 1024px) 100vw, 1024px\" \/><\/figure>\n\n\n\n<figure class=\"wp-block-image size-large\"><img decoding=\"async\" width=\"1024\" height=\"766\" src=\"https:\/\/fadeu.urantiacos.cl\/wp-content\/uploads\/2023\/09\/WhatsApp_Image_2022-05-04_at_12.44.18_PM-1024x766.jpeg\" alt=\"\" class=\"wp-image-4964\" srcset=\"https:\/\/fadeu.urantiacos.cl\/wp-content\/uploads\/2023\/09\/WhatsApp_Image_2022-05-04_at_12.44.18_PM-1024x766.jpeg 1024w, https:\/\/fadeu.urantiacos.cl\/wp-content\/uploads\/2023\/09\/WhatsApp_Image_2022-05-04_at_12.44.18_PM-300x225.jpeg 300w, https:\/\/fadeu.urantiacos.cl\/wp-content\/uploads\/2023\/09\/WhatsApp_Image_2022-05-04_at_12.44.18_PM-768x575.jpeg 768w, https:\/\/fadeu.urantiacos.cl\/wp-content\/uploads\/2023\/09\/WhatsApp_Image_2022-05-04_at_12.44.18_PM.jpeg 1280w\" sizes=\"(max-width: 1024px) 100vw, 1024px\" \/><\/figure>\n\n\n\n<figure class=\"wp-block-image size-large\"><img decoding=\"async\" width=\"1024\" height=\"766\" src=\"https:\/\/fadeu.urantiacos.cl\/wp-content\/uploads\/2023\/09\/WhatsApp_Image_2022-05-04_at_12.44.37_PM-1024x766.jpeg\" alt=\"\" class=\"wp-image-4965\" srcset=\"https:\/\/fadeu.urantiacos.cl\/wp-content\/uploads\/2023\/09\/WhatsApp_Image_2022-05-04_at_12.44.37_PM-1024x766.jpeg 1024w, https:\/\/fadeu.urantiacos.cl\/wp-content\/uploads\/2023\/09\/WhatsApp_Image_2022-05-04_at_12.44.37_PM-300x225.jpeg 300w, https:\/\/fadeu.urantiacos.cl\/wp-content\/uploads\/2023\/09\/WhatsApp_Image_2022-05-04_at_12.44.37_PM-768x575.jpeg 768w, https:\/\/fadeu.urantiacos.cl\/wp-content\/uploads\/2023\/09\/WhatsApp_Image_2022-05-04_at_12.44.37_PM.jpeg 1280w\" sizes=\"(max-width: 1024px) 100vw, 1024px\" \/><\/figure>\n\n\n\n<p>\u00a0INFORMACI\u00d3N PERIOD\u00cdSTICA<br>JUAN ANDR\u00c9N INZUNZA<\/p>\n","protected":false},"excerpt":{"rendered":"<p>\u201cTransformaci\u00f3n de Santiago. A 150 a\u00f1os del plan de Vicu\u00f1a Mackenna\u201d, es el nombre de la exposici\u00f3n alojada hoy en el museo Benjam\u00edn Vicu\u00f1a Mackenna, que estar\u00e1 disponible a todo p\u00fablico hasta julio de este a\u00f1o, y que forma parte de la investigaci\u00f3n Fondecyt del profesor Germ\u00e1n Hidalgo, titulada &#8220;Santiago 1875: Desmontando el plano de Ernesto Ansart y el plan de transformaci\u00f3n de Benjam\u00edn Vicu\u00f1a Mackenna: entre la modernizaci\u00f3n de la ciudad capital y el emergente urbanismo residencial&#8221;.<\/p>\n","protected":false},"author":1,"featured_media":4960,"comment_status":"open","ping_status":"open","sticky":false,"template":"","format":"standard","meta":{"_acf_changed":false,"footnotes":""},"categories":[1],"tags":[],"class_list":["post-4959","post","type-post","status-publish","format-standard","has-post-thumbnail","hentry","category-sin-categorizar"],"acf":[],"yoast_head":"<!-- This site is optimized with the Yoast SEO plugin v27.1.1 - https:\/\/yoast.com\/product\/yoast-seo-wordpress\/ -->\n<title>Profesor Germ\u00e1n Hidalgo expone resultados de investigaci\u00f3n Fondecyt en el museo Benjam\u00edn Vicu\u00f1a Mackenna - Facultad de Arquitectura, Dise\u00f1o y Estudios Urbanos<\/title>\n<meta name=\"description\" content=\"\u201cTransformaci\u00f3n de Santiago. A 150 a\u00f1os del plan de Vicu\u00f1a Mackenna\u201d, es el nombre de la exposici\u00f3n alojada hoy en el museo Benjam\u00edn Vicu\u00f1a Mackenna, que estar\u00e1 disponible a todo p\u00fablico hasta julio de este a\u00f1o, y que forma parte de la investigaci\u00f3n Fondecyt del profesor Germ\u00e1n Hidalgo, titulada &quot;Santiago 1875: Desmontando el plano de Ernesto Ansart y el plan de transformaci\u00f3n de Benjam\u00edn Vicu\u00f1a Mackenna: entre la modernizaci\u00f3n de la ciudad capital y el emergente urbanismo residencial&quot;.\" \/>\n<meta name=\"robots\" content=\"index, follow, max-snippet:-1, max-image-preview:large, max-video-preview:-1\" \/>\n<link rel=\"canonical\" href=\"https:\/\/fadeu.urantiacos.cl\/en\/2022\/05\/04\/profesor-german-hidalgo-expone-resultados-de-investigacion-fondecyt-en-el-museo-benjamin-vicuna-mackenna\/\" \/>\n<meta property=\"og:locale\" content=\"en_US\" \/>\n<meta property=\"og:type\" content=\"article\" \/>\n<meta property=\"og:title\" content=\"Profesor Germ\u00e1n Hidalgo expone resultados de investigaci\u00f3n Fondecyt en el museo Benjam\u00edn Vicu\u00f1a Mackenna - Facultad de Arquitectura, Dise\u00f1o y Estudios Urbanos\" \/>\n<meta property=\"og:description\" content=\"\u201cTransformaci\u00f3n de Santiago. A 150 a\u00f1os del plan de Vicu\u00f1a Mackenna\u201d, es el nombre de la exposici\u00f3n alojada hoy en el museo Benjam\u00edn Vicu\u00f1a Mackenna, que estar\u00e1 disponible a todo p\u00fablico hasta julio de este a\u00f1o, y que forma parte de la investigaci\u00f3n Fondecyt del profesor Germ\u00e1n Hidalgo, titulada &quot;Santiago 1875: Desmontando el plano de Ernesto Ansart y el plan de transformaci\u00f3n de Benjam\u00edn Vicu\u00f1a Mackenna: entre la modernizaci\u00f3n de la ciudad capital y el emergente urbanismo residencial&quot;.\" \/>\n<meta property=\"og:url\" content=\"https:\/\/fadeu.urantiacos.cl\/en\/2022\/05\/04\/profesor-german-hidalgo-expone-resultados-de-investigacion-fondecyt-en-el-museo-benjamin-vicuna-mackenna\/\" \/>\n<meta property=\"og:site_name\" content=\"Facultad de Arquitectura, Dise\u00f1o y Estudios Urbanos\" \/>\n<meta property=\"article:published_time\" content=\"2022-05-05T00:30:00+00:00\" \/>\n<meta property=\"article:modified_time\" content=\"2023-09-05T00:35:10+00:00\" \/>\n<meta property=\"og:image\" content=\"https:\/\/fadeu.urantiacos.cl\/wp-content\/uploads\/2023\/09\/WEB_WhatsApp_Image_2022-05-04_at_12.46.07_PM_1.jpg\" \/>\n\t<meta property=\"og:image:width\" content=\"350\" \/>\n\t<meta property=\"og:image:height\" content=\"250\" \/>\n\t<meta property=\"og:image:type\" content=\"image\/jpeg\" \/>\n<meta name=\"author\" content=\"manadmin\" \/>\n<meta name=\"twitter:card\" content=\"summary_large_image\" \/>\n<meta name=\"twitter:label1\" content=\"Written by\" \/>\n\t<meta name=\"twitter:data1\" content=\"manadmin\" \/>\n\t<meta name=\"twitter:label2\" content=\"Est. reading time\" \/>\n\t<meta name=\"twitter:data2\" content=\"3 minutes\" \/>\n<script type=\"application\/ld+json\" class=\"yoast-schema-graph\">{\"@context\":\"https:\/\/schema.org\",\"@graph\":[{\"@type\":\"Article\",\"@id\":\"https:\/\/fadeu.urantiacos.cl\/en\/2022\/05\/04\/profesor-german-hidalgo-expone-resultados-de-investigacion-fondecyt-en-el-museo-benjamin-vicuna-mackenna\/#article\",\"isPartOf\":{\"@id\":\"https:\/\/fadeu.urantiacos.cl\/en\/2022\/05\/04\/profesor-german-hidalgo-expone-resultados-de-investigacion-fondecyt-en-el-museo-benjamin-vicuna-mackenna\/\"},\"author\":{\"name\":\"manadmin\",\"@id\":\"https:\/\/fadeu.urantiacos.cl\/en\/#\/schema\/person\/d203e2e84b1c40275eac77b3061a19a2\"},\"headline\":\"Profesor Germ\u00e1n Hidalgo expone resultados de investigaci\u00f3n Fondecyt en el museo Benjam\u00edn Vicu\u00f1a Mackenna\",\"datePublished\":\"2022-05-05T00:30:00+00:00\",\"dateModified\":\"2023-09-05T00:35:10+00:00\",\"mainEntityOfPage\":{\"@id\":\"https:\/\/fadeu.urantiacos.cl\/en\/2022\/05\/04\/profesor-german-hidalgo-expone-resultados-de-investigacion-fondecyt-en-el-museo-benjamin-vicuna-mackenna\/\"},\"wordCount\":549,\"commentCount\":0,\"image\":{\"@id\":\"https:\/\/fadeu.urantiacos.cl\/en\/2022\/05\/04\/profesor-german-hidalgo-expone-resultados-de-investigacion-fondecyt-en-el-museo-benjamin-vicuna-mackenna\/#primaryimage\"},\"thumbnailUrl\":\"https:\/\/fadeu.urantiacos.cl\/wp-content\/uploads\/2023\/09\/WEB_WhatsApp_Image_2022-05-04_at_12.46.07_PM_1.jpg\",\"articleSection\":[\"Sin categorizar\"],\"inLanguage\":\"en-US\",\"potentialAction\":[{\"@type\":\"CommentAction\",\"name\":\"Comment\",\"target\":[\"https:\/\/fadeu.urantiacos.cl\/en\/2022\/05\/04\/profesor-german-hidalgo-expone-resultados-de-investigacion-fondecyt-en-el-museo-benjamin-vicuna-mackenna\/#respond\"]}]},{\"@type\":\"WebPage\",\"@id\":\"https:\/\/fadeu.urantiacos.cl\/en\/2022\/05\/04\/profesor-german-hidalgo-expone-resultados-de-investigacion-fondecyt-en-el-museo-benjamin-vicuna-mackenna\/\",\"url\":\"https:\/\/fadeu.urantiacos.cl\/en\/2022\/05\/04\/profesor-german-hidalgo-expone-resultados-de-investigacion-fondecyt-en-el-museo-benjamin-vicuna-mackenna\/\",\"name\":\"Profesor Germ\u00e1n Hidalgo expone resultados de investigaci\u00f3n Fondecyt en el museo Benjam\u00edn Vicu\u00f1a Mackenna - Facultad de Arquitectura, Dise\u00f1o y Estudios Urbanos\",\"isPartOf\":{\"@id\":\"https:\/\/fadeu.urantiacos.cl\/en\/#website\"},\"primaryImageOfPage\":{\"@id\":\"https:\/\/fadeu.urantiacos.cl\/en\/2022\/05\/04\/profesor-german-hidalgo-expone-resultados-de-investigacion-fondecyt-en-el-museo-benjamin-vicuna-mackenna\/#primaryimage\"},\"image\":{\"@id\":\"https:\/\/fadeu.urantiacos.cl\/en\/2022\/05\/04\/profesor-german-hidalgo-expone-resultados-de-investigacion-fondecyt-en-el-museo-benjamin-vicuna-mackenna\/#primaryimage\"},\"thumbnailUrl\":\"https:\/\/fadeu.urantiacos.cl\/wp-content\/uploads\/2023\/09\/WEB_WhatsApp_Image_2022-05-04_at_12.46.07_PM_1.jpg\",\"datePublished\":\"2022-05-05T00:30:00+00:00\",\"dateModified\":\"2023-09-05T00:35:10+00:00\",\"author\":{\"@id\":\"https:\/\/fadeu.urantiacos.cl\/en\/#\/schema\/person\/d203e2e84b1c40275eac77b3061a19a2\"},\"description\":\"\u201cTransformaci\u00f3n de Santiago. A 150 a\u00f1os del plan de Vicu\u00f1a Mackenna\u201d, es el nombre de la exposici\u00f3n alojada hoy en el museo Benjam\u00edn Vicu\u00f1a Mackenna, que estar\u00e1 disponible a todo p\u00fablico hasta julio de este a\u00f1o, y que forma parte de la investigaci\u00f3n Fondecyt del profesor Germ\u00e1n Hidalgo, titulada \\\"Santiago 1875: Desmontando el plano de Ernesto Ansart y el plan de transformaci\u00f3n de Benjam\u00edn Vicu\u00f1a Mackenna: entre la modernizaci\u00f3n de la ciudad capital y el emergente urbanismo residencial\\\".\",\"breadcrumb\":{\"@id\":\"https:\/\/fadeu.urantiacos.cl\/en\/2022\/05\/04\/profesor-german-hidalgo-expone-resultados-de-investigacion-fondecyt-en-el-museo-benjamin-vicuna-mackenna\/#breadcrumb\"},\"inLanguage\":\"en-US\",\"potentialAction\":[{\"@type\":\"ReadAction\",\"target\":[\"https:\/\/fadeu.urantiacos.cl\/en\/2022\/05\/04\/profesor-german-hidalgo-expone-resultados-de-investigacion-fondecyt-en-el-museo-benjamin-vicuna-mackenna\/\"]}]},{\"@type\":\"ImageObject\",\"inLanguage\":\"en-US\",\"@id\":\"https:\/\/fadeu.urantiacos.cl\/en\/2022\/05\/04\/profesor-german-hidalgo-expone-resultados-de-investigacion-fondecyt-en-el-museo-benjamin-vicuna-mackenna\/#primaryimage\",\"url\":\"https:\/\/fadeu.urantiacos.cl\/wp-content\/uploads\/2023\/09\/WEB_WhatsApp_Image_2022-05-04_at_12.46.07_PM_1.jpg\",\"contentUrl\":\"https:\/\/fadeu.urantiacos.cl\/wp-content\/uploads\/2023\/09\/WEB_WhatsApp_Image_2022-05-04_at_12.46.07_PM_1.jpg\",\"width\":350,\"height\":250},{\"@type\":\"BreadcrumbList\",\"@id\":\"https:\/\/fadeu.urantiacos.cl\/en\/2022\/05\/04\/profesor-german-hidalgo-expone-resultados-de-investigacion-fondecyt-en-el-museo-benjamin-vicuna-mackenna\/#breadcrumb\",\"itemListElement\":[{\"@type\":\"ListItem\",\"position\":1,\"name\":\"Portada\",\"item\":\"https:\/\/fadeu.urantiacos.cl\/en\/\"},{\"@type\":\"ListItem\",\"position\":2,\"name\":\"Profesor Germ\u00e1n Hidalgo expone resultados de investigaci\u00f3n Fondecyt en el museo Benjam\u00edn Vicu\u00f1a Mackenna\"}]},{\"@type\":\"WebSite\",\"@id\":\"https:\/\/fadeu.urantiacos.cl\/en\/#website\",\"url\":\"https:\/\/fadeu.urantiacos.cl\/en\/\",\"name\":\"Facultad de Arquitectura, Dise\u00f1o y Estudios Urbanos\",\"description\":\"Campus Lo Contador\",\"potentialAction\":[{\"@type\":\"SearchAction\",\"target\":{\"@type\":\"EntryPoint\",\"urlTemplate\":\"https:\/\/fadeu.urantiacos.cl\/en\/?s={search_term_string}\"},\"query-input\":{\"@type\":\"PropertyValueSpecification\",\"valueRequired\":true,\"valueName\":\"search_term_string\"}}],\"inLanguage\":\"en-US\"},{\"@type\":\"Person\",\"@id\":\"https:\/\/fadeu.urantiacos.cl\/en\/#\/schema\/person\/d203e2e84b1c40275eac77b3061a19a2\",\"name\":\"manadmin\",\"image\":{\"@type\":\"ImageObject\",\"inLanguage\":\"en-US\",\"@id\":\"https:\/\/fadeu.urantiacos.cl\/en\/#\/schema\/person\/image\/\",\"url\":\"https:\/\/secure.gravatar.com\/avatar\/4b1d8e3303b4a9d8968ac578947d8bc80d9aea359f388cdd4aac15cadc0e8447?s=96&d=mm&r=g\",\"contentUrl\":\"https:\/\/secure.gravatar.com\/avatar\/4b1d8e3303b4a9d8968ac578947d8bc80d9aea359f388cdd4aac15cadc0e8447?s=96&d=mm&r=g\",\"caption\":\"manadmin\"},\"sameAs\":[\"https:\/\/fadeu.urantiacos.cl\"]}]}<\/script>\n<!-- \/ Yoast SEO plugin. -->","yoast_head_json":{"title":"Profesor Germ\u00e1n Hidalgo expone resultados de investigaci\u00f3n Fondecyt en el museo Benjam\u00edn Vicu\u00f1a Mackenna - Facultad de Arquitectura, Dise\u00f1o y Estudios Urbanos","description":"\u201cTransformaci\u00f3n de Santiago. A 150 a\u00f1os del plan de Vicu\u00f1a Mackenna\u201d, es el nombre de la exposici\u00f3n alojada hoy en el museo Benjam\u00edn Vicu\u00f1a Mackenna, que estar\u00e1 disponible a todo p\u00fablico hasta julio de este a\u00f1o, y que forma parte de la investigaci\u00f3n Fondecyt del profesor Germ\u00e1n Hidalgo, titulada \"Santiago 1875: Desmontando el plano de Ernesto Ansart y el plan de transformaci\u00f3n de Benjam\u00edn Vicu\u00f1a Mackenna: entre la modernizaci\u00f3n de la ciudad capital y el emergente urbanismo residencial\".","robots":{"index":"index","follow":"follow","max-snippet":"max-snippet:-1","max-image-preview":"max-image-preview:large","max-video-preview":"max-video-preview:-1"},"canonical":"https:\/\/fadeu.urantiacos.cl\/en\/2022\/05\/04\/profesor-german-hidalgo-expone-resultados-de-investigacion-fondecyt-en-el-museo-benjamin-vicuna-mackenna\/","og_locale":"en_US","og_type":"article","og_title":"Profesor Germ\u00e1n Hidalgo expone resultados de investigaci\u00f3n Fondecyt en el museo Benjam\u00edn Vicu\u00f1a Mackenna - Facultad de Arquitectura, Dise\u00f1o y Estudios Urbanos","og_description":"\u201cTransformaci\u00f3n de Santiago. A 150 a\u00f1os del plan de Vicu\u00f1a Mackenna\u201d, es el nombre de la exposici\u00f3n alojada hoy en el museo Benjam\u00edn Vicu\u00f1a Mackenna, que estar\u00e1 disponible a todo p\u00fablico hasta julio de este a\u00f1o, y que forma parte de la investigaci\u00f3n Fondecyt del profesor Germ\u00e1n Hidalgo, titulada \"Santiago 1875: Desmontando el plano de Ernesto Ansart y el plan de transformaci\u00f3n de Benjam\u00edn Vicu\u00f1a Mackenna: entre la modernizaci\u00f3n de la ciudad capital y el emergente urbanismo residencial\".","og_url":"https:\/\/fadeu.urantiacos.cl\/en\/2022\/05\/04\/profesor-german-hidalgo-expone-resultados-de-investigacion-fondecyt-en-el-museo-benjamin-vicuna-mackenna\/","og_site_name":"Facultad de Arquitectura, Dise\u00f1o y Estudios Urbanos","article_published_time":"2022-05-05T00:30:00+00:00","article_modified_time":"2023-09-05T00:35:10+00:00","og_image":[{"width":350,"height":250,"url":"https:\/\/fadeu.urantiacos.cl\/wp-content\/uploads\/2023\/09\/WEB_WhatsApp_Image_2022-05-04_at_12.46.07_PM_1.jpg","type":"image\/jpeg"}],"author":"manadmin","twitter_card":"summary_large_image","twitter_misc":{"Written by":"manadmin","Est. reading time":"3 minutes"},"schema":{"@context":"https:\/\/schema.org","@graph":[{"@type":"Article","@id":"https:\/\/fadeu.urantiacos.cl\/en\/2022\/05\/04\/profesor-german-hidalgo-expone-resultados-de-investigacion-fondecyt-en-el-museo-benjamin-vicuna-mackenna\/#article","isPartOf":{"@id":"https:\/\/fadeu.urantiacos.cl\/en\/2022\/05\/04\/profesor-german-hidalgo-expone-resultados-de-investigacion-fondecyt-en-el-museo-benjamin-vicuna-mackenna\/"},"author":{"name":"manadmin","@id":"https:\/\/fadeu.urantiacos.cl\/en\/#\/schema\/person\/d203e2e84b1c40275eac77b3061a19a2"},"headline":"Profesor Germ\u00e1n Hidalgo expone resultados de investigaci\u00f3n Fondecyt en el museo Benjam\u00edn Vicu\u00f1a Mackenna","datePublished":"2022-05-05T00:30:00+00:00","dateModified":"2023-09-05T00:35:10+00:00","mainEntityOfPage":{"@id":"https:\/\/fadeu.urantiacos.cl\/en\/2022\/05\/04\/profesor-german-hidalgo-expone-resultados-de-investigacion-fondecyt-en-el-museo-benjamin-vicuna-mackenna\/"},"wordCount":549,"commentCount":0,"image":{"@id":"https:\/\/fadeu.urantiacos.cl\/en\/2022\/05\/04\/profesor-german-hidalgo-expone-resultados-de-investigacion-fondecyt-en-el-museo-benjamin-vicuna-mackenna\/#primaryimage"},"thumbnailUrl":"https:\/\/fadeu.urantiacos.cl\/wp-content\/uploads\/2023\/09\/WEB_WhatsApp_Image_2022-05-04_at_12.46.07_PM_1.jpg","articleSection":["Sin categorizar"],"inLanguage":"en-US","potentialAction":[{"@type":"CommentAction","name":"Comment","target":["https:\/\/fadeu.urantiacos.cl\/en\/2022\/05\/04\/profesor-german-hidalgo-expone-resultados-de-investigacion-fondecyt-en-el-museo-benjamin-vicuna-mackenna\/#respond"]}]},{"@type":"WebPage","@id":"https:\/\/fadeu.urantiacos.cl\/en\/2022\/05\/04\/profesor-german-hidalgo-expone-resultados-de-investigacion-fondecyt-en-el-museo-benjamin-vicuna-mackenna\/","url":"https:\/\/fadeu.urantiacos.cl\/en\/2022\/05\/04\/profesor-german-hidalgo-expone-resultados-de-investigacion-fondecyt-en-el-museo-benjamin-vicuna-mackenna\/","name":"Profesor Germ\u00e1n Hidalgo expone resultados de investigaci\u00f3n Fondecyt en el museo Benjam\u00edn Vicu\u00f1a Mackenna - Facultad de Arquitectura, Dise\u00f1o y Estudios Urbanos","isPartOf":{"@id":"https:\/\/fadeu.urantiacos.cl\/en\/#website"},"primaryImageOfPage":{"@id":"https:\/\/fadeu.urantiacos.cl\/en\/2022\/05\/04\/profesor-german-hidalgo-expone-resultados-de-investigacion-fondecyt-en-el-museo-benjamin-vicuna-mackenna\/#primaryimage"},"image":{"@id":"https:\/\/fadeu.urantiacos.cl\/en\/2022\/05\/04\/profesor-german-hidalgo-expone-resultados-de-investigacion-fondecyt-en-el-museo-benjamin-vicuna-mackenna\/#primaryimage"},"thumbnailUrl":"https:\/\/fadeu.urantiacos.cl\/wp-content\/uploads\/2023\/09\/WEB_WhatsApp_Image_2022-05-04_at_12.46.07_PM_1.jpg","datePublished":"2022-05-05T00:30:00+00:00","dateModified":"2023-09-05T00:35:10+00:00","author":{"@id":"https:\/\/fadeu.urantiacos.cl\/en\/#\/schema\/person\/d203e2e84b1c40275eac77b3061a19a2"},"description":"\u201cTransformaci\u00f3n de Santiago. A 150 a\u00f1os del plan de Vicu\u00f1a Mackenna\u201d, es el nombre de la exposici\u00f3n alojada hoy en el museo Benjam\u00edn Vicu\u00f1a Mackenna, que estar\u00e1 disponible a todo p\u00fablico hasta julio de este a\u00f1o, y que forma parte de la investigaci\u00f3n Fondecyt del profesor Germ\u00e1n Hidalgo, titulada \"Santiago 1875: Desmontando el plano de Ernesto Ansart y el plan de transformaci\u00f3n de Benjam\u00edn Vicu\u00f1a Mackenna: entre la modernizaci\u00f3n de la ciudad capital y el emergente urbanismo residencial\".","breadcrumb":{"@id":"https:\/\/fadeu.urantiacos.cl\/en\/2022\/05\/04\/profesor-german-hidalgo-expone-resultados-de-investigacion-fondecyt-en-el-museo-benjamin-vicuna-mackenna\/#breadcrumb"},"inLanguage":"en-US","potentialAction":[{"@type":"ReadAction","target":["https:\/\/fadeu.urantiacos.cl\/en\/2022\/05\/04\/profesor-german-hidalgo-expone-resultados-de-investigacion-fondecyt-en-el-museo-benjamin-vicuna-mackenna\/"]}]},{"@type":"ImageObject","inLanguage":"en-US","@id":"https:\/\/fadeu.urantiacos.cl\/en\/2022\/05\/04\/profesor-german-hidalgo-expone-resultados-de-investigacion-fondecyt-en-el-museo-benjamin-vicuna-mackenna\/#primaryimage","url":"https:\/\/fadeu.urantiacos.cl\/wp-content\/uploads\/2023\/09\/WEB_WhatsApp_Image_2022-05-04_at_12.46.07_PM_1.jpg","contentUrl":"https:\/\/fadeu.urantiacos.cl\/wp-content\/uploads\/2023\/09\/WEB_WhatsApp_Image_2022-05-04_at_12.46.07_PM_1.jpg","width":350,"height":250},{"@type":"BreadcrumbList","@id":"https:\/\/fadeu.urantiacos.cl\/en\/2022\/05\/04\/profesor-german-hidalgo-expone-resultados-de-investigacion-fondecyt-en-el-museo-benjamin-vicuna-mackenna\/#breadcrumb","itemListElement":[{"@type":"ListItem","position":1,"name":"Portada","item":"https:\/\/fadeu.urantiacos.cl\/en\/"},{"@type":"ListItem","position":2,"name":"Profesor Germ\u00e1n Hidalgo expone resultados de investigaci\u00f3n Fondecyt en el museo Benjam\u00edn Vicu\u00f1a Mackenna"}]},{"@type":"WebSite","@id":"https:\/\/fadeu.urantiacos.cl\/en\/#website","url":"https:\/\/fadeu.urantiacos.cl\/en\/","name":"Facultad de Arquitectura, Dise\u00f1o y Estudios Urbanos","description":"Campus Lo Contador","potentialAction":[{"@type":"SearchAction","target":{"@type":"EntryPoint","urlTemplate":"https:\/\/fadeu.urantiacos.cl\/en\/?s={search_term_string}"},"query-input":{"@type":"PropertyValueSpecification","valueRequired":true,"valueName":"search_term_string"}}],"inLanguage":"en-US"},{"@type":"Person","@id":"https:\/\/fadeu.urantiacos.cl\/en\/#\/schema\/person\/d203e2e84b1c40275eac77b3061a19a2","name":"manadmin","image":{"@type":"ImageObject","inLanguage":"en-US","@id":"https:\/\/fadeu.urantiacos.cl\/en\/#\/schema\/person\/image\/","url":"https:\/\/secure.gravatar.com\/avatar\/4b1d8e3303b4a9d8968ac578947d8bc80d9aea359f388cdd4aac15cadc0e8447?s=96&d=mm&r=g","contentUrl":"https:\/\/secure.gravatar.com\/avatar\/4b1d8e3303b4a9d8968ac578947d8bc80d9aea359f388cdd4aac15cadc0e8447?s=96&d=mm&r=g","caption":"manadmin"},"sameAs":["https:\/\/fadeu.urantiacos.cl"]}]}},"_links":{"self":[{"href":"https:\/\/fadeu.urantiacos.cl\/en\/wp-json\/wp\/v2\/posts\/4959","targetHints":{"allow":["GET"]}}],"collection":[{"href":"https:\/\/fadeu.urantiacos.cl\/en\/wp-json\/wp\/v2\/posts"}],"about":[{"href":"https:\/\/fadeu.urantiacos.cl\/en\/wp-json\/wp\/v2\/types\/post"}],"author":[{"embeddable":true,"href":"https:\/\/fadeu.urantiacos.cl\/en\/wp-json\/wp\/v2\/users\/1"}],"replies":[{"embeddable":true,"href":"https:\/\/fadeu.urantiacos.cl\/en\/wp-json\/wp\/v2\/comments?post=4959"}],"version-history":[{"count":1,"href":"https:\/\/fadeu.urantiacos.cl\/en\/wp-json\/wp\/v2\/posts\/4959\/revisions"}],"predecessor-version":[{"id":4966,"href":"https:\/\/fadeu.urantiacos.cl\/en\/wp-json\/wp\/v2\/posts\/4959\/revisions\/4966"}],"wp:featuredmedia":[{"embeddable":true,"href":"https:\/\/fadeu.urantiacos.cl\/en\/wp-json\/wp\/v2\/media\/4960"}],"wp:attachment":[{"href":"https:\/\/fadeu.urantiacos.cl\/en\/wp-json\/wp\/v2\/media?parent=4959"}],"wp:term":[{"taxonomy":"category","embeddable":true,"href":"https:\/\/fadeu.urantiacos.cl\/en\/wp-json\/wp\/v2\/categories?post=4959"},{"taxonomy":"post_tag","embeddable":true,"href":"https:\/\/fadeu.urantiacos.cl\/en\/wp-json\/wp\/v2\/tags?post=4959"}],"curies":[{"name":"wp","href":"https:\/\/api.w.org\/{rel}","templated":true}]}}