{"id":4942,"date":"2022-05-09T21:17:00","date_gmt":"2022-05-10T00:17:00","guid":{"rendered":"https:\/\/fadeu.urantiacos.cl\/?p=4942"},"modified":"2023-09-04T21:20:26","modified_gmt":"2023-09-05T00:20:26","slug":"profesor-dino-bozzi-asume-como-director-del-magister-en-patrimonio-cultural","status":"publish","type":"post","link":"https:\/\/fadeu.urantiacos.cl\/en\/2022\/05\/09\/profesor-dino-bozzi-asume-como-director-del-magister-en-patrimonio-cultural\/","title":{"rendered":"Profesor Dino Bozzi asume como director del Mag\u00edster en Patrimonio Cultural"},"content":{"rendered":"\n<figure class=\"wp-block-image size-full\"><img decoding=\"async\" width=\"350\" height=\"250\" src=\"https:\/\/fadeu.urantiacos.cl\/wp-content\/uploads\/2023\/09\/WEB_IMG_2881.jpg\" alt=\"\" class=\"wp-image-4943\" srcset=\"https:\/\/fadeu.urantiacos.cl\/wp-content\/uploads\/2023\/09\/WEB_IMG_2881.jpg 350w, https:\/\/fadeu.urantiacos.cl\/wp-content\/uploads\/2023\/09\/WEB_IMG_2881-300x214.jpg 300w\" sizes=\"(max-width: 350px) 100vw, 350px\" \/><\/figure>\n\n\n\n<p>\u201cEste cambio de mando es la primera vez que se celebra. Este programa fue impulsado, con mucha visi\u00f3n por Fernando P\u00e9rez primero y Jos\u00e9 Rosas despu\u00e9s, ambos directores del Centro del Patrimonio Cultural como parte de los compromisos institucionales de un proyecto MECESUP del a\u00f1o 2009. En 2015 la profesora Elvira P\u00e9rez, Jefa del programa, inaugura la primera admisi\u00f3n al Mag\u00edster en Patrimonio Cultural de la UC, un proyecto educativo interdisciplinario que ya cuenta con m\u00e1s de 100 estudiantes. &nbsp;Hoy celebramos un cambio en la conducci\u00f3n del programa con la incorporaci\u00f3n del profesor Dino Bozzi, profesor del programa y con una amplia experiencia en patrimonio cultural\u201d, advirti\u00f3 el director del Centro del Patrimonio Cultural UC, Umberto Bonomo.<\/p>\n\n\n\n<p>A lo anterior, Bonomo agreg\u00f3 que \u201cjunto con destacar el liderazgo y capacidad de gesti\u00f3n de la profesora P\u00e9rez, damos la bienvenida al profesor Bozzi en un programa altamente exigente en materia de enfoques disciplinares, buscando la interdisciplina, que es tan importante para los temas patrimoniales\u201d.<\/p>\n\n\n\n<p>El profesor Bozzi, por su parte, agradeci\u00f3 y reconoci\u00f3 la labor realizada por la profesora P\u00e9rez, aseverando que \u201crecibo un Mag\u00edster extremadamente sano y muy bien gestionado en sus aspectos acad\u00e9micos y administrativos, por lo cual la primera meta es mantener esa l\u00ednea de trabajo y proyectar desde esa l\u00ednea base ya consolidada\u201d.<\/p>\n\n\n\n<p>\u201cEl Mag\u00edster est\u00e1 cumpliendo siete a\u00f1os desde su creaci\u00f3n, y la profesora Elvira P\u00e9rez ha realizado una gesti\u00f3n fant\u00e1stica e impecable, y recibir un programa con una primera acreditaci\u00f3n y con una segunda acreditaci\u00f3n sumamente avanzada, que funciona muy bien y que est\u00e1 consolidado desde un equipo muy cohesionado y con un equipo de docentes muy notable, es un gran desaf\u00edo, sobre todo pensando en seguir consolidando su aspecto eminentemente interdisciplinario, lo que ya en s\u00ed mismo es un desaf\u00edo mayor\u201d, agreg\u00f3 Bozzi.<\/p>\n\n\n\n<p>El nuevo Jefe de programa sostuvo adem\u00e1s que \u201ceste mag\u00edster es profesional, por lo tanto, presenta un interesante equilibrio entre acad\u00e9micos\/as e investigadores\/as de la Universidad y tambi\u00e9n con reconocidos y reconocidas profesionales abocadas al patrimonio en la gesti\u00f3n de diversa \u00edndole, ya sea del mundo del arte, de la historia, la conservaci\u00f3n y otros aspectos\u201d.&nbsp;<\/p>\n\n\n\n<p>Dino Bozzi es arquitecto de la Pontificia Universidad Cat\u00f3lica de Chile y M\u00e1ster en Arquitectura, Historia y Proyecto de la Universit\u00e0 degli Studi di Roma Tre (2007).<\/p>\n\n\n\n<p>Es socio fundador de Bozzi Sutter Taillandier Arquitectos y consultor patrimonial. Entre sus proyectos est\u00e1n las obras de recuperaci\u00f3n de la ic\u00f3nica Bas\u00edlica del Salvador en Santiago, que qued\u00f3 inutilizable tras el terremoto de 1985 y sufri\u00f3 nuevos da\u00f1os en 2010.<\/p>\n\n\n\n<p>Es profesor asistente de la escuela de Arquitectura UC, dictando cursos en los mag\u00edsteres en Arquitectura (MARQ) y en Patrimonio Cultural (MAPC).<\/p>\n\n\n\n<p><strong>MAPC<\/strong><\/p>\n\n\n\n<p>El Mag\u00edster en Patrimonio Cultural con sede en la Escuela de Arquitectura pertenece a cuatro facultades de la Universidad: la Facultad de Ingenier\u00eda a trav\u00e9s de la Escuela de Ingenier\u00eda y Escuela de Construcci\u00f3n Civil; la Facultad de Arquitectura, Dise\u00f1o y Estudios Urbanos a trav\u00e9s de la Escuela de Arquitectura, Instituto de Estudios Urbanos y Escuela de Dise\u00f1o; la Facultad de Historia, Geograf\u00eda, y Ciencia Pol\u00edtica a trav\u00e9s del Instituto de Historia; y la Facultad de Artes a trav\u00e9s de la Escuela de Arte.<\/p>\n\n\n\n<p>El programa, al abordar diferentes campos disciplinarios referidos al patrimonio cultural, gracias a la incorporaci\u00f3n de cuatro facultades, desarrolla l\u00edneas de investigaci\u00f3n sobre dicho patrimonio con una visi\u00f3n integral de su problem\u00e1tica, conservaci\u00f3n, preservaci\u00f3n y sostenibilidad, a trav\u00e9s del desarrollo en equipo de proyectos interdisciplinarios, que permitan la interacci\u00f3n permanente entre estudiantes y profesores, convirti\u00e9ndose en el primer programa de postgrado en el pa\u00eds con esas caracter\u00edsticas.<\/p>\n\n\n\n<p>El programa se propone como un mag\u00edster interdisciplinario de especializaci\u00f3n que busca formar investigadores que sean capaces de enfrentar los problemas vinculados al territorio, la ciudad y el paisaje. \u00c9stos atraen, de manera creciente, la atenci\u00f3n de autoridades y de la opini\u00f3n p\u00fablica, pues est\u00e1n \u00edntimamente ligados a la calidad de vida de la poblaci\u00f3n y al desarrollo del pa\u00eds. La formaci\u00f3n de investigadores en el \u00e1rea permitir\u00e1 elevar el nivel de la discusi\u00f3n acerca de estos t\u00f3picos, transferir al pa\u00eds experiencias realizadas en otros \u00e1mbitos acad\u00e9micos y generar nuevos conocimientos al respecto. El programa se ha planteado como una respuesta innovadora capaz de contribuir de manera significativa al desarrollo social y cultural.<\/p>\n\n\n\n<p>Si quieres saber m\u00e1s del Mag\u00edster en Patrimonio Cultural puedes visitar el siguiente link:&nbsp;<a href=\"http:\/\/magisterpatrimonio.uc.cl\/\">http:\/\/magisterpatrimonio.uc.cl\/<\/a><a href=\"http:\/\/magisterpatrimonio.uc.cl\/\"><\/a><\/p>\n\n\n\n<p>INFORMACI\u00d3N PERIOD\u00cdSTICA<br>JUAN ANDR\u00c9S INZUNZA<\/p>\n","protected":false},"excerpt":{"rendered":"<p>El profesor de la escuela de Arquitectura, Dino Bozzi, ha sido nombrado como nuevo Jefe del Mag\u00edster en Patrimonio Cultural de la Universidad Cat\u00f3lica, programa acad\u00e9mico que pertenece a las facultades de Ingenier\u00eda; Arquitectura, Dise\u00f1o y Estudios Urbano; Historia, Geograf\u00eda, y Ciencia Pol\u00edtica; y Artes.<\/p>\n","protected":false},"author":1,"featured_media":4943,"comment_status":"open","ping_status":"open","sticky":false,"template":"","format":"standard","meta":{"_acf_changed":false,"footnotes":""},"categories":[1],"tags":[],"class_list":["post-4942","post","type-post","status-publish","format-standard","has-post-thumbnail","hentry","category-sin-categorizar"],"acf":[],"yoast_head":"<!-- This site is optimized with the Yoast SEO plugin v27.1.1 - https:\/\/yoast.com\/product\/yoast-seo-wordpress\/ -->\n<title>Profesor Dino Bozzi asume como director del Mag\u00edster en Patrimonio Cultural - Facultad de Arquitectura, Dise\u00f1o y Estudios Urbanos<\/title>\n<meta name=\"description\" content=\"El profesor de la escuela de Arquitectura, Dino Bozzi, ha sido nombrado como nuevo Jefe del Mag\u00edster en Patrimonio Cultural de la Universidad Cat\u00f3lica, programa acad\u00e9mico que pertenece a las facultades de Ingenier\u00eda; Arquitectura, Dise\u00f1o y Estudios Urbano; Historia, Geograf\u00eda, y Ciencia Pol\u00edtica; y Artes.\" \/>\n<meta name=\"robots\" content=\"index, follow, max-snippet:-1, max-image-preview:large, max-video-preview:-1\" \/>\n<link rel=\"canonical\" href=\"https:\/\/fadeu.urantiacos.cl\/en\/2022\/05\/09\/profesor-dino-bozzi-asume-como-director-del-magister-en-patrimonio-cultural\/\" \/>\n<meta property=\"og:locale\" content=\"en_US\" \/>\n<meta property=\"og:type\" content=\"article\" \/>\n<meta property=\"og:title\" content=\"Profesor Dino Bozzi asume como director del Mag\u00edster en Patrimonio Cultural - Facultad de Arquitectura, Dise\u00f1o y Estudios Urbanos\" \/>\n<meta property=\"og:description\" content=\"El profesor de la escuela de Arquitectura, Dino Bozzi, ha sido nombrado como nuevo Jefe del Mag\u00edster en Patrimonio Cultural de la Universidad Cat\u00f3lica, programa acad\u00e9mico que pertenece a las facultades de Ingenier\u00eda; Arquitectura, Dise\u00f1o y Estudios Urbano; Historia, Geograf\u00eda, y Ciencia Pol\u00edtica; y Artes.\" \/>\n<meta property=\"og:url\" content=\"https:\/\/fadeu.urantiacos.cl\/en\/2022\/05\/09\/profesor-dino-bozzi-asume-como-director-del-magister-en-patrimonio-cultural\/\" \/>\n<meta property=\"og:site_name\" content=\"Facultad de Arquitectura, Dise\u00f1o y Estudios Urbanos\" \/>\n<meta property=\"article:published_time\" content=\"2022-05-10T00:17:00+00:00\" \/>\n<meta property=\"article:modified_time\" content=\"2023-09-05T00:20:26+00:00\" \/>\n<meta property=\"og:image\" content=\"https:\/\/fadeu.urantiacos.cl\/wp-content\/uploads\/2023\/09\/WEB_IMG_2881.jpg\" \/>\n\t<meta property=\"og:image:width\" content=\"350\" \/>\n\t<meta property=\"og:image:height\" content=\"250\" \/>\n\t<meta property=\"og:image:type\" content=\"image\/jpeg\" \/>\n<meta name=\"author\" content=\"manadmin\" \/>\n<meta name=\"twitter:card\" content=\"summary_large_image\" \/>\n<meta name=\"twitter:label1\" content=\"Written by\" \/>\n\t<meta name=\"twitter:data1\" content=\"manadmin\" \/>\n\t<meta name=\"twitter:label2\" content=\"Est. reading time\" \/>\n\t<meta name=\"twitter:data2\" content=\"4 minutes\" \/>\n<script type=\"application\/ld+json\" class=\"yoast-schema-graph\">{\"@context\":\"https:\/\/schema.org\",\"@graph\":[{\"@type\":\"Article\",\"@id\":\"https:\/\/fadeu.urantiacos.cl\/en\/2022\/05\/09\/profesor-dino-bozzi-asume-como-director-del-magister-en-patrimonio-cultural\/#article\",\"isPartOf\":{\"@id\":\"https:\/\/fadeu.urantiacos.cl\/en\/2022\/05\/09\/profesor-dino-bozzi-asume-como-director-del-magister-en-patrimonio-cultural\/\"},\"author\":{\"name\":\"manadmin\",\"@id\":\"https:\/\/fadeu.urantiacos.cl\/en\/#\/schema\/person\/d203e2e84b1c40275eac77b3061a19a2\"},\"headline\":\"Profesor Dino Bozzi asume como director del Mag\u00edster en Patrimonio Cultural\",\"datePublished\":\"2022-05-10T00:17:00+00:00\",\"dateModified\":\"2023-09-05T00:20:26+00:00\",\"mainEntityOfPage\":{\"@id\":\"https:\/\/fadeu.urantiacos.cl\/en\/2022\/05\/09\/profesor-dino-bozzi-asume-como-director-del-magister-en-patrimonio-cultural\/\"},\"wordCount\":826,\"commentCount\":0,\"image\":{\"@id\":\"https:\/\/fadeu.urantiacos.cl\/en\/2022\/05\/09\/profesor-dino-bozzi-asume-como-director-del-magister-en-patrimonio-cultural\/#primaryimage\"},\"thumbnailUrl\":\"https:\/\/fadeu.urantiacos.cl\/wp-content\/uploads\/2023\/09\/WEB_IMG_2881.jpg\",\"articleSection\":[\"Sin categorizar\"],\"inLanguage\":\"en-US\",\"potentialAction\":[{\"@type\":\"CommentAction\",\"name\":\"Comment\",\"target\":[\"https:\/\/fadeu.urantiacos.cl\/en\/2022\/05\/09\/profesor-dino-bozzi-asume-como-director-del-magister-en-patrimonio-cultural\/#respond\"]}]},{\"@type\":\"WebPage\",\"@id\":\"https:\/\/fadeu.urantiacos.cl\/en\/2022\/05\/09\/profesor-dino-bozzi-asume-como-director-del-magister-en-patrimonio-cultural\/\",\"url\":\"https:\/\/fadeu.urantiacos.cl\/en\/2022\/05\/09\/profesor-dino-bozzi-asume-como-director-del-magister-en-patrimonio-cultural\/\",\"name\":\"Profesor Dino Bozzi asume como director del Mag\u00edster en Patrimonio Cultural - Facultad de Arquitectura, Dise\u00f1o y Estudios Urbanos\",\"isPartOf\":{\"@id\":\"https:\/\/fadeu.urantiacos.cl\/en\/#website\"},\"primaryImageOfPage\":{\"@id\":\"https:\/\/fadeu.urantiacos.cl\/en\/2022\/05\/09\/profesor-dino-bozzi-asume-como-director-del-magister-en-patrimonio-cultural\/#primaryimage\"},\"image\":{\"@id\":\"https:\/\/fadeu.urantiacos.cl\/en\/2022\/05\/09\/profesor-dino-bozzi-asume-como-director-del-magister-en-patrimonio-cultural\/#primaryimage\"},\"thumbnailUrl\":\"https:\/\/fadeu.urantiacos.cl\/wp-content\/uploads\/2023\/09\/WEB_IMG_2881.jpg\",\"datePublished\":\"2022-05-10T00:17:00+00:00\",\"dateModified\":\"2023-09-05T00:20:26+00:00\",\"author\":{\"@id\":\"https:\/\/fadeu.urantiacos.cl\/en\/#\/schema\/person\/d203e2e84b1c40275eac77b3061a19a2\"},\"description\":\"El profesor de la escuela de Arquitectura, Dino Bozzi, ha sido nombrado como nuevo Jefe del Mag\u00edster en Patrimonio Cultural de la Universidad Cat\u00f3lica, programa acad\u00e9mico que pertenece a las facultades de Ingenier\u00eda; Arquitectura, Dise\u00f1o y Estudios Urbano; Historia, Geograf\u00eda, y Ciencia Pol\u00edtica; y Artes.\",\"breadcrumb\":{\"@id\":\"https:\/\/fadeu.urantiacos.cl\/en\/2022\/05\/09\/profesor-dino-bozzi-asume-como-director-del-magister-en-patrimonio-cultural\/#breadcrumb\"},\"inLanguage\":\"en-US\",\"potentialAction\":[{\"@type\":\"ReadAction\",\"target\":[\"https:\/\/fadeu.urantiacos.cl\/en\/2022\/05\/09\/profesor-dino-bozzi-asume-como-director-del-magister-en-patrimonio-cultural\/\"]}]},{\"@type\":\"ImageObject\",\"inLanguage\":\"en-US\",\"@id\":\"https:\/\/fadeu.urantiacos.cl\/en\/2022\/05\/09\/profesor-dino-bozzi-asume-como-director-del-magister-en-patrimonio-cultural\/#primaryimage\",\"url\":\"https:\/\/fadeu.urantiacos.cl\/wp-content\/uploads\/2023\/09\/WEB_IMG_2881.jpg\",\"contentUrl\":\"https:\/\/fadeu.urantiacos.cl\/wp-content\/uploads\/2023\/09\/WEB_IMG_2881.jpg\",\"width\":350,\"height\":250},{\"@type\":\"BreadcrumbList\",\"@id\":\"https:\/\/fadeu.urantiacos.cl\/en\/2022\/05\/09\/profesor-dino-bozzi-asume-como-director-del-magister-en-patrimonio-cultural\/#breadcrumb\",\"itemListElement\":[{\"@type\":\"ListItem\",\"position\":1,\"name\":\"Portada\",\"item\":\"https:\/\/fadeu.urantiacos.cl\/en\/\"},{\"@type\":\"ListItem\",\"position\":2,\"name\":\"Profesor Dino Bozzi asume como director del Mag\u00edster en Patrimonio Cultural\"}]},{\"@type\":\"WebSite\",\"@id\":\"https:\/\/fadeu.urantiacos.cl\/en\/#website\",\"url\":\"https:\/\/fadeu.urantiacos.cl\/en\/\",\"name\":\"Facultad de Arquitectura, Dise\u00f1o y Estudios Urbanos\",\"description\":\"Campus Lo Contador\",\"potentialAction\":[{\"@type\":\"SearchAction\",\"target\":{\"@type\":\"EntryPoint\",\"urlTemplate\":\"https:\/\/fadeu.urantiacos.cl\/en\/?s={search_term_string}\"},\"query-input\":{\"@type\":\"PropertyValueSpecification\",\"valueRequired\":true,\"valueName\":\"search_term_string\"}}],\"inLanguage\":\"en-US\"},{\"@type\":\"Person\",\"@id\":\"https:\/\/fadeu.urantiacos.cl\/en\/#\/schema\/person\/d203e2e84b1c40275eac77b3061a19a2\",\"name\":\"manadmin\",\"image\":{\"@type\":\"ImageObject\",\"inLanguage\":\"en-US\",\"@id\":\"https:\/\/fadeu.urantiacos.cl\/en\/#\/schema\/person\/image\/\",\"url\":\"https:\/\/secure.gravatar.com\/avatar\/4b1d8e3303b4a9d8968ac578947d8bc80d9aea359f388cdd4aac15cadc0e8447?s=96&d=mm&r=g\",\"contentUrl\":\"https:\/\/secure.gravatar.com\/avatar\/4b1d8e3303b4a9d8968ac578947d8bc80d9aea359f388cdd4aac15cadc0e8447?s=96&d=mm&r=g\",\"caption\":\"manadmin\"},\"sameAs\":[\"https:\/\/fadeu.urantiacos.cl\"]}]}<\/script>\n<!-- \/ Yoast SEO plugin. -->","yoast_head_json":{"title":"Profesor Dino Bozzi asume como director del Mag\u00edster en Patrimonio Cultural - Facultad de Arquitectura, Dise\u00f1o y Estudios Urbanos","description":"El profesor de la escuela de Arquitectura, Dino Bozzi, ha sido nombrado como nuevo Jefe del Mag\u00edster en Patrimonio Cultural de la Universidad Cat\u00f3lica, programa acad\u00e9mico que pertenece a las facultades de Ingenier\u00eda; Arquitectura, Dise\u00f1o y Estudios Urbano; Historia, Geograf\u00eda, y Ciencia Pol\u00edtica; y Artes.","robots":{"index":"index","follow":"follow","max-snippet":"max-snippet:-1","max-image-preview":"max-image-preview:large","max-video-preview":"max-video-preview:-1"},"canonical":"https:\/\/fadeu.urantiacos.cl\/en\/2022\/05\/09\/profesor-dino-bozzi-asume-como-director-del-magister-en-patrimonio-cultural\/","og_locale":"en_US","og_type":"article","og_title":"Profesor Dino Bozzi asume como director del Mag\u00edster en Patrimonio Cultural - Facultad de Arquitectura, Dise\u00f1o y Estudios Urbanos","og_description":"El profesor de la escuela de Arquitectura, Dino Bozzi, ha sido nombrado como nuevo Jefe del Mag\u00edster en Patrimonio Cultural de la Universidad Cat\u00f3lica, programa acad\u00e9mico que pertenece a las facultades de Ingenier\u00eda; Arquitectura, Dise\u00f1o y Estudios Urbano; Historia, Geograf\u00eda, y Ciencia Pol\u00edtica; y Artes.","og_url":"https:\/\/fadeu.urantiacos.cl\/en\/2022\/05\/09\/profesor-dino-bozzi-asume-como-director-del-magister-en-patrimonio-cultural\/","og_site_name":"Facultad de Arquitectura, Dise\u00f1o y Estudios Urbanos","article_published_time":"2022-05-10T00:17:00+00:00","article_modified_time":"2023-09-05T00:20:26+00:00","og_image":[{"width":350,"height":250,"url":"https:\/\/fadeu.urantiacos.cl\/wp-content\/uploads\/2023\/09\/WEB_IMG_2881.jpg","type":"image\/jpeg"}],"author":"manadmin","twitter_card":"summary_large_image","twitter_misc":{"Written by":"manadmin","Est. reading time":"4 minutes"},"schema":{"@context":"https:\/\/schema.org","@graph":[{"@type":"Article","@id":"https:\/\/fadeu.urantiacos.cl\/en\/2022\/05\/09\/profesor-dino-bozzi-asume-como-director-del-magister-en-patrimonio-cultural\/#article","isPartOf":{"@id":"https:\/\/fadeu.urantiacos.cl\/en\/2022\/05\/09\/profesor-dino-bozzi-asume-como-director-del-magister-en-patrimonio-cultural\/"},"author":{"name":"manadmin","@id":"https:\/\/fadeu.urantiacos.cl\/en\/#\/schema\/person\/d203e2e84b1c40275eac77b3061a19a2"},"headline":"Profesor Dino Bozzi asume como director del Mag\u00edster en Patrimonio Cultural","datePublished":"2022-05-10T00:17:00+00:00","dateModified":"2023-09-05T00:20:26+00:00","mainEntityOfPage":{"@id":"https:\/\/fadeu.urantiacos.cl\/en\/2022\/05\/09\/profesor-dino-bozzi-asume-como-director-del-magister-en-patrimonio-cultural\/"},"wordCount":826,"commentCount":0,"image":{"@id":"https:\/\/fadeu.urantiacos.cl\/en\/2022\/05\/09\/profesor-dino-bozzi-asume-como-director-del-magister-en-patrimonio-cultural\/#primaryimage"},"thumbnailUrl":"https:\/\/fadeu.urantiacos.cl\/wp-content\/uploads\/2023\/09\/WEB_IMG_2881.jpg","articleSection":["Sin categorizar"],"inLanguage":"en-US","potentialAction":[{"@type":"CommentAction","name":"Comment","target":["https:\/\/fadeu.urantiacos.cl\/en\/2022\/05\/09\/profesor-dino-bozzi-asume-como-director-del-magister-en-patrimonio-cultural\/#respond"]}]},{"@type":"WebPage","@id":"https:\/\/fadeu.urantiacos.cl\/en\/2022\/05\/09\/profesor-dino-bozzi-asume-como-director-del-magister-en-patrimonio-cultural\/","url":"https:\/\/fadeu.urantiacos.cl\/en\/2022\/05\/09\/profesor-dino-bozzi-asume-como-director-del-magister-en-patrimonio-cultural\/","name":"Profesor Dino Bozzi asume como director del Mag\u00edster en Patrimonio Cultural - Facultad de Arquitectura, Dise\u00f1o y Estudios Urbanos","isPartOf":{"@id":"https:\/\/fadeu.urantiacos.cl\/en\/#website"},"primaryImageOfPage":{"@id":"https:\/\/fadeu.urantiacos.cl\/en\/2022\/05\/09\/profesor-dino-bozzi-asume-como-director-del-magister-en-patrimonio-cultural\/#primaryimage"},"image":{"@id":"https:\/\/fadeu.urantiacos.cl\/en\/2022\/05\/09\/profesor-dino-bozzi-asume-como-director-del-magister-en-patrimonio-cultural\/#primaryimage"},"thumbnailUrl":"https:\/\/fadeu.urantiacos.cl\/wp-content\/uploads\/2023\/09\/WEB_IMG_2881.jpg","datePublished":"2022-05-10T00:17:00+00:00","dateModified":"2023-09-05T00:20:26+00:00","author":{"@id":"https:\/\/fadeu.urantiacos.cl\/en\/#\/schema\/person\/d203e2e84b1c40275eac77b3061a19a2"},"description":"El profesor de la escuela de Arquitectura, Dino Bozzi, ha sido nombrado como nuevo Jefe del Mag\u00edster en Patrimonio Cultural de la Universidad Cat\u00f3lica, programa acad\u00e9mico que pertenece a las facultades de Ingenier\u00eda; Arquitectura, Dise\u00f1o y Estudios Urbano; Historia, Geograf\u00eda, y Ciencia Pol\u00edtica; y Artes.","breadcrumb":{"@id":"https:\/\/fadeu.urantiacos.cl\/en\/2022\/05\/09\/profesor-dino-bozzi-asume-como-director-del-magister-en-patrimonio-cultural\/#breadcrumb"},"inLanguage":"en-US","potentialAction":[{"@type":"ReadAction","target":["https:\/\/fadeu.urantiacos.cl\/en\/2022\/05\/09\/profesor-dino-bozzi-asume-como-director-del-magister-en-patrimonio-cultural\/"]}]},{"@type":"ImageObject","inLanguage":"en-US","@id":"https:\/\/fadeu.urantiacos.cl\/en\/2022\/05\/09\/profesor-dino-bozzi-asume-como-director-del-magister-en-patrimonio-cultural\/#primaryimage","url":"https:\/\/fadeu.urantiacos.cl\/wp-content\/uploads\/2023\/09\/WEB_IMG_2881.jpg","contentUrl":"https:\/\/fadeu.urantiacos.cl\/wp-content\/uploads\/2023\/09\/WEB_IMG_2881.jpg","width":350,"height":250},{"@type":"BreadcrumbList","@id":"https:\/\/fadeu.urantiacos.cl\/en\/2022\/05\/09\/profesor-dino-bozzi-asume-como-director-del-magister-en-patrimonio-cultural\/#breadcrumb","itemListElement":[{"@type":"ListItem","position":1,"name":"Portada","item":"https:\/\/fadeu.urantiacos.cl\/en\/"},{"@type":"ListItem","position":2,"name":"Profesor Dino Bozzi asume como director del Mag\u00edster en Patrimonio Cultural"}]},{"@type":"WebSite","@id":"https:\/\/fadeu.urantiacos.cl\/en\/#website","url":"https:\/\/fadeu.urantiacos.cl\/en\/","name":"Facultad de Arquitectura, Dise\u00f1o y Estudios Urbanos","description":"Campus Lo Contador","potentialAction":[{"@type":"SearchAction","target":{"@type":"EntryPoint","urlTemplate":"https:\/\/fadeu.urantiacos.cl\/en\/?s={search_term_string}"},"query-input":{"@type":"PropertyValueSpecification","valueRequired":true,"valueName":"search_term_string"}}],"inLanguage":"en-US"},{"@type":"Person","@id":"https:\/\/fadeu.urantiacos.cl\/en\/#\/schema\/person\/d203e2e84b1c40275eac77b3061a19a2","name":"manadmin","image":{"@type":"ImageObject","inLanguage":"en-US","@id":"https:\/\/fadeu.urantiacos.cl\/en\/#\/schema\/person\/image\/","url":"https:\/\/secure.gravatar.com\/avatar\/4b1d8e3303b4a9d8968ac578947d8bc80d9aea359f388cdd4aac15cadc0e8447?s=96&d=mm&r=g","contentUrl":"https:\/\/secure.gravatar.com\/avatar\/4b1d8e3303b4a9d8968ac578947d8bc80d9aea359f388cdd4aac15cadc0e8447?s=96&d=mm&r=g","caption":"manadmin"},"sameAs":["https:\/\/fadeu.urantiacos.cl"]}]}},"_links":{"self":[{"href":"https:\/\/fadeu.urantiacos.cl\/en\/wp-json\/wp\/v2\/posts\/4942","targetHints":{"allow":["GET"]}}],"collection":[{"href":"https:\/\/fadeu.urantiacos.cl\/en\/wp-json\/wp\/v2\/posts"}],"about":[{"href":"https:\/\/fadeu.urantiacos.cl\/en\/wp-json\/wp\/v2\/types\/post"}],"author":[{"embeddable":true,"href":"https:\/\/fadeu.urantiacos.cl\/en\/wp-json\/wp\/v2\/users\/1"}],"replies":[{"embeddable":true,"href":"https:\/\/fadeu.urantiacos.cl\/en\/wp-json\/wp\/v2\/comments?post=4942"}],"version-history":[{"count":1,"href":"https:\/\/fadeu.urantiacos.cl\/en\/wp-json\/wp\/v2\/posts\/4942\/revisions"}],"predecessor-version":[{"id":4944,"href":"https:\/\/fadeu.urantiacos.cl\/en\/wp-json\/wp\/v2\/posts\/4942\/revisions\/4944"}],"wp:featuredmedia":[{"embeddable":true,"href":"https:\/\/fadeu.urantiacos.cl\/en\/wp-json\/wp\/v2\/media\/4943"}],"wp:attachment":[{"href":"https:\/\/fadeu.urantiacos.cl\/en\/wp-json\/wp\/v2\/media?parent=4942"}],"wp:term":[{"taxonomy":"category","embeddable":true,"href":"https:\/\/fadeu.urantiacos.cl\/en\/wp-json\/wp\/v2\/categories?post=4942"},{"taxonomy":"post_tag","embeddable":true,"href":"https:\/\/fadeu.urantiacos.cl\/en\/wp-json\/wp\/v2\/tags?post=4942"}],"curies":[{"name":"wp","href":"https:\/\/api.w.org\/{rel}","templated":true}]}}