{"id":4935,"date":"2022-05-09T21:09:00","date_gmt":"2022-05-10T00:09:00","guid":{"rendered":"https:\/\/fadeu.urantiacos.cl\/?p=4935"},"modified":"2023-09-04T21:18:40","modified_gmt":"2023-09-05T00:18:40","slug":"con-la-muestra-atlas-del-estudio-de-diseno-bravo-se-inauguro-la-galeria-gallo","status":"publish","type":"post","link":"https:\/\/fadeu.urantiacos.cl\/en\/2022\/05\/09\/con-la-muestra-atlas-del-estudio-de-diseno-bravo-se-inauguro-la-galeria-gallo\/","title":{"rendered":"Con la muestra \u201cAtlas\u201d del estudio de Dise\u00f1o Bravo, se inaugur\u00f3 la galer\u00eda GALLO"},"content":{"rendered":"\n<figure class=\"wp-block-image size-full\"><img decoding=\"async\" width=\"350\" height=\"250\" src=\"https:\/\/fadeu.urantiacos.cl\/wp-content\/uploads\/2023\/09\/WEB_280210050_1918464641679000_365513673724204310_n.jpg\" alt=\"\" class=\"wp-image-4936\" srcset=\"https:\/\/fadeu.urantiacos.cl\/wp-content\/uploads\/2023\/09\/WEB_280210050_1918464641679000_365513673724204310_n.jpg 350w, https:\/\/fadeu.urantiacos.cl\/wp-content\/uploads\/2023\/09\/WEB_280210050_1918464641679000_365513673724204310_n-300x214.jpg 300w\" sizes=\"(max-width: 350px) 100vw, 350px\" \/><\/figure>\n\n\n\n<p>La Galer\u00eda GALLO es un espacio expositivo que propone exhibir problem\u00e1ticas relativas a la ciudad, la arquitectura, el dise\u00f1o y el arte, impulsado por la Facultad de Arquitectura, Dise\u00f1o y Estudios Urbanos. El objetivo es generar un espacio cultural que fortalezca la din\u00e1mica interdisciplinar de la Facultad, desde el formato expositivo en el sentido amplio, utilizando las plataformas f\u00edsicas y virtuales para influir en el medio social.<\/p>\n\n\n\n<p>La sala fue remodelada durante la pandemia a partir del &nbsp;proyecto, ganado por concurso de convocatoria interna, por los arquitectos UC: Juan Ram\u00f3n Samaniego, Mar\u00eda Emilia Lavanchy y Benjam\u00edn Lezaeta.<\/p>\n\n\n\n<p>En la inauguraci\u00f3n de la muestra el decano Mario Ubilla inici\u00f3 sus palabras agradeciendo \u201cPatricio Pozo por ser el curador de esta galer\u00eda, al profesor Douglas Leonard por su apoyo en la iluminaci\u00f3n, y al Centro del Patrimonio UC con la colaboraci\u00f3n en el proyecto de arquitectura\u2026 para generar un espacio que elogia la creaci\u00f3n en la producci\u00f3n acad\u00e9mica, en el esfuerzo intelectual de cada profesor y estudiante\u201d, advirti\u00f3 el decano Ubilla.<\/p>\n\n\n\n<p>A lo anterior, Ubilla invit\u00f3 a a visitar la galer\u00eda, \u201cporque esto es para la Facultad, para las personas, para los vecinos de nuestro campus, celebrando y elogiando a nuestras disciplinas de una manera abierta al p\u00fablico, para poner en valor la reflexi\u00f3n a trav\u00e9s de la arquitectura, el dise\u00f1o, el arte y los estudios urbanos\u201d.<\/p>\n\n\n\n<p>\u201cPara esta primera muestra propusimos revisar la obra del estudio de dise\u00f1o de Rodrigo Bravo, donde se crean piezas de mobiliario y objetos ofreciendo piezas interpretables y de uso abierto que pretenden apelar a la simpleza, que fueron colocadas sobre una plataforma org\u00e1nica de baja altura, desplazando la condici\u00f3n funcional de las piezas, para habitar el espacio neutral de la sala como un conjunto de elementos exquisitos\u201d, afirm\u00f3 la directora de Extensi\u00f3n y Comunicaciones FADEU, Macarena Cort\u00e9s.&nbsp;<\/p>\n\n\n\n<p>En palabras del curador Patricio Pozo: &#8220;Para Atlas, Bravo ha empleando un enfoque contempor\u00e1neo del trabajo de campo. Han seleccionado un conjunto de objetos de la colecci\u00f3n de m\u00e1s de 100 artefactos y proyectos creados por el estudio de dise\u00f1o desde el a\u00f1o 2005. Este conjunto de asientos, bancas, estanter\u00edas, l\u00e1mparas, laterales, mesas, repisas, sillas, sitiales, trofeos y vasijas vuelven compleja su mirada, forma y funci\u00f3n mediante una serie de operaciones donde la variedad de materiales empleados, as\u00ed como la complejidad de los procesos productivos, examinan un inventario de posibilidades donde la simplicidad de la forma no conlleva a la simplicidad de la experiencia.&#8221;&nbsp;<\/p>\n\n\n\n<p><strong>Bravo!<\/strong><\/p>\n\n\n\n<p>Bravo es un estudio de dise\u00f1o con sede en Santiago, Chile. Fue fundado en el 2005 por Rodrigo Bravo y se desenvuelve en diferentes campos y escalas del dise\u00f1o como arquitectura interior, dise\u00f1o de mobiliario y dise\u00f1o de objetos y productos. Esta trayectoria ha permitido definir una aproximaci\u00f3n espec\u00edfica para cada una de estas \u00e1reas de acci\u00f3n, transformando su trabajo y relaci\u00f3n con los objetos en un ecosistema proyectual particular y propio.<\/p>\n\n\n\n<p>Los objetos de Bravo son distribuidos y representado por importantes galer\u00edas especializadas como Mint Gallery, Matter of Stuff y Paul Smith (Londres), Bensimon (Par\u00eds), Rep\u00fablica Austral (Suiza), La Rinascente (Mil\u00e1n), Frama (Dinamarca), MATTER (USA) y Decimal (M\u00e9xico).<\/p>\n\n\n\n<p>Su trabajo ha sido publicado en importantes medios como Wallpaper*, T Mag, Monocle, Sight Unseen, Icon Magazine, Elle DecoLab, Damn, Elle Decoration, Designboom, Mocoloco, Artnau, e importantes diarios de circulaci\u00f3n internacional como Le Monde y New York Times y exhibido en las principales muestras de dise\u00f1o contempor\u00e1neo: Galer\u00eda Rossana Orlandi, Salone del Mobile (Mil\u00e1n), DesignJunction (Londres), Stockholm Furniture Fair (Estocolmo), Bienal Iberoamericana de Dise\u00f1o \/ BID (Madrid), Galer\u00eda Praxis, Galer\u00eda Monoambiente QTS (Buenos Aires), WantedDesign, Chamber Gallery, Sight Unseen OFFSITE, MATTER (Nueva York), NOMAD Venice (Venecia), entre otros.<\/p>\n\n\n\n<p>Rodrigo es miembro fundador y co-curador del festival de dise\u00f1o \u00c1rea. Fundador de Ediciones M\u00e1rmol. Fundador y director creativo de revista Habitar desde el a\u00f1o 2021. Docente desde el a\u00f1o 2007 y profesor del curso Taller de Dise\u00f1o Local de la Escuela de Dise\u00f1o de la Universidad Diego Portales desde el a\u00f1o 2011.<\/p>\n\n\n\n<p><strong>GALLO<\/strong><\/p>\n\n\n\n<p>La Galer\u00eda GALLO est\u00e1 ubicada en el campus Lo Contador de la Universidad Cat\u00f3lica (El Comendador 1916, Pedro de Valdivia Norte, Providencia), y se sit\u00faa frente al patio de madera que se emplaza en de oriente a poniente, dejando a su lado sur a la casona Lo Contador, y a su lado norte al edificio de Dise\u00f1o y del Instituto de Estudios Urbanos y Territoriales y el nuevo Edificio de Facultad.<\/p>\n\n\n\n<p>La sala permanecer\u00e1 abierta de lunes a viernes entre las 10.00 y las 18.00 hrs., y s\u00e1bado entre 10.00 y 14.00hrs. Est\u00e1 abierta a todo p\u00fablico con pase de movilidad.<\/p>\n\n\n\n<p>+ Revisa el \u00e1lbum fotogr\u00e1fico en nuestro&nbsp;<a href=\"https:\/\/www.facebook.com\/media\/set\/?vanity=fadeuuc&amp;set=a.1918469935011804\" target=\"_blank\" rel=\"noreferrer noopener\">Facebook<\/a>.<\/p>\n\n\n\n<figure class=\"wp-block-image size-large\"><img decoding=\"async\" width=\"1024\" height=\"401\" src=\"https:\/\/fadeu.urantiacos.cl\/wp-content\/uploads\/2023\/09\/Pano_sala_Gallo-1024x401.jpg\" alt=\"\" class=\"wp-image-4937\" srcset=\"https:\/\/fadeu.urantiacos.cl\/wp-content\/uploads\/2023\/09\/Pano_sala_Gallo-1024x401.jpg 1024w, https:\/\/fadeu.urantiacos.cl\/wp-content\/uploads\/2023\/09\/Pano_sala_Gallo-300x118.jpg 300w, https:\/\/fadeu.urantiacos.cl\/wp-content\/uploads\/2023\/09\/Pano_sala_Gallo-768x301.jpg 768w, https:\/\/fadeu.urantiacos.cl\/wp-content\/uploads\/2023\/09\/Pano_sala_Gallo-1536x602.jpg 1536w, https:\/\/fadeu.urantiacos.cl\/wp-content\/uploads\/2023\/09\/Pano_sala_Gallo-2048x802.jpg 2048w, https:\/\/fadeu.urantiacos.cl\/wp-content\/uploads\/2023\/09\/Pano_sala_Gallo-scaled.jpg 1600w\" sizes=\"(max-width: 1024px) 100vw, 1024px\" \/><\/figure>\n\n\n\n<figure class=\"wp-block-image size-large\"><img decoding=\"async\" width=\"1024\" height=\"683\" src=\"https:\/\/fadeu.urantiacos.cl\/wp-content\/uploads\/2023\/09\/3Y2B7677-1024x683.jpg\" alt=\"\" class=\"wp-image-4938\" srcset=\"https:\/\/fadeu.urantiacos.cl\/wp-content\/uploads\/2023\/09\/3Y2B7677-1024x683.jpg 1024w, https:\/\/fadeu.urantiacos.cl\/wp-content\/uploads\/2023\/09\/3Y2B7677-300x200.jpg 300w, https:\/\/fadeu.urantiacos.cl\/wp-content\/uploads\/2023\/09\/3Y2B7677-768x512.jpg 768w, https:\/\/fadeu.urantiacos.cl\/wp-content\/uploads\/2023\/09\/3Y2B7677-1536x1024.jpg 1536w, https:\/\/fadeu.urantiacos.cl\/wp-content\/uploads\/2023\/09\/3Y2B7677-2048x1365.jpg 2048w, https:\/\/fadeu.urantiacos.cl\/wp-content\/uploads\/2023\/09\/3Y2B7677-scaled.jpg 1600w\" sizes=\"(max-width: 1024px) 100vw, 1024px\" \/><\/figure>\n\n\n\n<figure class=\"wp-block-image size-large\"><img decoding=\"async\" width=\"1024\" height=\"683\" src=\"https:\/\/fadeu.urantiacos.cl\/wp-content\/uploads\/2023\/09\/3Y2B7827-1024x683.jpg\" alt=\"\" class=\"wp-image-4939\" srcset=\"https:\/\/fadeu.urantiacos.cl\/wp-content\/uploads\/2023\/09\/3Y2B7827-1024x683.jpg 1024w, https:\/\/fadeu.urantiacos.cl\/wp-content\/uploads\/2023\/09\/3Y2B7827-300x200.jpg 300w, https:\/\/fadeu.urantiacos.cl\/wp-content\/uploads\/2023\/09\/3Y2B7827-768x512.jpg 768w, https:\/\/fadeu.urantiacos.cl\/wp-content\/uploads\/2023\/09\/3Y2B7827-1536x1024.jpg 1536w, https:\/\/fadeu.urantiacos.cl\/wp-content\/uploads\/2023\/09\/3Y2B7827-2048x1365.jpg 2048w, https:\/\/fadeu.urantiacos.cl\/wp-content\/uploads\/2023\/09\/3Y2B7827-scaled.jpg 1600w\" sizes=\"(max-width: 1024px) 100vw, 1024px\" \/><\/figure>\n\n\n\n<figure class=\"wp-block-image size-large\"><img decoding=\"async\" width=\"1024\" height=\"683\" src=\"https:\/\/fadeu.urantiacos.cl\/wp-content\/uploads\/2023\/09\/3Y2B7690-1024x683.jpg\" alt=\"\" class=\"wp-image-4940\" srcset=\"https:\/\/fadeu.urantiacos.cl\/wp-content\/uploads\/2023\/09\/3Y2B7690-1024x683.jpg 1024w, https:\/\/fadeu.urantiacos.cl\/wp-content\/uploads\/2023\/09\/3Y2B7690-300x200.jpg 300w, https:\/\/fadeu.urantiacos.cl\/wp-content\/uploads\/2023\/09\/3Y2B7690-768x512.jpg 768w, https:\/\/fadeu.urantiacos.cl\/wp-content\/uploads\/2023\/09\/3Y2B7690-1536x1024.jpg 1536w, https:\/\/fadeu.urantiacos.cl\/wp-content\/uploads\/2023\/09\/3Y2B7690-2048x1365.jpg 2048w, https:\/\/fadeu.urantiacos.cl\/wp-content\/uploads\/2023\/09\/3Y2B7690-scaled.jpg 1600w\" sizes=\"(max-width: 1024px) 100vw, 1024px\" \/><\/figure>\n\n\n\n<p>INFORMACI\u00d3N PERIOD\u00cdSTICA<br>JUAN ANDR\u00c9S INZUNZA<\/p>\n","protected":false},"excerpt":{"rendered":"<p>El pasado jueves 5 de mayo, en el campus Lo Contador, se congregaron acad\u00e9micos\/as, profesionales y p\u00fablico general para participar de la inauguraci\u00f3n de la primera muestra de la Galer\u00eda GALLO; \u201cAtlas\u201d del estudio de dise\u00f1o nacional Bravo!. La instancia que fue encabezada por la Vicerrectora de Comunicaciones UC, Magdalena Amen\u00e1bar; el decano FADEU, Mario Ubilla; la Directora de Extensi\u00f3n y Comunicaciones, Macarena Cort\u00e9s; el curador de la muestra, Patricio Pozo (docente de la Escuela de Dise\u00f1o), y autoridades acad\u00e9micas, acad\u00e9micos\/as y estudiantes.<\/p>\n","protected":false},"author":1,"featured_media":4936,"comment_status":"open","ping_status":"open","sticky":false,"template":"","format":"standard","meta":{"_acf_changed":false,"footnotes":""},"categories":[1],"tags":[],"class_list":["post-4935","post","type-post","status-publish","format-standard","has-post-thumbnail","hentry","category-sin-categorizar"],"acf":[],"yoast_head":"<!-- This site is optimized with the Yoast SEO plugin v27.1.1 - https:\/\/yoast.com\/product\/yoast-seo-wordpress\/ -->\n<title>Con la muestra \u201cAtlas\u201d del estudio de Dise\u00f1o Bravo, se inaugur\u00f3 la galer\u00eda GALLO - Facultad de Arquitectura, Dise\u00f1o y Estudios Urbanos<\/title>\n<meta name=\"description\" content=\"El pasado jueves 5 de mayo, en el campus Lo Contador, se congregaron acad\u00e9micos\/as, profesionales y p\u00fablico general para participar de la inauguraci\u00f3n de la primera muestra de la Galer\u00eda GALLO; \u201cAtlas\u201d del estudio de dise\u00f1o nacional Bravo!. La instancia que fue encabezada por la Vicerrectora de Comunicaciones UC, Magdalena Amen\u00e1bar; el decano FADEU, Mario Ubilla; la Directora de Extensi\u00f3n y Comunicaciones, Macarena Cort\u00e9s; el curador de la muestra, Patricio Pozo (docente de la Escuela de Dise\u00f1o), y autoridades acad\u00e9micas, acad\u00e9micos\/as y estudiantes.\" \/>\n<meta name=\"robots\" content=\"index, follow, max-snippet:-1, max-image-preview:large, max-video-preview:-1\" \/>\n<link rel=\"canonical\" href=\"https:\/\/fadeu.urantiacos.cl\/en\/2022\/05\/09\/con-la-muestra-atlas-del-estudio-de-diseno-bravo-se-inauguro-la-galeria-gallo\/\" \/>\n<meta property=\"og:locale\" content=\"en_US\" \/>\n<meta property=\"og:type\" content=\"article\" \/>\n<meta property=\"og:title\" content=\"Con la muestra \u201cAtlas\u201d del estudio de Dise\u00f1o Bravo, se inaugur\u00f3 la galer\u00eda GALLO - Facultad de Arquitectura, Dise\u00f1o y Estudios Urbanos\" \/>\n<meta property=\"og:description\" content=\"El pasado jueves 5 de mayo, en el campus Lo Contador, se congregaron acad\u00e9micos\/as, profesionales y p\u00fablico general para participar de la inauguraci\u00f3n de la primera muestra de la Galer\u00eda GALLO; \u201cAtlas\u201d del estudio de dise\u00f1o nacional Bravo!. La instancia que fue encabezada por la Vicerrectora de Comunicaciones UC, Magdalena Amen\u00e1bar; el decano FADEU, Mario Ubilla; la Directora de Extensi\u00f3n y Comunicaciones, Macarena Cort\u00e9s; el curador de la muestra, Patricio Pozo (docente de la Escuela de Dise\u00f1o), y autoridades acad\u00e9micas, acad\u00e9micos\/as y estudiantes.\" \/>\n<meta property=\"og:url\" content=\"https:\/\/fadeu.urantiacos.cl\/en\/2022\/05\/09\/con-la-muestra-atlas-del-estudio-de-diseno-bravo-se-inauguro-la-galeria-gallo\/\" \/>\n<meta property=\"og:site_name\" content=\"Facultad de Arquitectura, Dise\u00f1o y Estudios Urbanos\" \/>\n<meta property=\"article:published_time\" content=\"2022-05-10T00:09:00+00:00\" \/>\n<meta property=\"article:modified_time\" content=\"2023-09-05T00:18:40+00:00\" \/>\n<meta property=\"og:image\" content=\"https:\/\/fadeu.urantiacos.cl\/wp-content\/uploads\/2023\/09\/WEB_280210050_1918464641679000_365513673724204310_n.jpg\" \/>\n\t<meta property=\"og:image:width\" content=\"350\" \/>\n\t<meta property=\"og:image:height\" content=\"250\" \/>\n\t<meta property=\"og:image:type\" content=\"image\/jpeg\" \/>\n<meta name=\"author\" content=\"manadmin\" \/>\n<meta name=\"twitter:card\" content=\"summary_large_image\" \/>\n<meta name=\"twitter:label1\" content=\"Written by\" \/>\n\t<meta name=\"twitter:data1\" content=\"manadmin\" \/>\n\t<meta name=\"twitter:label2\" content=\"Est. reading time\" \/>\n\t<meta name=\"twitter:data2\" content=\"4 minutes\" \/>\n<script type=\"application\/ld+json\" class=\"yoast-schema-graph\">{\"@context\":\"https:\/\/schema.org\",\"@graph\":[{\"@type\":\"Article\",\"@id\":\"https:\/\/fadeu.urantiacos.cl\/en\/2022\/05\/09\/con-la-muestra-atlas-del-estudio-de-diseno-bravo-se-inauguro-la-galeria-gallo\/#article\",\"isPartOf\":{\"@id\":\"https:\/\/fadeu.urantiacos.cl\/en\/2022\/05\/09\/con-la-muestra-atlas-del-estudio-de-diseno-bravo-se-inauguro-la-galeria-gallo\/\"},\"author\":{\"name\":\"manadmin\",\"@id\":\"https:\/\/fadeu.urantiacos.cl\/en\/#\/schema\/person\/d203e2e84b1c40275eac77b3061a19a2\"},\"headline\":\"Con la muestra \u201cAtlas\u201d del estudio de Dise\u00f1o Bravo, se inaugur\u00f3 la galer\u00eda GALLO\",\"datePublished\":\"2022-05-10T00:09:00+00:00\",\"dateModified\":\"2023-09-05T00:18:40+00:00\",\"mainEntityOfPage\":{\"@id\":\"https:\/\/fadeu.urantiacos.cl\/en\/2022\/05\/09\/con-la-muestra-atlas-del-estudio-de-diseno-bravo-se-inauguro-la-galeria-gallo\/\"},\"wordCount\":851,\"commentCount\":0,\"image\":{\"@id\":\"https:\/\/fadeu.urantiacos.cl\/en\/2022\/05\/09\/con-la-muestra-atlas-del-estudio-de-diseno-bravo-se-inauguro-la-galeria-gallo\/#primaryimage\"},\"thumbnailUrl\":\"https:\/\/fadeu.urantiacos.cl\/wp-content\/uploads\/2023\/09\/WEB_280210050_1918464641679000_365513673724204310_n.jpg\",\"articleSection\":[\"Sin categorizar\"],\"inLanguage\":\"en-US\",\"potentialAction\":[{\"@type\":\"CommentAction\",\"name\":\"Comment\",\"target\":[\"https:\/\/fadeu.urantiacos.cl\/en\/2022\/05\/09\/con-la-muestra-atlas-del-estudio-de-diseno-bravo-se-inauguro-la-galeria-gallo\/#respond\"]}]},{\"@type\":\"WebPage\",\"@id\":\"https:\/\/fadeu.urantiacos.cl\/en\/2022\/05\/09\/con-la-muestra-atlas-del-estudio-de-diseno-bravo-se-inauguro-la-galeria-gallo\/\",\"url\":\"https:\/\/fadeu.urantiacos.cl\/en\/2022\/05\/09\/con-la-muestra-atlas-del-estudio-de-diseno-bravo-se-inauguro-la-galeria-gallo\/\",\"name\":\"Con la muestra \u201cAtlas\u201d del estudio de Dise\u00f1o Bravo, se inaugur\u00f3 la galer\u00eda GALLO - Facultad de Arquitectura, Dise\u00f1o y Estudios Urbanos\",\"isPartOf\":{\"@id\":\"https:\/\/fadeu.urantiacos.cl\/en\/#website\"},\"primaryImageOfPage\":{\"@id\":\"https:\/\/fadeu.urantiacos.cl\/en\/2022\/05\/09\/con-la-muestra-atlas-del-estudio-de-diseno-bravo-se-inauguro-la-galeria-gallo\/#primaryimage\"},\"image\":{\"@id\":\"https:\/\/fadeu.urantiacos.cl\/en\/2022\/05\/09\/con-la-muestra-atlas-del-estudio-de-diseno-bravo-se-inauguro-la-galeria-gallo\/#primaryimage\"},\"thumbnailUrl\":\"https:\/\/fadeu.urantiacos.cl\/wp-content\/uploads\/2023\/09\/WEB_280210050_1918464641679000_365513673724204310_n.jpg\",\"datePublished\":\"2022-05-10T00:09:00+00:00\",\"dateModified\":\"2023-09-05T00:18:40+00:00\",\"author\":{\"@id\":\"https:\/\/fadeu.urantiacos.cl\/en\/#\/schema\/person\/d203e2e84b1c40275eac77b3061a19a2\"},\"description\":\"El pasado jueves 5 de mayo, en el campus Lo Contador, se congregaron acad\u00e9micos\/as, profesionales y p\u00fablico general para participar de la inauguraci\u00f3n de la primera muestra de la Galer\u00eda GALLO; \u201cAtlas\u201d del estudio de dise\u00f1o nacional Bravo!. La instancia que fue encabezada por la Vicerrectora de Comunicaciones UC, Magdalena Amen\u00e1bar; el decano FADEU, Mario Ubilla; la Directora de Extensi\u00f3n y Comunicaciones, Macarena Cort\u00e9s; el curador de la muestra, Patricio Pozo (docente de la Escuela de Dise\u00f1o), y autoridades acad\u00e9micas, acad\u00e9micos\/as y estudiantes.\",\"breadcrumb\":{\"@id\":\"https:\/\/fadeu.urantiacos.cl\/en\/2022\/05\/09\/con-la-muestra-atlas-del-estudio-de-diseno-bravo-se-inauguro-la-galeria-gallo\/#breadcrumb\"},\"inLanguage\":\"en-US\",\"potentialAction\":[{\"@type\":\"ReadAction\",\"target\":[\"https:\/\/fadeu.urantiacos.cl\/en\/2022\/05\/09\/con-la-muestra-atlas-del-estudio-de-diseno-bravo-se-inauguro-la-galeria-gallo\/\"]}]},{\"@type\":\"ImageObject\",\"inLanguage\":\"en-US\",\"@id\":\"https:\/\/fadeu.urantiacos.cl\/en\/2022\/05\/09\/con-la-muestra-atlas-del-estudio-de-diseno-bravo-se-inauguro-la-galeria-gallo\/#primaryimage\",\"url\":\"https:\/\/fadeu.urantiacos.cl\/wp-content\/uploads\/2023\/09\/WEB_280210050_1918464641679000_365513673724204310_n.jpg\",\"contentUrl\":\"https:\/\/fadeu.urantiacos.cl\/wp-content\/uploads\/2023\/09\/WEB_280210050_1918464641679000_365513673724204310_n.jpg\",\"width\":350,\"height\":250},{\"@type\":\"BreadcrumbList\",\"@id\":\"https:\/\/fadeu.urantiacos.cl\/en\/2022\/05\/09\/con-la-muestra-atlas-del-estudio-de-diseno-bravo-se-inauguro-la-galeria-gallo\/#breadcrumb\",\"itemListElement\":[{\"@type\":\"ListItem\",\"position\":1,\"name\":\"Portada\",\"item\":\"https:\/\/fadeu.urantiacos.cl\/en\/\"},{\"@type\":\"ListItem\",\"position\":2,\"name\":\"Con la muestra \u201cAtlas\u201d del estudio de Dise\u00f1o Bravo, se inaugur\u00f3 la galer\u00eda GALLO\"}]},{\"@type\":\"WebSite\",\"@id\":\"https:\/\/fadeu.urantiacos.cl\/en\/#website\",\"url\":\"https:\/\/fadeu.urantiacos.cl\/en\/\",\"name\":\"Facultad de Arquitectura, Dise\u00f1o y Estudios Urbanos\",\"description\":\"Campus Lo Contador\",\"potentialAction\":[{\"@type\":\"SearchAction\",\"target\":{\"@type\":\"EntryPoint\",\"urlTemplate\":\"https:\/\/fadeu.urantiacos.cl\/en\/?s={search_term_string}\"},\"query-input\":{\"@type\":\"PropertyValueSpecification\",\"valueRequired\":true,\"valueName\":\"search_term_string\"}}],\"inLanguage\":\"en-US\"},{\"@type\":\"Person\",\"@id\":\"https:\/\/fadeu.urantiacos.cl\/en\/#\/schema\/person\/d203e2e84b1c40275eac77b3061a19a2\",\"name\":\"manadmin\",\"image\":{\"@type\":\"ImageObject\",\"inLanguage\":\"en-US\",\"@id\":\"https:\/\/fadeu.urantiacos.cl\/en\/#\/schema\/person\/image\/\",\"url\":\"https:\/\/secure.gravatar.com\/avatar\/4b1d8e3303b4a9d8968ac578947d8bc80d9aea359f388cdd4aac15cadc0e8447?s=96&d=mm&r=g\",\"contentUrl\":\"https:\/\/secure.gravatar.com\/avatar\/4b1d8e3303b4a9d8968ac578947d8bc80d9aea359f388cdd4aac15cadc0e8447?s=96&d=mm&r=g\",\"caption\":\"manadmin\"},\"sameAs\":[\"https:\/\/fadeu.urantiacos.cl\"]}]}<\/script>\n<!-- \/ Yoast SEO plugin. -->","yoast_head_json":{"title":"Con la muestra \u201cAtlas\u201d del estudio de Dise\u00f1o Bravo, se inaugur\u00f3 la galer\u00eda GALLO - Facultad de Arquitectura, Dise\u00f1o y Estudios Urbanos","description":"El pasado jueves 5 de mayo, en el campus Lo Contador, se congregaron acad\u00e9micos\/as, profesionales y p\u00fablico general para participar de la inauguraci\u00f3n de la primera muestra de la Galer\u00eda GALLO; \u201cAtlas\u201d del estudio de dise\u00f1o nacional Bravo!. La instancia que fue encabezada por la Vicerrectora de Comunicaciones UC, Magdalena Amen\u00e1bar; el decano FADEU, Mario Ubilla; la Directora de Extensi\u00f3n y Comunicaciones, Macarena Cort\u00e9s; el curador de la muestra, Patricio Pozo (docente de la Escuela de Dise\u00f1o), y autoridades acad\u00e9micas, acad\u00e9micos\/as y estudiantes.","robots":{"index":"index","follow":"follow","max-snippet":"max-snippet:-1","max-image-preview":"max-image-preview:large","max-video-preview":"max-video-preview:-1"},"canonical":"https:\/\/fadeu.urantiacos.cl\/en\/2022\/05\/09\/con-la-muestra-atlas-del-estudio-de-diseno-bravo-se-inauguro-la-galeria-gallo\/","og_locale":"en_US","og_type":"article","og_title":"Con la muestra \u201cAtlas\u201d del estudio de Dise\u00f1o Bravo, se inaugur\u00f3 la galer\u00eda GALLO - Facultad de Arquitectura, Dise\u00f1o y Estudios Urbanos","og_description":"El pasado jueves 5 de mayo, en el campus Lo Contador, se congregaron acad\u00e9micos\/as, profesionales y p\u00fablico general para participar de la inauguraci\u00f3n de la primera muestra de la Galer\u00eda GALLO; \u201cAtlas\u201d del estudio de dise\u00f1o nacional Bravo!. La instancia que fue encabezada por la Vicerrectora de Comunicaciones UC, Magdalena Amen\u00e1bar; el decano FADEU, Mario Ubilla; la Directora de Extensi\u00f3n y Comunicaciones, Macarena Cort\u00e9s; el curador de la muestra, Patricio Pozo (docente de la Escuela de Dise\u00f1o), y autoridades acad\u00e9micas, acad\u00e9micos\/as y estudiantes.","og_url":"https:\/\/fadeu.urantiacos.cl\/en\/2022\/05\/09\/con-la-muestra-atlas-del-estudio-de-diseno-bravo-se-inauguro-la-galeria-gallo\/","og_site_name":"Facultad de Arquitectura, Dise\u00f1o y Estudios Urbanos","article_published_time":"2022-05-10T00:09:00+00:00","article_modified_time":"2023-09-05T00:18:40+00:00","og_image":[{"width":350,"height":250,"url":"https:\/\/fadeu.urantiacos.cl\/wp-content\/uploads\/2023\/09\/WEB_280210050_1918464641679000_365513673724204310_n.jpg","type":"image\/jpeg"}],"author":"manadmin","twitter_card":"summary_large_image","twitter_misc":{"Written by":"manadmin","Est. reading time":"4 minutes"},"schema":{"@context":"https:\/\/schema.org","@graph":[{"@type":"Article","@id":"https:\/\/fadeu.urantiacos.cl\/en\/2022\/05\/09\/con-la-muestra-atlas-del-estudio-de-diseno-bravo-se-inauguro-la-galeria-gallo\/#article","isPartOf":{"@id":"https:\/\/fadeu.urantiacos.cl\/en\/2022\/05\/09\/con-la-muestra-atlas-del-estudio-de-diseno-bravo-se-inauguro-la-galeria-gallo\/"},"author":{"name":"manadmin","@id":"https:\/\/fadeu.urantiacos.cl\/en\/#\/schema\/person\/d203e2e84b1c40275eac77b3061a19a2"},"headline":"Con la muestra \u201cAtlas\u201d del estudio de Dise\u00f1o Bravo, se inaugur\u00f3 la galer\u00eda GALLO","datePublished":"2022-05-10T00:09:00+00:00","dateModified":"2023-09-05T00:18:40+00:00","mainEntityOfPage":{"@id":"https:\/\/fadeu.urantiacos.cl\/en\/2022\/05\/09\/con-la-muestra-atlas-del-estudio-de-diseno-bravo-se-inauguro-la-galeria-gallo\/"},"wordCount":851,"commentCount":0,"image":{"@id":"https:\/\/fadeu.urantiacos.cl\/en\/2022\/05\/09\/con-la-muestra-atlas-del-estudio-de-diseno-bravo-se-inauguro-la-galeria-gallo\/#primaryimage"},"thumbnailUrl":"https:\/\/fadeu.urantiacos.cl\/wp-content\/uploads\/2023\/09\/WEB_280210050_1918464641679000_365513673724204310_n.jpg","articleSection":["Sin categorizar"],"inLanguage":"en-US","potentialAction":[{"@type":"CommentAction","name":"Comment","target":["https:\/\/fadeu.urantiacos.cl\/en\/2022\/05\/09\/con-la-muestra-atlas-del-estudio-de-diseno-bravo-se-inauguro-la-galeria-gallo\/#respond"]}]},{"@type":"WebPage","@id":"https:\/\/fadeu.urantiacos.cl\/en\/2022\/05\/09\/con-la-muestra-atlas-del-estudio-de-diseno-bravo-se-inauguro-la-galeria-gallo\/","url":"https:\/\/fadeu.urantiacos.cl\/en\/2022\/05\/09\/con-la-muestra-atlas-del-estudio-de-diseno-bravo-se-inauguro-la-galeria-gallo\/","name":"Con la muestra \u201cAtlas\u201d del estudio de Dise\u00f1o Bravo, se inaugur\u00f3 la galer\u00eda GALLO - Facultad de Arquitectura, Dise\u00f1o y Estudios Urbanos","isPartOf":{"@id":"https:\/\/fadeu.urantiacos.cl\/en\/#website"},"primaryImageOfPage":{"@id":"https:\/\/fadeu.urantiacos.cl\/en\/2022\/05\/09\/con-la-muestra-atlas-del-estudio-de-diseno-bravo-se-inauguro-la-galeria-gallo\/#primaryimage"},"image":{"@id":"https:\/\/fadeu.urantiacos.cl\/en\/2022\/05\/09\/con-la-muestra-atlas-del-estudio-de-diseno-bravo-se-inauguro-la-galeria-gallo\/#primaryimage"},"thumbnailUrl":"https:\/\/fadeu.urantiacos.cl\/wp-content\/uploads\/2023\/09\/WEB_280210050_1918464641679000_365513673724204310_n.jpg","datePublished":"2022-05-10T00:09:00+00:00","dateModified":"2023-09-05T00:18:40+00:00","author":{"@id":"https:\/\/fadeu.urantiacos.cl\/en\/#\/schema\/person\/d203e2e84b1c40275eac77b3061a19a2"},"description":"El pasado jueves 5 de mayo, en el campus Lo Contador, se congregaron acad\u00e9micos\/as, profesionales y p\u00fablico general para participar de la inauguraci\u00f3n de la primera muestra de la Galer\u00eda GALLO; \u201cAtlas\u201d del estudio de dise\u00f1o nacional Bravo!. La instancia que fue encabezada por la Vicerrectora de Comunicaciones UC, Magdalena Amen\u00e1bar; el decano FADEU, Mario Ubilla; la Directora de Extensi\u00f3n y Comunicaciones, Macarena Cort\u00e9s; el curador de la muestra, Patricio Pozo (docente de la Escuela de Dise\u00f1o), y autoridades acad\u00e9micas, acad\u00e9micos\/as y estudiantes.","breadcrumb":{"@id":"https:\/\/fadeu.urantiacos.cl\/en\/2022\/05\/09\/con-la-muestra-atlas-del-estudio-de-diseno-bravo-se-inauguro-la-galeria-gallo\/#breadcrumb"},"inLanguage":"en-US","potentialAction":[{"@type":"ReadAction","target":["https:\/\/fadeu.urantiacos.cl\/en\/2022\/05\/09\/con-la-muestra-atlas-del-estudio-de-diseno-bravo-se-inauguro-la-galeria-gallo\/"]}]},{"@type":"ImageObject","inLanguage":"en-US","@id":"https:\/\/fadeu.urantiacos.cl\/en\/2022\/05\/09\/con-la-muestra-atlas-del-estudio-de-diseno-bravo-se-inauguro-la-galeria-gallo\/#primaryimage","url":"https:\/\/fadeu.urantiacos.cl\/wp-content\/uploads\/2023\/09\/WEB_280210050_1918464641679000_365513673724204310_n.jpg","contentUrl":"https:\/\/fadeu.urantiacos.cl\/wp-content\/uploads\/2023\/09\/WEB_280210050_1918464641679000_365513673724204310_n.jpg","width":350,"height":250},{"@type":"BreadcrumbList","@id":"https:\/\/fadeu.urantiacos.cl\/en\/2022\/05\/09\/con-la-muestra-atlas-del-estudio-de-diseno-bravo-se-inauguro-la-galeria-gallo\/#breadcrumb","itemListElement":[{"@type":"ListItem","position":1,"name":"Portada","item":"https:\/\/fadeu.urantiacos.cl\/en\/"},{"@type":"ListItem","position":2,"name":"Con la muestra \u201cAtlas\u201d del estudio de Dise\u00f1o Bravo, se inaugur\u00f3 la galer\u00eda GALLO"}]},{"@type":"WebSite","@id":"https:\/\/fadeu.urantiacos.cl\/en\/#website","url":"https:\/\/fadeu.urantiacos.cl\/en\/","name":"Facultad de Arquitectura, Dise\u00f1o y Estudios Urbanos","description":"Campus Lo Contador","potentialAction":[{"@type":"SearchAction","target":{"@type":"EntryPoint","urlTemplate":"https:\/\/fadeu.urantiacos.cl\/en\/?s={search_term_string}"},"query-input":{"@type":"PropertyValueSpecification","valueRequired":true,"valueName":"search_term_string"}}],"inLanguage":"en-US"},{"@type":"Person","@id":"https:\/\/fadeu.urantiacos.cl\/en\/#\/schema\/person\/d203e2e84b1c40275eac77b3061a19a2","name":"manadmin","image":{"@type":"ImageObject","inLanguage":"en-US","@id":"https:\/\/fadeu.urantiacos.cl\/en\/#\/schema\/person\/image\/","url":"https:\/\/secure.gravatar.com\/avatar\/4b1d8e3303b4a9d8968ac578947d8bc80d9aea359f388cdd4aac15cadc0e8447?s=96&d=mm&r=g","contentUrl":"https:\/\/secure.gravatar.com\/avatar\/4b1d8e3303b4a9d8968ac578947d8bc80d9aea359f388cdd4aac15cadc0e8447?s=96&d=mm&r=g","caption":"manadmin"},"sameAs":["https:\/\/fadeu.urantiacos.cl"]}]}},"_links":{"self":[{"href":"https:\/\/fadeu.urantiacos.cl\/en\/wp-json\/wp\/v2\/posts\/4935","targetHints":{"allow":["GET"]}}],"collection":[{"href":"https:\/\/fadeu.urantiacos.cl\/en\/wp-json\/wp\/v2\/posts"}],"about":[{"href":"https:\/\/fadeu.urantiacos.cl\/en\/wp-json\/wp\/v2\/types\/post"}],"author":[{"embeddable":true,"href":"https:\/\/fadeu.urantiacos.cl\/en\/wp-json\/wp\/v2\/users\/1"}],"replies":[{"embeddable":true,"href":"https:\/\/fadeu.urantiacos.cl\/en\/wp-json\/wp\/v2\/comments?post=4935"}],"version-history":[{"count":1,"href":"https:\/\/fadeu.urantiacos.cl\/en\/wp-json\/wp\/v2\/posts\/4935\/revisions"}],"predecessor-version":[{"id":4941,"href":"https:\/\/fadeu.urantiacos.cl\/en\/wp-json\/wp\/v2\/posts\/4935\/revisions\/4941"}],"wp:featuredmedia":[{"embeddable":true,"href":"https:\/\/fadeu.urantiacos.cl\/en\/wp-json\/wp\/v2\/media\/4936"}],"wp:attachment":[{"href":"https:\/\/fadeu.urantiacos.cl\/en\/wp-json\/wp\/v2\/media?parent=4935"}],"wp:term":[{"taxonomy":"category","embeddable":true,"href":"https:\/\/fadeu.urantiacos.cl\/en\/wp-json\/wp\/v2\/categories?post=4935"},{"taxonomy":"post_tag","embeddable":true,"href":"https:\/\/fadeu.urantiacos.cl\/en\/wp-json\/wp\/v2\/tags?post=4935"}],"curies":[{"name":"wp","href":"https:\/\/api.w.org\/{rel}","templated":true}]}}