{"id":4932,"date":"2022-05-13T21:07:00","date_gmt":"2022-05-14T00:07:00","guid":{"rendered":"https:\/\/fadeu.urantiacos.cl\/?p=4932"},"modified":"2023-09-04T21:09:39","modified_gmt":"2023-09-05T00:09:39","slug":"comite-de-busqueda-para-la-escuela-de-diseno-define-candidatos-para-proceso-eleccionario-de-nueva-direccion","status":"publish","type":"post","link":"https:\/\/fadeu.urantiacos.cl\/en\/2022\/05\/13\/comite-de-busqueda-para-la-escuela-de-diseno-define-candidatos-para-proceso-eleccionario-de-nueva-direccion\/","title":{"rendered":"Comit\u00e9 de B\u00fasqueda para la escuela de Dise\u00f1o define candidatos para proceso eleccionario de nueva Direcci\u00f3n"},"content":{"rendered":"\n<figure class=\"wp-block-image size-full\"><img decoding=\"async\" width=\"350\" height=\"250\" src=\"https:\/\/fadeu.urantiacos.cl\/wp-content\/uploads\/2023\/09\/WEB_WhatsApp_Image_2022-05-12_at_4.43.07_PM.jpg\" alt=\"\" class=\"wp-image-4933\" srcset=\"https:\/\/fadeu.urantiacos.cl\/wp-content\/uploads\/2023\/09\/WEB_WhatsApp_Image_2022-05-12_at_4.43.07_PM.jpg 350w, https:\/\/fadeu.urantiacos.cl\/wp-content\/uploads\/2023\/09\/WEB_WhatsApp_Image_2022-05-12_at_4.43.07_PM-300x214.jpg 300w\" sizes=\"(max-width: 350px) 100vw, 350px\" \/><\/figure>\n\n\n\n<p>A trav\u00e9s de un trabajo interno y conversaci\u00f3n con integrantes de la comunidad acad\u00e9mica de la Escuela: profesores\/as de las plantas ordinaria, especial y adjunta, administrativos\/as, profesionales, representantes estudiantiles y profesionales relevantes del medio, procurando el car\u00e1cter m\u00e1s amplio e informado posible-, se defini\u00f3 nominar como candidatos a Mart\u00edn Tironi Rod\u00f3 y Jorge Morales Meneses.<\/p>\n\n\n\n<p>As\u00ed fue comunicado por la Secretar\u00eda Acad\u00e9mica de la Facultad de Arquitectura, Dise\u00f1o y Estudios Urbanos UC, dirigida por el profesor Felipe Encinas, quien inform\u00f3, adem\u00e1s, que se realizar\u00e1 una asamblea abierta dirigida a todos los estamentos que integran la Escuela de Dise\u00f1o y la Facultad, en la que los candidatos expondr\u00e1n su proyecto acad\u00e9mico para el pr\u00f3ximo per\u00edodo y se recibir\u00e1n las preguntas de la comunidad.<\/p>\n\n\n\n<p>Esta asamblea se realizar\u00e1 el mi\u00e9rcoles 1 de junio del 2022 a las 13:00 horas, en el Auditorio FADEU del Campus Lo Contador, bajo una modalidad h\u00edbrida (con cupos presenciales limitados y conexi\u00f3n v\u00eda remota).<\/p>\n\n\n\n<p>El acto eleccionario, coment\u00f3 Encinas, se realizar\u00e1 el viernes 3 de junio del 2022 entre las 9 y las 18 horas, de manera remota a trav\u00e9s de la plataforma ElectionBuddy, a la que ser\u00e1n convocados\/as los acad\u00e9micos\/as con categor\u00eda vigente de las plantas ordinaria y especial de la Escuela de Dise\u00f1o.<\/p>\n\n\n\n<p>INFORMACI\u00d3N PERIOD\u00cdSTICA<br>JUAN ANDR\u00c9S INZUNZA<\/p>\n","protected":false},"excerpt":{"rendered":"<p>Luego de un total de 28 sesiones realizadas por el Comit\u00e9 de B\u00fasqueda, compuesto por los acad\u00e9micos de la Escuela de Dise\u00f1o Paz Cox, Paola Moreno, Soledad Hoces de la Guardia, Alberto Gonz\u00e1lez y Pedro \u00c1lvarez, adem\u00e1s del Decano FADEU, Mario Ubilla, el Secretario Acad\u00e9mico de la facultad, Felipe Encinas y el Director de Chile Dise\u00f1o, Marcelo Rojas, se defini\u00f3 a los candidatos para asumir la nueva direcci\u00f3n de la Escuela<\/p>\n","protected":false},"author":1,"featured_media":4933,"comment_status":"open","ping_status":"open","sticky":false,"template":"","format":"standard","meta":{"_acf_changed":false,"footnotes":""},"categories":[1],"tags":[],"class_list":["post-4932","post","type-post","status-publish","format-standard","has-post-thumbnail","hentry","category-sin-categorizar"],"acf":[],"yoast_head":"<!-- This site is optimized with the Yoast SEO plugin v27.1.1 - https:\/\/yoast.com\/product\/yoast-seo-wordpress\/ -->\n<title>Comit\u00e9 de B\u00fasqueda para la escuela de Dise\u00f1o define candidatos para proceso eleccionario de nueva Direcci\u00f3n - Facultad de Arquitectura, Dise\u00f1o y Estudios Urbanos<\/title>\n<meta name=\"description\" content=\"Luego de un total de 28 sesiones realizadas por el Comit\u00e9 de B\u00fasqueda, compuesto por los acad\u00e9micos de la Escuela de Dise\u00f1o Paz Cox, Paola Moreno, Soledad Hoces de la Guardia, Alberto Gonz\u00e1lez y Pedro \u00c1lvarez, adem\u00e1s del Decano FADEU, Mario Ubilla, el Secretario Acad\u00e9mico de la facultad, Felipe Encinas y el Director de Chile Dise\u00f1o, Marcelo Rojas, se defini\u00f3 a los candidatos para asumir la nueva direcci\u00f3n de la Escuela\" \/>\n<meta name=\"robots\" content=\"index, follow, max-snippet:-1, max-image-preview:large, max-video-preview:-1\" \/>\n<link rel=\"canonical\" href=\"https:\/\/fadeu.urantiacos.cl\/en\/2022\/05\/13\/comite-de-busqueda-para-la-escuela-de-diseno-define-candidatos-para-proceso-eleccionario-de-nueva-direccion\/\" \/>\n<meta property=\"og:locale\" content=\"en_US\" \/>\n<meta property=\"og:type\" content=\"article\" \/>\n<meta property=\"og:title\" content=\"Comit\u00e9 de B\u00fasqueda para la escuela de Dise\u00f1o define candidatos para proceso eleccionario de nueva Direcci\u00f3n - Facultad de Arquitectura, Dise\u00f1o y Estudios Urbanos\" \/>\n<meta property=\"og:description\" content=\"Luego de un total de 28 sesiones realizadas por el Comit\u00e9 de B\u00fasqueda, compuesto por los acad\u00e9micos de la Escuela de Dise\u00f1o Paz Cox, Paola Moreno, Soledad Hoces de la Guardia, Alberto Gonz\u00e1lez y Pedro \u00c1lvarez, adem\u00e1s del Decano FADEU, Mario Ubilla, el Secretario Acad\u00e9mico de la facultad, Felipe Encinas y el Director de Chile Dise\u00f1o, Marcelo Rojas, se defini\u00f3 a los candidatos para asumir la nueva direcci\u00f3n de la Escuela\" \/>\n<meta property=\"og:url\" content=\"https:\/\/fadeu.urantiacos.cl\/en\/2022\/05\/13\/comite-de-busqueda-para-la-escuela-de-diseno-define-candidatos-para-proceso-eleccionario-de-nueva-direccion\/\" \/>\n<meta property=\"og:site_name\" content=\"Facultad de Arquitectura, Dise\u00f1o y Estudios Urbanos\" \/>\n<meta property=\"article:published_time\" content=\"2022-05-14T00:07:00+00:00\" \/>\n<meta property=\"article:modified_time\" content=\"2023-09-05T00:09:39+00:00\" \/>\n<meta property=\"og:image\" content=\"https:\/\/fadeu.urantiacos.cl\/wp-content\/uploads\/2023\/09\/WEB_WhatsApp_Image_2022-05-12_at_4.43.07_PM.jpg\" \/>\n\t<meta property=\"og:image:width\" content=\"350\" \/>\n\t<meta property=\"og:image:height\" content=\"250\" \/>\n\t<meta property=\"og:image:type\" content=\"image\/jpeg\" \/>\n<meta name=\"author\" content=\"manadmin\" \/>\n<meta name=\"twitter:card\" content=\"summary_large_image\" \/>\n<meta name=\"twitter:label1\" content=\"Written by\" \/>\n\t<meta name=\"twitter:data1\" content=\"manadmin\" \/>\n\t<meta name=\"twitter:label2\" content=\"Est. reading time\" \/>\n\t<meta name=\"twitter:data2\" content=\"1 minute\" \/>\n<script type=\"application\/ld+json\" class=\"yoast-schema-graph\">{\"@context\":\"https:\/\/schema.org\",\"@graph\":[{\"@type\":\"Article\",\"@id\":\"https:\/\/fadeu.urantiacos.cl\/en\/2022\/05\/13\/comite-de-busqueda-para-la-escuela-de-diseno-define-candidatos-para-proceso-eleccionario-de-nueva-direccion\/#article\",\"isPartOf\":{\"@id\":\"https:\/\/fadeu.urantiacos.cl\/en\/2022\/05\/13\/comite-de-busqueda-para-la-escuela-de-diseno-define-candidatos-para-proceso-eleccionario-de-nueva-direccion\/\"},\"author\":{\"name\":\"manadmin\",\"@id\":\"https:\/\/fadeu.urantiacos.cl\/en\/#\/schema\/person\/d203e2e84b1c40275eac77b3061a19a2\"},\"headline\":\"Comit\u00e9 de B\u00fasqueda para la escuela de Dise\u00f1o define candidatos para proceso eleccionario de nueva Direcci\u00f3n\",\"datePublished\":\"2022-05-14T00:07:00+00:00\",\"dateModified\":\"2023-09-05T00:09:39+00:00\",\"mainEntityOfPage\":{\"@id\":\"https:\/\/fadeu.urantiacos.cl\/en\/2022\/05\/13\/comite-de-busqueda-para-la-escuela-de-diseno-define-candidatos-para-proceso-eleccionario-de-nueva-direccion\/\"},\"wordCount\":256,\"commentCount\":0,\"image\":{\"@id\":\"https:\/\/fadeu.urantiacos.cl\/en\/2022\/05\/13\/comite-de-busqueda-para-la-escuela-de-diseno-define-candidatos-para-proceso-eleccionario-de-nueva-direccion\/#primaryimage\"},\"thumbnailUrl\":\"https:\/\/fadeu.urantiacos.cl\/wp-content\/uploads\/2023\/09\/WEB_WhatsApp_Image_2022-05-12_at_4.43.07_PM.jpg\",\"articleSection\":[\"Sin categorizar\"],\"inLanguage\":\"en-US\",\"potentialAction\":[{\"@type\":\"CommentAction\",\"name\":\"Comment\",\"target\":[\"https:\/\/fadeu.urantiacos.cl\/en\/2022\/05\/13\/comite-de-busqueda-para-la-escuela-de-diseno-define-candidatos-para-proceso-eleccionario-de-nueva-direccion\/#respond\"]}]},{\"@type\":\"WebPage\",\"@id\":\"https:\/\/fadeu.urantiacos.cl\/en\/2022\/05\/13\/comite-de-busqueda-para-la-escuela-de-diseno-define-candidatos-para-proceso-eleccionario-de-nueva-direccion\/\",\"url\":\"https:\/\/fadeu.urantiacos.cl\/en\/2022\/05\/13\/comite-de-busqueda-para-la-escuela-de-diseno-define-candidatos-para-proceso-eleccionario-de-nueva-direccion\/\",\"name\":\"Comit\u00e9 de B\u00fasqueda para la escuela de Dise\u00f1o define candidatos para proceso eleccionario de nueva Direcci\u00f3n - Facultad de Arquitectura, Dise\u00f1o y Estudios Urbanos\",\"isPartOf\":{\"@id\":\"https:\/\/fadeu.urantiacos.cl\/en\/#website\"},\"primaryImageOfPage\":{\"@id\":\"https:\/\/fadeu.urantiacos.cl\/en\/2022\/05\/13\/comite-de-busqueda-para-la-escuela-de-diseno-define-candidatos-para-proceso-eleccionario-de-nueva-direccion\/#primaryimage\"},\"image\":{\"@id\":\"https:\/\/fadeu.urantiacos.cl\/en\/2022\/05\/13\/comite-de-busqueda-para-la-escuela-de-diseno-define-candidatos-para-proceso-eleccionario-de-nueva-direccion\/#primaryimage\"},\"thumbnailUrl\":\"https:\/\/fadeu.urantiacos.cl\/wp-content\/uploads\/2023\/09\/WEB_WhatsApp_Image_2022-05-12_at_4.43.07_PM.jpg\",\"datePublished\":\"2022-05-14T00:07:00+00:00\",\"dateModified\":\"2023-09-05T00:09:39+00:00\",\"author\":{\"@id\":\"https:\/\/fadeu.urantiacos.cl\/en\/#\/schema\/person\/d203e2e84b1c40275eac77b3061a19a2\"},\"description\":\"Luego de un total de 28 sesiones realizadas por el Comit\u00e9 de B\u00fasqueda, compuesto por los acad\u00e9micos de la Escuela de Dise\u00f1o Paz Cox, Paola Moreno, Soledad Hoces de la Guardia, Alberto Gonz\u00e1lez y Pedro \u00c1lvarez, adem\u00e1s del Decano FADEU, Mario Ubilla, el Secretario Acad\u00e9mico de la facultad, Felipe Encinas y el Director de Chile Dise\u00f1o, Marcelo Rojas, se defini\u00f3 a los candidatos para asumir la nueva direcci\u00f3n de la Escuela\",\"breadcrumb\":{\"@id\":\"https:\/\/fadeu.urantiacos.cl\/en\/2022\/05\/13\/comite-de-busqueda-para-la-escuela-de-diseno-define-candidatos-para-proceso-eleccionario-de-nueva-direccion\/#breadcrumb\"},\"inLanguage\":\"en-US\",\"potentialAction\":[{\"@type\":\"ReadAction\",\"target\":[\"https:\/\/fadeu.urantiacos.cl\/en\/2022\/05\/13\/comite-de-busqueda-para-la-escuela-de-diseno-define-candidatos-para-proceso-eleccionario-de-nueva-direccion\/\"]}]},{\"@type\":\"ImageObject\",\"inLanguage\":\"en-US\",\"@id\":\"https:\/\/fadeu.urantiacos.cl\/en\/2022\/05\/13\/comite-de-busqueda-para-la-escuela-de-diseno-define-candidatos-para-proceso-eleccionario-de-nueva-direccion\/#primaryimage\",\"url\":\"https:\/\/fadeu.urantiacos.cl\/wp-content\/uploads\/2023\/09\/WEB_WhatsApp_Image_2022-05-12_at_4.43.07_PM.jpg\",\"contentUrl\":\"https:\/\/fadeu.urantiacos.cl\/wp-content\/uploads\/2023\/09\/WEB_WhatsApp_Image_2022-05-12_at_4.43.07_PM.jpg\",\"width\":350,\"height\":250},{\"@type\":\"BreadcrumbList\",\"@id\":\"https:\/\/fadeu.urantiacos.cl\/en\/2022\/05\/13\/comite-de-busqueda-para-la-escuela-de-diseno-define-candidatos-para-proceso-eleccionario-de-nueva-direccion\/#breadcrumb\",\"itemListElement\":[{\"@type\":\"ListItem\",\"position\":1,\"name\":\"Portada\",\"item\":\"https:\/\/fadeu.urantiacos.cl\/en\/\"},{\"@type\":\"ListItem\",\"position\":2,\"name\":\"Comit\u00e9 de B\u00fasqueda para la escuela de Dise\u00f1o define candidatos para proceso eleccionario de nueva Direcci\u00f3n\"}]},{\"@type\":\"WebSite\",\"@id\":\"https:\/\/fadeu.urantiacos.cl\/en\/#website\",\"url\":\"https:\/\/fadeu.urantiacos.cl\/en\/\",\"name\":\"Facultad de Arquitectura, Dise\u00f1o y Estudios Urbanos\",\"description\":\"Campus Lo Contador\",\"potentialAction\":[{\"@type\":\"SearchAction\",\"target\":{\"@type\":\"EntryPoint\",\"urlTemplate\":\"https:\/\/fadeu.urantiacos.cl\/en\/?s={search_term_string}\"},\"query-input\":{\"@type\":\"PropertyValueSpecification\",\"valueRequired\":true,\"valueName\":\"search_term_string\"}}],\"inLanguage\":\"en-US\"},{\"@type\":\"Person\",\"@id\":\"https:\/\/fadeu.urantiacos.cl\/en\/#\/schema\/person\/d203e2e84b1c40275eac77b3061a19a2\",\"name\":\"manadmin\",\"image\":{\"@type\":\"ImageObject\",\"inLanguage\":\"en-US\",\"@id\":\"https:\/\/fadeu.urantiacos.cl\/en\/#\/schema\/person\/image\/\",\"url\":\"https:\/\/secure.gravatar.com\/avatar\/4b1d8e3303b4a9d8968ac578947d8bc80d9aea359f388cdd4aac15cadc0e8447?s=96&d=mm&r=g\",\"contentUrl\":\"https:\/\/secure.gravatar.com\/avatar\/4b1d8e3303b4a9d8968ac578947d8bc80d9aea359f388cdd4aac15cadc0e8447?s=96&d=mm&r=g\",\"caption\":\"manadmin\"},\"sameAs\":[\"https:\/\/fadeu.urantiacos.cl\"]}]}<\/script>\n<!-- \/ Yoast SEO plugin. -->","yoast_head_json":{"title":"Comit\u00e9 de B\u00fasqueda para la escuela de Dise\u00f1o define candidatos para proceso eleccionario de nueva Direcci\u00f3n - Facultad de Arquitectura, Dise\u00f1o y Estudios Urbanos","description":"Luego de un total de 28 sesiones realizadas por el Comit\u00e9 de B\u00fasqueda, compuesto por los acad\u00e9micos de la Escuela de Dise\u00f1o Paz Cox, Paola Moreno, Soledad Hoces de la Guardia, Alberto Gonz\u00e1lez y Pedro \u00c1lvarez, adem\u00e1s del Decano FADEU, Mario Ubilla, el Secretario Acad\u00e9mico de la facultad, Felipe Encinas y el Director de Chile Dise\u00f1o, Marcelo Rojas, se defini\u00f3 a los candidatos para asumir la nueva direcci\u00f3n de la Escuela","robots":{"index":"index","follow":"follow","max-snippet":"max-snippet:-1","max-image-preview":"max-image-preview:large","max-video-preview":"max-video-preview:-1"},"canonical":"https:\/\/fadeu.urantiacos.cl\/en\/2022\/05\/13\/comite-de-busqueda-para-la-escuela-de-diseno-define-candidatos-para-proceso-eleccionario-de-nueva-direccion\/","og_locale":"en_US","og_type":"article","og_title":"Comit\u00e9 de B\u00fasqueda para la escuela de Dise\u00f1o define candidatos para proceso eleccionario de nueva Direcci\u00f3n - Facultad de Arquitectura, Dise\u00f1o y Estudios Urbanos","og_description":"Luego de un total de 28 sesiones realizadas por el Comit\u00e9 de B\u00fasqueda, compuesto por los acad\u00e9micos de la Escuela de Dise\u00f1o Paz Cox, Paola Moreno, Soledad Hoces de la Guardia, Alberto Gonz\u00e1lez y Pedro \u00c1lvarez, adem\u00e1s del Decano FADEU, Mario Ubilla, el Secretario Acad\u00e9mico de la facultad, Felipe Encinas y el Director de Chile Dise\u00f1o, Marcelo Rojas, se defini\u00f3 a los candidatos para asumir la nueva direcci\u00f3n de la Escuela","og_url":"https:\/\/fadeu.urantiacos.cl\/en\/2022\/05\/13\/comite-de-busqueda-para-la-escuela-de-diseno-define-candidatos-para-proceso-eleccionario-de-nueva-direccion\/","og_site_name":"Facultad de Arquitectura, Dise\u00f1o y Estudios Urbanos","article_published_time":"2022-05-14T00:07:00+00:00","article_modified_time":"2023-09-05T00:09:39+00:00","og_image":[{"width":350,"height":250,"url":"https:\/\/fadeu.urantiacos.cl\/wp-content\/uploads\/2023\/09\/WEB_WhatsApp_Image_2022-05-12_at_4.43.07_PM.jpg","type":"image\/jpeg"}],"author":"manadmin","twitter_card":"summary_large_image","twitter_misc":{"Written by":"manadmin","Est. reading time":"1 minute"},"schema":{"@context":"https:\/\/schema.org","@graph":[{"@type":"Article","@id":"https:\/\/fadeu.urantiacos.cl\/en\/2022\/05\/13\/comite-de-busqueda-para-la-escuela-de-diseno-define-candidatos-para-proceso-eleccionario-de-nueva-direccion\/#article","isPartOf":{"@id":"https:\/\/fadeu.urantiacos.cl\/en\/2022\/05\/13\/comite-de-busqueda-para-la-escuela-de-diseno-define-candidatos-para-proceso-eleccionario-de-nueva-direccion\/"},"author":{"name":"manadmin","@id":"https:\/\/fadeu.urantiacos.cl\/en\/#\/schema\/person\/d203e2e84b1c40275eac77b3061a19a2"},"headline":"Comit\u00e9 de B\u00fasqueda para la escuela de Dise\u00f1o define candidatos para proceso eleccionario de nueva Direcci\u00f3n","datePublished":"2022-05-14T00:07:00+00:00","dateModified":"2023-09-05T00:09:39+00:00","mainEntityOfPage":{"@id":"https:\/\/fadeu.urantiacos.cl\/en\/2022\/05\/13\/comite-de-busqueda-para-la-escuela-de-diseno-define-candidatos-para-proceso-eleccionario-de-nueva-direccion\/"},"wordCount":256,"commentCount":0,"image":{"@id":"https:\/\/fadeu.urantiacos.cl\/en\/2022\/05\/13\/comite-de-busqueda-para-la-escuela-de-diseno-define-candidatos-para-proceso-eleccionario-de-nueva-direccion\/#primaryimage"},"thumbnailUrl":"https:\/\/fadeu.urantiacos.cl\/wp-content\/uploads\/2023\/09\/WEB_WhatsApp_Image_2022-05-12_at_4.43.07_PM.jpg","articleSection":["Sin categorizar"],"inLanguage":"en-US","potentialAction":[{"@type":"CommentAction","name":"Comment","target":["https:\/\/fadeu.urantiacos.cl\/en\/2022\/05\/13\/comite-de-busqueda-para-la-escuela-de-diseno-define-candidatos-para-proceso-eleccionario-de-nueva-direccion\/#respond"]}]},{"@type":"WebPage","@id":"https:\/\/fadeu.urantiacos.cl\/en\/2022\/05\/13\/comite-de-busqueda-para-la-escuela-de-diseno-define-candidatos-para-proceso-eleccionario-de-nueva-direccion\/","url":"https:\/\/fadeu.urantiacos.cl\/en\/2022\/05\/13\/comite-de-busqueda-para-la-escuela-de-diseno-define-candidatos-para-proceso-eleccionario-de-nueva-direccion\/","name":"Comit\u00e9 de B\u00fasqueda para la escuela de Dise\u00f1o define candidatos para proceso eleccionario de nueva Direcci\u00f3n - Facultad de Arquitectura, Dise\u00f1o y Estudios Urbanos","isPartOf":{"@id":"https:\/\/fadeu.urantiacos.cl\/en\/#website"},"primaryImageOfPage":{"@id":"https:\/\/fadeu.urantiacos.cl\/en\/2022\/05\/13\/comite-de-busqueda-para-la-escuela-de-diseno-define-candidatos-para-proceso-eleccionario-de-nueva-direccion\/#primaryimage"},"image":{"@id":"https:\/\/fadeu.urantiacos.cl\/en\/2022\/05\/13\/comite-de-busqueda-para-la-escuela-de-diseno-define-candidatos-para-proceso-eleccionario-de-nueva-direccion\/#primaryimage"},"thumbnailUrl":"https:\/\/fadeu.urantiacos.cl\/wp-content\/uploads\/2023\/09\/WEB_WhatsApp_Image_2022-05-12_at_4.43.07_PM.jpg","datePublished":"2022-05-14T00:07:00+00:00","dateModified":"2023-09-05T00:09:39+00:00","author":{"@id":"https:\/\/fadeu.urantiacos.cl\/en\/#\/schema\/person\/d203e2e84b1c40275eac77b3061a19a2"},"description":"Luego de un total de 28 sesiones realizadas por el Comit\u00e9 de B\u00fasqueda, compuesto por los acad\u00e9micos de la Escuela de Dise\u00f1o Paz Cox, Paola Moreno, Soledad Hoces de la Guardia, Alberto Gonz\u00e1lez y Pedro \u00c1lvarez, adem\u00e1s del Decano FADEU, Mario Ubilla, el Secretario Acad\u00e9mico de la facultad, Felipe Encinas y el Director de Chile Dise\u00f1o, Marcelo Rojas, se defini\u00f3 a los candidatos para asumir la nueva direcci\u00f3n de la Escuela","breadcrumb":{"@id":"https:\/\/fadeu.urantiacos.cl\/en\/2022\/05\/13\/comite-de-busqueda-para-la-escuela-de-diseno-define-candidatos-para-proceso-eleccionario-de-nueva-direccion\/#breadcrumb"},"inLanguage":"en-US","potentialAction":[{"@type":"ReadAction","target":["https:\/\/fadeu.urantiacos.cl\/en\/2022\/05\/13\/comite-de-busqueda-para-la-escuela-de-diseno-define-candidatos-para-proceso-eleccionario-de-nueva-direccion\/"]}]},{"@type":"ImageObject","inLanguage":"en-US","@id":"https:\/\/fadeu.urantiacos.cl\/en\/2022\/05\/13\/comite-de-busqueda-para-la-escuela-de-diseno-define-candidatos-para-proceso-eleccionario-de-nueva-direccion\/#primaryimage","url":"https:\/\/fadeu.urantiacos.cl\/wp-content\/uploads\/2023\/09\/WEB_WhatsApp_Image_2022-05-12_at_4.43.07_PM.jpg","contentUrl":"https:\/\/fadeu.urantiacos.cl\/wp-content\/uploads\/2023\/09\/WEB_WhatsApp_Image_2022-05-12_at_4.43.07_PM.jpg","width":350,"height":250},{"@type":"BreadcrumbList","@id":"https:\/\/fadeu.urantiacos.cl\/en\/2022\/05\/13\/comite-de-busqueda-para-la-escuela-de-diseno-define-candidatos-para-proceso-eleccionario-de-nueva-direccion\/#breadcrumb","itemListElement":[{"@type":"ListItem","position":1,"name":"Portada","item":"https:\/\/fadeu.urantiacos.cl\/en\/"},{"@type":"ListItem","position":2,"name":"Comit\u00e9 de B\u00fasqueda para la escuela de Dise\u00f1o define candidatos para proceso eleccionario de nueva Direcci\u00f3n"}]},{"@type":"WebSite","@id":"https:\/\/fadeu.urantiacos.cl\/en\/#website","url":"https:\/\/fadeu.urantiacos.cl\/en\/","name":"Facultad de Arquitectura, Dise\u00f1o y Estudios Urbanos","description":"Campus Lo Contador","potentialAction":[{"@type":"SearchAction","target":{"@type":"EntryPoint","urlTemplate":"https:\/\/fadeu.urantiacos.cl\/en\/?s={search_term_string}"},"query-input":{"@type":"PropertyValueSpecification","valueRequired":true,"valueName":"search_term_string"}}],"inLanguage":"en-US"},{"@type":"Person","@id":"https:\/\/fadeu.urantiacos.cl\/en\/#\/schema\/person\/d203e2e84b1c40275eac77b3061a19a2","name":"manadmin","image":{"@type":"ImageObject","inLanguage":"en-US","@id":"https:\/\/fadeu.urantiacos.cl\/en\/#\/schema\/person\/image\/","url":"https:\/\/secure.gravatar.com\/avatar\/4b1d8e3303b4a9d8968ac578947d8bc80d9aea359f388cdd4aac15cadc0e8447?s=96&d=mm&r=g","contentUrl":"https:\/\/secure.gravatar.com\/avatar\/4b1d8e3303b4a9d8968ac578947d8bc80d9aea359f388cdd4aac15cadc0e8447?s=96&d=mm&r=g","caption":"manadmin"},"sameAs":["https:\/\/fadeu.urantiacos.cl"]}]}},"_links":{"self":[{"href":"https:\/\/fadeu.urantiacos.cl\/en\/wp-json\/wp\/v2\/posts\/4932","targetHints":{"allow":["GET"]}}],"collection":[{"href":"https:\/\/fadeu.urantiacos.cl\/en\/wp-json\/wp\/v2\/posts"}],"about":[{"href":"https:\/\/fadeu.urantiacos.cl\/en\/wp-json\/wp\/v2\/types\/post"}],"author":[{"embeddable":true,"href":"https:\/\/fadeu.urantiacos.cl\/en\/wp-json\/wp\/v2\/users\/1"}],"replies":[{"embeddable":true,"href":"https:\/\/fadeu.urantiacos.cl\/en\/wp-json\/wp\/v2\/comments?post=4932"}],"version-history":[{"count":1,"href":"https:\/\/fadeu.urantiacos.cl\/en\/wp-json\/wp\/v2\/posts\/4932\/revisions"}],"predecessor-version":[{"id":4934,"href":"https:\/\/fadeu.urantiacos.cl\/en\/wp-json\/wp\/v2\/posts\/4932\/revisions\/4934"}],"wp:featuredmedia":[{"embeddable":true,"href":"https:\/\/fadeu.urantiacos.cl\/en\/wp-json\/wp\/v2\/media\/4933"}],"wp:attachment":[{"href":"https:\/\/fadeu.urantiacos.cl\/en\/wp-json\/wp\/v2\/media?parent=4932"}],"wp:term":[{"taxonomy":"category","embeddable":true,"href":"https:\/\/fadeu.urantiacos.cl\/en\/wp-json\/wp\/v2\/categories?post=4932"},{"taxonomy":"post_tag","embeddable":true,"href":"https:\/\/fadeu.urantiacos.cl\/en\/wp-json\/wp\/v2\/tags?post=4932"}],"curies":[{"name":"wp","href":"https:\/\/api.w.org\/{rel}","templated":true}]}}