{"id":4928,"date":"2022-05-13T21:05:00","date_gmt":"2022-05-14T00:05:00","guid":{"rendered":"https:\/\/fadeu.urantiacos.cl\/?p=4928"},"modified":"2023-09-04T21:07:48","modified_gmt":"2023-09-05T00:07:48","slug":"profesores-ladron-de-guevara-y-vecchio-convocaron-a-seminario-sobre-ciudades-accesibles","status":"publish","type":"post","link":"https:\/\/fadeu.urantiacos.cl\/en\/2022\/05\/13\/profesores-ladron-de-guevara-y-vecchio-convocaron-a-seminario-sobre-ciudades-accesibles\/","title":{"rendered":"Profesores Ladr\u00f3n de Guevara y Vecchio convocaron a seminario sobre ciudades accesibles"},"content":{"rendered":"\n<figure class=\"wp-block-image size-full\"><img decoding=\"async\" width=\"350\" height=\"250\" src=\"https:\/\/fadeu.urantiacos.cl\/wp-content\/uploads\/2023\/09\/WEB_WhatsApp_Image_2022-05-12_at_11.18.26_AM.jpg\" alt=\"\" class=\"wp-image-4929\" srcset=\"https:\/\/fadeu.urantiacos.cl\/wp-content\/uploads\/2023\/09\/WEB_WhatsApp_Image_2022-05-12_at_11.18.26_AM.jpg 350w, https:\/\/fadeu.urantiacos.cl\/wp-content\/uploads\/2023\/09\/WEB_WhatsApp_Image_2022-05-12_at_11.18.26_AM-300x214.jpg 300w\" sizes=\"(max-width: 350px) 100vw, 350px\" \/><\/figure>\n\n\n\n<p>La instancia, llevada a cabo en el sal\u00f3n Sergio Larra\u00edn, fue organizada al alero del curso Interdisciplinario &#8220;Accesibilidad en los espacios de la ciudad&#8221;, que dictan ambos profesores en pregrado en el campus Lo Contador.<\/p>\n\n\n\n<p>La jornada cont\u00f3, adem\u00e1s, con la participaci\u00f3n de la profesora del IEUT, Carolina Rojas; la profesora de la escuela de Dise\u00f1o, Bego\u00f1a Juli\u00e1; y la Coordinadora de Movilidad y Espacios P\u00fablicos de la Ilustre Municipalidad de Providencia, Margarita M\u00e9ndez.<\/p>\n\n\n\n<p>\u201cLa idea de este curso y este seminario es crear un espacio desde diferentes disciplinas para poder ir presentando el tema de la accesibilidad y la calidad de vida de sus habitantes\u201d, afirm\u00f3 el profesor Giovanni Vecchio, agregando que \u201csab\u00edamos que hab\u00eda algunas miradas que eran necesarias integrar para entender la tem\u00e1tica de la accesibilidad desde un punto de vista m\u00e1s integral, y de ah\u00ed la presencia de nuestras invitadas de hoy, que abordan esta tem\u00e1tica desde la tem\u00e1tica y desde la funci\u00f3n p\u00fablica, compartiendo distintas visiones y \u00f3pticas diversas\u201d.<\/p>\n\n\n\n<p>Por su parte, el profesor Ladr\u00f3n de Guevara agradeci\u00f3 la asistencia presencial y remota y advirti\u00f3 que \u201cnuestro inter\u00e9s siempre ha sido instalar y darle valor a estas tem\u00e1ticas, como lo hemos dicho en el curso, porque es un tema muy importante para planificar, dise\u00f1ar, repensar y pensar las ciudades de hoy en materia de accesibilidad e inclusi\u00f3n\u201d.<\/p>\n\n\n\n<p>Felipe Ladr\u00f3n de Guevara es arquitecto y Mag\u00edster en Proyecto Urbano de la UC, es acad\u00e9mico de la escuela de Arquitectura UC y coordina la Unidad de An\u00e1lisis y de Aseguramiento de Calidad de la Direcci\u00f3n de Investigaci\u00f3n y Postgrado FADEU UC.<\/p>\n\n\n\n<p>Giovanni Vecchio es PhD en Planificaci\u00f3n, Dise\u00f1o y Pol\u00edticas Urbanas del Polit\u00e9cnico di Milano, Magister y licenciado en Planificaci\u00f3n Urbana por el Polit\u00e9cnico di Milano. Es acad\u00e9mico del Instituto de Estudios Urbanos y Territoriales e investigador del Centro de Desarrollo Urbano Sustentable, CEDEUS.<\/p>\n\n\n\n<h4 class=\"wp-block-heading\">INFORMACI\u00d3N PERIOD\u00cdSTICA<\/h4>\n\n\n\n<p>JUAN ANDR\u00c9S INZUNZA<\/p>\n\n\n\n<figure class=\"wp-block-image size-large\"><img decoding=\"async\" width=\"1024\" height=\"766\" src=\"https:\/\/fadeu.urantiacos.cl\/wp-content\/uploads\/2023\/09\/WhatsApp_Image_2022-05-12_at_11.18.26_AM-1024x766.jpeg\" alt=\"\" class=\"wp-image-4930\" srcset=\"https:\/\/fadeu.urantiacos.cl\/wp-content\/uploads\/2023\/09\/WhatsApp_Image_2022-05-12_at_11.18.26_AM-1024x766.jpeg 1024w, https:\/\/fadeu.urantiacos.cl\/wp-content\/uploads\/2023\/09\/WhatsApp_Image_2022-05-12_at_11.18.26_AM-300x225.jpeg 300w, https:\/\/fadeu.urantiacos.cl\/wp-content\/uploads\/2023\/09\/WhatsApp_Image_2022-05-12_at_11.18.26_AM-768x575.jpeg 768w, https:\/\/fadeu.urantiacos.cl\/wp-content\/uploads\/2023\/09\/WhatsApp_Image_2022-05-12_at_11.18.26_AM.jpeg 1280w\" sizes=\"(max-width: 1024px) 100vw, 1024px\" \/><\/figure>\n","protected":false},"excerpt":{"rendered":"<p>&#8220;Ciudades accesibles, ciudades para las personas&#8221; es el t\u00edtulo del seminario que convocaron los profesores Felipe Ladr\u00f3n de Guevara (escuela de Arquitectura y profesional de la Direcci\u00f3n de Investigaci\u00f3n y Postgrado de la Facultad de Arquitectura, Dise\u00f1o y Estudios Urbanos) y Giovanni Vecchio (Instituto de Estudios Urbanos y Territoriales, IEUT) para abordar tem\u00e1ticas alusivas a la inclusi\u00f3n, la movilidad y la accesibilidad en las ciudades actuales.<\/p>\n","protected":false},"author":1,"featured_media":4929,"comment_status":"open","ping_status":"open","sticky":false,"template":"","format":"standard","meta":{"_acf_changed":false,"footnotes":""},"categories":[1],"tags":[],"class_list":["post-4928","post","type-post","status-publish","format-standard","has-post-thumbnail","hentry","category-sin-categorizar"],"acf":[],"yoast_head":"<!-- This site is optimized with the Yoast SEO plugin v27.1.1 - https:\/\/yoast.com\/product\/yoast-seo-wordpress\/ -->\n<title>Profesores Ladr\u00f3n de Guevara y Vecchio convocaron a seminario sobre ciudades accesibles - Facultad de Arquitectura, Dise\u00f1o y Estudios Urbanos<\/title>\n<meta name=\"description\" content=\"&quot;Ciudades accesibles, ciudades para las personas&quot; es el t\u00edtulo del seminario que convocaron los profesores Felipe Ladr\u00f3n de Guevara (escuela de Arquitectura y profesional de la Direcci\u00f3n de Investigaci\u00f3n y Postgrado de la Facultad de Arquitectura, Dise\u00f1o y Estudios Urbanos) y Giovanni Vecchio (Instituto de Estudios Urbanos y Territoriales, IEUT) para abordar tem\u00e1ticas alusivas a la inclusi\u00f3n, la movilidad y la accesibilidad en las ciudades actuales.\" \/>\n<meta name=\"robots\" content=\"index, follow, max-snippet:-1, max-image-preview:large, max-video-preview:-1\" \/>\n<link rel=\"canonical\" href=\"https:\/\/fadeu.urantiacos.cl\/en\/2022\/05\/13\/profesores-ladron-de-guevara-y-vecchio-convocaron-a-seminario-sobre-ciudades-accesibles\/\" \/>\n<meta property=\"og:locale\" content=\"en_US\" \/>\n<meta property=\"og:type\" content=\"article\" \/>\n<meta property=\"og:title\" content=\"Profesores Ladr\u00f3n de Guevara y Vecchio convocaron a seminario sobre ciudades accesibles - Facultad de Arquitectura, Dise\u00f1o y Estudios Urbanos\" \/>\n<meta property=\"og:description\" content=\"&quot;Ciudades accesibles, ciudades para las personas&quot; es el t\u00edtulo del seminario que convocaron los profesores Felipe Ladr\u00f3n de Guevara (escuela de Arquitectura y profesional de la Direcci\u00f3n de Investigaci\u00f3n y Postgrado de la Facultad de Arquitectura, Dise\u00f1o y Estudios Urbanos) y Giovanni Vecchio (Instituto de Estudios Urbanos y Territoriales, IEUT) para abordar tem\u00e1ticas alusivas a la inclusi\u00f3n, la movilidad y la accesibilidad en las ciudades actuales.\" \/>\n<meta property=\"og:url\" content=\"https:\/\/fadeu.urantiacos.cl\/en\/2022\/05\/13\/profesores-ladron-de-guevara-y-vecchio-convocaron-a-seminario-sobre-ciudades-accesibles\/\" \/>\n<meta property=\"og:site_name\" content=\"Facultad de Arquitectura, Dise\u00f1o y Estudios Urbanos\" \/>\n<meta property=\"article:published_time\" content=\"2022-05-14T00:05:00+00:00\" \/>\n<meta property=\"article:modified_time\" content=\"2023-09-05T00:07:48+00:00\" \/>\n<meta property=\"og:image\" content=\"https:\/\/fadeu.urantiacos.cl\/wp-content\/uploads\/2023\/09\/WEB_WhatsApp_Image_2022-05-12_at_11.18.26_AM.jpg\" \/>\n\t<meta property=\"og:image:width\" content=\"350\" \/>\n\t<meta property=\"og:image:height\" content=\"250\" \/>\n\t<meta property=\"og:image:type\" content=\"image\/jpeg\" \/>\n<meta name=\"author\" content=\"manadmin\" \/>\n<meta name=\"twitter:card\" content=\"summary_large_image\" \/>\n<meta name=\"twitter:label1\" content=\"Written by\" \/>\n\t<meta name=\"twitter:data1\" content=\"manadmin\" \/>\n\t<meta name=\"twitter:label2\" content=\"Est. reading time\" \/>\n\t<meta name=\"twitter:data2\" content=\"2 minutes\" \/>\n<script type=\"application\/ld+json\" class=\"yoast-schema-graph\">{\"@context\":\"https:\/\/schema.org\",\"@graph\":[{\"@type\":\"Article\",\"@id\":\"https:\/\/fadeu.urantiacos.cl\/en\/2022\/05\/13\/profesores-ladron-de-guevara-y-vecchio-convocaron-a-seminario-sobre-ciudades-accesibles\/#article\",\"isPartOf\":{\"@id\":\"https:\/\/fadeu.urantiacos.cl\/en\/2022\/05\/13\/profesores-ladron-de-guevara-y-vecchio-convocaron-a-seminario-sobre-ciudades-accesibles\/\"},\"author\":{\"name\":\"manadmin\",\"@id\":\"https:\/\/fadeu.urantiacos.cl\/en\/#\/schema\/person\/d203e2e84b1c40275eac77b3061a19a2\"},\"headline\":\"Profesores Ladr\u00f3n de Guevara y Vecchio convocaron a seminario sobre ciudades accesibles\",\"datePublished\":\"2022-05-14T00:05:00+00:00\",\"dateModified\":\"2023-09-05T00:07:48+00:00\",\"mainEntityOfPage\":{\"@id\":\"https:\/\/fadeu.urantiacos.cl\/en\/2022\/05\/13\/profesores-ladron-de-guevara-y-vecchio-convocaron-a-seminario-sobre-ciudades-accesibles\/\"},\"wordCount\":362,\"commentCount\":0,\"image\":{\"@id\":\"https:\/\/fadeu.urantiacos.cl\/en\/2022\/05\/13\/profesores-ladron-de-guevara-y-vecchio-convocaron-a-seminario-sobre-ciudades-accesibles\/#primaryimage\"},\"thumbnailUrl\":\"https:\/\/fadeu.urantiacos.cl\/wp-content\/uploads\/2023\/09\/WEB_WhatsApp_Image_2022-05-12_at_11.18.26_AM.jpg\",\"articleSection\":[\"Sin categorizar\"],\"inLanguage\":\"en-US\",\"potentialAction\":[{\"@type\":\"CommentAction\",\"name\":\"Comment\",\"target\":[\"https:\/\/fadeu.urantiacos.cl\/en\/2022\/05\/13\/profesores-ladron-de-guevara-y-vecchio-convocaron-a-seminario-sobre-ciudades-accesibles\/#respond\"]}]},{\"@type\":\"WebPage\",\"@id\":\"https:\/\/fadeu.urantiacos.cl\/en\/2022\/05\/13\/profesores-ladron-de-guevara-y-vecchio-convocaron-a-seminario-sobre-ciudades-accesibles\/\",\"url\":\"https:\/\/fadeu.urantiacos.cl\/en\/2022\/05\/13\/profesores-ladron-de-guevara-y-vecchio-convocaron-a-seminario-sobre-ciudades-accesibles\/\",\"name\":\"Profesores Ladr\u00f3n de Guevara y Vecchio convocaron a seminario sobre ciudades accesibles - Facultad de Arquitectura, Dise\u00f1o y Estudios Urbanos\",\"isPartOf\":{\"@id\":\"https:\/\/fadeu.urantiacos.cl\/en\/#website\"},\"primaryImageOfPage\":{\"@id\":\"https:\/\/fadeu.urantiacos.cl\/en\/2022\/05\/13\/profesores-ladron-de-guevara-y-vecchio-convocaron-a-seminario-sobre-ciudades-accesibles\/#primaryimage\"},\"image\":{\"@id\":\"https:\/\/fadeu.urantiacos.cl\/en\/2022\/05\/13\/profesores-ladron-de-guevara-y-vecchio-convocaron-a-seminario-sobre-ciudades-accesibles\/#primaryimage\"},\"thumbnailUrl\":\"https:\/\/fadeu.urantiacos.cl\/wp-content\/uploads\/2023\/09\/WEB_WhatsApp_Image_2022-05-12_at_11.18.26_AM.jpg\",\"datePublished\":\"2022-05-14T00:05:00+00:00\",\"dateModified\":\"2023-09-05T00:07:48+00:00\",\"author\":{\"@id\":\"https:\/\/fadeu.urantiacos.cl\/en\/#\/schema\/person\/d203e2e84b1c40275eac77b3061a19a2\"},\"description\":\"\\\"Ciudades accesibles, ciudades para las personas\\\" es el t\u00edtulo del seminario que convocaron los profesores Felipe Ladr\u00f3n de Guevara (escuela de Arquitectura y profesional de la Direcci\u00f3n de Investigaci\u00f3n y Postgrado de la Facultad de Arquitectura, Dise\u00f1o y Estudios Urbanos) y Giovanni Vecchio (Instituto de Estudios Urbanos y Territoriales, IEUT) para abordar tem\u00e1ticas alusivas a la inclusi\u00f3n, la movilidad y la accesibilidad en las ciudades actuales.\",\"breadcrumb\":{\"@id\":\"https:\/\/fadeu.urantiacos.cl\/en\/2022\/05\/13\/profesores-ladron-de-guevara-y-vecchio-convocaron-a-seminario-sobre-ciudades-accesibles\/#breadcrumb\"},\"inLanguage\":\"en-US\",\"potentialAction\":[{\"@type\":\"ReadAction\",\"target\":[\"https:\/\/fadeu.urantiacos.cl\/en\/2022\/05\/13\/profesores-ladron-de-guevara-y-vecchio-convocaron-a-seminario-sobre-ciudades-accesibles\/\"]}]},{\"@type\":\"ImageObject\",\"inLanguage\":\"en-US\",\"@id\":\"https:\/\/fadeu.urantiacos.cl\/en\/2022\/05\/13\/profesores-ladron-de-guevara-y-vecchio-convocaron-a-seminario-sobre-ciudades-accesibles\/#primaryimage\",\"url\":\"https:\/\/fadeu.urantiacos.cl\/wp-content\/uploads\/2023\/09\/WEB_WhatsApp_Image_2022-05-12_at_11.18.26_AM.jpg\",\"contentUrl\":\"https:\/\/fadeu.urantiacos.cl\/wp-content\/uploads\/2023\/09\/WEB_WhatsApp_Image_2022-05-12_at_11.18.26_AM.jpg\",\"width\":350,\"height\":250},{\"@type\":\"BreadcrumbList\",\"@id\":\"https:\/\/fadeu.urantiacos.cl\/en\/2022\/05\/13\/profesores-ladron-de-guevara-y-vecchio-convocaron-a-seminario-sobre-ciudades-accesibles\/#breadcrumb\",\"itemListElement\":[{\"@type\":\"ListItem\",\"position\":1,\"name\":\"Portada\",\"item\":\"https:\/\/fadeu.urantiacos.cl\/en\/\"},{\"@type\":\"ListItem\",\"position\":2,\"name\":\"Profesores Ladr\u00f3n de Guevara y Vecchio convocaron a seminario sobre ciudades accesibles\"}]},{\"@type\":\"WebSite\",\"@id\":\"https:\/\/fadeu.urantiacos.cl\/en\/#website\",\"url\":\"https:\/\/fadeu.urantiacos.cl\/en\/\",\"name\":\"Facultad de Arquitectura, Dise\u00f1o y Estudios Urbanos\",\"description\":\"Campus Lo Contador\",\"potentialAction\":[{\"@type\":\"SearchAction\",\"target\":{\"@type\":\"EntryPoint\",\"urlTemplate\":\"https:\/\/fadeu.urantiacos.cl\/en\/?s={search_term_string}\"},\"query-input\":{\"@type\":\"PropertyValueSpecification\",\"valueRequired\":true,\"valueName\":\"search_term_string\"}}],\"inLanguage\":\"en-US\"},{\"@type\":\"Person\",\"@id\":\"https:\/\/fadeu.urantiacos.cl\/en\/#\/schema\/person\/d203e2e84b1c40275eac77b3061a19a2\",\"name\":\"manadmin\",\"image\":{\"@type\":\"ImageObject\",\"inLanguage\":\"en-US\",\"@id\":\"https:\/\/fadeu.urantiacos.cl\/en\/#\/schema\/person\/image\/\",\"url\":\"https:\/\/secure.gravatar.com\/avatar\/4b1d8e3303b4a9d8968ac578947d8bc80d9aea359f388cdd4aac15cadc0e8447?s=96&d=mm&r=g\",\"contentUrl\":\"https:\/\/secure.gravatar.com\/avatar\/4b1d8e3303b4a9d8968ac578947d8bc80d9aea359f388cdd4aac15cadc0e8447?s=96&d=mm&r=g\",\"caption\":\"manadmin\"},\"sameAs\":[\"https:\/\/fadeu.urantiacos.cl\"]}]}<\/script>\n<!-- \/ Yoast SEO plugin. -->","yoast_head_json":{"title":"Profesores Ladr\u00f3n de Guevara y Vecchio convocaron a seminario sobre ciudades accesibles - Facultad de Arquitectura, Dise\u00f1o y Estudios Urbanos","description":"\"Ciudades accesibles, ciudades para las personas\" es el t\u00edtulo del seminario que convocaron los profesores Felipe Ladr\u00f3n de Guevara (escuela de Arquitectura y profesional de la Direcci\u00f3n de Investigaci\u00f3n y Postgrado de la Facultad de Arquitectura, Dise\u00f1o y Estudios Urbanos) y Giovanni Vecchio (Instituto de Estudios Urbanos y Territoriales, IEUT) para abordar tem\u00e1ticas alusivas a la inclusi\u00f3n, la movilidad y la accesibilidad en las ciudades actuales.","robots":{"index":"index","follow":"follow","max-snippet":"max-snippet:-1","max-image-preview":"max-image-preview:large","max-video-preview":"max-video-preview:-1"},"canonical":"https:\/\/fadeu.urantiacos.cl\/en\/2022\/05\/13\/profesores-ladron-de-guevara-y-vecchio-convocaron-a-seminario-sobre-ciudades-accesibles\/","og_locale":"en_US","og_type":"article","og_title":"Profesores Ladr\u00f3n de Guevara y Vecchio convocaron a seminario sobre ciudades accesibles - Facultad de Arquitectura, Dise\u00f1o y Estudios Urbanos","og_description":"\"Ciudades accesibles, ciudades para las personas\" es el t\u00edtulo del seminario que convocaron los profesores Felipe Ladr\u00f3n de Guevara (escuela de Arquitectura y profesional de la Direcci\u00f3n de Investigaci\u00f3n y Postgrado de la Facultad de Arquitectura, Dise\u00f1o y Estudios Urbanos) y Giovanni Vecchio (Instituto de Estudios Urbanos y Territoriales, IEUT) para abordar tem\u00e1ticas alusivas a la inclusi\u00f3n, la movilidad y la accesibilidad en las ciudades actuales.","og_url":"https:\/\/fadeu.urantiacos.cl\/en\/2022\/05\/13\/profesores-ladron-de-guevara-y-vecchio-convocaron-a-seminario-sobre-ciudades-accesibles\/","og_site_name":"Facultad de Arquitectura, Dise\u00f1o y Estudios Urbanos","article_published_time":"2022-05-14T00:05:00+00:00","article_modified_time":"2023-09-05T00:07:48+00:00","og_image":[{"width":350,"height":250,"url":"https:\/\/fadeu.urantiacos.cl\/wp-content\/uploads\/2023\/09\/WEB_WhatsApp_Image_2022-05-12_at_11.18.26_AM.jpg","type":"image\/jpeg"}],"author":"manadmin","twitter_card":"summary_large_image","twitter_misc":{"Written by":"manadmin","Est. reading time":"2 minutes"},"schema":{"@context":"https:\/\/schema.org","@graph":[{"@type":"Article","@id":"https:\/\/fadeu.urantiacos.cl\/en\/2022\/05\/13\/profesores-ladron-de-guevara-y-vecchio-convocaron-a-seminario-sobre-ciudades-accesibles\/#article","isPartOf":{"@id":"https:\/\/fadeu.urantiacos.cl\/en\/2022\/05\/13\/profesores-ladron-de-guevara-y-vecchio-convocaron-a-seminario-sobre-ciudades-accesibles\/"},"author":{"name":"manadmin","@id":"https:\/\/fadeu.urantiacos.cl\/en\/#\/schema\/person\/d203e2e84b1c40275eac77b3061a19a2"},"headline":"Profesores Ladr\u00f3n de Guevara y Vecchio convocaron a seminario sobre ciudades accesibles","datePublished":"2022-05-14T00:05:00+00:00","dateModified":"2023-09-05T00:07:48+00:00","mainEntityOfPage":{"@id":"https:\/\/fadeu.urantiacos.cl\/en\/2022\/05\/13\/profesores-ladron-de-guevara-y-vecchio-convocaron-a-seminario-sobre-ciudades-accesibles\/"},"wordCount":362,"commentCount":0,"image":{"@id":"https:\/\/fadeu.urantiacos.cl\/en\/2022\/05\/13\/profesores-ladron-de-guevara-y-vecchio-convocaron-a-seminario-sobre-ciudades-accesibles\/#primaryimage"},"thumbnailUrl":"https:\/\/fadeu.urantiacos.cl\/wp-content\/uploads\/2023\/09\/WEB_WhatsApp_Image_2022-05-12_at_11.18.26_AM.jpg","articleSection":["Sin categorizar"],"inLanguage":"en-US","potentialAction":[{"@type":"CommentAction","name":"Comment","target":["https:\/\/fadeu.urantiacos.cl\/en\/2022\/05\/13\/profesores-ladron-de-guevara-y-vecchio-convocaron-a-seminario-sobre-ciudades-accesibles\/#respond"]}]},{"@type":"WebPage","@id":"https:\/\/fadeu.urantiacos.cl\/en\/2022\/05\/13\/profesores-ladron-de-guevara-y-vecchio-convocaron-a-seminario-sobre-ciudades-accesibles\/","url":"https:\/\/fadeu.urantiacos.cl\/en\/2022\/05\/13\/profesores-ladron-de-guevara-y-vecchio-convocaron-a-seminario-sobre-ciudades-accesibles\/","name":"Profesores Ladr\u00f3n de Guevara y Vecchio convocaron a seminario sobre ciudades accesibles - Facultad de Arquitectura, Dise\u00f1o y Estudios Urbanos","isPartOf":{"@id":"https:\/\/fadeu.urantiacos.cl\/en\/#website"},"primaryImageOfPage":{"@id":"https:\/\/fadeu.urantiacos.cl\/en\/2022\/05\/13\/profesores-ladron-de-guevara-y-vecchio-convocaron-a-seminario-sobre-ciudades-accesibles\/#primaryimage"},"image":{"@id":"https:\/\/fadeu.urantiacos.cl\/en\/2022\/05\/13\/profesores-ladron-de-guevara-y-vecchio-convocaron-a-seminario-sobre-ciudades-accesibles\/#primaryimage"},"thumbnailUrl":"https:\/\/fadeu.urantiacos.cl\/wp-content\/uploads\/2023\/09\/WEB_WhatsApp_Image_2022-05-12_at_11.18.26_AM.jpg","datePublished":"2022-05-14T00:05:00+00:00","dateModified":"2023-09-05T00:07:48+00:00","author":{"@id":"https:\/\/fadeu.urantiacos.cl\/en\/#\/schema\/person\/d203e2e84b1c40275eac77b3061a19a2"},"description":"\"Ciudades accesibles, ciudades para las personas\" es el t\u00edtulo del seminario que convocaron los profesores Felipe Ladr\u00f3n de Guevara (escuela de Arquitectura y profesional de la Direcci\u00f3n de Investigaci\u00f3n y Postgrado de la Facultad de Arquitectura, Dise\u00f1o y Estudios Urbanos) y Giovanni Vecchio (Instituto de Estudios Urbanos y Territoriales, IEUT) para abordar tem\u00e1ticas alusivas a la inclusi\u00f3n, la movilidad y la accesibilidad en las ciudades actuales.","breadcrumb":{"@id":"https:\/\/fadeu.urantiacos.cl\/en\/2022\/05\/13\/profesores-ladron-de-guevara-y-vecchio-convocaron-a-seminario-sobre-ciudades-accesibles\/#breadcrumb"},"inLanguage":"en-US","potentialAction":[{"@type":"ReadAction","target":["https:\/\/fadeu.urantiacos.cl\/en\/2022\/05\/13\/profesores-ladron-de-guevara-y-vecchio-convocaron-a-seminario-sobre-ciudades-accesibles\/"]}]},{"@type":"ImageObject","inLanguage":"en-US","@id":"https:\/\/fadeu.urantiacos.cl\/en\/2022\/05\/13\/profesores-ladron-de-guevara-y-vecchio-convocaron-a-seminario-sobre-ciudades-accesibles\/#primaryimage","url":"https:\/\/fadeu.urantiacos.cl\/wp-content\/uploads\/2023\/09\/WEB_WhatsApp_Image_2022-05-12_at_11.18.26_AM.jpg","contentUrl":"https:\/\/fadeu.urantiacos.cl\/wp-content\/uploads\/2023\/09\/WEB_WhatsApp_Image_2022-05-12_at_11.18.26_AM.jpg","width":350,"height":250},{"@type":"BreadcrumbList","@id":"https:\/\/fadeu.urantiacos.cl\/en\/2022\/05\/13\/profesores-ladron-de-guevara-y-vecchio-convocaron-a-seminario-sobre-ciudades-accesibles\/#breadcrumb","itemListElement":[{"@type":"ListItem","position":1,"name":"Portada","item":"https:\/\/fadeu.urantiacos.cl\/en\/"},{"@type":"ListItem","position":2,"name":"Profesores Ladr\u00f3n de Guevara y Vecchio convocaron a seminario sobre ciudades accesibles"}]},{"@type":"WebSite","@id":"https:\/\/fadeu.urantiacos.cl\/en\/#website","url":"https:\/\/fadeu.urantiacos.cl\/en\/","name":"Facultad de Arquitectura, Dise\u00f1o y Estudios Urbanos","description":"Campus Lo Contador","potentialAction":[{"@type":"SearchAction","target":{"@type":"EntryPoint","urlTemplate":"https:\/\/fadeu.urantiacos.cl\/en\/?s={search_term_string}"},"query-input":{"@type":"PropertyValueSpecification","valueRequired":true,"valueName":"search_term_string"}}],"inLanguage":"en-US"},{"@type":"Person","@id":"https:\/\/fadeu.urantiacos.cl\/en\/#\/schema\/person\/d203e2e84b1c40275eac77b3061a19a2","name":"manadmin","image":{"@type":"ImageObject","inLanguage":"en-US","@id":"https:\/\/fadeu.urantiacos.cl\/en\/#\/schema\/person\/image\/","url":"https:\/\/secure.gravatar.com\/avatar\/4b1d8e3303b4a9d8968ac578947d8bc80d9aea359f388cdd4aac15cadc0e8447?s=96&d=mm&r=g","contentUrl":"https:\/\/secure.gravatar.com\/avatar\/4b1d8e3303b4a9d8968ac578947d8bc80d9aea359f388cdd4aac15cadc0e8447?s=96&d=mm&r=g","caption":"manadmin"},"sameAs":["https:\/\/fadeu.urantiacos.cl"]}]}},"_links":{"self":[{"href":"https:\/\/fadeu.urantiacos.cl\/en\/wp-json\/wp\/v2\/posts\/4928","targetHints":{"allow":["GET"]}}],"collection":[{"href":"https:\/\/fadeu.urantiacos.cl\/en\/wp-json\/wp\/v2\/posts"}],"about":[{"href":"https:\/\/fadeu.urantiacos.cl\/en\/wp-json\/wp\/v2\/types\/post"}],"author":[{"embeddable":true,"href":"https:\/\/fadeu.urantiacos.cl\/en\/wp-json\/wp\/v2\/users\/1"}],"replies":[{"embeddable":true,"href":"https:\/\/fadeu.urantiacos.cl\/en\/wp-json\/wp\/v2\/comments?post=4928"}],"version-history":[{"count":1,"href":"https:\/\/fadeu.urantiacos.cl\/en\/wp-json\/wp\/v2\/posts\/4928\/revisions"}],"predecessor-version":[{"id":4931,"href":"https:\/\/fadeu.urantiacos.cl\/en\/wp-json\/wp\/v2\/posts\/4928\/revisions\/4931"}],"wp:featuredmedia":[{"embeddable":true,"href":"https:\/\/fadeu.urantiacos.cl\/en\/wp-json\/wp\/v2\/media\/4929"}],"wp:attachment":[{"href":"https:\/\/fadeu.urantiacos.cl\/en\/wp-json\/wp\/v2\/media?parent=4928"}],"wp:term":[{"taxonomy":"category","embeddable":true,"href":"https:\/\/fadeu.urantiacos.cl\/en\/wp-json\/wp\/v2\/categories?post=4928"},{"taxonomy":"post_tag","embeddable":true,"href":"https:\/\/fadeu.urantiacos.cl\/en\/wp-json\/wp\/v2\/tags?post=4928"}],"curies":[{"name":"wp","href":"https:\/\/api.w.org\/{rel}","templated":true}]}}