{"id":4924,"date":"2022-05-16T21:02:00","date_gmt":"2022-05-17T00:02:00","guid":{"rendered":"https:\/\/fadeu.urantiacos.cl\/?p=4924"},"modified":"2023-09-04T21:05:25","modified_gmt":"2023-09-05T00:05:25","slug":"artesania-uc-dicta-talleres-para-artesanos","status":"publish","type":"post","link":"https:\/\/fadeu.urantiacos.cl\/en\/2022\/05\/16\/artesania-uc-dicta-talleres-para-artesanos\/","title":{"rendered":"Artesan\u00eda UC dicta talleres para artesanos"},"content":{"rendered":"\n<figure class=\"wp-block-image size-full\"><img decoding=\"async\" width=\"350\" height=\"250\" src=\"https:\/\/fadeu.urantiacos.cl\/wp-content\/uploads\/2023\/09\/web_Captura-de-Pantalla-2022-05-09-a-las-16.41.26.png\" alt=\"\" class=\"wp-image-4925\" srcset=\"https:\/\/fadeu.urantiacos.cl\/wp-content\/uploads\/2023\/09\/web_Captura-de-Pantalla-2022-05-09-a-las-16.41.26.png 350w, https:\/\/fadeu.urantiacos.cl\/wp-content\/uploads\/2023\/09\/web_Captura-de-Pantalla-2022-05-09-a-las-16.41.26-300x214.png 300w\" sizes=\"(max-width: 350px) 100vw, 350px\" \/><\/figure>\n\n\n\n<p>Desarrollados en el Centro Cultural Montecarmelo, la iniciativa tiene por objetivo informar sobre la convocatorio 15 de este reconocimiento, a trav\u00e9s de actividades pr\u00e1cticas y conversaciones que reflexionan sobre los criterios y otras implicancias de este programa.<br><br>La convocatoria al Sello de Excelencia a la Artesan\u00eda estar\u00e1 abierta hasta el 30 de mayo&nbsp;<\/p>\n\n\n\n<p><strong>Sello de Excelencia a la Artesan\u00eda<\/strong><\/p>\n\n\n\n<p>Como parte de las acciones enfocadas a identificar y posicionar el sector artesanal en los territorios que comprenden Chile, el Comit\u00e9 Nacional de Artesan\u00eda (integrado por el Ministerio de las Culturas, las Artes y el Patrimonio, a trav\u00e9s de su \u00e1rea de Artesan\u00eda; y la Escuela de Dise\u00f1o de la Pontificia Universidad Cat\u00f3lica de Chile, a trav\u00e9s de su Programa de Artesan\u00eda, con el patrocinio de la WCC y la Oficina Unesco de Santiago), invita cada a\u00f1o a creadores y creadoras del pa\u00eds a postular al Sello de Excelencia a la Artesan\u00eda de Chile.<\/p>\n\n\n\n<p><strong>Pr\u00f3ximo Taller<\/strong><\/p>\n\n\n\n<p>Taller presencial<br>_Inscripciones&nbsp;<a href=\"https:\/\/docs.google.com\/forms\/d\/e\/1FAIpQLSd3Kugj9L1Js2sbi_1LtxwkitIb32_CSzgrcCqCFvxXlVe_Ig\/viewform\">AQU\u00cd<\/a><br>_Lunes 16 de mayo<br>_Lugar: Centex, Centro de Extensi\u00f3n del Ministerio de las Culturas, las Artes y el Patrimonio, Plaza Sotomayor 233, Valpara\u00edso.<br>_15.00 \u2013 18.30<\/p>\n\n\n\n<p>M\u00f3dulo 1: Reflexionemos sobre los criterios de selecci\u00f3n<br>M\u00f3dulo 2: Taller de fotograf\u00eda orientada a las postulaciones<\/p>\n\n\n\n<figure class=\"wp-block-image size-large\"><img decoding=\"async\" width=\"1024\" height=\"1024\" src=\"https:\/\/fadeu.urantiacos.cl\/wp-content\/uploads\/2023\/09\/WhatsApp-Image-2022-05-09-at-3.29.12-PM-1024x1024.jpeg\" alt=\"\" class=\"wp-image-4926\" srcset=\"https:\/\/fadeu.urantiacos.cl\/wp-content\/uploads\/2023\/09\/WhatsApp-Image-2022-05-09-at-3.29.12-PM-1024x1024.jpeg 1024w, https:\/\/fadeu.urantiacos.cl\/wp-content\/uploads\/2023\/09\/WhatsApp-Image-2022-05-09-at-3.29.12-PM-300x300.jpeg 300w, https:\/\/fadeu.urantiacos.cl\/wp-content\/uploads\/2023\/09\/WhatsApp-Image-2022-05-09-at-3.29.12-PM-150x150.jpeg 150w, https:\/\/fadeu.urantiacos.cl\/wp-content\/uploads\/2023\/09\/WhatsApp-Image-2022-05-09-at-3.29.12-PM-768x768.jpeg 768w, https:\/\/fadeu.urantiacos.cl\/wp-content\/uploads\/2023\/09\/WhatsApp-Image-2022-05-09-at-3.29.12-PM.jpeg 1200w\" sizes=\"(max-width: 1024px) 100vw, 1024px\" \/><\/figure>\n","protected":false},"excerpt":{"rendered":"<p>En el marco de la convocatoria 2022 del Sello de Excelencia a la Artesan\u00eda, el Programa de Artesan\u00eda de la Escuela de Dise\u00f1o, encabezado por Elena Alfaro, en conjunto con el \u00c1rea de Artesan\u00eda del Ministerio de las Culturas las Artes y el Patrimonio, est\u00e1 llevando a cabo una serie de talleres dirigidos a artesanos bajo el t\u00edtulo Reflexionemos sobre los criterios de selecci\u00f3n.<\/p>\n","protected":false},"author":1,"featured_media":4925,"comment_status":"open","ping_status":"open","sticky":false,"template":"","format":"standard","meta":{"_acf_changed":false,"footnotes":""},"categories":[1],"tags":[],"class_list":["post-4924","post","type-post","status-publish","format-standard","has-post-thumbnail","hentry","category-sin-categorizar"],"acf":[],"yoast_head":"<!-- This site is optimized with the Yoast SEO plugin v27.1.1 - https:\/\/yoast.com\/product\/yoast-seo-wordpress\/ -->\n<title>Artesan\u00eda UC dicta talleres para artesanos - Facultad de Arquitectura, Dise\u00f1o y Estudios Urbanos<\/title>\n<meta name=\"description\" content=\"En el marco de la convocatoria 2022 del Sello de Excelencia a la Artesan\u00eda, el Programa de Artesan\u00eda de la Escuela de Dise\u00f1o, encabezado por Elena Alfaro, en conjunto con el \u00c1rea de Artesan\u00eda del Ministerio de las Culturas las Artes y el Patrimonio, est\u00e1 llevando a cabo una serie de talleres dirigidos a artesanos bajo el t\u00edtulo Reflexionemos sobre los criterios de selecci\u00f3n.\" \/>\n<meta name=\"robots\" content=\"index, follow, max-snippet:-1, max-image-preview:large, max-video-preview:-1\" \/>\n<link rel=\"canonical\" href=\"https:\/\/fadeu.urantiacos.cl\/en\/2022\/05\/16\/artesania-uc-dicta-talleres-para-artesanos\/\" \/>\n<meta property=\"og:locale\" content=\"en_US\" \/>\n<meta property=\"og:type\" content=\"article\" \/>\n<meta property=\"og:title\" content=\"Artesan\u00eda UC dicta talleres para artesanos - Facultad de Arquitectura, Dise\u00f1o y Estudios Urbanos\" \/>\n<meta property=\"og:description\" content=\"En el marco de la convocatoria 2022 del Sello de Excelencia a la Artesan\u00eda, el Programa de Artesan\u00eda de la Escuela de Dise\u00f1o, encabezado por Elena Alfaro, en conjunto con el \u00c1rea de Artesan\u00eda del Ministerio de las Culturas las Artes y el Patrimonio, est\u00e1 llevando a cabo una serie de talleres dirigidos a artesanos bajo el t\u00edtulo Reflexionemos sobre los criterios de selecci\u00f3n.\" \/>\n<meta property=\"og:url\" content=\"https:\/\/fadeu.urantiacos.cl\/en\/2022\/05\/16\/artesania-uc-dicta-talleres-para-artesanos\/\" \/>\n<meta property=\"og:site_name\" content=\"Facultad de Arquitectura, Dise\u00f1o y Estudios Urbanos\" \/>\n<meta property=\"article:published_time\" content=\"2022-05-17T00:02:00+00:00\" \/>\n<meta property=\"article:modified_time\" content=\"2023-09-05T00:05:25+00:00\" \/>\n<meta property=\"og:image\" content=\"https:\/\/fadeu.urantiacos.cl\/wp-content\/uploads\/2023\/09\/web_Captura-de-Pantalla-2022-05-09-a-las-16.41.26.png\" \/>\n\t<meta property=\"og:image:width\" content=\"350\" \/>\n\t<meta property=\"og:image:height\" content=\"250\" \/>\n\t<meta property=\"og:image:type\" content=\"image\/png\" \/>\n<meta name=\"author\" content=\"manadmin\" \/>\n<meta name=\"twitter:card\" content=\"summary_large_image\" \/>\n<meta name=\"twitter:label1\" content=\"Written by\" \/>\n\t<meta name=\"twitter:data1\" content=\"manadmin\" \/>\n\t<meta name=\"twitter:label2\" content=\"Est. reading time\" \/>\n\t<meta name=\"twitter:data2\" content=\"1 minute\" \/>\n<script type=\"application\/ld+json\" class=\"yoast-schema-graph\">{\"@context\":\"https:\/\/schema.org\",\"@graph\":[{\"@type\":\"Article\",\"@id\":\"https:\/\/fadeu.urantiacos.cl\/en\/2022\/05\/16\/artesania-uc-dicta-talleres-para-artesanos\/#article\",\"isPartOf\":{\"@id\":\"https:\/\/fadeu.urantiacos.cl\/en\/2022\/05\/16\/artesania-uc-dicta-talleres-para-artesanos\/\"},\"author\":{\"name\":\"manadmin\",\"@id\":\"https:\/\/fadeu.urantiacos.cl\/en\/#\/schema\/person\/d203e2e84b1c40275eac77b3061a19a2\"},\"headline\":\"Artesan\u00eda UC dicta talleres para artesanos\",\"datePublished\":\"2022-05-17T00:02:00+00:00\",\"dateModified\":\"2023-09-05T00:05:25+00:00\",\"mainEntityOfPage\":{\"@id\":\"https:\/\/fadeu.urantiacos.cl\/en\/2022\/05\/16\/artesania-uc-dicta-talleres-para-artesanos\/\"},\"wordCount\":222,\"commentCount\":0,\"image\":{\"@id\":\"https:\/\/fadeu.urantiacos.cl\/en\/2022\/05\/16\/artesania-uc-dicta-talleres-para-artesanos\/#primaryimage\"},\"thumbnailUrl\":\"https:\/\/fadeu.urantiacos.cl\/wp-content\/uploads\/2023\/09\/web_Captura-de-Pantalla-2022-05-09-a-las-16.41.26.png\",\"articleSection\":[\"Sin categorizar\"],\"inLanguage\":\"en-US\",\"potentialAction\":[{\"@type\":\"CommentAction\",\"name\":\"Comment\",\"target\":[\"https:\/\/fadeu.urantiacos.cl\/en\/2022\/05\/16\/artesania-uc-dicta-talleres-para-artesanos\/#respond\"]}]},{\"@type\":\"WebPage\",\"@id\":\"https:\/\/fadeu.urantiacos.cl\/en\/2022\/05\/16\/artesania-uc-dicta-talleres-para-artesanos\/\",\"url\":\"https:\/\/fadeu.urantiacos.cl\/en\/2022\/05\/16\/artesania-uc-dicta-talleres-para-artesanos\/\",\"name\":\"Artesan\u00eda UC dicta talleres para artesanos - Facultad de Arquitectura, Dise\u00f1o y Estudios Urbanos\",\"isPartOf\":{\"@id\":\"https:\/\/fadeu.urantiacos.cl\/en\/#website\"},\"primaryImageOfPage\":{\"@id\":\"https:\/\/fadeu.urantiacos.cl\/en\/2022\/05\/16\/artesania-uc-dicta-talleres-para-artesanos\/#primaryimage\"},\"image\":{\"@id\":\"https:\/\/fadeu.urantiacos.cl\/en\/2022\/05\/16\/artesania-uc-dicta-talleres-para-artesanos\/#primaryimage\"},\"thumbnailUrl\":\"https:\/\/fadeu.urantiacos.cl\/wp-content\/uploads\/2023\/09\/web_Captura-de-Pantalla-2022-05-09-a-las-16.41.26.png\",\"datePublished\":\"2022-05-17T00:02:00+00:00\",\"dateModified\":\"2023-09-05T00:05:25+00:00\",\"author\":{\"@id\":\"https:\/\/fadeu.urantiacos.cl\/en\/#\/schema\/person\/d203e2e84b1c40275eac77b3061a19a2\"},\"description\":\"En el marco de la convocatoria 2022 del Sello de Excelencia a la Artesan\u00eda, el Programa de Artesan\u00eda de la Escuela de Dise\u00f1o, encabezado por Elena Alfaro, en conjunto con el \u00c1rea de Artesan\u00eda del Ministerio de las Culturas las Artes y el Patrimonio, est\u00e1 llevando a cabo una serie de talleres dirigidos a artesanos bajo el t\u00edtulo Reflexionemos sobre los criterios de selecci\u00f3n.\",\"breadcrumb\":{\"@id\":\"https:\/\/fadeu.urantiacos.cl\/en\/2022\/05\/16\/artesania-uc-dicta-talleres-para-artesanos\/#breadcrumb\"},\"inLanguage\":\"en-US\",\"potentialAction\":[{\"@type\":\"ReadAction\",\"target\":[\"https:\/\/fadeu.urantiacos.cl\/en\/2022\/05\/16\/artesania-uc-dicta-talleres-para-artesanos\/\"]}]},{\"@type\":\"ImageObject\",\"inLanguage\":\"en-US\",\"@id\":\"https:\/\/fadeu.urantiacos.cl\/en\/2022\/05\/16\/artesania-uc-dicta-talleres-para-artesanos\/#primaryimage\",\"url\":\"https:\/\/fadeu.urantiacos.cl\/wp-content\/uploads\/2023\/09\/web_Captura-de-Pantalla-2022-05-09-a-las-16.41.26.png\",\"contentUrl\":\"https:\/\/fadeu.urantiacos.cl\/wp-content\/uploads\/2023\/09\/web_Captura-de-Pantalla-2022-05-09-a-las-16.41.26.png\",\"width\":350,\"height\":250},{\"@type\":\"BreadcrumbList\",\"@id\":\"https:\/\/fadeu.urantiacos.cl\/en\/2022\/05\/16\/artesania-uc-dicta-talleres-para-artesanos\/#breadcrumb\",\"itemListElement\":[{\"@type\":\"ListItem\",\"position\":1,\"name\":\"Portada\",\"item\":\"https:\/\/fadeu.urantiacos.cl\/en\/\"},{\"@type\":\"ListItem\",\"position\":2,\"name\":\"Artesan\u00eda UC dicta talleres para artesanos\"}]},{\"@type\":\"WebSite\",\"@id\":\"https:\/\/fadeu.urantiacos.cl\/en\/#website\",\"url\":\"https:\/\/fadeu.urantiacos.cl\/en\/\",\"name\":\"Facultad de Arquitectura, Dise\u00f1o y Estudios Urbanos\",\"description\":\"Campus Lo Contador\",\"potentialAction\":[{\"@type\":\"SearchAction\",\"target\":{\"@type\":\"EntryPoint\",\"urlTemplate\":\"https:\/\/fadeu.urantiacos.cl\/en\/?s={search_term_string}\"},\"query-input\":{\"@type\":\"PropertyValueSpecification\",\"valueRequired\":true,\"valueName\":\"search_term_string\"}}],\"inLanguage\":\"en-US\"},{\"@type\":\"Person\",\"@id\":\"https:\/\/fadeu.urantiacos.cl\/en\/#\/schema\/person\/d203e2e84b1c40275eac77b3061a19a2\",\"name\":\"manadmin\",\"image\":{\"@type\":\"ImageObject\",\"inLanguage\":\"en-US\",\"@id\":\"https:\/\/fadeu.urantiacos.cl\/en\/#\/schema\/person\/image\/\",\"url\":\"https:\/\/secure.gravatar.com\/avatar\/4b1d8e3303b4a9d8968ac578947d8bc80d9aea359f388cdd4aac15cadc0e8447?s=96&d=mm&r=g\",\"contentUrl\":\"https:\/\/secure.gravatar.com\/avatar\/4b1d8e3303b4a9d8968ac578947d8bc80d9aea359f388cdd4aac15cadc0e8447?s=96&d=mm&r=g\",\"caption\":\"manadmin\"},\"sameAs\":[\"https:\/\/fadeu.urantiacos.cl\"]}]}<\/script>\n<!-- \/ Yoast SEO plugin. -->","yoast_head_json":{"title":"Artesan\u00eda UC dicta talleres para artesanos - Facultad de Arquitectura, Dise\u00f1o y Estudios Urbanos","description":"En el marco de la convocatoria 2022 del Sello de Excelencia a la Artesan\u00eda, el Programa de Artesan\u00eda de la Escuela de Dise\u00f1o, encabezado por Elena Alfaro, en conjunto con el \u00c1rea de Artesan\u00eda del Ministerio de las Culturas las Artes y el Patrimonio, est\u00e1 llevando a cabo una serie de talleres dirigidos a artesanos bajo el t\u00edtulo Reflexionemos sobre los criterios de selecci\u00f3n.","robots":{"index":"index","follow":"follow","max-snippet":"max-snippet:-1","max-image-preview":"max-image-preview:large","max-video-preview":"max-video-preview:-1"},"canonical":"https:\/\/fadeu.urantiacos.cl\/en\/2022\/05\/16\/artesania-uc-dicta-talleres-para-artesanos\/","og_locale":"en_US","og_type":"article","og_title":"Artesan\u00eda UC dicta talleres para artesanos - Facultad de Arquitectura, Dise\u00f1o y Estudios Urbanos","og_description":"En el marco de la convocatoria 2022 del Sello de Excelencia a la Artesan\u00eda, el Programa de Artesan\u00eda de la Escuela de Dise\u00f1o, encabezado por Elena Alfaro, en conjunto con el \u00c1rea de Artesan\u00eda del Ministerio de las Culturas las Artes y el Patrimonio, est\u00e1 llevando a cabo una serie de talleres dirigidos a artesanos bajo el t\u00edtulo Reflexionemos sobre los criterios de selecci\u00f3n.","og_url":"https:\/\/fadeu.urantiacos.cl\/en\/2022\/05\/16\/artesania-uc-dicta-talleres-para-artesanos\/","og_site_name":"Facultad de Arquitectura, Dise\u00f1o y Estudios Urbanos","article_published_time":"2022-05-17T00:02:00+00:00","article_modified_time":"2023-09-05T00:05:25+00:00","og_image":[{"width":350,"height":250,"url":"https:\/\/fadeu.urantiacos.cl\/wp-content\/uploads\/2023\/09\/web_Captura-de-Pantalla-2022-05-09-a-las-16.41.26.png","type":"image\/png"}],"author":"manadmin","twitter_card":"summary_large_image","twitter_misc":{"Written by":"manadmin","Est. reading time":"1 minute"},"schema":{"@context":"https:\/\/schema.org","@graph":[{"@type":"Article","@id":"https:\/\/fadeu.urantiacos.cl\/en\/2022\/05\/16\/artesania-uc-dicta-talleres-para-artesanos\/#article","isPartOf":{"@id":"https:\/\/fadeu.urantiacos.cl\/en\/2022\/05\/16\/artesania-uc-dicta-talleres-para-artesanos\/"},"author":{"name":"manadmin","@id":"https:\/\/fadeu.urantiacos.cl\/en\/#\/schema\/person\/d203e2e84b1c40275eac77b3061a19a2"},"headline":"Artesan\u00eda UC dicta talleres para artesanos","datePublished":"2022-05-17T00:02:00+00:00","dateModified":"2023-09-05T00:05:25+00:00","mainEntityOfPage":{"@id":"https:\/\/fadeu.urantiacos.cl\/en\/2022\/05\/16\/artesania-uc-dicta-talleres-para-artesanos\/"},"wordCount":222,"commentCount":0,"image":{"@id":"https:\/\/fadeu.urantiacos.cl\/en\/2022\/05\/16\/artesania-uc-dicta-talleres-para-artesanos\/#primaryimage"},"thumbnailUrl":"https:\/\/fadeu.urantiacos.cl\/wp-content\/uploads\/2023\/09\/web_Captura-de-Pantalla-2022-05-09-a-las-16.41.26.png","articleSection":["Sin categorizar"],"inLanguage":"en-US","potentialAction":[{"@type":"CommentAction","name":"Comment","target":["https:\/\/fadeu.urantiacos.cl\/en\/2022\/05\/16\/artesania-uc-dicta-talleres-para-artesanos\/#respond"]}]},{"@type":"WebPage","@id":"https:\/\/fadeu.urantiacos.cl\/en\/2022\/05\/16\/artesania-uc-dicta-talleres-para-artesanos\/","url":"https:\/\/fadeu.urantiacos.cl\/en\/2022\/05\/16\/artesania-uc-dicta-talleres-para-artesanos\/","name":"Artesan\u00eda UC dicta talleres para artesanos - Facultad de Arquitectura, Dise\u00f1o y Estudios Urbanos","isPartOf":{"@id":"https:\/\/fadeu.urantiacos.cl\/en\/#website"},"primaryImageOfPage":{"@id":"https:\/\/fadeu.urantiacos.cl\/en\/2022\/05\/16\/artesania-uc-dicta-talleres-para-artesanos\/#primaryimage"},"image":{"@id":"https:\/\/fadeu.urantiacos.cl\/en\/2022\/05\/16\/artesania-uc-dicta-talleres-para-artesanos\/#primaryimage"},"thumbnailUrl":"https:\/\/fadeu.urantiacos.cl\/wp-content\/uploads\/2023\/09\/web_Captura-de-Pantalla-2022-05-09-a-las-16.41.26.png","datePublished":"2022-05-17T00:02:00+00:00","dateModified":"2023-09-05T00:05:25+00:00","author":{"@id":"https:\/\/fadeu.urantiacos.cl\/en\/#\/schema\/person\/d203e2e84b1c40275eac77b3061a19a2"},"description":"En el marco de la convocatoria 2022 del Sello de Excelencia a la Artesan\u00eda, el Programa de Artesan\u00eda de la Escuela de Dise\u00f1o, encabezado por Elena Alfaro, en conjunto con el \u00c1rea de Artesan\u00eda del Ministerio de las Culturas las Artes y el Patrimonio, est\u00e1 llevando a cabo una serie de talleres dirigidos a artesanos bajo el t\u00edtulo Reflexionemos sobre los criterios de selecci\u00f3n.","breadcrumb":{"@id":"https:\/\/fadeu.urantiacos.cl\/en\/2022\/05\/16\/artesania-uc-dicta-talleres-para-artesanos\/#breadcrumb"},"inLanguage":"en-US","potentialAction":[{"@type":"ReadAction","target":["https:\/\/fadeu.urantiacos.cl\/en\/2022\/05\/16\/artesania-uc-dicta-talleres-para-artesanos\/"]}]},{"@type":"ImageObject","inLanguage":"en-US","@id":"https:\/\/fadeu.urantiacos.cl\/en\/2022\/05\/16\/artesania-uc-dicta-talleres-para-artesanos\/#primaryimage","url":"https:\/\/fadeu.urantiacos.cl\/wp-content\/uploads\/2023\/09\/web_Captura-de-Pantalla-2022-05-09-a-las-16.41.26.png","contentUrl":"https:\/\/fadeu.urantiacos.cl\/wp-content\/uploads\/2023\/09\/web_Captura-de-Pantalla-2022-05-09-a-las-16.41.26.png","width":350,"height":250},{"@type":"BreadcrumbList","@id":"https:\/\/fadeu.urantiacos.cl\/en\/2022\/05\/16\/artesania-uc-dicta-talleres-para-artesanos\/#breadcrumb","itemListElement":[{"@type":"ListItem","position":1,"name":"Portada","item":"https:\/\/fadeu.urantiacos.cl\/en\/"},{"@type":"ListItem","position":2,"name":"Artesan\u00eda UC dicta talleres para artesanos"}]},{"@type":"WebSite","@id":"https:\/\/fadeu.urantiacos.cl\/en\/#website","url":"https:\/\/fadeu.urantiacos.cl\/en\/","name":"Facultad de Arquitectura, Dise\u00f1o y Estudios Urbanos","description":"Campus Lo Contador","potentialAction":[{"@type":"SearchAction","target":{"@type":"EntryPoint","urlTemplate":"https:\/\/fadeu.urantiacos.cl\/en\/?s={search_term_string}"},"query-input":{"@type":"PropertyValueSpecification","valueRequired":true,"valueName":"search_term_string"}}],"inLanguage":"en-US"},{"@type":"Person","@id":"https:\/\/fadeu.urantiacos.cl\/en\/#\/schema\/person\/d203e2e84b1c40275eac77b3061a19a2","name":"manadmin","image":{"@type":"ImageObject","inLanguage":"en-US","@id":"https:\/\/fadeu.urantiacos.cl\/en\/#\/schema\/person\/image\/","url":"https:\/\/secure.gravatar.com\/avatar\/4b1d8e3303b4a9d8968ac578947d8bc80d9aea359f388cdd4aac15cadc0e8447?s=96&d=mm&r=g","contentUrl":"https:\/\/secure.gravatar.com\/avatar\/4b1d8e3303b4a9d8968ac578947d8bc80d9aea359f388cdd4aac15cadc0e8447?s=96&d=mm&r=g","caption":"manadmin"},"sameAs":["https:\/\/fadeu.urantiacos.cl"]}]}},"_links":{"self":[{"href":"https:\/\/fadeu.urantiacos.cl\/en\/wp-json\/wp\/v2\/posts\/4924","targetHints":{"allow":["GET"]}}],"collection":[{"href":"https:\/\/fadeu.urantiacos.cl\/en\/wp-json\/wp\/v2\/posts"}],"about":[{"href":"https:\/\/fadeu.urantiacos.cl\/en\/wp-json\/wp\/v2\/types\/post"}],"author":[{"embeddable":true,"href":"https:\/\/fadeu.urantiacos.cl\/en\/wp-json\/wp\/v2\/users\/1"}],"replies":[{"embeddable":true,"href":"https:\/\/fadeu.urantiacos.cl\/en\/wp-json\/wp\/v2\/comments?post=4924"}],"version-history":[{"count":1,"href":"https:\/\/fadeu.urantiacos.cl\/en\/wp-json\/wp\/v2\/posts\/4924\/revisions"}],"predecessor-version":[{"id":4927,"href":"https:\/\/fadeu.urantiacos.cl\/en\/wp-json\/wp\/v2\/posts\/4924\/revisions\/4927"}],"wp:featuredmedia":[{"embeddable":true,"href":"https:\/\/fadeu.urantiacos.cl\/en\/wp-json\/wp\/v2\/media\/4925"}],"wp:attachment":[{"href":"https:\/\/fadeu.urantiacos.cl\/en\/wp-json\/wp\/v2\/media?parent=4924"}],"wp:term":[{"taxonomy":"category","embeddable":true,"href":"https:\/\/fadeu.urantiacos.cl\/en\/wp-json\/wp\/v2\/categories?post=4924"},{"taxonomy":"post_tag","embeddable":true,"href":"https:\/\/fadeu.urantiacos.cl\/en\/wp-json\/wp\/v2\/tags?post=4924"}],"curies":[{"name":"wp","href":"https:\/\/api.w.org\/{rel}","templated":true}]}}