{"id":4920,"date":"2022-05-16T20:59:00","date_gmt":"2022-05-16T23:59:00","guid":{"rendered":"https:\/\/fadeu.urantiacos.cl\/?p=4920"},"modified":"2023-09-04T21:02:40","modified_gmt":"2023-09-05T00:02:40","slug":"resultados-del-opr-mada-metodos-para-el-diseno-de-packaging-se-presentaron-en-importante-feria-italiana","status":"publish","type":"post","link":"https:\/\/fadeu.urantiacos.cl\/en\/2022\/05\/16\/resultados-del-opr-mada-metodos-para-el-diseno-de-packaging-se-presentaron-en-importante-feria-italiana\/","title":{"rendered":"Resultados del OPR MADA, M\u00e9todos para el Dise\u00f1o de Packaging se presentaron en importante Feria Italiana"},"content":{"rendered":"\n<figure class=\"wp-block-image size-full\"><img decoding=\"async\" width=\"350\" height=\"250\" src=\"https:\/\/fadeu.urantiacos.cl\/wp-content\/uploads\/2023\/09\/WEB_WhatsApp-Image-2022-05-12-at-12.44.59-PM.jpg\" alt=\"\" class=\"wp-image-4921\" srcset=\"https:\/\/fadeu.urantiacos.cl\/wp-content\/uploads\/2023\/09\/WEB_WhatsApp-Image-2022-05-12-at-12.44.59-PM.jpg 350w, https:\/\/fadeu.urantiacos.cl\/wp-content\/uploads\/2023\/09\/WEB_WhatsApp-Image-2022-05-12-at-12.44.59-PM-300x214.jpg 300w\" sizes=\"(max-width: 350px) 100vw, 350px\" \/><\/figure>\n\n\n\n<p>Durante la feria, que se celebr\u00f3 en Mil\u00e1n del 3 al 6 de mayo de este a\u00f1o, la&nbsp;Fondazione Carta Etica del Packaging, instancia que patrocin\u00f3 y colabor\u00f3 con el OPR en 2021 y que trabaj\u00f3 con los estudiantes sobre temas relacionados con el concepto de&nbsp;\u201cinnovaci\u00f3n \u00e9tica\u201d&nbsp;del packaging, present\u00f3 todas las actividades realizadas, y entre ellas, la colaboraci\u00f3n con el MADA UC, mostrando algunas im\u00e1genes de la \u00faltima clase del optativo al intervenir la presidente de la fundaci\u00f3n,&nbsp;Anna Paola Cavanna, junto con otras colaboradoras de la organizaci\u00f3n, Lucia Lamonarca e Sabrina Bassan .<br>Esta colaboraci\u00f3n adem\u00e1s fue incluida en el video institucional de la fundaci\u00f3n, proyectado durante todo el evento en el stand del&nbsp;Instituto Italiano del Embalaje.<\/p>\n\n\n\n<p>Por \u00faltimo, en la p\u00e1gina web de la fundaci\u00f3n, en la secci\u00f3n Storie di Etica (Historias de \u00c9tica), fue publicado uno de los proyectos desarrollados durante el OPR,&nbsp;<a href=\"https:\/\/fondazionecartaeticapackaging.org\/storie-di-etica\/la-storia-di-leche-pa-la-once\/\">\u201cLeche pa\u2019 la once\u201d<\/a>&nbsp;de los estudiantes&nbsp;Pablo Baratta, Mar\u00eda Jes\u00fas Guardia, Cristi\u00e1n Mu\u00f1oz e Mar\u00eda Jes\u00fas Palma, que propusieron un envase para leche en polvo, mono porci\u00f3n, dise\u00f1ado con el objetivo de hacer m\u00e1s accesible el producto y, al mismo tiempo, fomentar la socializaci\u00f3n entre las personas mayores.<\/p>\n\n\n\n<figure class=\"wp-block-image size-large\"><img decoding=\"async\" width=\"768\" height=\"1024\" src=\"https:\/\/fadeu.urantiacos.cl\/wp-content\/uploads\/2023\/09\/WhatsApp-Image-2022-05-12-at-12.44.59-PM-768x1024.jpeg\" alt=\"\" class=\"wp-image-4922\" srcset=\"https:\/\/fadeu.urantiacos.cl\/wp-content\/uploads\/2023\/09\/WhatsApp-Image-2022-05-12-at-12.44.59-PM-768x1024.jpeg 768w, https:\/\/fadeu.urantiacos.cl\/wp-content\/uploads\/2023\/09\/WhatsApp-Image-2022-05-12-at-12.44.59-PM-225x300.jpeg 225w, https:\/\/fadeu.urantiacos.cl\/wp-content\/uploads\/2023\/09\/WhatsApp-Image-2022-05-12-at-12.44.59-PM-1152x1536.jpeg 1152w, https:\/\/fadeu.urantiacos.cl\/wp-content\/uploads\/2023\/09\/WhatsApp-Image-2022-05-12-at-12.44.59-PM.jpeg 900w\" sizes=\"(max-width: 768px) 100vw, 768px\" \/><\/figure>\n\n\n\n<p>INFORMACI\u00d3N PERIOD\u00cdSTICA<br>ESCUELA DE DISE\u00d1O UC<\/p>\n","protected":false},"excerpt":{"rendered":"<p>En la IPACK-IMA, feria internacional t\u00e9cnica, especializada en Processing &#038; Packaging -elaboraci\u00f3n y envasado de productos alimentarios y no alimentarios- se presentaron resultados del OPR del Magister en Dise\u00f1o Avanzado UC -MADA UC-, M\u00e9todos para el dise\u00f1o de Packaging, a cargo del acad\u00e9mico Erik Ciravegna.<\/p>\n","protected":false},"author":1,"featured_media":4921,"comment_status":"open","ping_status":"open","sticky":false,"template":"","format":"standard","meta":{"_acf_changed":false,"footnotes":""},"categories":[1],"tags":[],"class_list":["post-4920","post","type-post","status-publish","format-standard","has-post-thumbnail","hentry","category-sin-categorizar"],"acf":[],"yoast_head":"<!-- This site is optimized with the Yoast SEO plugin v27.1.1 - https:\/\/yoast.com\/product\/yoast-seo-wordpress\/ -->\n<title>Resultados del OPR MADA, M\u00e9todos para el Dise\u00f1o de Packaging se presentaron en importante Feria Italiana - Facultad de Arquitectura, Dise\u00f1o y Estudios Urbanos<\/title>\n<meta name=\"description\" content=\"En la IPACK-IMA, feria internacional t\u00e9cnica, especializada en Processing &amp; Packaging -elaboraci\u00f3n y envasado de productos alimentarios y no alimentarios- se presentaron resultados del OPR del Magister en Dise\u00f1o Avanzado UC -MADA UC-, M\u00e9todos para el dise\u00f1o de Packaging, a cargo del acad\u00e9mico Erik Ciravegna.\" \/>\n<meta name=\"robots\" content=\"index, follow, max-snippet:-1, max-image-preview:large, max-video-preview:-1\" \/>\n<link rel=\"canonical\" href=\"https:\/\/fadeu.urantiacos.cl\/en\/2022\/05\/16\/resultados-del-opr-mada-metodos-para-el-diseno-de-packaging-se-presentaron-en-importante-feria-italiana\/\" \/>\n<meta property=\"og:locale\" content=\"en_US\" \/>\n<meta property=\"og:type\" content=\"article\" \/>\n<meta property=\"og:title\" content=\"Resultados del OPR MADA, M\u00e9todos para el Dise\u00f1o de Packaging se presentaron en importante Feria Italiana - Facultad de Arquitectura, Dise\u00f1o y Estudios Urbanos\" \/>\n<meta property=\"og:description\" content=\"En la IPACK-IMA, feria internacional t\u00e9cnica, especializada en Processing &amp; Packaging -elaboraci\u00f3n y envasado de productos alimentarios y no alimentarios- se presentaron resultados del OPR del Magister en Dise\u00f1o Avanzado UC -MADA UC-, M\u00e9todos para el dise\u00f1o de Packaging, a cargo del acad\u00e9mico Erik Ciravegna.\" \/>\n<meta property=\"og:url\" content=\"https:\/\/fadeu.urantiacos.cl\/en\/2022\/05\/16\/resultados-del-opr-mada-metodos-para-el-diseno-de-packaging-se-presentaron-en-importante-feria-italiana\/\" \/>\n<meta property=\"og:site_name\" content=\"Facultad de Arquitectura, Dise\u00f1o y Estudios Urbanos\" \/>\n<meta property=\"article:published_time\" content=\"2022-05-16T23:59:00+00:00\" \/>\n<meta property=\"article:modified_time\" content=\"2023-09-05T00:02:40+00:00\" \/>\n<meta property=\"og:image\" content=\"https:\/\/fadeu.urantiacos.cl\/wp-content\/uploads\/2023\/09\/WEB_WhatsApp-Image-2022-05-12-at-12.44.59-PM.jpg\" \/>\n\t<meta property=\"og:image:width\" content=\"350\" \/>\n\t<meta property=\"og:image:height\" content=\"250\" \/>\n\t<meta property=\"og:image:type\" content=\"image\/jpeg\" \/>\n<meta name=\"author\" content=\"manadmin\" \/>\n<meta name=\"twitter:card\" content=\"summary_large_image\" \/>\n<meta name=\"twitter:label1\" content=\"Written by\" \/>\n\t<meta name=\"twitter:data1\" content=\"manadmin\" \/>\n\t<meta name=\"twitter:label2\" content=\"Est. reading time\" \/>\n\t<meta name=\"twitter:data2\" content=\"1 minute\" \/>\n<script type=\"application\/ld+json\" class=\"yoast-schema-graph\">{\"@context\":\"https:\/\/schema.org\",\"@graph\":[{\"@type\":\"Article\",\"@id\":\"https:\/\/fadeu.urantiacos.cl\/en\/2022\/05\/16\/resultados-del-opr-mada-metodos-para-el-diseno-de-packaging-se-presentaron-en-importante-feria-italiana\/#article\",\"isPartOf\":{\"@id\":\"https:\/\/fadeu.urantiacos.cl\/en\/2022\/05\/16\/resultados-del-opr-mada-metodos-para-el-diseno-de-packaging-se-presentaron-en-importante-feria-italiana\/\"},\"author\":{\"name\":\"manadmin\",\"@id\":\"https:\/\/fadeu.urantiacos.cl\/en\/#\/schema\/person\/d203e2e84b1c40275eac77b3061a19a2\"},\"headline\":\"Resultados del OPR MADA, M\u00e9todos para el Dise\u00f1o de Packaging se presentaron en importante Feria Italiana\",\"datePublished\":\"2022-05-16T23:59:00+00:00\",\"dateModified\":\"2023-09-05T00:02:40+00:00\",\"mainEntityOfPage\":{\"@id\":\"https:\/\/fadeu.urantiacos.cl\/en\/2022\/05\/16\/resultados-del-opr-mada-metodos-para-el-diseno-de-packaging-se-presentaron-en-importante-feria-italiana\/\"},\"wordCount\":251,\"commentCount\":0,\"image\":{\"@id\":\"https:\/\/fadeu.urantiacos.cl\/en\/2022\/05\/16\/resultados-del-opr-mada-metodos-para-el-diseno-de-packaging-se-presentaron-en-importante-feria-italiana\/#primaryimage\"},\"thumbnailUrl\":\"https:\/\/fadeu.urantiacos.cl\/wp-content\/uploads\/2023\/09\/WEB_WhatsApp-Image-2022-05-12-at-12.44.59-PM.jpg\",\"articleSection\":[\"Sin categorizar\"],\"inLanguage\":\"en-US\",\"potentialAction\":[{\"@type\":\"CommentAction\",\"name\":\"Comment\",\"target\":[\"https:\/\/fadeu.urantiacos.cl\/en\/2022\/05\/16\/resultados-del-opr-mada-metodos-para-el-diseno-de-packaging-se-presentaron-en-importante-feria-italiana\/#respond\"]}]},{\"@type\":\"WebPage\",\"@id\":\"https:\/\/fadeu.urantiacos.cl\/en\/2022\/05\/16\/resultados-del-opr-mada-metodos-para-el-diseno-de-packaging-se-presentaron-en-importante-feria-italiana\/\",\"url\":\"https:\/\/fadeu.urantiacos.cl\/en\/2022\/05\/16\/resultados-del-opr-mada-metodos-para-el-diseno-de-packaging-se-presentaron-en-importante-feria-italiana\/\",\"name\":\"Resultados del OPR MADA, M\u00e9todos para el Dise\u00f1o de Packaging se presentaron en importante Feria Italiana - Facultad de Arquitectura, Dise\u00f1o y Estudios Urbanos\",\"isPartOf\":{\"@id\":\"https:\/\/fadeu.urantiacos.cl\/en\/#website\"},\"primaryImageOfPage\":{\"@id\":\"https:\/\/fadeu.urantiacos.cl\/en\/2022\/05\/16\/resultados-del-opr-mada-metodos-para-el-diseno-de-packaging-se-presentaron-en-importante-feria-italiana\/#primaryimage\"},\"image\":{\"@id\":\"https:\/\/fadeu.urantiacos.cl\/en\/2022\/05\/16\/resultados-del-opr-mada-metodos-para-el-diseno-de-packaging-se-presentaron-en-importante-feria-italiana\/#primaryimage\"},\"thumbnailUrl\":\"https:\/\/fadeu.urantiacos.cl\/wp-content\/uploads\/2023\/09\/WEB_WhatsApp-Image-2022-05-12-at-12.44.59-PM.jpg\",\"datePublished\":\"2022-05-16T23:59:00+00:00\",\"dateModified\":\"2023-09-05T00:02:40+00:00\",\"author\":{\"@id\":\"https:\/\/fadeu.urantiacos.cl\/en\/#\/schema\/person\/d203e2e84b1c40275eac77b3061a19a2\"},\"description\":\"En la IPACK-IMA, feria internacional t\u00e9cnica, especializada en Processing & Packaging -elaboraci\u00f3n y envasado de productos alimentarios y no alimentarios- se presentaron resultados del OPR del Magister en Dise\u00f1o Avanzado UC -MADA UC-, M\u00e9todos para el dise\u00f1o de Packaging, a cargo del acad\u00e9mico Erik Ciravegna.\",\"breadcrumb\":{\"@id\":\"https:\/\/fadeu.urantiacos.cl\/en\/2022\/05\/16\/resultados-del-opr-mada-metodos-para-el-diseno-de-packaging-se-presentaron-en-importante-feria-italiana\/#breadcrumb\"},\"inLanguage\":\"en-US\",\"potentialAction\":[{\"@type\":\"ReadAction\",\"target\":[\"https:\/\/fadeu.urantiacos.cl\/en\/2022\/05\/16\/resultados-del-opr-mada-metodos-para-el-diseno-de-packaging-se-presentaron-en-importante-feria-italiana\/\"]}]},{\"@type\":\"ImageObject\",\"inLanguage\":\"en-US\",\"@id\":\"https:\/\/fadeu.urantiacos.cl\/en\/2022\/05\/16\/resultados-del-opr-mada-metodos-para-el-diseno-de-packaging-se-presentaron-en-importante-feria-italiana\/#primaryimage\",\"url\":\"https:\/\/fadeu.urantiacos.cl\/wp-content\/uploads\/2023\/09\/WEB_WhatsApp-Image-2022-05-12-at-12.44.59-PM.jpg\",\"contentUrl\":\"https:\/\/fadeu.urantiacos.cl\/wp-content\/uploads\/2023\/09\/WEB_WhatsApp-Image-2022-05-12-at-12.44.59-PM.jpg\",\"width\":350,\"height\":250},{\"@type\":\"BreadcrumbList\",\"@id\":\"https:\/\/fadeu.urantiacos.cl\/en\/2022\/05\/16\/resultados-del-opr-mada-metodos-para-el-diseno-de-packaging-se-presentaron-en-importante-feria-italiana\/#breadcrumb\",\"itemListElement\":[{\"@type\":\"ListItem\",\"position\":1,\"name\":\"Portada\",\"item\":\"https:\/\/fadeu.urantiacos.cl\/en\/\"},{\"@type\":\"ListItem\",\"position\":2,\"name\":\"Resultados del OPR MADA, M\u00e9todos para el Dise\u00f1o de Packaging se presentaron en importante Feria Italiana\"}]},{\"@type\":\"WebSite\",\"@id\":\"https:\/\/fadeu.urantiacos.cl\/en\/#website\",\"url\":\"https:\/\/fadeu.urantiacos.cl\/en\/\",\"name\":\"Facultad de Arquitectura, Dise\u00f1o y Estudios Urbanos\",\"description\":\"Campus Lo Contador\",\"potentialAction\":[{\"@type\":\"SearchAction\",\"target\":{\"@type\":\"EntryPoint\",\"urlTemplate\":\"https:\/\/fadeu.urantiacos.cl\/en\/?s={search_term_string}\"},\"query-input\":{\"@type\":\"PropertyValueSpecification\",\"valueRequired\":true,\"valueName\":\"search_term_string\"}}],\"inLanguage\":\"en-US\"},{\"@type\":\"Person\",\"@id\":\"https:\/\/fadeu.urantiacos.cl\/en\/#\/schema\/person\/d203e2e84b1c40275eac77b3061a19a2\",\"name\":\"manadmin\",\"image\":{\"@type\":\"ImageObject\",\"inLanguage\":\"en-US\",\"@id\":\"https:\/\/fadeu.urantiacos.cl\/en\/#\/schema\/person\/image\/\",\"url\":\"https:\/\/secure.gravatar.com\/avatar\/4b1d8e3303b4a9d8968ac578947d8bc80d9aea359f388cdd4aac15cadc0e8447?s=96&d=mm&r=g\",\"contentUrl\":\"https:\/\/secure.gravatar.com\/avatar\/4b1d8e3303b4a9d8968ac578947d8bc80d9aea359f388cdd4aac15cadc0e8447?s=96&d=mm&r=g\",\"caption\":\"manadmin\"},\"sameAs\":[\"https:\/\/fadeu.urantiacos.cl\"]}]}<\/script>\n<!-- \/ Yoast SEO plugin. -->","yoast_head_json":{"title":"Resultados del OPR MADA, M\u00e9todos para el Dise\u00f1o de Packaging se presentaron en importante Feria Italiana - Facultad de Arquitectura, Dise\u00f1o y Estudios Urbanos","description":"En la IPACK-IMA, feria internacional t\u00e9cnica, especializada en Processing & Packaging -elaboraci\u00f3n y envasado de productos alimentarios y no alimentarios- se presentaron resultados del OPR del Magister en Dise\u00f1o Avanzado UC -MADA UC-, M\u00e9todos para el dise\u00f1o de Packaging, a cargo del acad\u00e9mico Erik Ciravegna.","robots":{"index":"index","follow":"follow","max-snippet":"max-snippet:-1","max-image-preview":"max-image-preview:large","max-video-preview":"max-video-preview:-1"},"canonical":"https:\/\/fadeu.urantiacos.cl\/en\/2022\/05\/16\/resultados-del-opr-mada-metodos-para-el-diseno-de-packaging-se-presentaron-en-importante-feria-italiana\/","og_locale":"en_US","og_type":"article","og_title":"Resultados del OPR MADA, M\u00e9todos para el Dise\u00f1o de Packaging se presentaron en importante Feria Italiana - Facultad de Arquitectura, Dise\u00f1o y Estudios Urbanos","og_description":"En la IPACK-IMA, feria internacional t\u00e9cnica, especializada en Processing & Packaging -elaboraci\u00f3n y envasado de productos alimentarios y no alimentarios- se presentaron resultados del OPR del Magister en Dise\u00f1o Avanzado UC -MADA UC-, M\u00e9todos para el dise\u00f1o de Packaging, a cargo del acad\u00e9mico Erik Ciravegna.","og_url":"https:\/\/fadeu.urantiacos.cl\/en\/2022\/05\/16\/resultados-del-opr-mada-metodos-para-el-diseno-de-packaging-se-presentaron-en-importante-feria-italiana\/","og_site_name":"Facultad de Arquitectura, Dise\u00f1o y Estudios Urbanos","article_published_time":"2022-05-16T23:59:00+00:00","article_modified_time":"2023-09-05T00:02:40+00:00","og_image":[{"width":350,"height":250,"url":"https:\/\/fadeu.urantiacos.cl\/wp-content\/uploads\/2023\/09\/WEB_WhatsApp-Image-2022-05-12-at-12.44.59-PM.jpg","type":"image\/jpeg"}],"author":"manadmin","twitter_card":"summary_large_image","twitter_misc":{"Written by":"manadmin","Est. reading time":"1 minute"},"schema":{"@context":"https:\/\/schema.org","@graph":[{"@type":"Article","@id":"https:\/\/fadeu.urantiacos.cl\/en\/2022\/05\/16\/resultados-del-opr-mada-metodos-para-el-diseno-de-packaging-se-presentaron-en-importante-feria-italiana\/#article","isPartOf":{"@id":"https:\/\/fadeu.urantiacos.cl\/en\/2022\/05\/16\/resultados-del-opr-mada-metodos-para-el-diseno-de-packaging-se-presentaron-en-importante-feria-italiana\/"},"author":{"name":"manadmin","@id":"https:\/\/fadeu.urantiacos.cl\/en\/#\/schema\/person\/d203e2e84b1c40275eac77b3061a19a2"},"headline":"Resultados del OPR MADA, M\u00e9todos para el Dise\u00f1o de Packaging se presentaron en importante Feria Italiana","datePublished":"2022-05-16T23:59:00+00:00","dateModified":"2023-09-05T00:02:40+00:00","mainEntityOfPage":{"@id":"https:\/\/fadeu.urantiacos.cl\/en\/2022\/05\/16\/resultados-del-opr-mada-metodos-para-el-diseno-de-packaging-se-presentaron-en-importante-feria-italiana\/"},"wordCount":251,"commentCount":0,"image":{"@id":"https:\/\/fadeu.urantiacos.cl\/en\/2022\/05\/16\/resultados-del-opr-mada-metodos-para-el-diseno-de-packaging-se-presentaron-en-importante-feria-italiana\/#primaryimage"},"thumbnailUrl":"https:\/\/fadeu.urantiacos.cl\/wp-content\/uploads\/2023\/09\/WEB_WhatsApp-Image-2022-05-12-at-12.44.59-PM.jpg","articleSection":["Sin categorizar"],"inLanguage":"en-US","potentialAction":[{"@type":"CommentAction","name":"Comment","target":["https:\/\/fadeu.urantiacos.cl\/en\/2022\/05\/16\/resultados-del-opr-mada-metodos-para-el-diseno-de-packaging-se-presentaron-en-importante-feria-italiana\/#respond"]}]},{"@type":"WebPage","@id":"https:\/\/fadeu.urantiacos.cl\/en\/2022\/05\/16\/resultados-del-opr-mada-metodos-para-el-diseno-de-packaging-se-presentaron-en-importante-feria-italiana\/","url":"https:\/\/fadeu.urantiacos.cl\/en\/2022\/05\/16\/resultados-del-opr-mada-metodos-para-el-diseno-de-packaging-se-presentaron-en-importante-feria-italiana\/","name":"Resultados del OPR MADA, M\u00e9todos para el Dise\u00f1o de Packaging se presentaron en importante Feria Italiana - Facultad de Arquitectura, Dise\u00f1o y Estudios Urbanos","isPartOf":{"@id":"https:\/\/fadeu.urantiacos.cl\/en\/#website"},"primaryImageOfPage":{"@id":"https:\/\/fadeu.urantiacos.cl\/en\/2022\/05\/16\/resultados-del-opr-mada-metodos-para-el-diseno-de-packaging-se-presentaron-en-importante-feria-italiana\/#primaryimage"},"image":{"@id":"https:\/\/fadeu.urantiacos.cl\/en\/2022\/05\/16\/resultados-del-opr-mada-metodos-para-el-diseno-de-packaging-se-presentaron-en-importante-feria-italiana\/#primaryimage"},"thumbnailUrl":"https:\/\/fadeu.urantiacos.cl\/wp-content\/uploads\/2023\/09\/WEB_WhatsApp-Image-2022-05-12-at-12.44.59-PM.jpg","datePublished":"2022-05-16T23:59:00+00:00","dateModified":"2023-09-05T00:02:40+00:00","author":{"@id":"https:\/\/fadeu.urantiacos.cl\/en\/#\/schema\/person\/d203e2e84b1c40275eac77b3061a19a2"},"description":"En la IPACK-IMA, feria internacional t\u00e9cnica, especializada en Processing & Packaging -elaboraci\u00f3n y envasado de productos alimentarios y no alimentarios- se presentaron resultados del OPR del Magister en Dise\u00f1o Avanzado UC -MADA UC-, M\u00e9todos para el dise\u00f1o de Packaging, a cargo del acad\u00e9mico Erik Ciravegna.","breadcrumb":{"@id":"https:\/\/fadeu.urantiacos.cl\/en\/2022\/05\/16\/resultados-del-opr-mada-metodos-para-el-diseno-de-packaging-se-presentaron-en-importante-feria-italiana\/#breadcrumb"},"inLanguage":"en-US","potentialAction":[{"@type":"ReadAction","target":["https:\/\/fadeu.urantiacos.cl\/en\/2022\/05\/16\/resultados-del-opr-mada-metodos-para-el-diseno-de-packaging-se-presentaron-en-importante-feria-italiana\/"]}]},{"@type":"ImageObject","inLanguage":"en-US","@id":"https:\/\/fadeu.urantiacos.cl\/en\/2022\/05\/16\/resultados-del-opr-mada-metodos-para-el-diseno-de-packaging-se-presentaron-en-importante-feria-italiana\/#primaryimage","url":"https:\/\/fadeu.urantiacos.cl\/wp-content\/uploads\/2023\/09\/WEB_WhatsApp-Image-2022-05-12-at-12.44.59-PM.jpg","contentUrl":"https:\/\/fadeu.urantiacos.cl\/wp-content\/uploads\/2023\/09\/WEB_WhatsApp-Image-2022-05-12-at-12.44.59-PM.jpg","width":350,"height":250},{"@type":"BreadcrumbList","@id":"https:\/\/fadeu.urantiacos.cl\/en\/2022\/05\/16\/resultados-del-opr-mada-metodos-para-el-diseno-de-packaging-se-presentaron-en-importante-feria-italiana\/#breadcrumb","itemListElement":[{"@type":"ListItem","position":1,"name":"Portada","item":"https:\/\/fadeu.urantiacos.cl\/en\/"},{"@type":"ListItem","position":2,"name":"Resultados del OPR MADA, M\u00e9todos para el Dise\u00f1o de Packaging se presentaron en importante Feria Italiana"}]},{"@type":"WebSite","@id":"https:\/\/fadeu.urantiacos.cl\/en\/#website","url":"https:\/\/fadeu.urantiacos.cl\/en\/","name":"Facultad de Arquitectura, Dise\u00f1o y Estudios Urbanos","description":"Campus Lo Contador","potentialAction":[{"@type":"SearchAction","target":{"@type":"EntryPoint","urlTemplate":"https:\/\/fadeu.urantiacos.cl\/en\/?s={search_term_string}"},"query-input":{"@type":"PropertyValueSpecification","valueRequired":true,"valueName":"search_term_string"}}],"inLanguage":"en-US"},{"@type":"Person","@id":"https:\/\/fadeu.urantiacos.cl\/en\/#\/schema\/person\/d203e2e84b1c40275eac77b3061a19a2","name":"manadmin","image":{"@type":"ImageObject","inLanguage":"en-US","@id":"https:\/\/fadeu.urantiacos.cl\/en\/#\/schema\/person\/image\/","url":"https:\/\/secure.gravatar.com\/avatar\/4b1d8e3303b4a9d8968ac578947d8bc80d9aea359f388cdd4aac15cadc0e8447?s=96&d=mm&r=g","contentUrl":"https:\/\/secure.gravatar.com\/avatar\/4b1d8e3303b4a9d8968ac578947d8bc80d9aea359f388cdd4aac15cadc0e8447?s=96&d=mm&r=g","caption":"manadmin"},"sameAs":["https:\/\/fadeu.urantiacos.cl"]}]}},"_links":{"self":[{"href":"https:\/\/fadeu.urantiacos.cl\/en\/wp-json\/wp\/v2\/posts\/4920","targetHints":{"allow":["GET"]}}],"collection":[{"href":"https:\/\/fadeu.urantiacos.cl\/en\/wp-json\/wp\/v2\/posts"}],"about":[{"href":"https:\/\/fadeu.urantiacos.cl\/en\/wp-json\/wp\/v2\/types\/post"}],"author":[{"embeddable":true,"href":"https:\/\/fadeu.urantiacos.cl\/en\/wp-json\/wp\/v2\/users\/1"}],"replies":[{"embeddable":true,"href":"https:\/\/fadeu.urantiacos.cl\/en\/wp-json\/wp\/v2\/comments?post=4920"}],"version-history":[{"count":1,"href":"https:\/\/fadeu.urantiacos.cl\/en\/wp-json\/wp\/v2\/posts\/4920\/revisions"}],"predecessor-version":[{"id":4923,"href":"https:\/\/fadeu.urantiacos.cl\/en\/wp-json\/wp\/v2\/posts\/4920\/revisions\/4923"}],"wp:featuredmedia":[{"embeddable":true,"href":"https:\/\/fadeu.urantiacos.cl\/en\/wp-json\/wp\/v2\/media\/4921"}],"wp:attachment":[{"href":"https:\/\/fadeu.urantiacos.cl\/en\/wp-json\/wp\/v2\/media?parent=4920"}],"wp:term":[{"taxonomy":"category","embeddable":true,"href":"https:\/\/fadeu.urantiacos.cl\/en\/wp-json\/wp\/v2\/categories?post=4920"},{"taxonomy":"post_tag","embeddable":true,"href":"https:\/\/fadeu.urantiacos.cl\/en\/wp-json\/wp\/v2\/tags?post=4920"}],"curies":[{"name":"wp","href":"https:\/\/api.w.org\/{rel}","templated":true}]}}