{"id":4917,"date":"2022-05-16T20:57:00","date_gmt":"2022-05-16T23:57:00","guid":{"rendered":"https:\/\/fadeu.urantiacos.cl\/?p=4917"},"modified":"2023-09-04T20:59:14","modified_gmt":"2023-09-04T23:59:14","slug":"se-inician-actividades-del-laboratorio-de-diseno-investigacion-creacion-y-experimentacion","status":"publish","type":"post","link":"https:\/\/fadeu.urantiacos.cl\/en\/2022\/05\/16\/se-inician-actividades-del-laboratorio-de-diseno-investigacion-creacion-y-experimentacion\/","title":{"rendered":"Se inician actividades del Laboratorio de Dise\u00f1o, Investigaci\u00f3n, Creaci\u00f3n y Experimentaci\u00f3n"},"content":{"rendered":"\n<figure class=\"wp-block-image size-full\"><img decoding=\"async\" width=\"350\" height=\"250\" src=\"https:\/\/fadeu.urantiacos.cl\/wp-content\/uploads\/2023\/09\/WEB_Captura-de-Pantalla-2022-05-12-a-las-11.40.25.png\" alt=\"\" class=\"wp-image-4918\" srcset=\"https:\/\/fadeu.urantiacos.cl\/wp-content\/uploads\/2023\/09\/WEB_Captura-de-Pantalla-2022-05-12-a-las-11.40.25.png 350w, https:\/\/fadeu.urantiacos.cl\/wp-content\/uploads\/2023\/09\/WEB_Captura-de-Pantalla-2022-05-12-a-las-11.40.25-300x214.png 300w\" sizes=\"(max-width: 350px) 100vw, 350px\" \/><\/figure>\n\n\n\n<p>\u201cDICE es un espacio que busca consolidar desde la Escuela a nuestra disciplina como \u00e1mbito de producci\u00f3n de conocimientos originales. Mediante metodolog\u00edas sustentables, cooperativas y pol\u00edticamente conscientes, queremos evidenciar las capacidades investigativas del&nbsp;dise\u00f1o. Para ello, tenemos dos grandes l\u00edneas de trabajo:&nbsp;&nbsp;Dise\u00f1o&nbsp;para Ecosistemas m\u00e1s-que-humanos&nbsp;y&nbsp;Salud P\u00fablica como Espacio P\u00fablico con Perspectiva de G\u00e9nero\u201d,&nbsp;explica Marcela Mora, docente del Taller de Interacci\u00f3n.<\/p>\n\n\n\n<p>DICE, en su l\u00ednea de&nbsp;Dise\u00f1o&nbsp;para Ecosistemas m\u00e1s-que-humanos, se enfoca en entablar un di\u00e1logo con los distintos seres que lo habitan y su capacidad de agencia \u201c\u2026tanto en nosotros como en el ambiente. Por la crisis ambiental que estamos viviendo, se vuelve indispensable comprender las distintas formas de habitar un territorio. Desde esta perspectiva, nos enfocamos en investigar ecosistemas, buscando ser parte de estos para descubrir las condiciones materiales que nos llevan a la coexistencia m\u00e1s-que-humana\u201d, acota Mora.<\/p>\n\n\n\n<p>\u201cPor otro lado, la l\u00ednea de Salud P\u00fablica busca entender la salud como un espacio p\u00fablico que favorece el encuentro, la visibilidad y el fortalecimiento del tejido social. Se aborda este desaf\u00edo desde una perspectiva feminista para comprender c\u00f3mo se habitan actualmente estos lugares, buscando inspirar y proyectar espacios de salud que recojan su rol p\u00fablico, siendo espacios accesibles para todos y todas\u201d, cuenta Marcela Mora.&nbsp;<\/p>\n\n\n\n<p>INFORMACI\u00d3N PERIOD\u00cdSTICA<br>ESCUELA DE DISE\u00d1O UC<\/p>\n","protected":false},"excerpt":{"rendered":"<p>DICE, abreviatura de Laboratorio de Dise\u00f1o, Investigaci\u00f3n, Creaci\u00f3n y Experimentaci\u00f3n de Dise\u00f1o UC inicia sus actividades con la b\u00fasqueda de estudiantes que quieran realizar su pr\u00e1ctica de servicio en proyecto de investigaci\u00f3n en Dise\u00f1o.<\/p>\n","protected":false},"author":1,"featured_media":4918,"comment_status":"open","ping_status":"open","sticky":false,"template":"","format":"standard","meta":{"_acf_changed":false,"footnotes":""},"categories":[1],"tags":[],"class_list":["post-4917","post","type-post","status-publish","format-standard","has-post-thumbnail","hentry","category-sin-categorizar"],"acf":[],"yoast_head":"<!-- This site is optimized with the Yoast SEO plugin v27.1.1 - https:\/\/yoast.com\/product\/yoast-seo-wordpress\/ -->\n<title>Se inician actividades del Laboratorio de Dise\u00f1o, Investigaci\u00f3n, Creaci\u00f3n y Experimentaci\u00f3n - Facultad de Arquitectura, Dise\u00f1o y Estudios Urbanos<\/title>\n<meta name=\"description\" content=\"DICE, abreviatura de Laboratorio de Dise\u00f1o, Investigaci\u00f3n, Creaci\u00f3n y Experimentaci\u00f3n de Dise\u00f1o UC inicia sus actividades con la b\u00fasqueda de estudiantes que quieran realizar su pr\u00e1ctica de servicio en proyecto de investigaci\u00f3n en Dise\u00f1o.\" \/>\n<meta name=\"robots\" content=\"index, follow, max-snippet:-1, max-image-preview:large, max-video-preview:-1\" \/>\n<link rel=\"canonical\" href=\"https:\/\/fadeu.urantiacos.cl\/en\/2022\/05\/16\/se-inician-actividades-del-laboratorio-de-diseno-investigacion-creacion-y-experimentacion\/\" \/>\n<meta property=\"og:locale\" content=\"en_US\" \/>\n<meta property=\"og:type\" content=\"article\" \/>\n<meta property=\"og:title\" content=\"Se inician actividades del Laboratorio de Dise\u00f1o, Investigaci\u00f3n, Creaci\u00f3n y Experimentaci\u00f3n - Facultad de Arquitectura, Dise\u00f1o y Estudios Urbanos\" \/>\n<meta property=\"og:description\" content=\"DICE, abreviatura de Laboratorio de Dise\u00f1o, Investigaci\u00f3n, Creaci\u00f3n y Experimentaci\u00f3n de Dise\u00f1o UC inicia sus actividades con la b\u00fasqueda de estudiantes que quieran realizar su pr\u00e1ctica de servicio en proyecto de investigaci\u00f3n en Dise\u00f1o.\" \/>\n<meta property=\"og:url\" content=\"https:\/\/fadeu.urantiacos.cl\/en\/2022\/05\/16\/se-inician-actividades-del-laboratorio-de-diseno-investigacion-creacion-y-experimentacion\/\" \/>\n<meta property=\"og:site_name\" content=\"Facultad de Arquitectura, Dise\u00f1o y Estudios Urbanos\" \/>\n<meta property=\"article:published_time\" content=\"2022-05-16T23:57:00+00:00\" \/>\n<meta property=\"article:modified_time\" content=\"2023-09-04T23:59:14+00:00\" \/>\n<meta property=\"og:image\" content=\"https:\/\/fadeu.urantiacos.cl\/wp-content\/uploads\/2023\/09\/WEB_Captura-de-Pantalla-2022-05-12-a-las-11.40.25.png\" \/>\n\t<meta property=\"og:image:width\" content=\"350\" \/>\n\t<meta property=\"og:image:height\" content=\"250\" \/>\n\t<meta property=\"og:image:type\" content=\"image\/png\" \/>\n<meta name=\"author\" content=\"manadmin\" \/>\n<meta name=\"twitter:card\" content=\"summary_large_image\" \/>\n<meta name=\"twitter:label1\" content=\"Written by\" \/>\n\t<meta name=\"twitter:data1\" content=\"manadmin\" \/>\n\t<meta name=\"twitter:label2\" content=\"Est. reading time\" \/>\n\t<meta name=\"twitter:data2\" content=\"1 minute\" \/>\n<script type=\"application\/ld+json\" class=\"yoast-schema-graph\">{\"@context\":\"https:\/\/schema.org\",\"@graph\":[{\"@type\":\"Article\",\"@id\":\"https:\/\/fadeu.urantiacos.cl\/en\/2022\/05\/16\/se-inician-actividades-del-laboratorio-de-diseno-investigacion-creacion-y-experimentacion\/#article\",\"isPartOf\":{\"@id\":\"https:\/\/fadeu.urantiacos.cl\/en\/2022\/05\/16\/se-inician-actividades-del-laboratorio-de-diseno-investigacion-creacion-y-experimentacion\/\"},\"author\":{\"name\":\"manadmin\",\"@id\":\"https:\/\/fadeu.urantiacos.cl\/en\/#\/schema\/person\/d203e2e84b1c40275eac77b3061a19a2\"},\"headline\":\"Se inician actividades del Laboratorio de Dise\u00f1o, Investigaci\u00f3n, Creaci\u00f3n y Experimentaci\u00f3n\",\"datePublished\":\"2022-05-16T23:57:00+00:00\",\"dateModified\":\"2023-09-04T23:59:14+00:00\",\"mainEntityOfPage\":{\"@id\":\"https:\/\/fadeu.urantiacos.cl\/en\/2022\/05\/16\/se-inician-actividades-del-laboratorio-de-diseno-investigacion-creacion-y-experimentacion\/\"},\"wordCount\":264,\"commentCount\":0,\"image\":{\"@id\":\"https:\/\/fadeu.urantiacos.cl\/en\/2022\/05\/16\/se-inician-actividades-del-laboratorio-de-diseno-investigacion-creacion-y-experimentacion\/#primaryimage\"},\"thumbnailUrl\":\"https:\/\/fadeu.urantiacos.cl\/wp-content\/uploads\/2023\/09\/WEB_Captura-de-Pantalla-2022-05-12-a-las-11.40.25.png\",\"articleSection\":[\"Sin categorizar\"],\"inLanguage\":\"en-US\",\"potentialAction\":[{\"@type\":\"CommentAction\",\"name\":\"Comment\",\"target\":[\"https:\/\/fadeu.urantiacos.cl\/en\/2022\/05\/16\/se-inician-actividades-del-laboratorio-de-diseno-investigacion-creacion-y-experimentacion\/#respond\"]}]},{\"@type\":\"WebPage\",\"@id\":\"https:\/\/fadeu.urantiacos.cl\/en\/2022\/05\/16\/se-inician-actividades-del-laboratorio-de-diseno-investigacion-creacion-y-experimentacion\/\",\"url\":\"https:\/\/fadeu.urantiacos.cl\/en\/2022\/05\/16\/se-inician-actividades-del-laboratorio-de-diseno-investigacion-creacion-y-experimentacion\/\",\"name\":\"Se inician actividades del Laboratorio de Dise\u00f1o, Investigaci\u00f3n, Creaci\u00f3n y Experimentaci\u00f3n - Facultad de Arquitectura, Dise\u00f1o y Estudios Urbanos\",\"isPartOf\":{\"@id\":\"https:\/\/fadeu.urantiacos.cl\/en\/#website\"},\"primaryImageOfPage\":{\"@id\":\"https:\/\/fadeu.urantiacos.cl\/en\/2022\/05\/16\/se-inician-actividades-del-laboratorio-de-diseno-investigacion-creacion-y-experimentacion\/#primaryimage\"},\"image\":{\"@id\":\"https:\/\/fadeu.urantiacos.cl\/en\/2022\/05\/16\/se-inician-actividades-del-laboratorio-de-diseno-investigacion-creacion-y-experimentacion\/#primaryimage\"},\"thumbnailUrl\":\"https:\/\/fadeu.urantiacos.cl\/wp-content\/uploads\/2023\/09\/WEB_Captura-de-Pantalla-2022-05-12-a-las-11.40.25.png\",\"datePublished\":\"2022-05-16T23:57:00+00:00\",\"dateModified\":\"2023-09-04T23:59:14+00:00\",\"author\":{\"@id\":\"https:\/\/fadeu.urantiacos.cl\/en\/#\/schema\/person\/d203e2e84b1c40275eac77b3061a19a2\"},\"description\":\"DICE, abreviatura de Laboratorio de Dise\u00f1o, Investigaci\u00f3n, Creaci\u00f3n y Experimentaci\u00f3n de Dise\u00f1o UC inicia sus actividades con la b\u00fasqueda de estudiantes que quieran realizar su pr\u00e1ctica de servicio en proyecto de investigaci\u00f3n en Dise\u00f1o.\",\"breadcrumb\":{\"@id\":\"https:\/\/fadeu.urantiacos.cl\/en\/2022\/05\/16\/se-inician-actividades-del-laboratorio-de-diseno-investigacion-creacion-y-experimentacion\/#breadcrumb\"},\"inLanguage\":\"en-US\",\"potentialAction\":[{\"@type\":\"ReadAction\",\"target\":[\"https:\/\/fadeu.urantiacos.cl\/en\/2022\/05\/16\/se-inician-actividades-del-laboratorio-de-diseno-investigacion-creacion-y-experimentacion\/\"]}]},{\"@type\":\"ImageObject\",\"inLanguage\":\"en-US\",\"@id\":\"https:\/\/fadeu.urantiacos.cl\/en\/2022\/05\/16\/se-inician-actividades-del-laboratorio-de-diseno-investigacion-creacion-y-experimentacion\/#primaryimage\",\"url\":\"https:\/\/fadeu.urantiacos.cl\/wp-content\/uploads\/2023\/09\/WEB_Captura-de-Pantalla-2022-05-12-a-las-11.40.25.png\",\"contentUrl\":\"https:\/\/fadeu.urantiacos.cl\/wp-content\/uploads\/2023\/09\/WEB_Captura-de-Pantalla-2022-05-12-a-las-11.40.25.png\",\"width\":350,\"height\":250},{\"@type\":\"BreadcrumbList\",\"@id\":\"https:\/\/fadeu.urantiacos.cl\/en\/2022\/05\/16\/se-inician-actividades-del-laboratorio-de-diseno-investigacion-creacion-y-experimentacion\/#breadcrumb\",\"itemListElement\":[{\"@type\":\"ListItem\",\"position\":1,\"name\":\"Portada\",\"item\":\"https:\/\/fadeu.urantiacos.cl\/en\/\"},{\"@type\":\"ListItem\",\"position\":2,\"name\":\"Se inician actividades del Laboratorio de Dise\u00f1o, Investigaci\u00f3n, Creaci\u00f3n y Experimentaci\u00f3n\"}]},{\"@type\":\"WebSite\",\"@id\":\"https:\/\/fadeu.urantiacos.cl\/en\/#website\",\"url\":\"https:\/\/fadeu.urantiacos.cl\/en\/\",\"name\":\"Facultad de Arquitectura, Dise\u00f1o y Estudios Urbanos\",\"description\":\"Campus Lo Contador\",\"potentialAction\":[{\"@type\":\"SearchAction\",\"target\":{\"@type\":\"EntryPoint\",\"urlTemplate\":\"https:\/\/fadeu.urantiacos.cl\/en\/?s={search_term_string}\"},\"query-input\":{\"@type\":\"PropertyValueSpecification\",\"valueRequired\":true,\"valueName\":\"search_term_string\"}}],\"inLanguage\":\"en-US\"},{\"@type\":\"Person\",\"@id\":\"https:\/\/fadeu.urantiacos.cl\/en\/#\/schema\/person\/d203e2e84b1c40275eac77b3061a19a2\",\"name\":\"manadmin\",\"image\":{\"@type\":\"ImageObject\",\"inLanguage\":\"en-US\",\"@id\":\"https:\/\/fadeu.urantiacos.cl\/en\/#\/schema\/person\/image\/\",\"url\":\"https:\/\/secure.gravatar.com\/avatar\/4b1d8e3303b4a9d8968ac578947d8bc80d9aea359f388cdd4aac15cadc0e8447?s=96&d=mm&r=g\",\"contentUrl\":\"https:\/\/secure.gravatar.com\/avatar\/4b1d8e3303b4a9d8968ac578947d8bc80d9aea359f388cdd4aac15cadc0e8447?s=96&d=mm&r=g\",\"caption\":\"manadmin\"},\"sameAs\":[\"https:\/\/fadeu.urantiacos.cl\"]}]}<\/script>\n<!-- \/ Yoast SEO plugin. -->","yoast_head_json":{"title":"Se inician actividades del Laboratorio de Dise\u00f1o, Investigaci\u00f3n, Creaci\u00f3n y Experimentaci\u00f3n - Facultad de Arquitectura, Dise\u00f1o y Estudios Urbanos","description":"DICE, abreviatura de Laboratorio de Dise\u00f1o, Investigaci\u00f3n, Creaci\u00f3n y Experimentaci\u00f3n de Dise\u00f1o UC inicia sus actividades con la b\u00fasqueda de estudiantes que quieran realizar su pr\u00e1ctica de servicio en proyecto de investigaci\u00f3n en Dise\u00f1o.","robots":{"index":"index","follow":"follow","max-snippet":"max-snippet:-1","max-image-preview":"max-image-preview:large","max-video-preview":"max-video-preview:-1"},"canonical":"https:\/\/fadeu.urantiacos.cl\/en\/2022\/05\/16\/se-inician-actividades-del-laboratorio-de-diseno-investigacion-creacion-y-experimentacion\/","og_locale":"en_US","og_type":"article","og_title":"Se inician actividades del Laboratorio de Dise\u00f1o, Investigaci\u00f3n, Creaci\u00f3n y Experimentaci\u00f3n - Facultad de Arquitectura, Dise\u00f1o y Estudios Urbanos","og_description":"DICE, abreviatura de Laboratorio de Dise\u00f1o, Investigaci\u00f3n, Creaci\u00f3n y Experimentaci\u00f3n de Dise\u00f1o UC inicia sus actividades con la b\u00fasqueda de estudiantes que quieran realizar su pr\u00e1ctica de servicio en proyecto de investigaci\u00f3n en Dise\u00f1o.","og_url":"https:\/\/fadeu.urantiacos.cl\/en\/2022\/05\/16\/se-inician-actividades-del-laboratorio-de-diseno-investigacion-creacion-y-experimentacion\/","og_site_name":"Facultad de Arquitectura, Dise\u00f1o y Estudios Urbanos","article_published_time":"2022-05-16T23:57:00+00:00","article_modified_time":"2023-09-04T23:59:14+00:00","og_image":[{"width":350,"height":250,"url":"https:\/\/fadeu.urantiacos.cl\/wp-content\/uploads\/2023\/09\/WEB_Captura-de-Pantalla-2022-05-12-a-las-11.40.25.png","type":"image\/png"}],"author":"manadmin","twitter_card":"summary_large_image","twitter_misc":{"Written by":"manadmin","Est. reading time":"1 minute"},"schema":{"@context":"https:\/\/schema.org","@graph":[{"@type":"Article","@id":"https:\/\/fadeu.urantiacos.cl\/en\/2022\/05\/16\/se-inician-actividades-del-laboratorio-de-diseno-investigacion-creacion-y-experimentacion\/#article","isPartOf":{"@id":"https:\/\/fadeu.urantiacos.cl\/en\/2022\/05\/16\/se-inician-actividades-del-laboratorio-de-diseno-investigacion-creacion-y-experimentacion\/"},"author":{"name":"manadmin","@id":"https:\/\/fadeu.urantiacos.cl\/en\/#\/schema\/person\/d203e2e84b1c40275eac77b3061a19a2"},"headline":"Se inician actividades del Laboratorio de Dise\u00f1o, Investigaci\u00f3n, Creaci\u00f3n y Experimentaci\u00f3n","datePublished":"2022-05-16T23:57:00+00:00","dateModified":"2023-09-04T23:59:14+00:00","mainEntityOfPage":{"@id":"https:\/\/fadeu.urantiacos.cl\/en\/2022\/05\/16\/se-inician-actividades-del-laboratorio-de-diseno-investigacion-creacion-y-experimentacion\/"},"wordCount":264,"commentCount":0,"image":{"@id":"https:\/\/fadeu.urantiacos.cl\/en\/2022\/05\/16\/se-inician-actividades-del-laboratorio-de-diseno-investigacion-creacion-y-experimentacion\/#primaryimage"},"thumbnailUrl":"https:\/\/fadeu.urantiacos.cl\/wp-content\/uploads\/2023\/09\/WEB_Captura-de-Pantalla-2022-05-12-a-las-11.40.25.png","articleSection":["Sin categorizar"],"inLanguage":"en-US","potentialAction":[{"@type":"CommentAction","name":"Comment","target":["https:\/\/fadeu.urantiacos.cl\/en\/2022\/05\/16\/se-inician-actividades-del-laboratorio-de-diseno-investigacion-creacion-y-experimentacion\/#respond"]}]},{"@type":"WebPage","@id":"https:\/\/fadeu.urantiacos.cl\/en\/2022\/05\/16\/se-inician-actividades-del-laboratorio-de-diseno-investigacion-creacion-y-experimentacion\/","url":"https:\/\/fadeu.urantiacos.cl\/en\/2022\/05\/16\/se-inician-actividades-del-laboratorio-de-diseno-investigacion-creacion-y-experimentacion\/","name":"Se inician actividades del Laboratorio de Dise\u00f1o, Investigaci\u00f3n, Creaci\u00f3n y Experimentaci\u00f3n - Facultad de Arquitectura, Dise\u00f1o y Estudios Urbanos","isPartOf":{"@id":"https:\/\/fadeu.urantiacos.cl\/en\/#website"},"primaryImageOfPage":{"@id":"https:\/\/fadeu.urantiacos.cl\/en\/2022\/05\/16\/se-inician-actividades-del-laboratorio-de-diseno-investigacion-creacion-y-experimentacion\/#primaryimage"},"image":{"@id":"https:\/\/fadeu.urantiacos.cl\/en\/2022\/05\/16\/se-inician-actividades-del-laboratorio-de-diseno-investigacion-creacion-y-experimentacion\/#primaryimage"},"thumbnailUrl":"https:\/\/fadeu.urantiacos.cl\/wp-content\/uploads\/2023\/09\/WEB_Captura-de-Pantalla-2022-05-12-a-las-11.40.25.png","datePublished":"2022-05-16T23:57:00+00:00","dateModified":"2023-09-04T23:59:14+00:00","author":{"@id":"https:\/\/fadeu.urantiacos.cl\/en\/#\/schema\/person\/d203e2e84b1c40275eac77b3061a19a2"},"description":"DICE, abreviatura de Laboratorio de Dise\u00f1o, Investigaci\u00f3n, Creaci\u00f3n y Experimentaci\u00f3n de Dise\u00f1o UC inicia sus actividades con la b\u00fasqueda de estudiantes que quieran realizar su pr\u00e1ctica de servicio en proyecto de investigaci\u00f3n en Dise\u00f1o.","breadcrumb":{"@id":"https:\/\/fadeu.urantiacos.cl\/en\/2022\/05\/16\/se-inician-actividades-del-laboratorio-de-diseno-investigacion-creacion-y-experimentacion\/#breadcrumb"},"inLanguage":"en-US","potentialAction":[{"@type":"ReadAction","target":["https:\/\/fadeu.urantiacos.cl\/en\/2022\/05\/16\/se-inician-actividades-del-laboratorio-de-diseno-investigacion-creacion-y-experimentacion\/"]}]},{"@type":"ImageObject","inLanguage":"en-US","@id":"https:\/\/fadeu.urantiacos.cl\/en\/2022\/05\/16\/se-inician-actividades-del-laboratorio-de-diseno-investigacion-creacion-y-experimentacion\/#primaryimage","url":"https:\/\/fadeu.urantiacos.cl\/wp-content\/uploads\/2023\/09\/WEB_Captura-de-Pantalla-2022-05-12-a-las-11.40.25.png","contentUrl":"https:\/\/fadeu.urantiacos.cl\/wp-content\/uploads\/2023\/09\/WEB_Captura-de-Pantalla-2022-05-12-a-las-11.40.25.png","width":350,"height":250},{"@type":"BreadcrumbList","@id":"https:\/\/fadeu.urantiacos.cl\/en\/2022\/05\/16\/se-inician-actividades-del-laboratorio-de-diseno-investigacion-creacion-y-experimentacion\/#breadcrumb","itemListElement":[{"@type":"ListItem","position":1,"name":"Portada","item":"https:\/\/fadeu.urantiacos.cl\/en\/"},{"@type":"ListItem","position":2,"name":"Se inician actividades del Laboratorio de Dise\u00f1o, Investigaci\u00f3n, Creaci\u00f3n y Experimentaci\u00f3n"}]},{"@type":"WebSite","@id":"https:\/\/fadeu.urantiacos.cl\/en\/#website","url":"https:\/\/fadeu.urantiacos.cl\/en\/","name":"Facultad de Arquitectura, Dise\u00f1o y Estudios Urbanos","description":"Campus Lo Contador","potentialAction":[{"@type":"SearchAction","target":{"@type":"EntryPoint","urlTemplate":"https:\/\/fadeu.urantiacos.cl\/en\/?s={search_term_string}"},"query-input":{"@type":"PropertyValueSpecification","valueRequired":true,"valueName":"search_term_string"}}],"inLanguage":"en-US"},{"@type":"Person","@id":"https:\/\/fadeu.urantiacos.cl\/en\/#\/schema\/person\/d203e2e84b1c40275eac77b3061a19a2","name":"manadmin","image":{"@type":"ImageObject","inLanguage":"en-US","@id":"https:\/\/fadeu.urantiacos.cl\/en\/#\/schema\/person\/image\/","url":"https:\/\/secure.gravatar.com\/avatar\/4b1d8e3303b4a9d8968ac578947d8bc80d9aea359f388cdd4aac15cadc0e8447?s=96&d=mm&r=g","contentUrl":"https:\/\/secure.gravatar.com\/avatar\/4b1d8e3303b4a9d8968ac578947d8bc80d9aea359f388cdd4aac15cadc0e8447?s=96&d=mm&r=g","caption":"manadmin"},"sameAs":["https:\/\/fadeu.urantiacos.cl"]}]}},"_links":{"self":[{"href":"https:\/\/fadeu.urantiacos.cl\/en\/wp-json\/wp\/v2\/posts\/4917","targetHints":{"allow":["GET"]}}],"collection":[{"href":"https:\/\/fadeu.urantiacos.cl\/en\/wp-json\/wp\/v2\/posts"}],"about":[{"href":"https:\/\/fadeu.urantiacos.cl\/en\/wp-json\/wp\/v2\/types\/post"}],"author":[{"embeddable":true,"href":"https:\/\/fadeu.urantiacos.cl\/en\/wp-json\/wp\/v2\/users\/1"}],"replies":[{"embeddable":true,"href":"https:\/\/fadeu.urantiacos.cl\/en\/wp-json\/wp\/v2\/comments?post=4917"}],"version-history":[{"count":1,"href":"https:\/\/fadeu.urantiacos.cl\/en\/wp-json\/wp\/v2\/posts\/4917\/revisions"}],"predecessor-version":[{"id":4919,"href":"https:\/\/fadeu.urantiacos.cl\/en\/wp-json\/wp\/v2\/posts\/4917\/revisions\/4919"}],"wp:featuredmedia":[{"embeddable":true,"href":"https:\/\/fadeu.urantiacos.cl\/en\/wp-json\/wp\/v2\/media\/4918"}],"wp:attachment":[{"href":"https:\/\/fadeu.urantiacos.cl\/en\/wp-json\/wp\/v2\/media?parent=4917"}],"wp:term":[{"taxonomy":"category","embeddable":true,"href":"https:\/\/fadeu.urantiacos.cl\/en\/wp-json\/wp\/v2\/categories?post=4917"},{"taxonomy":"post_tag","embeddable":true,"href":"https:\/\/fadeu.urantiacos.cl\/en\/wp-json\/wp\/v2\/tags?post=4917"}],"curies":[{"name":"wp","href":"https:\/\/api.w.org\/{rel}","templated":true}]}}