{"id":4911,"date":"2022-05-16T20:53:00","date_gmt":"2022-05-16T23:53:00","guid":{"rendered":"https:\/\/fadeu.urantiacos.cl\/?p=4911"},"modified":"2023-10-24T12:01:27","modified_gmt":"2023-10-24T15:01:27","slug":"hugo-mondragon-dicta-conferencia-en-la-universidad-catolica-del-norte","status":"publish","type":"post","link":"https:\/\/fadeu.urantiacos.cl\/en\/2022\/05\/16\/hugo-mondragon-dicta-conferencia-en-la-universidad-catolica-del-norte\/","title":{"rendered":"Hugo Mondrag\u00f3n dicta conferencia en la Universidad Cat\u00f3lica del Norte"},"content":{"rendered":"\n<figure class=\"wp-block-image size-full\"><img decoding=\"async\" width=\"350\" height=\"250\" src=\"https:\/\/fadeu.urantiacos.cl\/wp-content\/uploads\/2023\/09\/POST_ATLAS_web.png\" alt=\"\" class=\"wp-image-4912\" srcset=\"https:\/\/fadeu.urantiacos.cl\/wp-content\/uploads\/2023\/09\/POST_ATLAS_web.png 350w, https:\/\/fadeu.urantiacos.cl\/wp-content\/uploads\/2023\/09\/POST_ATLAS_web-300x214.png 300w\" sizes=\"(max-width: 350px) 100vw, 350px\" \/><\/figure>\n\n\n\n<p>El libro \u2014que forma parte de la colecci\u00f3n &#8220;Cat\u00e1logos patrimoniales&#8221; del Centro del Patrimonio Cultural UC\u2014 fue publicado en 2021 por Ediciones UC y recoge los resultados del Proyecto Redes 170046 del Programa de Cooperaci\u00f3n Internacional (PCI) de CONICYT, liderado por el profesor.<\/p>\n\n\n\n<p>Durante la presentaci\u00f3n y a modo de cierre, el profesor ARQ UC afirm\u00f3: &#8220;Pensar lo ordinario es una invitaci\u00f3n a pensar por fuera del canon, m\u00e1s all\u00e1 de la l\u00f3gica de consagrar y excluir\u201d, agregando que esto ser\u00eda \u201cuna estrategia para construir un espacio desde el cual formular nuevas preguntas: \u00bfqu\u00e9 cosas nos dicen los edificios ordinarios sobre la arquitectura moderna, sobre sus autores y la sociedad que los construy\u00f3? \u00bfC\u00f3mo pueden estos edificios ayudarnos a pensar una historia no-her\u00f3ica de la arquitectura moderna? \u00bfC\u00f3mo pueden ayudarnos a delimitar un nuevo campo te\u00f3rico desde donde sea posible pensar la dimensi\u00f3n patrimonial que existe en lo simple, lo com\u00fan, lo repetido y lo ordinario?&#8221;.<\/p>\n\n\n\n<p>La conferencia de Mondrag\u00f3n \u2014realizada el d\u00eda 09 de mayo de 2022\u2014, estuvo precedida por la presentaci\u00f3n de casos ubicados en la zona norte de Chile que fueron seleccionados por un comit\u00e9 cient\u00edfico para ser incluidos en el libro. Las presentaciones estuvieron a cargo del profesor de la UCN Claudio Galeno y de los estudiantes Catalina Z\u00fa\u00f1iga y Valent\u00edn Roco del Mag\u00edster en Arquitectura en Zonas \u00c1ridas de la misma instituci\u00f3n.<br>\u00a0<br>Ver prensa asociada en\u00a0<a href=\"https:\/\/arquitectura.uc.cl\/proyectos\/noticias\/5967-hugo-mondragon-habla-sobre-el-libro-atlas-de-lo-ordinario-brasil-chile-en-radio-pauta.html\" target=\"_blank\" rel=\"noreferrer noopener\">Pauta<\/a>\u00a0y en revista\u00a0<a href=\"https:\/\/arquitectura.uc.cl\/proyectos\/noticias\/5889-atlas-de-lo-ordinario-brasil-chile-revista-vd-entrevista-a-hugo-mondragon-editor-de-la-publicacion.html\" target=\"_blank\" rel=\"noreferrer noopener\">VD<\/a>\u00a0<\/p>\n\n\n\n<p>Noticias<br>Contacto:&nbsp;<a href=\"mailto:redesarq@uc.cl\">redesarq@uc.cl<\/a>&nbsp;| +56 2 2354 7747<br>www.arquitectura.uc.cl&nbsp;<\/p>\n","protected":false},"excerpt":{"rendered":"<p>El profesor ARQ UC realiz\u00f3 una charla en la Universidad Cat\u00f3lica del Norte (UCN) en el marco de la presentaci\u00f3n \u2014en Antofagasta\u2014 del libro Atlas de lo ordinario Brasil\/Chile. Dibujos y fotograf\u00edas de Arquitectura Moderna (Ediciones UC, 2021) del cual es editor.<\/p>\n","protected":false},"author":1,"featured_media":4912,"comment_status":"open","ping_status":"open","sticky":false,"template":"","format":"standard","meta":{"_acf_changed":false,"footnotes":""},"categories":[1],"tags":[],"class_list":["post-4911","post","type-post","status-publish","format-standard","has-post-thumbnail","hentry","category-sin-categorizar"],"acf":[],"yoast_head":"<!-- This site is optimized with the Yoast SEO plugin v27.1.1 - https:\/\/yoast.com\/product\/yoast-seo-wordpress\/ -->\n<title>Hugo Mondrag\u00f3n dicta conferencia en la Universidad Cat\u00f3lica del Norte - Facultad de Arquitectura, Dise\u00f1o y Estudios Urbanos<\/title>\n<meta name=\"description\" content=\"El profesor ARQ UC realiz\u00f3 una charla en la Universidad Cat\u00f3lica del Norte (UCN) en el marco de la presentaci\u00f3n \u2014en Antofagasta\u2014 del libro Atlas de lo ordinario Brasil\/Chile. Dibujos y fotograf\u00edas de Arquitectura Moderna (Ediciones UC, 2021) del cual es editor.\" \/>\n<meta name=\"robots\" content=\"index, follow, max-snippet:-1, max-image-preview:large, max-video-preview:-1\" \/>\n<link rel=\"canonical\" href=\"https:\/\/fadeu.urantiacos.cl\/en\/2022\/05\/16\/hugo-mondragon-dicta-conferencia-en-la-universidad-catolica-del-norte\/\" \/>\n<meta property=\"og:locale\" content=\"en_US\" \/>\n<meta property=\"og:type\" content=\"article\" \/>\n<meta property=\"og:title\" content=\"Hugo Mondrag\u00f3n dicta conferencia en la Universidad Cat\u00f3lica del Norte - Facultad de Arquitectura, Dise\u00f1o y Estudios Urbanos\" \/>\n<meta property=\"og:description\" content=\"El profesor ARQ UC realiz\u00f3 una charla en la Universidad Cat\u00f3lica del Norte (UCN) en el marco de la presentaci\u00f3n \u2014en Antofagasta\u2014 del libro Atlas de lo ordinario Brasil\/Chile. Dibujos y fotograf\u00edas de Arquitectura Moderna (Ediciones UC, 2021) del cual es editor.\" \/>\n<meta property=\"og:url\" content=\"https:\/\/fadeu.urantiacos.cl\/en\/2022\/05\/16\/hugo-mondragon-dicta-conferencia-en-la-universidad-catolica-del-norte\/\" \/>\n<meta property=\"og:site_name\" content=\"Facultad de Arquitectura, Dise\u00f1o y Estudios Urbanos\" \/>\n<meta property=\"article:published_time\" content=\"2022-05-16T23:53:00+00:00\" \/>\n<meta property=\"article:modified_time\" content=\"2023-10-24T15:01:27+00:00\" \/>\n<meta property=\"og:image\" content=\"https:\/\/fadeu.urantiacos.cl\/wp-content\/uploads\/2023\/09\/POST_ATLAS_web.png\" \/>\n\t<meta property=\"og:image:width\" content=\"350\" \/>\n\t<meta property=\"og:image:height\" content=\"250\" \/>\n\t<meta property=\"og:image:type\" content=\"image\/png\" \/>\n<meta name=\"author\" content=\"manadmin\" \/>\n<meta name=\"twitter:card\" content=\"summary_large_image\" \/>\n<meta name=\"twitter:label1\" content=\"Written by\" \/>\n\t<meta name=\"twitter:data1\" content=\"manadmin\" \/>\n\t<meta name=\"twitter:label2\" content=\"Est. reading time\" \/>\n\t<meta name=\"twitter:data2\" content=\"2 minutes\" \/>\n<script type=\"application\/ld+json\" class=\"yoast-schema-graph\">{\"@context\":\"https:\/\/schema.org\",\"@graph\":[{\"@type\":\"Article\",\"@id\":\"https:\/\/fadeu.urantiacos.cl\/en\/2022\/05\/16\/hugo-mondragon-dicta-conferencia-en-la-universidad-catolica-del-norte\/#article\",\"isPartOf\":{\"@id\":\"https:\/\/fadeu.urantiacos.cl\/en\/2022\/05\/16\/hugo-mondragon-dicta-conferencia-en-la-universidad-catolica-del-norte\/\"},\"author\":{\"name\":\"manadmin\",\"@id\":\"https:\/\/fadeu.urantiacos.cl\/en\/#\/schema\/person\/d203e2e84b1c40275eac77b3061a19a2\"},\"headline\":\"Hugo Mondrag\u00f3n dicta conferencia en la Universidad Cat\u00f3lica del Norte\",\"datePublished\":\"2022-05-16T23:53:00+00:00\",\"dateModified\":\"2023-10-24T15:01:27+00:00\",\"mainEntityOfPage\":{\"@id\":\"https:\/\/fadeu.urantiacos.cl\/en\/2022\/05\/16\/hugo-mondragon-dicta-conferencia-en-la-universidad-catolica-del-norte\/\"},\"wordCount\":277,\"commentCount\":0,\"image\":{\"@id\":\"https:\/\/fadeu.urantiacos.cl\/en\/2022\/05\/16\/hugo-mondragon-dicta-conferencia-en-la-universidad-catolica-del-norte\/#primaryimage\"},\"thumbnailUrl\":\"https:\/\/fadeu.urantiacos.cl\/wp-content\/uploads\/2023\/09\/POST_ATLAS_web.png\",\"articleSection\":[\"Sin categorizar\"],\"inLanguage\":\"en-US\",\"potentialAction\":[{\"@type\":\"CommentAction\",\"name\":\"Comment\",\"target\":[\"https:\/\/fadeu.urantiacos.cl\/en\/2022\/05\/16\/hugo-mondragon-dicta-conferencia-en-la-universidad-catolica-del-norte\/#respond\"]}]},{\"@type\":\"WebPage\",\"@id\":\"https:\/\/fadeu.urantiacos.cl\/en\/2022\/05\/16\/hugo-mondragon-dicta-conferencia-en-la-universidad-catolica-del-norte\/\",\"url\":\"https:\/\/fadeu.urantiacos.cl\/en\/2022\/05\/16\/hugo-mondragon-dicta-conferencia-en-la-universidad-catolica-del-norte\/\",\"name\":\"Hugo Mondrag\u00f3n dicta conferencia en la Universidad Cat\u00f3lica del Norte - Facultad de Arquitectura, Dise\u00f1o y Estudios Urbanos\",\"isPartOf\":{\"@id\":\"https:\/\/fadeu.urantiacos.cl\/en\/#website\"},\"primaryImageOfPage\":{\"@id\":\"https:\/\/fadeu.urantiacos.cl\/en\/2022\/05\/16\/hugo-mondragon-dicta-conferencia-en-la-universidad-catolica-del-norte\/#primaryimage\"},\"image\":{\"@id\":\"https:\/\/fadeu.urantiacos.cl\/en\/2022\/05\/16\/hugo-mondragon-dicta-conferencia-en-la-universidad-catolica-del-norte\/#primaryimage\"},\"thumbnailUrl\":\"https:\/\/fadeu.urantiacos.cl\/wp-content\/uploads\/2023\/09\/POST_ATLAS_web.png\",\"datePublished\":\"2022-05-16T23:53:00+00:00\",\"dateModified\":\"2023-10-24T15:01:27+00:00\",\"author\":{\"@id\":\"https:\/\/fadeu.urantiacos.cl\/en\/#\/schema\/person\/d203e2e84b1c40275eac77b3061a19a2\"},\"description\":\"El profesor ARQ UC realiz\u00f3 una charla en la Universidad Cat\u00f3lica del Norte (UCN) en el marco de la presentaci\u00f3n \u2014en Antofagasta\u2014 del libro Atlas de lo ordinario Brasil\/Chile. Dibujos y fotograf\u00edas de Arquitectura Moderna (Ediciones UC, 2021) del cual es editor.\",\"breadcrumb\":{\"@id\":\"https:\/\/fadeu.urantiacos.cl\/en\/2022\/05\/16\/hugo-mondragon-dicta-conferencia-en-la-universidad-catolica-del-norte\/#breadcrumb\"},\"inLanguage\":\"en-US\",\"potentialAction\":[{\"@type\":\"ReadAction\",\"target\":[\"https:\/\/fadeu.urantiacos.cl\/en\/2022\/05\/16\/hugo-mondragon-dicta-conferencia-en-la-universidad-catolica-del-norte\/\"]}]},{\"@type\":\"ImageObject\",\"inLanguage\":\"en-US\",\"@id\":\"https:\/\/fadeu.urantiacos.cl\/en\/2022\/05\/16\/hugo-mondragon-dicta-conferencia-en-la-universidad-catolica-del-norte\/#primaryimage\",\"url\":\"https:\/\/fadeu.urantiacos.cl\/wp-content\/uploads\/2023\/09\/POST_ATLAS_web.png\",\"contentUrl\":\"https:\/\/fadeu.urantiacos.cl\/wp-content\/uploads\/2023\/09\/POST_ATLAS_web.png\",\"width\":350,\"height\":250},{\"@type\":\"BreadcrumbList\",\"@id\":\"https:\/\/fadeu.urantiacos.cl\/en\/2022\/05\/16\/hugo-mondragon-dicta-conferencia-en-la-universidad-catolica-del-norte\/#breadcrumb\",\"itemListElement\":[{\"@type\":\"ListItem\",\"position\":1,\"name\":\"Portada\",\"item\":\"https:\/\/fadeu.urantiacos.cl\/en\/\"},{\"@type\":\"ListItem\",\"position\":2,\"name\":\"Hugo Mondrag\u00f3n dicta conferencia en la Universidad Cat\u00f3lica del Norte\"}]},{\"@type\":\"WebSite\",\"@id\":\"https:\/\/fadeu.urantiacos.cl\/en\/#website\",\"url\":\"https:\/\/fadeu.urantiacos.cl\/en\/\",\"name\":\"Facultad de Arquitectura, Dise\u00f1o y Estudios Urbanos\",\"description\":\"Campus Lo Contador\",\"potentialAction\":[{\"@type\":\"SearchAction\",\"target\":{\"@type\":\"EntryPoint\",\"urlTemplate\":\"https:\/\/fadeu.urantiacos.cl\/en\/?s={search_term_string}\"},\"query-input\":{\"@type\":\"PropertyValueSpecification\",\"valueRequired\":true,\"valueName\":\"search_term_string\"}}],\"inLanguage\":\"en-US\"},{\"@type\":\"Person\",\"@id\":\"https:\/\/fadeu.urantiacos.cl\/en\/#\/schema\/person\/d203e2e84b1c40275eac77b3061a19a2\",\"name\":\"manadmin\",\"image\":{\"@type\":\"ImageObject\",\"inLanguage\":\"en-US\",\"@id\":\"https:\/\/fadeu.urantiacos.cl\/en\/#\/schema\/person\/image\/\",\"url\":\"https:\/\/secure.gravatar.com\/avatar\/4b1d8e3303b4a9d8968ac578947d8bc80d9aea359f388cdd4aac15cadc0e8447?s=96&d=mm&r=g\",\"contentUrl\":\"https:\/\/secure.gravatar.com\/avatar\/4b1d8e3303b4a9d8968ac578947d8bc80d9aea359f388cdd4aac15cadc0e8447?s=96&d=mm&r=g\",\"caption\":\"manadmin\"},\"sameAs\":[\"https:\/\/fadeu.urantiacos.cl\"]}]}<\/script>\n<!-- \/ Yoast SEO plugin. -->","yoast_head_json":{"title":"Hugo Mondrag\u00f3n dicta conferencia en la Universidad Cat\u00f3lica del Norte - Facultad de Arquitectura, Dise\u00f1o y Estudios Urbanos","description":"El profesor ARQ UC realiz\u00f3 una charla en la Universidad Cat\u00f3lica del Norte (UCN) en el marco de la presentaci\u00f3n \u2014en Antofagasta\u2014 del libro Atlas de lo ordinario Brasil\/Chile. Dibujos y fotograf\u00edas de Arquitectura Moderna (Ediciones UC, 2021) del cual es editor.","robots":{"index":"index","follow":"follow","max-snippet":"max-snippet:-1","max-image-preview":"max-image-preview:large","max-video-preview":"max-video-preview:-1"},"canonical":"https:\/\/fadeu.urantiacos.cl\/en\/2022\/05\/16\/hugo-mondragon-dicta-conferencia-en-la-universidad-catolica-del-norte\/","og_locale":"en_US","og_type":"article","og_title":"Hugo Mondrag\u00f3n dicta conferencia en la Universidad Cat\u00f3lica del Norte - Facultad de Arquitectura, Dise\u00f1o y Estudios Urbanos","og_description":"El profesor ARQ UC realiz\u00f3 una charla en la Universidad Cat\u00f3lica del Norte (UCN) en el marco de la presentaci\u00f3n \u2014en Antofagasta\u2014 del libro Atlas de lo ordinario Brasil\/Chile. Dibujos y fotograf\u00edas de Arquitectura Moderna (Ediciones UC, 2021) del cual es editor.","og_url":"https:\/\/fadeu.urantiacos.cl\/en\/2022\/05\/16\/hugo-mondragon-dicta-conferencia-en-la-universidad-catolica-del-norte\/","og_site_name":"Facultad de Arquitectura, Dise\u00f1o y Estudios Urbanos","article_published_time":"2022-05-16T23:53:00+00:00","article_modified_time":"2023-10-24T15:01:27+00:00","og_image":[{"width":350,"height":250,"url":"https:\/\/fadeu.urantiacos.cl\/wp-content\/uploads\/2023\/09\/POST_ATLAS_web.png","type":"image\/png"}],"author":"manadmin","twitter_card":"summary_large_image","twitter_misc":{"Written by":"manadmin","Est. reading time":"2 minutes"},"schema":{"@context":"https:\/\/schema.org","@graph":[{"@type":"Article","@id":"https:\/\/fadeu.urantiacos.cl\/en\/2022\/05\/16\/hugo-mondragon-dicta-conferencia-en-la-universidad-catolica-del-norte\/#article","isPartOf":{"@id":"https:\/\/fadeu.urantiacos.cl\/en\/2022\/05\/16\/hugo-mondragon-dicta-conferencia-en-la-universidad-catolica-del-norte\/"},"author":{"name":"manadmin","@id":"https:\/\/fadeu.urantiacos.cl\/en\/#\/schema\/person\/d203e2e84b1c40275eac77b3061a19a2"},"headline":"Hugo Mondrag\u00f3n dicta conferencia en la Universidad Cat\u00f3lica del Norte","datePublished":"2022-05-16T23:53:00+00:00","dateModified":"2023-10-24T15:01:27+00:00","mainEntityOfPage":{"@id":"https:\/\/fadeu.urantiacos.cl\/en\/2022\/05\/16\/hugo-mondragon-dicta-conferencia-en-la-universidad-catolica-del-norte\/"},"wordCount":277,"commentCount":0,"image":{"@id":"https:\/\/fadeu.urantiacos.cl\/en\/2022\/05\/16\/hugo-mondragon-dicta-conferencia-en-la-universidad-catolica-del-norte\/#primaryimage"},"thumbnailUrl":"https:\/\/fadeu.urantiacos.cl\/wp-content\/uploads\/2023\/09\/POST_ATLAS_web.png","articleSection":["Sin categorizar"],"inLanguage":"en-US","potentialAction":[{"@type":"CommentAction","name":"Comment","target":["https:\/\/fadeu.urantiacos.cl\/en\/2022\/05\/16\/hugo-mondragon-dicta-conferencia-en-la-universidad-catolica-del-norte\/#respond"]}]},{"@type":"WebPage","@id":"https:\/\/fadeu.urantiacos.cl\/en\/2022\/05\/16\/hugo-mondragon-dicta-conferencia-en-la-universidad-catolica-del-norte\/","url":"https:\/\/fadeu.urantiacos.cl\/en\/2022\/05\/16\/hugo-mondragon-dicta-conferencia-en-la-universidad-catolica-del-norte\/","name":"Hugo Mondrag\u00f3n dicta conferencia en la Universidad Cat\u00f3lica del Norte - Facultad de Arquitectura, Dise\u00f1o y Estudios Urbanos","isPartOf":{"@id":"https:\/\/fadeu.urantiacos.cl\/en\/#website"},"primaryImageOfPage":{"@id":"https:\/\/fadeu.urantiacos.cl\/en\/2022\/05\/16\/hugo-mondragon-dicta-conferencia-en-la-universidad-catolica-del-norte\/#primaryimage"},"image":{"@id":"https:\/\/fadeu.urantiacos.cl\/en\/2022\/05\/16\/hugo-mondragon-dicta-conferencia-en-la-universidad-catolica-del-norte\/#primaryimage"},"thumbnailUrl":"https:\/\/fadeu.urantiacos.cl\/wp-content\/uploads\/2023\/09\/POST_ATLAS_web.png","datePublished":"2022-05-16T23:53:00+00:00","dateModified":"2023-10-24T15:01:27+00:00","author":{"@id":"https:\/\/fadeu.urantiacos.cl\/en\/#\/schema\/person\/d203e2e84b1c40275eac77b3061a19a2"},"description":"El profesor ARQ UC realiz\u00f3 una charla en la Universidad Cat\u00f3lica del Norte (UCN) en el marco de la presentaci\u00f3n \u2014en Antofagasta\u2014 del libro Atlas de lo ordinario Brasil\/Chile. Dibujos y fotograf\u00edas de Arquitectura Moderna (Ediciones UC, 2021) del cual es editor.","breadcrumb":{"@id":"https:\/\/fadeu.urantiacos.cl\/en\/2022\/05\/16\/hugo-mondragon-dicta-conferencia-en-la-universidad-catolica-del-norte\/#breadcrumb"},"inLanguage":"en-US","potentialAction":[{"@type":"ReadAction","target":["https:\/\/fadeu.urantiacos.cl\/en\/2022\/05\/16\/hugo-mondragon-dicta-conferencia-en-la-universidad-catolica-del-norte\/"]}]},{"@type":"ImageObject","inLanguage":"en-US","@id":"https:\/\/fadeu.urantiacos.cl\/en\/2022\/05\/16\/hugo-mondragon-dicta-conferencia-en-la-universidad-catolica-del-norte\/#primaryimage","url":"https:\/\/fadeu.urantiacos.cl\/wp-content\/uploads\/2023\/09\/POST_ATLAS_web.png","contentUrl":"https:\/\/fadeu.urantiacos.cl\/wp-content\/uploads\/2023\/09\/POST_ATLAS_web.png","width":350,"height":250},{"@type":"BreadcrumbList","@id":"https:\/\/fadeu.urantiacos.cl\/en\/2022\/05\/16\/hugo-mondragon-dicta-conferencia-en-la-universidad-catolica-del-norte\/#breadcrumb","itemListElement":[{"@type":"ListItem","position":1,"name":"Portada","item":"https:\/\/fadeu.urantiacos.cl\/en\/"},{"@type":"ListItem","position":2,"name":"Hugo Mondrag\u00f3n dicta conferencia en la Universidad Cat\u00f3lica del Norte"}]},{"@type":"WebSite","@id":"https:\/\/fadeu.urantiacos.cl\/en\/#website","url":"https:\/\/fadeu.urantiacos.cl\/en\/","name":"Facultad de Arquitectura, Dise\u00f1o y Estudios Urbanos","description":"Campus Lo Contador","potentialAction":[{"@type":"SearchAction","target":{"@type":"EntryPoint","urlTemplate":"https:\/\/fadeu.urantiacos.cl\/en\/?s={search_term_string}"},"query-input":{"@type":"PropertyValueSpecification","valueRequired":true,"valueName":"search_term_string"}}],"inLanguage":"en-US"},{"@type":"Person","@id":"https:\/\/fadeu.urantiacos.cl\/en\/#\/schema\/person\/d203e2e84b1c40275eac77b3061a19a2","name":"manadmin","image":{"@type":"ImageObject","inLanguage":"en-US","@id":"https:\/\/fadeu.urantiacos.cl\/en\/#\/schema\/person\/image\/","url":"https:\/\/secure.gravatar.com\/avatar\/4b1d8e3303b4a9d8968ac578947d8bc80d9aea359f388cdd4aac15cadc0e8447?s=96&d=mm&r=g","contentUrl":"https:\/\/secure.gravatar.com\/avatar\/4b1d8e3303b4a9d8968ac578947d8bc80d9aea359f388cdd4aac15cadc0e8447?s=96&d=mm&r=g","caption":"manadmin"},"sameAs":["https:\/\/fadeu.urantiacos.cl"]}]}},"_links":{"self":[{"href":"https:\/\/fadeu.urantiacos.cl\/en\/wp-json\/wp\/v2\/posts\/4911","targetHints":{"allow":["GET"]}}],"collection":[{"href":"https:\/\/fadeu.urantiacos.cl\/en\/wp-json\/wp\/v2\/posts"}],"about":[{"href":"https:\/\/fadeu.urantiacos.cl\/en\/wp-json\/wp\/v2\/types\/post"}],"author":[{"embeddable":true,"href":"https:\/\/fadeu.urantiacos.cl\/en\/wp-json\/wp\/v2\/users\/1"}],"replies":[{"embeddable":true,"href":"https:\/\/fadeu.urantiacos.cl\/en\/wp-json\/wp\/v2\/comments?post=4911"}],"version-history":[{"count":3,"href":"https:\/\/fadeu.urantiacos.cl\/en\/wp-json\/wp\/v2\/posts\/4911\/revisions"}],"predecessor-version":[{"id":17777,"href":"https:\/\/fadeu.urantiacos.cl\/en\/wp-json\/wp\/v2\/posts\/4911\/revisions\/17777"}],"wp:featuredmedia":[{"embeddable":true,"href":"https:\/\/fadeu.urantiacos.cl\/en\/wp-json\/wp\/v2\/media\/4912"}],"wp:attachment":[{"href":"https:\/\/fadeu.urantiacos.cl\/en\/wp-json\/wp\/v2\/media?parent=4911"}],"wp:term":[{"taxonomy":"category","embeddable":true,"href":"https:\/\/fadeu.urantiacos.cl\/en\/wp-json\/wp\/v2\/categories?post=4911"},{"taxonomy":"post_tag","embeddable":true,"href":"https:\/\/fadeu.urantiacos.cl\/en\/wp-json\/wp\/v2\/tags?post=4911"}],"curies":[{"name":"wp","href":"https:\/\/api.w.org\/{rel}","templated":true}]}}