{"id":4905,"date":"2022-05-17T20:49:00","date_gmt":"2022-05-17T23:49:00","guid":{"rendered":"https:\/\/fadeu.urantiacos.cl\/?p=4905"},"modified":"2023-09-04T20:51:27","modified_gmt":"2023-09-04T23:51:27","slug":"profesora-macarena-cortes-expuso-en-jornada-internacional-en-el-marco-del-sah-2022-annual-international-conference","status":"publish","type":"post","link":"https:\/\/fadeu.urantiacos.cl\/en\/2022\/05\/17\/profesora-macarena-cortes-expuso-en-jornada-internacional-en-el-marco-del-sah-2022-annual-international-conference\/","title":{"rendered":"Profesora Macarena Cort\u00e9s expuso en jornada internacional en el marco del SAH 2022 Annual International Conference"},"content":{"rendered":"\n<figure class=\"wp-block-image size-full\"><img decoding=\"async\" width=\"350\" height=\"250\" src=\"https:\/\/fadeu.urantiacos.cl\/wp-content\/uploads\/2023\/09\/Noticias_MACA.png\" alt=\"\" class=\"wp-image-4906\" srcset=\"https:\/\/fadeu.urantiacos.cl\/wp-content\/uploads\/2023\/09\/Noticias_MACA.png 350w, https:\/\/fadeu.urantiacos.cl\/wp-content\/uploads\/2023\/09\/Noticias_MACA-300x214.png 300w\" sizes=\"(max-width: 350px) 100vw, 350px\" \/><\/figure>\n\n\n\n<p>En este contexto, y en el marco de la agrupaci\u00f3n de historiadores e historiadoras de la arquitectura conocida como \u201cNuestro Norte es el Sur\u201d, que se re\u00fane virtual y presencialmente desde 2018 para discutir sobre los desaf\u00edos y oportunidades de ense\u00f1ar la historia de la arquitectura desde Am\u00e9rica Latina, expuso la profesora de la escuela de Arquitectura UC y Directora de Comunicaciones de la Facultad de Arquitectura, Dise\u00f1o y Estudioso Urbanos UC, Macarena Cort\u00e9s, una charla titulada \u201cTrayectoria de Mujeres Inmigrantes en la Arquitectura desde 1934\u201d, orientada a explorar la trayectoria de dos arquitectas mujeres Latinoamericanas (Mayumi Watanabe de Souza Lima y Montserrat Palmer Trias) que, nacidas en el mismo a\u00f1o, 1934, y provenientes de familias de inmigrantes, lograron tener un importante papel en la arquitectura y urbanismo en sus respectivos pa\u00edses, Chile y Brasil.<\/p>\n\n\n\n<p>En ambos pa\u00edses esto es constatado en diversos estudios que revisan la trayectoria disciplinar y que muestran el origen masculino de la profesi\u00f3n principalmente ejercida por varones. Estos estudios est\u00e1n centrados principalmente en exponentes europeos que llegaron a estos pa\u00edses con el fin de consolidar el desarrollo urbano durante fines del siglo XIX y principios del XX, como tambi\u00e9n por los viajes que los arquitectos de estas naciones realizaron para instruirse y viajar por Europa como referente central del desarrollo disciplinar.<\/p>\n\n\n\n<p>\u201cLa historia de la arquitectura en la regi\u00f3n presenta oportunidades y desaf\u00edos particulares para un enfoque global e interconectado\u201d, sostienen desde la agrupaci\u00f3n, y agregan que \u201cdesde los primeros habitantes de las Am\u00e9ricas hasta los desaf\u00edos contempor\u00e1neos de historizar sus restos arquitect\u00f3nicos, proponemos que la arquitectura de Am\u00e9rica Latina siempre ha sido global, pero la historizaci\u00f3n de su car\u00e1cter transnacional se ha visto limitada por ideolog\u00edas nacionalistas, largos per\u00edodos de aislamiento pol\u00edtico y falta de recursos\u201d.<\/p>\n\n\n\n<p>La agrupaci\u00f3n pens\u00f3 afrontar estos desaf\u00edos mediante la producci\u00f3n de cinco conferencias que pensaron en los intercambios y redes globales desde el punto de vista de Am\u00e9rica Latina. Los participantes de la mesa redonda presentaron y reflexionaron sobre este trabajo, que incluy\u00f3 el papel de la extracci\u00f3n en la producci\u00f3n del entorno construido, la educaci\u00f3n del arquitecto, el papel de la desigualdad en la educaci\u00f3n arquitect\u00f3nica, estudios de caso sobre g\u00e9nero y migraci\u00f3n, y los detalles de memoria y preservaci\u00f3n hist\u00f3rica en el contexto latinoamericano.<\/p>\n\n\n\n<p>Puedes revisar en el siguiente&nbsp;<a href=\"https:\/\/www.sah.org\/2022\/roundtables?_zs=0rDUd&amp;_zl=NSV63#May12\" target=\"_blank\" rel=\"noreferrer noopener\">link<\/a>&nbsp;la conferencia y la exposici\u00f3n de la profesora Cort\u00e9s.<\/p>\n\n\n\n<p>INFORMACI\u00d3N PERIOD\u00cdSTICA<br>JUAN ANDR\u00c9S INZUNZA<\/p>\n","protected":false},"excerpt":{"rendered":"<p>El pasado 12 de mayo se llev\u00f3 una nueva jornada internacional del SAH 2022 Annual International Conference, organizaci\u00f3n fundada en la Universidad de Harvard en 1940, que sirve a una red de instituciones e individuos locales, nacionales e internacionales que, por profesi\u00f3n o inter\u00e9s, se enfocan en la historia del entorno construido y su papel dando forma a la vida contempor\u00e1nea.<\/p>\n","protected":false},"author":1,"featured_media":4906,"comment_status":"open","ping_status":"open","sticky":false,"template":"","format":"standard","meta":{"_acf_changed":false,"footnotes":""},"categories":[1],"tags":[],"class_list":["post-4905","post","type-post","status-publish","format-standard","has-post-thumbnail","hentry","category-sin-categorizar"],"acf":[],"yoast_head":"<!-- This site is optimized with the Yoast SEO plugin v27.1.1 - https:\/\/yoast.com\/product\/yoast-seo-wordpress\/ -->\n<title>Profesora Macarena Cort\u00e9s expuso en jornada internacional en el marco del SAH 2022 Annual International Conference - Facultad de Arquitectura, Dise\u00f1o y Estudios Urbanos<\/title>\n<meta name=\"description\" content=\"El pasado 12 de mayo se llev\u00f3 una nueva jornada internacional del SAH 2022 Annual International Conference, organizaci\u00f3n fundada en la Universidad de Harvard en 1940, que sirve a una red de instituciones e individuos locales, nacionales e internacionales que, por profesi\u00f3n o inter\u00e9s, se enfocan en la historia del entorno construido y su papel dando forma a la vida contempor\u00e1nea.\" \/>\n<meta name=\"robots\" content=\"index, follow, max-snippet:-1, max-image-preview:large, max-video-preview:-1\" \/>\n<link rel=\"canonical\" href=\"https:\/\/fadeu.urantiacos.cl\/en\/2022\/05\/17\/profesora-macarena-cortes-expuso-en-jornada-internacional-en-el-marco-del-sah-2022-annual-international-conference\/\" \/>\n<meta property=\"og:locale\" content=\"en_US\" \/>\n<meta property=\"og:type\" content=\"article\" \/>\n<meta property=\"og:title\" content=\"Profesora Macarena Cort\u00e9s expuso en jornada internacional en el marco del SAH 2022 Annual International Conference - Facultad de Arquitectura, Dise\u00f1o y Estudios Urbanos\" \/>\n<meta property=\"og:description\" content=\"El pasado 12 de mayo se llev\u00f3 una nueva jornada internacional del SAH 2022 Annual International Conference, organizaci\u00f3n fundada en la Universidad de Harvard en 1940, que sirve a una red de instituciones e individuos locales, nacionales e internacionales que, por profesi\u00f3n o inter\u00e9s, se enfocan en la historia del entorno construido y su papel dando forma a la vida contempor\u00e1nea.\" \/>\n<meta property=\"og:url\" content=\"https:\/\/fadeu.urantiacos.cl\/en\/2022\/05\/17\/profesora-macarena-cortes-expuso-en-jornada-internacional-en-el-marco-del-sah-2022-annual-international-conference\/\" \/>\n<meta property=\"og:site_name\" content=\"Facultad de Arquitectura, Dise\u00f1o y Estudios Urbanos\" \/>\n<meta property=\"article:published_time\" content=\"2022-05-17T23:49:00+00:00\" \/>\n<meta property=\"article:modified_time\" content=\"2023-09-04T23:51:27+00:00\" \/>\n<meta property=\"og:image\" content=\"https:\/\/fadeu.urantiacos.cl\/wp-content\/uploads\/2023\/09\/Noticias_MACA.png\" \/>\n\t<meta property=\"og:image:width\" content=\"350\" \/>\n\t<meta property=\"og:image:height\" content=\"250\" \/>\n\t<meta property=\"og:image:type\" content=\"image\/png\" \/>\n<meta name=\"author\" content=\"manadmin\" \/>\n<meta name=\"twitter:card\" content=\"summary_large_image\" \/>\n<meta name=\"twitter:label1\" content=\"Written by\" \/>\n\t<meta name=\"twitter:data1\" content=\"manadmin\" \/>\n\t<meta name=\"twitter:label2\" content=\"Est. reading time\" \/>\n\t<meta name=\"twitter:data2\" content=\"2 minutes\" \/>\n<script type=\"application\/ld+json\" class=\"yoast-schema-graph\">{\"@context\":\"https:\/\/schema.org\",\"@graph\":[{\"@type\":\"Article\",\"@id\":\"https:\/\/fadeu.urantiacos.cl\/en\/2022\/05\/17\/profesora-macarena-cortes-expuso-en-jornada-internacional-en-el-marco-del-sah-2022-annual-international-conference\/#article\",\"isPartOf\":{\"@id\":\"https:\/\/fadeu.urantiacos.cl\/en\/2022\/05\/17\/profesora-macarena-cortes-expuso-en-jornada-internacional-en-el-marco-del-sah-2022-annual-international-conference\/\"},\"author\":{\"name\":\"manadmin\",\"@id\":\"https:\/\/fadeu.urantiacos.cl\/en\/#\/schema\/person\/d203e2e84b1c40275eac77b3061a19a2\"},\"headline\":\"Profesora Macarena Cort\u00e9s expuso en jornada internacional en el marco del SAH 2022 Annual International Conference\",\"datePublished\":\"2022-05-17T23:49:00+00:00\",\"dateModified\":\"2023-09-04T23:51:27+00:00\",\"mainEntityOfPage\":{\"@id\":\"https:\/\/fadeu.urantiacos.cl\/en\/2022\/05\/17\/profesora-macarena-cortes-expuso-en-jornada-internacional-en-el-marco-del-sah-2022-annual-international-conference\/\"},\"wordCount\":456,\"commentCount\":0,\"image\":{\"@id\":\"https:\/\/fadeu.urantiacos.cl\/en\/2022\/05\/17\/profesora-macarena-cortes-expuso-en-jornada-internacional-en-el-marco-del-sah-2022-annual-international-conference\/#primaryimage\"},\"thumbnailUrl\":\"https:\/\/fadeu.urantiacos.cl\/wp-content\/uploads\/2023\/09\/Noticias_MACA.png\",\"articleSection\":[\"Sin categorizar\"],\"inLanguage\":\"en-US\",\"potentialAction\":[{\"@type\":\"CommentAction\",\"name\":\"Comment\",\"target\":[\"https:\/\/fadeu.urantiacos.cl\/en\/2022\/05\/17\/profesora-macarena-cortes-expuso-en-jornada-internacional-en-el-marco-del-sah-2022-annual-international-conference\/#respond\"]}]},{\"@type\":\"WebPage\",\"@id\":\"https:\/\/fadeu.urantiacos.cl\/en\/2022\/05\/17\/profesora-macarena-cortes-expuso-en-jornada-internacional-en-el-marco-del-sah-2022-annual-international-conference\/\",\"url\":\"https:\/\/fadeu.urantiacos.cl\/en\/2022\/05\/17\/profesora-macarena-cortes-expuso-en-jornada-internacional-en-el-marco-del-sah-2022-annual-international-conference\/\",\"name\":\"Profesora Macarena Cort\u00e9s expuso en jornada internacional en el marco del SAH 2022 Annual International Conference - Facultad de Arquitectura, Dise\u00f1o y Estudios Urbanos\",\"isPartOf\":{\"@id\":\"https:\/\/fadeu.urantiacos.cl\/en\/#website\"},\"primaryImageOfPage\":{\"@id\":\"https:\/\/fadeu.urantiacos.cl\/en\/2022\/05\/17\/profesora-macarena-cortes-expuso-en-jornada-internacional-en-el-marco-del-sah-2022-annual-international-conference\/#primaryimage\"},\"image\":{\"@id\":\"https:\/\/fadeu.urantiacos.cl\/en\/2022\/05\/17\/profesora-macarena-cortes-expuso-en-jornada-internacional-en-el-marco-del-sah-2022-annual-international-conference\/#primaryimage\"},\"thumbnailUrl\":\"https:\/\/fadeu.urantiacos.cl\/wp-content\/uploads\/2023\/09\/Noticias_MACA.png\",\"datePublished\":\"2022-05-17T23:49:00+00:00\",\"dateModified\":\"2023-09-04T23:51:27+00:00\",\"author\":{\"@id\":\"https:\/\/fadeu.urantiacos.cl\/en\/#\/schema\/person\/d203e2e84b1c40275eac77b3061a19a2\"},\"description\":\"El pasado 12 de mayo se llev\u00f3 una nueva jornada internacional del SAH 2022 Annual International Conference, organizaci\u00f3n fundada en la Universidad de Harvard en 1940, que sirve a una red de instituciones e individuos locales, nacionales e internacionales que, por profesi\u00f3n o inter\u00e9s, se enfocan en la historia del entorno construido y su papel dando forma a la vida contempor\u00e1nea.\",\"breadcrumb\":{\"@id\":\"https:\/\/fadeu.urantiacos.cl\/en\/2022\/05\/17\/profesora-macarena-cortes-expuso-en-jornada-internacional-en-el-marco-del-sah-2022-annual-international-conference\/#breadcrumb\"},\"inLanguage\":\"en-US\",\"potentialAction\":[{\"@type\":\"ReadAction\",\"target\":[\"https:\/\/fadeu.urantiacos.cl\/en\/2022\/05\/17\/profesora-macarena-cortes-expuso-en-jornada-internacional-en-el-marco-del-sah-2022-annual-international-conference\/\"]}]},{\"@type\":\"ImageObject\",\"inLanguage\":\"en-US\",\"@id\":\"https:\/\/fadeu.urantiacos.cl\/en\/2022\/05\/17\/profesora-macarena-cortes-expuso-en-jornada-internacional-en-el-marco-del-sah-2022-annual-international-conference\/#primaryimage\",\"url\":\"https:\/\/fadeu.urantiacos.cl\/wp-content\/uploads\/2023\/09\/Noticias_MACA.png\",\"contentUrl\":\"https:\/\/fadeu.urantiacos.cl\/wp-content\/uploads\/2023\/09\/Noticias_MACA.png\",\"width\":350,\"height\":250},{\"@type\":\"BreadcrumbList\",\"@id\":\"https:\/\/fadeu.urantiacos.cl\/en\/2022\/05\/17\/profesora-macarena-cortes-expuso-en-jornada-internacional-en-el-marco-del-sah-2022-annual-international-conference\/#breadcrumb\",\"itemListElement\":[{\"@type\":\"ListItem\",\"position\":1,\"name\":\"Portada\",\"item\":\"https:\/\/fadeu.urantiacos.cl\/en\/\"},{\"@type\":\"ListItem\",\"position\":2,\"name\":\"Profesora Macarena Cort\u00e9s expuso en jornada internacional en el marco del SAH 2022 Annual International Conference\"}]},{\"@type\":\"WebSite\",\"@id\":\"https:\/\/fadeu.urantiacos.cl\/en\/#website\",\"url\":\"https:\/\/fadeu.urantiacos.cl\/en\/\",\"name\":\"Facultad de Arquitectura, Dise\u00f1o y Estudios Urbanos\",\"description\":\"Campus Lo Contador\",\"potentialAction\":[{\"@type\":\"SearchAction\",\"target\":{\"@type\":\"EntryPoint\",\"urlTemplate\":\"https:\/\/fadeu.urantiacos.cl\/en\/?s={search_term_string}\"},\"query-input\":{\"@type\":\"PropertyValueSpecification\",\"valueRequired\":true,\"valueName\":\"search_term_string\"}}],\"inLanguage\":\"en-US\"},{\"@type\":\"Person\",\"@id\":\"https:\/\/fadeu.urantiacos.cl\/en\/#\/schema\/person\/d203e2e84b1c40275eac77b3061a19a2\",\"name\":\"manadmin\",\"image\":{\"@type\":\"ImageObject\",\"inLanguage\":\"en-US\",\"@id\":\"https:\/\/fadeu.urantiacos.cl\/en\/#\/schema\/person\/image\/\",\"url\":\"https:\/\/secure.gravatar.com\/avatar\/4b1d8e3303b4a9d8968ac578947d8bc80d9aea359f388cdd4aac15cadc0e8447?s=96&d=mm&r=g\",\"contentUrl\":\"https:\/\/secure.gravatar.com\/avatar\/4b1d8e3303b4a9d8968ac578947d8bc80d9aea359f388cdd4aac15cadc0e8447?s=96&d=mm&r=g\",\"caption\":\"manadmin\"},\"sameAs\":[\"https:\/\/fadeu.urantiacos.cl\"]}]}<\/script>\n<!-- \/ Yoast SEO plugin. -->","yoast_head_json":{"title":"Profesora Macarena Cort\u00e9s expuso en jornada internacional en el marco del SAH 2022 Annual International Conference - Facultad de Arquitectura, Dise\u00f1o y Estudios Urbanos","description":"El pasado 12 de mayo se llev\u00f3 una nueva jornada internacional del SAH 2022 Annual International Conference, organizaci\u00f3n fundada en la Universidad de Harvard en 1940, que sirve a una red de instituciones e individuos locales, nacionales e internacionales que, por profesi\u00f3n o inter\u00e9s, se enfocan en la historia del entorno construido y su papel dando forma a la vida contempor\u00e1nea.","robots":{"index":"index","follow":"follow","max-snippet":"max-snippet:-1","max-image-preview":"max-image-preview:large","max-video-preview":"max-video-preview:-1"},"canonical":"https:\/\/fadeu.urantiacos.cl\/en\/2022\/05\/17\/profesora-macarena-cortes-expuso-en-jornada-internacional-en-el-marco-del-sah-2022-annual-international-conference\/","og_locale":"en_US","og_type":"article","og_title":"Profesora Macarena Cort\u00e9s expuso en jornada internacional en el marco del SAH 2022 Annual International Conference - Facultad de Arquitectura, Dise\u00f1o y Estudios Urbanos","og_description":"El pasado 12 de mayo se llev\u00f3 una nueva jornada internacional del SAH 2022 Annual International Conference, organizaci\u00f3n fundada en la Universidad de Harvard en 1940, que sirve a una red de instituciones e individuos locales, nacionales e internacionales que, por profesi\u00f3n o inter\u00e9s, se enfocan en la historia del entorno construido y su papel dando forma a la vida contempor\u00e1nea.","og_url":"https:\/\/fadeu.urantiacos.cl\/en\/2022\/05\/17\/profesora-macarena-cortes-expuso-en-jornada-internacional-en-el-marco-del-sah-2022-annual-international-conference\/","og_site_name":"Facultad de Arquitectura, Dise\u00f1o y Estudios Urbanos","article_published_time":"2022-05-17T23:49:00+00:00","article_modified_time":"2023-09-04T23:51:27+00:00","og_image":[{"width":350,"height":250,"url":"https:\/\/fadeu.urantiacos.cl\/wp-content\/uploads\/2023\/09\/Noticias_MACA.png","type":"image\/png"}],"author":"manadmin","twitter_card":"summary_large_image","twitter_misc":{"Written by":"manadmin","Est. reading time":"2 minutes"},"schema":{"@context":"https:\/\/schema.org","@graph":[{"@type":"Article","@id":"https:\/\/fadeu.urantiacos.cl\/en\/2022\/05\/17\/profesora-macarena-cortes-expuso-en-jornada-internacional-en-el-marco-del-sah-2022-annual-international-conference\/#article","isPartOf":{"@id":"https:\/\/fadeu.urantiacos.cl\/en\/2022\/05\/17\/profesora-macarena-cortes-expuso-en-jornada-internacional-en-el-marco-del-sah-2022-annual-international-conference\/"},"author":{"name":"manadmin","@id":"https:\/\/fadeu.urantiacos.cl\/en\/#\/schema\/person\/d203e2e84b1c40275eac77b3061a19a2"},"headline":"Profesora Macarena Cort\u00e9s expuso en jornada internacional en el marco del SAH 2022 Annual International Conference","datePublished":"2022-05-17T23:49:00+00:00","dateModified":"2023-09-04T23:51:27+00:00","mainEntityOfPage":{"@id":"https:\/\/fadeu.urantiacos.cl\/en\/2022\/05\/17\/profesora-macarena-cortes-expuso-en-jornada-internacional-en-el-marco-del-sah-2022-annual-international-conference\/"},"wordCount":456,"commentCount":0,"image":{"@id":"https:\/\/fadeu.urantiacos.cl\/en\/2022\/05\/17\/profesora-macarena-cortes-expuso-en-jornada-internacional-en-el-marco-del-sah-2022-annual-international-conference\/#primaryimage"},"thumbnailUrl":"https:\/\/fadeu.urantiacos.cl\/wp-content\/uploads\/2023\/09\/Noticias_MACA.png","articleSection":["Sin categorizar"],"inLanguage":"en-US","potentialAction":[{"@type":"CommentAction","name":"Comment","target":["https:\/\/fadeu.urantiacos.cl\/en\/2022\/05\/17\/profesora-macarena-cortes-expuso-en-jornada-internacional-en-el-marco-del-sah-2022-annual-international-conference\/#respond"]}]},{"@type":"WebPage","@id":"https:\/\/fadeu.urantiacos.cl\/en\/2022\/05\/17\/profesora-macarena-cortes-expuso-en-jornada-internacional-en-el-marco-del-sah-2022-annual-international-conference\/","url":"https:\/\/fadeu.urantiacos.cl\/en\/2022\/05\/17\/profesora-macarena-cortes-expuso-en-jornada-internacional-en-el-marco-del-sah-2022-annual-international-conference\/","name":"Profesora Macarena Cort\u00e9s expuso en jornada internacional en el marco del SAH 2022 Annual International Conference - Facultad de Arquitectura, Dise\u00f1o y Estudios Urbanos","isPartOf":{"@id":"https:\/\/fadeu.urantiacos.cl\/en\/#website"},"primaryImageOfPage":{"@id":"https:\/\/fadeu.urantiacos.cl\/en\/2022\/05\/17\/profesora-macarena-cortes-expuso-en-jornada-internacional-en-el-marco-del-sah-2022-annual-international-conference\/#primaryimage"},"image":{"@id":"https:\/\/fadeu.urantiacos.cl\/en\/2022\/05\/17\/profesora-macarena-cortes-expuso-en-jornada-internacional-en-el-marco-del-sah-2022-annual-international-conference\/#primaryimage"},"thumbnailUrl":"https:\/\/fadeu.urantiacos.cl\/wp-content\/uploads\/2023\/09\/Noticias_MACA.png","datePublished":"2022-05-17T23:49:00+00:00","dateModified":"2023-09-04T23:51:27+00:00","author":{"@id":"https:\/\/fadeu.urantiacos.cl\/en\/#\/schema\/person\/d203e2e84b1c40275eac77b3061a19a2"},"description":"El pasado 12 de mayo se llev\u00f3 una nueva jornada internacional del SAH 2022 Annual International Conference, organizaci\u00f3n fundada en la Universidad de Harvard en 1940, que sirve a una red de instituciones e individuos locales, nacionales e internacionales que, por profesi\u00f3n o inter\u00e9s, se enfocan en la historia del entorno construido y su papel dando forma a la vida contempor\u00e1nea.","breadcrumb":{"@id":"https:\/\/fadeu.urantiacos.cl\/en\/2022\/05\/17\/profesora-macarena-cortes-expuso-en-jornada-internacional-en-el-marco-del-sah-2022-annual-international-conference\/#breadcrumb"},"inLanguage":"en-US","potentialAction":[{"@type":"ReadAction","target":["https:\/\/fadeu.urantiacos.cl\/en\/2022\/05\/17\/profesora-macarena-cortes-expuso-en-jornada-internacional-en-el-marco-del-sah-2022-annual-international-conference\/"]}]},{"@type":"ImageObject","inLanguage":"en-US","@id":"https:\/\/fadeu.urantiacos.cl\/en\/2022\/05\/17\/profesora-macarena-cortes-expuso-en-jornada-internacional-en-el-marco-del-sah-2022-annual-international-conference\/#primaryimage","url":"https:\/\/fadeu.urantiacos.cl\/wp-content\/uploads\/2023\/09\/Noticias_MACA.png","contentUrl":"https:\/\/fadeu.urantiacos.cl\/wp-content\/uploads\/2023\/09\/Noticias_MACA.png","width":350,"height":250},{"@type":"BreadcrumbList","@id":"https:\/\/fadeu.urantiacos.cl\/en\/2022\/05\/17\/profesora-macarena-cortes-expuso-en-jornada-internacional-en-el-marco-del-sah-2022-annual-international-conference\/#breadcrumb","itemListElement":[{"@type":"ListItem","position":1,"name":"Portada","item":"https:\/\/fadeu.urantiacos.cl\/en\/"},{"@type":"ListItem","position":2,"name":"Profesora Macarena Cort\u00e9s expuso en jornada internacional en el marco del SAH 2022 Annual International Conference"}]},{"@type":"WebSite","@id":"https:\/\/fadeu.urantiacos.cl\/en\/#website","url":"https:\/\/fadeu.urantiacos.cl\/en\/","name":"Facultad de Arquitectura, Dise\u00f1o y Estudios Urbanos","description":"Campus Lo Contador","potentialAction":[{"@type":"SearchAction","target":{"@type":"EntryPoint","urlTemplate":"https:\/\/fadeu.urantiacos.cl\/en\/?s={search_term_string}"},"query-input":{"@type":"PropertyValueSpecification","valueRequired":true,"valueName":"search_term_string"}}],"inLanguage":"en-US"},{"@type":"Person","@id":"https:\/\/fadeu.urantiacos.cl\/en\/#\/schema\/person\/d203e2e84b1c40275eac77b3061a19a2","name":"manadmin","image":{"@type":"ImageObject","inLanguage":"en-US","@id":"https:\/\/fadeu.urantiacos.cl\/en\/#\/schema\/person\/image\/","url":"https:\/\/secure.gravatar.com\/avatar\/4b1d8e3303b4a9d8968ac578947d8bc80d9aea359f388cdd4aac15cadc0e8447?s=96&d=mm&r=g","contentUrl":"https:\/\/secure.gravatar.com\/avatar\/4b1d8e3303b4a9d8968ac578947d8bc80d9aea359f388cdd4aac15cadc0e8447?s=96&d=mm&r=g","caption":"manadmin"},"sameAs":["https:\/\/fadeu.urantiacos.cl"]}]}},"_links":{"self":[{"href":"https:\/\/fadeu.urantiacos.cl\/en\/wp-json\/wp\/v2\/posts\/4905","targetHints":{"allow":["GET"]}}],"collection":[{"href":"https:\/\/fadeu.urantiacos.cl\/en\/wp-json\/wp\/v2\/posts"}],"about":[{"href":"https:\/\/fadeu.urantiacos.cl\/en\/wp-json\/wp\/v2\/types\/post"}],"author":[{"embeddable":true,"href":"https:\/\/fadeu.urantiacos.cl\/en\/wp-json\/wp\/v2\/users\/1"}],"replies":[{"embeddable":true,"href":"https:\/\/fadeu.urantiacos.cl\/en\/wp-json\/wp\/v2\/comments?post=4905"}],"version-history":[{"count":1,"href":"https:\/\/fadeu.urantiacos.cl\/en\/wp-json\/wp\/v2\/posts\/4905\/revisions"}],"predecessor-version":[{"id":4907,"href":"https:\/\/fadeu.urantiacos.cl\/en\/wp-json\/wp\/v2\/posts\/4905\/revisions\/4907"}],"wp:featuredmedia":[{"embeddable":true,"href":"https:\/\/fadeu.urantiacos.cl\/en\/wp-json\/wp\/v2\/media\/4906"}],"wp:attachment":[{"href":"https:\/\/fadeu.urantiacos.cl\/en\/wp-json\/wp\/v2\/media?parent=4905"}],"wp:term":[{"taxonomy":"category","embeddable":true,"href":"https:\/\/fadeu.urantiacos.cl\/en\/wp-json\/wp\/v2\/categories?post=4905"},{"taxonomy":"post_tag","embeddable":true,"href":"https:\/\/fadeu.urantiacos.cl\/en\/wp-json\/wp\/v2\/tags?post=4905"}],"curies":[{"name":"wp","href":"https:\/\/api.w.org\/{rel}","templated":true}]}}