{"id":4899,"date":"2022-05-18T20:44:00","date_gmt":"2022-05-18T23:44:00","guid":{"rendered":"https:\/\/fadeu.urantiacos.cl\/?p=4899"},"modified":"2023-09-04T20:47:04","modified_gmt":"2023-09-04T23:47:04","slug":"profesor-de-la-escuela-de-arquitectura-waldo-bustamante-asume-como-director-de-cedeus","status":"publish","type":"post","link":"https:\/\/fadeu.urantiacos.cl\/en\/2022\/05\/18\/profesor-de-la-escuela-de-arquitectura-waldo-bustamante-asume-como-director-de-cedeus\/","title":{"rendered":"Profesor de la escuela de Arquitectura, Waldo Bustamante, asume como director de CEDEUS"},"content":{"rendered":"\n<figure class=\"wp-block-image size-full\"><img decoding=\"async\" width=\"350\" height=\"250\" src=\"https:\/\/fadeu.urantiacos.cl\/wp-content\/uploads\/2023\/09\/Copia_de_Noticias.png\" alt=\"\" class=\"wp-image-4900\" srcset=\"https:\/\/fadeu.urantiacos.cl\/wp-content\/uploads\/2023\/09\/Copia_de_Noticias.png 350w, https:\/\/fadeu.urantiacos.cl\/wp-content\/uploads\/2023\/09\/Copia_de_Noticias-300x214.png 300w\" sizes=\"(max-width: 350px) 100vw, 350px\" \/><\/figure>\n\n\n\n<p>Se trata del profesor de la escuela de Arquitectura, Waldo Bustamante, quien ya ha asumido como nuevo director de este Centro de Investigaci\u00f3n de Excelencia financiado por la Agencia Nacional de Investigaci\u00f3n y Desarrollo, ANID, a trav\u00e9s de su programa FONDAP.<\/p>\n\n\n\n<p>El profesor Bustamante es Doctor of Philosophy en Ciencias Aplicadas de la Universidad Cat\u00f3lica de Lovaina, B\u00e9lgica, 2001; Mag\u00edster en Desarrollo Urbano, de la Pontificia Universidad Cat\u00f3lica de Chile, 1994; Ingeniero Civil Mec\u00e1nico de la Universidad de Chile, 1985.<\/p>\n\n\n\n<p>Ejerce actualmente como Profesor Titular de la Escuela de Arquitectura, en la Facultad de Arquitectura, Dise\u00f1o y Estudios Urbanos UC.<\/p>\n\n\n\n<p><strong>CEDEUS<\/strong><\/p>\n\n\n\n<p>El Centro de Desarrollo Urbano Sustentable (CEDEUS) es un proyecto de investigaci\u00f3n asociativa, iniciado en enero de 2013, entre la Pontificia Universidad Cat\u00f3lica de Chile y la Universidad de Concepci\u00f3n.<\/p>\n\n\n\n<p>Su principal objetivo es entender las din\u00e1micas urbanas, los instrumentos y los procesos de toma de decisi\u00f3n para desarrollar mejoras sostenidas y equitativas en la calidad de vida de las personas, a trav\u00e9s del reconocimiento de los l\u00edmites biof\u00edsicos y de las demandas sociales en las ciudades chilenas.<\/p>\n\n\n\n<p>CEDEUS entiende el desarrollo urbano sustentable como un proceso a trav\u00e9s del cual las comunidades evolucionan y progresan de forma arm\u00f3nica en contexto de solidaridad intergeneracional<\/p>\n\n\n\n<p>Su misi\u00f3n es generar conocimiento cient\u00edfico interdisciplinario de frontera que permita incrementar la concientizaci\u00f3n y el fortalecimiento de la pol\u00edtica y pr\u00e1ctica del desarrollo urbano sustentable en Chile, mientras que su visi\u00f3n es convertirse en el principal referente nacional e internacional de investigaci\u00f3n, formaci\u00f3n e innovaci\u00f3n a trav\u00e9s de identificar y responder a los desaf\u00edos de desarrollo urbano sustentable en Chile.<\/p>\n\n\n\n<p>Si quieres conocer m\u00e1s del CEDEUS puedes visitar el siguiente link:&nbsp;<a href=\"https:\/\/www.cedeus.cl\/\">https:\/\/www.cedeus.cl\/<\/a><\/p>\n\n\n\n<p>INFORMACI\u00d3N PERIOD\u00cdSTICA<\/p>\n\n\n\n<p>JUAN ANDR\u00c9S INZUNZA<\/p>\n","protected":false},"excerpt":{"rendered":"<p>El Centro de Desarrollo Urbano Sustentable (CEDEUS) de la Pontificia Universidad Cat\u00f3lica de Chile y la Universidad de Concepci\u00f3n tiene nuevo director, luego de que su ex director, Juan Carlos Mu\u00f1oz, asumiera en marzo pasado el cargo de ministro de Transportes y Telecomunicaciones.<\/p>\n","protected":false},"author":1,"featured_media":4900,"comment_status":"open","ping_status":"open","sticky":false,"template":"","format":"standard","meta":{"_acf_changed":false,"footnotes":""},"categories":[1],"tags":[],"class_list":["post-4899","post","type-post","status-publish","format-standard","has-post-thumbnail","hentry","category-sin-categorizar"],"acf":[],"yoast_head":"<!-- This site is optimized with the Yoast SEO plugin v27.1.1 - https:\/\/yoast.com\/product\/yoast-seo-wordpress\/ -->\n<title>Profesor de la escuela de Arquitectura, Waldo Bustamante, asume como director de CEDEUS - Facultad de Arquitectura, Dise\u00f1o y Estudios Urbanos<\/title>\n<meta name=\"description\" content=\"El Centro de Desarrollo Urbano Sustentable (CEDEUS) de la Pontificia Universidad Cat\u00f3lica de Chile y la Universidad de Concepci\u00f3n tiene nuevo director, luego de que su ex director, Juan Carlos Mu\u00f1oz, asumiera en marzo pasado el cargo de ministro de Transportes y Telecomunicaciones.\" \/>\n<meta name=\"robots\" content=\"index, follow, max-snippet:-1, max-image-preview:large, max-video-preview:-1\" \/>\n<link rel=\"canonical\" href=\"https:\/\/fadeu.urantiacos.cl\/en\/2022\/05\/18\/profesor-de-la-escuela-de-arquitectura-waldo-bustamante-asume-como-director-de-cedeus\/\" \/>\n<meta property=\"og:locale\" content=\"en_US\" \/>\n<meta property=\"og:type\" content=\"article\" \/>\n<meta property=\"og:title\" content=\"Profesor de la escuela de Arquitectura, Waldo Bustamante, asume como director de CEDEUS - Facultad de Arquitectura, Dise\u00f1o y Estudios Urbanos\" \/>\n<meta property=\"og:description\" content=\"El Centro de Desarrollo Urbano Sustentable (CEDEUS) de la Pontificia Universidad Cat\u00f3lica de Chile y la Universidad de Concepci\u00f3n tiene nuevo director, luego de que su ex director, Juan Carlos Mu\u00f1oz, asumiera en marzo pasado el cargo de ministro de Transportes y Telecomunicaciones.\" \/>\n<meta property=\"og:url\" content=\"https:\/\/fadeu.urantiacos.cl\/en\/2022\/05\/18\/profesor-de-la-escuela-de-arquitectura-waldo-bustamante-asume-como-director-de-cedeus\/\" \/>\n<meta property=\"og:site_name\" content=\"Facultad de Arquitectura, Dise\u00f1o y Estudios Urbanos\" \/>\n<meta property=\"article:published_time\" content=\"2022-05-18T23:44:00+00:00\" \/>\n<meta property=\"article:modified_time\" content=\"2023-09-04T23:47:04+00:00\" \/>\n<meta property=\"og:image\" content=\"https:\/\/fadeu.urantiacos.cl\/wp-content\/uploads\/2023\/09\/Copia_de_Noticias.png\" \/>\n\t<meta property=\"og:image:width\" content=\"350\" \/>\n\t<meta property=\"og:image:height\" content=\"250\" \/>\n\t<meta property=\"og:image:type\" content=\"image\/png\" \/>\n<meta name=\"author\" content=\"manadmin\" \/>\n<meta name=\"twitter:card\" content=\"summary_large_image\" \/>\n<meta name=\"twitter:label1\" content=\"Written by\" \/>\n\t<meta name=\"twitter:data1\" content=\"manadmin\" \/>\n\t<meta name=\"twitter:label2\" content=\"Est. reading time\" \/>\n\t<meta name=\"twitter:data2\" content=\"2 minutes\" \/>\n<script type=\"application\/ld+json\" class=\"yoast-schema-graph\">{\"@context\":\"https:\/\/schema.org\",\"@graph\":[{\"@type\":\"Article\",\"@id\":\"https:\/\/fadeu.urantiacos.cl\/en\/2022\/05\/18\/profesor-de-la-escuela-de-arquitectura-waldo-bustamante-asume-como-director-de-cedeus\/#article\",\"isPartOf\":{\"@id\":\"https:\/\/fadeu.urantiacos.cl\/en\/2022\/05\/18\/profesor-de-la-escuela-de-arquitectura-waldo-bustamante-asume-como-director-de-cedeus\/\"},\"author\":{\"name\":\"manadmin\",\"@id\":\"https:\/\/fadeu.urantiacos.cl\/en\/#\/schema\/person\/d203e2e84b1c40275eac77b3061a19a2\"},\"headline\":\"Profesor de la escuela de Arquitectura, Waldo Bustamante, asume como director de CEDEUS\",\"datePublished\":\"2022-05-18T23:44:00+00:00\",\"dateModified\":\"2023-09-04T23:47:04+00:00\",\"mainEntityOfPage\":{\"@id\":\"https:\/\/fadeu.urantiacos.cl\/en\/2022\/05\/18\/profesor-de-la-escuela-de-arquitectura-waldo-bustamante-asume-como-director-de-cedeus\/\"},\"wordCount\":330,\"commentCount\":0,\"image\":{\"@id\":\"https:\/\/fadeu.urantiacos.cl\/en\/2022\/05\/18\/profesor-de-la-escuela-de-arquitectura-waldo-bustamante-asume-como-director-de-cedeus\/#primaryimage\"},\"thumbnailUrl\":\"https:\/\/fadeu.urantiacos.cl\/wp-content\/uploads\/2023\/09\/Copia_de_Noticias.png\",\"articleSection\":[\"Sin categorizar\"],\"inLanguage\":\"en-US\",\"potentialAction\":[{\"@type\":\"CommentAction\",\"name\":\"Comment\",\"target\":[\"https:\/\/fadeu.urantiacos.cl\/en\/2022\/05\/18\/profesor-de-la-escuela-de-arquitectura-waldo-bustamante-asume-como-director-de-cedeus\/#respond\"]}]},{\"@type\":\"WebPage\",\"@id\":\"https:\/\/fadeu.urantiacos.cl\/en\/2022\/05\/18\/profesor-de-la-escuela-de-arquitectura-waldo-bustamante-asume-como-director-de-cedeus\/\",\"url\":\"https:\/\/fadeu.urantiacos.cl\/en\/2022\/05\/18\/profesor-de-la-escuela-de-arquitectura-waldo-bustamante-asume-como-director-de-cedeus\/\",\"name\":\"Profesor de la escuela de Arquitectura, Waldo Bustamante, asume como director de CEDEUS - Facultad de Arquitectura, Dise\u00f1o y Estudios Urbanos\",\"isPartOf\":{\"@id\":\"https:\/\/fadeu.urantiacos.cl\/en\/#website\"},\"primaryImageOfPage\":{\"@id\":\"https:\/\/fadeu.urantiacos.cl\/en\/2022\/05\/18\/profesor-de-la-escuela-de-arquitectura-waldo-bustamante-asume-como-director-de-cedeus\/#primaryimage\"},\"image\":{\"@id\":\"https:\/\/fadeu.urantiacos.cl\/en\/2022\/05\/18\/profesor-de-la-escuela-de-arquitectura-waldo-bustamante-asume-como-director-de-cedeus\/#primaryimage\"},\"thumbnailUrl\":\"https:\/\/fadeu.urantiacos.cl\/wp-content\/uploads\/2023\/09\/Copia_de_Noticias.png\",\"datePublished\":\"2022-05-18T23:44:00+00:00\",\"dateModified\":\"2023-09-04T23:47:04+00:00\",\"author\":{\"@id\":\"https:\/\/fadeu.urantiacos.cl\/en\/#\/schema\/person\/d203e2e84b1c40275eac77b3061a19a2\"},\"description\":\"El Centro de Desarrollo Urbano Sustentable (CEDEUS) de la Pontificia Universidad Cat\u00f3lica de Chile y la Universidad de Concepci\u00f3n tiene nuevo director, luego de que su ex director, Juan Carlos Mu\u00f1oz, asumiera en marzo pasado el cargo de ministro de Transportes y Telecomunicaciones.\",\"breadcrumb\":{\"@id\":\"https:\/\/fadeu.urantiacos.cl\/en\/2022\/05\/18\/profesor-de-la-escuela-de-arquitectura-waldo-bustamante-asume-como-director-de-cedeus\/#breadcrumb\"},\"inLanguage\":\"en-US\",\"potentialAction\":[{\"@type\":\"ReadAction\",\"target\":[\"https:\/\/fadeu.urantiacos.cl\/en\/2022\/05\/18\/profesor-de-la-escuela-de-arquitectura-waldo-bustamante-asume-como-director-de-cedeus\/\"]}]},{\"@type\":\"ImageObject\",\"inLanguage\":\"en-US\",\"@id\":\"https:\/\/fadeu.urantiacos.cl\/en\/2022\/05\/18\/profesor-de-la-escuela-de-arquitectura-waldo-bustamante-asume-como-director-de-cedeus\/#primaryimage\",\"url\":\"https:\/\/fadeu.urantiacos.cl\/wp-content\/uploads\/2023\/09\/Copia_de_Noticias.png\",\"contentUrl\":\"https:\/\/fadeu.urantiacos.cl\/wp-content\/uploads\/2023\/09\/Copia_de_Noticias.png\",\"width\":350,\"height\":250},{\"@type\":\"BreadcrumbList\",\"@id\":\"https:\/\/fadeu.urantiacos.cl\/en\/2022\/05\/18\/profesor-de-la-escuela-de-arquitectura-waldo-bustamante-asume-como-director-de-cedeus\/#breadcrumb\",\"itemListElement\":[{\"@type\":\"ListItem\",\"position\":1,\"name\":\"Portada\",\"item\":\"https:\/\/fadeu.urantiacos.cl\/en\/\"},{\"@type\":\"ListItem\",\"position\":2,\"name\":\"Profesor de la escuela de Arquitectura, Waldo Bustamante, asume como director de CEDEUS\"}]},{\"@type\":\"WebSite\",\"@id\":\"https:\/\/fadeu.urantiacos.cl\/en\/#website\",\"url\":\"https:\/\/fadeu.urantiacos.cl\/en\/\",\"name\":\"Facultad de Arquitectura, Dise\u00f1o y Estudios Urbanos\",\"description\":\"Campus Lo Contador\",\"potentialAction\":[{\"@type\":\"SearchAction\",\"target\":{\"@type\":\"EntryPoint\",\"urlTemplate\":\"https:\/\/fadeu.urantiacos.cl\/en\/?s={search_term_string}\"},\"query-input\":{\"@type\":\"PropertyValueSpecification\",\"valueRequired\":true,\"valueName\":\"search_term_string\"}}],\"inLanguage\":\"en-US\"},{\"@type\":\"Person\",\"@id\":\"https:\/\/fadeu.urantiacos.cl\/en\/#\/schema\/person\/d203e2e84b1c40275eac77b3061a19a2\",\"name\":\"manadmin\",\"image\":{\"@type\":\"ImageObject\",\"inLanguage\":\"en-US\",\"@id\":\"https:\/\/fadeu.urantiacos.cl\/en\/#\/schema\/person\/image\/\",\"url\":\"https:\/\/secure.gravatar.com\/avatar\/4b1d8e3303b4a9d8968ac578947d8bc80d9aea359f388cdd4aac15cadc0e8447?s=96&d=mm&r=g\",\"contentUrl\":\"https:\/\/secure.gravatar.com\/avatar\/4b1d8e3303b4a9d8968ac578947d8bc80d9aea359f388cdd4aac15cadc0e8447?s=96&d=mm&r=g\",\"caption\":\"manadmin\"},\"sameAs\":[\"https:\/\/fadeu.urantiacos.cl\"]}]}<\/script>\n<!-- \/ Yoast SEO plugin. -->","yoast_head_json":{"title":"Profesor de la escuela de Arquitectura, Waldo Bustamante, asume como director de CEDEUS - Facultad de Arquitectura, Dise\u00f1o y Estudios Urbanos","description":"El Centro de Desarrollo Urbano Sustentable (CEDEUS) de la Pontificia Universidad Cat\u00f3lica de Chile y la Universidad de Concepci\u00f3n tiene nuevo director, luego de que su ex director, Juan Carlos Mu\u00f1oz, asumiera en marzo pasado el cargo de ministro de Transportes y Telecomunicaciones.","robots":{"index":"index","follow":"follow","max-snippet":"max-snippet:-1","max-image-preview":"max-image-preview:large","max-video-preview":"max-video-preview:-1"},"canonical":"https:\/\/fadeu.urantiacos.cl\/en\/2022\/05\/18\/profesor-de-la-escuela-de-arquitectura-waldo-bustamante-asume-como-director-de-cedeus\/","og_locale":"en_US","og_type":"article","og_title":"Profesor de la escuela de Arquitectura, Waldo Bustamante, asume como director de CEDEUS - Facultad de Arquitectura, Dise\u00f1o y Estudios Urbanos","og_description":"El Centro de Desarrollo Urbano Sustentable (CEDEUS) de la Pontificia Universidad Cat\u00f3lica de Chile y la Universidad de Concepci\u00f3n tiene nuevo director, luego de que su ex director, Juan Carlos Mu\u00f1oz, asumiera en marzo pasado el cargo de ministro de Transportes y Telecomunicaciones.","og_url":"https:\/\/fadeu.urantiacos.cl\/en\/2022\/05\/18\/profesor-de-la-escuela-de-arquitectura-waldo-bustamante-asume-como-director-de-cedeus\/","og_site_name":"Facultad de Arquitectura, Dise\u00f1o y Estudios Urbanos","article_published_time":"2022-05-18T23:44:00+00:00","article_modified_time":"2023-09-04T23:47:04+00:00","og_image":[{"width":350,"height":250,"url":"https:\/\/fadeu.urantiacos.cl\/wp-content\/uploads\/2023\/09\/Copia_de_Noticias.png","type":"image\/png"}],"author":"manadmin","twitter_card":"summary_large_image","twitter_misc":{"Written by":"manadmin","Est. reading time":"2 minutes"},"schema":{"@context":"https:\/\/schema.org","@graph":[{"@type":"Article","@id":"https:\/\/fadeu.urantiacos.cl\/en\/2022\/05\/18\/profesor-de-la-escuela-de-arquitectura-waldo-bustamante-asume-como-director-de-cedeus\/#article","isPartOf":{"@id":"https:\/\/fadeu.urantiacos.cl\/en\/2022\/05\/18\/profesor-de-la-escuela-de-arquitectura-waldo-bustamante-asume-como-director-de-cedeus\/"},"author":{"name":"manadmin","@id":"https:\/\/fadeu.urantiacos.cl\/en\/#\/schema\/person\/d203e2e84b1c40275eac77b3061a19a2"},"headline":"Profesor de la escuela de Arquitectura, Waldo Bustamante, asume como director de CEDEUS","datePublished":"2022-05-18T23:44:00+00:00","dateModified":"2023-09-04T23:47:04+00:00","mainEntityOfPage":{"@id":"https:\/\/fadeu.urantiacos.cl\/en\/2022\/05\/18\/profesor-de-la-escuela-de-arquitectura-waldo-bustamante-asume-como-director-de-cedeus\/"},"wordCount":330,"commentCount":0,"image":{"@id":"https:\/\/fadeu.urantiacos.cl\/en\/2022\/05\/18\/profesor-de-la-escuela-de-arquitectura-waldo-bustamante-asume-como-director-de-cedeus\/#primaryimage"},"thumbnailUrl":"https:\/\/fadeu.urantiacos.cl\/wp-content\/uploads\/2023\/09\/Copia_de_Noticias.png","articleSection":["Sin categorizar"],"inLanguage":"en-US","potentialAction":[{"@type":"CommentAction","name":"Comment","target":["https:\/\/fadeu.urantiacos.cl\/en\/2022\/05\/18\/profesor-de-la-escuela-de-arquitectura-waldo-bustamante-asume-como-director-de-cedeus\/#respond"]}]},{"@type":"WebPage","@id":"https:\/\/fadeu.urantiacos.cl\/en\/2022\/05\/18\/profesor-de-la-escuela-de-arquitectura-waldo-bustamante-asume-como-director-de-cedeus\/","url":"https:\/\/fadeu.urantiacos.cl\/en\/2022\/05\/18\/profesor-de-la-escuela-de-arquitectura-waldo-bustamante-asume-como-director-de-cedeus\/","name":"Profesor de la escuela de Arquitectura, Waldo Bustamante, asume como director de CEDEUS - Facultad de Arquitectura, Dise\u00f1o y Estudios Urbanos","isPartOf":{"@id":"https:\/\/fadeu.urantiacos.cl\/en\/#website"},"primaryImageOfPage":{"@id":"https:\/\/fadeu.urantiacos.cl\/en\/2022\/05\/18\/profesor-de-la-escuela-de-arquitectura-waldo-bustamante-asume-como-director-de-cedeus\/#primaryimage"},"image":{"@id":"https:\/\/fadeu.urantiacos.cl\/en\/2022\/05\/18\/profesor-de-la-escuela-de-arquitectura-waldo-bustamante-asume-como-director-de-cedeus\/#primaryimage"},"thumbnailUrl":"https:\/\/fadeu.urantiacos.cl\/wp-content\/uploads\/2023\/09\/Copia_de_Noticias.png","datePublished":"2022-05-18T23:44:00+00:00","dateModified":"2023-09-04T23:47:04+00:00","author":{"@id":"https:\/\/fadeu.urantiacos.cl\/en\/#\/schema\/person\/d203e2e84b1c40275eac77b3061a19a2"},"description":"El Centro de Desarrollo Urbano Sustentable (CEDEUS) de la Pontificia Universidad Cat\u00f3lica de Chile y la Universidad de Concepci\u00f3n tiene nuevo director, luego de que su ex director, Juan Carlos Mu\u00f1oz, asumiera en marzo pasado el cargo de ministro de Transportes y Telecomunicaciones.","breadcrumb":{"@id":"https:\/\/fadeu.urantiacos.cl\/en\/2022\/05\/18\/profesor-de-la-escuela-de-arquitectura-waldo-bustamante-asume-como-director-de-cedeus\/#breadcrumb"},"inLanguage":"en-US","potentialAction":[{"@type":"ReadAction","target":["https:\/\/fadeu.urantiacos.cl\/en\/2022\/05\/18\/profesor-de-la-escuela-de-arquitectura-waldo-bustamante-asume-como-director-de-cedeus\/"]}]},{"@type":"ImageObject","inLanguage":"en-US","@id":"https:\/\/fadeu.urantiacos.cl\/en\/2022\/05\/18\/profesor-de-la-escuela-de-arquitectura-waldo-bustamante-asume-como-director-de-cedeus\/#primaryimage","url":"https:\/\/fadeu.urantiacos.cl\/wp-content\/uploads\/2023\/09\/Copia_de_Noticias.png","contentUrl":"https:\/\/fadeu.urantiacos.cl\/wp-content\/uploads\/2023\/09\/Copia_de_Noticias.png","width":350,"height":250},{"@type":"BreadcrumbList","@id":"https:\/\/fadeu.urantiacos.cl\/en\/2022\/05\/18\/profesor-de-la-escuela-de-arquitectura-waldo-bustamante-asume-como-director-de-cedeus\/#breadcrumb","itemListElement":[{"@type":"ListItem","position":1,"name":"Portada","item":"https:\/\/fadeu.urantiacos.cl\/en\/"},{"@type":"ListItem","position":2,"name":"Profesor de la escuela de Arquitectura, Waldo Bustamante, asume como director de CEDEUS"}]},{"@type":"WebSite","@id":"https:\/\/fadeu.urantiacos.cl\/en\/#website","url":"https:\/\/fadeu.urantiacos.cl\/en\/","name":"Facultad de Arquitectura, Dise\u00f1o y Estudios Urbanos","description":"Campus Lo Contador","potentialAction":[{"@type":"SearchAction","target":{"@type":"EntryPoint","urlTemplate":"https:\/\/fadeu.urantiacos.cl\/en\/?s={search_term_string}"},"query-input":{"@type":"PropertyValueSpecification","valueRequired":true,"valueName":"search_term_string"}}],"inLanguage":"en-US"},{"@type":"Person","@id":"https:\/\/fadeu.urantiacos.cl\/en\/#\/schema\/person\/d203e2e84b1c40275eac77b3061a19a2","name":"manadmin","image":{"@type":"ImageObject","inLanguage":"en-US","@id":"https:\/\/fadeu.urantiacos.cl\/en\/#\/schema\/person\/image\/","url":"https:\/\/secure.gravatar.com\/avatar\/4b1d8e3303b4a9d8968ac578947d8bc80d9aea359f388cdd4aac15cadc0e8447?s=96&d=mm&r=g","contentUrl":"https:\/\/secure.gravatar.com\/avatar\/4b1d8e3303b4a9d8968ac578947d8bc80d9aea359f388cdd4aac15cadc0e8447?s=96&d=mm&r=g","caption":"manadmin"},"sameAs":["https:\/\/fadeu.urantiacos.cl"]}]}},"_links":{"self":[{"href":"https:\/\/fadeu.urantiacos.cl\/en\/wp-json\/wp\/v2\/posts\/4899","targetHints":{"allow":["GET"]}}],"collection":[{"href":"https:\/\/fadeu.urantiacos.cl\/en\/wp-json\/wp\/v2\/posts"}],"about":[{"href":"https:\/\/fadeu.urantiacos.cl\/en\/wp-json\/wp\/v2\/types\/post"}],"author":[{"embeddable":true,"href":"https:\/\/fadeu.urantiacos.cl\/en\/wp-json\/wp\/v2\/users\/1"}],"replies":[{"embeddable":true,"href":"https:\/\/fadeu.urantiacos.cl\/en\/wp-json\/wp\/v2\/comments?post=4899"}],"version-history":[{"count":1,"href":"https:\/\/fadeu.urantiacos.cl\/en\/wp-json\/wp\/v2\/posts\/4899\/revisions"}],"predecessor-version":[{"id":4901,"href":"https:\/\/fadeu.urantiacos.cl\/en\/wp-json\/wp\/v2\/posts\/4899\/revisions\/4901"}],"wp:featuredmedia":[{"embeddable":true,"href":"https:\/\/fadeu.urantiacos.cl\/en\/wp-json\/wp\/v2\/media\/4900"}],"wp:attachment":[{"href":"https:\/\/fadeu.urantiacos.cl\/en\/wp-json\/wp\/v2\/media?parent=4899"}],"wp:term":[{"taxonomy":"category","embeddable":true,"href":"https:\/\/fadeu.urantiacos.cl\/en\/wp-json\/wp\/v2\/categories?post=4899"},{"taxonomy":"post_tag","embeddable":true,"href":"https:\/\/fadeu.urantiacos.cl\/en\/wp-json\/wp\/v2\/tags?post=4899"}],"curies":[{"name":"wp","href":"https:\/\/api.w.org\/{rel}","templated":true}]}}