{"id":4895,"date":"2022-05-19T20:42:00","date_gmt":"2022-05-19T23:42:00","guid":{"rendered":"https:\/\/fadeu.urantiacos.cl\/?p=4895"},"modified":"2023-09-04T20:44:28","modified_gmt":"2023-09-04T23:44:28","slug":"profesora-alejandra-bosch-asume-como-jefa-del-magister-en-arquitectura-del-paisaje","status":"publish","type":"post","link":"https:\/\/fadeu.urantiacos.cl\/en\/2022\/05\/19\/profesora-alejandra-bosch-asume-como-jefa-del-magister-en-arquitectura-del-paisaje\/","title":{"rendered":"Profesora Alejandra Bosch asume como jefa del Mag\u00edster en Arquitectura del Paisaje"},"content":{"rendered":"\n<figure class=\"wp-block-image size-full\"><img decoding=\"async\" width=\"350\" height=\"250\" src=\"https:\/\/fadeu.urantiacos.cl\/wp-content\/uploads\/2023\/09\/Edificio_ARQ_2022.jpg\" alt=\"\" class=\"wp-image-4897\" srcset=\"https:\/\/fadeu.urantiacos.cl\/wp-content\/uploads\/2023\/09\/Edificio_ARQ_2022.jpg 350w, https:\/\/fadeu.urantiacos.cl\/wp-content\/uploads\/2023\/09\/Edificio_ARQ_2022-300x214.jpg 300w\" sizes=\"(max-width: 350px) 100vw, 350px\" \/><\/figure>\n\n\n\n<p>La profesora Bosch es arquitecta de la Pontifica Universidad Cat\u00f3lica y Master in Arts, Landscape Urbanism, Aquitectural Association.<\/p>\n\n\n\n<p>\u201cRecibo el nombramiento con mucha alegr\u00eda, despu\u00e9s de jefaturas de personas tan queridas como Danilo Martic y Osvaldo Moreno que han llevado al MAPA a ser un programa innovador y pionero en la disciplina de la Arquitectura del Paisaje en Latinoamerica, convirtiendose en referente en esta materia tanto en investigaciones como en&nbsp; la generaci\u00f3n de profesionales destacados\u201d asever\u00f3 Bosch, agregando que \u201cestamos en pleno proceso de acreditaci\u00f3n, lo que significa, por un lado, un gran esfuerzo de recopilaci\u00f3n de antecedentes y an\u00e1lisis de evaluaci\u00f3n interna, pero tambi\u00e9n nos ha permitido como equipo de profesores del MAPA reflexionar sobre c\u00f3mo queremos seguir creciendo en los pr\u00f3ximos a\u00f1os\u201d.<\/p>\n\n\n\n<p>Bosch es docente del \u00e1rea de taller y representaci\u00f3n de la Escuela de Arquitectura UC, tanto en pregrado como en el Magister en Arquitectura del Paisaje (MAPA). Se ha desempe\u00f1ado como acad\u00e9mica tambi\u00e9n en la Universidad Diego Portales y en la Architectural Association. Su \u00e1rea de investigaci\u00f3n se ha centrado en la representaci\u00f3n de infraestructura y paisaje como una ecolog\u00eda compleja. Ha trabajado en proyectos de Arquitectura del paisaje, urbanismo y arquitectura en Chile, China, Dubai, Qatar, Reino Unido, destac\u00e1ndose el proyecto de Longgang City en China para Groundlab.<\/p>\n\n\n\n<p>Sobre la proyecci\u00f3n del Mag\u00edster, Bosch explic\u00f3 que \u201cel pr\u00f3ximo a\u00f1o el MAPA cumple 15 a\u00f1os desde su creaci\u00f3n y me alegra mucho poder conducirlo en este periodo, donde creo que es importante reflexionar primero sobre c\u00f3mo llegamos hasta aqu\u00ed, celebrando a quienes han ayudado a formar el MAPA, desde los inicios del post\u00edtulo en Arquitectura del Paisaje y las primeras aproximaciones a la disciplina tra\u00eddas por Esmee Cromie hace mucho m\u00e1s tiempo a nuestra escuela. Y luego me interesa poder establecer c\u00f3mo nos enfrentamos como programa hacia adelante creando una agenda de extensi\u00f3n frente a la grave crisis clim\u00e1tica sobre la cual estamos obligados a actuar. Creo que el MAPA tiene la posibilidad de entregarle herramientas claves a nuestros alumnos para que a trav\u00e9s de estrategias de paisaje puedan enfrentar esta realidad\u201d.<\/p>\n\n\n\n<p><strong>MAPA<\/strong><\/p>\n\n\n\n<p>El MAPA est\u00e1 dirigido a licenciados y titulados de las \u00e1reas de arquitectura, urbanismo, planificaci\u00f3n territorial, paisajismo, construcci\u00f3n, ingenier\u00eda, ciencias ambientales y ciencias sociales, promoviendo la aproximaci\u00f3n a la arquitectura del paisaje como s\u00edntesis de diversos enfoques disciplinares.<\/p>\n\n\n\n<p>Entre las habilidades y competencias que adquiere el graduado del MAPA, est\u00e1n:<\/p>\n\n\n\n<p>&#8211;&nbsp;&nbsp;&nbsp;&nbsp;&nbsp;&nbsp; Capacidad de manejar un marco te\u00f3rico-conceptual en torno a la noci\u00f3n de paisaje, a partir de una reflexi\u00f3n cr\u00edtica que nutra la producci\u00f3n de investigaci\u00f3n y proyecto, constituy\u00e9ndose como detonante para la construcci\u00f3n de conocimiento en el \u00e1mbito de la arquitectura del paisaje.<\/p>\n\n\n\n<p>&#8211;&nbsp;&nbsp;&nbsp;&nbsp;&nbsp;&nbsp; Capacidad de desarrollar estrategias metodol\u00f3gicas en materia de evaluaci\u00f3n, dise\u00f1o y gesti\u00f3n de proyectos y estudios de paisaje, orientadas a atender problem\u00e1ticas urbanas, ecol\u00f3gicas y socioculturales en diversos contextos y escalas del territorio.<\/p>\n\n\n\n<p>&#8211;&nbsp;&nbsp;&nbsp;&nbsp;&nbsp;&nbsp; Capacidad de aplicar t\u00e9cnicas y herramientas de representaci\u00f3n y dise\u00f1o del paisaje, que permitan comprender y expresar las variables ecol\u00f3gicas, socioculturales, econ\u00f3micas y est\u00e9ticas que intervienen en el marco de estudios conducentes a iniciativas de investigaci\u00f3n y proyecto.<\/p>\n\n\n\n<p>Si quieres conocer m\u00e1s de este programa puedes ver el siguiente link:&nbsp;<a href=\"http:\/\/magisterarq.cl\/programas\/magister-en-arquitectura-del-paisaje\/\">http:\/\/magisterarq.cl\/programas\/magister-en-arquitectura-del-paisaje\/<\/a><\/p>\n\n\n\n<p>Por otro lado, se han ratificado en sus cargos Arturo Lyon (jefe de Talleres), la profesora Alejandra Celed\u00f3n (jefa Mag\u00edster en Arquitectura), del profesor Antonio Lipthay (jefe Mag\u00edster en Proyecto Urbano) y del profesor Claudio V\u00e1squez (jefe Mag\u00edster en Arquitectura Sustentable y Energ\u00eda).&nbsp;<\/p>\n\n\n\n<p>INFORMACI\u00d3N PERIOD\u00cdSTICA<br>JUAN ANDR\u00c9S INZUNZa<\/p>\n","protected":false},"excerpt":{"rendered":"<p>La profesora Alejandra Bosch ha sido presentada como nueva jefa del Mag\u00edster en Arquitectura del Paisaje (MAPA), en reemplazo del profesor Osvaldo Moreno (quien asumi\u00f3 el cargo de Subdirector Acad\u00e9mico de la escuela de Arquitectura).<\/p>\n","protected":false},"author":1,"featured_media":4897,"comment_status":"open","ping_status":"open","sticky":false,"template":"","format":"standard","meta":{"_acf_changed":false,"footnotes":""},"categories":[1],"tags":[],"class_list":["post-4895","post","type-post","status-publish","format-standard","has-post-thumbnail","hentry","category-sin-categorizar"],"acf":[],"yoast_head":"<!-- This site is optimized with the Yoast SEO plugin v27.1.1 - https:\/\/yoast.com\/product\/yoast-seo-wordpress\/ -->\n<title>Profesora Alejandra Bosch asume como jefa del Mag\u00edster en Arquitectura del Paisaje - Facultad de Arquitectura, Dise\u00f1o y Estudios Urbanos<\/title>\n<meta name=\"description\" content=\"La profesora Alejandra Bosch ha sido presentada como nueva jefa del Mag\u00edster en Arquitectura del Paisaje (MAPA), en reemplazo del profesor Osvaldo Moreno (quien asumi\u00f3 el cargo de Subdirector Acad\u00e9mico de la escuela de Arquitectura).\" \/>\n<meta name=\"robots\" content=\"index, follow, max-snippet:-1, max-image-preview:large, max-video-preview:-1\" \/>\n<link rel=\"canonical\" href=\"https:\/\/fadeu.urantiacos.cl\/en\/2022\/05\/19\/profesora-alejandra-bosch-asume-como-jefa-del-magister-en-arquitectura-del-paisaje\/\" \/>\n<meta property=\"og:locale\" content=\"en_US\" \/>\n<meta property=\"og:type\" content=\"article\" \/>\n<meta property=\"og:title\" content=\"Profesora Alejandra Bosch asume como jefa del Mag\u00edster en Arquitectura del Paisaje - Facultad de Arquitectura, Dise\u00f1o y Estudios Urbanos\" \/>\n<meta property=\"og:description\" content=\"La profesora Alejandra Bosch ha sido presentada como nueva jefa del Mag\u00edster en Arquitectura del Paisaje (MAPA), en reemplazo del profesor Osvaldo Moreno (quien asumi\u00f3 el cargo de Subdirector Acad\u00e9mico de la escuela de Arquitectura).\" \/>\n<meta property=\"og:url\" content=\"https:\/\/fadeu.urantiacos.cl\/en\/2022\/05\/19\/profesora-alejandra-bosch-asume-como-jefa-del-magister-en-arquitectura-del-paisaje\/\" \/>\n<meta property=\"og:site_name\" content=\"Facultad de Arquitectura, Dise\u00f1o y Estudios Urbanos\" \/>\n<meta property=\"article:published_time\" content=\"2022-05-19T23:42:00+00:00\" \/>\n<meta property=\"article:modified_time\" content=\"2023-09-04T23:44:28+00:00\" \/>\n<meta property=\"og:image\" content=\"https:\/\/fadeu.urantiacos.cl\/wp-content\/uploads\/2023\/09\/Edificio_ARQ_2022.jpg\" \/>\n\t<meta property=\"og:image:width\" content=\"350\" \/>\n\t<meta property=\"og:image:height\" content=\"250\" \/>\n\t<meta property=\"og:image:type\" content=\"image\/jpeg\" \/>\n<meta name=\"author\" content=\"manadmin\" \/>\n<meta name=\"twitter:card\" content=\"summary_large_image\" \/>\n<meta name=\"twitter:label1\" content=\"Written by\" \/>\n\t<meta name=\"twitter:data1\" content=\"manadmin\" \/>\n\t<meta name=\"twitter:label2\" content=\"Est. reading time\" \/>\n\t<meta name=\"twitter:data2\" content=\"3 minutes\" \/>\n<script type=\"application\/ld+json\" class=\"yoast-schema-graph\">{\"@context\":\"https:\/\/schema.org\",\"@graph\":[{\"@type\":\"Article\",\"@id\":\"https:\/\/fadeu.urantiacos.cl\/en\/2022\/05\/19\/profesora-alejandra-bosch-asume-como-jefa-del-magister-en-arquitectura-del-paisaje\/#article\",\"isPartOf\":{\"@id\":\"https:\/\/fadeu.urantiacos.cl\/en\/2022\/05\/19\/profesora-alejandra-bosch-asume-como-jefa-del-magister-en-arquitectura-del-paisaje\/\"},\"author\":{\"name\":\"manadmin\",\"@id\":\"https:\/\/fadeu.urantiacos.cl\/en\/#\/schema\/person\/d203e2e84b1c40275eac77b3061a19a2\"},\"headline\":\"Profesora Alejandra Bosch asume como jefa del Mag\u00edster en Arquitectura del Paisaje\",\"datePublished\":\"2022-05-19T23:42:00+00:00\",\"dateModified\":\"2023-09-04T23:44:28+00:00\",\"mainEntityOfPage\":{\"@id\":\"https:\/\/fadeu.urantiacos.cl\/en\/2022\/05\/19\/profesora-alejandra-bosch-asume-como-jefa-del-magister-en-arquitectura-del-paisaje\/\"},\"wordCount\":682,\"commentCount\":0,\"image\":{\"@id\":\"https:\/\/fadeu.urantiacos.cl\/en\/2022\/05\/19\/profesora-alejandra-bosch-asume-como-jefa-del-magister-en-arquitectura-del-paisaje\/#primaryimage\"},\"thumbnailUrl\":\"https:\/\/fadeu.urantiacos.cl\/wp-content\/uploads\/2023\/09\/Edificio_ARQ_2022.jpg\",\"articleSection\":[\"Sin categorizar\"],\"inLanguage\":\"en-US\",\"potentialAction\":[{\"@type\":\"CommentAction\",\"name\":\"Comment\",\"target\":[\"https:\/\/fadeu.urantiacos.cl\/en\/2022\/05\/19\/profesora-alejandra-bosch-asume-como-jefa-del-magister-en-arquitectura-del-paisaje\/#respond\"]}]},{\"@type\":\"WebPage\",\"@id\":\"https:\/\/fadeu.urantiacos.cl\/en\/2022\/05\/19\/profesora-alejandra-bosch-asume-como-jefa-del-magister-en-arquitectura-del-paisaje\/\",\"url\":\"https:\/\/fadeu.urantiacos.cl\/en\/2022\/05\/19\/profesora-alejandra-bosch-asume-como-jefa-del-magister-en-arquitectura-del-paisaje\/\",\"name\":\"Profesora Alejandra Bosch asume como jefa del Mag\u00edster en Arquitectura del Paisaje - Facultad de Arquitectura, Dise\u00f1o y Estudios Urbanos\",\"isPartOf\":{\"@id\":\"https:\/\/fadeu.urantiacos.cl\/en\/#website\"},\"primaryImageOfPage\":{\"@id\":\"https:\/\/fadeu.urantiacos.cl\/en\/2022\/05\/19\/profesora-alejandra-bosch-asume-como-jefa-del-magister-en-arquitectura-del-paisaje\/#primaryimage\"},\"image\":{\"@id\":\"https:\/\/fadeu.urantiacos.cl\/en\/2022\/05\/19\/profesora-alejandra-bosch-asume-como-jefa-del-magister-en-arquitectura-del-paisaje\/#primaryimage\"},\"thumbnailUrl\":\"https:\/\/fadeu.urantiacos.cl\/wp-content\/uploads\/2023\/09\/Edificio_ARQ_2022.jpg\",\"datePublished\":\"2022-05-19T23:42:00+00:00\",\"dateModified\":\"2023-09-04T23:44:28+00:00\",\"author\":{\"@id\":\"https:\/\/fadeu.urantiacos.cl\/en\/#\/schema\/person\/d203e2e84b1c40275eac77b3061a19a2\"},\"description\":\"La profesora Alejandra Bosch ha sido presentada como nueva jefa del Mag\u00edster en Arquitectura del Paisaje (MAPA), en reemplazo del profesor Osvaldo Moreno (quien asumi\u00f3 el cargo de Subdirector Acad\u00e9mico de la escuela de Arquitectura).\",\"breadcrumb\":{\"@id\":\"https:\/\/fadeu.urantiacos.cl\/en\/2022\/05\/19\/profesora-alejandra-bosch-asume-como-jefa-del-magister-en-arquitectura-del-paisaje\/#breadcrumb\"},\"inLanguage\":\"en-US\",\"potentialAction\":[{\"@type\":\"ReadAction\",\"target\":[\"https:\/\/fadeu.urantiacos.cl\/en\/2022\/05\/19\/profesora-alejandra-bosch-asume-como-jefa-del-magister-en-arquitectura-del-paisaje\/\"]}]},{\"@type\":\"ImageObject\",\"inLanguage\":\"en-US\",\"@id\":\"https:\/\/fadeu.urantiacos.cl\/en\/2022\/05\/19\/profesora-alejandra-bosch-asume-como-jefa-del-magister-en-arquitectura-del-paisaje\/#primaryimage\",\"url\":\"https:\/\/fadeu.urantiacos.cl\/wp-content\/uploads\/2023\/09\/Edificio_ARQ_2022.jpg\",\"contentUrl\":\"https:\/\/fadeu.urantiacos.cl\/wp-content\/uploads\/2023\/09\/Edificio_ARQ_2022.jpg\",\"width\":350,\"height\":250},{\"@type\":\"BreadcrumbList\",\"@id\":\"https:\/\/fadeu.urantiacos.cl\/en\/2022\/05\/19\/profesora-alejandra-bosch-asume-como-jefa-del-magister-en-arquitectura-del-paisaje\/#breadcrumb\",\"itemListElement\":[{\"@type\":\"ListItem\",\"position\":1,\"name\":\"Portada\",\"item\":\"https:\/\/fadeu.urantiacos.cl\/en\/\"},{\"@type\":\"ListItem\",\"position\":2,\"name\":\"Profesora Alejandra Bosch asume como jefa del Mag\u00edster en Arquitectura del Paisaje\"}]},{\"@type\":\"WebSite\",\"@id\":\"https:\/\/fadeu.urantiacos.cl\/en\/#website\",\"url\":\"https:\/\/fadeu.urantiacos.cl\/en\/\",\"name\":\"Facultad de Arquitectura, Dise\u00f1o y Estudios Urbanos\",\"description\":\"Campus Lo Contador\",\"potentialAction\":[{\"@type\":\"SearchAction\",\"target\":{\"@type\":\"EntryPoint\",\"urlTemplate\":\"https:\/\/fadeu.urantiacos.cl\/en\/?s={search_term_string}\"},\"query-input\":{\"@type\":\"PropertyValueSpecification\",\"valueRequired\":true,\"valueName\":\"search_term_string\"}}],\"inLanguage\":\"en-US\"},{\"@type\":\"Person\",\"@id\":\"https:\/\/fadeu.urantiacos.cl\/en\/#\/schema\/person\/d203e2e84b1c40275eac77b3061a19a2\",\"name\":\"manadmin\",\"image\":{\"@type\":\"ImageObject\",\"inLanguage\":\"en-US\",\"@id\":\"https:\/\/fadeu.urantiacos.cl\/en\/#\/schema\/person\/image\/\",\"url\":\"https:\/\/secure.gravatar.com\/avatar\/4b1d8e3303b4a9d8968ac578947d8bc80d9aea359f388cdd4aac15cadc0e8447?s=96&d=mm&r=g\",\"contentUrl\":\"https:\/\/secure.gravatar.com\/avatar\/4b1d8e3303b4a9d8968ac578947d8bc80d9aea359f388cdd4aac15cadc0e8447?s=96&d=mm&r=g\",\"caption\":\"manadmin\"},\"sameAs\":[\"https:\/\/fadeu.urantiacos.cl\"]}]}<\/script>\n<!-- \/ Yoast SEO plugin. -->","yoast_head_json":{"title":"Profesora Alejandra Bosch asume como jefa del Mag\u00edster en Arquitectura del Paisaje - Facultad de Arquitectura, Dise\u00f1o y Estudios Urbanos","description":"La profesora Alejandra Bosch ha sido presentada como nueva jefa del Mag\u00edster en Arquitectura del Paisaje (MAPA), en reemplazo del profesor Osvaldo Moreno (quien asumi\u00f3 el cargo de Subdirector Acad\u00e9mico de la escuela de Arquitectura).","robots":{"index":"index","follow":"follow","max-snippet":"max-snippet:-1","max-image-preview":"max-image-preview:large","max-video-preview":"max-video-preview:-1"},"canonical":"https:\/\/fadeu.urantiacos.cl\/en\/2022\/05\/19\/profesora-alejandra-bosch-asume-como-jefa-del-magister-en-arquitectura-del-paisaje\/","og_locale":"en_US","og_type":"article","og_title":"Profesora Alejandra Bosch asume como jefa del Mag\u00edster en Arquitectura del Paisaje - Facultad de Arquitectura, Dise\u00f1o y Estudios Urbanos","og_description":"La profesora Alejandra Bosch ha sido presentada como nueva jefa del Mag\u00edster en Arquitectura del Paisaje (MAPA), en reemplazo del profesor Osvaldo Moreno (quien asumi\u00f3 el cargo de Subdirector Acad\u00e9mico de la escuela de Arquitectura).","og_url":"https:\/\/fadeu.urantiacos.cl\/en\/2022\/05\/19\/profesora-alejandra-bosch-asume-como-jefa-del-magister-en-arquitectura-del-paisaje\/","og_site_name":"Facultad de Arquitectura, Dise\u00f1o y Estudios Urbanos","article_published_time":"2022-05-19T23:42:00+00:00","article_modified_time":"2023-09-04T23:44:28+00:00","og_image":[{"width":350,"height":250,"url":"https:\/\/fadeu.urantiacos.cl\/wp-content\/uploads\/2023\/09\/Edificio_ARQ_2022.jpg","type":"image\/jpeg"}],"author":"manadmin","twitter_card":"summary_large_image","twitter_misc":{"Written by":"manadmin","Est. reading time":"3 minutes"},"schema":{"@context":"https:\/\/schema.org","@graph":[{"@type":"Article","@id":"https:\/\/fadeu.urantiacos.cl\/en\/2022\/05\/19\/profesora-alejandra-bosch-asume-como-jefa-del-magister-en-arquitectura-del-paisaje\/#article","isPartOf":{"@id":"https:\/\/fadeu.urantiacos.cl\/en\/2022\/05\/19\/profesora-alejandra-bosch-asume-como-jefa-del-magister-en-arquitectura-del-paisaje\/"},"author":{"name":"manadmin","@id":"https:\/\/fadeu.urantiacos.cl\/en\/#\/schema\/person\/d203e2e84b1c40275eac77b3061a19a2"},"headline":"Profesora Alejandra Bosch asume como jefa del Mag\u00edster en Arquitectura del Paisaje","datePublished":"2022-05-19T23:42:00+00:00","dateModified":"2023-09-04T23:44:28+00:00","mainEntityOfPage":{"@id":"https:\/\/fadeu.urantiacos.cl\/en\/2022\/05\/19\/profesora-alejandra-bosch-asume-como-jefa-del-magister-en-arquitectura-del-paisaje\/"},"wordCount":682,"commentCount":0,"image":{"@id":"https:\/\/fadeu.urantiacos.cl\/en\/2022\/05\/19\/profesora-alejandra-bosch-asume-como-jefa-del-magister-en-arquitectura-del-paisaje\/#primaryimage"},"thumbnailUrl":"https:\/\/fadeu.urantiacos.cl\/wp-content\/uploads\/2023\/09\/Edificio_ARQ_2022.jpg","articleSection":["Sin categorizar"],"inLanguage":"en-US","potentialAction":[{"@type":"CommentAction","name":"Comment","target":["https:\/\/fadeu.urantiacos.cl\/en\/2022\/05\/19\/profesora-alejandra-bosch-asume-como-jefa-del-magister-en-arquitectura-del-paisaje\/#respond"]}]},{"@type":"WebPage","@id":"https:\/\/fadeu.urantiacos.cl\/en\/2022\/05\/19\/profesora-alejandra-bosch-asume-como-jefa-del-magister-en-arquitectura-del-paisaje\/","url":"https:\/\/fadeu.urantiacos.cl\/en\/2022\/05\/19\/profesora-alejandra-bosch-asume-como-jefa-del-magister-en-arquitectura-del-paisaje\/","name":"Profesora Alejandra Bosch asume como jefa del Mag\u00edster en Arquitectura del Paisaje - Facultad de Arquitectura, Dise\u00f1o y Estudios Urbanos","isPartOf":{"@id":"https:\/\/fadeu.urantiacos.cl\/en\/#website"},"primaryImageOfPage":{"@id":"https:\/\/fadeu.urantiacos.cl\/en\/2022\/05\/19\/profesora-alejandra-bosch-asume-como-jefa-del-magister-en-arquitectura-del-paisaje\/#primaryimage"},"image":{"@id":"https:\/\/fadeu.urantiacos.cl\/en\/2022\/05\/19\/profesora-alejandra-bosch-asume-como-jefa-del-magister-en-arquitectura-del-paisaje\/#primaryimage"},"thumbnailUrl":"https:\/\/fadeu.urantiacos.cl\/wp-content\/uploads\/2023\/09\/Edificio_ARQ_2022.jpg","datePublished":"2022-05-19T23:42:00+00:00","dateModified":"2023-09-04T23:44:28+00:00","author":{"@id":"https:\/\/fadeu.urantiacos.cl\/en\/#\/schema\/person\/d203e2e84b1c40275eac77b3061a19a2"},"description":"La profesora Alejandra Bosch ha sido presentada como nueva jefa del Mag\u00edster en Arquitectura del Paisaje (MAPA), en reemplazo del profesor Osvaldo Moreno (quien asumi\u00f3 el cargo de Subdirector Acad\u00e9mico de la escuela de Arquitectura).","breadcrumb":{"@id":"https:\/\/fadeu.urantiacos.cl\/en\/2022\/05\/19\/profesora-alejandra-bosch-asume-como-jefa-del-magister-en-arquitectura-del-paisaje\/#breadcrumb"},"inLanguage":"en-US","potentialAction":[{"@type":"ReadAction","target":["https:\/\/fadeu.urantiacos.cl\/en\/2022\/05\/19\/profesora-alejandra-bosch-asume-como-jefa-del-magister-en-arquitectura-del-paisaje\/"]}]},{"@type":"ImageObject","inLanguage":"en-US","@id":"https:\/\/fadeu.urantiacos.cl\/en\/2022\/05\/19\/profesora-alejandra-bosch-asume-como-jefa-del-magister-en-arquitectura-del-paisaje\/#primaryimage","url":"https:\/\/fadeu.urantiacos.cl\/wp-content\/uploads\/2023\/09\/Edificio_ARQ_2022.jpg","contentUrl":"https:\/\/fadeu.urantiacos.cl\/wp-content\/uploads\/2023\/09\/Edificio_ARQ_2022.jpg","width":350,"height":250},{"@type":"BreadcrumbList","@id":"https:\/\/fadeu.urantiacos.cl\/en\/2022\/05\/19\/profesora-alejandra-bosch-asume-como-jefa-del-magister-en-arquitectura-del-paisaje\/#breadcrumb","itemListElement":[{"@type":"ListItem","position":1,"name":"Portada","item":"https:\/\/fadeu.urantiacos.cl\/en\/"},{"@type":"ListItem","position":2,"name":"Profesora Alejandra Bosch asume como jefa del Mag\u00edster en Arquitectura del Paisaje"}]},{"@type":"WebSite","@id":"https:\/\/fadeu.urantiacos.cl\/en\/#website","url":"https:\/\/fadeu.urantiacos.cl\/en\/","name":"Facultad de Arquitectura, Dise\u00f1o y Estudios Urbanos","description":"Campus Lo Contador","potentialAction":[{"@type":"SearchAction","target":{"@type":"EntryPoint","urlTemplate":"https:\/\/fadeu.urantiacos.cl\/en\/?s={search_term_string}"},"query-input":{"@type":"PropertyValueSpecification","valueRequired":true,"valueName":"search_term_string"}}],"inLanguage":"en-US"},{"@type":"Person","@id":"https:\/\/fadeu.urantiacos.cl\/en\/#\/schema\/person\/d203e2e84b1c40275eac77b3061a19a2","name":"manadmin","image":{"@type":"ImageObject","inLanguage":"en-US","@id":"https:\/\/fadeu.urantiacos.cl\/en\/#\/schema\/person\/image\/","url":"https:\/\/secure.gravatar.com\/avatar\/4b1d8e3303b4a9d8968ac578947d8bc80d9aea359f388cdd4aac15cadc0e8447?s=96&d=mm&r=g","contentUrl":"https:\/\/secure.gravatar.com\/avatar\/4b1d8e3303b4a9d8968ac578947d8bc80d9aea359f388cdd4aac15cadc0e8447?s=96&d=mm&r=g","caption":"manadmin"},"sameAs":["https:\/\/fadeu.urantiacos.cl"]}]}},"_links":{"self":[{"href":"https:\/\/fadeu.urantiacos.cl\/en\/wp-json\/wp\/v2\/posts\/4895","targetHints":{"allow":["GET"]}}],"collection":[{"href":"https:\/\/fadeu.urantiacos.cl\/en\/wp-json\/wp\/v2\/posts"}],"about":[{"href":"https:\/\/fadeu.urantiacos.cl\/en\/wp-json\/wp\/v2\/types\/post"}],"author":[{"embeddable":true,"href":"https:\/\/fadeu.urantiacos.cl\/en\/wp-json\/wp\/v2\/users\/1"}],"replies":[{"embeddable":true,"href":"https:\/\/fadeu.urantiacos.cl\/en\/wp-json\/wp\/v2\/comments?post=4895"}],"version-history":[{"count":1,"href":"https:\/\/fadeu.urantiacos.cl\/en\/wp-json\/wp\/v2\/posts\/4895\/revisions"}],"predecessor-version":[{"id":4898,"href":"https:\/\/fadeu.urantiacos.cl\/en\/wp-json\/wp\/v2\/posts\/4895\/revisions\/4898"}],"wp:featuredmedia":[{"embeddable":true,"href":"https:\/\/fadeu.urantiacos.cl\/en\/wp-json\/wp\/v2\/media\/4897"}],"wp:attachment":[{"href":"https:\/\/fadeu.urantiacos.cl\/en\/wp-json\/wp\/v2\/media?parent=4895"}],"wp:term":[{"taxonomy":"category","embeddable":true,"href":"https:\/\/fadeu.urantiacos.cl\/en\/wp-json\/wp\/v2\/categories?post=4895"},{"taxonomy":"post_tag","embeddable":true,"href":"https:\/\/fadeu.urantiacos.cl\/en\/wp-json\/wp\/v2\/tags?post=4895"}],"curies":[{"name":"wp","href":"https:\/\/api.w.org\/{rel}","templated":true}]}}