{"id":4881,"date":"2022-05-20T20:33:00","date_gmt":"2022-05-20T23:33:00","guid":{"rendered":"https:\/\/fadeu.urantiacos.cl\/?p=4881"},"modified":"2023-09-04T20:36:50","modified_gmt":"2023-09-04T23:36:50","slug":"profesor-uc-fernando-perez-obtiene-el-premio-nacional-de-arquitectura-2022","status":"publish","type":"post","link":"https:\/\/fadeu.urantiacos.cl\/en\/2022\/05\/20\/profesor-uc-fernando-perez-obtiene-el-premio-nacional-de-arquitectura-2022\/","title":{"rendered":"Profesor UC Fernando P\u00e9rez obtiene el Premio Nacional de Arquitectura 2022"},"content":{"rendered":"\n<figure class=\"wp-block-image size-full\"><img decoding=\"async\" width=\"350\" height=\"250\" src=\"https:\/\/fadeu.urantiacos.cl\/wp-content\/uploads\/2023\/09\/mg_5042222.700x532_WEB.jpg\" alt=\"\" class=\"wp-image-4882\" srcset=\"https:\/\/fadeu.urantiacos.cl\/wp-content\/uploads\/2023\/09\/mg_5042222.700x532_WEB.jpg 350w, https:\/\/fadeu.urantiacos.cl\/wp-content\/uploads\/2023\/09\/mg_5042222.700x532_WEB-300x214.jpg 300w\" sizes=\"(max-width: 350px) 100vw, 350px\" \/><\/figure>\n\n\n\n<p>\u201cEn una sesi\u00f3n extraordinaria del Directorio Nacional del&nbsp;<a href=\"https:\/\/colegioarquitectos.com\/noticias\/?p=28554\" target=\"_blank\" rel=\"noreferrer noopener\">Colegio de Arquitectos<\/a>&nbsp;se escogi\u00f3 como ganador del Premio Nacional de Arquitectura 2022 al arquitecto&nbsp;<a href=\"https:\/\/arquitectura.uc.cl\/escuela\/profesores\/959-perez-oyarzun-fernando.html\" target=\"_blank\" rel=\"noreferrer noopener\">Fernando P\u00e9rez Oyarz\u00fan<\/a>\u201d, sostiene el comunicado oficial del \u00f3rgano colegiado, y agrega que \u201cel Premio Nacional de Arquitectura es la m\u00e1xima distinci\u00f3n que puede recibir un arquitecto, arquitecta o equipo de \u00e9stos, cuya trayectoria y desempe\u00f1o \u00e9tico y profesional haya marcado un ejemplo para todos los y las arquitectas, en cualquiera de las manifestaciones del ejercicio profesional, ya sea en el campo de la ejecuci\u00f3n de obras de arquitectura, labores acad\u00e9micas, gremiales, de servicio o gesti\u00f3n p\u00fablica\u201d.<\/p>\n\n\n\n<p>El decano Mario Ubilla elogi\u00f3 la figura de Fernando P\u00e9rez, y reconoci\u00f3 en \u00e9l a \u201cun maestro formador de generaciones que ha sabido destacar, por la v\u00eda de la investigaci\u00f3n, la teor\u00eda y un f\u00e9rreo compromiso intelectual con el estudio y proyecci\u00f3n de la disciplina, y potenciar la arquitectura desde una concepci\u00f3n multidimensional, que no solo se aboca al proyecto o al dise\u00f1o, sino a un profundo debate y discusi\u00f3n disciplinar que ha trascendido generaciones y fronteras\u201d. \u201cEs un justo reconocimiento a quien forma parte, adem\u00e1s, del alma de nuestra escuela de Arquitectura y nuestra Facultad, habiendo sido director y decano, y tambi\u00e9n jefe e impulsor del Doctorado en Arquitectura y Estudios Urbanos\u201d, a\u00f1adi\u00f3 Ubilla.<\/p>\n\n\n\n<p>Pocas figuras en Chile han explorado como el arquitecto Fernando P\u00e9rez de manera tan consistente las incontables posibilidades que abre la arquitectura como campo de acci\u00f3n de todo tipo. Efectivamente, la arquitectura tiene como uno de sus rasgos caracter\u00edsticos el de ser una disciplina enormemente abierta, que acoge ya sea a la creaci\u00f3n tanto art\u00edstica como t\u00e9cnica, a los estudios hist\u00f3ricos y a la especulaci\u00f3n filos\u00f3fica, al emprendimiento privado y la gesti\u00f3n p\u00fablica; cuyo ejercicio tiene indudablemente una dimensi\u00f3n personal pero que conoce infinidad de alternativas para hacer de esta dimensi\u00f3n algo colectivo. No siempre esta apertura de nuestra disciplina se pone de manifiesto en la carrera y la labor de una sola persona. En ese sentido, P\u00e9rez ha mostrado una fuerte atracci\u00f3n por lo m\u00faltiple y un rechazo por cualquier enfoque que resulte reductivo, desde cualquier punto de vista, unido evidentemente tambi\u00e9n a un particular talento para afrontar los desaf\u00edos que tal posici\u00f3n conlleva.<\/p>\n\n\n\n<p>El rector Ignacio S\u00e1nchez comparti\u00f3 la alegr\u00eda para la instituci\u00f3n por este reconocimiento, destac\u00f3 su innegable aporte a la disciplina a nivel nacional e internacional y la singular huella que ha dejado en generaciones de estudiantes de la UC. &#8220;Tanto desde su labor docente como profesional, Fernando P\u00e9rez ha destacado la versatilidad para enfrentar una disciplina como la arquitectura, rescatando de ella no solo la obra sino la reflexi\u00f3n profunda y filos\u00f3fica en torno a ella. Ha buscado siempre la grandeza en la mirada arquitect\u00f3nica y esa b\u00fasqueda lo lleva hoy a recibir este Premio Nacional que celebramos y aplaudimos&#8221;.<\/p>\n\n\n\n<h3 class=\"wp-block-heading\">Destacada trayectoria (Fuente: Colegio de Arquitectos de Chile)<\/h3>\n\n\n\n<p>Fernando P\u00e9rez se titul\u00f3 como arquitecto en 1977 en la Pontificia Universidad Cat\u00f3lica de Chile (PUC) y como Doctor Arquitecto de la Escuela T\u00e9cnica Superior de Arquitectura de Barcelona en 1981. Fue decano de la Facultad de Arquitectura y Bellas Artes de la PUC entre 1990 y 2000, donde ejerci\u00f3 como acad\u00e9mico desde 1974, siendo actualmente profesor titular. A su vez, fue director de la Escuela de Arquitectura de la PUC entre 1987 y 1990 y director del Centro del Patrimonio Cultural en esa misma casa de estudios.<\/p>\n\n\n\n<p>Ha sido Visiting Design Critic de la Universidad de Harvard (1990), Visiting Fellow del Centro de Estudios Latinoamericanos de la Universidad de Cambridge (1996) y Sim\u00f3n Bol\u00edvar Professor de la misma universidad (2000). Durante 2007 fue Research Fellow del Swedish Center for the Advanced Study.<\/p>\n\n\n\n<p>La producci\u00f3n te\u00f3rica de P\u00e9rez ha tenido un enorme impacto en el \u00e1mbito hispanoparlante, siendo referente de una manera de hacer historia de la arquitectura a la vez rigurosa y con un cierto vuelo filos\u00f3fico, que sabe combinar de manera precisa la mirada local y la perspectiva internacional.<br>Muchas de sus obras tienen la virtud de apuntar tempranamente a temas que luego se instalaron extensamente en el campo de la cultura arquitect\u00f3nica. Por ejemplo, su libro \u00abLe Corbusier y Sud Am\u00e9rica\u00bb (Ediciones ARQ, 1991), una obra temprana de la que fue editor y articulista, puso las bases para un tema que luego paso a ser recurrente y en cierta manera fundamental para la historia de la arquitectura en Am\u00e9rica Latina. Lo mismo podr\u00eda decirse de sus publicaciones sobre la Escuela de Valpara\u00edso o Juan Borchers, que sin duda sirvieron para mostrar en el \u00e1mbito internacional la densidad y originalidad de las vanguardias chilenas.<\/p>\n\n\n\n<p>Su \u00faltima obra, \u00abArquitectura en el Chile del siglo XX\u00bb (Ediciones ARQ, 2016), de la cual se han publicado tres tomos estando en ejecuci\u00f3n dos m\u00e1s, es tambi\u00e9n un trabajo destinado a ser una pieza irreemplazable en la construcci\u00f3n de la cultura chilena y latinoamericana.<\/p>\n\n\n\n<p>Entre otras de sus publicaciones se cuenta \u00abChristian de Groote, la Arquitectura de Tres D\u00e9cadas de Trabajo\u00bb (Ediciones ARQ, 1993); \u00abLos Hechos de la Arquitectura\u00bb (en conjunto con Alejandro Aravena y Jos\u00e9 Quintanilla) (Ediciones ARQ, 1999); \u00abEl Espejo y el Manto, Ortodoxia\/Heterodoxia\u00bb (Ediciones ARQ, 2014); y \u00abEmilio Jequier, la construcci\u00f3n de un patrimonio\u00bb (Museo Nacional de Bellas Artes, 2021).<\/p>\n\n\n\n<p>Ha publicado art\u00edculos en revistas como Casabella, Arquitectura Viva, Projeto, Block, Harvard Architecture Review, CA y ARQ. Por otra parte, P\u00e9rez Oyarz\u00fan se ha dedicado a la ense\u00f1anza de la arquitectura durante cerca de cincuenta a\u00f1os. Su labor abarca todos los niveles de dicha ense\u00f1anza, desde los cursos introductorios del posgrado hasta los cursos de doctorado. Su actividad como docente se ha expandido tambi\u00e9n a nivel internacional, siendo profesor invitado de las universidades de Harvard, Rio Grande do Sul, Roma Tre, Cambridge, entre otras. En tal sentido, resulta particularmente destacable su nombramiento como Sim\u00f3n Bol\u00edvar Professor del Centre for Latin American Studies de la Universidad de Cambridge (2000-2001). Es importante se\u00f1alar que a cargo de esta c\u00e1tedra estuvieron personalidades tan importantes coma Octavio Paz, Mario Vargas Llosa, Celso Furtado, Fernando Henrique Cardozo, Carlos Fuentes, Beatriz Sarlo y, \u00faltimamente, Diamela Eltit.<\/p>\n\n\n\n<p>Su vasta carrera en el campo de la cr\u00edtica y la historia de la arquitectura, as\u00ed como del ejercicio de cargos de gesti\u00f3n demandantes, ha sido acompa\u00f1ada del ejercicio profesional de la arquitectura. Obras como la Escuela de Medicina o la Biblioteca de Biom\u00e9dica, ambas realizadas para el Campus Central de la Pontificia Universidad Cat\u00f3lica de Chile, en colaboraci\u00f3n con Alejandro Aravena, son respuestas de innegable calidad arquitect\u00f3nica y justeza t\u00e9cnica.<\/p>\n\n\n\n<p>Otras de sus obras m\u00e1s relevantes son el Centro de C\u00e1ncer Nuestra Se\u00f1ora de la Esperanza (1995-1997) (con Tom\u00e1s dalla Porta, Osvaldo Mu\u00f1oz y Equipo DPI); Edificio Acad\u00e9mico Facultad de Artes (2013-2015) (con Jos\u00e9 Quintanilla y Equipo DESE); y el&nbsp;<a href=\"https:\/\/centrodeextension.uc.cl\/nuestros_centros\/centro-de-extension-campus-oriente\/\" target=\"_blank\" rel=\"noreferrer noopener\">Centro de Extensi\u00f3n Oriente<\/a>: Edificio fachada y patio cubierto (2015-2019) (con Jos\u00e9 Quintanilla; Juan Eduardo Ojeda, colaborador; Ram\u00f3n L\u00f3pez, asesor; y Equipo DESE).<\/p>\n\n\n\n<p>La claridad de su planteamiento y el cuidado de los detalles reflejan el mismo esp\u00edritu que puede observarse en sus ensayos y en su obra escrita. De ah\u00ed, esa inusual convergencia entre palabra escrita y construcci\u00f3n, que ya hab\u00eda sido se\u00f1alada por Alberti como caracter\u00edstica de la \u00abarquitectura culta\u00bb y que nada cuesta encontrar en la creaci\u00f3n de P\u00e9rez.&nbsp;<\/p>\n\n\n\n<p>En su \u00faltima producci\u00f3n esta convergencia se ha acentuado, siguiendo los andariveles de la confluencia inevitable para el momento actual y futuro de nuestra disciplina, como la necesaria articulaci\u00f3n entre proyecto e investigaci\u00f3n. Esto se ha vista reflejado particularmente en sus intervenciones patrimoniales, como en la Bas\u00edlica del Salvador, la Catedral Metropolitana o su trabajo de asesor\u00eda para la recuperaci\u00f3n del Palacio Pereira.<\/p>\n\n\n\n<p>Entre sus numerosos premios se cuenta el Premio Sergio Larra\u00edn Garc\u00eda-Moreno del Colegio de Arquitectos de Chile (2010), Premio a la Excelencia docente de la Pontificia Universidad Cat\u00f3lica de Chile (2012), Premio Arquitecto Mayor de la Universidad Mayor (2014), Nominaci\u00f3n Honor\u00edfica como Curador de los Bienes Art\u00edsticos y Patrimoniales de la Catedral de Santiago (2016) y la Medalla AOA a la trayectoria acad\u00e9mica (2019). Actualmente es el director del&nbsp;<a href=\"https:\/\/www.mnba.gob.cl\/\" target=\"_blank\" rel=\"noreferrer noopener\">Museo Nacional de Bellas Artes (MNBA).<\/a><\/p>\n\n\n\n<figure class=\"wp-block-image size-full\"><img decoding=\"async\" width=\"700\" height=\"532\" src=\"https:\/\/fadeu.urantiacos.cl\/wp-content\/uploads\/2023\/09\/mg_5042222.700x532.jpg\" alt=\"\" class=\"wp-image-4883\" srcset=\"https:\/\/fadeu.urantiacos.cl\/wp-content\/uploads\/2023\/09\/mg_5042222.700x532.jpg 700w, https:\/\/fadeu.urantiacos.cl\/wp-content\/uploads\/2023\/09\/mg_5042222.700x532-300x228.jpg 300w\" sizes=\"(max-width: 700px) 100vw, 700px\" \/><\/figure>\n\n\n\n<p>INFORMACI\u00d3N PERIOD\u00cdSTICA<br>Comunicaciones Facultad de Arquitectura, Dise\u00f1o y Estudios Urbanos<\/p>\n","protected":false},"excerpt":{"rendered":"<p>Este viernes 20 de mayo el Colegio de Arquitectos de Chile inform\u00f3 que el profesor Fernando P\u00e9rez Oyarz\u00fan recibi\u00f3 el Premio Nacional de Arquitectura 2022.<\/p>\n","protected":false},"author":1,"featured_media":4882,"comment_status":"open","ping_status":"open","sticky":false,"template":"","format":"standard","meta":{"_acf_changed":false,"footnotes":""},"categories":[1],"tags":[],"class_list":["post-4881","post","type-post","status-publish","format-standard","has-post-thumbnail","hentry","category-sin-categorizar"],"acf":[],"yoast_head":"<!-- This site is optimized with the Yoast SEO plugin v27.1.1 - https:\/\/yoast.com\/product\/yoast-seo-wordpress\/ -->\n<title>Profesor UC Fernando P\u00e9rez obtiene el Premio Nacional de Arquitectura 2022 - Facultad de Arquitectura, Dise\u00f1o y Estudios Urbanos<\/title>\n<meta name=\"description\" content=\"Este viernes 20 de mayo el Colegio de Arquitectos de Chile inform\u00f3 que el profesor Fernando P\u00e9rez Oyarz\u00fan recibi\u00f3 el Premio Nacional de Arquitectura 2022.\" \/>\n<meta name=\"robots\" content=\"index, follow, max-snippet:-1, max-image-preview:large, max-video-preview:-1\" \/>\n<link rel=\"canonical\" href=\"https:\/\/fadeu.urantiacos.cl\/en\/2022\/05\/20\/profesor-uc-fernando-perez-obtiene-el-premio-nacional-de-arquitectura-2022\/\" \/>\n<meta property=\"og:locale\" content=\"en_US\" \/>\n<meta property=\"og:type\" content=\"article\" \/>\n<meta property=\"og:title\" content=\"Profesor UC Fernando P\u00e9rez obtiene el Premio Nacional de Arquitectura 2022 - Facultad de Arquitectura, Dise\u00f1o y Estudios Urbanos\" \/>\n<meta property=\"og:description\" content=\"Este viernes 20 de mayo el Colegio de Arquitectos de Chile inform\u00f3 que el profesor Fernando P\u00e9rez Oyarz\u00fan recibi\u00f3 el Premio Nacional de Arquitectura 2022.\" \/>\n<meta property=\"og:url\" content=\"https:\/\/fadeu.urantiacos.cl\/en\/2022\/05\/20\/profesor-uc-fernando-perez-obtiene-el-premio-nacional-de-arquitectura-2022\/\" \/>\n<meta property=\"og:site_name\" content=\"Facultad de Arquitectura, Dise\u00f1o y Estudios Urbanos\" \/>\n<meta property=\"article:published_time\" content=\"2022-05-20T23:33:00+00:00\" \/>\n<meta property=\"article:modified_time\" content=\"2023-09-04T23:36:50+00:00\" \/>\n<meta property=\"og:image\" content=\"https:\/\/fadeu.urantiacos.cl\/wp-content\/uploads\/2023\/09\/mg_5042222.700x532_WEB.jpg\" \/>\n\t<meta property=\"og:image:width\" content=\"350\" \/>\n\t<meta property=\"og:image:height\" content=\"250\" \/>\n\t<meta property=\"og:image:type\" content=\"image\/jpeg\" \/>\n<meta name=\"author\" content=\"manadmin\" \/>\n<meta name=\"twitter:card\" content=\"summary_large_image\" \/>\n<meta name=\"twitter:label1\" content=\"Written by\" \/>\n\t<meta name=\"twitter:data1\" content=\"manadmin\" \/>\n\t<meta name=\"twitter:label2\" content=\"Est. reading time\" \/>\n\t<meta name=\"twitter:data2\" content=\"7 minutes\" \/>\n<script type=\"application\/ld+json\" class=\"yoast-schema-graph\">{\"@context\":\"https:\/\/schema.org\",\"@graph\":[{\"@type\":\"Article\",\"@id\":\"https:\/\/fadeu.urantiacos.cl\/en\/2022\/05\/20\/profesor-uc-fernando-perez-obtiene-el-premio-nacional-de-arquitectura-2022\/#article\",\"isPartOf\":{\"@id\":\"https:\/\/fadeu.urantiacos.cl\/en\/2022\/05\/20\/profesor-uc-fernando-perez-obtiene-el-premio-nacional-de-arquitectura-2022\/\"},\"author\":{\"name\":\"manadmin\",\"@id\":\"https:\/\/fadeu.urantiacos.cl\/en\/#\/schema\/person\/d203e2e84b1c40275eac77b3061a19a2\"},\"headline\":\"Profesor UC Fernando P\u00e9rez obtiene el Premio Nacional de Arquitectura 2022\",\"datePublished\":\"2022-05-20T23:33:00+00:00\",\"dateModified\":\"2023-09-04T23:36:50+00:00\",\"mainEntityOfPage\":{\"@id\":\"https:\/\/fadeu.urantiacos.cl\/en\/2022\/05\/20\/profesor-uc-fernando-perez-obtiene-el-premio-nacional-de-arquitectura-2022\/\"},\"wordCount\":1464,\"commentCount\":0,\"image\":{\"@id\":\"https:\/\/fadeu.urantiacos.cl\/en\/2022\/05\/20\/profesor-uc-fernando-perez-obtiene-el-premio-nacional-de-arquitectura-2022\/#primaryimage\"},\"thumbnailUrl\":\"https:\/\/fadeu.urantiacos.cl\/wp-content\/uploads\/2023\/09\/mg_5042222.700x532_WEB.jpg\",\"articleSection\":[\"Sin categorizar\"],\"inLanguage\":\"en-US\",\"potentialAction\":[{\"@type\":\"CommentAction\",\"name\":\"Comment\",\"target\":[\"https:\/\/fadeu.urantiacos.cl\/en\/2022\/05\/20\/profesor-uc-fernando-perez-obtiene-el-premio-nacional-de-arquitectura-2022\/#respond\"]}]},{\"@type\":\"WebPage\",\"@id\":\"https:\/\/fadeu.urantiacos.cl\/en\/2022\/05\/20\/profesor-uc-fernando-perez-obtiene-el-premio-nacional-de-arquitectura-2022\/\",\"url\":\"https:\/\/fadeu.urantiacos.cl\/en\/2022\/05\/20\/profesor-uc-fernando-perez-obtiene-el-premio-nacional-de-arquitectura-2022\/\",\"name\":\"Profesor UC Fernando P\u00e9rez obtiene el Premio Nacional de Arquitectura 2022 - Facultad de Arquitectura, Dise\u00f1o y Estudios Urbanos\",\"isPartOf\":{\"@id\":\"https:\/\/fadeu.urantiacos.cl\/en\/#website\"},\"primaryImageOfPage\":{\"@id\":\"https:\/\/fadeu.urantiacos.cl\/en\/2022\/05\/20\/profesor-uc-fernando-perez-obtiene-el-premio-nacional-de-arquitectura-2022\/#primaryimage\"},\"image\":{\"@id\":\"https:\/\/fadeu.urantiacos.cl\/en\/2022\/05\/20\/profesor-uc-fernando-perez-obtiene-el-premio-nacional-de-arquitectura-2022\/#primaryimage\"},\"thumbnailUrl\":\"https:\/\/fadeu.urantiacos.cl\/wp-content\/uploads\/2023\/09\/mg_5042222.700x532_WEB.jpg\",\"datePublished\":\"2022-05-20T23:33:00+00:00\",\"dateModified\":\"2023-09-04T23:36:50+00:00\",\"author\":{\"@id\":\"https:\/\/fadeu.urantiacos.cl\/en\/#\/schema\/person\/d203e2e84b1c40275eac77b3061a19a2\"},\"description\":\"Este viernes 20 de mayo el Colegio de Arquitectos de Chile inform\u00f3 que el profesor Fernando P\u00e9rez Oyarz\u00fan recibi\u00f3 el Premio Nacional de Arquitectura 2022.\",\"breadcrumb\":{\"@id\":\"https:\/\/fadeu.urantiacos.cl\/en\/2022\/05\/20\/profesor-uc-fernando-perez-obtiene-el-premio-nacional-de-arquitectura-2022\/#breadcrumb\"},\"inLanguage\":\"en-US\",\"potentialAction\":[{\"@type\":\"ReadAction\",\"target\":[\"https:\/\/fadeu.urantiacos.cl\/en\/2022\/05\/20\/profesor-uc-fernando-perez-obtiene-el-premio-nacional-de-arquitectura-2022\/\"]}]},{\"@type\":\"ImageObject\",\"inLanguage\":\"en-US\",\"@id\":\"https:\/\/fadeu.urantiacos.cl\/en\/2022\/05\/20\/profesor-uc-fernando-perez-obtiene-el-premio-nacional-de-arquitectura-2022\/#primaryimage\",\"url\":\"https:\/\/fadeu.urantiacos.cl\/wp-content\/uploads\/2023\/09\/mg_5042222.700x532_WEB.jpg\",\"contentUrl\":\"https:\/\/fadeu.urantiacos.cl\/wp-content\/uploads\/2023\/09\/mg_5042222.700x532_WEB.jpg\",\"width\":350,\"height\":250},{\"@type\":\"BreadcrumbList\",\"@id\":\"https:\/\/fadeu.urantiacos.cl\/en\/2022\/05\/20\/profesor-uc-fernando-perez-obtiene-el-premio-nacional-de-arquitectura-2022\/#breadcrumb\",\"itemListElement\":[{\"@type\":\"ListItem\",\"position\":1,\"name\":\"Portada\",\"item\":\"https:\/\/fadeu.urantiacos.cl\/en\/\"},{\"@type\":\"ListItem\",\"position\":2,\"name\":\"Profesor UC Fernando P\u00e9rez obtiene el Premio Nacional de Arquitectura 2022\"}]},{\"@type\":\"WebSite\",\"@id\":\"https:\/\/fadeu.urantiacos.cl\/en\/#website\",\"url\":\"https:\/\/fadeu.urantiacos.cl\/en\/\",\"name\":\"Facultad de Arquitectura, Dise\u00f1o y Estudios Urbanos\",\"description\":\"Campus Lo Contador\",\"potentialAction\":[{\"@type\":\"SearchAction\",\"target\":{\"@type\":\"EntryPoint\",\"urlTemplate\":\"https:\/\/fadeu.urantiacos.cl\/en\/?s={search_term_string}\"},\"query-input\":{\"@type\":\"PropertyValueSpecification\",\"valueRequired\":true,\"valueName\":\"search_term_string\"}}],\"inLanguage\":\"en-US\"},{\"@type\":\"Person\",\"@id\":\"https:\/\/fadeu.urantiacos.cl\/en\/#\/schema\/person\/d203e2e84b1c40275eac77b3061a19a2\",\"name\":\"manadmin\",\"image\":{\"@type\":\"ImageObject\",\"inLanguage\":\"en-US\",\"@id\":\"https:\/\/fadeu.urantiacos.cl\/en\/#\/schema\/person\/image\/\",\"url\":\"https:\/\/secure.gravatar.com\/avatar\/4b1d8e3303b4a9d8968ac578947d8bc80d9aea359f388cdd4aac15cadc0e8447?s=96&d=mm&r=g\",\"contentUrl\":\"https:\/\/secure.gravatar.com\/avatar\/4b1d8e3303b4a9d8968ac578947d8bc80d9aea359f388cdd4aac15cadc0e8447?s=96&d=mm&r=g\",\"caption\":\"manadmin\"},\"sameAs\":[\"https:\/\/fadeu.urantiacos.cl\"]}]}<\/script>\n<!-- \/ Yoast SEO plugin. -->","yoast_head_json":{"title":"Profesor UC Fernando P\u00e9rez obtiene el Premio Nacional de Arquitectura 2022 - Facultad de Arquitectura, Dise\u00f1o y Estudios Urbanos","description":"Este viernes 20 de mayo el Colegio de Arquitectos de Chile inform\u00f3 que el profesor Fernando P\u00e9rez Oyarz\u00fan recibi\u00f3 el Premio Nacional de Arquitectura 2022.","robots":{"index":"index","follow":"follow","max-snippet":"max-snippet:-1","max-image-preview":"max-image-preview:large","max-video-preview":"max-video-preview:-1"},"canonical":"https:\/\/fadeu.urantiacos.cl\/en\/2022\/05\/20\/profesor-uc-fernando-perez-obtiene-el-premio-nacional-de-arquitectura-2022\/","og_locale":"en_US","og_type":"article","og_title":"Profesor UC Fernando P\u00e9rez obtiene el Premio Nacional de Arquitectura 2022 - Facultad de Arquitectura, Dise\u00f1o y Estudios Urbanos","og_description":"Este viernes 20 de mayo el Colegio de Arquitectos de Chile inform\u00f3 que el profesor Fernando P\u00e9rez Oyarz\u00fan recibi\u00f3 el Premio Nacional de Arquitectura 2022.","og_url":"https:\/\/fadeu.urantiacos.cl\/en\/2022\/05\/20\/profesor-uc-fernando-perez-obtiene-el-premio-nacional-de-arquitectura-2022\/","og_site_name":"Facultad de Arquitectura, Dise\u00f1o y Estudios Urbanos","article_published_time":"2022-05-20T23:33:00+00:00","article_modified_time":"2023-09-04T23:36:50+00:00","og_image":[{"width":350,"height":250,"url":"https:\/\/fadeu.urantiacos.cl\/wp-content\/uploads\/2023\/09\/mg_5042222.700x532_WEB.jpg","type":"image\/jpeg"}],"author":"manadmin","twitter_card":"summary_large_image","twitter_misc":{"Written by":"manadmin","Est. reading time":"7 minutes"},"schema":{"@context":"https:\/\/schema.org","@graph":[{"@type":"Article","@id":"https:\/\/fadeu.urantiacos.cl\/en\/2022\/05\/20\/profesor-uc-fernando-perez-obtiene-el-premio-nacional-de-arquitectura-2022\/#article","isPartOf":{"@id":"https:\/\/fadeu.urantiacos.cl\/en\/2022\/05\/20\/profesor-uc-fernando-perez-obtiene-el-premio-nacional-de-arquitectura-2022\/"},"author":{"name":"manadmin","@id":"https:\/\/fadeu.urantiacos.cl\/en\/#\/schema\/person\/d203e2e84b1c40275eac77b3061a19a2"},"headline":"Profesor UC Fernando P\u00e9rez obtiene el Premio Nacional de Arquitectura 2022","datePublished":"2022-05-20T23:33:00+00:00","dateModified":"2023-09-04T23:36:50+00:00","mainEntityOfPage":{"@id":"https:\/\/fadeu.urantiacos.cl\/en\/2022\/05\/20\/profesor-uc-fernando-perez-obtiene-el-premio-nacional-de-arquitectura-2022\/"},"wordCount":1464,"commentCount":0,"image":{"@id":"https:\/\/fadeu.urantiacos.cl\/en\/2022\/05\/20\/profesor-uc-fernando-perez-obtiene-el-premio-nacional-de-arquitectura-2022\/#primaryimage"},"thumbnailUrl":"https:\/\/fadeu.urantiacos.cl\/wp-content\/uploads\/2023\/09\/mg_5042222.700x532_WEB.jpg","articleSection":["Sin categorizar"],"inLanguage":"en-US","potentialAction":[{"@type":"CommentAction","name":"Comment","target":["https:\/\/fadeu.urantiacos.cl\/en\/2022\/05\/20\/profesor-uc-fernando-perez-obtiene-el-premio-nacional-de-arquitectura-2022\/#respond"]}]},{"@type":"WebPage","@id":"https:\/\/fadeu.urantiacos.cl\/en\/2022\/05\/20\/profesor-uc-fernando-perez-obtiene-el-premio-nacional-de-arquitectura-2022\/","url":"https:\/\/fadeu.urantiacos.cl\/en\/2022\/05\/20\/profesor-uc-fernando-perez-obtiene-el-premio-nacional-de-arquitectura-2022\/","name":"Profesor UC Fernando P\u00e9rez obtiene el Premio Nacional de Arquitectura 2022 - Facultad de Arquitectura, Dise\u00f1o y Estudios Urbanos","isPartOf":{"@id":"https:\/\/fadeu.urantiacos.cl\/en\/#website"},"primaryImageOfPage":{"@id":"https:\/\/fadeu.urantiacos.cl\/en\/2022\/05\/20\/profesor-uc-fernando-perez-obtiene-el-premio-nacional-de-arquitectura-2022\/#primaryimage"},"image":{"@id":"https:\/\/fadeu.urantiacos.cl\/en\/2022\/05\/20\/profesor-uc-fernando-perez-obtiene-el-premio-nacional-de-arquitectura-2022\/#primaryimage"},"thumbnailUrl":"https:\/\/fadeu.urantiacos.cl\/wp-content\/uploads\/2023\/09\/mg_5042222.700x532_WEB.jpg","datePublished":"2022-05-20T23:33:00+00:00","dateModified":"2023-09-04T23:36:50+00:00","author":{"@id":"https:\/\/fadeu.urantiacos.cl\/en\/#\/schema\/person\/d203e2e84b1c40275eac77b3061a19a2"},"description":"Este viernes 20 de mayo el Colegio de Arquitectos de Chile inform\u00f3 que el profesor Fernando P\u00e9rez Oyarz\u00fan recibi\u00f3 el Premio Nacional de Arquitectura 2022.","breadcrumb":{"@id":"https:\/\/fadeu.urantiacos.cl\/en\/2022\/05\/20\/profesor-uc-fernando-perez-obtiene-el-premio-nacional-de-arquitectura-2022\/#breadcrumb"},"inLanguage":"en-US","potentialAction":[{"@type":"ReadAction","target":["https:\/\/fadeu.urantiacos.cl\/en\/2022\/05\/20\/profesor-uc-fernando-perez-obtiene-el-premio-nacional-de-arquitectura-2022\/"]}]},{"@type":"ImageObject","inLanguage":"en-US","@id":"https:\/\/fadeu.urantiacos.cl\/en\/2022\/05\/20\/profesor-uc-fernando-perez-obtiene-el-premio-nacional-de-arquitectura-2022\/#primaryimage","url":"https:\/\/fadeu.urantiacos.cl\/wp-content\/uploads\/2023\/09\/mg_5042222.700x532_WEB.jpg","contentUrl":"https:\/\/fadeu.urantiacos.cl\/wp-content\/uploads\/2023\/09\/mg_5042222.700x532_WEB.jpg","width":350,"height":250},{"@type":"BreadcrumbList","@id":"https:\/\/fadeu.urantiacos.cl\/en\/2022\/05\/20\/profesor-uc-fernando-perez-obtiene-el-premio-nacional-de-arquitectura-2022\/#breadcrumb","itemListElement":[{"@type":"ListItem","position":1,"name":"Portada","item":"https:\/\/fadeu.urantiacos.cl\/en\/"},{"@type":"ListItem","position":2,"name":"Profesor UC Fernando P\u00e9rez obtiene el Premio Nacional de Arquitectura 2022"}]},{"@type":"WebSite","@id":"https:\/\/fadeu.urantiacos.cl\/en\/#website","url":"https:\/\/fadeu.urantiacos.cl\/en\/","name":"Facultad de Arquitectura, Dise\u00f1o y Estudios Urbanos","description":"Campus Lo Contador","potentialAction":[{"@type":"SearchAction","target":{"@type":"EntryPoint","urlTemplate":"https:\/\/fadeu.urantiacos.cl\/en\/?s={search_term_string}"},"query-input":{"@type":"PropertyValueSpecification","valueRequired":true,"valueName":"search_term_string"}}],"inLanguage":"en-US"},{"@type":"Person","@id":"https:\/\/fadeu.urantiacos.cl\/en\/#\/schema\/person\/d203e2e84b1c40275eac77b3061a19a2","name":"manadmin","image":{"@type":"ImageObject","inLanguage":"en-US","@id":"https:\/\/fadeu.urantiacos.cl\/en\/#\/schema\/person\/image\/","url":"https:\/\/secure.gravatar.com\/avatar\/4b1d8e3303b4a9d8968ac578947d8bc80d9aea359f388cdd4aac15cadc0e8447?s=96&d=mm&r=g","contentUrl":"https:\/\/secure.gravatar.com\/avatar\/4b1d8e3303b4a9d8968ac578947d8bc80d9aea359f388cdd4aac15cadc0e8447?s=96&d=mm&r=g","caption":"manadmin"},"sameAs":["https:\/\/fadeu.urantiacos.cl"]}]}},"_links":{"self":[{"href":"https:\/\/fadeu.urantiacos.cl\/en\/wp-json\/wp\/v2\/posts\/4881","targetHints":{"allow":["GET"]}}],"collection":[{"href":"https:\/\/fadeu.urantiacos.cl\/en\/wp-json\/wp\/v2\/posts"}],"about":[{"href":"https:\/\/fadeu.urantiacos.cl\/en\/wp-json\/wp\/v2\/types\/post"}],"author":[{"embeddable":true,"href":"https:\/\/fadeu.urantiacos.cl\/en\/wp-json\/wp\/v2\/users\/1"}],"replies":[{"embeddable":true,"href":"https:\/\/fadeu.urantiacos.cl\/en\/wp-json\/wp\/v2\/comments?post=4881"}],"version-history":[{"count":1,"href":"https:\/\/fadeu.urantiacos.cl\/en\/wp-json\/wp\/v2\/posts\/4881\/revisions"}],"predecessor-version":[{"id":4884,"href":"https:\/\/fadeu.urantiacos.cl\/en\/wp-json\/wp\/v2\/posts\/4881\/revisions\/4884"}],"wp:featuredmedia":[{"embeddable":true,"href":"https:\/\/fadeu.urantiacos.cl\/en\/wp-json\/wp\/v2\/media\/4882"}],"wp:attachment":[{"href":"https:\/\/fadeu.urantiacos.cl\/en\/wp-json\/wp\/v2\/media?parent=4881"}],"wp:term":[{"taxonomy":"category","embeddable":true,"href":"https:\/\/fadeu.urantiacos.cl\/en\/wp-json\/wp\/v2\/categories?post=4881"},{"taxonomy":"post_tag","embeddable":true,"href":"https:\/\/fadeu.urantiacos.cl\/en\/wp-json\/wp\/v2\/tags?post=4881"}],"curies":[{"name":"wp","href":"https:\/\/api.w.org\/{rel}","templated":true}]}}