{"id":4871,"date":"2022-05-23T20:26:00","date_gmt":"2022-05-23T23:26:00","guid":{"rendered":"https:\/\/fadeu.urantiacos.cl\/?p=4871"},"modified":"2023-09-04T20:29:02","modified_gmt":"2023-09-04T23:29:02","slug":"cursos-de-pregrado-ieut-fomentan-la-discusion-sobre-la-organizacion-vecinal-y-la-participacion-ciudadana","status":"publish","type":"post","link":"https:\/\/fadeu.urantiacos.cl\/en\/2022\/05\/23\/cursos-de-pregrado-ieut-fomentan-la-discusion-sobre-la-organizacion-vecinal-y-la-participacion-ciudadana\/","title":{"rendered":"Cursos de pregrado IEUT fomentan la discusi\u00f3n sobre la organizaci\u00f3n vecinal y la participaci\u00f3n ciudadana"},"content":{"rendered":"\n<figure class=\"wp-block-image size-full\"><img decoding=\"async\" width=\"350\" height=\"250\" src=\"https:\/\/fadeu.urantiacos.cl\/wp-content\/uploads\/2023\/09\/2-1024x472_web.jpg\" alt=\"\" class=\"wp-image-4872\" srcset=\"https:\/\/fadeu.urantiacos.cl\/wp-content\/uploads\/2023\/09\/2-1024x472_web.jpg 350w, https:\/\/fadeu.urantiacos.cl\/wp-content\/uploads\/2023\/09\/2-1024x472_web-300x214.jpg 300w\" sizes=\"(max-width: 350px) 100vw, 350px\" \/><\/figure>\n\n\n\n<p>La instancia naci\u00f3 de la convergencia en el enfoque aplicado de dos cursos, abiertos a todos los estudiantes de pregrado de la universidad y finalizados a ofrecer una primera aproximaci\u00f3n a los temas urbanos: una dimensi\u00f3n fundamental en este sentido es el rol que la ciudadan\u00eda, desde diferentes lugares y tem\u00e1ticas, ejerce en la construcci\u00f3n de la ciudad. La instancia de debate naci\u00f3 considerando que, si bien existe una agenda urbana, establecida por la Pol\u00edtica Nacional de Desarrollo Urbano alrededor de cinco ejes (integraci\u00f3n social, equilibrio ambiental, desarrollo econ\u00f3mico, patrimonio urbano, institucionalidad y gobernanza urbana), esta no ha sido actualizada ni retroalimentada desde la visi\u00f3n de los territorios. Por esto, es necesario plantear cu\u00e1l deber\u00eda ser una agenda urbana de mediano y largo plazo construida desde la ciudadan\u00eda.<\/p>\n\n\n\n<p>Los invitados abordaron la importancia de la participaci\u00f3n en diferentes sentidos, coincidiendo en un diagn\u00f3stico que reconoce las limitaciones de los procesos participativos actuales, pero tambi\u00e9n su potencial. \u201cEn ning\u00fan caso se parte preguntando al territorio lo que se quiere: la participaci\u00f3n llega siempre despu\u00e9s\u201d, afirm\u00f3 Paola Moreno. Coincidi\u00f3 con ella Jos\u00e9 Osorio, seg\u00fan quien \u201cnadie va a participar si su opini\u00f3n no va a incidir en el territorio\u201d. Al mismo tiempo, los invitados reconocen tambi\u00e9n el potencial que tiene la participaci\u00f3n no solo a la hora de incidir en las decisiones urbanas, sino tambi\u00e9n en relaci\u00f3n a la posibilidad de generar un mayor involucramiento de la ciudadan\u00eda. Seg\u00fan Daniel Lanfranco, \u201cla gente es curiosa y si ve que algo ocurre en un lugar, se anima: por esto es importante tener espacios en que la gente se vaya reuniendo y muestre que est\u00e1n ocurriendo cosas\u201d. Para motivar la participaci\u00f3n, Pabla Ocares propone que esta debe ser constante y que \u201cla vinculaci\u00f3n no debe ser solo desde el problema, sino que es necesario convencer mostrando c\u00f3mo va a cambiar la vida del vecino si va a apoyar una cierta propuesta\u201d.<\/p>\n\n\n\n<p>Citando a Jos\u00e9 Osorio, \u201cnada va a cambiar si no hay un motor de cambio\u201d. Ocasiones como el foro \u201c\u00bfQui\u00e9nes construyen hoy la agenda de la ciudad desde los territorios?\u201d pueden ser un espacio concreto para incentivar este cambio, formando ciudadanos y profesionales conscientes del impacto que pueden generar en su entorno. En este sentido, abrir las puertas de la universidad a las experiencias de la ciudadan\u00eda es una experiencia enriquecedora no solo para quienes se preparan a intervenir las ciudades, sino tambi\u00e9n para quienes ense\u00f1an a abordar los desaf\u00edos relacionados con la ciudad y la planificaci\u00f3n urbana.<\/p>\n\n\n\n<figure class=\"wp-block-image size-full\"><img decoding=\"async\" width=\"1000\" height=\"457\" src=\"https:\/\/fadeu.urantiacos.cl\/wp-content\/uploads\/2023\/09\/EDIFICIO-CAFE-2461_2_web.jpg\" alt=\"\" class=\"wp-image-4873\" srcset=\"https:\/\/fadeu.urantiacos.cl\/wp-content\/uploads\/2023\/09\/EDIFICIO-CAFE-2461_2_web.jpg 1000w, https:\/\/fadeu.urantiacos.cl\/wp-content\/uploads\/2023\/09\/EDIFICIO-CAFE-2461_2_web-300x137.jpg 300w, https:\/\/fadeu.urantiacos.cl\/wp-content\/uploads\/2023\/09\/EDIFICIO-CAFE-2461_2_web-768x351.jpg 768w\" sizes=\"(max-width: 1000px) 100vw, 1000px\" \/><\/figure>\n","protected":false},"excerpt":{"rendered":"<p>\u201c\u00bfQui\u00e9nes construyen hoy la agenda de la ciudad desde los territorios?\u201d Esta fue esta la pregunta central que el lunes 9 de mayo abri\u00f3 un foro con representantes de la sociedad civil, organizado en el marco de los cursos de pregrado Sociolog\u00eda de las Grandes Ciudades y Exploraciones Urbanas que dictan los profesores Christian Matus y Giovanni Vecchio del Instituto de Estudios Urbanos y Territoriales. Frente a m\u00e1s de 100 estudiantes, los invitados discutieron los temas claves que deben ser considerados por una agenda ciudadana que visibilice las demandas de los territorios. El foro cont\u00f3 con la participaci\u00f3n de cuatro destacados invitados: Paola Moreno, vocera de la Junta de Vecinos Rondizzoni; Jos\u00e9 Osorio, presidente de la Asociaci\u00f3n Nacional de Barrios Patrimoniales; Pabla Ocares, representante de la organizaci\u00f3n Levantemos Parque La Salle; y Daniel Lanfranco, Coordinador del Colectivo Mu\u00e9vete.<\/p>\n","protected":false},"author":1,"featured_media":4872,"comment_status":"open","ping_status":"open","sticky":false,"template":"","format":"standard","meta":{"_acf_changed":false,"footnotes":""},"categories":[1],"tags":[],"class_list":["post-4871","post","type-post","status-publish","format-standard","has-post-thumbnail","hentry","category-sin-categorizar"],"acf":[],"yoast_head":"<!-- This site is optimized with the Yoast SEO plugin v27.1.1 - https:\/\/yoast.com\/product\/yoast-seo-wordpress\/ -->\n<title>Cursos de pregrado IEUT fomentan la discusi\u00f3n sobre la organizaci\u00f3n vecinal y la participaci\u00f3n ciudadana - Facultad de Arquitectura, Dise\u00f1o y Estudios Urbanos<\/title>\n<meta name=\"description\" content=\"\u201c\u00bfQui\u00e9nes construyen hoy la agenda de la ciudad desde los territorios?\u201d Esta fue esta la pregunta central que el lunes 9 de mayo abri\u00f3 un foro con representantes de la sociedad civil, organizado en el marco de los cursos de pregrado Sociolog\u00eda de las Grandes Ciudades y Exploraciones Urbanas que dictan los profesores Christian Matus y Giovanni Vecchio del Instituto de Estudios Urbanos y Territoriales. Frente a m\u00e1s de 100 estudiantes, los invitados discutieron los temas claves que deben ser considerados por una agenda ciudadana que visibilice las demandas de los territorios. El foro cont\u00f3 con la participaci\u00f3n de cuatro destacados invitados: Paola Moreno, vocera de la Junta de Vecinos Rondizzoni; Jos\u00e9 Osorio, presidente de la Asociaci\u00f3n Nacional de Barrios Patrimoniales; Pabla Ocares, representante de la organizaci\u00f3n Levantemos Parque La Salle; y Daniel Lanfranco, Coordinador del Colectivo Mu\u00e9vete.\" \/>\n<meta name=\"robots\" content=\"index, follow, max-snippet:-1, max-image-preview:large, max-video-preview:-1\" \/>\n<link rel=\"canonical\" href=\"https:\/\/fadeu.urantiacos.cl\/en\/2022\/05\/23\/cursos-de-pregrado-ieut-fomentan-la-discusion-sobre-la-organizacion-vecinal-y-la-participacion-ciudadana\/\" \/>\n<meta property=\"og:locale\" content=\"en_US\" \/>\n<meta property=\"og:type\" content=\"article\" \/>\n<meta property=\"og:title\" content=\"Cursos de pregrado IEUT fomentan la discusi\u00f3n sobre la organizaci\u00f3n vecinal y la participaci\u00f3n ciudadana - Facultad de Arquitectura, Dise\u00f1o y Estudios Urbanos\" \/>\n<meta property=\"og:description\" content=\"\u201c\u00bfQui\u00e9nes construyen hoy la agenda de la ciudad desde los territorios?\u201d Esta fue esta la pregunta central que el lunes 9 de mayo abri\u00f3 un foro con representantes de la sociedad civil, organizado en el marco de los cursos de pregrado Sociolog\u00eda de las Grandes Ciudades y Exploraciones Urbanas que dictan los profesores Christian Matus y Giovanni Vecchio del Instituto de Estudios Urbanos y Territoriales. Frente a m\u00e1s de 100 estudiantes, los invitados discutieron los temas claves que deben ser considerados por una agenda ciudadana que visibilice las demandas de los territorios. El foro cont\u00f3 con la participaci\u00f3n de cuatro destacados invitados: Paola Moreno, vocera de la Junta de Vecinos Rondizzoni; Jos\u00e9 Osorio, presidente de la Asociaci\u00f3n Nacional de Barrios Patrimoniales; Pabla Ocares, representante de la organizaci\u00f3n Levantemos Parque La Salle; y Daniel Lanfranco, Coordinador del Colectivo Mu\u00e9vete.\" \/>\n<meta property=\"og:url\" content=\"https:\/\/fadeu.urantiacos.cl\/en\/2022\/05\/23\/cursos-de-pregrado-ieut-fomentan-la-discusion-sobre-la-organizacion-vecinal-y-la-participacion-ciudadana\/\" \/>\n<meta property=\"og:site_name\" content=\"Facultad de Arquitectura, Dise\u00f1o y Estudios Urbanos\" \/>\n<meta property=\"article:published_time\" content=\"2022-05-23T23:26:00+00:00\" \/>\n<meta property=\"article:modified_time\" content=\"2023-09-04T23:29:02+00:00\" \/>\n<meta property=\"og:image\" content=\"https:\/\/fadeu.urantiacos.cl\/wp-content\/uploads\/2023\/09\/2-1024x472_web.jpg\" \/>\n\t<meta property=\"og:image:width\" content=\"350\" \/>\n\t<meta property=\"og:image:height\" content=\"250\" \/>\n\t<meta property=\"og:image:type\" content=\"image\/jpeg\" \/>\n<meta name=\"author\" content=\"manadmin\" \/>\n<meta name=\"twitter:card\" content=\"summary_large_image\" \/>\n<meta name=\"twitter:label1\" content=\"Written by\" \/>\n\t<meta name=\"twitter:data1\" content=\"manadmin\" \/>\n\t<meta name=\"twitter:label2\" content=\"Est. reading time\" \/>\n\t<meta name=\"twitter:data2\" content=\"2 minutes\" \/>\n<script type=\"application\/ld+json\" class=\"yoast-schema-graph\">{\"@context\":\"https:\/\/schema.org\",\"@graph\":[{\"@type\":\"Article\",\"@id\":\"https:\/\/fadeu.urantiacos.cl\/en\/2022\/05\/23\/cursos-de-pregrado-ieut-fomentan-la-discusion-sobre-la-organizacion-vecinal-y-la-participacion-ciudadana\/#article\",\"isPartOf\":{\"@id\":\"https:\/\/fadeu.urantiacos.cl\/en\/2022\/05\/23\/cursos-de-pregrado-ieut-fomentan-la-discusion-sobre-la-organizacion-vecinal-y-la-participacion-ciudadana\/\"},\"author\":{\"name\":\"manadmin\",\"@id\":\"https:\/\/fadeu.urantiacos.cl\/en\/#\/schema\/person\/d203e2e84b1c40275eac77b3061a19a2\"},\"headline\":\"Cursos de pregrado IEUT fomentan la discusi\u00f3n sobre la organizaci\u00f3n vecinal y la participaci\u00f3n ciudadana\",\"datePublished\":\"2022-05-23T23:26:00+00:00\",\"dateModified\":\"2023-09-04T23:29:02+00:00\",\"mainEntityOfPage\":{\"@id\":\"https:\/\/fadeu.urantiacos.cl\/en\/2022\/05\/23\/cursos-de-pregrado-ieut-fomentan-la-discusion-sobre-la-organizacion-vecinal-y-la-participacion-ciudadana\/\"},\"wordCount\":469,\"commentCount\":0,\"image\":{\"@id\":\"https:\/\/fadeu.urantiacos.cl\/en\/2022\/05\/23\/cursos-de-pregrado-ieut-fomentan-la-discusion-sobre-la-organizacion-vecinal-y-la-participacion-ciudadana\/#primaryimage\"},\"thumbnailUrl\":\"https:\/\/fadeu.urantiacos.cl\/wp-content\/uploads\/2023\/09\/2-1024x472_web.jpg\",\"articleSection\":[\"Sin categorizar\"],\"inLanguage\":\"en-US\",\"potentialAction\":[{\"@type\":\"CommentAction\",\"name\":\"Comment\",\"target\":[\"https:\/\/fadeu.urantiacos.cl\/en\/2022\/05\/23\/cursos-de-pregrado-ieut-fomentan-la-discusion-sobre-la-organizacion-vecinal-y-la-participacion-ciudadana\/#respond\"]}]},{\"@type\":\"WebPage\",\"@id\":\"https:\/\/fadeu.urantiacos.cl\/en\/2022\/05\/23\/cursos-de-pregrado-ieut-fomentan-la-discusion-sobre-la-organizacion-vecinal-y-la-participacion-ciudadana\/\",\"url\":\"https:\/\/fadeu.urantiacos.cl\/en\/2022\/05\/23\/cursos-de-pregrado-ieut-fomentan-la-discusion-sobre-la-organizacion-vecinal-y-la-participacion-ciudadana\/\",\"name\":\"Cursos de pregrado IEUT fomentan la discusi\u00f3n sobre la organizaci\u00f3n vecinal y la participaci\u00f3n ciudadana - Facultad de Arquitectura, Dise\u00f1o y Estudios Urbanos\",\"isPartOf\":{\"@id\":\"https:\/\/fadeu.urantiacos.cl\/en\/#website\"},\"primaryImageOfPage\":{\"@id\":\"https:\/\/fadeu.urantiacos.cl\/en\/2022\/05\/23\/cursos-de-pregrado-ieut-fomentan-la-discusion-sobre-la-organizacion-vecinal-y-la-participacion-ciudadana\/#primaryimage\"},\"image\":{\"@id\":\"https:\/\/fadeu.urantiacos.cl\/en\/2022\/05\/23\/cursos-de-pregrado-ieut-fomentan-la-discusion-sobre-la-organizacion-vecinal-y-la-participacion-ciudadana\/#primaryimage\"},\"thumbnailUrl\":\"https:\/\/fadeu.urantiacos.cl\/wp-content\/uploads\/2023\/09\/2-1024x472_web.jpg\",\"datePublished\":\"2022-05-23T23:26:00+00:00\",\"dateModified\":\"2023-09-04T23:29:02+00:00\",\"author\":{\"@id\":\"https:\/\/fadeu.urantiacos.cl\/en\/#\/schema\/person\/d203e2e84b1c40275eac77b3061a19a2\"},\"description\":\"\u201c\u00bfQui\u00e9nes construyen hoy la agenda de la ciudad desde los territorios?\u201d Esta fue esta la pregunta central que el lunes 9 de mayo abri\u00f3 un foro con representantes de la sociedad civil, organizado en el marco de los cursos de pregrado Sociolog\u00eda de las Grandes Ciudades y Exploraciones Urbanas que dictan los profesores Christian Matus y Giovanni Vecchio del Instituto de Estudios Urbanos y Territoriales. Frente a m\u00e1s de 100 estudiantes, los invitados discutieron los temas claves que deben ser considerados por una agenda ciudadana que visibilice las demandas de los territorios. El foro cont\u00f3 con la participaci\u00f3n de cuatro destacados invitados: Paola Moreno, vocera de la Junta de Vecinos Rondizzoni; Jos\u00e9 Osorio, presidente de la Asociaci\u00f3n Nacional de Barrios Patrimoniales; Pabla Ocares, representante de la organizaci\u00f3n Levantemos Parque La Salle; y Daniel Lanfranco, Coordinador del Colectivo Mu\u00e9vete.\",\"breadcrumb\":{\"@id\":\"https:\/\/fadeu.urantiacos.cl\/en\/2022\/05\/23\/cursos-de-pregrado-ieut-fomentan-la-discusion-sobre-la-organizacion-vecinal-y-la-participacion-ciudadana\/#breadcrumb\"},\"inLanguage\":\"en-US\",\"potentialAction\":[{\"@type\":\"ReadAction\",\"target\":[\"https:\/\/fadeu.urantiacos.cl\/en\/2022\/05\/23\/cursos-de-pregrado-ieut-fomentan-la-discusion-sobre-la-organizacion-vecinal-y-la-participacion-ciudadana\/\"]}]},{\"@type\":\"ImageObject\",\"inLanguage\":\"en-US\",\"@id\":\"https:\/\/fadeu.urantiacos.cl\/en\/2022\/05\/23\/cursos-de-pregrado-ieut-fomentan-la-discusion-sobre-la-organizacion-vecinal-y-la-participacion-ciudadana\/#primaryimage\",\"url\":\"https:\/\/fadeu.urantiacos.cl\/wp-content\/uploads\/2023\/09\/2-1024x472_web.jpg\",\"contentUrl\":\"https:\/\/fadeu.urantiacos.cl\/wp-content\/uploads\/2023\/09\/2-1024x472_web.jpg\",\"width\":350,\"height\":250},{\"@type\":\"BreadcrumbList\",\"@id\":\"https:\/\/fadeu.urantiacos.cl\/en\/2022\/05\/23\/cursos-de-pregrado-ieut-fomentan-la-discusion-sobre-la-organizacion-vecinal-y-la-participacion-ciudadana\/#breadcrumb\",\"itemListElement\":[{\"@type\":\"ListItem\",\"position\":1,\"name\":\"Portada\",\"item\":\"https:\/\/fadeu.urantiacos.cl\/en\/\"},{\"@type\":\"ListItem\",\"position\":2,\"name\":\"Cursos de pregrado IEUT fomentan la discusi\u00f3n sobre la organizaci\u00f3n vecinal y la participaci\u00f3n ciudadana\"}]},{\"@type\":\"WebSite\",\"@id\":\"https:\/\/fadeu.urantiacos.cl\/en\/#website\",\"url\":\"https:\/\/fadeu.urantiacos.cl\/en\/\",\"name\":\"Facultad de Arquitectura, Dise\u00f1o y Estudios Urbanos\",\"description\":\"Campus Lo Contador\",\"potentialAction\":[{\"@type\":\"SearchAction\",\"target\":{\"@type\":\"EntryPoint\",\"urlTemplate\":\"https:\/\/fadeu.urantiacos.cl\/en\/?s={search_term_string}\"},\"query-input\":{\"@type\":\"PropertyValueSpecification\",\"valueRequired\":true,\"valueName\":\"search_term_string\"}}],\"inLanguage\":\"en-US\"},{\"@type\":\"Person\",\"@id\":\"https:\/\/fadeu.urantiacos.cl\/en\/#\/schema\/person\/d203e2e84b1c40275eac77b3061a19a2\",\"name\":\"manadmin\",\"image\":{\"@type\":\"ImageObject\",\"inLanguage\":\"en-US\",\"@id\":\"https:\/\/fadeu.urantiacos.cl\/en\/#\/schema\/person\/image\/\",\"url\":\"https:\/\/secure.gravatar.com\/avatar\/4b1d8e3303b4a9d8968ac578947d8bc80d9aea359f388cdd4aac15cadc0e8447?s=96&d=mm&r=g\",\"contentUrl\":\"https:\/\/secure.gravatar.com\/avatar\/4b1d8e3303b4a9d8968ac578947d8bc80d9aea359f388cdd4aac15cadc0e8447?s=96&d=mm&r=g\",\"caption\":\"manadmin\"},\"sameAs\":[\"https:\/\/fadeu.urantiacos.cl\"]}]}<\/script>\n<!-- \/ Yoast SEO plugin. -->","yoast_head_json":{"title":"Cursos de pregrado IEUT fomentan la discusi\u00f3n sobre la organizaci\u00f3n vecinal y la participaci\u00f3n ciudadana - Facultad de Arquitectura, Dise\u00f1o y Estudios Urbanos","description":"\u201c\u00bfQui\u00e9nes construyen hoy la agenda de la ciudad desde los territorios?\u201d Esta fue esta la pregunta central que el lunes 9 de mayo abri\u00f3 un foro con representantes de la sociedad civil, organizado en el marco de los cursos de pregrado Sociolog\u00eda de las Grandes Ciudades y Exploraciones Urbanas que dictan los profesores Christian Matus y Giovanni Vecchio del Instituto de Estudios Urbanos y Territoriales. Frente a m\u00e1s de 100 estudiantes, los invitados discutieron los temas claves que deben ser considerados por una agenda ciudadana que visibilice las demandas de los territorios. El foro cont\u00f3 con la participaci\u00f3n de cuatro destacados invitados: Paola Moreno, vocera de la Junta de Vecinos Rondizzoni; Jos\u00e9 Osorio, presidente de la Asociaci\u00f3n Nacional de Barrios Patrimoniales; Pabla Ocares, representante de la organizaci\u00f3n Levantemos Parque La Salle; y Daniel Lanfranco, Coordinador del Colectivo Mu\u00e9vete.","robots":{"index":"index","follow":"follow","max-snippet":"max-snippet:-1","max-image-preview":"max-image-preview:large","max-video-preview":"max-video-preview:-1"},"canonical":"https:\/\/fadeu.urantiacos.cl\/en\/2022\/05\/23\/cursos-de-pregrado-ieut-fomentan-la-discusion-sobre-la-organizacion-vecinal-y-la-participacion-ciudadana\/","og_locale":"en_US","og_type":"article","og_title":"Cursos de pregrado IEUT fomentan la discusi\u00f3n sobre la organizaci\u00f3n vecinal y la participaci\u00f3n ciudadana - Facultad de Arquitectura, Dise\u00f1o y Estudios Urbanos","og_description":"\u201c\u00bfQui\u00e9nes construyen hoy la agenda de la ciudad desde los territorios?\u201d Esta fue esta la pregunta central que el lunes 9 de mayo abri\u00f3 un foro con representantes de la sociedad civil, organizado en el marco de los cursos de pregrado Sociolog\u00eda de las Grandes Ciudades y Exploraciones Urbanas que dictan los profesores Christian Matus y Giovanni Vecchio del Instituto de Estudios Urbanos y Territoriales. Frente a m\u00e1s de 100 estudiantes, los invitados discutieron los temas claves que deben ser considerados por una agenda ciudadana que visibilice las demandas de los territorios. El foro cont\u00f3 con la participaci\u00f3n de cuatro destacados invitados: Paola Moreno, vocera de la Junta de Vecinos Rondizzoni; Jos\u00e9 Osorio, presidente de la Asociaci\u00f3n Nacional de Barrios Patrimoniales; Pabla Ocares, representante de la organizaci\u00f3n Levantemos Parque La Salle; y Daniel Lanfranco, Coordinador del Colectivo Mu\u00e9vete.","og_url":"https:\/\/fadeu.urantiacos.cl\/en\/2022\/05\/23\/cursos-de-pregrado-ieut-fomentan-la-discusion-sobre-la-organizacion-vecinal-y-la-participacion-ciudadana\/","og_site_name":"Facultad de Arquitectura, Dise\u00f1o y Estudios Urbanos","article_published_time":"2022-05-23T23:26:00+00:00","article_modified_time":"2023-09-04T23:29:02+00:00","og_image":[{"width":350,"height":250,"url":"https:\/\/fadeu.urantiacos.cl\/wp-content\/uploads\/2023\/09\/2-1024x472_web.jpg","type":"image\/jpeg"}],"author":"manadmin","twitter_card":"summary_large_image","twitter_misc":{"Written by":"manadmin","Est. reading time":"2 minutes"},"schema":{"@context":"https:\/\/schema.org","@graph":[{"@type":"Article","@id":"https:\/\/fadeu.urantiacos.cl\/en\/2022\/05\/23\/cursos-de-pregrado-ieut-fomentan-la-discusion-sobre-la-organizacion-vecinal-y-la-participacion-ciudadana\/#article","isPartOf":{"@id":"https:\/\/fadeu.urantiacos.cl\/en\/2022\/05\/23\/cursos-de-pregrado-ieut-fomentan-la-discusion-sobre-la-organizacion-vecinal-y-la-participacion-ciudadana\/"},"author":{"name":"manadmin","@id":"https:\/\/fadeu.urantiacos.cl\/en\/#\/schema\/person\/d203e2e84b1c40275eac77b3061a19a2"},"headline":"Cursos de pregrado IEUT fomentan la discusi\u00f3n sobre la organizaci\u00f3n vecinal y la participaci\u00f3n ciudadana","datePublished":"2022-05-23T23:26:00+00:00","dateModified":"2023-09-04T23:29:02+00:00","mainEntityOfPage":{"@id":"https:\/\/fadeu.urantiacos.cl\/en\/2022\/05\/23\/cursos-de-pregrado-ieut-fomentan-la-discusion-sobre-la-organizacion-vecinal-y-la-participacion-ciudadana\/"},"wordCount":469,"commentCount":0,"image":{"@id":"https:\/\/fadeu.urantiacos.cl\/en\/2022\/05\/23\/cursos-de-pregrado-ieut-fomentan-la-discusion-sobre-la-organizacion-vecinal-y-la-participacion-ciudadana\/#primaryimage"},"thumbnailUrl":"https:\/\/fadeu.urantiacos.cl\/wp-content\/uploads\/2023\/09\/2-1024x472_web.jpg","articleSection":["Sin categorizar"],"inLanguage":"en-US","potentialAction":[{"@type":"CommentAction","name":"Comment","target":["https:\/\/fadeu.urantiacos.cl\/en\/2022\/05\/23\/cursos-de-pregrado-ieut-fomentan-la-discusion-sobre-la-organizacion-vecinal-y-la-participacion-ciudadana\/#respond"]}]},{"@type":"WebPage","@id":"https:\/\/fadeu.urantiacos.cl\/en\/2022\/05\/23\/cursos-de-pregrado-ieut-fomentan-la-discusion-sobre-la-organizacion-vecinal-y-la-participacion-ciudadana\/","url":"https:\/\/fadeu.urantiacos.cl\/en\/2022\/05\/23\/cursos-de-pregrado-ieut-fomentan-la-discusion-sobre-la-organizacion-vecinal-y-la-participacion-ciudadana\/","name":"Cursos de pregrado IEUT fomentan la discusi\u00f3n sobre la organizaci\u00f3n vecinal y la participaci\u00f3n ciudadana - Facultad de Arquitectura, Dise\u00f1o y Estudios Urbanos","isPartOf":{"@id":"https:\/\/fadeu.urantiacos.cl\/en\/#website"},"primaryImageOfPage":{"@id":"https:\/\/fadeu.urantiacos.cl\/en\/2022\/05\/23\/cursos-de-pregrado-ieut-fomentan-la-discusion-sobre-la-organizacion-vecinal-y-la-participacion-ciudadana\/#primaryimage"},"image":{"@id":"https:\/\/fadeu.urantiacos.cl\/en\/2022\/05\/23\/cursos-de-pregrado-ieut-fomentan-la-discusion-sobre-la-organizacion-vecinal-y-la-participacion-ciudadana\/#primaryimage"},"thumbnailUrl":"https:\/\/fadeu.urantiacos.cl\/wp-content\/uploads\/2023\/09\/2-1024x472_web.jpg","datePublished":"2022-05-23T23:26:00+00:00","dateModified":"2023-09-04T23:29:02+00:00","author":{"@id":"https:\/\/fadeu.urantiacos.cl\/en\/#\/schema\/person\/d203e2e84b1c40275eac77b3061a19a2"},"description":"\u201c\u00bfQui\u00e9nes construyen hoy la agenda de la ciudad desde los territorios?\u201d Esta fue esta la pregunta central que el lunes 9 de mayo abri\u00f3 un foro con representantes de la sociedad civil, organizado en el marco de los cursos de pregrado Sociolog\u00eda de las Grandes Ciudades y Exploraciones Urbanas que dictan los profesores Christian Matus y Giovanni Vecchio del Instituto de Estudios Urbanos y Territoriales. Frente a m\u00e1s de 100 estudiantes, los invitados discutieron los temas claves que deben ser considerados por una agenda ciudadana que visibilice las demandas de los territorios. El foro cont\u00f3 con la participaci\u00f3n de cuatro destacados invitados: Paola Moreno, vocera de la Junta de Vecinos Rondizzoni; Jos\u00e9 Osorio, presidente de la Asociaci\u00f3n Nacional de Barrios Patrimoniales; Pabla Ocares, representante de la organizaci\u00f3n Levantemos Parque La Salle; y Daniel Lanfranco, Coordinador del Colectivo Mu\u00e9vete.","breadcrumb":{"@id":"https:\/\/fadeu.urantiacos.cl\/en\/2022\/05\/23\/cursos-de-pregrado-ieut-fomentan-la-discusion-sobre-la-organizacion-vecinal-y-la-participacion-ciudadana\/#breadcrumb"},"inLanguage":"en-US","potentialAction":[{"@type":"ReadAction","target":["https:\/\/fadeu.urantiacos.cl\/en\/2022\/05\/23\/cursos-de-pregrado-ieut-fomentan-la-discusion-sobre-la-organizacion-vecinal-y-la-participacion-ciudadana\/"]}]},{"@type":"ImageObject","inLanguage":"en-US","@id":"https:\/\/fadeu.urantiacos.cl\/en\/2022\/05\/23\/cursos-de-pregrado-ieut-fomentan-la-discusion-sobre-la-organizacion-vecinal-y-la-participacion-ciudadana\/#primaryimage","url":"https:\/\/fadeu.urantiacos.cl\/wp-content\/uploads\/2023\/09\/2-1024x472_web.jpg","contentUrl":"https:\/\/fadeu.urantiacos.cl\/wp-content\/uploads\/2023\/09\/2-1024x472_web.jpg","width":350,"height":250},{"@type":"BreadcrumbList","@id":"https:\/\/fadeu.urantiacos.cl\/en\/2022\/05\/23\/cursos-de-pregrado-ieut-fomentan-la-discusion-sobre-la-organizacion-vecinal-y-la-participacion-ciudadana\/#breadcrumb","itemListElement":[{"@type":"ListItem","position":1,"name":"Portada","item":"https:\/\/fadeu.urantiacos.cl\/en\/"},{"@type":"ListItem","position":2,"name":"Cursos de pregrado IEUT fomentan la discusi\u00f3n sobre la organizaci\u00f3n vecinal y la participaci\u00f3n ciudadana"}]},{"@type":"WebSite","@id":"https:\/\/fadeu.urantiacos.cl\/en\/#website","url":"https:\/\/fadeu.urantiacos.cl\/en\/","name":"Facultad de Arquitectura, Dise\u00f1o y Estudios Urbanos","description":"Campus Lo Contador","potentialAction":[{"@type":"SearchAction","target":{"@type":"EntryPoint","urlTemplate":"https:\/\/fadeu.urantiacos.cl\/en\/?s={search_term_string}"},"query-input":{"@type":"PropertyValueSpecification","valueRequired":true,"valueName":"search_term_string"}}],"inLanguage":"en-US"},{"@type":"Person","@id":"https:\/\/fadeu.urantiacos.cl\/en\/#\/schema\/person\/d203e2e84b1c40275eac77b3061a19a2","name":"manadmin","image":{"@type":"ImageObject","inLanguage":"en-US","@id":"https:\/\/fadeu.urantiacos.cl\/en\/#\/schema\/person\/image\/","url":"https:\/\/secure.gravatar.com\/avatar\/4b1d8e3303b4a9d8968ac578947d8bc80d9aea359f388cdd4aac15cadc0e8447?s=96&d=mm&r=g","contentUrl":"https:\/\/secure.gravatar.com\/avatar\/4b1d8e3303b4a9d8968ac578947d8bc80d9aea359f388cdd4aac15cadc0e8447?s=96&d=mm&r=g","caption":"manadmin"},"sameAs":["https:\/\/fadeu.urantiacos.cl"]}]}},"_links":{"self":[{"href":"https:\/\/fadeu.urantiacos.cl\/en\/wp-json\/wp\/v2\/posts\/4871","targetHints":{"allow":["GET"]}}],"collection":[{"href":"https:\/\/fadeu.urantiacos.cl\/en\/wp-json\/wp\/v2\/posts"}],"about":[{"href":"https:\/\/fadeu.urantiacos.cl\/en\/wp-json\/wp\/v2\/types\/post"}],"author":[{"embeddable":true,"href":"https:\/\/fadeu.urantiacos.cl\/en\/wp-json\/wp\/v2\/users\/1"}],"replies":[{"embeddable":true,"href":"https:\/\/fadeu.urantiacos.cl\/en\/wp-json\/wp\/v2\/comments?post=4871"}],"version-history":[{"count":1,"href":"https:\/\/fadeu.urantiacos.cl\/en\/wp-json\/wp\/v2\/posts\/4871\/revisions"}],"predecessor-version":[{"id":4874,"href":"https:\/\/fadeu.urantiacos.cl\/en\/wp-json\/wp\/v2\/posts\/4871\/revisions\/4874"}],"wp:featuredmedia":[{"embeddable":true,"href":"https:\/\/fadeu.urantiacos.cl\/en\/wp-json\/wp\/v2\/media\/4872"}],"wp:attachment":[{"href":"https:\/\/fadeu.urantiacos.cl\/en\/wp-json\/wp\/v2\/media?parent=4871"}],"wp:term":[{"taxonomy":"category","embeddable":true,"href":"https:\/\/fadeu.urantiacos.cl\/en\/wp-json\/wp\/v2\/categories?post=4871"},{"taxonomy":"post_tag","embeddable":true,"href":"https:\/\/fadeu.urantiacos.cl\/en\/wp-json\/wp\/v2\/tags?post=4871"}],"curies":[{"name":"wp","href":"https:\/\/api.w.org\/{rel}","templated":true}]}}