{"id":4862,"date":"2022-05-23T20:19:00","date_gmt":"2022-05-23T23:19:00","guid":{"rendered":"https:\/\/fadeu.urantiacos.cl\/?p=4862"},"modified":"2023-10-24T12:05:27","modified_gmt":"2023-10-24T15:05:27","slug":"asi-es-el-robusto-programa-para-celebrar-el-dia-del-patrimonio-2022-en-la-uc","status":"publish","type":"post","link":"https:\/\/fadeu.urantiacos.cl\/en\/2022\/05\/23\/asi-es-el-robusto-programa-para-celebrar-el-dia-del-patrimonio-2022-en-la-uc\/","title":{"rendered":"As\u00ed es el robusto programa para celebrar el D\u00eda del Patrimonio 2022 en la UC"},"content":{"rendered":"\n<p>La Vicerrector\u00eda de Comunicaciones y Extensi\u00f3n Cultural, a trav\u00e9s del&nbsp;<a rel=\"noreferrer noopener\" href=\"https:\/\/centropatrimonio.uc.cl\/\" target=\"_blank\">Centro del Patrimonio Cultural<\/a>, que dirige el profesor de la escuela de Arquitectura, Umberto Bonomo, se encuentra alistando los detalles finales de lo que ser\u00e1 la celebraci\u00f3n&nbsp;2022 del D\u00eda del&nbsp;Patrimonio en la Universidad Cat\u00f3lica, a realizarse los d\u00edas 28 y 29 de mayo en los distintos campus de la casa de estudios superiores.<\/p>\n\n\n\n<figure class=\"wp-block-image size-full\"><img decoding=\"async\" width=\"700\" height=\"532\" src=\"https:\/\/fadeu.urantiacos.cl\/wp-content\/uploads\/2023\/09\/foster_uc.700x532.jpg\" alt=\"\" class=\"wp-image-4863\" srcset=\"https:\/\/fadeu.urantiacos.cl\/wp-content\/uploads\/2023\/09\/foster_uc.700x532.jpg 700w, https:\/\/fadeu.urantiacos.cl\/wp-content\/uploads\/2023\/09\/foster_uc.700x532-300x228.jpg 300w\" sizes=\"(max-width: 700px) 100vw, 700px\" \/><\/figure>\n\n\n\n<p>Como es sabido,\u00a0el D\u00eda del Patrimonio\u00a0se trata de una gran fiesta para Chile, que la UC celebra cada a\u00f1o abriendo sus sedes y campus a lo largo del territorio nacional. En esta celebraci\u00f3n se exhiben los Monumentos Nacionales que la universidad conserva y las obras de arte, artesan\u00eda y archivos documentales que conforman sus colecciones, instancias en la que la comunidad universitaria y el p\u00fablico en general participa, que, recorriendo los campus, participando de visitas guiadas y celebraciones convocadas.<\/p>\n\n\n\n<p>\u201cLa Universidad Cat\u00f3lica, por encargo de nuestro rector Ignacio S\u00e1nchez, abre las puertas de sus cinco campus a la ciudadan\u00eda, para poner en valor el patrimonio que existe en cada uno de nuestros espacios acad\u00e9micos, de manera tal de vincularnos activamente con la sociedad y abrir las puertas de nuestro lugar de estudio, investigaci\u00f3n y formaci\u00f3n para el libre acceso de todos y todas\u201d, explica el director del Centro del Patrimonio Cultural, Umberto Bonomo.<\/p>\n\n\n\n<p>En esta l\u00ednea, Bonomo hace un llamado a la comunidad a visitar los campus de la universidad. \u201cEs una oportunidad valios\u00edsima para vincularnos con el quehacer patrimonial de todos nuestros campus, que son el de Villarrica, Casa Central, Lo Contador, San Joaqu\u00edn y Oriente, cada uno con su propia historia y contexto\u201d, agreg\u00f3.<\/p>\n\n\n\n<p><strong>Grupos tem\u00e1ticos<\/strong><\/p>\n\n\n\n<p><strong>&nbsp;Cada campus funcionar\u00e1 este a\u00f1o bajo una tem\u00e1tica:<\/strong><\/p>\n\n\n\n<p>-Campus Villarrica:&nbsp;\u201cPatrimonio es relevar las lenguas y las culturas\u201d.<br>-Campus Lo Contador:&nbsp;\u201cArtesan\u00edas y las culturas populares\u201d.<br>-Campus Oriente:&nbsp;\u201cLa experiencia de las artes como patrimonio\u201d.<br>-Campus San Joaqu\u00edn:&nbsp;\u201cLa ciudad del saber y los patrimonios del futuro\u201d.<br>-Campus Casa central:&nbsp;\u201cLos contrapuntos de los patrimonios. De la Espiritualidad a la cultura del conocimiento\u201d.<\/p>\n\n\n\n<p>Son m\u00e1s de 70 actividades pensadas para la ciudadan\u00eda en los distintos campus de la UC. Destacan, por ejemplo, las visitas guiadas en Casa Central, San Joaqu\u00edn y Oriente; visitas al observatorio Manuel Foster (ubicado en el cerro San Crist\u00f3bal, donado por la UC). En el campus Lo Contador se realizar\u00e1n: el taller para ni\u00f1os y ni\u00f1as \u201cMi laboratorio de Artesan\u00eda\u201d; talleres de confecci\u00f3n de volantines; la Exposici\u00f3n de la Galer\u00eda de Artesan\u00eda UC; la visita guiada a la Galer\u00eda GALLO; y el lanzamiento este 28 de mayo en Lo Contador del libro&nbsp;<a href=\"https:\/\/ediciones.uc.cl\/santiago-en-1850-james-melville-gilliss-un-astronomo-norteamericano-en-chile-config-9789561429376.html\" target=\"_blank\" rel=\"noreferrer noopener\">&#8220;Santiago en 1850&#8221; (Ediciones UC)<\/a>, del profesor de la Escuela de Arquitectura, Germ\u00e1n Hidalgo.<\/p>\n\n\n\n<p>Adem\u00e1s, se realizar\u00e1&nbsp;una serie de actividades en distintos espacios que la universidad tiene no necesariamente en sus campus, como, por ejemplo, la muestra de cuidados de animales de granja y muestra fotogr\u00e1fica en Pirque y otras actividades que se desarrollar\u00e1n inclusive en otras ciudades y regiones (Los Vilos, Las Cruces, Coquimbo, Valpara\u00edso y otras).<\/p>\n\n\n\n<p>Si quieres revisar todas las actividades programadas para el fin de semana del 28 y 29 de mayo, la Direcci\u00f3n Digital de la universidad est\u00e1 preparando un sitio web especial para revisar en&nbsp;<a href=\"https:\/\/www.uc.cl\/\" target=\"_blank\" rel=\"noreferrer noopener\">www.uc.cl<\/a>&nbsp;en los pr\u00f3ximos d\u00edas.<\/p>\n\n\n\n<figure class=\"wp-block-image size-full\"><img decoding=\"async\" width=\"700\" height=\"467\" src=\"https:\/\/fadeu.urantiacos.cl\/wp-content\/uploads\/2023\/09\/mg_0200_oriente.jpeg\" alt=\"\" class=\"wp-image-4864\" srcset=\"https:\/\/fadeu.urantiacos.cl\/wp-content\/uploads\/2023\/09\/mg_0200_oriente.jpeg 700w, https:\/\/fadeu.urantiacos.cl\/wp-content\/uploads\/2023\/09\/mg_0200_oriente-300x200.jpeg 300w\" sizes=\"(max-width: 700px) 100vw, 700px\" \/><\/figure>\n\n\n\n<h3 class=\"wp-block-heading\">Las &#8220;Gu\u00edas de los campus&#8221; y la proyecci\u00f3n del patrimonio<\/h3>\n\n\n\n<p>Desde la&nbsp;<a href=\"https:\/\/fadeu.urantiacos.cl\/\" target=\"_blank\" rel=\"noreferrer noopener\">Facultad de Arquitectura, Dise\u00f1o y Estudios Urbanos<\/a>&nbsp;(FADEU), en un trabajo conjunto con el Centro del Patrimonio Cultural UC, se han dise\u00f1ado dos gu\u00edas, editadas por la profesora y directora de Comunicaciones FADEU, Macarena Cort\u00e9s, una del campus Lo Contador y otra del campus Oriente, que dan cuenta de la historia, la descripci\u00f3n de su arquitectura, obras de arte, rese\u00f1as de distintos acad\u00e9micos y acad\u00e9micas, y un completo an\u00e1lisis de la inserci\u00f3n de cada campus en el barrio y la ciudad.&nbsp;<\/p>\n\n\n\n<p>Se trata de una coedici\u00f3n entre Ediciones UC y Ediciones ARQ y que, adem\u00e1s de estar disponibles en Librer\u00edas UC, est\u00e1n a la venta en la&nbsp;p\u00e1gina&nbsp;ediciones.uc.cl.<\/p>\n\n\n\n<p>\u201cLas gu\u00edas son un esfuerzo acad\u00e9mico, intelectual y proyectual que ponen en valor la historia y el patrimonio de los campus Lo Contador y Oriente, con el apoyo en la edici\u00f3n de los profesores Jos\u00e9 Rosas y Umberto Bonomo, respectivamente, a trav\u00e9s de un levantamiento exhaustivo de sus espacios, esculturas, construcciones, galer\u00edas y otros. Las gu\u00edas han sido un aporte a la puesta en valor de ambos campus, y estamos trabajando ya en la elaboraci\u00f3n de la gu\u00eda de Casa Central, que contar\u00e1 con el apoyo en la edici\u00f3n de la Vicerrectora de Comunicaciones, Magdalena Amen\u00e1bar\u201d, advirti\u00f3 Macarena Cort\u00e9s, Directora de Comunicaciones FADEU, y editora del proyecto.<\/p>\n\n\n\n<p><\/p>\n\n\n\n<p><\/p>\n\n\n\n<p>INFORAMCI\u00d3N PERIOD\u00cdSTICA<br>JUAN ANDR\u00c9S INZUNZA<\/p>\n","protected":false},"excerpt":{"rendered":"<p>La agenda para los d\u00edas s\u00e1bado 28 y domingo 29 de mayo contempla m\u00e1s de 70 actividades pensadas para la ciudadan\u00eda en los distintos campus de la universidad. Adem\u00e1s, cada campus, incluyendo la sede de Villarrica, funcionar\u00e1 bajo una tem\u00e1tica distintas.<\/p>\n","protected":false},"author":1,"featured_media":4865,"comment_status":"open","ping_status":"open","sticky":false,"template":"","format":"standard","meta":{"_acf_changed":false,"footnotes":""},"categories":[1],"tags":[],"class_list":["post-4862","post","type-post","status-publish","format-standard","has-post-thumbnail","hentry","category-sin-categorizar"],"acf":[],"yoast_head":"<!-- This site is optimized with the Yoast SEO plugin v27.1.1 - https:\/\/yoast.com\/product\/yoast-seo-wordpress\/ -->\n<title>As\u00ed es el robusto programa para celebrar el D\u00eda del Patrimonio 2022 en la UC - Facultad de Arquitectura, Dise\u00f1o y Estudios Urbanos<\/title>\n<meta name=\"description\" content=\"La agenda para los d\u00edas s\u00e1bado 28 y domingo 29 de mayo contempla m\u00e1s de 70 actividades pensadas para la ciudadan\u00eda en los distintos campus de la universidad. Adem\u00e1s, cada campus, incluyendo la sede de Villarrica, funcionar\u00e1 bajo una tem\u00e1tica distintas.\" \/>\n<meta name=\"robots\" content=\"index, follow, max-snippet:-1, max-image-preview:large, max-video-preview:-1\" \/>\n<link rel=\"canonical\" href=\"https:\/\/fadeu.urantiacos.cl\/en\/2022\/05\/23\/asi-es-el-robusto-programa-para-celebrar-el-dia-del-patrimonio-2022-en-la-uc\/\" \/>\n<meta property=\"og:locale\" content=\"en_US\" \/>\n<meta property=\"og:type\" content=\"article\" \/>\n<meta property=\"og:title\" content=\"As\u00ed es el robusto programa para celebrar el D\u00eda del Patrimonio 2022 en la UC - Facultad de Arquitectura, Dise\u00f1o y Estudios Urbanos\" \/>\n<meta property=\"og:description\" content=\"La agenda para los d\u00edas s\u00e1bado 28 y domingo 29 de mayo contempla m\u00e1s de 70 actividades pensadas para la ciudadan\u00eda en los distintos campus de la universidad. Adem\u00e1s, cada campus, incluyendo la sede de Villarrica, funcionar\u00e1 bajo una tem\u00e1tica distintas.\" \/>\n<meta property=\"og:url\" content=\"https:\/\/fadeu.urantiacos.cl\/en\/2022\/05\/23\/asi-es-el-robusto-programa-para-celebrar-el-dia-del-patrimonio-2022-en-la-uc\/\" \/>\n<meta property=\"og:site_name\" content=\"Facultad de Arquitectura, Dise\u00f1o y Estudios Urbanos\" \/>\n<meta property=\"article:published_time\" content=\"2022-05-23T23:19:00+00:00\" \/>\n<meta property=\"article:modified_time\" content=\"2023-10-24T15:05:27+00:00\" \/>\n<meta property=\"og:image\" content=\"https:\/\/fadeu.urantiacos.cl\/wp-content\/uploads\/2023\/09\/WEB_mg_0200_oriente.jpg\" \/>\n\t<meta property=\"og:image:width\" content=\"350\" \/>\n\t<meta property=\"og:image:height\" content=\"250\" \/>\n\t<meta property=\"og:image:type\" content=\"image\/jpeg\" \/>\n<meta name=\"author\" content=\"manadmin\" \/>\n<meta name=\"twitter:card\" content=\"summary_large_image\" \/>\n<meta name=\"twitter:label1\" content=\"Written by\" \/>\n\t<meta name=\"twitter:data1\" content=\"manadmin\" \/>\n\t<meta name=\"twitter:label2\" content=\"Est. reading time\" \/>\n\t<meta name=\"twitter:data2\" content=\"4 minutes\" \/>\n<script type=\"application\/ld+json\" class=\"yoast-schema-graph\">{\"@context\":\"https:\/\/schema.org\",\"@graph\":[{\"@type\":\"Article\",\"@id\":\"https:\/\/fadeu.urantiacos.cl\/en\/2022\/05\/23\/asi-es-el-robusto-programa-para-celebrar-el-dia-del-patrimonio-2022-en-la-uc\/#article\",\"isPartOf\":{\"@id\":\"https:\/\/fadeu.urantiacos.cl\/en\/2022\/05\/23\/asi-es-el-robusto-programa-para-celebrar-el-dia-del-patrimonio-2022-en-la-uc\/\"},\"author\":{\"name\":\"manadmin\",\"@id\":\"https:\/\/fadeu.urantiacos.cl\/en\/#\/schema\/person\/d203e2e84b1c40275eac77b3061a19a2\"},\"headline\":\"As\u00ed es el robusto programa para celebrar el D\u00eda del Patrimonio 2022 en la UC\",\"datePublished\":\"2022-05-23T23:19:00+00:00\",\"dateModified\":\"2023-10-24T15:05:27+00:00\",\"mainEntityOfPage\":{\"@id\":\"https:\/\/fadeu.urantiacos.cl\/en\/2022\/05\/23\/asi-es-el-robusto-programa-para-celebrar-el-dia-del-patrimonio-2022-en-la-uc\/\"},\"wordCount\":877,\"commentCount\":0,\"image\":{\"@id\":\"https:\/\/fadeu.urantiacos.cl\/en\/2022\/05\/23\/asi-es-el-robusto-programa-para-celebrar-el-dia-del-patrimonio-2022-en-la-uc\/#primaryimage\"},\"thumbnailUrl\":\"https:\/\/fadeu.urantiacos.cl\/wp-content\/uploads\/2023\/09\/WEB_mg_0200_oriente.jpg\",\"articleSection\":[\"Sin categorizar\"],\"inLanguage\":\"en-US\",\"potentialAction\":[{\"@type\":\"CommentAction\",\"name\":\"Comment\",\"target\":[\"https:\/\/fadeu.urantiacos.cl\/en\/2022\/05\/23\/asi-es-el-robusto-programa-para-celebrar-el-dia-del-patrimonio-2022-en-la-uc\/#respond\"]}]},{\"@type\":\"WebPage\",\"@id\":\"https:\/\/fadeu.urantiacos.cl\/en\/2022\/05\/23\/asi-es-el-robusto-programa-para-celebrar-el-dia-del-patrimonio-2022-en-la-uc\/\",\"url\":\"https:\/\/fadeu.urantiacos.cl\/en\/2022\/05\/23\/asi-es-el-robusto-programa-para-celebrar-el-dia-del-patrimonio-2022-en-la-uc\/\",\"name\":\"As\u00ed es el robusto programa para celebrar el D\u00eda del Patrimonio 2022 en la UC - Facultad de Arquitectura, Dise\u00f1o y Estudios Urbanos\",\"isPartOf\":{\"@id\":\"https:\/\/fadeu.urantiacos.cl\/en\/#website\"},\"primaryImageOfPage\":{\"@id\":\"https:\/\/fadeu.urantiacos.cl\/en\/2022\/05\/23\/asi-es-el-robusto-programa-para-celebrar-el-dia-del-patrimonio-2022-en-la-uc\/#primaryimage\"},\"image\":{\"@id\":\"https:\/\/fadeu.urantiacos.cl\/en\/2022\/05\/23\/asi-es-el-robusto-programa-para-celebrar-el-dia-del-patrimonio-2022-en-la-uc\/#primaryimage\"},\"thumbnailUrl\":\"https:\/\/fadeu.urantiacos.cl\/wp-content\/uploads\/2023\/09\/WEB_mg_0200_oriente.jpg\",\"datePublished\":\"2022-05-23T23:19:00+00:00\",\"dateModified\":\"2023-10-24T15:05:27+00:00\",\"author\":{\"@id\":\"https:\/\/fadeu.urantiacos.cl\/en\/#\/schema\/person\/d203e2e84b1c40275eac77b3061a19a2\"},\"description\":\"La agenda para los d\u00edas s\u00e1bado 28 y domingo 29 de mayo contempla m\u00e1s de 70 actividades pensadas para la ciudadan\u00eda en los distintos campus de la universidad. Adem\u00e1s, cada campus, incluyendo la sede de Villarrica, funcionar\u00e1 bajo una tem\u00e1tica distintas.\",\"breadcrumb\":{\"@id\":\"https:\/\/fadeu.urantiacos.cl\/en\/2022\/05\/23\/asi-es-el-robusto-programa-para-celebrar-el-dia-del-patrimonio-2022-en-la-uc\/#breadcrumb\"},\"inLanguage\":\"en-US\",\"potentialAction\":[{\"@type\":\"ReadAction\",\"target\":[\"https:\/\/fadeu.urantiacos.cl\/en\/2022\/05\/23\/asi-es-el-robusto-programa-para-celebrar-el-dia-del-patrimonio-2022-en-la-uc\/\"]}]},{\"@type\":\"ImageObject\",\"inLanguage\":\"en-US\",\"@id\":\"https:\/\/fadeu.urantiacos.cl\/en\/2022\/05\/23\/asi-es-el-robusto-programa-para-celebrar-el-dia-del-patrimonio-2022-en-la-uc\/#primaryimage\",\"url\":\"https:\/\/fadeu.urantiacos.cl\/wp-content\/uploads\/2023\/09\/WEB_mg_0200_oriente.jpg\",\"contentUrl\":\"https:\/\/fadeu.urantiacos.cl\/wp-content\/uploads\/2023\/09\/WEB_mg_0200_oriente.jpg\",\"width\":350,\"height\":250},{\"@type\":\"BreadcrumbList\",\"@id\":\"https:\/\/fadeu.urantiacos.cl\/en\/2022\/05\/23\/asi-es-el-robusto-programa-para-celebrar-el-dia-del-patrimonio-2022-en-la-uc\/#breadcrumb\",\"itemListElement\":[{\"@type\":\"ListItem\",\"position\":1,\"name\":\"Portada\",\"item\":\"https:\/\/fadeu.urantiacos.cl\/en\/\"},{\"@type\":\"ListItem\",\"position\":2,\"name\":\"As\u00ed es el robusto programa para celebrar el D\u00eda del Patrimonio 2022 en la UC\"}]},{\"@type\":\"WebSite\",\"@id\":\"https:\/\/fadeu.urantiacos.cl\/en\/#website\",\"url\":\"https:\/\/fadeu.urantiacos.cl\/en\/\",\"name\":\"Facultad de Arquitectura, Dise\u00f1o y Estudios Urbanos\",\"description\":\"Campus Lo Contador\",\"potentialAction\":[{\"@type\":\"SearchAction\",\"target\":{\"@type\":\"EntryPoint\",\"urlTemplate\":\"https:\/\/fadeu.urantiacos.cl\/en\/?s={search_term_string}\"},\"query-input\":{\"@type\":\"PropertyValueSpecification\",\"valueRequired\":true,\"valueName\":\"search_term_string\"}}],\"inLanguage\":\"en-US\"},{\"@type\":\"Person\",\"@id\":\"https:\/\/fadeu.urantiacos.cl\/en\/#\/schema\/person\/d203e2e84b1c40275eac77b3061a19a2\",\"name\":\"manadmin\",\"image\":{\"@type\":\"ImageObject\",\"inLanguage\":\"en-US\",\"@id\":\"https:\/\/fadeu.urantiacos.cl\/en\/#\/schema\/person\/image\/\",\"url\":\"https:\/\/secure.gravatar.com\/avatar\/4b1d8e3303b4a9d8968ac578947d8bc80d9aea359f388cdd4aac15cadc0e8447?s=96&d=mm&r=g\",\"contentUrl\":\"https:\/\/secure.gravatar.com\/avatar\/4b1d8e3303b4a9d8968ac578947d8bc80d9aea359f388cdd4aac15cadc0e8447?s=96&d=mm&r=g\",\"caption\":\"manadmin\"},\"sameAs\":[\"https:\/\/fadeu.urantiacos.cl\"]}]}<\/script>\n<!-- \/ Yoast SEO plugin. -->","yoast_head_json":{"title":"As\u00ed es el robusto programa para celebrar el D\u00eda del Patrimonio 2022 en la UC - Facultad de Arquitectura, Dise\u00f1o y Estudios Urbanos","description":"La agenda para los d\u00edas s\u00e1bado 28 y domingo 29 de mayo contempla m\u00e1s de 70 actividades pensadas para la ciudadan\u00eda en los distintos campus de la universidad. Adem\u00e1s, cada campus, incluyendo la sede de Villarrica, funcionar\u00e1 bajo una tem\u00e1tica distintas.","robots":{"index":"index","follow":"follow","max-snippet":"max-snippet:-1","max-image-preview":"max-image-preview:large","max-video-preview":"max-video-preview:-1"},"canonical":"https:\/\/fadeu.urantiacos.cl\/en\/2022\/05\/23\/asi-es-el-robusto-programa-para-celebrar-el-dia-del-patrimonio-2022-en-la-uc\/","og_locale":"en_US","og_type":"article","og_title":"As\u00ed es el robusto programa para celebrar el D\u00eda del Patrimonio 2022 en la UC - Facultad de Arquitectura, Dise\u00f1o y Estudios Urbanos","og_description":"La agenda para los d\u00edas s\u00e1bado 28 y domingo 29 de mayo contempla m\u00e1s de 70 actividades pensadas para la ciudadan\u00eda en los distintos campus de la universidad. Adem\u00e1s, cada campus, incluyendo la sede de Villarrica, funcionar\u00e1 bajo una tem\u00e1tica distintas.","og_url":"https:\/\/fadeu.urantiacos.cl\/en\/2022\/05\/23\/asi-es-el-robusto-programa-para-celebrar-el-dia-del-patrimonio-2022-en-la-uc\/","og_site_name":"Facultad de Arquitectura, Dise\u00f1o y Estudios Urbanos","article_published_time":"2022-05-23T23:19:00+00:00","article_modified_time":"2023-10-24T15:05:27+00:00","og_image":[{"width":350,"height":250,"url":"https:\/\/fadeu.urantiacos.cl\/wp-content\/uploads\/2023\/09\/WEB_mg_0200_oriente.jpg","type":"image\/jpeg"}],"author":"manadmin","twitter_card":"summary_large_image","twitter_misc":{"Written by":"manadmin","Est. reading time":"4 minutes"},"schema":{"@context":"https:\/\/schema.org","@graph":[{"@type":"Article","@id":"https:\/\/fadeu.urantiacos.cl\/en\/2022\/05\/23\/asi-es-el-robusto-programa-para-celebrar-el-dia-del-patrimonio-2022-en-la-uc\/#article","isPartOf":{"@id":"https:\/\/fadeu.urantiacos.cl\/en\/2022\/05\/23\/asi-es-el-robusto-programa-para-celebrar-el-dia-del-patrimonio-2022-en-la-uc\/"},"author":{"name":"manadmin","@id":"https:\/\/fadeu.urantiacos.cl\/en\/#\/schema\/person\/d203e2e84b1c40275eac77b3061a19a2"},"headline":"As\u00ed es el robusto programa para celebrar el D\u00eda del Patrimonio 2022 en la UC","datePublished":"2022-05-23T23:19:00+00:00","dateModified":"2023-10-24T15:05:27+00:00","mainEntityOfPage":{"@id":"https:\/\/fadeu.urantiacos.cl\/en\/2022\/05\/23\/asi-es-el-robusto-programa-para-celebrar-el-dia-del-patrimonio-2022-en-la-uc\/"},"wordCount":877,"commentCount":0,"image":{"@id":"https:\/\/fadeu.urantiacos.cl\/en\/2022\/05\/23\/asi-es-el-robusto-programa-para-celebrar-el-dia-del-patrimonio-2022-en-la-uc\/#primaryimage"},"thumbnailUrl":"https:\/\/fadeu.urantiacos.cl\/wp-content\/uploads\/2023\/09\/WEB_mg_0200_oriente.jpg","articleSection":["Sin categorizar"],"inLanguage":"en-US","potentialAction":[{"@type":"CommentAction","name":"Comment","target":["https:\/\/fadeu.urantiacos.cl\/en\/2022\/05\/23\/asi-es-el-robusto-programa-para-celebrar-el-dia-del-patrimonio-2022-en-la-uc\/#respond"]}]},{"@type":"WebPage","@id":"https:\/\/fadeu.urantiacos.cl\/en\/2022\/05\/23\/asi-es-el-robusto-programa-para-celebrar-el-dia-del-patrimonio-2022-en-la-uc\/","url":"https:\/\/fadeu.urantiacos.cl\/en\/2022\/05\/23\/asi-es-el-robusto-programa-para-celebrar-el-dia-del-patrimonio-2022-en-la-uc\/","name":"As\u00ed es el robusto programa para celebrar el D\u00eda del Patrimonio 2022 en la UC - Facultad de Arquitectura, Dise\u00f1o y Estudios Urbanos","isPartOf":{"@id":"https:\/\/fadeu.urantiacos.cl\/en\/#website"},"primaryImageOfPage":{"@id":"https:\/\/fadeu.urantiacos.cl\/en\/2022\/05\/23\/asi-es-el-robusto-programa-para-celebrar-el-dia-del-patrimonio-2022-en-la-uc\/#primaryimage"},"image":{"@id":"https:\/\/fadeu.urantiacos.cl\/en\/2022\/05\/23\/asi-es-el-robusto-programa-para-celebrar-el-dia-del-patrimonio-2022-en-la-uc\/#primaryimage"},"thumbnailUrl":"https:\/\/fadeu.urantiacos.cl\/wp-content\/uploads\/2023\/09\/WEB_mg_0200_oriente.jpg","datePublished":"2022-05-23T23:19:00+00:00","dateModified":"2023-10-24T15:05:27+00:00","author":{"@id":"https:\/\/fadeu.urantiacos.cl\/en\/#\/schema\/person\/d203e2e84b1c40275eac77b3061a19a2"},"description":"La agenda para los d\u00edas s\u00e1bado 28 y domingo 29 de mayo contempla m\u00e1s de 70 actividades pensadas para la ciudadan\u00eda en los distintos campus de la universidad. Adem\u00e1s, cada campus, incluyendo la sede de Villarrica, funcionar\u00e1 bajo una tem\u00e1tica distintas.","breadcrumb":{"@id":"https:\/\/fadeu.urantiacos.cl\/en\/2022\/05\/23\/asi-es-el-robusto-programa-para-celebrar-el-dia-del-patrimonio-2022-en-la-uc\/#breadcrumb"},"inLanguage":"en-US","potentialAction":[{"@type":"ReadAction","target":["https:\/\/fadeu.urantiacos.cl\/en\/2022\/05\/23\/asi-es-el-robusto-programa-para-celebrar-el-dia-del-patrimonio-2022-en-la-uc\/"]}]},{"@type":"ImageObject","inLanguage":"en-US","@id":"https:\/\/fadeu.urantiacos.cl\/en\/2022\/05\/23\/asi-es-el-robusto-programa-para-celebrar-el-dia-del-patrimonio-2022-en-la-uc\/#primaryimage","url":"https:\/\/fadeu.urantiacos.cl\/wp-content\/uploads\/2023\/09\/WEB_mg_0200_oriente.jpg","contentUrl":"https:\/\/fadeu.urantiacos.cl\/wp-content\/uploads\/2023\/09\/WEB_mg_0200_oriente.jpg","width":350,"height":250},{"@type":"BreadcrumbList","@id":"https:\/\/fadeu.urantiacos.cl\/en\/2022\/05\/23\/asi-es-el-robusto-programa-para-celebrar-el-dia-del-patrimonio-2022-en-la-uc\/#breadcrumb","itemListElement":[{"@type":"ListItem","position":1,"name":"Portada","item":"https:\/\/fadeu.urantiacos.cl\/en\/"},{"@type":"ListItem","position":2,"name":"As\u00ed es el robusto programa para celebrar el D\u00eda del Patrimonio 2022 en la UC"}]},{"@type":"WebSite","@id":"https:\/\/fadeu.urantiacos.cl\/en\/#website","url":"https:\/\/fadeu.urantiacos.cl\/en\/","name":"Facultad de Arquitectura, Dise\u00f1o y Estudios Urbanos","description":"Campus Lo Contador","potentialAction":[{"@type":"SearchAction","target":{"@type":"EntryPoint","urlTemplate":"https:\/\/fadeu.urantiacos.cl\/en\/?s={search_term_string}"},"query-input":{"@type":"PropertyValueSpecification","valueRequired":true,"valueName":"search_term_string"}}],"inLanguage":"en-US"},{"@type":"Person","@id":"https:\/\/fadeu.urantiacos.cl\/en\/#\/schema\/person\/d203e2e84b1c40275eac77b3061a19a2","name":"manadmin","image":{"@type":"ImageObject","inLanguage":"en-US","@id":"https:\/\/fadeu.urantiacos.cl\/en\/#\/schema\/person\/image\/","url":"https:\/\/secure.gravatar.com\/avatar\/4b1d8e3303b4a9d8968ac578947d8bc80d9aea359f388cdd4aac15cadc0e8447?s=96&d=mm&r=g","contentUrl":"https:\/\/secure.gravatar.com\/avatar\/4b1d8e3303b4a9d8968ac578947d8bc80d9aea359f388cdd4aac15cadc0e8447?s=96&d=mm&r=g","caption":"manadmin"},"sameAs":["https:\/\/fadeu.urantiacos.cl"]}]}},"_links":{"self":[{"href":"https:\/\/fadeu.urantiacos.cl\/en\/wp-json\/wp\/v2\/posts\/4862","targetHints":{"allow":["GET"]}}],"collection":[{"href":"https:\/\/fadeu.urantiacos.cl\/en\/wp-json\/wp\/v2\/posts"}],"about":[{"href":"https:\/\/fadeu.urantiacos.cl\/en\/wp-json\/wp\/v2\/types\/post"}],"author":[{"embeddable":true,"href":"https:\/\/fadeu.urantiacos.cl\/en\/wp-json\/wp\/v2\/users\/1"}],"replies":[{"embeddable":true,"href":"https:\/\/fadeu.urantiacos.cl\/en\/wp-json\/wp\/v2\/comments?post=4862"}],"version-history":[{"count":4,"href":"https:\/\/fadeu.urantiacos.cl\/en\/wp-json\/wp\/v2\/posts\/4862\/revisions"}],"predecessor-version":[{"id":17780,"href":"https:\/\/fadeu.urantiacos.cl\/en\/wp-json\/wp\/v2\/posts\/4862\/revisions\/17780"}],"wp:featuredmedia":[{"embeddable":true,"href":"https:\/\/fadeu.urantiacos.cl\/en\/wp-json\/wp\/v2\/media\/4865"}],"wp:attachment":[{"href":"https:\/\/fadeu.urantiacos.cl\/en\/wp-json\/wp\/v2\/media?parent=4862"}],"wp:term":[{"taxonomy":"category","embeddable":true,"href":"https:\/\/fadeu.urantiacos.cl\/en\/wp-json\/wp\/v2\/categories?post=4862"},{"taxonomy":"post_tag","embeddable":true,"href":"https:\/\/fadeu.urantiacos.cl\/en\/wp-json\/wp\/v2\/tags?post=4862"}],"curies":[{"name":"wp","href":"https:\/\/api.w.org\/{rel}","templated":true}]}}