{"id":4848,"date":"2022-05-26T20:05:00","date_gmt":"2022-05-26T23:05:00","guid":{"rendered":"https:\/\/fadeu.urantiacos.cl\/?p=4848"},"modified":"2023-09-04T20:14:08","modified_gmt":"2023-09-04T23:14:08","slug":"municipio-de-chillan-entrega-reconocimiento-al-profesor-y-director-del-centro-del-patrimonio-cultural-uc-umberto-bonomo","status":"publish","type":"post","link":"https:\/\/fadeu.urantiacos.cl\/en\/2022\/05\/26\/municipio-de-chillan-entrega-reconocimiento-al-profesor-y-director-del-centro-del-patrimonio-cultural-uc-umberto-bonomo\/","title":{"rendered":"Municipio de Chill\u00e1n entrega reconocimiento al profesor y director del Centro del Patrimonio Cultural UC, Umberto Bonomo"},"content":{"rendered":"\n<figure class=\"wp-block-image size-full\"><img decoding=\"async\" width=\"350\" height=\"250\" src=\"https:\/\/fadeu.urantiacos.cl\/wp-content\/uploads\/2023\/09\/web_Captura_de_Pantalla_2022-05-26_a_las_09.40.54.png\" alt=\"\" class=\"wp-image-4849\" srcset=\"https:\/\/fadeu.urantiacos.cl\/wp-content\/uploads\/2023\/09\/web_Captura_de_Pantalla_2022-05-26_a_las_09.40.54.png 350w, https:\/\/fadeu.urantiacos.cl\/wp-content\/uploads\/2023\/09\/web_Captura_de_Pantalla_2022-05-26_a_las_09.40.54-300x214.png 300w\" sizes=\"(max-width: 350px) 100vw, 350px\" \/><\/figure>\n\n\n\n<p>Lo anterior, sostuvieron desde el municipio, \u201cen reconocimiento al importante trabajo realizado en el marco de la puesta en valor e investigaci\u00f3n del patrimonio de la comuna de Chill\u00e1n, realizando acciones de conservaci\u00f3n y difusi\u00f3n de la identidad territorial.<\/p>\n\n\n\n<p>\u201cJunto agradecer, quisiera celebrar la madurez institucional y la visi\u00f3n de este Municipio de ser l\u00edder en Chile en la b\u00fasqueda de mecanismos nuevos para poner en valor, la cultura, el patrimonio y las riquezas del territorio y de sus gentes\u201d, sostuvo Bonomo, agregando que \u201c ello se refleja en el premio que se entrega hoy, valorando el patrimonio de la comuna de Chillan por medio del trabajo colaborativo que se realiza con importantes casas de estudio a lo largo del territorio nacional\u201d.<\/p>\n\n\n\n<p>\u201cEsa madurez institucional es un reconocimiento profundo al valor del patrimonio como proyecto institucional que va m\u00e1s all\u00e1 de las personas que est\u00e1n detr\u00e1s de los proyectos, de las iniciativas puntuales, de los trabajos individuales. La vocaci\u00f3n publica de la puesta en valor es un gran desaf\u00edo y es solo mediante proyectos institucionales que se puede garantizar la continuidad y la conservaci\u00f3n efectiva de largo plazo. Dicho esto, hay que reconocer tambi\u00e9n el trabajo dedicado y visionario de todos aquellos que en el d\u00eda a d\u00eda lidian con la precariedad, con el poco reconocimiento que el patrimonio tiene en la agenda pol\u00edtica nacional y que a pesar de eso entregan cuerpo y alma a la cruzada patrimonial. Hago referencia espec\u00edfica al alcalde de la Ilustre Municipalidad de Chill\u00e1n el Se\u00f1or Camilo Benavente y a todo el equipo de Unidad de Patrimonio, Karin, Dago, Anabella, Miguel y Maria Lorenza; ustedes son hoy el eslab\u00f3n de continuidad que tiene el desaf\u00edo de continuar con este valios\u00edsimo proyecto institucional\u201d, agreg\u00f3 Bonomo.<\/p>\n\n\n\n<p><strong>Centro del Patrimonio Cultural UC<\/strong><\/p>\n\n\n\n<p>El Centro del Patrimonio Cultural UC es un centro interdisciplinario adscrito a la Facultad de Arquitectura, Dise\u00f1o y Estudios Urbanos; la Facultad de Historia, Geograf\u00eda y Ciencia Pol\u00edtica; la Facultad de Artes; y la Facultad de Ingenier\u00eda, y desarrolla cuatro \u00e1mbitos de trabajo: docencia, investigaci\u00f3n, extensi\u00f3n y desarrollo.<\/p>\n\n\n\n<p>En el Centro del Patrimonio Cultural participan estudiantes, acad\u00e9micos e investigadores de la Universidad, as\u00ed como otros profesionales, organizaciones, fundaciones y personas preocupadas por la salvaguarda y construcci\u00f3n del patrimonio.<\/p>\n\n\n\n<p>Si quieres saber m\u00e1s del Centro del Patrimonio Cultural UC puedes visitar el siguiente link:&nbsp;<a href=\"https:\/\/centropatrimonio.uc.cl\/\">https:\/\/centropatrimonio.uc.cl\/<\/a><\/p>\n\n\n\n<figure class=\"wp-block-image size-full\"><img decoding=\"async\" width=\"768\" height=\"845\" src=\"https:\/\/fadeu.urantiacos.cl\/wp-content\/uploads\/2023\/09\/Premiacion_CENPUC1.jpg\" alt=\"\" class=\"wp-image-4850\" srcset=\"https:\/\/fadeu.urantiacos.cl\/wp-content\/uploads\/2023\/09\/Premiacion_CENPUC1.jpg 768w, https:\/\/fadeu.urantiacos.cl\/wp-content\/uploads\/2023\/09\/Premiacion_CENPUC1-273x300.jpg 273w\" sizes=\"(max-width: 768px) 100vw, 768px\" \/><\/figure>\n\n\n\n<figure class=\"wp-block-image size-full\"><img decoding=\"async\" width=\"1024\" height=\"619\" src=\"https:\/\/fadeu.urantiacos.cl\/wp-content\/uploads\/2023\/09\/Premiacion_CENPUC2.jpg\" alt=\"\" class=\"wp-image-4851\" srcset=\"https:\/\/fadeu.urantiacos.cl\/wp-content\/uploads\/2023\/09\/Premiacion_CENPUC2.jpg 1024w, https:\/\/fadeu.urantiacos.cl\/wp-content\/uploads\/2023\/09\/Premiacion_CENPUC2-300x181.jpg 300w, https:\/\/fadeu.urantiacos.cl\/wp-content\/uploads\/2023\/09\/Premiacion_CENPUC2-768x464.jpg 768w\" sizes=\"(max-width: 1024px) 100vw, 1024px\" \/><\/figure>\n\n\n\n<p>INFORMACI\u00d3N PERIOD\u00cdSTICA<br>JUAN ANDR\u00c9S INZUNZA<\/p>\n","protected":false},"excerpt":{"rendered":"<p>El pasado 24 de mayo, y en dependencias del Museo Claudio Arrau, la Ilustre Municipalidad de Chill\u00e1n, a trav\u00e9s de su Unidad de Patrimonio, entreg\u00f3 un reconocimiento al profesor de la escuela de Arquitectura y director del Centro del Patrimonio Cultural UC, Umberto Bonomo, en el marco de las celebraciones del D\u00eda del Patrimonio 2022.<\/p>\n","protected":false},"author":1,"featured_media":4849,"comment_status":"open","ping_status":"open","sticky":false,"template":"","format":"standard","meta":{"_acf_changed":false,"footnotes":""},"categories":[1],"tags":[],"class_list":["post-4848","post","type-post","status-publish","format-standard","has-post-thumbnail","hentry","category-sin-categorizar"],"acf":[],"yoast_head":"<!-- This site is optimized with the Yoast SEO plugin v27.1.1 - https:\/\/yoast.com\/product\/yoast-seo-wordpress\/ -->\n<title>Municipio de Chill\u00e1n entrega reconocimiento al profesor y director del Centro del Patrimonio Cultural UC, Umberto Bonomo - Facultad de Arquitectura, Dise\u00f1o y Estudios Urbanos<\/title>\n<meta name=\"description\" content=\"El pasado 24 de mayo, y en dependencias del Museo Claudio Arrau, la Ilustre Municipalidad de Chill\u00e1n, a trav\u00e9s de su Unidad de Patrimonio, entreg\u00f3 un reconocimiento al profesor de la escuela de Arquitectura y director del Centro del Patrimonio Cultural UC, Umberto Bonomo, en el marco de las celebraciones del D\u00eda del Patrimonio 2022.\" \/>\n<meta name=\"robots\" content=\"index, follow, max-snippet:-1, max-image-preview:large, max-video-preview:-1\" \/>\n<link rel=\"canonical\" href=\"https:\/\/fadeu.urantiacos.cl\/en\/2022\/05\/26\/municipio-de-chillan-entrega-reconocimiento-al-profesor-y-director-del-centro-del-patrimonio-cultural-uc-umberto-bonomo\/\" \/>\n<meta property=\"og:locale\" content=\"en_US\" \/>\n<meta property=\"og:type\" content=\"article\" \/>\n<meta property=\"og:title\" content=\"Municipio de Chill\u00e1n entrega reconocimiento al profesor y director del Centro del Patrimonio Cultural UC, Umberto Bonomo - Facultad de Arquitectura, Dise\u00f1o y Estudios Urbanos\" \/>\n<meta property=\"og:description\" content=\"El pasado 24 de mayo, y en dependencias del Museo Claudio Arrau, la Ilustre Municipalidad de Chill\u00e1n, a trav\u00e9s de su Unidad de Patrimonio, entreg\u00f3 un reconocimiento al profesor de la escuela de Arquitectura y director del Centro del Patrimonio Cultural UC, Umberto Bonomo, en el marco de las celebraciones del D\u00eda del Patrimonio 2022.\" \/>\n<meta property=\"og:url\" content=\"https:\/\/fadeu.urantiacos.cl\/en\/2022\/05\/26\/municipio-de-chillan-entrega-reconocimiento-al-profesor-y-director-del-centro-del-patrimonio-cultural-uc-umberto-bonomo\/\" \/>\n<meta property=\"og:site_name\" content=\"Facultad de Arquitectura, Dise\u00f1o y Estudios Urbanos\" \/>\n<meta property=\"article:published_time\" content=\"2022-05-26T23:05:00+00:00\" \/>\n<meta property=\"article:modified_time\" content=\"2023-09-04T23:14:08+00:00\" \/>\n<meta property=\"og:image\" content=\"https:\/\/fadeu.urantiacos.cl\/wp-content\/uploads\/2023\/09\/web_Captura_de_Pantalla_2022-05-26_a_las_09.40.54.png\" \/>\n\t<meta property=\"og:image:width\" content=\"350\" \/>\n\t<meta property=\"og:image:height\" content=\"250\" \/>\n\t<meta property=\"og:image:type\" content=\"image\/png\" \/>\n<meta name=\"author\" content=\"manadmin\" \/>\n<meta name=\"twitter:card\" content=\"summary_large_image\" \/>\n<meta name=\"twitter:label1\" content=\"Written by\" \/>\n\t<meta name=\"twitter:data1\" content=\"manadmin\" \/>\n\t<meta name=\"twitter:label2\" content=\"Est. reading time\" \/>\n\t<meta name=\"twitter:data2\" content=\"2 minutes\" \/>\n<script type=\"application\/ld+json\" class=\"yoast-schema-graph\">{\"@context\":\"https:\/\/schema.org\",\"@graph\":[{\"@type\":\"Article\",\"@id\":\"https:\/\/fadeu.urantiacos.cl\/en\/2022\/05\/26\/municipio-de-chillan-entrega-reconocimiento-al-profesor-y-director-del-centro-del-patrimonio-cultural-uc-umberto-bonomo\/#article\",\"isPartOf\":{\"@id\":\"https:\/\/fadeu.urantiacos.cl\/en\/2022\/05\/26\/municipio-de-chillan-entrega-reconocimiento-al-profesor-y-director-del-centro-del-patrimonio-cultural-uc-umberto-bonomo\/\"},\"author\":{\"name\":\"manadmin\",\"@id\":\"https:\/\/fadeu.urantiacos.cl\/en\/#\/schema\/person\/d203e2e84b1c40275eac77b3061a19a2\"},\"headline\":\"Municipio de Chill\u00e1n entrega reconocimiento al profesor y director del Centro del Patrimonio Cultural UC, Umberto Bonomo\",\"datePublished\":\"2022-05-26T23:05:00+00:00\",\"dateModified\":\"2023-09-04T23:14:08+00:00\",\"mainEntityOfPage\":{\"@id\":\"https:\/\/fadeu.urantiacos.cl\/en\/2022\/05\/26\/municipio-de-chillan-entrega-reconocimiento-al-profesor-y-director-del-centro-del-patrimonio-cultural-uc-umberto-bonomo\/\"},\"wordCount\":449,\"commentCount\":0,\"image\":{\"@id\":\"https:\/\/fadeu.urantiacos.cl\/en\/2022\/05\/26\/municipio-de-chillan-entrega-reconocimiento-al-profesor-y-director-del-centro-del-patrimonio-cultural-uc-umberto-bonomo\/#primaryimage\"},\"thumbnailUrl\":\"https:\/\/fadeu.urantiacos.cl\/wp-content\/uploads\/2023\/09\/web_Captura_de_Pantalla_2022-05-26_a_las_09.40.54.png\",\"articleSection\":[\"Sin categorizar\"],\"inLanguage\":\"en-US\",\"potentialAction\":[{\"@type\":\"CommentAction\",\"name\":\"Comment\",\"target\":[\"https:\/\/fadeu.urantiacos.cl\/en\/2022\/05\/26\/municipio-de-chillan-entrega-reconocimiento-al-profesor-y-director-del-centro-del-patrimonio-cultural-uc-umberto-bonomo\/#respond\"]}]},{\"@type\":\"WebPage\",\"@id\":\"https:\/\/fadeu.urantiacos.cl\/en\/2022\/05\/26\/municipio-de-chillan-entrega-reconocimiento-al-profesor-y-director-del-centro-del-patrimonio-cultural-uc-umberto-bonomo\/\",\"url\":\"https:\/\/fadeu.urantiacos.cl\/en\/2022\/05\/26\/municipio-de-chillan-entrega-reconocimiento-al-profesor-y-director-del-centro-del-patrimonio-cultural-uc-umberto-bonomo\/\",\"name\":\"Municipio de Chill\u00e1n entrega reconocimiento al profesor y director del Centro del Patrimonio Cultural UC, Umberto Bonomo - Facultad de Arquitectura, Dise\u00f1o y Estudios Urbanos\",\"isPartOf\":{\"@id\":\"https:\/\/fadeu.urantiacos.cl\/en\/#website\"},\"primaryImageOfPage\":{\"@id\":\"https:\/\/fadeu.urantiacos.cl\/en\/2022\/05\/26\/municipio-de-chillan-entrega-reconocimiento-al-profesor-y-director-del-centro-del-patrimonio-cultural-uc-umberto-bonomo\/#primaryimage\"},\"image\":{\"@id\":\"https:\/\/fadeu.urantiacos.cl\/en\/2022\/05\/26\/municipio-de-chillan-entrega-reconocimiento-al-profesor-y-director-del-centro-del-patrimonio-cultural-uc-umberto-bonomo\/#primaryimage\"},\"thumbnailUrl\":\"https:\/\/fadeu.urantiacos.cl\/wp-content\/uploads\/2023\/09\/web_Captura_de_Pantalla_2022-05-26_a_las_09.40.54.png\",\"datePublished\":\"2022-05-26T23:05:00+00:00\",\"dateModified\":\"2023-09-04T23:14:08+00:00\",\"author\":{\"@id\":\"https:\/\/fadeu.urantiacos.cl\/en\/#\/schema\/person\/d203e2e84b1c40275eac77b3061a19a2\"},\"description\":\"El pasado 24 de mayo, y en dependencias del Museo Claudio Arrau, la Ilustre Municipalidad de Chill\u00e1n, a trav\u00e9s de su Unidad de Patrimonio, entreg\u00f3 un reconocimiento al profesor de la escuela de Arquitectura y director del Centro del Patrimonio Cultural UC, Umberto Bonomo, en el marco de las celebraciones del D\u00eda del Patrimonio 2022.\",\"breadcrumb\":{\"@id\":\"https:\/\/fadeu.urantiacos.cl\/en\/2022\/05\/26\/municipio-de-chillan-entrega-reconocimiento-al-profesor-y-director-del-centro-del-patrimonio-cultural-uc-umberto-bonomo\/#breadcrumb\"},\"inLanguage\":\"en-US\",\"potentialAction\":[{\"@type\":\"ReadAction\",\"target\":[\"https:\/\/fadeu.urantiacos.cl\/en\/2022\/05\/26\/municipio-de-chillan-entrega-reconocimiento-al-profesor-y-director-del-centro-del-patrimonio-cultural-uc-umberto-bonomo\/\"]}]},{\"@type\":\"ImageObject\",\"inLanguage\":\"en-US\",\"@id\":\"https:\/\/fadeu.urantiacos.cl\/en\/2022\/05\/26\/municipio-de-chillan-entrega-reconocimiento-al-profesor-y-director-del-centro-del-patrimonio-cultural-uc-umberto-bonomo\/#primaryimage\",\"url\":\"https:\/\/fadeu.urantiacos.cl\/wp-content\/uploads\/2023\/09\/web_Captura_de_Pantalla_2022-05-26_a_las_09.40.54.png\",\"contentUrl\":\"https:\/\/fadeu.urantiacos.cl\/wp-content\/uploads\/2023\/09\/web_Captura_de_Pantalla_2022-05-26_a_las_09.40.54.png\",\"width\":350,\"height\":250},{\"@type\":\"BreadcrumbList\",\"@id\":\"https:\/\/fadeu.urantiacos.cl\/en\/2022\/05\/26\/municipio-de-chillan-entrega-reconocimiento-al-profesor-y-director-del-centro-del-patrimonio-cultural-uc-umberto-bonomo\/#breadcrumb\",\"itemListElement\":[{\"@type\":\"ListItem\",\"position\":1,\"name\":\"Portada\",\"item\":\"https:\/\/fadeu.urantiacos.cl\/en\/\"},{\"@type\":\"ListItem\",\"position\":2,\"name\":\"Municipio de Chill\u00e1n entrega reconocimiento al profesor y director del Centro del Patrimonio Cultural UC, Umberto Bonomo\"}]},{\"@type\":\"WebSite\",\"@id\":\"https:\/\/fadeu.urantiacos.cl\/en\/#website\",\"url\":\"https:\/\/fadeu.urantiacos.cl\/en\/\",\"name\":\"Facultad de Arquitectura, Dise\u00f1o y Estudios Urbanos\",\"description\":\"Campus Lo Contador\",\"potentialAction\":[{\"@type\":\"SearchAction\",\"target\":{\"@type\":\"EntryPoint\",\"urlTemplate\":\"https:\/\/fadeu.urantiacos.cl\/en\/?s={search_term_string}\"},\"query-input\":{\"@type\":\"PropertyValueSpecification\",\"valueRequired\":true,\"valueName\":\"search_term_string\"}}],\"inLanguage\":\"en-US\"},{\"@type\":\"Person\",\"@id\":\"https:\/\/fadeu.urantiacos.cl\/en\/#\/schema\/person\/d203e2e84b1c40275eac77b3061a19a2\",\"name\":\"manadmin\",\"image\":{\"@type\":\"ImageObject\",\"inLanguage\":\"en-US\",\"@id\":\"https:\/\/fadeu.urantiacos.cl\/en\/#\/schema\/person\/image\/\",\"url\":\"https:\/\/secure.gravatar.com\/avatar\/4b1d8e3303b4a9d8968ac578947d8bc80d9aea359f388cdd4aac15cadc0e8447?s=96&d=mm&r=g\",\"contentUrl\":\"https:\/\/secure.gravatar.com\/avatar\/4b1d8e3303b4a9d8968ac578947d8bc80d9aea359f388cdd4aac15cadc0e8447?s=96&d=mm&r=g\",\"caption\":\"manadmin\"},\"sameAs\":[\"https:\/\/fadeu.urantiacos.cl\"]}]}<\/script>\n<!-- \/ Yoast SEO plugin. -->","yoast_head_json":{"title":"Municipio de Chill\u00e1n entrega reconocimiento al profesor y director del Centro del Patrimonio Cultural UC, Umberto Bonomo - Facultad de Arquitectura, Dise\u00f1o y Estudios Urbanos","description":"El pasado 24 de mayo, y en dependencias del Museo Claudio Arrau, la Ilustre Municipalidad de Chill\u00e1n, a trav\u00e9s de su Unidad de Patrimonio, entreg\u00f3 un reconocimiento al profesor de la escuela de Arquitectura y director del Centro del Patrimonio Cultural UC, Umberto Bonomo, en el marco de las celebraciones del D\u00eda del Patrimonio 2022.","robots":{"index":"index","follow":"follow","max-snippet":"max-snippet:-1","max-image-preview":"max-image-preview:large","max-video-preview":"max-video-preview:-1"},"canonical":"https:\/\/fadeu.urantiacos.cl\/en\/2022\/05\/26\/municipio-de-chillan-entrega-reconocimiento-al-profesor-y-director-del-centro-del-patrimonio-cultural-uc-umberto-bonomo\/","og_locale":"en_US","og_type":"article","og_title":"Municipio de Chill\u00e1n entrega reconocimiento al profesor y director del Centro del Patrimonio Cultural UC, Umberto Bonomo - Facultad de Arquitectura, Dise\u00f1o y Estudios Urbanos","og_description":"El pasado 24 de mayo, y en dependencias del Museo Claudio Arrau, la Ilustre Municipalidad de Chill\u00e1n, a trav\u00e9s de su Unidad de Patrimonio, entreg\u00f3 un reconocimiento al profesor de la escuela de Arquitectura y director del Centro del Patrimonio Cultural UC, Umberto Bonomo, en el marco de las celebraciones del D\u00eda del Patrimonio 2022.","og_url":"https:\/\/fadeu.urantiacos.cl\/en\/2022\/05\/26\/municipio-de-chillan-entrega-reconocimiento-al-profesor-y-director-del-centro-del-patrimonio-cultural-uc-umberto-bonomo\/","og_site_name":"Facultad de Arquitectura, Dise\u00f1o y Estudios Urbanos","article_published_time":"2022-05-26T23:05:00+00:00","article_modified_time":"2023-09-04T23:14:08+00:00","og_image":[{"width":350,"height":250,"url":"https:\/\/fadeu.urantiacos.cl\/wp-content\/uploads\/2023\/09\/web_Captura_de_Pantalla_2022-05-26_a_las_09.40.54.png","type":"image\/png"}],"author":"manadmin","twitter_card":"summary_large_image","twitter_misc":{"Written by":"manadmin","Est. reading time":"2 minutes"},"schema":{"@context":"https:\/\/schema.org","@graph":[{"@type":"Article","@id":"https:\/\/fadeu.urantiacos.cl\/en\/2022\/05\/26\/municipio-de-chillan-entrega-reconocimiento-al-profesor-y-director-del-centro-del-patrimonio-cultural-uc-umberto-bonomo\/#article","isPartOf":{"@id":"https:\/\/fadeu.urantiacos.cl\/en\/2022\/05\/26\/municipio-de-chillan-entrega-reconocimiento-al-profesor-y-director-del-centro-del-patrimonio-cultural-uc-umberto-bonomo\/"},"author":{"name":"manadmin","@id":"https:\/\/fadeu.urantiacos.cl\/en\/#\/schema\/person\/d203e2e84b1c40275eac77b3061a19a2"},"headline":"Municipio de Chill\u00e1n entrega reconocimiento al profesor y director del Centro del Patrimonio Cultural UC, Umberto Bonomo","datePublished":"2022-05-26T23:05:00+00:00","dateModified":"2023-09-04T23:14:08+00:00","mainEntityOfPage":{"@id":"https:\/\/fadeu.urantiacos.cl\/en\/2022\/05\/26\/municipio-de-chillan-entrega-reconocimiento-al-profesor-y-director-del-centro-del-patrimonio-cultural-uc-umberto-bonomo\/"},"wordCount":449,"commentCount":0,"image":{"@id":"https:\/\/fadeu.urantiacos.cl\/en\/2022\/05\/26\/municipio-de-chillan-entrega-reconocimiento-al-profesor-y-director-del-centro-del-patrimonio-cultural-uc-umberto-bonomo\/#primaryimage"},"thumbnailUrl":"https:\/\/fadeu.urantiacos.cl\/wp-content\/uploads\/2023\/09\/web_Captura_de_Pantalla_2022-05-26_a_las_09.40.54.png","articleSection":["Sin categorizar"],"inLanguage":"en-US","potentialAction":[{"@type":"CommentAction","name":"Comment","target":["https:\/\/fadeu.urantiacos.cl\/en\/2022\/05\/26\/municipio-de-chillan-entrega-reconocimiento-al-profesor-y-director-del-centro-del-patrimonio-cultural-uc-umberto-bonomo\/#respond"]}]},{"@type":"WebPage","@id":"https:\/\/fadeu.urantiacos.cl\/en\/2022\/05\/26\/municipio-de-chillan-entrega-reconocimiento-al-profesor-y-director-del-centro-del-patrimonio-cultural-uc-umberto-bonomo\/","url":"https:\/\/fadeu.urantiacos.cl\/en\/2022\/05\/26\/municipio-de-chillan-entrega-reconocimiento-al-profesor-y-director-del-centro-del-patrimonio-cultural-uc-umberto-bonomo\/","name":"Municipio de Chill\u00e1n entrega reconocimiento al profesor y director del Centro del Patrimonio Cultural UC, Umberto Bonomo - Facultad de Arquitectura, Dise\u00f1o y Estudios Urbanos","isPartOf":{"@id":"https:\/\/fadeu.urantiacos.cl\/en\/#website"},"primaryImageOfPage":{"@id":"https:\/\/fadeu.urantiacos.cl\/en\/2022\/05\/26\/municipio-de-chillan-entrega-reconocimiento-al-profesor-y-director-del-centro-del-patrimonio-cultural-uc-umberto-bonomo\/#primaryimage"},"image":{"@id":"https:\/\/fadeu.urantiacos.cl\/en\/2022\/05\/26\/municipio-de-chillan-entrega-reconocimiento-al-profesor-y-director-del-centro-del-patrimonio-cultural-uc-umberto-bonomo\/#primaryimage"},"thumbnailUrl":"https:\/\/fadeu.urantiacos.cl\/wp-content\/uploads\/2023\/09\/web_Captura_de_Pantalla_2022-05-26_a_las_09.40.54.png","datePublished":"2022-05-26T23:05:00+00:00","dateModified":"2023-09-04T23:14:08+00:00","author":{"@id":"https:\/\/fadeu.urantiacos.cl\/en\/#\/schema\/person\/d203e2e84b1c40275eac77b3061a19a2"},"description":"El pasado 24 de mayo, y en dependencias del Museo Claudio Arrau, la Ilustre Municipalidad de Chill\u00e1n, a trav\u00e9s de su Unidad de Patrimonio, entreg\u00f3 un reconocimiento al profesor de la escuela de Arquitectura y director del Centro del Patrimonio Cultural UC, Umberto Bonomo, en el marco de las celebraciones del D\u00eda del Patrimonio 2022.","breadcrumb":{"@id":"https:\/\/fadeu.urantiacos.cl\/en\/2022\/05\/26\/municipio-de-chillan-entrega-reconocimiento-al-profesor-y-director-del-centro-del-patrimonio-cultural-uc-umberto-bonomo\/#breadcrumb"},"inLanguage":"en-US","potentialAction":[{"@type":"ReadAction","target":["https:\/\/fadeu.urantiacos.cl\/en\/2022\/05\/26\/municipio-de-chillan-entrega-reconocimiento-al-profesor-y-director-del-centro-del-patrimonio-cultural-uc-umberto-bonomo\/"]}]},{"@type":"ImageObject","inLanguage":"en-US","@id":"https:\/\/fadeu.urantiacos.cl\/en\/2022\/05\/26\/municipio-de-chillan-entrega-reconocimiento-al-profesor-y-director-del-centro-del-patrimonio-cultural-uc-umberto-bonomo\/#primaryimage","url":"https:\/\/fadeu.urantiacos.cl\/wp-content\/uploads\/2023\/09\/web_Captura_de_Pantalla_2022-05-26_a_las_09.40.54.png","contentUrl":"https:\/\/fadeu.urantiacos.cl\/wp-content\/uploads\/2023\/09\/web_Captura_de_Pantalla_2022-05-26_a_las_09.40.54.png","width":350,"height":250},{"@type":"BreadcrumbList","@id":"https:\/\/fadeu.urantiacos.cl\/en\/2022\/05\/26\/municipio-de-chillan-entrega-reconocimiento-al-profesor-y-director-del-centro-del-patrimonio-cultural-uc-umberto-bonomo\/#breadcrumb","itemListElement":[{"@type":"ListItem","position":1,"name":"Portada","item":"https:\/\/fadeu.urantiacos.cl\/en\/"},{"@type":"ListItem","position":2,"name":"Municipio de Chill\u00e1n entrega reconocimiento al profesor y director del Centro del Patrimonio Cultural UC, Umberto Bonomo"}]},{"@type":"WebSite","@id":"https:\/\/fadeu.urantiacos.cl\/en\/#website","url":"https:\/\/fadeu.urantiacos.cl\/en\/","name":"Facultad de Arquitectura, Dise\u00f1o y Estudios Urbanos","description":"Campus Lo Contador","potentialAction":[{"@type":"SearchAction","target":{"@type":"EntryPoint","urlTemplate":"https:\/\/fadeu.urantiacos.cl\/en\/?s={search_term_string}"},"query-input":{"@type":"PropertyValueSpecification","valueRequired":true,"valueName":"search_term_string"}}],"inLanguage":"en-US"},{"@type":"Person","@id":"https:\/\/fadeu.urantiacos.cl\/en\/#\/schema\/person\/d203e2e84b1c40275eac77b3061a19a2","name":"manadmin","image":{"@type":"ImageObject","inLanguage":"en-US","@id":"https:\/\/fadeu.urantiacos.cl\/en\/#\/schema\/person\/image\/","url":"https:\/\/secure.gravatar.com\/avatar\/4b1d8e3303b4a9d8968ac578947d8bc80d9aea359f388cdd4aac15cadc0e8447?s=96&d=mm&r=g","contentUrl":"https:\/\/secure.gravatar.com\/avatar\/4b1d8e3303b4a9d8968ac578947d8bc80d9aea359f388cdd4aac15cadc0e8447?s=96&d=mm&r=g","caption":"manadmin"},"sameAs":["https:\/\/fadeu.urantiacos.cl"]}]}},"_links":{"self":[{"href":"https:\/\/fadeu.urantiacos.cl\/en\/wp-json\/wp\/v2\/posts\/4848","targetHints":{"allow":["GET"]}}],"collection":[{"href":"https:\/\/fadeu.urantiacos.cl\/en\/wp-json\/wp\/v2\/posts"}],"about":[{"href":"https:\/\/fadeu.urantiacos.cl\/en\/wp-json\/wp\/v2\/types\/post"}],"author":[{"embeddable":true,"href":"https:\/\/fadeu.urantiacos.cl\/en\/wp-json\/wp\/v2\/users\/1"}],"replies":[{"embeddable":true,"href":"https:\/\/fadeu.urantiacos.cl\/en\/wp-json\/wp\/v2\/comments?post=4848"}],"version-history":[{"count":1,"href":"https:\/\/fadeu.urantiacos.cl\/en\/wp-json\/wp\/v2\/posts\/4848\/revisions"}],"predecessor-version":[{"id":4852,"href":"https:\/\/fadeu.urantiacos.cl\/en\/wp-json\/wp\/v2\/posts\/4848\/revisions\/4852"}],"wp:featuredmedia":[{"embeddable":true,"href":"https:\/\/fadeu.urantiacos.cl\/en\/wp-json\/wp\/v2\/media\/4849"}],"wp:attachment":[{"href":"https:\/\/fadeu.urantiacos.cl\/en\/wp-json\/wp\/v2\/media?parent=4848"}],"wp:term":[{"taxonomy":"category","embeddable":true,"href":"https:\/\/fadeu.urantiacos.cl\/en\/wp-json\/wp\/v2\/categories?post=4848"},{"taxonomy":"post_tag","embeddable":true,"href":"https:\/\/fadeu.urantiacos.cl\/en\/wp-json\/wp\/v2\/tags?post=4848"}],"curies":[{"name":"wp","href":"https:\/\/api.w.org\/{rel}","templated":true}]}}