{"id":4839,"date":"2022-05-30T19:53:00","date_gmt":"2022-05-30T22:53:00","guid":{"rendered":"https:\/\/fadeu.urantiacos.cl\/?p=4839"},"modified":"2023-09-04T19:55:50","modified_gmt":"2023-09-04T22:55:50","slug":"francisco-diaz-participo-como-comentarista-invitado-en-workshop-en-the-berlage","status":"publish","type":"post","link":"https:\/\/fadeu.urantiacos.cl\/en\/2022\/05\/30\/francisco-diaz-participo-como-comentarista-invitado-en-workshop-en-the-berlage\/","title":{"rendered":"Francisco D\u00edaz particip\u00f3 como comentarista invitado en workshop en The Berlage"},"content":{"rendered":"\n<figure class=\"wp-block-image size-full\"><img decoding=\"async\" width=\"350\" height=\"250\" src=\"https:\/\/fadeu.urantiacos.cl\/wp-content\/uploads\/2023\/09\/web_Captura_de_Pantalla_2022-05-30_a_las_09.51.20.png\" alt=\"\" class=\"wp-image-4840\" srcset=\"https:\/\/fadeu.urantiacos.cl\/wp-content\/uploads\/2023\/09\/web_Captura_de_Pantalla_2022-05-30_a_las_09.51.20.png 350w, https:\/\/fadeu.urantiacos.cl\/wp-content\/uploads\/2023\/09\/web_Captura_de_Pantalla_2022-05-30_a_las_09.51.20-300x214.png 300w\" sizes=\"(max-width: 350px) 100vw, 350px\" \/><\/figure>\n\n\n\n<p>Luego de una serie de performances \u201cen vivo\u201d que buscaban profundizar en torno a los discursos corporales de la arquitectura \u2014en formato de proyecciones, instalaciones y presentaciones digitales y f\u00edsicas\u2014, el workshop dio paso a una ronda de comentarios a la cual Francisco D\u00edaz fue invitado en calidad de &#8220;guest critic&#8221;.<\/p>\n\n\n\n<p>Este evento p\u00fablico \u2014acompa\u00f1ado de una exhibici\u00f3n\u2014 fue la jornada de cierre de la \u201cTheory Master Class\u201d de dos semanas que lider\u00f3 Francesca Hughes \u2014directora de la Escuela de Arquitectura de la Universidad de Tecnolog\u00eda de S\u00eddney\u2014 con la colaboraci\u00f3n de Miguel Rodr\u00edguez-Casellas en la instituci\u00f3n holandesa.<\/p>\n\n\n\n<p>Durante la instancia, el profesor ARQ UC agradeci\u00f3 la posibilidad pedag\u00f3gica de pensar la arquitectura desde los cuerpos. Por otro lado, sobre los edificios que albergan las carreras de arquitectura \u2014que pueden ser muchas veces espacialmente mucho m\u00e1s r\u00edgidos que la educaci\u00f3n que proponen\u2014, D\u00edaz expres\u00f3: \u201cCuando termin\u00e9 la carrera de arquitectura, hace quince a\u00f1os, me di cuenta de que no estaba muy interesado en los edificios. Por eso, para mi, el hecho de que fracasen en lo que quieren ense\u00f1ar es bastante obvio\u201d.<\/p>\n\n\n\n<p>Ver evento completo en el siguiente&nbsp;<a href=\"https:\/\/theberlage.nl\/events\/alive-and-kicking\" target=\"_blank\" rel=\"noreferrer noopener\">link<\/a>&nbsp;<\/p>\n\n\n\n<p>Noticias<br>Contacto:&nbsp;<a href=\"mailto:redesarq@uc.cl\">redesarq@uc.cl<\/a>&nbsp;| +56 2 2354 7747<br>www.arquitectura.uc.cl&nbsp;<\/p>\n","protected":false},"excerpt":{"rendered":"<p>El profesor ARQ UC fue invitado al evento final de \u201cAlive and Kicking: The Body Quick\u201d \u2014workshop liderado por Francesca Hughes\u2014 en The Berlage Center for Advanced Studies in Architecture and Urban Design de la Universidad Tecnol\u00f3gica de Delft.<\/p>\n","protected":false},"author":1,"featured_media":4840,"comment_status":"open","ping_status":"open","sticky":false,"template":"","format":"standard","meta":{"_acf_changed":false,"footnotes":""},"categories":[1],"tags":[],"class_list":["post-4839","post","type-post","status-publish","format-standard","has-post-thumbnail","hentry","category-sin-categorizar"],"acf":[],"yoast_head":"<!-- This site is optimized with the Yoast SEO plugin v27.1.1 - https:\/\/yoast.com\/product\/yoast-seo-wordpress\/ -->\n<title>Francisco D\u00edaz particip\u00f3 como comentarista invitado en workshop en The Berlage - Facultad de Arquitectura, Dise\u00f1o y Estudios Urbanos<\/title>\n<meta name=\"description\" content=\"El profesor ARQ UC fue invitado al evento final de \u201cAlive and Kicking: The Body Quick\u201d \u2014workshop liderado por Francesca Hughes\u2014 en The Berlage Center for Advanced Studies in Architecture and Urban Design de la Universidad Tecnol\u00f3gica de Delft.\" \/>\n<meta name=\"robots\" content=\"index, follow, max-snippet:-1, max-image-preview:large, max-video-preview:-1\" \/>\n<link rel=\"canonical\" href=\"https:\/\/fadeu.urantiacos.cl\/en\/2022\/05\/30\/francisco-diaz-participo-como-comentarista-invitado-en-workshop-en-the-berlage\/\" \/>\n<meta property=\"og:locale\" content=\"en_US\" \/>\n<meta property=\"og:type\" content=\"article\" \/>\n<meta property=\"og:title\" content=\"Francisco D\u00edaz particip\u00f3 como comentarista invitado en workshop en The Berlage - Facultad de Arquitectura, Dise\u00f1o y Estudios Urbanos\" \/>\n<meta property=\"og:description\" content=\"El profesor ARQ UC fue invitado al evento final de \u201cAlive and Kicking: The Body Quick\u201d \u2014workshop liderado por Francesca Hughes\u2014 en The Berlage Center for Advanced Studies in Architecture and Urban Design de la Universidad Tecnol\u00f3gica de Delft.\" \/>\n<meta property=\"og:url\" content=\"https:\/\/fadeu.urantiacos.cl\/en\/2022\/05\/30\/francisco-diaz-participo-como-comentarista-invitado-en-workshop-en-the-berlage\/\" \/>\n<meta property=\"og:site_name\" content=\"Facultad de Arquitectura, Dise\u00f1o y Estudios Urbanos\" \/>\n<meta property=\"article:published_time\" content=\"2022-05-30T22:53:00+00:00\" \/>\n<meta property=\"article:modified_time\" content=\"2023-09-04T22:55:50+00:00\" \/>\n<meta property=\"og:image\" content=\"https:\/\/fadeu.urantiacos.cl\/wp-content\/uploads\/2023\/09\/web_Captura_de_Pantalla_2022-05-30_a_las_09.51.20.png\" \/>\n\t<meta property=\"og:image:width\" content=\"350\" \/>\n\t<meta property=\"og:image:height\" content=\"250\" \/>\n\t<meta property=\"og:image:type\" content=\"image\/png\" \/>\n<meta name=\"author\" content=\"manadmin\" \/>\n<meta name=\"twitter:card\" content=\"summary_large_image\" \/>\n<meta name=\"twitter:label1\" content=\"Written by\" \/>\n\t<meta name=\"twitter:data1\" content=\"manadmin\" \/>\n\t<meta name=\"twitter:label2\" content=\"Est. reading time\" \/>\n\t<meta name=\"twitter:data2\" content=\"1 minute\" \/>\n<script type=\"application\/ld+json\" class=\"yoast-schema-graph\">{\"@context\":\"https:\/\/schema.org\",\"@graph\":[{\"@type\":\"Article\",\"@id\":\"https:\/\/fadeu.urantiacos.cl\/en\/2022\/05\/30\/francisco-diaz-participo-como-comentarista-invitado-en-workshop-en-the-berlage\/#article\",\"isPartOf\":{\"@id\":\"https:\/\/fadeu.urantiacos.cl\/en\/2022\/05\/30\/francisco-diaz-participo-como-comentarista-invitado-en-workshop-en-the-berlage\/\"},\"author\":{\"name\":\"manadmin\",\"@id\":\"https:\/\/fadeu.urantiacos.cl\/en\/#\/schema\/person\/d203e2e84b1c40275eac77b3061a19a2\"},\"headline\":\"Francisco D\u00edaz particip\u00f3 como comentarista invitado en workshop en The Berlage\",\"datePublished\":\"2022-05-30T22:53:00+00:00\",\"dateModified\":\"2023-09-04T22:55:50+00:00\",\"mainEntityOfPage\":{\"@id\":\"https:\/\/fadeu.urantiacos.cl\/en\/2022\/05\/30\/francisco-diaz-participo-como-comentarista-invitado-en-workshop-en-the-berlage\/\"},\"wordCount\":231,\"commentCount\":0,\"image\":{\"@id\":\"https:\/\/fadeu.urantiacos.cl\/en\/2022\/05\/30\/francisco-diaz-participo-como-comentarista-invitado-en-workshop-en-the-berlage\/#primaryimage\"},\"thumbnailUrl\":\"https:\/\/fadeu.urantiacos.cl\/wp-content\/uploads\/2023\/09\/web_Captura_de_Pantalla_2022-05-30_a_las_09.51.20.png\",\"articleSection\":[\"Sin categorizar\"],\"inLanguage\":\"en-US\",\"potentialAction\":[{\"@type\":\"CommentAction\",\"name\":\"Comment\",\"target\":[\"https:\/\/fadeu.urantiacos.cl\/en\/2022\/05\/30\/francisco-diaz-participo-como-comentarista-invitado-en-workshop-en-the-berlage\/#respond\"]}]},{\"@type\":\"WebPage\",\"@id\":\"https:\/\/fadeu.urantiacos.cl\/en\/2022\/05\/30\/francisco-diaz-participo-como-comentarista-invitado-en-workshop-en-the-berlage\/\",\"url\":\"https:\/\/fadeu.urantiacos.cl\/en\/2022\/05\/30\/francisco-diaz-participo-como-comentarista-invitado-en-workshop-en-the-berlage\/\",\"name\":\"Francisco D\u00edaz particip\u00f3 como comentarista invitado en workshop en The Berlage - Facultad de Arquitectura, Dise\u00f1o y Estudios Urbanos\",\"isPartOf\":{\"@id\":\"https:\/\/fadeu.urantiacos.cl\/en\/#website\"},\"primaryImageOfPage\":{\"@id\":\"https:\/\/fadeu.urantiacos.cl\/en\/2022\/05\/30\/francisco-diaz-participo-como-comentarista-invitado-en-workshop-en-the-berlage\/#primaryimage\"},\"image\":{\"@id\":\"https:\/\/fadeu.urantiacos.cl\/en\/2022\/05\/30\/francisco-diaz-participo-como-comentarista-invitado-en-workshop-en-the-berlage\/#primaryimage\"},\"thumbnailUrl\":\"https:\/\/fadeu.urantiacos.cl\/wp-content\/uploads\/2023\/09\/web_Captura_de_Pantalla_2022-05-30_a_las_09.51.20.png\",\"datePublished\":\"2022-05-30T22:53:00+00:00\",\"dateModified\":\"2023-09-04T22:55:50+00:00\",\"author\":{\"@id\":\"https:\/\/fadeu.urantiacos.cl\/en\/#\/schema\/person\/d203e2e84b1c40275eac77b3061a19a2\"},\"description\":\"El profesor ARQ UC fue invitado al evento final de \u201cAlive and Kicking: The Body Quick\u201d \u2014workshop liderado por Francesca Hughes\u2014 en The Berlage Center for Advanced Studies in Architecture and Urban Design de la Universidad Tecnol\u00f3gica de Delft.\",\"breadcrumb\":{\"@id\":\"https:\/\/fadeu.urantiacos.cl\/en\/2022\/05\/30\/francisco-diaz-participo-como-comentarista-invitado-en-workshop-en-the-berlage\/#breadcrumb\"},\"inLanguage\":\"en-US\",\"potentialAction\":[{\"@type\":\"ReadAction\",\"target\":[\"https:\/\/fadeu.urantiacos.cl\/en\/2022\/05\/30\/francisco-diaz-participo-como-comentarista-invitado-en-workshop-en-the-berlage\/\"]}]},{\"@type\":\"ImageObject\",\"inLanguage\":\"en-US\",\"@id\":\"https:\/\/fadeu.urantiacos.cl\/en\/2022\/05\/30\/francisco-diaz-participo-como-comentarista-invitado-en-workshop-en-the-berlage\/#primaryimage\",\"url\":\"https:\/\/fadeu.urantiacos.cl\/wp-content\/uploads\/2023\/09\/web_Captura_de_Pantalla_2022-05-30_a_las_09.51.20.png\",\"contentUrl\":\"https:\/\/fadeu.urantiacos.cl\/wp-content\/uploads\/2023\/09\/web_Captura_de_Pantalla_2022-05-30_a_las_09.51.20.png\",\"width\":350,\"height\":250},{\"@type\":\"BreadcrumbList\",\"@id\":\"https:\/\/fadeu.urantiacos.cl\/en\/2022\/05\/30\/francisco-diaz-participo-como-comentarista-invitado-en-workshop-en-the-berlage\/#breadcrumb\",\"itemListElement\":[{\"@type\":\"ListItem\",\"position\":1,\"name\":\"Portada\",\"item\":\"https:\/\/fadeu.urantiacos.cl\/en\/\"},{\"@type\":\"ListItem\",\"position\":2,\"name\":\"Francisco D\u00edaz particip\u00f3 como comentarista invitado en workshop en The Berlage\"}]},{\"@type\":\"WebSite\",\"@id\":\"https:\/\/fadeu.urantiacos.cl\/en\/#website\",\"url\":\"https:\/\/fadeu.urantiacos.cl\/en\/\",\"name\":\"Facultad de Arquitectura, Dise\u00f1o y Estudios Urbanos\",\"description\":\"Campus Lo Contador\",\"potentialAction\":[{\"@type\":\"SearchAction\",\"target\":{\"@type\":\"EntryPoint\",\"urlTemplate\":\"https:\/\/fadeu.urantiacos.cl\/en\/?s={search_term_string}\"},\"query-input\":{\"@type\":\"PropertyValueSpecification\",\"valueRequired\":true,\"valueName\":\"search_term_string\"}}],\"inLanguage\":\"en-US\"},{\"@type\":\"Person\",\"@id\":\"https:\/\/fadeu.urantiacos.cl\/en\/#\/schema\/person\/d203e2e84b1c40275eac77b3061a19a2\",\"name\":\"manadmin\",\"image\":{\"@type\":\"ImageObject\",\"inLanguage\":\"en-US\",\"@id\":\"https:\/\/fadeu.urantiacos.cl\/en\/#\/schema\/person\/image\/\",\"url\":\"https:\/\/secure.gravatar.com\/avatar\/4b1d8e3303b4a9d8968ac578947d8bc80d9aea359f388cdd4aac15cadc0e8447?s=96&d=mm&r=g\",\"contentUrl\":\"https:\/\/secure.gravatar.com\/avatar\/4b1d8e3303b4a9d8968ac578947d8bc80d9aea359f388cdd4aac15cadc0e8447?s=96&d=mm&r=g\",\"caption\":\"manadmin\"},\"sameAs\":[\"https:\/\/fadeu.urantiacos.cl\"]}]}<\/script>\n<!-- \/ Yoast SEO plugin. -->","yoast_head_json":{"title":"Francisco D\u00edaz particip\u00f3 como comentarista invitado en workshop en The Berlage - Facultad de Arquitectura, Dise\u00f1o y Estudios Urbanos","description":"El profesor ARQ UC fue invitado al evento final de \u201cAlive and Kicking: The Body Quick\u201d \u2014workshop liderado por Francesca Hughes\u2014 en The Berlage Center for Advanced Studies in Architecture and Urban Design de la Universidad Tecnol\u00f3gica de Delft.","robots":{"index":"index","follow":"follow","max-snippet":"max-snippet:-1","max-image-preview":"max-image-preview:large","max-video-preview":"max-video-preview:-1"},"canonical":"https:\/\/fadeu.urantiacos.cl\/en\/2022\/05\/30\/francisco-diaz-participo-como-comentarista-invitado-en-workshop-en-the-berlage\/","og_locale":"en_US","og_type":"article","og_title":"Francisco D\u00edaz particip\u00f3 como comentarista invitado en workshop en The Berlage - Facultad de Arquitectura, Dise\u00f1o y Estudios Urbanos","og_description":"El profesor ARQ UC fue invitado al evento final de \u201cAlive and Kicking: The Body Quick\u201d \u2014workshop liderado por Francesca Hughes\u2014 en The Berlage Center for Advanced Studies in Architecture and Urban Design de la Universidad Tecnol\u00f3gica de Delft.","og_url":"https:\/\/fadeu.urantiacos.cl\/en\/2022\/05\/30\/francisco-diaz-participo-como-comentarista-invitado-en-workshop-en-the-berlage\/","og_site_name":"Facultad de Arquitectura, Dise\u00f1o y Estudios Urbanos","article_published_time":"2022-05-30T22:53:00+00:00","article_modified_time":"2023-09-04T22:55:50+00:00","og_image":[{"width":350,"height":250,"url":"https:\/\/fadeu.urantiacos.cl\/wp-content\/uploads\/2023\/09\/web_Captura_de_Pantalla_2022-05-30_a_las_09.51.20.png","type":"image\/png"}],"author":"manadmin","twitter_card":"summary_large_image","twitter_misc":{"Written by":"manadmin","Est. reading time":"1 minute"},"schema":{"@context":"https:\/\/schema.org","@graph":[{"@type":"Article","@id":"https:\/\/fadeu.urantiacos.cl\/en\/2022\/05\/30\/francisco-diaz-participo-como-comentarista-invitado-en-workshop-en-the-berlage\/#article","isPartOf":{"@id":"https:\/\/fadeu.urantiacos.cl\/en\/2022\/05\/30\/francisco-diaz-participo-como-comentarista-invitado-en-workshop-en-the-berlage\/"},"author":{"name":"manadmin","@id":"https:\/\/fadeu.urantiacos.cl\/en\/#\/schema\/person\/d203e2e84b1c40275eac77b3061a19a2"},"headline":"Francisco D\u00edaz particip\u00f3 como comentarista invitado en workshop en The Berlage","datePublished":"2022-05-30T22:53:00+00:00","dateModified":"2023-09-04T22:55:50+00:00","mainEntityOfPage":{"@id":"https:\/\/fadeu.urantiacos.cl\/en\/2022\/05\/30\/francisco-diaz-participo-como-comentarista-invitado-en-workshop-en-the-berlage\/"},"wordCount":231,"commentCount":0,"image":{"@id":"https:\/\/fadeu.urantiacos.cl\/en\/2022\/05\/30\/francisco-diaz-participo-como-comentarista-invitado-en-workshop-en-the-berlage\/#primaryimage"},"thumbnailUrl":"https:\/\/fadeu.urantiacos.cl\/wp-content\/uploads\/2023\/09\/web_Captura_de_Pantalla_2022-05-30_a_las_09.51.20.png","articleSection":["Sin categorizar"],"inLanguage":"en-US","potentialAction":[{"@type":"CommentAction","name":"Comment","target":["https:\/\/fadeu.urantiacos.cl\/en\/2022\/05\/30\/francisco-diaz-participo-como-comentarista-invitado-en-workshop-en-the-berlage\/#respond"]}]},{"@type":"WebPage","@id":"https:\/\/fadeu.urantiacos.cl\/en\/2022\/05\/30\/francisco-diaz-participo-como-comentarista-invitado-en-workshop-en-the-berlage\/","url":"https:\/\/fadeu.urantiacos.cl\/en\/2022\/05\/30\/francisco-diaz-participo-como-comentarista-invitado-en-workshop-en-the-berlage\/","name":"Francisco D\u00edaz particip\u00f3 como comentarista invitado en workshop en The Berlage - Facultad de Arquitectura, Dise\u00f1o y Estudios Urbanos","isPartOf":{"@id":"https:\/\/fadeu.urantiacos.cl\/en\/#website"},"primaryImageOfPage":{"@id":"https:\/\/fadeu.urantiacos.cl\/en\/2022\/05\/30\/francisco-diaz-participo-como-comentarista-invitado-en-workshop-en-the-berlage\/#primaryimage"},"image":{"@id":"https:\/\/fadeu.urantiacos.cl\/en\/2022\/05\/30\/francisco-diaz-participo-como-comentarista-invitado-en-workshop-en-the-berlage\/#primaryimage"},"thumbnailUrl":"https:\/\/fadeu.urantiacos.cl\/wp-content\/uploads\/2023\/09\/web_Captura_de_Pantalla_2022-05-30_a_las_09.51.20.png","datePublished":"2022-05-30T22:53:00+00:00","dateModified":"2023-09-04T22:55:50+00:00","author":{"@id":"https:\/\/fadeu.urantiacos.cl\/en\/#\/schema\/person\/d203e2e84b1c40275eac77b3061a19a2"},"description":"El profesor ARQ UC fue invitado al evento final de \u201cAlive and Kicking: The Body Quick\u201d \u2014workshop liderado por Francesca Hughes\u2014 en The Berlage Center for Advanced Studies in Architecture and Urban Design de la Universidad Tecnol\u00f3gica de Delft.","breadcrumb":{"@id":"https:\/\/fadeu.urantiacos.cl\/en\/2022\/05\/30\/francisco-diaz-participo-como-comentarista-invitado-en-workshop-en-the-berlage\/#breadcrumb"},"inLanguage":"en-US","potentialAction":[{"@type":"ReadAction","target":["https:\/\/fadeu.urantiacos.cl\/en\/2022\/05\/30\/francisco-diaz-participo-como-comentarista-invitado-en-workshop-en-the-berlage\/"]}]},{"@type":"ImageObject","inLanguage":"en-US","@id":"https:\/\/fadeu.urantiacos.cl\/en\/2022\/05\/30\/francisco-diaz-participo-como-comentarista-invitado-en-workshop-en-the-berlage\/#primaryimage","url":"https:\/\/fadeu.urantiacos.cl\/wp-content\/uploads\/2023\/09\/web_Captura_de_Pantalla_2022-05-30_a_las_09.51.20.png","contentUrl":"https:\/\/fadeu.urantiacos.cl\/wp-content\/uploads\/2023\/09\/web_Captura_de_Pantalla_2022-05-30_a_las_09.51.20.png","width":350,"height":250},{"@type":"BreadcrumbList","@id":"https:\/\/fadeu.urantiacos.cl\/en\/2022\/05\/30\/francisco-diaz-participo-como-comentarista-invitado-en-workshop-en-the-berlage\/#breadcrumb","itemListElement":[{"@type":"ListItem","position":1,"name":"Portada","item":"https:\/\/fadeu.urantiacos.cl\/en\/"},{"@type":"ListItem","position":2,"name":"Francisco D\u00edaz particip\u00f3 como comentarista invitado en workshop en The Berlage"}]},{"@type":"WebSite","@id":"https:\/\/fadeu.urantiacos.cl\/en\/#website","url":"https:\/\/fadeu.urantiacos.cl\/en\/","name":"Facultad de Arquitectura, Dise\u00f1o y Estudios Urbanos","description":"Campus Lo Contador","potentialAction":[{"@type":"SearchAction","target":{"@type":"EntryPoint","urlTemplate":"https:\/\/fadeu.urantiacos.cl\/en\/?s={search_term_string}"},"query-input":{"@type":"PropertyValueSpecification","valueRequired":true,"valueName":"search_term_string"}}],"inLanguage":"en-US"},{"@type":"Person","@id":"https:\/\/fadeu.urantiacos.cl\/en\/#\/schema\/person\/d203e2e84b1c40275eac77b3061a19a2","name":"manadmin","image":{"@type":"ImageObject","inLanguage":"en-US","@id":"https:\/\/fadeu.urantiacos.cl\/en\/#\/schema\/person\/image\/","url":"https:\/\/secure.gravatar.com\/avatar\/4b1d8e3303b4a9d8968ac578947d8bc80d9aea359f388cdd4aac15cadc0e8447?s=96&d=mm&r=g","contentUrl":"https:\/\/secure.gravatar.com\/avatar\/4b1d8e3303b4a9d8968ac578947d8bc80d9aea359f388cdd4aac15cadc0e8447?s=96&d=mm&r=g","caption":"manadmin"},"sameAs":["https:\/\/fadeu.urantiacos.cl"]}]}},"_links":{"self":[{"href":"https:\/\/fadeu.urantiacos.cl\/en\/wp-json\/wp\/v2\/posts\/4839","targetHints":{"allow":["GET"]}}],"collection":[{"href":"https:\/\/fadeu.urantiacos.cl\/en\/wp-json\/wp\/v2\/posts"}],"about":[{"href":"https:\/\/fadeu.urantiacos.cl\/en\/wp-json\/wp\/v2\/types\/post"}],"author":[{"embeddable":true,"href":"https:\/\/fadeu.urantiacos.cl\/en\/wp-json\/wp\/v2\/users\/1"}],"replies":[{"embeddable":true,"href":"https:\/\/fadeu.urantiacos.cl\/en\/wp-json\/wp\/v2\/comments?post=4839"}],"version-history":[{"count":1,"href":"https:\/\/fadeu.urantiacos.cl\/en\/wp-json\/wp\/v2\/posts\/4839\/revisions"}],"predecessor-version":[{"id":4841,"href":"https:\/\/fadeu.urantiacos.cl\/en\/wp-json\/wp\/v2\/posts\/4839\/revisions\/4841"}],"wp:featuredmedia":[{"embeddable":true,"href":"https:\/\/fadeu.urantiacos.cl\/en\/wp-json\/wp\/v2\/media\/4840"}],"wp:attachment":[{"href":"https:\/\/fadeu.urantiacos.cl\/en\/wp-json\/wp\/v2\/media?parent=4839"}],"wp:term":[{"taxonomy":"category","embeddable":true,"href":"https:\/\/fadeu.urantiacos.cl\/en\/wp-json\/wp\/v2\/categories?post=4839"},{"taxonomy":"post_tag","embeddable":true,"href":"https:\/\/fadeu.urantiacos.cl\/en\/wp-json\/wp\/v2\/tags?post=4839"}],"curies":[{"name":"wp","href":"https:\/\/api.w.org\/{rel}","templated":true}]}}