{"id":4836,"date":"2022-05-30T19:49:00","date_gmt":"2022-05-30T22:49:00","guid":{"rendered":"https:\/\/fadeu.urantiacos.cl\/?p=4836"},"modified":"2023-09-04T19:53:49","modified_gmt":"2023-09-04T22:53:49","slug":"jose-rosas-participo-en-un-workshop-sobre-cartografia-de-la-universidad-nacional-de-la-plata","status":"publish","type":"post","link":"https:\/\/fadeu.urantiacos.cl\/en\/2022\/05\/30\/jose-rosas-participo-en-un-workshop-sobre-cartografia-de-la-universidad-nacional-de-la-plata\/","title":{"rendered":"Jos\u00e9 Rosas particip\u00f3 en un workshop sobre cartograf\u00eda de la Universidad Nacional de La Plata"},"content":{"rendered":"\n<figure class=\"wp-block-image size-full\"><img decoding=\"async\" width=\"350\" height=\"250\" src=\"https:\/\/fadeu.urantiacos.cl\/wp-content\/uploads\/2023\/09\/Ansart_web.png\" alt=\"\" class=\"wp-image-4837\" srcset=\"https:\/\/fadeu.urantiacos.cl\/wp-content\/uploads\/2023\/09\/Ansart_web.png 350w, https:\/\/fadeu.urantiacos.cl\/wp-content\/uploads\/2023\/09\/Ansart_web-300x214.png 300w\" sizes=\"(max-width: 350px) 100vw, 350px\" \/><\/figure>\n\n\n\n<p>Titulada &#8220;Modernizaci\u00f3n en Santiago de Chile en la segunda mitad del siglo XIX: El rol del camino de cintura en la articulaci\u00f3n de la ciudad capital&#8221; y enmarcada en el proyecto Fondecyt liderado por Germ\u00e1n Hidalgo, con Jos\u00e9 Rosas, Macarena Ibarra y Wren Strabucci como coinvestigadores, la charla fue parte de los eventos de esta actividad enfocada en pensar la cartograf\u00eda y la historia del territorio.<\/p>\n\n\n\n<p>El workshop reuni\u00f3 a diversos investigadores del mundo \u2014de Francia, Espa\u00f1a, Argentina, Uruguay y Chile, entre otros pa\u00edses\u2014, quienes, a trav\u00e9s de conferencias y mesas de intercambio entre el 17 y 20 de mayo de 2022, indagaron, debatieron y problematizaron en las relaciones que vinculan a la cartograf\u00eda y los mapas con la historia.<\/p>\n\n\n\n<p>En esa l\u00ednea, la conferencia del profesor ARQ UC Jos\u00e9 Rosas present\u00f3 estudios gr\u00e1ficos sobre las cartograf\u00edas de la modernizaci\u00f3n y expansi\u00f3n urbana de Santiago de Chile, trabajo que se da en el contexto del Fondecyt &#8220;Santiago 1875. Desmontando el plano de Ernesto Ansart y el plan de transformaci\u00f3n de Benjam\u00edn Vicu\u00f1a Mackenna: entre la modernizaci\u00f3n de la ciudad capital y el emergente urbanismo residencial&#8221;, que cuenta adem\u00e1s con la colaboraci\u00f3n internacional de Arturo Almandoz y Adri\u00e1n Gorelik, y la asistencia t\u00e9cnica de Germ\u00e1n Guzm\u00e1n y Magdalena Montalb\u00e1n.<\/p>\n\n\n\n<p>M\u00e1s sobre este proyecto Fondecyt en el siguiente&nbsp;<a href=\"https:\/\/arquitectura.uc.cl\/investigacion\/grupos.html?view=investigaciones&amp;invId=99\" target=\"_blank\" rel=\"noreferrer noopener\">link<\/a>&nbsp;<\/p>\n\n\n\n<p>Noticias<br>Contacto:&nbsp;<a href=\"mailto:redesarq@uc.cl\">redesarq@uc.cl<\/a>&nbsp;| +56 2 2354 7747<br>www.arquitectura.uc.cl&nbsp;<\/p>\n","protected":false},"excerpt":{"rendered":"<p>El profesor ARQ UC realiz\u00f3 una conferencia abierta al p\u00fablico como parte del workshop \u201cMapeos. Pensar y repensar la construcci\u00f3n del territorio\u201d en la Facultad de Arquitectura y Urbanismo de la Universidad Nacional de La Plata (UNLP).<\/p>\n","protected":false},"author":1,"featured_media":4837,"comment_status":"open","ping_status":"open","sticky":false,"template":"","format":"standard","meta":{"_acf_changed":false,"footnotes":""},"categories":[1],"tags":[],"class_list":["post-4836","post","type-post","status-publish","format-standard","has-post-thumbnail","hentry","category-sin-categorizar"],"acf":[],"yoast_head":"<!-- This site is optimized with the Yoast SEO plugin v27.1.1 - https:\/\/yoast.com\/product\/yoast-seo-wordpress\/ -->\n<title>Jos\u00e9 Rosas particip\u00f3 en un workshop sobre cartograf\u00eda de la Universidad Nacional de La Plata - Facultad de Arquitectura, Dise\u00f1o y Estudios Urbanos<\/title>\n<meta name=\"description\" content=\"El profesor ARQ UC realiz\u00f3 una conferencia abierta al p\u00fablico como parte del workshop \u201cMapeos. Pensar y repensar la construcci\u00f3n del territorio\u201d en la Facultad de Arquitectura y Urbanismo de la Universidad Nacional de La Plata (UNLP).\" \/>\n<meta name=\"robots\" content=\"index, follow, max-snippet:-1, max-image-preview:large, max-video-preview:-1\" \/>\n<link rel=\"canonical\" href=\"https:\/\/fadeu.urantiacos.cl\/en\/2022\/05\/30\/jose-rosas-participo-en-un-workshop-sobre-cartografia-de-la-universidad-nacional-de-la-plata\/\" \/>\n<meta property=\"og:locale\" content=\"en_US\" \/>\n<meta property=\"og:type\" content=\"article\" \/>\n<meta property=\"og:title\" content=\"Jos\u00e9 Rosas particip\u00f3 en un workshop sobre cartograf\u00eda de la Universidad Nacional de La Plata - Facultad de Arquitectura, Dise\u00f1o y Estudios Urbanos\" \/>\n<meta property=\"og:description\" content=\"El profesor ARQ UC realiz\u00f3 una conferencia abierta al p\u00fablico como parte del workshop \u201cMapeos. Pensar y repensar la construcci\u00f3n del territorio\u201d en la Facultad de Arquitectura y Urbanismo de la Universidad Nacional de La Plata (UNLP).\" \/>\n<meta property=\"og:url\" content=\"https:\/\/fadeu.urantiacos.cl\/en\/2022\/05\/30\/jose-rosas-participo-en-un-workshop-sobre-cartografia-de-la-universidad-nacional-de-la-plata\/\" \/>\n<meta property=\"og:site_name\" content=\"Facultad de Arquitectura, Dise\u00f1o y Estudios Urbanos\" \/>\n<meta property=\"article:published_time\" content=\"2022-05-30T22:49:00+00:00\" \/>\n<meta property=\"article:modified_time\" content=\"2023-09-04T22:53:49+00:00\" \/>\n<meta property=\"og:image\" content=\"https:\/\/fadeu.urantiacos.cl\/wp-content\/uploads\/2023\/09\/Ansart_web.png\" \/>\n\t<meta property=\"og:image:width\" content=\"350\" \/>\n\t<meta property=\"og:image:height\" content=\"250\" \/>\n\t<meta property=\"og:image:type\" content=\"image\/png\" \/>\n<meta name=\"author\" content=\"manadmin\" \/>\n<meta name=\"twitter:card\" content=\"summary_large_image\" \/>\n<meta name=\"twitter:label1\" content=\"Written by\" \/>\n\t<meta name=\"twitter:data1\" content=\"manadmin\" \/>\n\t<meta name=\"twitter:label2\" content=\"Est. reading time\" \/>\n\t<meta name=\"twitter:data2\" content=\"1 minute\" \/>\n<script type=\"application\/ld+json\" class=\"yoast-schema-graph\">{\"@context\":\"https:\/\/schema.org\",\"@graph\":[{\"@type\":\"Article\",\"@id\":\"https:\/\/fadeu.urantiacos.cl\/en\/2022\/05\/30\/jose-rosas-participo-en-un-workshop-sobre-cartografia-de-la-universidad-nacional-de-la-plata\/#article\",\"isPartOf\":{\"@id\":\"https:\/\/fadeu.urantiacos.cl\/en\/2022\/05\/30\/jose-rosas-participo-en-un-workshop-sobre-cartografia-de-la-universidad-nacional-de-la-plata\/\"},\"author\":{\"name\":\"manadmin\",\"@id\":\"https:\/\/fadeu.urantiacos.cl\/en\/#\/schema\/person\/d203e2e84b1c40275eac77b3061a19a2\"},\"headline\":\"Jos\u00e9 Rosas particip\u00f3 en un workshop sobre cartograf\u00eda de la Universidad Nacional de La Plata\",\"datePublished\":\"2022-05-30T22:49:00+00:00\",\"dateModified\":\"2023-09-04T22:53:49+00:00\",\"mainEntityOfPage\":{\"@id\":\"https:\/\/fadeu.urantiacos.cl\/en\/2022\/05\/30\/jose-rosas-participo-en-un-workshop-sobre-cartografia-de-la-universidad-nacional-de-la-plata\/\"},\"wordCount\":267,\"commentCount\":0,\"image\":{\"@id\":\"https:\/\/fadeu.urantiacos.cl\/en\/2022\/05\/30\/jose-rosas-participo-en-un-workshop-sobre-cartografia-de-la-universidad-nacional-de-la-plata\/#primaryimage\"},\"thumbnailUrl\":\"https:\/\/fadeu.urantiacos.cl\/wp-content\/uploads\/2023\/09\/Ansart_web.png\",\"articleSection\":[\"Sin categorizar\"],\"inLanguage\":\"en-US\",\"potentialAction\":[{\"@type\":\"CommentAction\",\"name\":\"Comment\",\"target\":[\"https:\/\/fadeu.urantiacos.cl\/en\/2022\/05\/30\/jose-rosas-participo-en-un-workshop-sobre-cartografia-de-la-universidad-nacional-de-la-plata\/#respond\"]}]},{\"@type\":\"WebPage\",\"@id\":\"https:\/\/fadeu.urantiacos.cl\/en\/2022\/05\/30\/jose-rosas-participo-en-un-workshop-sobre-cartografia-de-la-universidad-nacional-de-la-plata\/\",\"url\":\"https:\/\/fadeu.urantiacos.cl\/en\/2022\/05\/30\/jose-rosas-participo-en-un-workshop-sobre-cartografia-de-la-universidad-nacional-de-la-plata\/\",\"name\":\"Jos\u00e9 Rosas particip\u00f3 en un workshop sobre cartograf\u00eda de la Universidad Nacional de La Plata - Facultad de Arquitectura, Dise\u00f1o y Estudios Urbanos\",\"isPartOf\":{\"@id\":\"https:\/\/fadeu.urantiacos.cl\/en\/#website\"},\"primaryImageOfPage\":{\"@id\":\"https:\/\/fadeu.urantiacos.cl\/en\/2022\/05\/30\/jose-rosas-participo-en-un-workshop-sobre-cartografia-de-la-universidad-nacional-de-la-plata\/#primaryimage\"},\"image\":{\"@id\":\"https:\/\/fadeu.urantiacos.cl\/en\/2022\/05\/30\/jose-rosas-participo-en-un-workshop-sobre-cartografia-de-la-universidad-nacional-de-la-plata\/#primaryimage\"},\"thumbnailUrl\":\"https:\/\/fadeu.urantiacos.cl\/wp-content\/uploads\/2023\/09\/Ansart_web.png\",\"datePublished\":\"2022-05-30T22:49:00+00:00\",\"dateModified\":\"2023-09-04T22:53:49+00:00\",\"author\":{\"@id\":\"https:\/\/fadeu.urantiacos.cl\/en\/#\/schema\/person\/d203e2e84b1c40275eac77b3061a19a2\"},\"description\":\"El profesor ARQ UC realiz\u00f3 una conferencia abierta al p\u00fablico como parte del workshop \u201cMapeos. Pensar y repensar la construcci\u00f3n del territorio\u201d en la Facultad de Arquitectura y Urbanismo de la Universidad Nacional de La Plata (UNLP).\",\"breadcrumb\":{\"@id\":\"https:\/\/fadeu.urantiacos.cl\/en\/2022\/05\/30\/jose-rosas-participo-en-un-workshop-sobre-cartografia-de-la-universidad-nacional-de-la-plata\/#breadcrumb\"},\"inLanguage\":\"en-US\",\"potentialAction\":[{\"@type\":\"ReadAction\",\"target\":[\"https:\/\/fadeu.urantiacos.cl\/en\/2022\/05\/30\/jose-rosas-participo-en-un-workshop-sobre-cartografia-de-la-universidad-nacional-de-la-plata\/\"]}]},{\"@type\":\"ImageObject\",\"inLanguage\":\"en-US\",\"@id\":\"https:\/\/fadeu.urantiacos.cl\/en\/2022\/05\/30\/jose-rosas-participo-en-un-workshop-sobre-cartografia-de-la-universidad-nacional-de-la-plata\/#primaryimage\",\"url\":\"https:\/\/fadeu.urantiacos.cl\/wp-content\/uploads\/2023\/09\/Ansart_web.png\",\"contentUrl\":\"https:\/\/fadeu.urantiacos.cl\/wp-content\/uploads\/2023\/09\/Ansart_web.png\",\"width\":350,\"height\":250},{\"@type\":\"BreadcrumbList\",\"@id\":\"https:\/\/fadeu.urantiacos.cl\/en\/2022\/05\/30\/jose-rosas-participo-en-un-workshop-sobre-cartografia-de-la-universidad-nacional-de-la-plata\/#breadcrumb\",\"itemListElement\":[{\"@type\":\"ListItem\",\"position\":1,\"name\":\"Portada\",\"item\":\"https:\/\/fadeu.urantiacos.cl\/en\/\"},{\"@type\":\"ListItem\",\"position\":2,\"name\":\"Jos\u00e9 Rosas particip\u00f3 en un workshop sobre cartograf\u00eda de la Universidad Nacional de La Plata\"}]},{\"@type\":\"WebSite\",\"@id\":\"https:\/\/fadeu.urantiacos.cl\/en\/#website\",\"url\":\"https:\/\/fadeu.urantiacos.cl\/en\/\",\"name\":\"Facultad de Arquitectura, Dise\u00f1o y Estudios Urbanos\",\"description\":\"Campus Lo Contador\",\"potentialAction\":[{\"@type\":\"SearchAction\",\"target\":{\"@type\":\"EntryPoint\",\"urlTemplate\":\"https:\/\/fadeu.urantiacos.cl\/en\/?s={search_term_string}\"},\"query-input\":{\"@type\":\"PropertyValueSpecification\",\"valueRequired\":true,\"valueName\":\"search_term_string\"}}],\"inLanguage\":\"en-US\"},{\"@type\":\"Person\",\"@id\":\"https:\/\/fadeu.urantiacos.cl\/en\/#\/schema\/person\/d203e2e84b1c40275eac77b3061a19a2\",\"name\":\"manadmin\",\"image\":{\"@type\":\"ImageObject\",\"inLanguage\":\"en-US\",\"@id\":\"https:\/\/fadeu.urantiacos.cl\/en\/#\/schema\/person\/image\/\",\"url\":\"https:\/\/secure.gravatar.com\/avatar\/4b1d8e3303b4a9d8968ac578947d8bc80d9aea359f388cdd4aac15cadc0e8447?s=96&d=mm&r=g\",\"contentUrl\":\"https:\/\/secure.gravatar.com\/avatar\/4b1d8e3303b4a9d8968ac578947d8bc80d9aea359f388cdd4aac15cadc0e8447?s=96&d=mm&r=g\",\"caption\":\"manadmin\"},\"sameAs\":[\"https:\/\/fadeu.urantiacos.cl\"]}]}<\/script>\n<!-- \/ Yoast SEO plugin. -->","yoast_head_json":{"title":"Jos\u00e9 Rosas particip\u00f3 en un workshop sobre cartograf\u00eda de la Universidad Nacional de La Plata - Facultad de Arquitectura, Dise\u00f1o y Estudios Urbanos","description":"El profesor ARQ UC realiz\u00f3 una conferencia abierta al p\u00fablico como parte del workshop \u201cMapeos. Pensar y repensar la construcci\u00f3n del territorio\u201d en la Facultad de Arquitectura y Urbanismo de la Universidad Nacional de La Plata (UNLP).","robots":{"index":"index","follow":"follow","max-snippet":"max-snippet:-1","max-image-preview":"max-image-preview:large","max-video-preview":"max-video-preview:-1"},"canonical":"https:\/\/fadeu.urantiacos.cl\/en\/2022\/05\/30\/jose-rosas-participo-en-un-workshop-sobre-cartografia-de-la-universidad-nacional-de-la-plata\/","og_locale":"en_US","og_type":"article","og_title":"Jos\u00e9 Rosas particip\u00f3 en un workshop sobre cartograf\u00eda de la Universidad Nacional de La Plata - Facultad de Arquitectura, Dise\u00f1o y Estudios Urbanos","og_description":"El profesor ARQ UC realiz\u00f3 una conferencia abierta al p\u00fablico como parte del workshop \u201cMapeos. Pensar y repensar la construcci\u00f3n del territorio\u201d en la Facultad de Arquitectura y Urbanismo de la Universidad Nacional de La Plata (UNLP).","og_url":"https:\/\/fadeu.urantiacos.cl\/en\/2022\/05\/30\/jose-rosas-participo-en-un-workshop-sobre-cartografia-de-la-universidad-nacional-de-la-plata\/","og_site_name":"Facultad de Arquitectura, Dise\u00f1o y Estudios Urbanos","article_published_time":"2022-05-30T22:49:00+00:00","article_modified_time":"2023-09-04T22:53:49+00:00","og_image":[{"width":350,"height":250,"url":"https:\/\/fadeu.urantiacos.cl\/wp-content\/uploads\/2023\/09\/Ansart_web.png","type":"image\/png"}],"author":"manadmin","twitter_card":"summary_large_image","twitter_misc":{"Written by":"manadmin","Est. reading time":"1 minute"},"schema":{"@context":"https:\/\/schema.org","@graph":[{"@type":"Article","@id":"https:\/\/fadeu.urantiacos.cl\/en\/2022\/05\/30\/jose-rosas-participo-en-un-workshop-sobre-cartografia-de-la-universidad-nacional-de-la-plata\/#article","isPartOf":{"@id":"https:\/\/fadeu.urantiacos.cl\/en\/2022\/05\/30\/jose-rosas-participo-en-un-workshop-sobre-cartografia-de-la-universidad-nacional-de-la-plata\/"},"author":{"name":"manadmin","@id":"https:\/\/fadeu.urantiacos.cl\/en\/#\/schema\/person\/d203e2e84b1c40275eac77b3061a19a2"},"headline":"Jos\u00e9 Rosas particip\u00f3 en un workshop sobre cartograf\u00eda de la Universidad Nacional de La Plata","datePublished":"2022-05-30T22:49:00+00:00","dateModified":"2023-09-04T22:53:49+00:00","mainEntityOfPage":{"@id":"https:\/\/fadeu.urantiacos.cl\/en\/2022\/05\/30\/jose-rosas-participo-en-un-workshop-sobre-cartografia-de-la-universidad-nacional-de-la-plata\/"},"wordCount":267,"commentCount":0,"image":{"@id":"https:\/\/fadeu.urantiacos.cl\/en\/2022\/05\/30\/jose-rosas-participo-en-un-workshop-sobre-cartografia-de-la-universidad-nacional-de-la-plata\/#primaryimage"},"thumbnailUrl":"https:\/\/fadeu.urantiacos.cl\/wp-content\/uploads\/2023\/09\/Ansart_web.png","articleSection":["Sin categorizar"],"inLanguage":"en-US","potentialAction":[{"@type":"CommentAction","name":"Comment","target":["https:\/\/fadeu.urantiacos.cl\/en\/2022\/05\/30\/jose-rosas-participo-en-un-workshop-sobre-cartografia-de-la-universidad-nacional-de-la-plata\/#respond"]}]},{"@type":"WebPage","@id":"https:\/\/fadeu.urantiacos.cl\/en\/2022\/05\/30\/jose-rosas-participo-en-un-workshop-sobre-cartografia-de-la-universidad-nacional-de-la-plata\/","url":"https:\/\/fadeu.urantiacos.cl\/en\/2022\/05\/30\/jose-rosas-participo-en-un-workshop-sobre-cartografia-de-la-universidad-nacional-de-la-plata\/","name":"Jos\u00e9 Rosas particip\u00f3 en un workshop sobre cartograf\u00eda de la Universidad Nacional de La Plata - Facultad de Arquitectura, Dise\u00f1o y Estudios Urbanos","isPartOf":{"@id":"https:\/\/fadeu.urantiacos.cl\/en\/#website"},"primaryImageOfPage":{"@id":"https:\/\/fadeu.urantiacos.cl\/en\/2022\/05\/30\/jose-rosas-participo-en-un-workshop-sobre-cartografia-de-la-universidad-nacional-de-la-plata\/#primaryimage"},"image":{"@id":"https:\/\/fadeu.urantiacos.cl\/en\/2022\/05\/30\/jose-rosas-participo-en-un-workshop-sobre-cartografia-de-la-universidad-nacional-de-la-plata\/#primaryimage"},"thumbnailUrl":"https:\/\/fadeu.urantiacos.cl\/wp-content\/uploads\/2023\/09\/Ansart_web.png","datePublished":"2022-05-30T22:49:00+00:00","dateModified":"2023-09-04T22:53:49+00:00","author":{"@id":"https:\/\/fadeu.urantiacos.cl\/en\/#\/schema\/person\/d203e2e84b1c40275eac77b3061a19a2"},"description":"El profesor ARQ UC realiz\u00f3 una conferencia abierta al p\u00fablico como parte del workshop \u201cMapeos. Pensar y repensar la construcci\u00f3n del territorio\u201d en la Facultad de Arquitectura y Urbanismo de la Universidad Nacional de La Plata (UNLP).","breadcrumb":{"@id":"https:\/\/fadeu.urantiacos.cl\/en\/2022\/05\/30\/jose-rosas-participo-en-un-workshop-sobre-cartografia-de-la-universidad-nacional-de-la-plata\/#breadcrumb"},"inLanguage":"en-US","potentialAction":[{"@type":"ReadAction","target":["https:\/\/fadeu.urantiacos.cl\/en\/2022\/05\/30\/jose-rosas-participo-en-un-workshop-sobre-cartografia-de-la-universidad-nacional-de-la-plata\/"]}]},{"@type":"ImageObject","inLanguage":"en-US","@id":"https:\/\/fadeu.urantiacos.cl\/en\/2022\/05\/30\/jose-rosas-participo-en-un-workshop-sobre-cartografia-de-la-universidad-nacional-de-la-plata\/#primaryimage","url":"https:\/\/fadeu.urantiacos.cl\/wp-content\/uploads\/2023\/09\/Ansart_web.png","contentUrl":"https:\/\/fadeu.urantiacos.cl\/wp-content\/uploads\/2023\/09\/Ansart_web.png","width":350,"height":250},{"@type":"BreadcrumbList","@id":"https:\/\/fadeu.urantiacos.cl\/en\/2022\/05\/30\/jose-rosas-participo-en-un-workshop-sobre-cartografia-de-la-universidad-nacional-de-la-plata\/#breadcrumb","itemListElement":[{"@type":"ListItem","position":1,"name":"Portada","item":"https:\/\/fadeu.urantiacos.cl\/en\/"},{"@type":"ListItem","position":2,"name":"Jos\u00e9 Rosas particip\u00f3 en un workshop sobre cartograf\u00eda de la Universidad Nacional de La Plata"}]},{"@type":"WebSite","@id":"https:\/\/fadeu.urantiacos.cl\/en\/#website","url":"https:\/\/fadeu.urantiacos.cl\/en\/","name":"Facultad de Arquitectura, Dise\u00f1o y Estudios Urbanos","description":"Campus Lo Contador","potentialAction":[{"@type":"SearchAction","target":{"@type":"EntryPoint","urlTemplate":"https:\/\/fadeu.urantiacos.cl\/en\/?s={search_term_string}"},"query-input":{"@type":"PropertyValueSpecification","valueRequired":true,"valueName":"search_term_string"}}],"inLanguage":"en-US"},{"@type":"Person","@id":"https:\/\/fadeu.urantiacos.cl\/en\/#\/schema\/person\/d203e2e84b1c40275eac77b3061a19a2","name":"manadmin","image":{"@type":"ImageObject","inLanguage":"en-US","@id":"https:\/\/fadeu.urantiacos.cl\/en\/#\/schema\/person\/image\/","url":"https:\/\/secure.gravatar.com\/avatar\/4b1d8e3303b4a9d8968ac578947d8bc80d9aea359f388cdd4aac15cadc0e8447?s=96&d=mm&r=g","contentUrl":"https:\/\/secure.gravatar.com\/avatar\/4b1d8e3303b4a9d8968ac578947d8bc80d9aea359f388cdd4aac15cadc0e8447?s=96&d=mm&r=g","caption":"manadmin"},"sameAs":["https:\/\/fadeu.urantiacos.cl"]}]}},"_links":{"self":[{"href":"https:\/\/fadeu.urantiacos.cl\/en\/wp-json\/wp\/v2\/posts\/4836","targetHints":{"allow":["GET"]}}],"collection":[{"href":"https:\/\/fadeu.urantiacos.cl\/en\/wp-json\/wp\/v2\/posts"}],"about":[{"href":"https:\/\/fadeu.urantiacos.cl\/en\/wp-json\/wp\/v2\/types\/post"}],"author":[{"embeddable":true,"href":"https:\/\/fadeu.urantiacos.cl\/en\/wp-json\/wp\/v2\/users\/1"}],"replies":[{"embeddable":true,"href":"https:\/\/fadeu.urantiacos.cl\/en\/wp-json\/wp\/v2\/comments?post=4836"}],"version-history":[{"count":1,"href":"https:\/\/fadeu.urantiacos.cl\/en\/wp-json\/wp\/v2\/posts\/4836\/revisions"}],"predecessor-version":[{"id":4838,"href":"https:\/\/fadeu.urantiacos.cl\/en\/wp-json\/wp\/v2\/posts\/4836\/revisions\/4838"}],"wp:featuredmedia":[{"embeddable":true,"href":"https:\/\/fadeu.urantiacos.cl\/en\/wp-json\/wp\/v2\/media\/4837"}],"wp:attachment":[{"href":"https:\/\/fadeu.urantiacos.cl\/en\/wp-json\/wp\/v2\/media?parent=4836"}],"wp:term":[{"taxonomy":"category","embeddable":true,"href":"https:\/\/fadeu.urantiacos.cl\/en\/wp-json\/wp\/v2\/categories?post=4836"},{"taxonomy":"post_tag","embeddable":true,"href":"https:\/\/fadeu.urantiacos.cl\/en\/wp-json\/wp\/v2\/tags?post=4836"}],"curies":[{"name":"wp","href":"https:\/\/api.w.org\/{rel}","templated":true}]}}