{"id":4833,"date":"2022-05-30T19:47:00","date_gmt":"2022-05-30T22:47:00","guid":{"rendered":"https:\/\/fadeu.urantiacos.cl\/?p=4833"},"modified":"2023-10-24T15:08:55","modified_gmt":"2023-10-24T18:08:55","slug":"profesores-arq-uc-participaron-en-seminario-internacional-sobre-patrimonio-religioso","status":"publish","type":"post","link":"https:\/\/fadeu.urantiacos.cl\/en\/2022\/05\/30\/profesores-arq-uc-participaron-en-seminario-internacional-sobre-patrimonio-religioso\/","title":{"rendered":"Profesores ARQ UC participaron en seminario internacional sobre patrimonio religioso"},"content":{"rendered":"\n<figure class=\"wp-block-image size-full\"><img decoding=\"async\" width=\"350\" height=\"250\" src=\"https:\/\/fadeu.urantiacos.cl\/wp-content\/uploads\/2023\/09\/web_Captura_de_Pantalla_2022-05-30_a_las_09.36.17.png\" alt=\"\" class=\"wp-image-4834\" srcset=\"https:\/\/fadeu.urantiacos.cl\/wp-content\/uploads\/2023\/09\/web_Captura_de_Pantalla_2022-05-30_a_las_09.36.17.png 350w, https:\/\/fadeu.urantiacos.cl\/wp-content\/uploads\/2023\/09\/web_Captura_de_Pantalla_2022-05-30_a_las_09.36.17-300x214.png 300w\" sizes=\"(max-width: 350px) 100vw, 350px\" \/><\/figure>\n\n\n\n<p>Durante las jornadas, que se dividieron en cuatro tardes de presentaciones, Elvira P\u00e9rez, profesora y subdirectora de Investigaci\u00f3n y Desarrollo ARQ UC expuso junto a Marcos Barrientos la ponencia &#8220;Patrimonio religioso en Chile y Bolivia. Levantamiento cr\u00edtico y estudio comparado de los conjuntos de la recoleta Dominica (Santiago) y San Francisco (La Paz): Bases para su conservaci\u00f3n&#8221;, trabajo que se enmarca dentro del concurso de investigaci\u00f3n y creaci\u00f3n para acad\u00e9micos de la Vicerrector\u00eda de Investigaci\u00f3n (VRI) y Pastoral UC.<\/p>\n\n\n\n<p>Por su parte, Umberto Bonomo, profesor y director del Centro de Patrimonio Cultural UC present\u00f3 junto al profesor Francisco Prado la charla titulada &#8220;Plan director de la Catedral de Santiago de Chile&#8221;, investigaci\u00f3n que nace a partir de un encargo del rector UC Ignacio S\u00e1nchez al centro.<\/p>\n\n\n\n<p>Realizado entre el 23 y el 26 de mayo de 2022, el seminario fue organizado \u2014y transmitido\u2014 por la Universidad Cat\u00f3lica Boliviana (UCB) con la colaboraci\u00f3n del Centro de Patrimonio Cultural UC, la Universidad Cat\u00f3lica de La Plata (UCALP), la Universidad Cat\u00f3lica de Salta (UCASAL), la Pontificia Universidad Cat\u00f3lica del Per\u00fa (PUCP) y las sedes de Bolivia y Argentina del Centro Internacional para la Conservaci\u00f3n del Patrimonio (CICOP).<\/p>\n\n\n\n<p>Ver video de presentaciones en el siguiente\u00a0<a href=\"https:\/\/www.facebook.com\/culturarteUCB\/videos\/723870685560211\" target=\"_blank\" rel=\"noreferrer noopener\">link<\/a>\u00a0<br>Ver el programa de las jornadas en el siguiente\u00a0<a href=\"https:\/\/fadeu.urantiacos.cl\/wp-content\/uploads\/2023\/10\/FThnKmPX0AUbLeu.jpg\" target=\"_blank\" rel=\"noreferrer noopener\">link<\/a>\u00a0<\/p>\n\n\n\n<p>Noticias<br>Contacto:&nbsp;<a href=\"mailto:redesarq@uc.cl\">redesarq@uc.cl<\/a>&nbsp;| +56 2 2354 7747<br>www.arquitectura.uc.cl&nbsp;<\/p>\n","protected":false},"excerpt":{"rendered":"<p>Elvira P\u00e9rez, Marco Barrientos, Umberto Bonomo y Francisco Prado expusieron en las \u201cJornadas internacionales de patrimonio religioso\u201d, evento en el que participaron acad\u00e9micos de Argentina, Bolivia, Per\u00fa y Chile.<\/p>\n","protected":false},"author":1,"featured_media":4834,"comment_status":"open","ping_status":"open","sticky":false,"template":"","format":"standard","meta":{"_acf_changed":false,"footnotes":""},"categories":[1],"tags":[],"class_list":["post-4833","post","type-post","status-publish","format-standard","has-post-thumbnail","hentry","category-sin-categorizar"],"acf":[],"yoast_head":"<!-- This site is optimized with the Yoast SEO plugin v27.1.1 - https:\/\/yoast.com\/product\/yoast-seo-wordpress\/ -->\n<title>Profesores ARQ UC participaron en seminario internacional sobre patrimonio religioso - Facultad de Arquitectura, Dise\u00f1o y Estudios Urbanos<\/title>\n<meta name=\"description\" content=\"Elvira P\u00e9rez, Marco Barrientos, Umberto Bonomo y Francisco Prado expusieron en las \u201cJornadas internacionales de patrimonio religioso\u201d, evento en el que participaron acad\u00e9micos de Argentina, Bolivia, Per\u00fa y Chile.\" \/>\n<meta name=\"robots\" content=\"index, follow, max-snippet:-1, max-image-preview:large, max-video-preview:-1\" \/>\n<link rel=\"canonical\" href=\"https:\/\/fadeu.urantiacos.cl\/en\/2022\/05\/30\/profesores-arq-uc-participaron-en-seminario-internacional-sobre-patrimonio-religioso\/\" \/>\n<meta property=\"og:locale\" content=\"en_US\" \/>\n<meta property=\"og:type\" content=\"article\" \/>\n<meta property=\"og:title\" content=\"Profesores ARQ UC participaron en seminario internacional sobre patrimonio religioso - Facultad de Arquitectura, Dise\u00f1o y Estudios Urbanos\" \/>\n<meta property=\"og:description\" content=\"Elvira P\u00e9rez, Marco Barrientos, Umberto Bonomo y Francisco Prado expusieron en las \u201cJornadas internacionales de patrimonio religioso\u201d, evento en el que participaron acad\u00e9micos de Argentina, Bolivia, Per\u00fa y Chile.\" \/>\n<meta property=\"og:url\" content=\"https:\/\/fadeu.urantiacos.cl\/en\/2022\/05\/30\/profesores-arq-uc-participaron-en-seminario-internacional-sobre-patrimonio-religioso\/\" \/>\n<meta property=\"og:site_name\" content=\"Facultad de Arquitectura, Dise\u00f1o y Estudios Urbanos\" \/>\n<meta property=\"article:published_time\" content=\"2022-05-30T22:47:00+00:00\" \/>\n<meta property=\"article:modified_time\" content=\"2023-10-24T18:08:55+00:00\" \/>\n<meta property=\"og:image\" content=\"https:\/\/fadeu.urantiacos.cl\/wp-content\/uploads\/2023\/09\/web_Captura_de_Pantalla_2022-05-30_a_las_09.36.17.png\" \/>\n\t<meta property=\"og:image:width\" content=\"350\" \/>\n\t<meta property=\"og:image:height\" content=\"250\" \/>\n\t<meta property=\"og:image:type\" content=\"image\/png\" \/>\n<meta name=\"author\" content=\"manadmin\" \/>\n<meta name=\"twitter:card\" content=\"summary_large_image\" \/>\n<meta name=\"twitter:label1\" content=\"Written by\" \/>\n\t<meta name=\"twitter:data1\" content=\"manadmin\" \/>\n\t<meta name=\"twitter:label2\" content=\"Est. reading time\" \/>\n\t<meta name=\"twitter:data2\" content=\"2 minutes\" \/>\n<script type=\"application\/ld+json\" class=\"yoast-schema-graph\">{\"@context\":\"https:\/\/schema.org\",\"@graph\":[{\"@type\":\"Article\",\"@id\":\"https:\/\/fadeu.urantiacos.cl\/en\/2022\/05\/30\/profesores-arq-uc-participaron-en-seminario-internacional-sobre-patrimonio-religioso\/#article\",\"isPartOf\":{\"@id\":\"https:\/\/fadeu.urantiacos.cl\/en\/2022\/05\/30\/profesores-arq-uc-participaron-en-seminario-internacional-sobre-patrimonio-religioso\/\"},\"author\":{\"name\":\"manadmin\",\"@id\":\"https:\/\/fadeu.urantiacos.cl\/en\/#\/schema\/person\/d203e2e84b1c40275eac77b3061a19a2\"},\"headline\":\"Profesores ARQ UC participaron en seminario internacional sobre patrimonio religioso\",\"datePublished\":\"2022-05-30T22:47:00+00:00\",\"dateModified\":\"2023-10-24T18:08:55+00:00\",\"mainEntityOfPage\":{\"@id\":\"https:\/\/fadeu.urantiacos.cl\/en\/2022\/05\/30\/profesores-arq-uc-participaron-en-seminario-internacional-sobre-patrimonio-religioso\/\"},\"wordCount\":247,\"commentCount\":0,\"image\":{\"@id\":\"https:\/\/fadeu.urantiacos.cl\/en\/2022\/05\/30\/profesores-arq-uc-participaron-en-seminario-internacional-sobre-patrimonio-religioso\/#primaryimage\"},\"thumbnailUrl\":\"https:\/\/fadeu.urantiacos.cl\/wp-content\/uploads\/2023\/09\/web_Captura_de_Pantalla_2022-05-30_a_las_09.36.17.png\",\"articleSection\":[\"Sin categorizar\"],\"inLanguage\":\"en-US\",\"potentialAction\":[{\"@type\":\"CommentAction\",\"name\":\"Comment\",\"target\":[\"https:\/\/fadeu.urantiacos.cl\/en\/2022\/05\/30\/profesores-arq-uc-participaron-en-seminario-internacional-sobre-patrimonio-religioso\/#respond\"]}]},{\"@type\":\"WebPage\",\"@id\":\"https:\/\/fadeu.urantiacos.cl\/en\/2022\/05\/30\/profesores-arq-uc-participaron-en-seminario-internacional-sobre-patrimonio-religioso\/\",\"url\":\"https:\/\/fadeu.urantiacos.cl\/en\/2022\/05\/30\/profesores-arq-uc-participaron-en-seminario-internacional-sobre-patrimonio-religioso\/\",\"name\":\"Profesores ARQ UC participaron en seminario internacional sobre patrimonio religioso - Facultad de Arquitectura, Dise\u00f1o y Estudios Urbanos\",\"isPartOf\":{\"@id\":\"https:\/\/fadeu.urantiacos.cl\/en\/#website\"},\"primaryImageOfPage\":{\"@id\":\"https:\/\/fadeu.urantiacos.cl\/en\/2022\/05\/30\/profesores-arq-uc-participaron-en-seminario-internacional-sobre-patrimonio-religioso\/#primaryimage\"},\"image\":{\"@id\":\"https:\/\/fadeu.urantiacos.cl\/en\/2022\/05\/30\/profesores-arq-uc-participaron-en-seminario-internacional-sobre-patrimonio-religioso\/#primaryimage\"},\"thumbnailUrl\":\"https:\/\/fadeu.urantiacos.cl\/wp-content\/uploads\/2023\/09\/web_Captura_de_Pantalla_2022-05-30_a_las_09.36.17.png\",\"datePublished\":\"2022-05-30T22:47:00+00:00\",\"dateModified\":\"2023-10-24T18:08:55+00:00\",\"author\":{\"@id\":\"https:\/\/fadeu.urantiacos.cl\/en\/#\/schema\/person\/d203e2e84b1c40275eac77b3061a19a2\"},\"description\":\"Elvira P\u00e9rez, Marco Barrientos, Umberto Bonomo y Francisco Prado expusieron en las \u201cJornadas internacionales de patrimonio religioso\u201d, evento en el que participaron acad\u00e9micos de Argentina, Bolivia, Per\u00fa y Chile.\",\"breadcrumb\":{\"@id\":\"https:\/\/fadeu.urantiacos.cl\/en\/2022\/05\/30\/profesores-arq-uc-participaron-en-seminario-internacional-sobre-patrimonio-religioso\/#breadcrumb\"},\"inLanguage\":\"en-US\",\"potentialAction\":[{\"@type\":\"ReadAction\",\"target\":[\"https:\/\/fadeu.urantiacos.cl\/en\/2022\/05\/30\/profesores-arq-uc-participaron-en-seminario-internacional-sobre-patrimonio-religioso\/\"]}]},{\"@type\":\"ImageObject\",\"inLanguage\":\"en-US\",\"@id\":\"https:\/\/fadeu.urantiacos.cl\/en\/2022\/05\/30\/profesores-arq-uc-participaron-en-seminario-internacional-sobre-patrimonio-religioso\/#primaryimage\",\"url\":\"https:\/\/fadeu.urantiacos.cl\/wp-content\/uploads\/2023\/09\/web_Captura_de_Pantalla_2022-05-30_a_las_09.36.17.png\",\"contentUrl\":\"https:\/\/fadeu.urantiacos.cl\/wp-content\/uploads\/2023\/09\/web_Captura_de_Pantalla_2022-05-30_a_las_09.36.17.png\",\"width\":350,\"height\":250},{\"@type\":\"BreadcrumbList\",\"@id\":\"https:\/\/fadeu.urantiacos.cl\/en\/2022\/05\/30\/profesores-arq-uc-participaron-en-seminario-internacional-sobre-patrimonio-religioso\/#breadcrumb\",\"itemListElement\":[{\"@type\":\"ListItem\",\"position\":1,\"name\":\"Portada\",\"item\":\"https:\/\/fadeu.urantiacos.cl\/en\/\"},{\"@type\":\"ListItem\",\"position\":2,\"name\":\"Profesores ARQ UC participaron en seminario internacional sobre patrimonio religioso\"}]},{\"@type\":\"WebSite\",\"@id\":\"https:\/\/fadeu.urantiacos.cl\/en\/#website\",\"url\":\"https:\/\/fadeu.urantiacos.cl\/en\/\",\"name\":\"Facultad de Arquitectura, Dise\u00f1o y Estudios Urbanos\",\"description\":\"Campus Lo Contador\",\"potentialAction\":[{\"@type\":\"SearchAction\",\"target\":{\"@type\":\"EntryPoint\",\"urlTemplate\":\"https:\/\/fadeu.urantiacos.cl\/en\/?s={search_term_string}\"},\"query-input\":{\"@type\":\"PropertyValueSpecification\",\"valueRequired\":true,\"valueName\":\"search_term_string\"}}],\"inLanguage\":\"en-US\"},{\"@type\":\"Person\",\"@id\":\"https:\/\/fadeu.urantiacos.cl\/en\/#\/schema\/person\/d203e2e84b1c40275eac77b3061a19a2\",\"name\":\"manadmin\",\"image\":{\"@type\":\"ImageObject\",\"inLanguage\":\"en-US\",\"@id\":\"https:\/\/fadeu.urantiacos.cl\/en\/#\/schema\/person\/image\/\",\"url\":\"https:\/\/secure.gravatar.com\/avatar\/4b1d8e3303b4a9d8968ac578947d8bc80d9aea359f388cdd4aac15cadc0e8447?s=96&d=mm&r=g\",\"contentUrl\":\"https:\/\/secure.gravatar.com\/avatar\/4b1d8e3303b4a9d8968ac578947d8bc80d9aea359f388cdd4aac15cadc0e8447?s=96&d=mm&r=g\",\"caption\":\"manadmin\"},\"sameAs\":[\"https:\/\/fadeu.urantiacos.cl\"]}]}<\/script>\n<!-- \/ Yoast SEO plugin. -->","yoast_head_json":{"title":"Profesores ARQ UC participaron en seminario internacional sobre patrimonio religioso - Facultad de Arquitectura, Dise\u00f1o y Estudios Urbanos","description":"Elvira P\u00e9rez, Marco Barrientos, Umberto Bonomo y Francisco Prado expusieron en las \u201cJornadas internacionales de patrimonio religioso\u201d, evento en el que participaron acad\u00e9micos de Argentina, Bolivia, Per\u00fa y Chile.","robots":{"index":"index","follow":"follow","max-snippet":"max-snippet:-1","max-image-preview":"max-image-preview:large","max-video-preview":"max-video-preview:-1"},"canonical":"https:\/\/fadeu.urantiacos.cl\/en\/2022\/05\/30\/profesores-arq-uc-participaron-en-seminario-internacional-sobre-patrimonio-religioso\/","og_locale":"en_US","og_type":"article","og_title":"Profesores ARQ UC participaron en seminario internacional sobre patrimonio religioso - Facultad de Arquitectura, Dise\u00f1o y Estudios Urbanos","og_description":"Elvira P\u00e9rez, Marco Barrientos, Umberto Bonomo y Francisco Prado expusieron en las \u201cJornadas internacionales de patrimonio religioso\u201d, evento en el que participaron acad\u00e9micos de Argentina, Bolivia, Per\u00fa y Chile.","og_url":"https:\/\/fadeu.urantiacos.cl\/en\/2022\/05\/30\/profesores-arq-uc-participaron-en-seminario-internacional-sobre-patrimonio-religioso\/","og_site_name":"Facultad de Arquitectura, Dise\u00f1o y Estudios Urbanos","article_published_time":"2022-05-30T22:47:00+00:00","article_modified_time":"2023-10-24T18:08:55+00:00","og_image":[{"width":350,"height":250,"url":"https:\/\/fadeu.urantiacos.cl\/wp-content\/uploads\/2023\/09\/web_Captura_de_Pantalla_2022-05-30_a_las_09.36.17.png","type":"image\/png"}],"author":"manadmin","twitter_card":"summary_large_image","twitter_misc":{"Written by":"manadmin","Est. reading time":"2 minutes"},"schema":{"@context":"https:\/\/schema.org","@graph":[{"@type":"Article","@id":"https:\/\/fadeu.urantiacos.cl\/en\/2022\/05\/30\/profesores-arq-uc-participaron-en-seminario-internacional-sobre-patrimonio-religioso\/#article","isPartOf":{"@id":"https:\/\/fadeu.urantiacos.cl\/en\/2022\/05\/30\/profesores-arq-uc-participaron-en-seminario-internacional-sobre-patrimonio-religioso\/"},"author":{"name":"manadmin","@id":"https:\/\/fadeu.urantiacos.cl\/en\/#\/schema\/person\/d203e2e84b1c40275eac77b3061a19a2"},"headline":"Profesores ARQ UC participaron en seminario internacional sobre patrimonio religioso","datePublished":"2022-05-30T22:47:00+00:00","dateModified":"2023-10-24T18:08:55+00:00","mainEntityOfPage":{"@id":"https:\/\/fadeu.urantiacos.cl\/en\/2022\/05\/30\/profesores-arq-uc-participaron-en-seminario-internacional-sobre-patrimonio-religioso\/"},"wordCount":247,"commentCount":0,"image":{"@id":"https:\/\/fadeu.urantiacos.cl\/en\/2022\/05\/30\/profesores-arq-uc-participaron-en-seminario-internacional-sobre-patrimonio-religioso\/#primaryimage"},"thumbnailUrl":"https:\/\/fadeu.urantiacos.cl\/wp-content\/uploads\/2023\/09\/web_Captura_de_Pantalla_2022-05-30_a_las_09.36.17.png","articleSection":["Sin categorizar"],"inLanguage":"en-US","potentialAction":[{"@type":"CommentAction","name":"Comment","target":["https:\/\/fadeu.urantiacos.cl\/en\/2022\/05\/30\/profesores-arq-uc-participaron-en-seminario-internacional-sobre-patrimonio-religioso\/#respond"]}]},{"@type":"WebPage","@id":"https:\/\/fadeu.urantiacos.cl\/en\/2022\/05\/30\/profesores-arq-uc-participaron-en-seminario-internacional-sobre-patrimonio-religioso\/","url":"https:\/\/fadeu.urantiacos.cl\/en\/2022\/05\/30\/profesores-arq-uc-participaron-en-seminario-internacional-sobre-patrimonio-religioso\/","name":"Profesores ARQ UC participaron en seminario internacional sobre patrimonio religioso - Facultad de Arquitectura, Dise\u00f1o y Estudios Urbanos","isPartOf":{"@id":"https:\/\/fadeu.urantiacos.cl\/en\/#website"},"primaryImageOfPage":{"@id":"https:\/\/fadeu.urantiacos.cl\/en\/2022\/05\/30\/profesores-arq-uc-participaron-en-seminario-internacional-sobre-patrimonio-religioso\/#primaryimage"},"image":{"@id":"https:\/\/fadeu.urantiacos.cl\/en\/2022\/05\/30\/profesores-arq-uc-participaron-en-seminario-internacional-sobre-patrimonio-religioso\/#primaryimage"},"thumbnailUrl":"https:\/\/fadeu.urantiacos.cl\/wp-content\/uploads\/2023\/09\/web_Captura_de_Pantalla_2022-05-30_a_las_09.36.17.png","datePublished":"2022-05-30T22:47:00+00:00","dateModified":"2023-10-24T18:08:55+00:00","author":{"@id":"https:\/\/fadeu.urantiacos.cl\/en\/#\/schema\/person\/d203e2e84b1c40275eac77b3061a19a2"},"description":"Elvira P\u00e9rez, Marco Barrientos, Umberto Bonomo y Francisco Prado expusieron en las \u201cJornadas internacionales de patrimonio religioso\u201d, evento en el que participaron acad\u00e9micos de Argentina, Bolivia, Per\u00fa y Chile.","breadcrumb":{"@id":"https:\/\/fadeu.urantiacos.cl\/en\/2022\/05\/30\/profesores-arq-uc-participaron-en-seminario-internacional-sobre-patrimonio-religioso\/#breadcrumb"},"inLanguage":"en-US","potentialAction":[{"@type":"ReadAction","target":["https:\/\/fadeu.urantiacos.cl\/en\/2022\/05\/30\/profesores-arq-uc-participaron-en-seminario-internacional-sobre-patrimonio-religioso\/"]}]},{"@type":"ImageObject","inLanguage":"en-US","@id":"https:\/\/fadeu.urantiacos.cl\/en\/2022\/05\/30\/profesores-arq-uc-participaron-en-seminario-internacional-sobre-patrimonio-religioso\/#primaryimage","url":"https:\/\/fadeu.urantiacos.cl\/wp-content\/uploads\/2023\/09\/web_Captura_de_Pantalla_2022-05-30_a_las_09.36.17.png","contentUrl":"https:\/\/fadeu.urantiacos.cl\/wp-content\/uploads\/2023\/09\/web_Captura_de_Pantalla_2022-05-30_a_las_09.36.17.png","width":350,"height":250},{"@type":"BreadcrumbList","@id":"https:\/\/fadeu.urantiacos.cl\/en\/2022\/05\/30\/profesores-arq-uc-participaron-en-seminario-internacional-sobre-patrimonio-religioso\/#breadcrumb","itemListElement":[{"@type":"ListItem","position":1,"name":"Portada","item":"https:\/\/fadeu.urantiacos.cl\/en\/"},{"@type":"ListItem","position":2,"name":"Profesores ARQ UC participaron en seminario internacional sobre patrimonio religioso"}]},{"@type":"WebSite","@id":"https:\/\/fadeu.urantiacos.cl\/en\/#website","url":"https:\/\/fadeu.urantiacos.cl\/en\/","name":"Facultad de Arquitectura, Dise\u00f1o y Estudios Urbanos","description":"Campus Lo Contador","potentialAction":[{"@type":"SearchAction","target":{"@type":"EntryPoint","urlTemplate":"https:\/\/fadeu.urantiacos.cl\/en\/?s={search_term_string}"},"query-input":{"@type":"PropertyValueSpecification","valueRequired":true,"valueName":"search_term_string"}}],"inLanguage":"en-US"},{"@type":"Person","@id":"https:\/\/fadeu.urantiacos.cl\/en\/#\/schema\/person\/d203e2e84b1c40275eac77b3061a19a2","name":"manadmin","image":{"@type":"ImageObject","inLanguage":"en-US","@id":"https:\/\/fadeu.urantiacos.cl\/en\/#\/schema\/person\/image\/","url":"https:\/\/secure.gravatar.com\/avatar\/4b1d8e3303b4a9d8968ac578947d8bc80d9aea359f388cdd4aac15cadc0e8447?s=96&d=mm&r=g","contentUrl":"https:\/\/secure.gravatar.com\/avatar\/4b1d8e3303b4a9d8968ac578947d8bc80d9aea359f388cdd4aac15cadc0e8447?s=96&d=mm&r=g","caption":"manadmin"},"sameAs":["https:\/\/fadeu.urantiacos.cl"]}]}},"_links":{"self":[{"href":"https:\/\/fadeu.urantiacos.cl\/en\/wp-json\/wp\/v2\/posts\/4833","targetHints":{"allow":["GET"]}}],"collection":[{"href":"https:\/\/fadeu.urantiacos.cl\/en\/wp-json\/wp\/v2\/posts"}],"about":[{"href":"https:\/\/fadeu.urantiacos.cl\/en\/wp-json\/wp\/v2\/types\/post"}],"author":[{"embeddable":true,"href":"https:\/\/fadeu.urantiacos.cl\/en\/wp-json\/wp\/v2\/users\/1"}],"replies":[{"embeddable":true,"href":"https:\/\/fadeu.urantiacos.cl\/en\/wp-json\/wp\/v2\/comments?post=4833"}],"version-history":[{"count":2,"href":"https:\/\/fadeu.urantiacos.cl\/en\/wp-json\/wp\/v2\/posts\/4833\/revisions"}],"predecessor-version":[{"id":17872,"href":"https:\/\/fadeu.urantiacos.cl\/en\/wp-json\/wp\/v2\/posts\/4833\/revisions\/17872"}],"wp:featuredmedia":[{"embeddable":true,"href":"https:\/\/fadeu.urantiacos.cl\/en\/wp-json\/wp\/v2\/media\/4834"}],"wp:attachment":[{"href":"https:\/\/fadeu.urantiacos.cl\/en\/wp-json\/wp\/v2\/media?parent=4833"}],"wp:term":[{"taxonomy":"category","embeddable":true,"href":"https:\/\/fadeu.urantiacos.cl\/en\/wp-json\/wp\/v2\/categories?post=4833"},{"taxonomy":"post_tag","embeddable":true,"href":"https:\/\/fadeu.urantiacos.cl\/en\/wp-json\/wp\/v2\/tags?post=4833"}],"curies":[{"name":"wp","href":"https:\/\/api.w.org\/{rel}","templated":true}]}}