{"id":4824,"date":"2022-05-30T19:39:00","date_gmt":"2022-05-30T22:39:00","guid":{"rendered":"https:\/\/fadeu.urantiacos.cl\/?p=4824"},"modified":"2023-09-04T19:40:45","modified_gmt":"2023-09-04T22:40:45","slug":"sandra-iturriaga-dicta-charla-sobre-paisaje-ferroviario-y-vias-verdes-en-la-universidad-de-la-frontera","status":"publish","type":"post","link":"https:\/\/fadeu.urantiacos.cl\/en\/2022\/05\/30\/sandra-iturriaga-dicta-charla-sobre-paisaje-ferroviario-y-vias-verdes-en-la-universidad-de-la-frontera\/","title":{"rendered":"Sandra Iturriaga dicta charla sobre paisaje ferroviario y v\u00edas verdes en la Universidad de La Frontera"},"content":{"rendered":"\n<figure class=\"wp-block-image size-full\"><img decoding=\"async\" width=\"350\" height=\"250\" src=\"https:\/\/fadeu.urantiacos.cl\/wp-content\/uploads\/2023\/09\/charla-patrimonio-trenes-1_web.jpg\" alt=\"\" class=\"wp-image-4825\" srcset=\"https:\/\/fadeu.urantiacos.cl\/wp-content\/uploads\/2023\/09\/charla-patrimonio-trenes-1_web.jpg 350w, https:\/\/fadeu.urantiacos.cl\/wp-content\/uploads\/2023\/09\/charla-patrimonio-trenes-1_web-300x214.jpg 300w\" sizes=\"(max-width: 350px) 100vw, 350px\" \/><\/figure>\n\n\n\n<p>La charla tuvo como objetivo fortalecer el conocimiento sobre el paisaje ferroviario para el desarrollo del \u00e1mbito patrimonial en la regi\u00f3n y el pa\u00eds, espec\u00edficamente, sobre la posibilidad de generar v\u00edas verdes en estas infraestructuras. En ese sentido, la profesora habl\u00f3 sobre la experiencia del trabajo colaborativo desde el Mapocho 42K Lab UC, de su preocupaci\u00f3n por las v\u00edas verdes y de la oportunidad de utilizar lo ferroviario.<\/p>\n\n\n\n<p>Sobre el posible uso de v\u00edas f\u00e9rreas abandonadas, Iturriaga sostuvo que \u201cconstituyen un soporte privilegiado para la implementaci\u00f3n de v\u00edas verdes, dado que presentan recorridos continuos, pendientes bajas y un gran potencial integrador del territorio\u201d, agregando que \u201cestas v\u00edas forman parte de una cultura de desplazamiento sensible ante los problemas ambientales y representan al mismo tiempo una alternativa para potenciar econom\u00edas locales\u201d.<\/p>\n\n\n\n<p>La ponencia \u2014en formato virtual y transmitida a trav\u00e9s de las redes sociales de la Direcci\u00f3n de Vinculaci\u00f3n con el Medio de la Universidad de La Frontera\u2014 se realiz\u00f3 el d\u00eda 26 de mayo de 2022.<\/p>\n\n\n\n<p>Ver m\u00e1s sobre la conferencia en el siguiente&nbsp;<a href=\"https:\/\/www.ufro.cl\/index.php\/noticias\/12-destacadas\/5343-ufro-realizara-charla-revalorizacion-del-paisaje-ferroviario-en-la-araucania\" target=\"_blank\" rel=\"noreferrer noopener\">link<\/a>.<\/p>\n\n\n\n<p>Revisa la conferencia&nbsp;<a href=\"https:\/\/www.facebook.com\/watch\/?v=712292196709616\" target=\"_blank\" rel=\"noreferrer noopener\">aqu\u00ed<\/a>.<\/p>\n\n\n\n<p>Noticias<br>Contacto:&nbsp;<a href=\"mailto:redesarq@uc.cl\">redesarq@uc.cl<\/a>&nbsp;| +56 2 2354 7747<br>www.arquitectura.uc.cl&nbsp;<\/p>\n","protected":false},"excerpt":{"rendered":"<p>La profesora ARQ UC present\u00f3 la conferencia \u201cRevalorizaci\u00f3n del paisaje ferroviario: experiencia de v\u00edas verdes en La Araucan\u00eda\u201d en el marco del ciclo &#8220;El patrimonio desde la identidad, la memoria y los territorios&#8221; de la Universidad de La Frontera (UFRO).<\/p>\n","protected":false},"author":1,"featured_media":4825,"comment_status":"open","ping_status":"open","sticky":false,"template":"","format":"standard","meta":{"_acf_changed":false,"footnotes":""},"categories":[1],"tags":[],"class_list":["post-4824","post","type-post","status-publish","format-standard","has-post-thumbnail","hentry","category-sin-categorizar"],"acf":[],"yoast_head":"<!-- This site is optimized with the Yoast SEO plugin v27.1.1 - https:\/\/yoast.com\/product\/yoast-seo-wordpress\/ -->\n<title>Sandra Iturriaga dicta charla sobre paisaje ferroviario y v\u00edas verdes en la Universidad de La Frontera - Facultad de Arquitectura, Dise\u00f1o y Estudios Urbanos<\/title>\n<meta name=\"description\" content=\"La profesora ARQ UC present\u00f3 la conferencia \u201cRevalorizaci\u00f3n del paisaje ferroviario: experiencia de v\u00edas verdes en La Araucan\u00eda\u201d en el marco del ciclo &quot;El patrimonio desde la identidad, la memoria y los territorios&quot; de la Universidad de La Frontera (UFRO).\" \/>\n<meta name=\"robots\" content=\"index, follow, max-snippet:-1, max-image-preview:large, max-video-preview:-1\" \/>\n<link rel=\"canonical\" href=\"https:\/\/fadeu.urantiacos.cl\/en\/2022\/05\/30\/sandra-iturriaga-dicta-charla-sobre-paisaje-ferroviario-y-vias-verdes-en-la-universidad-de-la-frontera\/\" \/>\n<meta property=\"og:locale\" content=\"en_US\" \/>\n<meta property=\"og:type\" content=\"article\" \/>\n<meta property=\"og:title\" content=\"Sandra Iturriaga dicta charla sobre paisaje ferroviario y v\u00edas verdes en la Universidad de La Frontera - Facultad de Arquitectura, Dise\u00f1o y Estudios Urbanos\" \/>\n<meta property=\"og:description\" content=\"La profesora ARQ UC present\u00f3 la conferencia \u201cRevalorizaci\u00f3n del paisaje ferroviario: experiencia de v\u00edas verdes en La Araucan\u00eda\u201d en el marco del ciclo &quot;El patrimonio desde la identidad, la memoria y los territorios&quot; de la Universidad de La Frontera (UFRO).\" \/>\n<meta property=\"og:url\" content=\"https:\/\/fadeu.urantiacos.cl\/en\/2022\/05\/30\/sandra-iturriaga-dicta-charla-sobre-paisaje-ferroviario-y-vias-verdes-en-la-universidad-de-la-frontera\/\" \/>\n<meta property=\"og:site_name\" content=\"Facultad de Arquitectura, Dise\u00f1o y Estudios Urbanos\" \/>\n<meta property=\"article:published_time\" content=\"2022-05-30T22:39:00+00:00\" \/>\n<meta property=\"article:modified_time\" content=\"2023-09-04T22:40:45+00:00\" \/>\n<meta property=\"og:image\" content=\"https:\/\/fadeu.urantiacos.cl\/wp-content\/uploads\/2023\/09\/charla-patrimonio-trenes-1_web.jpg\" \/>\n\t<meta property=\"og:image:width\" content=\"350\" \/>\n\t<meta property=\"og:image:height\" content=\"250\" \/>\n\t<meta property=\"og:image:type\" content=\"image\/jpeg\" \/>\n<meta name=\"author\" content=\"manadmin\" \/>\n<meta name=\"twitter:card\" content=\"summary_large_image\" \/>\n<meta name=\"twitter:label1\" content=\"Written by\" \/>\n\t<meta name=\"twitter:data1\" content=\"manadmin\" \/>\n\t<meta name=\"twitter:label2\" content=\"Est. reading time\" \/>\n\t<meta name=\"twitter:data2\" content=\"1 minute\" \/>\n<script type=\"application\/ld+json\" class=\"yoast-schema-graph\">{\"@context\":\"https:\/\/schema.org\",\"@graph\":[{\"@type\":\"Article\",\"@id\":\"https:\/\/fadeu.urantiacos.cl\/en\/2022\/05\/30\/sandra-iturriaga-dicta-charla-sobre-paisaje-ferroviario-y-vias-verdes-en-la-universidad-de-la-frontera\/#article\",\"isPartOf\":{\"@id\":\"https:\/\/fadeu.urantiacos.cl\/en\/2022\/05\/30\/sandra-iturriaga-dicta-charla-sobre-paisaje-ferroviario-y-vias-verdes-en-la-universidad-de-la-frontera\/\"},\"author\":{\"name\":\"manadmin\",\"@id\":\"https:\/\/fadeu.urantiacos.cl\/en\/#\/schema\/person\/d203e2e84b1c40275eac77b3061a19a2\"},\"headline\":\"Sandra Iturriaga dicta charla sobre paisaje ferroviario y v\u00edas verdes en la Universidad de La Frontera\",\"datePublished\":\"2022-05-30T22:39:00+00:00\",\"dateModified\":\"2023-09-04T22:40:45+00:00\",\"mainEntityOfPage\":{\"@id\":\"https:\/\/fadeu.urantiacos.cl\/en\/2022\/05\/30\/sandra-iturriaga-dicta-charla-sobre-paisaje-ferroviario-y-vias-verdes-en-la-universidad-de-la-frontera\/\"},\"wordCount\":224,\"commentCount\":0,\"image\":{\"@id\":\"https:\/\/fadeu.urantiacos.cl\/en\/2022\/05\/30\/sandra-iturriaga-dicta-charla-sobre-paisaje-ferroviario-y-vias-verdes-en-la-universidad-de-la-frontera\/#primaryimage\"},\"thumbnailUrl\":\"https:\/\/fadeu.urantiacos.cl\/wp-content\/uploads\/2023\/09\/charla-patrimonio-trenes-1_web.jpg\",\"articleSection\":[\"Sin categorizar\"],\"inLanguage\":\"en-US\",\"potentialAction\":[{\"@type\":\"CommentAction\",\"name\":\"Comment\",\"target\":[\"https:\/\/fadeu.urantiacos.cl\/en\/2022\/05\/30\/sandra-iturriaga-dicta-charla-sobre-paisaje-ferroviario-y-vias-verdes-en-la-universidad-de-la-frontera\/#respond\"]}]},{\"@type\":\"WebPage\",\"@id\":\"https:\/\/fadeu.urantiacos.cl\/en\/2022\/05\/30\/sandra-iturriaga-dicta-charla-sobre-paisaje-ferroviario-y-vias-verdes-en-la-universidad-de-la-frontera\/\",\"url\":\"https:\/\/fadeu.urantiacos.cl\/en\/2022\/05\/30\/sandra-iturriaga-dicta-charla-sobre-paisaje-ferroviario-y-vias-verdes-en-la-universidad-de-la-frontera\/\",\"name\":\"Sandra Iturriaga dicta charla sobre paisaje ferroviario y v\u00edas verdes en la Universidad de La Frontera - Facultad de Arquitectura, Dise\u00f1o y Estudios Urbanos\",\"isPartOf\":{\"@id\":\"https:\/\/fadeu.urantiacos.cl\/en\/#website\"},\"primaryImageOfPage\":{\"@id\":\"https:\/\/fadeu.urantiacos.cl\/en\/2022\/05\/30\/sandra-iturriaga-dicta-charla-sobre-paisaje-ferroviario-y-vias-verdes-en-la-universidad-de-la-frontera\/#primaryimage\"},\"image\":{\"@id\":\"https:\/\/fadeu.urantiacos.cl\/en\/2022\/05\/30\/sandra-iturriaga-dicta-charla-sobre-paisaje-ferroviario-y-vias-verdes-en-la-universidad-de-la-frontera\/#primaryimage\"},\"thumbnailUrl\":\"https:\/\/fadeu.urantiacos.cl\/wp-content\/uploads\/2023\/09\/charla-patrimonio-trenes-1_web.jpg\",\"datePublished\":\"2022-05-30T22:39:00+00:00\",\"dateModified\":\"2023-09-04T22:40:45+00:00\",\"author\":{\"@id\":\"https:\/\/fadeu.urantiacos.cl\/en\/#\/schema\/person\/d203e2e84b1c40275eac77b3061a19a2\"},\"description\":\"La profesora ARQ UC present\u00f3 la conferencia \u201cRevalorizaci\u00f3n del paisaje ferroviario: experiencia de v\u00edas verdes en La Araucan\u00eda\u201d en el marco del ciclo \\\"El patrimonio desde la identidad, la memoria y los territorios\\\" de la Universidad de La Frontera (UFRO).\",\"breadcrumb\":{\"@id\":\"https:\/\/fadeu.urantiacos.cl\/en\/2022\/05\/30\/sandra-iturriaga-dicta-charla-sobre-paisaje-ferroviario-y-vias-verdes-en-la-universidad-de-la-frontera\/#breadcrumb\"},\"inLanguage\":\"en-US\",\"potentialAction\":[{\"@type\":\"ReadAction\",\"target\":[\"https:\/\/fadeu.urantiacos.cl\/en\/2022\/05\/30\/sandra-iturriaga-dicta-charla-sobre-paisaje-ferroviario-y-vias-verdes-en-la-universidad-de-la-frontera\/\"]}]},{\"@type\":\"ImageObject\",\"inLanguage\":\"en-US\",\"@id\":\"https:\/\/fadeu.urantiacos.cl\/en\/2022\/05\/30\/sandra-iturriaga-dicta-charla-sobre-paisaje-ferroviario-y-vias-verdes-en-la-universidad-de-la-frontera\/#primaryimage\",\"url\":\"https:\/\/fadeu.urantiacos.cl\/wp-content\/uploads\/2023\/09\/charla-patrimonio-trenes-1_web.jpg\",\"contentUrl\":\"https:\/\/fadeu.urantiacos.cl\/wp-content\/uploads\/2023\/09\/charla-patrimonio-trenes-1_web.jpg\",\"width\":350,\"height\":250},{\"@type\":\"BreadcrumbList\",\"@id\":\"https:\/\/fadeu.urantiacos.cl\/en\/2022\/05\/30\/sandra-iturriaga-dicta-charla-sobre-paisaje-ferroviario-y-vias-verdes-en-la-universidad-de-la-frontera\/#breadcrumb\",\"itemListElement\":[{\"@type\":\"ListItem\",\"position\":1,\"name\":\"Portada\",\"item\":\"https:\/\/fadeu.urantiacos.cl\/en\/\"},{\"@type\":\"ListItem\",\"position\":2,\"name\":\"Sandra Iturriaga dicta charla sobre paisaje ferroviario y v\u00edas verdes en la Universidad de La Frontera\"}]},{\"@type\":\"WebSite\",\"@id\":\"https:\/\/fadeu.urantiacos.cl\/en\/#website\",\"url\":\"https:\/\/fadeu.urantiacos.cl\/en\/\",\"name\":\"Facultad de Arquitectura, Dise\u00f1o y Estudios Urbanos\",\"description\":\"Campus Lo Contador\",\"potentialAction\":[{\"@type\":\"SearchAction\",\"target\":{\"@type\":\"EntryPoint\",\"urlTemplate\":\"https:\/\/fadeu.urantiacos.cl\/en\/?s={search_term_string}\"},\"query-input\":{\"@type\":\"PropertyValueSpecification\",\"valueRequired\":true,\"valueName\":\"search_term_string\"}}],\"inLanguage\":\"en-US\"},{\"@type\":\"Person\",\"@id\":\"https:\/\/fadeu.urantiacos.cl\/en\/#\/schema\/person\/d203e2e84b1c40275eac77b3061a19a2\",\"name\":\"manadmin\",\"image\":{\"@type\":\"ImageObject\",\"inLanguage\":\"en-US\",\"@id\":\"https:\/\/fadeu.urantiacos.cl\/en\/#\/schema\/person\/image\/\",\"url\":\"https:\/\/secure.gravatar.com\/avatar\/4b1d8e3303b4a9d8968ac578947d8bc80d9aea359f388cdd4aac15cadc0e8447?s=96&d=mm&r=g\",\"contentUrl\":\"https:\/\/secure.gravatar.com\/avatar\/4b1d8e3303b4a9d8968ac578947d8bc80d9aea359f388cdd4aac15cadc0e8447?s=96&d=mm&r=g\",\"caption\":\"manadmin\"},\"sameAs\":[\"https:\/\/fadeu.urantiacos.cl\"]}]}<\/script>\n<!-- \/ Yoast SEO plugin. -->","yoast_head_json":{"title":"Sandra Iturriaga dicta charla sobre paisaje ferroviario y v\u00edas verdes en la Universidad de La Frontera - Facultad de Arquitectura, Dise\u00f1o y Estudios Urbanos","description":"La profesora ARQ UC present\u00f3 la conferencia \u201cRevalorizaci\u00f3n del paisaje ferroviario: experiencia de v\u00edas verdes en La Araucan\u00eda\u201d en el marco del ciclo \"El patrimonio desde la identidad, la memoria y los territorios\" de la Universidad de La Frontera (UFRO).","robots":{"index":"index","follow":"follow","max-snippet":"max-snippet:-1","max-image-preview":"max-image-preview:large","max-video-preview":"max-video-preview:-1"},"canonical":"https:\/\/fadeu.urantiacos.cl\/en\/2022\/05\/30\/sandra-iturriaga-dicta-charla-sobre-paisaje-ferroviario-y-vias-verdes-en-la-universidad-de-la-frontera\/","og_locale":"en_US","og_type":"article","og_title":"Sandra Iturriaga dicta charla sobre paisaje ferroviario y v\u00edas verdes en la Universidad de La Frontera - Facultad de Arquitectura, Dise\u00f1o y Estudios Urbanos","og_description":"La profesora ARQ UC present\u00f3 la conferencia \u201cRevalorizaci\u00f3n del paisaje ferroviario: experiencia de v\u00edas verdes en La Araucan\u00eda\u201d en el marco del ciclo \"El patrimonio desde la identidad, la memoria y los territorios\" de la Universidad de La Frontera (UFRO).","og_url":"https:\/\/fadeu.urantiacos.cl\/en\/2022\/05\/30\/sandra-iturriaga-dicta-charla-sobre-paisaje-ferroviario-y-vias-verdes-en-la-universidad-de-la-frontera\/","og_site_name":"Facultad de Arquitectura, Dise\u00f1o y Estudios Urbanos","article_published_time":"2022-05-30T22:39:00+00:00","article_modified_time":"2023-09-04T22:40:45+00:00","og_image":[{"width":350,"height":250,"url":"https:\/\/fadeu.urantiacos.cl\/wp-content\/uploads\/2023\/09\/charla-patrimonio-trenes-1_web.jpg","type":"image\/jpeg"}],"author":"manadmin","twitter_card":"summary_large_image","twitter_misc":{"Written by":"manadmin","Est. reading time":"1 minute"},"schema":{"@context":"https:\/\/schema.org","@graph":[{"@type":"Article","@id":"https:\/\/fadeu.urantiacos.cl\/en\/2022\/05\/30\/sandra-iturriaga-dicta-charla-sobre-paisaje-ferroviario-y-vias-verdes-en-la-universidad-de-la-frontera\/#article","isPartOf":{"@id":"https:\/\/fadeu.urantiacos.cl\/en\/2022\/05\/30\/sandra-iturriaga-dicta-charla-sobre-paisaje-ferroviario-y-vias-verdes-en-la-universidad-de-la-frontera\/"},"author":{"name":"manadmin","@id":"https:\/\/fadeu.urantiacos.cl\/en\/#\/schema\/person\/d203e2e84b1c40275eac77b3061a19a2"},"headline":"Sandra Iturriaga dicta charla sobre paisaje ferroviario y v\u00edas verdes en la Universidad de La Frontera","datePublished":"2022-05-30T22:39:00+00:00","dateModified":"2023-09-04T22:40:45+00:00","mainEntityOfPage":{"@id":"https:\/\/fadeu.urantiacos.cl\/en\/2022\/05\/30\/sandra-iturriaga-dicta-charla-sobre-paisaje-ferroviario-y-vias-verdes-en-la-universidad-de-la-frontera\/"},"wordCount":224,"commentCount":0,"image":{"@id":"https:\/\/fadeu.urantiacos.cl\/en\/2022\/05\/30\/sandra-iturriaga-dicta-charla-sobre-paisaje-ferroviario-y-vias-verdes-en-la-universidad-de-la-frontera\/#primaryimage"},"thumbnailUrl":"https:\/\/fadeu.urantiacos.cl\/wp-content\/uploads\/2023\/09\/charla-patrimonio-trenes-1_web.jpg","articleSection":["Sin categorizar"],"inLanguage":"en-US","potentialAction":[{"@type":"CommentAction","name":"Comment","target":["https:\/\/fadeu.urantiacos.cl\/en\/2022\/05\/30\/sandra-iturriaga-dicta-charla-sobre-paisaje-ferroviario-y-vias-verdes-en-la-universidad-de-la-frontera\/#respond"]}]},{"@type":"WebPage","@id":"https:\/\/fadeu.urantiacos.cl\/en\/2022\/05\/30\/sandra-iturriaga-dicta-charla-sobre-paisaje-ferroviario-y-vias-verdes-en-la-universidad-de-la-frontera\/","url":"https:\/\/fadeu.urantiacos.cl\/en\/2022\/05\/30\/sandra-iturriaga-dicta-charla-sobre-paisaje-ferroviario-y-vias-verdes-en-la-universidad-de-la-frontera\/","name":"Sandra Iturriaga dicta charla sobre paisaje ferroviario y v\u00edas verdes en la Universidad de La Frontera - Facultad de Arquitectura, Dise\u00f1o y Estudios Urbanos","isPartOf":{"@id":"https:\/\/fadeu.urantiacos.cl\/en\/#website"},"primaryImageOfPage":{"@id":"https:\/\/fadeu.urantiacos.cl\/en\/2022\/05\/30\/sandra-iturriaga-dicta-charla-sobre-paisaje-ferroviario-y-vias-verdes-en-la-universidad-de-la-frontera\/#primaryimage"},"image":{"@id":"https:\/\/fadeu.urantiacos.cl\/en\/2022\/05\/30\/sandra-iturriaga-dicta-charla-sobre-paisaje-ferroviario-y-vias-verdes-en-la-universidad-de-la-frontera\/#primaryimage"},"thumbnailUrl":"https:\/\/fadeu.urantiacos.cl\/wp-content\/uploads\/2023\/09\/charla-patrimonio-trenes-1_web.jpg","datePublished":"2022-05-30T22:39:00+00:00","dateModified":"2023-09-04T22:40:45+00:00","author":{"@id":"https:\/\/fadeu.urantiacos.cl\/en\/#\/schema\/person\/d203e2e84b1c40275eac77b3061a19a2"},"description":"La profesora ARQ UC present\u00f3 la conferencia \u201cRevalorizaci\u00f3n del paisaje ferroviario: experiencia de v\u00edas verdes en La Araucan\u00eda\u201d en el marco del ciclo \"El patrimonio desde la identidad, la memoria y los territorios\" de la Universidad de La Frontera (UFRO).","breadcrumb":{"@id":"https:\/\/fadeu.urantiacos.cl\/en\/2022\/05\/30\/sandra-iturriaga-dicta-charla-sobre-paisaje-ferroviario-y-vias-verdes-en-la-universidad-de-la-frontera\/#breadcrumb"},"inLanguage":"en-US","potentialAction":[{"@type":"ReadAction","target":["https:\/\/fadeu.urantiacos.cl\/en\/2022\/05\/30\/sandra-iturriaga-dicta-charla-sobre-paisaje-ferroviario-y-vias-verdes-en-la-universidad-de-la-frontera\/"]}]},{"@type":"ImageObject","inLanguage":"en-US","@id":"https:\/\/fadeu.urantiacos.cl\/en\/2022\/05\/30\/sandra-iturriaga-dicta-charla-sobre-paisaje-ferroviario-y-vias-verdes-en-la-universidad-de-la-frontera\/#primaryimage","url":"https:\/\/fadeu.urantiacos.cl\/wp-content\/uploads\/2023\/09\/charla-patrimonio-trenes-1_web.jpg","contentUrl":"https:\/\/fadeu.urantiacos.cl\/wp-content\/uploads\/2023\/09\/charla-patrimonio-trenes-1_web.jpg","width":350,"height":250},{"@type":"BreadcrumbList","@id":"https:\/\/fadeu.urantiacos.cl\/en\/2022\/05\/30\/sandra-iturriaga-dicta-charla-sobre-paisaje-ferroviario-y-vias-verdes-en-la-universidad-de-la-frontera\/#breadcrumb","itemListElement":[{"@type":"ListItem","position":1,"name":"Portada","item":"https:\/\/fadeu.urantiacos.cl\/en\/"},{"@type":"ListItem","position":2,"name":"Sandra Iturriaga dicta charla sobre paisaje ferroviario y v\u00edas verdes en la Universidad de La Frontera"}]},{"@type":"WebSite","@id":"https:\/\/fadeu.urantiacos.cl\/en\/#website","url":"https:\/\/fadeu.urantiacos.cl\/en\/","name":"Facultad de Arquitectura, Dise\u00f1o y Estudios Urbanos","description":"Campus Lo Contador","potentialAction":[{"@type":"SearchAction","target":{"@type":"EntryPoint","urlTemplate":"https:\/\/fadeu.urantiacos.cl\/en\/?s={search_term_string}"},"query-input":{"@type":"PropertyValueSpecification","valueRequired":true,"valueName":"search_term_string"}}],"inLanguage":"en-US"},{"@type":"Person","@id":"https:\/\/fadeu.urantiacos.cl\/en\/#\/schema\/person\/d203e2e84b1c40275eac77b3061a19a2","name":"manadmin","image":{"@type":"ImageObject","inLanguage":"en-US","@id":"https:\/\/fadeu.urantiacos.cl\/en\/#\/schema\/person\/image\/","url":"https:\/\/secure.gravatar.com\/avatar\/4b1d8e3303b4a9d8968ac578947d8bc80d9aea359f388cdd4aac15cadc0e8447?s=96&d=mm&r=g","contentUrl":"https:\/\/secure.gravatar.com\/avatar\/4b1d8e3303b4a9d8968ac578947d8bc80d9aea359f388cdd4aac15cadc0e8447?s=96&d=mm&r=g","caption":"manadmin"},"sameAs":["https:\/\/fadeu.urantiacos.cl"]}]}},"_links":{"self":[{"href":"https:\/\/fadeu.urantiacos.cl\/en\/wp-json\/wp\/v2\/posts\/4824","targetHints":{"allow":["GET"]}}],"collection":[{"href":"https:\/\/fadeu.urantiacos.cl\/en\/wp-json\/wp\/v2\/posts"}],"about":[{"href":"https:\/\/fadeu.urantiacos.cl\/en\/wp-json\/wp\/v2\/types\/post"}],"author":[{"embeddable":true,"href":"https:\/\/fadeu.urantiacos.cl\/en\/wp-json\/wp\/v2\/users\/1"}],"replies":[{"embeddable":true,"href":"https:\/\/fadeu.urantiacos.cl\/en\/wp-json\/wp\/v2\/comments?post=4824"}],"version-history":[{"count":1,"href":"https:\/\/fadeu.urantiacos.cl\/en\/wp-json\/wp\/v2\/posts\/4824\/revisions"}],"predecessor-version":[{"id":4826,"href":"https:\/\/fadeu.urantiacos.cl\/en\/wp-json\/wp\/v2\/posts\/4824\/revisions\/4826"}],"wp:featuredmedia":[{"embeddable":true,"href":"https:\/\/fadeu.urantiacos.cl\/en\/wp-json\/wp\/v2\/media\/4825"}],"wp:attachment":[{"href":"https:\/\/fadeu.urantiacos.cl\/en\/wp-json\/wp\/v2\/media?parent=4824"}],"wp:term":[{"taxonomy":"category","embeddable":true,"href":"https:\/\/fadeu.urantiacos.cl\/en\/wp-json\/wp\/v2\/categories?post=4824"},{"taxonomy":"post_tag","embeddable":true,"href":"https:\/\/fadeu.urantiacos.cl\/en\/wp-json\/wp\/v2\/tags?post=4824"}],"curies":[{"name":"wp","href":"https:\/\/api.w.org\/{rel}","templated":true}]}}