{"id":4821,"date":"2022-05-30T19:37:00","date_gmt":"2022-05-30T22:37:00","guid":{"rendered":"https:\/\/fadeu.urantiacos.cl\/?p=4821"},"modified":"2023-10-17T12:11:09","modified_gmt":"2023-10-17T15:11:09","slug":"ministro-de-ciencia-flavio-salazar-confirma-permanencia-del-programa-de-centros-fondap-y-anuncia-nueva-convocatoria-para-finales-del-2022","status":"publish","type":"post","link":"https:\/\/fadeu.urantiacos.cl\/en\/2022\/05\/30\/ministro-de-ciencia-flavio-salazar-confirma-permanencia-del-programa-de-centros-fondap-y-anuncia-nueva-convocatoria-para-finales-del-2022\/","title":{"rendered":"Ministro de Ciencia Flavio Salazar confirma permanencia del Programa de centros FONDAP y anuncia nueva convocatoria para finales del 2022"},"content":{"rendered":"\n<p>El Ministro de Ciencia, Tecnolog\u00eda, Conocimiento e Innovaci\u00f3n, Flavio Salazar, se reuni\u00f3 con directores y directoras de Centros de Investigaci\u00f3n de \u00c1reas Prioritarias FONDAP. En la instancia, la autoridad de Gobierno confirm\u00f3 la continuidad de este programa y su reforzamiento dentro del sistema de centros de excelencia de la CTCI.<\/p>\n\n\n\n<p>Sobre esta noticia, el ministro Flavio Salazar coment\u00f3 que: \u201cse discuti\u00f3 acerca de su proyecci\u00f3n, porque hab\u00eda dudas respecto a si este programa debiese o no existir, o si las \u00e1reas prioritarias que se hab\u00edan definido deb\u00edan ser cambiadas. Lo que nosotros entregamos como un lineamiento es que, los centros FONDAP son parte fundamental de la estrategia de fortalecimiento de capacidades cient\u00edficas que queremos promover desde el ministerio, que apunten hacia un rol m\u00e1s decisivo de la evidencia en el dise\u00f1o de las pol\u00edticas p\u00fablicas y a una mayor soberan\u00eda en temas cient\u00edficos que nos inserte m\u00e1s protag\u00f3nicamente en las cadenas globales de generaci\u00f3n de conocimientos. Por lo tanto, se van a mantener las l\u00edneas prioritarias actuales, se generar\u00e1n nuevas, mandat\u00e1ndolas hacia una mayor vinculaci\u00f3n con las comunidades y sus territorios, con los gobiernos regionales y las universidades, para generar una investigaci\u00f3n que realmente sea percibida como esencial por los ciudadanos\u201d.<\/p>\n\n\n\n<p>Otro de los aspectos relevantes abordados en la reuni\u00f3n encabezada por el ministro Flavio Salazar fue el anuncio de una nueva convocatoria: \u201cse confirm\u00f3 que para finales del 2022 se abrir\u00e1n convocatorias para nuevas iniciativas de centros estrat\u00e9gicos FONDAP y que todas las \u00e1reas prioritarias actuales se van a mantener, ampli\u00e1ndose a algunas nuevas. La selecci\u00f3n se realizar\u00e1 b\u00e1sicamente sujeta a criterios de excelencia, sustentados en productividad, pertinencia y vinculaci\u00f3n social y territorial, de acuerdo con los recursos disponibles\u201d, se\u00f1al\u00f3.&nbsp;<\/p>\n\n\n\n<p>Finalmente destac\u00f3 la convergencia de visiones observada con los l\u00edderes de centros actuales en torno a profundizar la interacci\u00f3n inter y transdisciplinar para abordar desaf\u00edos complejos, que permitan avanzar hacia una estrategia de desarrollo sustentable e inclusiva.<\/p>\n\n\n\n<p><strong>\u00bfQu\u00e9 son los centros FONDAP?\u00a0<\/strong><\/p>\n\n\n\n<p>Los Centros en Investigaci\u00f3n en \u00c1reas Prioritarias buscan fomentar el desarrollo de Investigaci\u00f3n cient\u00edfica de excelencia y alto impacto en \u00e1reas prioritarias, que responden a un problema de gran relevancia para el pa\u00eds o a una oportunidad especial. El foco, estructura y tama\u00f1o de estos Centros permiten establecer una investigaci\u00f3n cient\u00edfica que va m\u00e1s all\u00e1 de aquella que es posible alcanzar con otras fuentes convencionales de financiamiento.<\/p>\n\n\n\n<p>\u201cLos FONDAP son centros de excelencia que agrupan cient\u00edficos destacados en un \u00e1rea determinada que el Estado ha definido como prioritaria. Estos centros tienen como objetivo hacer investigaci\u00f3n multi y transdisciplinaria para avanzar a resolver un desaf\u00edo determinado. Por ejemplo, tem\u00e1ticas actuales son cambio clim\u00e1tico, enfermedades cr\u00f3nicas, conflicto social y democracia, multiculturalidad, energ\u00edas renovables, recursos h\u00eddricos, agricultura entre otros.&nbsp; A diferencia de otros programas de centros de excelencia, los FONDAP forman parte de iniciativas cient\u00edficas estrat\u00e9gicas mandatadas desde el Estado y que se financian para que vayan respondiendo a desaf\u00edos nacionales espec\u00edficos\u201d, agreg\u00f3 el ministro Flavio Salazar.<\/p>\n\n\n\n<p>Fuente:\u00a0Ministerio de Ciencia, Tecnolog\u00eda, Conocimiento e Innovaci\u00f3n<\/p>\n","protected":false},"excerpt":{"rendered":"<p>El anuncio fue realizado en el marco de una reuni\u00f3n de la autoridad de Gobierno con directores y directoras de estos centros en las dependencias del Ministerio de Ciencia, Tecnolog\u00eda, Conocimiento e Innovaci\u00f3n.<\/p>\n","protected":false},"author":1,"featured_media":4822,"comment_status":"open","ping_status":"open","sticky":false,"template":"","format":"standard","meta":{"_acf_changed":false,"footnotes":""},"categories":[1],"tags":[],"class_list":["post-4821","post","type-post","status-publish","format-standard","has-post-thumbnail","hentry","category-sin-categorizar"],"acf":[],"yoast_head":"<!-- This site is optimized with the Yoast SEO plugin v27.1.1 - https:\/\/yoast.com\/product\/yoast-seo-wordpress\/ -->\n<title>Ministro de Ciencia Flavio Salazar confirma permanencia del Programa de centros FONDAP y anuncia nueva convocatoria para finales del 2022 - Facultad de Arquitectura, Dise\u00f1o y Estudios Urbanos<\/title>\n<meta name=\"description\" content=\"El anuncio fue realizado en el marco de una reuni\u00f3n de la autoridad de Gobierno con directores y directoras de estos centros en las dependencias del Ministerio de Ciencia, Tecnolog\u00eda, Conocimiento e Innovaci\u00f3n.\" \/>\n<meta name=\"robots\" content=\"index, follow, max-snippet:-1, max-image-preview:large, max-video-preview:-1\" \/>\n<link rel=\"canonical\" href=\"https:\/\/fadeu.urantiacos.cl\/en\/2022\/05\/30\/ministro-de-ciencia-flavio-salazar-confirma-permanencia-del-programa-de-centros-fondap-y-anuncia-nueva-convocatoria-para-finales-del-2022\/\" \/>\n<meta property=\"og:locale\" content=\"en_US\" \/>\n<meta property=\"og:type\" content=\"article\" \/>\n<meta property=\"og:title\" content=\"Ministro de Ciencia Flavio Salazar confirma permanencia del Programa de centros FONDAP y anuncia nueva convocatoria para finales del 2022 - Facultad de Arquitectura, Dise\u00f1o y Estudios Urbanos\" \/>\n<meta property=\"og:description\" content=\"El anuncio fue realizado en el marco de una reuni\u00f3n de la autoridad de Gobierno con directores y directoras de estos centros en las dependencias del Ministerio de Ciencia, Tecnolog\u00eda, Conocimiento e Innovaci\u00f3n.\" \/>\n<meta property=\"og:url\" content=\"https:\/\/fadeu.urantiacos.cl\/en\/2022\/05\/30\/ministro-de-ciencia-flavio-salazar-confirma-permanencia-del-programa-de-centros-fondap-y-anuncia-nueva-convocatoria-para-finales-del-2022\/\" \/>\n<meta property=\"og:site_name\" content=\"Facultad de Arquitectura, Dise\u00f1o y Estudios Urbanos\" \/>\n<meta property=\"article:published_time\" content=\"2022-05-30T22:37:00+00:00\" \/>\n<meta property=\"article:modified_time\" content=\"2023-10-17T15:11:09+00:00\" \/>\n<meta property=\"og:image\" content=\"https:\/\/fadeu.urantiacos.cl\/wp-content\/uploads\/2023\/09\/WEB_hmc_4217_1.jpg.500x280_q85_crop.jpg\" \/>\n\t<meta property=\"og:image:width\" content=\"350\" \/>\n\t<meta property=\"og:image:height\" content=\"250\" \/>\n\t<meta property=\"og:image:type\" content=\"image\/jpeg\" \/>\n<meta name=\"author\" content=\"manadmin\" \/>\n<meta name=\"twitter:card\" content=\"summary_large_image\" \/>\n<meta name=\"twitter:label1\" content=\"Written by\" \/>\n\t<meta name=\"twitter:data1\" content=\"manadmin\" \/>\n\t<meta name=\"twitter:label2\" content=\"Est. reading time\" \/>\n\t<meta name=\"twitter:data2\" content=\"3 minutes\" \/>\n<script type=\"application\/ld+json\" class=\"yoast-schema-graph\">{\"@context\":\"https:\/\/schema.org\",\"@graph\":[{\"@type\":\"Article\",\"@id\":\"https:\/\/fadeu.urantiacos.cl\/en\/2022\/05\/30\/ministro-de-ciencia-flavio-salazar-confirma-permanencia-del-programa-de-centros-fondap-y-anuncia-nueva-convocatoria-para-finales-del-2022\/#article\",\"isPartOf\":{\"@id\":\"https:\/\/fadeu.urantiacos.cl\/en\/2022\/05\/30\/ministro-de-ciencia-flavio-salazar-confirma-permanencia-del-programa-de-centros-fondap-y-anuncia-nueva-convocatoria-para-finales-del-2022\/\"},\"author\":{\"name\":\"manadmin\",\"@id\":\"https:\/\/fadeu.urantiacos.cl\/en\/#\/schema\/person\/d203e2e84b1c40275eac77b3061a19a2\"},\"headline\":\"Ministro de Ciencia Flavio Salazar confirma permanencia del Programa de centros FONDAP y anuncia nueva convocatoria para finales del 2022\",\"datePublished\":\"2022-05-30T22:37:00+00:00\",\"dateModified\":\"2023-10-17T15:11:09+00:00\",\"mainEntityOfPage\":{\"@id\":\"https:\/\/fadeu.urantiacos.cl\/en\/2022\/05\/30\/ministro-de-ciencia-flavio-salazar-confirma-permanencia-del-programa-de-centros-fondap-y-anuncia-nueva-convocatoria-para-finales-del-2022\/\"},\"wordCount\":570,\"commentCount\":0,\"image\":{\"@id\":\"https:\/\/fadeu.urantiacos.cl\/en\/2022\/05\/30\/ministro-de-ciencia-flavio-salazar-confirma-permanencia-del-programa-de-centros-fondap-y-anuncia-nueva-convocatoria-para-finales-del-2022\/#primaryimage\"},\"thumbnailUrl\":\"https:\/\/fadeu.urantiacos.cl\/wp-content\/uploads\/2023\/09\/WEB_hmc_4217_1.jpg.500x280_q85_crop.jpg\",\"articleSection\":[\"Sin categorizar\"],\"inLanguage\":\"en-US\",\"potentialAction\":[{\"@type\":\"CommentAction\",\"name\":\"Comment\",\"target\":[\"https:\/\/fadeu.urantiacos.cl\/en\/2022\/05\/30\/ministro-de-ciencia-flavio-salazar-confirma-permanencia-del-programa-de-centros-fondap-y-anuncia-nueva-convocatoria-para-finales-del-2022\/#respond\"]}]},{\"@type\":\"WebPage\",\"@id\":\"https:\/\/fadeu.urantiacos.cl\/en\/2022\/05\/30\/ministro-de-ciencia-flavio-salazar-confirma-permanencia-del-programa-de-centros-fondap-y-anuncia-nueva-convocatoria-para-finales-del-2022\/\",\"url\":\"https:\/\/fadeu.urantiacos.cl\/en\/2022\/05\/30\/ministro-de-ciencia-flavio-salazar-confirma-permanencia-del-programa-de-centros-fondap-y-anuncia-nueva-convocatoria-para-finales-del-2022\/\",\"name\":\"Ministro de Ciencia Flavio Salazar confirma permanencia del Programa de centros FONDAP y anuncia nueva convocatoria para finales del 2022 - Facultad de Arquitectura, Dise\u00f1o y Estudios Urbanos\",\"isPartOf\":{\"@id\":\"https:\/\/fadeu.urantiacos.cl\/en\/#website\"},\"primaryImageOfPage\":{\"@id\":\"https:\/\/fadeu.urantiacos.cl\/en\/2022\/05\/30\/ministro-de-ciencia-flavio-salazar-confirma-permanencia-del-programa-de-centros-fondap-y-anuncia-nueva-convocatoria-para-finales-del-2022\/#primaryimage\"},\"image\":{\"@id\":\"https:\/\/fadeu.urantiacos.cl\/en\/2022\/05\/30\/ministro-de-ciencia-flavio-salazar-confirma-permanencia-del-programa-de-centros-fondap-y-anuncia-nueva-convocatoria-para-finales-del-2022\/#primaryimage\"},\"thumbnailUrl\":\"https:\/\/fadeu.urantiacos.cl\/wp-content\/uploads\/2023\/09\/WEB_hmc_4217_1.jpg.500x280_q85_crop.jpg\",\"datePublished\":\"2022-05-30T22:37:00+00:00\",\"dateModified\":\"2023-10-17T15:11:09+00:00\",\"author\":{\"@id\":\"https:\/\/fadeu.urantiacos.cl\/en\/#\/schema\/person\/d203e2e84b1c40275eac77b3061a19a2\"},\"description\":\"El anuncio fue realizado en el marco de una reuni\u00f3n de la autoridad de Gobierno con directores y directoras de estos centros en las dependencias del Ministerio de Ciencia, Tecnolog\u00eda, Conocimiento e Innovaci\u00f3n.\",\"breadcrumb\":{\"@id\":\"https:\/\/fadeu.urantiacos.cl\/en\/2022\/05\/30\/ministro-de-ciencia-flavio-salazar-confirma-permanencia-del-programa-de-centros-fondap-y-anuncia-nueva-convocatoria-para-finales-del-2022\/#breadcrumb\"},\"inLanguage\":\"en-US\",\"potentialAction\":[{\"@type\":\"ReadAction\",\"target\":[\"https:\/\/fadeu.urantiacos.cl\/en\/2022\/05\/30\/ministro-de-ciencia-flavio-salazar-confirma-permanencia-del-programa-de-centros-fondap-y-anuncia-nueva-convocatoria-para-finales-del-2022\/\"]}]},{\"@type\":\"ImageObject\",\"inLanguage\":\"en-US\",\"@id\":\"https:\/\/fadeu.urantiacos.cl\/en\/2022\/05\/30\/ministro-de-ciencia-flavio-salazar-confirma-permanencia-del-programa-de-centros-fondap-y-anuncia-nueva-convocatoria-para-finales-del-2022\/#primaryimage\",\"url\":\"https:\/\/fadeu.urantiacos.cl\/wp-content\/uploads\/2023\/09\/WEB_hmc_4217_1.jpg.500x280_q85_crop.jpg\",\"contentUrl\":\"https:\/\/fadeu.urantiacos.cl\/wp-content\/uploads\/2023\/09\/WEB_hmc_4217_1.jpg.500x280_q85_crop.jpg\",\"width\":350,\"height\":250},{\"@type\":\"BreadcrumbList\",\"@id\":\"https:\/\/fadeu.urantiacos.cl\/en\/2022\/05\/30\/ministro-de-ciencia-flavio-salazar-confirma-permanencia-del-programa-de-centros-fondap-y-anuncia-nueva-convocatoria-para-finales-del-2022\/#breadcrumb\",\"itemListElement\":[{\"@type\":\"ListItem\",\"position\":1,\"name\":\"Portada\",\"item\":\"https:\/\/fadeu.urantiacos.cl\/en\/\"},{\"@type\":\"ListItem\",\"position\":2,\"name\":\"Ministro de Ciencia Flavio Salazar confirma permanencia del Programa de centros FONDAP y anuncia nueva convocatoria para finales del 2022\"}]},{\"@type\":\"WebSite\",\"@id\":\"https:\/\/fadeu.urantiacos.cl\/en\/#website\",\"url\":\"https:\/\/fadeu.urantiacos.cl\/en\/\",\"name\":\"Facultad de Arquitectura, Dise\u00f1o y Estudios Urbanos\",\"description\":\"Campus Lo Contador\",\"potentialAction\":[{\"@type\":\"SearchAction\",\"target\":{\"@type\":\"EntryPoint\",\"urlTemplate\":\"https:\/\/fadeu.urantiacos.cl\/en\/?s={search_term_string}\"},\"query-input\":{\"@type\":\"PropertyValueSpecification\",\"valueRequired\":true,\"valueName\":\"search_term_string\"}}],\"inLanguage\":\"en-US\"},{\"@type\":\"Person\",\"@id\":\"https:\/\/fadeu.urantiacos.cl\/en\/#\/schema\/person\/d203e2e84b1c40275eac77b3061a19a2\",\"name\":\"manadmin\",\"image\":{\"@type\":\"ImageObject\",\"inLanguage\":\"en-US\",\"@id\":\"https:\/\/fadeu.urantiacos.cl\/en\/#\/schema\/person\/image\/\",\"url\":\"https:\/\/secure.gravatar.com\/avatar\/4b1d8e3303b4a9d8968ac578947d8bc80d9aea359f388cdd4aac15cadc0e8447?s=96&d=mm&r=g\",\"contentUrl\":\"https:\/\/secure.gravatar.com\/avatar\/4b1d8e3303b4a9d8968ac578947d8bc80d9aea359f388cdd4aac15cadc0e8447?s=96&d=mm&r=g\",\"caption\":\"manadmin\"},\"sameAs\":[\"https:\/\/fadeu.urantiacos.cl\"]}]}<\/script>\n<!-- \/ Yoast SEO plugin. -->","yoast_head_json":{"title":"Ministro de Ciencia Flavio Salazar confirma permanencia del Programa de centros FONDAP y anuncia nueva convocatoria para finales del 2022 - Facultad de Arquitectura, Dise\u00f1o y Estudios Urbanos","description":"El anuncio fue realizado en el marco de una reuni\u00f3n de la autoridad de Gobierno con directores y directoras de estos centros en las dependencias del Ministerio de Ciencia, Tecnolog\u00eda, Conocimiento e Innovaci\u00f3n.","robots":{"index":"index","follow":"follow","max-snippet":"max-snippet:-1","max-image-preview":"max-image-preview:large","max-video-preview":"max-video-preview:-1"},"canonical":"https:\/\/fadeu.urantiacos.cl\/en\/2022\/05\/30\/ministro-de-ciencia-flavio-salazar-confirma-permanencia-del-programa-de-centros-fondap-y-anuncia-nueva-convocatoria-para-finales-del-2022\/","og_locale":"en_US","og_type":"article","og_title":"Ministro de Ciencia Flavio Salazar confirma permanencia del Programa de centros FONDAP y anuncia nueva convocatoria para finales del 2022 - Facultad de Arquitectura, Dise\u00f1o y Estudios Urbanos","og_description":"El anuncio fue realizado en el marco de una reuni\u00f3n de la autoridad de Gobierno con directores y directoras de estos centros en las dependencias del Ministerio de Ciencia, Tecnolog\u00eda, Conocimiento e Innovaci\u00f3n.","og_url":"https:\/\/fadeu.urantiacos.cl\/en\/2022\/05\/30\/ministro-de-ciencia-flavio-salazar-confirma-permanencia-del-programa-de-centros-fondap-y-anuncia-nueva-convocatoria-para-finales-del-2022\/","og_site_name":"Facultad de Arquitectura, Dise\u00f1o y Estudios Urbanos","article_published_time":"2022-05-30T22:37:00+00:00","article_modified_time":"2023-10-17T15:11:09+00:00","og_image":[{"width":350,"height":250,"url":"https:\/\/fadeu.urantiacos.cl\/wp-content\/uploads\/2023\/09\/WEB_hmc_4217_1.jpg.500x280_q85_crop.jpg","type":"image\/jpeg"}],"author":"manadmin","twitter_card":"summary_large_image","twitter_misc":{"Written by":"manadmin","Est. reading time":"3 minutes"},"schema":{"@context":"https:\/\/schema.org","@graph":[{"@type":"Article","@id":"https:\/\/fadeu.urantiacos.cl\/en\/2022\/05\/30\/ministro-de-ciencia-flavio-salazar-confirma-permanencia-del-programa-de-centros-fondap-y-anuncia-nueva-convocatoria-para-finales-del-2022\/#article","isPartOf":{"@id":"https:\/\/fadeu.urantiacos.cl\/en\/2022\/05\/30\/ministro-de-ciencia-flavio-salazar-confirma-permanencia-del-programa-de-centros-fondap-y-anuncia-nueva-convocatoria-para-finales-del-2022\/"},"author":{"name":"manadmin","@id":"https:\/\/fadeu.urantiacos.cl\/en\/#\/schema\/person\/d203e2e84b1c40275eac77b3061a19a2"},"headline":"Ministro de Ciencia Flavio Salazar confirma permanencia del Programa de centros FONDAP y anuncia nueva convocatoria para finales del 2022","datePublished":"2022-05-30T22:37:00+00:00","dateModified":"2023-10-17T15:11:09+00:00","mainEntityOfPage":{"@id":"https:\/\/fadeu.urantiacos.cl\/en\/2022\/05\/30\/ministro-de-ciencia-flavio-salazar-confirma-permanencia-del-programa-de-centros-fondap-y-anuncia-nueva-convocatoria-para-finales-del-2022\/"},"wordCount":570,"commentCount":0,"image":{"@id":"https:\/\/fadeu.urantiacos.cl\/en\/2022\/05\/30\/ministro-de-ciencia-flavio-salazar-confirma-permanencia-del-programa-de-centros-fondap-y-anuncia-nueva-convocatoria-para-finales-del-2022\/#primaryimage"},"thumbnailUrl":"https:\/\/fadeu.urantiacos.cl\/wp-content\/uploads\/2023\/09\/WEB_hmc_4217_1.jpg.500x280_q85_crop.jpg","articleSection":["Sin categorizar"],"inLanguage":"en-US","potentialAction":[{"@type":"CommentAction","name":"Comment","target":["https:\/\/fadeu.urantiacos.cl\/en\/2022\/05\/30\/ministro-de-ciencia-flavio-salazar-confirma-permanencia-del-programa-de-centros-fondap-y-anuncia-nueva-convocatoria-para-finales-del-2022\/#respond"]}]},{"@type":"WebPage","@id":"https:\/\/fadeu.urantiacos.cl\/en\/2022\/05\/30\/ministro-de-ciencia-flavio-salazar-confirma-permanencia-del-programa-de-centros-fondap-y-anuncia-nueva-convocatoria-para-finales-del-2022\/","url":"https:\/\/fadeu.urantiacos.cl\/en\/2022\/05\/30\/ministro-de-ciencia-flavio-salazar-confirma-permanencia-del-programa-de-centros-fondap-y-anuncia-nueva-convocatoria-para-finales-del-2022\/","name":"Ministro de Ciencia Flavio Salazar confirma permanencia del Programa de centros FONDAP y anuncia nueva convocatoria para finales del 2022 - Facultad de Arquitectura, Dise\u00f1o y Estudios Urbanos","isPartOf":{"@id":"https:\/\/fadeu.urantiacos.cl\/en\/#website"},"primaryImageOfPage":{"@id":"https:\/\/fadeu.urantiacos.cl\/en\/2022\/05\/30\/ministro-de-ciencia-flavio-salazar-confirma-permanencia-del-programa-de-centros-fondap-y-anuncia-nueva-convocatoria-para-finales-del-2022\/#primaryimage"},"image":{"@id":"https:\/\/fadeu.urantiacos.cl\/en\/2022\/05\/30\/ministro-de-ciencia-flavio-salazar-confirma-permanencia-del-programa-de-centros-fondap-y-anuncia-nueva-convocatoria-para-finales-del-2022\/#primaryimage"},"thumbnailUrl":"https:\/\/fadeu.urantiacos.cl\/wp-content\/uploads\/2023\/09\/WEB_hmc_4217_1.jpg.500x280_q85_crop.jpg","datePublished":"2022-05-30T22:37:00+00:00","dateModified":"2023-10-17T15:11:09+00:00","author":{"@id":"https:\/\/fadeu.urantiacos.cl\/en\/#\/schema\/person\/d203e2e84b1c40275eac77b3061a19a2"},"description":"El anuncio fue realizado en el marco de una reuni\u00f3n de la autoridad de Gobierno con directores y directoras de estos centros en las dependencias del Ministerio de Ciencia, Tecnolog\u00eda, Conocimiento e Innovaci\u00f3n.","breadcrumb":{"@id":"https:\/\/fadeu.urantiacos.cl\/en\/2022\/05\/30\/ministro-de-ciencia-flavio-salazar-confirma-permanencia-del-programa-de-centros-fondap-y-anuncia-nueva-convocatoria-para-finales-del-2022\/#breadcrumb"},"inLanguage":"en-US","potentialAction":[{"@type":"ReadAction","target":["https:\/\/fadeu.urantiacos.cl\/en\/2022\/05\/30\/ministro-de-ciencia-flavio-salazar-confirma-permanencia-del-programa-de-centros-fondap-y-anuncia-nueva-convocatoria-para-finales-del-2022\/"]}]},{"@type":"ImageObject","inLanguage":"en-US","@id":"https:\/\/fadeu.urantiacos.cl\/en\/2022\/05\/30\/ministro-de-ciencia-flavio-salazar-confirma-permanencia-del-programa-de-centros-fondap-y-anuncia-nueva-convocatoria-para-finales-del-2022\/#primaryimage","url":"https:\/\/fadeu.urantiacos.cl\/wp-content\/uploads\/2023\/09\/WEB_hmc_4217_1.jpg.500x280_q85_crop.jpg","contentUrl":"https:\/\/fadeu.urantiacos.cl\/wp-content\/uploads\/2023\/09\/WEB_hmc_4217_1.jpg.500x280_q85_crop.jpg","width":350,"height":250},{"@type":"BreadcrumbList","@id":"https:\/\/fadeu.urantiacos.cl\/en\/2022\/05\/30\/ministro-de-ciencia-flavio-salazar-confirma-permanencia-del-programa-de-centros-fondap-y-anuncia-nueva-convocatoria-para-finales-del-2022\/#breadcrumb","itemListElement":[{"@type":"ListItem","position":1,"name":"Portada","item":"https:\/\/fadeu.urantiacos.cl\/en\/"},{"@type":"ListItem","position":2,"name":"Ministro de Ciencia Flavio Salazar confirma permanencia del Programa de centros FONDAP y anuncia nueva convocatoria para finales del 2022"}]},{"@type":"WebSite","@id":"https:\/\/fadeu.urantiacos.cl\/en\/#website","url":"https:\/\/fadeu.urantiacos.cl\/en\/","name":"Facultad de Arquitectura, Dise\u00f1o y Estudios Urbanos","description":"Campus Lo Contador","potentialAction":[{"@type":"SearchAction","target":{"@type":"EntryPoint","urlTemplate":"https:\/\/fadeu.urantiacos.cl\/en\/?s={search_term_string}"},"query-input":{"@type":"PropertyValueSpecification","valueRequired":true,"valueName":"search_term_string"}}],"inLanguage":"en-US"},{"@type":"Person","@id":"https:\/\/fadeu.urantiacos.cl\/en\/#\/schema\/person\/d203e2e84b1c40275eac77b3061a19a2","name":"manadmin","image":{"@type":"ImageObject","inLanguage":"en-US","@id":"https:\/\/fadeu.urantiacos.cl\/en\/#\/schema\/person\/image\/","url":"https:\/\/secure.gravatar.com\/avatar\/4b1d8e3303b4a9d8968ac578947d8bc80d9aea359f388cdd4aac15cadc0e8447?s=96&d=mm&r=g","contentUrl":"https:\/\/secure.gravatar.com\/avatar\/4b1d8e3303b4a9d8968ac578947d8bc80d9aea359f388cdd4aac15cadc0e8447?s=96&d=mm&r=g","caption":"manadmin"},"sameAs":["https:\/\/fadeu.urantiacos.cl"]}]}},"_links":{"self":[{"href":"https:\/\/fadeu.urantiacos.cl\/en\/wp-json\/wp\/v2\/posts\/4821","targetHints":{"allow":["GET"]}}],"collection":[{"href":"https:\/\/fadeu.urantiacos.cl\/en\/wp-json\/wp\/v2\/posts"}],"about":[{"href":"https:\/\/fadeu.urantiacos.cl\/en\/wp-json\/wp\/v2\/types\/post"}],"author":[{"embeddable":true,"href":"https:\/\/fadeu.urantiacos.cl\/en\/wp-json\/wp\/v2\/users\/1"}],"replies":[{"embeddable":true,"href":"https:\/\/fadeu.urantiacos.cl\/en\/wp-json\/wp\/v2\/comments?post=4821"}],"version-history":[{"count":2,"href":"https:\/\/fadeu.urantiacos.cl\/en\/wp-json\/wp\/v2\/posts\/4821\/revisions"}],"predecessor-version":[{"id":17160,"href":"https:\/\/fadeu.urantiacos.cl\/en\/wp-json\/wp\/v2\/posts\/4821\/revisions\/17160"}],"wp:featuredmedia":[{"embeddable":true,"href":"https:\/\/fadeu.urantiacos.cl\/en\/wp-json\/wp\/v2\/media\/4822"}],"wp:attachment":[{"href":"https:\/\/fadeu.urantiacos.cl\/en\/wp-json\/wp\/v2\/media?parent=4821"}],"wp:term":[{"taxonomy":"category","embeddable":true,"href":"https:\/\/fadeu.urantiacos.cl\/en\/wp-json\/wp\/v2\/categories?post=4821"},{"taxonomy":"post_tag","embeddable":true,"href":"https:\/\/fadeu.urantiacos.cl\/en\/wp-json\/wp\/v2\/tags?post=4821"}],"curies":[{"name":"wp","href":"https:\/\/api.w.org\/{rel}","templated":true}]}}