{"id":4808,"date":"2022-06-01T19:24:00","date_gmt":"2022-06-01T22:24:00","guid":{"rendered":"https:\/\/fadeu.urantiacos.cl\/?p=4808"},"modified":"2023-09-04T19:31:27","modified_gmt":"2023-09-04T22:31:27","slug":"exposicion-arquitectura-inusuales-se-presenta-en-lo-contador","status":"publish","type":"post","link":"https:\/\/fadeu.urantiacos.cl\/en\/2022\/06\/01\/exposicion-arquitectura-inusuales-se-presenta-en-lo-contador\/","title":{"rendered":"Exposici\u00f3n &#8220;Arquitectura Inusuales&#8221; se presenta en Lo Contador"},"content":{"rendered":"\n<figure class=\"wp-block-image size-full\"><img decoding=\"async\" width=\"350\" height=\"250\" src=\"https:\/\/fadeu.urantiacos.cl\/wp-content\/uploads\/2023\/09\/WEB_078_CASA_COLORADA_FOTO-PPAL_R0003620-WEB.jpg\" alt=\"\" class=\"wp-image-4809\" srcset=\"https:\/\/fadeu.urantiacos.cl\/wp-content\/uploads\/2023\/09\/WEB_078_CASA_COLORADA_FOTO-PPAL_R0003620-WEB.jpg 350w, https:\/\/fadeu.urantiacos.cl\/wp-content\/uploads\/2023\/09\/WEB_078_CASA_COLORADA_FOTO-PPAL_R0003620-WEB-300x214.jpg 300w\" sizes=\"(max-width: 350px) 100vw, 350px\" \/><\/figure>\n\n\n\n<p>La exposici\u00f3n estuvo durante mayo pasado en el edificio de la Asociaci\u00f3n de Oficinas de Arquitectura (AOA), y configura, comentan sus autores, una \u201cmuestra de representaci\u00f3n y fotograf\u00eda de ciudad, que expone un conjunto de objetos y casos de Santiago, una capital que se presenta cada vez m\u00e1s como una acumulaci\u00f3n casual, incontrolada y contingente de materia y experiencia, como la expresi\u00f3n de un otro inabarcable\u201d.<\/p>\n\n\n\n<p>Con el trabajo de los arquitectos Jos\u00e9 Ignacio Vielma (Doctorado en Arquitectura y Estudios Urbanos UC), Iv\u00e1n Gonz\u00e1lez Viso y Felipe Corval\u00e1n en el \u00e1rea de investigaci\u00f3n, y la colaboraci\u00f3n fotogr\u00e1fica y gr\u00e1fica de Jaime Castro, Valentina Caradonna y Juan Manuel Mendoza, esta muestra se vale de la representaci\u00f3n arquitect\u00f3nica y la fotograf\u00eda para abordar 27 casos seleccionados, entre edificaciones, espacios p\u00fablicos, territorios y experiencias urbanas, que presentan \u201csituaciones, contenidos potenciales, paradojas, y reflexiones de la arquitectura como ciudad, en especial por su origen, estado actual, pertenencia a movimientos o modas, opciones estil\u00edsticas, contradicciones aparentes, complejidad, u otras razones que no suelen ser reconocidas por la cr\u00edtica ni pueden aspirar a la condici\u00f3n de modelo\u201d.<\/p>\n\n\n\n<p>Inscritos dentro de cinco categor\u00edas de an\u00e1lisis \u2013cajas de sorpresas; vac\u00edos y huellas; objetos, faros y piezas; sistemas, redes y trayectos; y modos y aplicaciones\u2013 esta exhibici\u00f3n es una invitaci\u00f3n a viajar y a explorar lo distinto. \u201cAs\u00ed, como todo viaje, esta experiencia visual implica agudizar la atenci\u00f3n, pasar cierta incomodidad, sentirse extra\u00f1ado o expulsado, pero tambi\u00e9n abrirse a peque\u00f1os asombros ante lo inusual, lo antes no visto\u201d, se\u00f1alan.<\/p>\n\n\n\n<p>Auspiciada por el Ministerio de las Culturas, las Artes y el Patrimonio, el Departamento de Arquitectura de la Universidad de Chile y Quinta Anauco Inmobiliaria, y financiada a trav\u00e9s del FONDART 2021, la muestra estar\u00e1 disponible para el p\u00fablico en la fecha se\u00f1alada en los pasillos de la casona Lo Contador.<\/p>\n\n\n\n<p>INFORMACI\u00d3N PERIOD\u00cdSTICA<br>JUAN ANDR\u00c9S INZUNZA<\/p>\n\n\n\n<figure class=\"wp-block-image size-large\"><img decoding=\"async\" width=\"819\" height=\"1024\" src=\"https:\/\/fadeu.urantiacos.cl\/wp-content\/uploads\/2023\/09\/047_COPAS_DE_AGUA_PPAL_GRILLA_IMGP6531-15-WEB-819x1024.jpeg\" alt=\"\" class=\"wp-image-4810\" srcset=\"https:\/\/fadeu.urantiacos.cl\/wp-content\/uploads\/2023\/09\/047_COPAS_DE_AGUA_PPAL_GRILLA_IMGP6531-15-WEB-819x1024.jpeg 819w, https:\/\/fadeu.urantiacos.cl\/wp-content\/uploads\/2023\/09\/047_COPAS_DE_AGUA_PPAL_GRILLA_IMGP6531-15-WEB-240x300.jpeg 240w, https:\/\/fadeu.urantiacos.cl\/wp-content\/uploads\/2023\/09\/047_COPAS_DE_AGUA_PPAL_GRILLA_IMGP6531-15-WEB-768x960.jpeg 768w, https:\/\/fadeu.urantiacos.cl\/wp-content\/uploads\/2023\/09\/047_COPAS_DE_AGUA_PPAL_GRILLA_IMGP6531-15-WEB.jpeg 960w\" sizes=\"(max-width: 819px) 100vw, 819px\" \/><\/figure>\n\n\n\n<figure class=\"wp-block-image size-large\"><img decoding=\"async\" width=\"1024\" height=\"1024\" src=\"https:\/\/fadeu.urantiacos.cl\/wp-content\/uploads\/2023\/09\/051_CERRO_RENCA_PPAL_DSC03232-WEB-1024x1024.jpeg\" alt=\"\" class=\"wp-image-4811\" srcset=\"https:\/\/fadeu.urantiacos.cl\/wp-content\/uploads\/2023\/09\/051_CERRO_RENCA_PPAL_DSC03232-WEB-1024x1024.jpeg 1024w, https:\/\/fadeu.urantiacos.cl\/wp-content\/uploads\/2023\/09\/051_CERRO_RENCA_PPAL_DSC03232-WEB-300x300.jpeg 300w, https:\/\/fadeu.urantiacos.cl\/wp-content\/uploads\/2023\/09\/051_CERRO_RENCA_PPAL_DSC03232-WEB-150x150.jpeg 150w, https:\/\/fadeu.urantiacos.cl\/wp-content\/uploads\/2023\/09\/051_CERRO_RENCA_PPAL_DSC03232-WEB-768x768.jpeg 768w, https:\/\/fadeu.urantiacos.cl\/wp-content\/uploads\/2023\/09\/051_CERRO_RENCA_PPAL_DSC03232-WEB.jpeg 1200w\" sizes=\"(max-width: 1024px) 100vw, 1024px\" \/><\/figure>\n\n\n\n<figure class=\"wp-block-image size-large\"><img decoding=\"async\" width=\"1024\" height=\"1024\" src=\"https:\/\/fadeu.urantiacos.cl\/wp-content\/uploads\/2023\/09\/074_VILLA_SAN_LUIS_PPAL_IMGP6087-WEB-1024x1024.jpeg\" alt=\"\" class=\"wp-image-4812\" srcset=\"https:\/\/fadeu.urantiacos.cl\/wp-content\/uploads\/2023\/09\/074_VILLA_SAN_LUIS_PPAL_IMGP6087-WEB-1024x1024.jpeg 1024w, https:\/\/fadeu.urantiacos.cl\/wp-content\/uploads\/2023\/09\/074_VILLA_SAN_LUIS_PPAL_IMGP6087-WEB-300x300.jpeg 300w, https:\/\/fadeu.urantiacos.cl\/wp-content\/uploads\/2023\/09\/074_VILLA_SAN_LUIS_PPAL_IMGP6087-WEB-150x150.jpeg 150w, https:\/\/fadeu.urantiacos.cl\/wp-content\/uploads\/2023\/09\/074_VILLA_SAN_LUIS_PPAL_IMGP6087-WEB-768x768.jpeg 768w, https:\/\/fadeu.urantiacos.cl\/wp-content\/uploads\/2023\/09\/074_VILLA_SAN_LUIS_PPAL_IMGP6087-WEB.jpeg 1200w\" sizes=\"(max-width: 1024px) 100vw, 1024px\" \/><\/figure>\n\n\n\n<figure class=\"wp-block-image size-large\"><img decoding=\"async\" width=\"819\" height=\"1024\" src=\"https:\/\/fadeu.urantiacos.cl\/wp-content\/uploads\/2023\/09\/078_CASA_COLORADA_FOTO-PPAL_R0003620-WEB-819x1024.jpeg\" alt=\"\" class=\"wp-image-4813\" srcset=\"https:\/\/fadeu.urantiacos.cl\/wp-content\/uploads\/2023\/09\/078_CASA_COLORADA_FOTO-PPAL_R0003620-WEB-819x1024.jpeg 819w, https:\/\/fadeu.urantiacos.cl\/wp-content\/uploads\/2023\/09\/078_CASA_COLORADA_FOTO-PPAL_R0003620-WEB-240x300.jpeg 240w, https:\/\/fadeu.urantiacos.cl\/wp-content\/uploads\/2023\/09\/078_CASA_COLORADA_FOTO-PPAL_R0003620-WEB-768x960.jpeg 768w, https:\/\/fadeu.urantiacos.cl\/wp-content\/uploads\/2023\/09\/078_CASA_COLORADA_FOTO-PPAL_R0003620-WEB.jpeg 960w\" sizes=\"(max-width: 819px) 100vw, 819px\" \/><\/figure>\n","protected":false},"excerpt":{"rendered":"<p>Entre el 1 y e 10 de junio se expondr\u00e1 en la Facultad de Arquitectura, Dise\u00f1o y Estudios Urbanos de la UC, la muestra \u201cArquitecturas Inusuales: experiencias \u2018otras\u2019 en la arquitectura y el urbanismo, Santiago de Chile (1950 \u2013 2020).<\/p>\n","protected":false},"author":1,"featured_media":4809,"comment_status":"open","ping_status":"open","sticky":false,"template":"","format":"standard","meta":{"_acf_changed":false,"footnotes":""},"categories":[1],"tags":[],"class_list":["post-4808","post","type-post","status-publish","format-standard","has-post-thumbnail","hentry","category-sin-categorizar"],"acf":[],"yoast_head":"<!-- This site is optimized with the Yoast SEO plugin v27.1.1 - https:\/\/yoast.com\/product\/yoast-seo-wordpress\/ -->\n<title>Exposici\u00f3n &quot;Arquitectura Inusuales&quot; se presenta en Lo Contador - Facultad de Arquitectura, Dise\u00f1o y Estudios Urbanos<\/title>\n<meta name=\"description\" content=\"Entre el 1 y e 10 de junio se expondr\u00e1 en la Facultad de Arquitectura, Dise\u00f1o y Estudios Urbanos de la UC, la muestra \u201cArquitecturas Inusuales: experiencias \u2018otras\u2019 en la arquitectura y el urbanismo, Santiago de Chile (1950 \u2013 2020).\" \/>\n<meta name=\"robots\" content=\"index, follow, max-snippet:-1, max-image-preview:large, max-video-preview:-1\" \/>\n<link rel=\"canonical\" href=\"https:\/\/fadeu.urantiacos.cl\/en\/2022\/06\/01\/exposicion-arquitectura-inusuales-se-presenta-en-lo-contador\/\" \/>\n<meta property=\"og:locale\" content=\"en_US\" \/>\n<meta property=\"og:type\" content=\"article\" \/>\n<meta property=\"og:title\" content=\"Exposici\u00f3n &quot;Arquitectura Inusuales&quot; se presenta en Lo Contador - Facultad de Arquitectura, Dise\u00f1o y Estudios Urbanos\" \/>\n<meta property=\"og:description\" content=\"Entre el 1 y e 10 de junio se expondr\u00e1 en la Facultad de Arquitectura, Dise\u00f1o y Estudios Urbanos de la UC, la muestra \u201cArquitecturas Inusuales: experiencias \u2018otras\u2019 en la arquitectura y el urbanismo, Santiago de Chile (1950 \u2013 2020).\" \/>\n<meta property=\"og:url\" content=\"https:\/\/fadeu.urantiacos.cl\/en\/2022\/06\/01\/exposicion-arquitectura-inusuales-se-presenta-en-lo-contador\/\" \/>\n<meta property=\"og:site_name\" content=\"Facultad de Arquitectura, Dise\u00f1o y Estudios Urbanos\" \/>\n<meta property=\"article:published_time\" content=\"2022-06-01T22:24:00+00:00\" \/>\n<meta property=\"article:modified_time\" content=\"2023-09-04T22:31:27+00:00\" \/>\n<meta property=\"og:image\" content=\"https:\/\/fadeu.urantiacos.cl\/wp-content\/uploads\/2023\/09\/WEB_078_CASA_COLORADA_FOTO-PPAL_R0003620-WEB.jpg\" \/>\n\t<meta property=\"og:image:width\" content=\"350\" \/>\n\t<meta property=\"og:image:height\" content=\"250\" \/>\n\t<meta property=\"og:image:type\" content=\"image\/jpeg\" \/>\n<meta name=\"author\" content=\"manadmin\" \/>\n<meta name=\"twitter:card\" content=\"summary_large_image\" \/>\n<meta name=\"twitter:label1\" content=\"Written by\" \/>\n\t<meta name=\"twitter:data1\" content=\"manadmin\" \/>\n\t<meta name=\"twitter:label2\" content=\"Est. reading time\" \/>\n\t<meta name=\"twitter:data2\" content=\"2 minutes\" \/>\n<script type=\"application\/ld+json\" class=\"yoast-schema-graph\">{\"@context\":\"https:\/\/schema.org\",\"@graph\":[{\"@type\":\"Article\",\"@id\":\"https:\/\/fadeu.urantiacos.cl\/en\/2022\/06\/01\/exposicion-arquitectura-inusuales-se-presenta-en-lo-contador\/#article\",\"isPartOf\":{\"@id\":\"https:\/\/fadeu.urantiacos.cl\/en\/2022\/06\/01\/exposicion-arquitectura-inusuales-se-presenta-en-lo-contador\/\"},\"author\":{\"name\":\"manadmin\",\"@id\":\"https:\/\/fadeu.urantiacos.cl\/en\/#\/schema\/person\/d203e2e84b1c40275eac77b3061a19a2\"},\"headline\":\"Exposici\u00f3n &#8220;Arquitectura Inusuales&#8221; se presenta en Lo Contador\",\"datePublished\":\"2022-06-01T22:24:00+00:00\",\"dateModified\":\"2023-09-04T22:31:27+00:00\",\"mainEntityOfPage\":{\"@id\":\"https:\/\/fadeu.urantiacos.cl\/en\/2022\/06\/01\/exposicion-arquitectura-inusuales-se-presenta-en-lo-contador\/\"},\"wordCount\":349,\"commentCount\":0,\"image\":{\"@id\":\"https:\/\/fadeu.urantiacos.cl\/en\/2022\/06\/01\/exposicion-arquitectura-inusuales-se-presenta-en-lo-contador\/#primaryimage\"},\"thumbnailUrl\":\"https:\/\/fadeu.urantiacos.cl\/wp-content\/uploads\/2023\/09\/WEB_078_CASA_COLORADA_FOTO-PPAL_R0003620-WEB.jpg\",\"articleSection\":[\"Sin categorizar\"],\"inLanguage\":\"en-US\",\"potentialAction\":[{\"@type\":\"CommentAction\",\"name\":\"Comment\",\"target\":[\"https:\/\/fadeu.urantiacos.cl\/en\/2022\/06\/01\/exposicion-arquitectura-inusuales-se-presenta-en-lo-contador\/#respond\"]}]},{\"@type\":\"WebPage\",\"@id\":\"https:\/\/fadeu.urantiacos.cl\/en\/2022\/06\/01\/exposicion-arquitectura-inusuales-se-presenta-en-lo-contador\/\",\"url\":\"https:\/\/fadeu.urantiacos.cl\/en\/2022\/06\/01\/exposicion-arquitectura-inusuales-se-presenta-en-lo-contador\/\",\"name\":\"Exposici\u00f3n \\\"Arquitectura Inusuales\\\" se presenta en Lo Contador - Facultad de Arquitectura, Dise\u00f1o y Estudios Urbanos\",\"isPartOf\":{\"@id\":\"https:\/\/fadeu.urantiacos.cl\/en\/#website\"},\"primaryImageOfPage\":{\"@id\":\"https:\/\/fadeu.urantiacos.cl\/en\/2022\/06\/01\/exposicion-arquitectura-inusuales-se-presenta-en-lo-contador\/#primaryimage\"},\"image\":{\"@id\":\"https:\/\/fadeu.urantiacos.cl\/en\/2022\/06\/01\/exposicion-arquitectura-inusuales-se-presenta-en-lo-contador\/#primaryimage\"},\"thumbnailUrl\":\"https:\/\/fadeu.urantiacos.cl\/wp-content\/uploads\/2023\/09\/WEB_078_CASA_COLORADA_FOTO-PPAL_R0003620-WEB.jpg\",\"datePublished\":\"2022-06-01T22:24:00+00:00\",\"dateModified\":\"2023-09-04T22:31:27+00:00\",\"author\":{\"@id\":\"https:\/\/fadeu.urantiacos.cl\/en\/#\/schema\/person\/d203e2e84b1c40275eac77b3061a19a2\"},\"description\":\"Entre el 1 y e 10 de junio se expondr\u00e1 en la Facultad de Arquitectura, Dise\u00f1o y Estudios Urbanos de la UC, la muestra \u201cArquitecturas Inusuales: experiencias \u2018otras\u2019 en la arquitectura y el urbanismo, Santiago de Chile (1950 \u2013 2020).\",\"breadcrumb\":{\"@id\":\"https:\/\/fadeu.urantiacos.cl\/en\/2022\/06\/01\/exposicion-arquitectura-inusuales-se-presenta-en-lo-contador\/#breadcrumb\"},\"inLanguage\":\"en-US\",\"potentialAction\":[{\"@type\":\"ReadAction\",\"target\":[\"https:\/\/fadeu.urantiacos.cl\/en\/2022\/06\/01\/exposicion-arquitectura-inusuales-se-presenta-en-lo-contador\/\"]}]},{\"@type\":\"ImageObject\",\"inLanguage\":\"en-US\",\"@id\":\"https:\/\/fadeu.urantiacos.cl\/en\/2022\/06\/01\/exposicion-arquitectura-inusuales-se-presenta-en-lo-contador\/#primaryimage\",\"url\":\"https:\/\/fadeu.urantiacos.cl\/wp-content\/uploads\/2023\/09\/WEB_078_CASA_COLORADA_FOTO-PPAL_R0003620-WEB.jpg\",\"contentUrl\":\"https:\/\/fadeu.urantiacos.cl\/wp-content\/uploads\/2023\/09\/WEB_078_CASA_COLORADA_FOTO-PPAL_R0003620-WEB.jpg\",\"width\":350,\"height\":250},{\"@type\":\"BreadcrumbList\",\"@id\":\"https:\/\/fadeu.urantiacos.cl\/en\/2022\/06\/01\/exposicion-arquitectura-inusuales-se-presenta-en-lo-contador\/#breadcrumb\",\"itemListElement\":[{\"@type\":\"ListItem\",\"position\":1,\"name\":\"Portada\",\"item\":\"https:\/\/fadeu.urantiacos.cl\/en\/\"},{\"@type\":\"ListItem\",\"position\":2,\"name\":\"Exposici\u00f3n &#8220;Arquitectura Inusuales&#8221; se presenta en Lo Contador\"}]},{\"@type\":\"WebSite\",\"@id\":\"https:\/\/fadeu.urantiacos.cl\/en\/#website\",\"url\":\"https:\/\/fadeu.urantiacos.cl\/en\/\",\"name\":\"Facultad de Arquitectura, Dise\u00f1o y Estudios Urbanos\",\"description\":\"Campus Lo Contador\",\"potentialAction\":[{\"@type\":\"SearchAction\",\"target\":{\"@type\":\"EntryPoint\",\"urlTemplate\":\"https:\/\/fadeu.urantiacos.cl\/en\/?s={search_term_string}\"},\"query-input\":{\"@type\":\"PropertyValueSpecification\",\"valueRequired\":true,\"valueName\":\"search_term_string\"}}],\"inLanguage\":\"en-US\"},{\"@type\":\"Person\",\"@id\":\"https:\/\/fadeu.urantiacos.cl\/en\/#\/schema\/person\/d203e2e84b1c40275eac77b3061a19a2\",\"name\":\"manadmin\",\"image\":{\"@type\":\"ImageObject\",\"inLanguage\":\"en-US\",\"@id\":\"https:\/\/fadeu.urantiacos.cl\/en\/#\/schema\/person\/image\/\",\"url\":\"https:\/\/secure.gravatar.com\/avatar\/4b1d8e3303b4a9d8968ac578947d8bc80d9aea359f388cdd4aac15cadc0e8447?s=96&d=mm&r=g\",\"contentUrl\":\"https:\/\/secure.gravatar.com\/avatar\/4b1d8e3303b4a9d8968ac578947d8bc80d9aea359f388cdd4aac15cadc0e8447?s=96&d=mm&r=g\",\"caption\":\"manadmin\"},\"sameAs\":[\"https:\/\/fadeu.urantiacos.cl\"]}]}<\/script>\n<!-- \/ Yoast SEO plugin. -->","yoast_head_json":{"title":"Exposici\u00f3n \"Arquitectura Inusuales\" se presenta en Lo Contador - Facultad de Arquitectura, Dise\u00f1o y Estudios Urbanos","description":"Entre el 1 y e 10 de junio se expondr\u00e1 en la Facultad de Arquitectura, Dise\u00f1o y Estudios Urbanos de la UC, la muestra \u201cArquitecturas Inusuales: experiencias \u2018otras\u2019 en la arquitectura y el urbanismo, Santiago de Chile (1950 \u2013 2020).","robots":{"index":"index","follow":"follow","max-snippet":"max-snippet:-1","max-image-preview":"max-image-preview:large","max-video-preview":"max-video-preview:-1"},"canonical":"https:\/\/fadeu.urantiacos.cl\/en\/2022\/06\/01\/exposicion-arquitectura-inusuales-se-presenta-en-lo-contador\/","og_locale":"en_US","og_type":"article","og_title":"Exposici\u00f3n \"Arquitectura Inusuales\" se presenta en Lo Contador - Facultad de Arquitectura, Dise\u00f1o y Estudios Urbanos","og_description":"Entre el 1 y e 10 de junio se expondr\u00e1 en la Facultad de Arquitectura, Dise\u00f1o y Estudios Urbanos de la UC, la muestra \u201cArquitecturas Inusuales: experiencias \u2018otras\u2019 en la arquitectura y el urbanismo, Santiago de Chile (1950 \u2013 2020).","og_url":"https:\/\/fadeu.urantiacos.cl\/en\/2022\/06\/01\/exposicion-arquitectura-inusuales-se-presenta-en-lo-contador\/","og_site_name":"Facultad de Arquitectura, Dise\u00f1o y Estudios Urbanos","article_published_time":"2022-06-01T22:24:00+00:00","article_modified_time":"2023-09-04T22:31:27+00:00","og_image":[{"width":350,"height":250,"url":"https:\/\/fadeu.urantiacos.cl\/wp-content\/uploads\/2023\/09\/WEB_078_CASA_COLORADA_FOTO-PPAL_R0003620-WEB.jpg","type":"image\/jpeg"}],"author":"manadmin","twitter_card":"summary_large_image","twitter_misc":{"Written by":"manadmin","Est. reading time":"2 minutes"},"schema":{"@context":"https:\/\/schema.org","@graph":[{"@type":"Article","@id":"https:\/\/fadeu.urantiacos.cl\/en\/2022\/06\/01\/exposicion-arquitectura-inusuales-se-presenta-en-lo-contador\/#article","isPartOf":{"@id":"https:\/\/fadeu.urantiacos.cl\/en\/2022\/06\/01\/exposicion-arquitectura-inusuales-se-presenta-en-lo-contador\/"},"author":{"name":"manadmin","@id":"https:\/\/fadeu.urantiacos.cl\/en\/#\/schema\/person\/d203e2e84b1c40275eac77b3061a19a2"},"headline":"Exposici\u00f3n &#8220;Arquitectura Inusuales&#8221; se presenta en Lo Contador","datePublished":"2022-06-01T22:24:00+00:00","dateModified":"2023-09-04T22:31:27+00:00","mainEntityOfPage":{"@id":"https:\/\/fadeu.urantiacos.cl\/en\/2022\/06\/01\/exposicion-arquitectura-inusuales-se-presenta-en-lo-contador\/"},"wordCount":349,"commentCount":0,"image":{"@id":"https:\/\/fadeu.urantiacos.cl\/en\/2022\/06\/01\/exposicion-arquitectura-inusuales-se-presenta-en-lo-contador\/#primaryimage"},"thumbnailUrl":"https:\/\/fadeu.urantiacos.cl\/wp-content\/uploads\/2023\/09\/WEB_078_CASA_COLORADA_FOTO-PPAL_R0003620-WEB.jpg","articleSection":["Sin categorizar"],"inLanguage":"en-US","potentialAction":[{"@type":"CommentAction","name":"Comment","target":["https:\/\/fadeu.urantiacos.cl\/en\/2022\/06\/01\/exposicion-arquitectura-inusuales-se-presenta-en-lo-contador\/#respond"]}]},{"@type":"WebPage","@id":"https:\/\/fadeu.urantiacos.cl\/en\/2022\/06\/01\/exposicion-arquitectura-inusuales-se-presenta-en-lo-contador\/","url":"https:\/\/fadeu.urantiacos.cl\/en\/2022\/06\/01\/exposicion-arquitectura-inusuales-se-presenta-en-lo-contador\/","name":"Exposici\u00f3n \"Arquitectura Inusuales\" se presenta en Lo Contador - Facultad de Arquitectura, Dise\u00f1o y Estudios Urbanos","isPartOf":{"@id":"https:\/\/fadeu.urantiacos.cl\/en\/#website"},"primaryImageOfPage":{"@id":"https:\/\/fadeu.urantiacos.cl\/en\/2022\/06\/01\/exposicion-arquitectura-inusuales-se-presenta-en-lo-contador\/#primaryimage"},"image":{"@id":"https:\/\/fadeu.urantiacos.cl\/en\/2022\/06\/01\/exposicion-arquitectura-inusuales-se-presenta-en-lo-contador\/#primaryimage"},"thumbnailUrl":"https:\/\/fadeu.urantiacos.cl\/wp-content\/uploads\/2023\/09\/WEB_078_CASA_COLORADA_FOTO-PPAL_R0003620-WEB.jpg","datePublished":"2022-06-01T22:24:00+00:00","dateModified":"2023-09-04T22:31:27+00:00","author":{"@id":"https:\/\/fadeu.urantiacos.cl\/en\/#\/schema\/person\/d203e2e84b1c40275eac77b3061a19a2"},"description":"Entre el 1 y e 10 de junio se expondr\u00e1 en la Facultad de Arquitectura, Dise\u00f1o y Estudios Urbanos de la UC, la muestra \u201cArquitecturas Inusuales: experiencias \u2018otras\u2019 en la arquitectura y el urbanismo, Santiago de Chile (1950 \u2013 2020).","breadcrumb":{"@id":"https:\/\/fadeu.urantiacos.cl\/en\/2022\/06\/01\/exposicion-arquitectura-inusuales-se-presenta-en-lo-contador\/#breadcrumb"},"inLanguage":"en-US","potentialAction":[{"@type":"ReadAction","target":["https:\/\/fadeu.urantiacos.cl\/en\/2022\/06\/01\/exposicion-arquitectura-inusuales-se-presenta-en-lo-contador\/"]}]},{"@type":"ImageObject","inLanguage":"en-US","@id":"https:\/\/fadeu.urantiacos.cl\/en\/2022\/06\/01\/exposicion-arquitectura-inusuales-se-presenta-en-lo-contador\/#primaryimage","url":"https:\/\/fadeu.urantiacos.cl\/wp-content\/uploads\/2023\/09\/WEB_078_CASA_COLORADA_FOTO-PPAL_R0003620-WEB.jpg","contentUrl":"https:\/\/fadeu.urantiacos.cl\/wp-content\/uploads\/2023\/09\/WEB_078_CASA_COLORADA_FOTO-PPAL_R0003620-WEB.jpg","width":350,"height":250},{"@type":"BreadcrumbList","@id":"https:\/\/fadeu.urantiacos.cl\/en\/2022\/06\/01\/exposicion-arquitectura-inusuales-se-presenta-en-lo-contador\/#breadcrumb","itemListElement":[{"@type":"ListItem","position":1,"name":"Portada","item":"https:\/\/fadeu.urantiacos.cl\/en\/"},{"@type":"ListItem","position":2,"name":"Exposici\u00f3n &#8220;Arquitectura Inusuales&#8221; se presenta en Lo Contador"}]},{"@type":"WebSite","@id":"https:\/\/fadeu.urantiacos.cl\/en\/#website","url":"https:\/\/fadeu.urantiacos.cl\/en\/","name":"Facultad de Arquitectura, Dise\u00f1o y Estudios Urbanos","description":"Campus Lo Contador","potentialAction":[{"@type":"SearchAction","target":{"@type":"EntryPoint","urlTemplate":"https:\/\/fadeu.urantiacos.cl\/en\/?s={search_term_string}"},"query-input":{"@type":"PropertyValueSpecification","valueRequired":true,"valueName":"search_term_string"}}],"inLanguage":"en-US"},{"@type":"Person","@id":"https:\/\/fadeu.urantiacos.cl\/en\/#\/schema\/person\/d203e2e84b1c40275eac77b3061a19a2","name":"manadmin","image":{"@type":"ImageObject","inLanguage":"en-US","@id":"https:\/\/fadeu.urantiacos.cl\/en\/#\/schema\/person\/image\/","url":"https:\/\/secure.gravatar.com\/avatar\/4b1d8e3303b4a9d8968ac578947d8bc80d9aea359f388cdd4aac15cadc0e8447?s=96&d=mm&r=g","contentUrl":"https:\/\/secure.gravatar.com\/avatar\/4b1d8e3303b4a9d8968ac578947d8bc80d9aea359f388cdd4aac15cadc0e8447?s=96&d=mm&r=g","caption":"manadmin"},"sameAs":["https:\/\/fadeu.urantiacos.cl"]}]}},"_links":{"self":[{"href":"https:\/\/fadeu.urantiacos.cl\/en\/wp-json\/wp\/v2\/posts\/4808","targetHints":{"allow":["GET"]}}],"collection":[{"href":"https:\/\/fadeu.urantiacos.cl\/en\/wp-json\/wp\/v2\/posts"}],"about":[{"href":"https:\/\/fadeu.urantiacos.cl\/en\/wp-json\/wp\/v2\/types\/post"}],"author":[{"embeddable":true,"href":"https:\/\/fadeu.urantiacos.cl\/en\/wp-json\/wp\/v2\/users\/1"}],"replies":[{"embeddable":true,"href":"https:\/\/fadeu.urantiacos.cl\/en\/wp-json\/wp\/v2\/comments?post=4808"}],"version-history":[{"count":1,"href":"https:\/\/fadeu.urantiacos.cl\/en\/wp-json\/wp\/v2\/posts\/4808\/revisions"}],"predecessor-version":[{"id":4814,"href":"https:\/\/fadeu.urantiacos.cl\/en\/wp-json\/wp\/v2\/posts\/4808\/revisions\/4814"}],"wp:featuredmedia":[{"embeddable":true,"href":"https:\/\/fadeu.urantiacos.cl\/en\/wp-json\/wp\/v2\/media\/4809"}],"wp:attachment":[{"href":"https:\/\/fadeu.urantiacos.cl\/en\/wp-json\/wp\/v2\/media?parent=4808"}],"wp:term":[{"taxonomy":"category","embeddable":true,"href":"https:\/\/fadeu.urantiacos.cl\/en\/wp-json\/wp\/v2\/categories?post=4808"},{"taxonomy":"post_tag","embeddable":true,"href":"https:\/\/fadeu.urantiacos.cl\/en\/wp-json\/wp\/v2\/tags?post=4808"}],"curies":[{"name":"wp","href":"https:\/\/api.w.org\/{rel}","templated":true}]}}