{"id":4796,"date":"2022-06-02T19:15:00","date_gmt":"2022-06-02T22:15:00","guid":{"rendered":"https:\/\/fadeu.urantiacos.cl\/?p=4796"},"modified":"2023-09-04T19:20:06","modified_gmt":"2023-09-04T22:20:06","slug":"rector-ignacio-sanchez-encabezo-celebraciones-del-dia-del-patrimonio-en-lo-contador","status":"publish","type":"post","link":"https:\/\/fadeu.urantiacos.cl\/en\/2022\/06\/02\/rector-ignacio-sanchez-encabezo-celebraciones-del-dia-del-patrimonio-en-lo-contador\/","title":{"rendered":"Rector Ignacio S\u00e1nchez encabez\u00f3 celebraciones del D\u00eda del Patrimonio en Lo Contador"},"content":{"rendered":"\n<figure class=\"wp-block-image size-full\"><img decoding=\"async\" width=\"350\" height=\"250\" src=\"https:\/\/fadeu.urantiacos.cl\/wp-content\/uploads\/2023\/09\/WEB_4BB52406-64CB-4E35-93C7-FABE9E3C2DDF_2.jpg\" alt=\"\" class=\"wp-image-4797\" srcset=\"https:\/\/fadeu.urantiacos.cl\/wp-content\/uploads\/2023\/09\/WEB_4BB52406-64CB-4E35-93C7-FABE9E3C2DDF_2.jpg 350w, https:\/\/fadeu.urantiacos.cl\/wp-content\/uploads\/2023\/09\/WEB_4BB52406-64CB-4E35-93C7-FABE9E3C2DDF_2-300x214.jpg 300w\" sizes=\"(max-width: 350px) 100vw, 350px\" \/><\/figure>\n\n\n\n<p>La primera actividad desarrollada el s\u00e1bado 28 en el campus Lo Contador fue el lanzamiento del libro \u201cSantiago en 1850: James Melville Gillis, un astr\u00f3nomo norteamericano en Chile\u201d, del profesor de la escuela de Arquitectura, Germ\u00e1n Hidalgo, y editado por Ediciones UC.<\/p>\n\n\n\n<p>El lanzamiento se llev\u00f3 a cabo en la sala Capilla del campus Lo Contador, en medio de una serie de otras actividades, talleres y exposiciones que se realizaron durante el fin de semana.<\/p>\n\n\n\n<p>\u201cLo que hace el profesor Hidalgo en este libro, es traducir un fragmento del reporte completo de Gillis, espec\u00edficamente dedicado a la ciudad de Santiago, presentando adem\u00e1s el material gr\u00e1fico que acompa\u00f1\u00f3 ese trabajo, principalmente a trav\u00e9s de la panor\u00e1mica de la ciudad, sus encuadres y un plano de 1850. Pero el trabajo no es solo traer a la contemporaneidad el material que se expusto en 1850, sino que tambi\u00e9n investigarlo en profundidad\u201d, afirm\u00f3 el Rector S\u00e1nchez.<\/p>\n\n\n\n<p>Adem\u00e1s, el Rector agreg\u00f3 que \u201cfelicito al profesor Hidalgo por este hermoso trabajo, a Ediciones UC por su irrestricto apoyo a la labor de los profesores y profesoras de nuestra universidad, y tambi\u00e9n a la escuela de Arquitectura y a la Facultad por su siempre destacable preocupaci\u00f3n por el estudio y comprensi\u00f3n de los fen\u00f3menos urbanos complejos que nos ayudan hoy a entender lo que somos como ciudad\u201d.<\/p>\n\n\n\n<p>El Decano Ubilla elogi\u00f3 el libro del profesor Hidalgo, y sostuvo que \u201cla concreci\u00f3n de esta investigaci\u00f3n es muy importante para nosotros, porque acumula el esfuerzo de muchos a\u00f1os y de muchos acad\u00e9micos y acad\u00e9micas, y es en este caso, trabajado con vigilia y persistencia, cuidando las herramientas proyectuales, para formar alumnos y profundizar la investigaci\u00f3n\u201d.<\/p>\n\n\n\n<p>\u201cPara nuestra Facultad del D\u00eda del Patrimonio es un gran d\u00eda, y en ese sentido quiero destacar tambi\u00e9n el esfuerzo de todas las unidades, y en particular al Director del Centro del Patrimonio Cultural, Umberto Bonomo, que ha logrado configurar otra vez un c\u00famulo de actividades de enorme riqueza y significancia, no solo para nuestra Facultad, sino para la Universidad y la sociedad en su conjunto\u201d.<\/p>\n\n\n\n<p>La actividad termin\u00f3 con la lectura de las palabras enviadas por el profesor Germ\u00e1n Hidalgo y que fueron le\u00eddas por la Directora de Extensi\u00f3n y Comunicaciones Macarena Cort\u00e9s, donde se destac\u00f3 que: \u201cGilliss quiso dejar una imagen que fuera capaz de representar sint\u00e9ticamente todo lo anterior. Porque adem\u00e1s era la \u00e9poca de los panoramas, y de las vistas panor\u00e1micas. Un recurso sumamente innovador que no pod\u00eda quedar ausente en su informe, que le permitir\u00eda realizar un registro de la ciudad utilizando instrumentos que aseguraran un alto grado de verosimilitud con la realidad representada\u201d.<\/p>\n\n\n\n<p>Por ello, el profesor Hidalgo realiz\u00f3n un reinterpretaci\u00f3n del panorama de Gillis, y que se expuso a los largo de la Sala Capilla, destacando en \u00e9l los distitnos elementos arquitect\u00f3nicos que se encontraban en la ciudad, como: el Templo y Convento de San Agust\u00edn, La Moneda, el puente Cal y Canto, y el Instituto Nacional, entre otros.<\/p>\n\n\n\n<p><strong>Galer\u00eda GALLO<\/strong><\/p>\n\n\n\n<p>Posteriormente, las autoridades, docentes, estudiantes y p\u00fablico general se dirigieron a un recorrido por la Galer\u00eda GALLO, que fue guiado por el profesor Patricio Pozo (escuela de Dise\u00f1o) y el expositor Rodrigo Bravo. Instancia en que se explicaron las condiciones materiales, formales y funcionales de las piezas exhibidas, destacando el uso de t\u00e9cnicas constructivas b\u00e1sicas y materiales en su estado original.<\/p>\n\n\n\n<p>Durante el fin de semana se llevaron una serie de actividades en los campus de la Universidad. Particularmente, en Lo Contador, se realizaron talleres de volantines, exposici\u00f3n de archivos hist\u00f3ricos, exposici\u00f3n de artesan\u00edas del programa de Artesan\u00eda UC, visitas guiadas y otras.<\/p>\n\n\n\n<p>El director del Centro del Patrimonio Cultural UC, profesor Umberto Bonomo, agradeci\u00f3 la presencia de la comunidad en el campus Lo Contador, y afirm\u00f3 que \u201cestamos muy contentos de poder realizar este lanzamiento y otras actividades, celebrando en este caso la investigaci\u00f3n como aporte a la generaci\u00f3n del conocimiento, construyendo p\u00e1ginas de la historia de nuestra sociedad, y sirve para generar conciencia respecto del rol que nos corresponde en la Universidad para la conservaci\u00f3n y puesta en valor del patrimonio\u201d.<\/p>\n\n\n\n<p>Al margen del D\u00eda del Patrimonio, el campus Lo Contador tiene sus puertas siempre abiertas de lunes a s\u00e1bado, y la comunidad es bienvenida para recorrer sus espacios y acceder a \u00e9l cuando lo deseen. Ello es parte de una pol\u00edtica de puertas abiertas impulsada por el decanato de la Facultad de Arquitectura, Dise\u00f1o y Estudios Urbanos.<\/p>\n\n\n\n<figure class=\"wp-block-image size-large\"><img decoding=\"async\" width=\"1024\" height=\"768\" src=\"https:\/\/fadeu.urantiacos.cl\/wp-content\/uploads\/2023\/09\/4BB52406-64CB-4E35-93C7-FABE9E3C2DDF_2-1024x768.jpg\" alt=\"\" class=\"wp-image-4798\" srcset=\"https:\/\/fadeu.urantiacos.cl\/wp-content\/uploads\/2023\/09\/4BB52406-64CB-4E35-93C7-FABE9E3C2DDF_2-1024x768.jpg 1024w, https:\/\/fadeu.urantiacos.cl\/wp-content\/uploads\/2023\/09\/4BB52406-64CB-4E35-93C7-FABE9E3C2DDF_2-300x225.jpg 300w, https:\/\/fadeu.urantiacos.cl\/wp-content\/uploads\/2023\/09\/4BB52406-64CB-4E35-93C7-FABE9E3C2DDF_2-768x576.jpg 768w, https:\/\/fadeu.urantiacos.cl\/wp-content\/uploads\/2023\/09\/4BB52406-64CB-4E35-93C7-FABE9E3C2DDF_2.jpg 1199w\" sizes=\"(max-width: 1024px) 100vw, 1024px\" \/><\/figure>\n\n\n\n<figure class=\"wp-block-image size-large\"><img decoding=\"async\" width=\"768\" height=\"1024\" src=\"https:\/\/fadeu.urantiacos.cl\/wp-content\/uploads\/2023\/09\/IMG_0058-768x1024.jpg\" alt=\"\" class=\"wp-image-4799\" srcset=\"https:\/\/fadeu.urantiacos.cl\/wp-content\/uploads\/2023\/09\/IMG_0058-768x1024.jpg 768w, https:\/\/fadeu.urantiacos.cl\/wp-content\/uploads\/2023\/09\/IMG_0058-225x300.jpg 225w, https:\/\/fadeu.urantiacos.cl\/wp-content\/uploads\/2023\/09\/IMG_0058-1152x1536.jpg 1152w, https:\/\/fadeu.urantiacos.cl\/wp-content\/uploads\/2023\/09\/IMG_0058-1536x2048.jpg 1536w, https:\/\/fadeu.urantiacos.cl\/wp-content\/uploads\/2023\/09\/IMG_0058-scaled.jpg 900w\" sizes=\"(max-width: 768px) 100vw, 768px\" \/><\/figure>\n\n\n\n<p>INFORMACI\u00d3N PERIOD\u00cdSTICA<br>JUAN ANDR\u00c9S INZUNZA<\/p>\n","protected":false},"excerpt":{"rendered":"<p>Como ha sido tradici\u00f3n, la Universidad Cat\u00f3lica abri\u00f3 las puertas de sus campus a la comunidad el pasado 28 y 29 de mayo para celebrar el D\u00eda del Patrimonio, con una serie de actividades que fueron encabezadas por el Rector Ignacio S\u00e1nchez y el Director del Centro Cultural del Patrimonio, Umberto Bonomo. En Lo Contador, adem\u00e1s se sumaron a estas actividades, la Directora de Ediciones UC, Mar\u00eda Ang\u00e9lica Zegers y el Decano FADEU, Mario Ubilla; entre otras autoridades.<\/p>\n","protected":false},"author":1,"featured_media":4797,"comment_status":"open","ping_status":"open","sticky":false,"template":"","format":"standard","meta":{"_acf_changed":false,"footnotes":""},"categories":[1],"tags":[],"class_list":["post-4796","post","type-post","status-publish","format-standard","has-post-thumbnail","hentry","category-sin-categorizar"],"acf":[],"yoast_head":"<!-- This site is optimized with the Yoast SEO plugin v27.1.1 - https:\/\/yoast.com\/product\/yoast-seo-wordpress\/ -->\n<title>Rector Ignacio S\u00e1nchez encabez\u00f3 celebraciones del D\u00eda del Patrimonio en Lo Contador - Facultad de Arquitectura, Dise\u00f1o y Estudios Urbanos<\/title>\n<meta name=\"description\" content=\"Como ha sido tradici\u00f3n, la Universidad Cat\u00f3lica abri\u00f3 las puertas de sus campus a la comunidad el pasado 28 y 29 de mayo para celebrar el D\u00eda del Patrimonio, con una serie de actividades que fueron encabezadas por el Rector Ignacio S\u00e1nchez y el Director del Centro Cultural del Patrimonio, Umberto Bonomo. En Lo Contador, adem\u00e1s se sumaron a estas actividades, la Directora de Ediciones UC, Mar\u00eda Ang\u00e9lica Zegers y el Decano FADEU, Mario Ubilla; entre otras autoridades.\" \/>\n<meta name=\"robots\" content=\"index, follow, max-snippet:-1, max-image-preview:large, max-video-preview:-1\" \/>\n<link rel=\"canonical\" href=\"https:\/\/fadeu.urantiacos.cl\/en\/2022\/06\/02\/rector-ignacio-sanchez-encabezo-celebraciones-del-dia-del-patrimonio-en-lo-contador\/\" \/>\n<meta property=\"og:locale\" content=\"en_US\" \/>\n<meta property=\"og:type\" content=\"article\" \/>\n<meta property=\"og:title\" content=\"Rector Ignacio S\u00e1nchez encabez\u00f3 celebraciones del D\u00eda del Patrimonio en Lo Contador - Facultad de Arquitectura, Dise\u00f1o y Estudios Urbanos\" \/>\n<meta property=\"og:description\" content=\"Como ha sido tradici\u00f3n, la Universidad Cat\u00f3lica abri\u00f3 las puertas de sus campus a la comunidad el pasado 28 y 29 de mayo para celebrar el D\u00eda del Patrimonio, con una serie de actividades que fueron encabezadas por el Rector Ignacio S\u00e1nchez y el Director del Centro Cultural del Patrimonio, Umberto Bonomo. En Lo Contador, adem\u00e1s se sumaron a estas actividades, la Directora de Ediciones UC, Mar\u00eda Ang\u00e9lica Zegers y el Decano FADEU, Mario Ubilla; entre otras autoridades.\" \/>\n<meta property=\"og:url\" content=\"https:\/\/fadeu.urantiacos.cl\/en\/2022\/06\/02\/rector-ignacio-sanchez-encabezo-celebraciones-del-dia-del-patrimonio-en-lo-contador\/\" \/>\n<meta property=\"og:site_name\" content=\"Facultad de Arquitectura, Dise\u00f1o y Estudios Urbanos\" \/>\n<meta property=\"article:published_time\" content=\"2022-06-02T22:15:00+00:00\" \/>\n<meta property=\"article:modified_time\" content=\"2023-09-04T22:20:06+00:00\" \/>\n<meta property=\"og:image\" content=\"https:\/\/fadeu.urantiacos.cl\/wp-content\/uploads\/2023\/09\/WEB_4BB52406-64CB-4E35-93C7-FABE9E3C2DDF_2.jpg\" \/>\n\t<meta property=\"og:image:width\" content=\"350\" \/>\n\t<meta property=\"og:image:height\" content=\"250\" \/>\n\t<meta property=\"og:image:type\" content=\"image\/jpeg\" \/>\n<meta name=\"author\" content=\"manadmin\" \/>\n<meta name=\"twitter:card\" content=\"summary_large_image\" \/>\n<meta name=\"twitter:label1\" content=\"Written by\" \/>\n\t<meta name=\"twitter:data1\" content=\"manadmin\" \/>\n\t<meta name=\"twitter:label2\" content=\"Est. reading time\" \/>\n\t<meta name=\"twitter:data2\" content=\"4 minutes\" \/>\n<script type=\"application\/ld+json\" class=\"yoast-schema-graph\">{\"@context\":\"https:\/\/schema.org\",\"@graph\":[{\"@type\":\"Article\",\"@id\":\"https:\/\/fadeu.urantiacos.cl\/en\/2022\/06\/02\/rector-ignacio-sanchez-encabezo-celebraciones-del-dia-del-patrimonio-en-lo-contador\/#article\",\"isPartOf\":{\"@id\":\"https:\/\/fadeu.urantiacos.cl\/en\/2022\/06\/02\/rector-ignacio-sanchez-encabezo-celebraciones-del-dia-del-patrimonio-en-lo-contador\/\"},\"author\":{\"name\":\"manadmin\",\"@id\":\"https:\/\/fadeu.urantiacos.cl\/en\/#\/schema\/person\/d203e2e84b1c40275eac77b3061a19a2\"},\"headline\":\"Rector Ignacio S\u00e1nchez encabez\u00f3 celebraciones del D\u00eda del Patrimonio en Lo Contador\",\"datePublished\":\"2022-06-02T22:15:00+00:00\",\"dateModified\":\"2023-09-04T22:20:06+00:00\",\"mainEntityOfPage\":{\"@id\":\"https:\/\/fadeu.urantiacos.cl\/en\/2022\/06\/02\/rector-ignacio-sanchez-encabezo-celebraciones-del-dia-del-patrimonio-en-lo-contador\/\"},\"wordCount\":808,\"commentCount\":0,\"image\":{\"@id\":\"https:\/\/fadeu.urantiacos.cl\/en\/2022\/06\/02\/rector-ignacio-sanchez-encabezo-celebraciones-del-dia-del-patrimonio-en-lo-contador\/#primaryimage\"},\"thumbnailUrl\":\"https:\/\/fadeu.urantiacos.cl\/wp-content\/uploads\/2023\/09\/WEB_4BB52406-64CB-4E35-93C7-FABE9E3C2DDF_2.jpg\",\"articleSection\":[\"Sin categorizar\"],\"inLanguage\":\"en-US\",\"potentialAction\":[{\"@type\":\"CommentAction\",\"name\":\"Comment\",\"target\":[\"https:\/\/fadeu.urantiacos.cl\/en\/2022\/06\/02\/rector-ignacio-sanchez-encabezo-celebraciones-del-dia-del-patrimonio-en-lo-contador\/#respond\"]}]},{\"@type\":\"WebPage\",\"@id\":\"https:\/\/fadeu.urantiacos.cl\/en\/2022\/06\/02\/rector-ignacio-sanchez-encabezo-celebraciones-del-dia-del-patrimonio-en-lo-contador\/\",\"url\":\"https:\/\/fadeu.urantiacos.cl\/en\/2022\/06\/02\/rector-ignacio-sanchez-encabezo-celebraciones-del-dia-del-patrimonio-en-lo-contador\/\",\"name\":\"Rector Ignacio S\u00e1nchez encabez\u00f3 celebraciones del D\u00eda del Patrimonio en Lo Contador - Facultad de Arquitectura, Dise\u00f1o y Estudios Urbanos\",\"isPartOf\":{\"@id\":\"https:\/\/fadeu.urantiacos.cl\/en\/#website\"},\"primaryImageOfPage\":{\"@id\":\"https:\/\/fadeu.urantiacos.cl\/en\/2022\/06\/02\/rector-ignacio-sanchez-encabezo-celebraciones-del-dia-del-patrimonio-en-lo-contador\/#primaryimage\"},\"image\":{\"@id\":\"https:\/\/fadeu.urantiacos.cl\/en\/2022\/06\/02\/rector-ignacio-sanchez-encabezo-celebraciones-del-dia-del-patrimonio-en-lo-contador\/#primaryimage\"},\"thumbnailUrl\":\"https:\/\/fadeu.urantiacos.cl\/wp-content\/uploads\/2023\/09\/WEB_4BB52406-64CB-4E35-93C7-FABE9E3C2DDF_2.jpg\",\"datePublished\":\"2022-06-02T22:15:00+00:00\",\"dateModified\":\"2023-09-04T22:20:06+00:00\",\"author\":{\"@id\":\"https:\/\/fadeu.urantiacos.cl\/en\/#\/schema\/person\/d203e2e84b1c40275eac77b3061a19a2\"},\"description\":\"Como ha sido tradici\u00f3n, la Universidad Cat\u00f3lica abri\u00f3 las puertas de sus campus a la comunidad el pasado 28 y 29 de mayo para celebrar el D\u00eda del Patrimonio, con una serie de actividades que fueron encabezadas por el Rector Ignacio S\u00e1nchez y el Director del Centro Cultural del Patrimonio, Umberto Bonomo. En Lo Contador, adem\u00e1s se sumaron a estas actividades, la Directora de Ediciones UC, Mar\u00eda Ang\u00e9lica Zegers y el Decano FADEU, Mario Ubilla; entre otras autoridades.\",\"breadcrumb\":{\"@id\":\"https:\/\/fadeu.urantiacos.cl\/en\/2022\/06\/02\/rector-ignacio-sanchez-encabezo-celebraciones-del-dia-del-patrimonio-en-lo-contador\/#breadcrumb\"},\"inLanguage\":\"en-US\",\"potentialAction\":[{\"@type\":\"ReadAction\",\"target\":[\"https:\/\/fadeu.urantiacos.cl\/en\/2022\/06\/02\/rector-ignacio-sanchez-encabezo-celebraciones-del-dia-del-patrimonio-en-lo-contador\/\"]}]},{\"@type\":\"ImageObject\",\"inLanguage\":\"en-US\",\"@id\":\"https:\/\/fadeu.urantiacos.cl\/en\/2022\/06\/02\/rector-ignacio-sanchez-encabezo-celebraciones-del-dia-del-patrimonio-en-lo-contador\/#primaryimage\",\"url\":\"https:\/\/fadeu.urantiacos.cl\/wp-content\/uploads\/2023\/09\/WEB_4BB52406-64CB-4E35-93C7-FABE9E3C2DDF_2.jpg\",\"contentUrl\":\"https:\/\/fadeu.urantiacos.cl\/wp-content\/uploads\/2023\/09\/WEB_4BB52406-64CB-4E35-93C7-FABE9E3C2DDF_2.jpg\",\"width\":350,\"height\":250},{\"@type\":\"BreadcrumbList\",\"@id\":\"https:\/\/fadeu.urantiacos.cl\/en\/2022\/06\/02\/rector-ignacio-sanchez-encabezo-celebraciones-del-dia-del-patrimonio-en-lo-contador\/#breadcrumb\",\"itemListElement\":[{\"@type\":\"ListItem\",\"position\":1,\"name\":\"Portada\",\"item\":\"https:\/\/fadeu.urantiacos.cl\/en\/\"},{\"@type\":\"ListItem\",\"position\":2,\"name\":\"Rector Ignacio S\u00e1nchez encabez\u00f3 celebraciones del D\u00eda del Patrimonio en Lo Contador\"}]},{\"@type\":\"WebSite\",\"@id\":\"https:\/\/fadeu.urantiacos.cl\/en\/#website\",\"url\":\"https:\/\/fadeu.urantiacos.cl\/en\/\",\"name\":\"Facultad de Arquitectura, Dise\u00f1o y Estudios Urbanos\",\"description\":\"Campus Lo Contador\",\"potentialAction\":[{\"@type\":\"SearchAction\",\"target\":{\"@type\":\"EntryPoint\",\"urlTemplate\":\"https:\/\/fadeu.urantiacos.cl\/en\/?s={search_term_string}\"},\"query-input\":{\"@type\":\"PropertyValueSpecification\",\"valueRequired\":true,\"valueName\":\"search_term_string\"}}],\"inLanguage\":\"en-US\"},{\"@type\":\"Person\",\"@id\":\"https:\/\/fadeu.urantiacos.cl\/en\/#\/schema\/person\/d203e2e84b1c40275eac77b3061a19a2\",\"name\":\"manadmin\",\"image\":{\"@type\":\"ImageObject\",\"inLanguage\":\"en-US\",\"@id\":\"https:\/\/fadeu.urantiacos.cl\/en\/#\/schema\/person\/image\/\",\"url\":\"https:\/\/secure.gravatar.com\/avatar\/4b1d8e3303b4a9d8968ac578947d8bc80d9aea359f388cdd4aac15cadc0e8447?s=96&d=mm&r=g\",\"contentUrl\":\"https:\/\/secure.gravatar.com\/avatar\/4b1d8e3303b4a9d8968ac578947d8bc80d9aea359f388cdd4aac15cadc0e8447?s=96&d=mm&r=g\",\"caption\":\"manadmin\"},\"sameAs\":[\"https:\/\/fadeu.urantiacos.cl\"]}]}<\/script>\n<!-- \/ Yoast SEO plugin. -->","yoast_head_json":{"title":"Rector Ignacio S\u00e1nchez encabez\u00f3 celebraciones del D\u00eda del Patrimonio en Lo Contador - Facultad de Arquitectura, Dise\u00f1o y Estudios Urbanos","description":"Como ha sido tradici\u00f3n, la Universidad Cat\u00f3lica abri\u00f3 las puertas de sus campus a la comunidad el pasado 28 y 29 de mayo para celebrar el D\u00eda del Patrimonio, con una serie de actividades que fueron encabezadas por el Rector Ignacio S\u00e1nchez y el Director del Centro Cultural del Patrimonio, Umberto Bonomo. En Lo Contador, adem\u00e1s se sumaron a estas actividades, la Directora de Ediciones UC, Mar\u00eda Ang\u00e9lica Zegers y el Decano FADEU, Mario Ubilla; entre otras autoridades.","robots":{"index":"index","follow":"follow","max-snippet":"max-snippet:-1","max-image-preview":"max-image-preview:large","max-video-preview":"max-video-preview:-1"},"canonical":"https:\/\/fadeu.urantiacos.cl\/en\/2022\/06\/02\/rector-ignacio-sanchez-encabezo-celebraciones-del-dia-del-patrimonio-en-lo-contador\/","og_locale":"en_US","og_type":"article","og_title":"Rector Ignacio S\u00e1nchez encabez\u00f3 celebraciones del D\u00eda del Patrimonio en Lo Contador - Facultad de Arquitectura, Dise\u00f1o y Estudios Urbanos","og_description":"Como ha sido tradici\u00f3n, la Universidad Cat\u00f3lica abri\u00f3 las puertas de sus campus a la comunidad el pasado 28 y 29 de mayo para celebrar el D\u00eda del Patrimonio, con una serie de actividades que fueron encabezadas por el Rector Ignacio S\u00e1nchez y el Director del Centro Cultural del Patrimonio, Umberto Bonomo. En Lo Contador, adem\u00e1s se sumaron a estas actividades, la Directora de Ediciones UC, Mar\u00eda Ang\u00e9lica Zegers y el Decano FADEU, Mario Ubilla; entre otras autoridades.","og_url":"https:\/\/fadeu.urantiacos.cl\/en\/2022\/06\/02\/rector-ignacio-sanchez-encabezo-celebraciones-del-dia-del-patrimonio-en-lo-contador\/","og_site_name":"Facultad de Arquitectura, Dise\u00f1o y Estudios Urbanos","article_published_time":"2022-06-02T22:15:00+00:00","article_modified_time":"2023-09-04T22:20:06+00:00","og_image":[{"width":350,"height":250,"url":"https:\/\/fadeu.urantiacos.cl\/wp-content\/uploads\/2023\/09\/WEB_4BB52406-64CB-4E35-93C7-FABE9E3C2DDF_2.jpg","type":"image\/jpeg"}],"author":"manadmin","twitter_card":"summary_large_image","twitter_misc":{"Written by":"manadmin","Est. reading time":"4 minutes"},"schema":{"@context":"https:\/\/schema.org","@graph":[{"@type":"Article","@id":"https:\/\/fadeu.urantiacos.cl\/en\/2022\/06\/02\/rector-ignacio-sanchez-encabezo-celebraciones-del-dia-del-patrimonio-en-lo-contador\/#article","isPartOf":{"@id":"https:\/\/fadeu.urantiacos.cl\/en\/2022\/06\/02\/rector-ignacio-sanchez-encabezo-celebraciones-del-dia-del-patrimonio-en-lo-contador\/"},"author":{"name":"manadmin","@id":"https:\/\/fadeu.urantiacos.cl\/en\/#\/schema\/person\/d203e2e84b1c40275eac77b3061a19a2"},"headline":"Rector Ignacio S\u00e1nchez encabez\u00f3 celebraciones del D\u00eda del Patrimonio en Lo Contador","datePublished":"2022-06-02T22:15:00+00:00","dateModified":"2023-09-04T22:20:06+00:00","mainEntityOfPage":{"@id":"https:\/\/fadeu.urantiacos.cl\/en\/2022\/06\/02\/rector-ignacio-sanchez-encabezo-celebraciones-del-dia-del-patrimonio-en-lo-contador\/"},"wordCount":808,"commentCount":0,"image":{"@id":"https:\/\/fadeu.urantiacos.cl\/en\/2022\/06\/02\/rector-ignacio-sanchez-encabezo-celebraciones-del-dia-del-patrimonio-en-lo-contador\/#primaryimage"},"thumbnailUrl":"https:\/\/fadeu.urantiacos.cl\/wp-content\/uploads\/2023\/09\/WEB_4BB52406-64CB-4E35-93C7-FABE9E3C2DDF_2.jpg","articleSection":["Sin categorizar"],"inLanguage":"en-US","potentialAction":[{"@type":"CommentAction","name":"Comment","target":["https:\/\/fadeu.urantiacos.cl\/en\/2022\/06\/02\/rector-ignacio-sanchez-encabezo-celebraciones-del-dia-del-patrimonio-en-lo-contador\/#respond"]}]},{"@type":"WebPage","@id":"https:\/\/fadeu.urantiacos.cl\/en\/2022\/06\/02\/rector-ignacio-sanchez-encabezo-celebraciones-del-dia-del-patrimonio-en-lo-contador\/","url":"https:\/\/fadeu.urantiacos.cl\/en\/2022\/06\/02\/rector-ignacio-sanchez-encabezo-celebraciones-del-dia-del-patrimonio-en-lo-contador\/","name":"Rector Ignacio S\u00e1nchez encabez\u00f3 celebraciones del D\u00eda del Patrimonio en Lo Contador - Facultad de Arquitectura, Dise\u00f1o y Estudios Urbanos","isPartOf":{"@id":"https:\/\/fadeu.urantiacos.cl\/en\/#website"},"primaryImageOfPage":{"@id":"https:\/\/fadeu.urantiacos.cl\/en\/2022\/06\/02\/rector-ignacio-sanchez-encabezo-celebraciones-del-dia-del-patrimonio-en-lo-contador\/#primaryimage"},"image":{"@id":"https:\/\/fadeu.urantiacos.cl\/en\/2022\/06\/02\/rector-ignacio-sanchez-encabezo-celebraciones-del-dia-del-patrimonio-en-lo-contador\/#primaryimage"},"thumbnailUrl":"https:\/\/fadeu.urantiacos.cl\/wp-content\/uploads\/2023\/09\/WEB_4BB52406-64CB-4E35-93C7-FABE9E3C2DDF_2.jpg","datePublished":"2022-06-02T22:15:00+00:00","dateModified":"2023-09-04T22:20:06+00:00","author":{"@id":"https:\/\/fadeu.urantiacos.cl\/en\/#\/schema\/person\/d203e2e84b1c40275eac77b3061a19a2"},"description":"Como ha sido tradici\u00f3n, la Universidad Cat\u00f3lica abri\u00f3 las puertas de sus campus a la comunidad el pasado 28 y 29 de mayo para celebrar el D\u00eda del Patrimonio, con una serie de actividades que fueron encabezadas por el Rector Ignacio S\u00e1nchez y el Director del Centro Cultural del Patrimonio, Umberto Bonomo. En Lo Contador, adem\u00e1s se sumaron a estas actividades, la Directora de Ediciones UC, Mar\u00eda Ang\u00e9lica Zegers y el Decano FADEU, Mario Ubilla; entre otras autoridades.","breadcrumb":{"@id":"https:\/\/fadeu.urantiacos.cl\/en\/2022\/06\/02\/rector-ignacio-sanchez-encabezo-celebraciones-del-dia-del-patrimonio-en-lo-contador\/#breadcrumb"},"inLanguage":"en-US","potentialAction":[{"@type":"ReadAction","target":["https:\/\/fadeu.urantiacos.cl\/en\/2022\/06\/02\/rector-ignacio-sanchez-encabezo-celebraciones-del-dia-del-patrimonio-en-lo-contador\/"]}]},{"@type":"ImageObject","inLanguage":"en-US","@id":"https:\/\/fadeu.urantiacos.cl\/en\/2022\/06\/02\/rector-ignacio-sanchez-encabezo-celebraciones-del-dia-del-patrimonio-en-lo-contador\/#primaryimage","url":"https:\/\/fadeu.urantiacos.cl\/wp-content\/uploads\/2023\/09\/WEB_4BB52406-64CB-4E35-93C7-FABE9E3C2DDF_2.jpg","contentUrl":"https:\/\/fadeu.urantiacos.cl\/wp-content\/uploads\/2023\/09\/WEB_4BB52406-64CB-4E35-93C7-FABE9E3C2DDF_2.jpg","width":350,"height":250},{"@type":"BreadcrumbList","@id":"https:\/\/fadeu.urantiacos.cl\/en\/2022\/06\/02\/rector-ignacio-sanchez-encabezo-celebraciones-del-dia-del-patrimonio-en-lo-contador\/#breadcrumb","itemListElement":[{"@type":"ListItem","position":1,"name":"Portada","item":"https:\/\/fadeu.urantiacos.cl\/en\/"},{"@type":"ListItem","position":2,"name":"Rector Ignacio S\u00e1nchez encabez\u00f3 celebraciones del D\u00eda del Patrimonio en Lo Contador"}]},{"@type":"WebSite","@id":"https:\/\/fadeu.urantiacos.cl\/en\/#website","url":"https:\/\/fadeu.urantiacos.cl\/en\/","name":"Facultad de Arquitectura, Dise\u00f1o y Estudios Urbanos","description":"Campus Lo Contador","potentialAction":[{"@type":"SearchAction","target":{"@type":"EntryPoint","urlTemplate":"https:\/\/fadeu.urantiacos.cl\/en\/?s={search_term_string}"},"query-input":{"@type":"PropertyValueSpecification","valueRequired":true,"valueName":"search_term_string"}}],"inLanguage":"en-US"},{"@type":"Person","@id":"https:\/\/fadeu.urantiacos.cl\/en\/#\/schema\/person\/d203e2e84b1c40275eac77b3061a19a2","name":"manadmin","image":{"@type":"ImageObject","inLanguage":"en-US","@id":"https:\/\/fadeu.urantiacos.cl\/en\/#\/schema\/person\/image\/","url":"https:\/\/secure.gravatar.com\/avatar\/4b1d8e3303b4a9d8968ac578947d8bc80d9aea359f388cdd4aac15cadc0e8447?s=96&d=mm&r=g","contentUrl":"https:\/\/secure.gravatar.com\/avatar\/4b1d8e3303b4a9d8968ac578947d8bc80d9aea359f388cdd4aac15cadc0e8447?s=96&d=mm&r=g","caption":"manadmin"},"sameAs":["https:\/\/fadeu.urantiacos.cl"]}]}},"_links":{"self":[{"href":"https:\/\/fadeu.urantiacos.cl\/en\/wp-json\/wp\/v2\/posts\/4796","targetHints":{"allow":["GET"]}}],"collection":[{"href":"https:\/\/fadeu.urantiacos.cl\/en\/wp-json\/wp\/v2\/posts"}],"about":[{"href":"https:\/\/fadeu.urantiacos.cl\/en\/wp-json\/wp\/v2\/types\/post"}],"author":[{"embeddable":true,"href":"https:\/\/fadeu.urantiacos.cl\/en\/wp-json\/wp\/v2\/users\/1"}],"replies":[{"embeddable":true,"href":"https:\/\/fadeu.urantiacos.cl\/en\/wp-json\/wp\/v2\/comments?post=4796"}],"version-history":[{"count":1,"href":"https:\/\/fadeu.urantiacos.cl\/en\/wp-json\/wp\/v2\/posts\/4796\/revisions"}],"predecessor-version":[{"id":4800,"href":"https:\/\/fadeu.urantiacos.cl\/en\/wp-json\/wp\/v2\/posts\/4796\/revisions\/4800"}],"wp:featuredmedia":[{"embeddable":true,"href":"https:\/\/fadeu.urantiacos.cl\/en\/wp-json\/wp\/v2\/media\/4797"}],"wp:attachment":[{"href":"https:\/\/fadeu.urantiacos.cl\/en\/wp-json\/wp\/v2\/media?parent=4796"}],"wp:term":[{"taxonomy":"category","embeddable":true,"href":"https:\/\/fadeu.urantiacos.cl\/en\/wp-json\/wp\/v2\/categories?post=4796"},{"taxonomy":"post_tag","embeddable":true,"href":"https:\/\/fadeu.urantiacos.cl\/en\/wp-json\/wp\/v2\/tags?post=4796"}],"curies":[{"name":"wp","href":"https:\/\/api.w.org\/{rel}","templated":true}]}}