{"id":4778,"date":"2022-06-06T18:49:00","date_gmt":"2022-06-06T21:49:00","guid":{"rendered":"https:\/\/fadeu.urantiacos.cl\/?p=4778"},"modified":"2023-09-04T18:51:42","modified_gmt":"2023-09-04T21:51:42","slug":"nuevos-horarios-brazo-robotico-e-impresion-3d-en-hormigon-enterate-de-las-novedades-del-fabhaus-fadeu","status":"publish","type":"post","link":"https:\/\/fadeu.urantiacos.cl\/en\/2022\/06\/06\/nuevos-horarios-brazo-robotico-e-impresion-3d-en-hormigon-enterate-de-las-novedades-del-fabhaus-fadeu\/","title":{"rendered":"Nuevos horarios, brazo rob\u00f3tico e impresi\u00f3n 3D en hormig\u00f3n: ent\u00e9rate de las novedades del FABHAUS FADEU"},"content":{"rendered":"\n<figure class=\"wp-block-image size-full\"><img decoding=\"async\" width=\"350\" height=\"250\" src=\"https:\/\/fadeu.urantiacos.cl\/wp-content\/uploads\/2023\/09\/WEB_FABLAB_6JUNIO1.jpg\" alt=\"\" class=\"wp-image-4779\" srcset=\"https:\/\/fadeu.urantiacos.cl\/wp-content\/uploads\/2023\/09\/WEB_FABLAB_6JUNIO1.jpg 350w, https:\/\/fadeu.urantiacos.cl\/wp-content\/uploads\/2023\/09\/WEB_FABLAB_6JUNIO1-300x214.jpg 300w\" sizes=\"(max-width: 350px) 100vw, 350px\" \/><\/figure>\n\n\n\n<p>As\u00ed, los d\u00edas lunes y martes, durante toda la jornada, el laboratorio estar\u00e1 disponible para reservas de maquinaria. Adem\u00e1s, el bloque am de los d\u00edas lunes estar\u00e1 abierto sin necesidad de reserva de m\u00e1quinas, y por las tardes estar\u00e1 disponible para labores de investigaci\u00f3n.<\/p>\n\n\n\n<p>Los d\u00edas mi\u00e9rcoles y jueves durante toda la jornada habr\u00e1 disponibilidad para reserva de m\u00e1quinas y a las 10 horas de los mi\u00e9rcoles y 14 horas de los d\u00edas jueves se realizar\u00e1n inducciones al laboratorio y su maquinaria.<\/p>\n\n\n\n<p>Los d\u00edas viernes durante toda la ma\u00f1ana habr\u00e1 disponibilidad para reserva de m\u00e1quinas o ingreso sin necesidad de reserva, mientras que por la tarde se funcionar\u00e1 en formato \u201copen lab\u201d para desarrollo de talleres, actividades, workshops y otros.<\/p>\n\n\n\n<p><strong>Rol del Laboratorio y nuevos equipos<\/strong><\/p>\n\n\n\n<p>Estos nuevos horarios y actividades se enmarcan en el nuevo rol que se plantea el Laboratorio, buscando constituirse como un espacio de convergencia de la Facultad para la experimentaci\u00f3n, investigaci\u00f3n, aprendizaje entre pares y apoyo a la docencia, en torno a las tecnolog\u00edas de dise\u00f1o y fabricaci\u00f3n digital.<\/p>\n\n\n\n<p>Gracias al Plan de Desarrollo FADEU 2019-2023, el laboratorio se reforz\u00f3 con nuevos equipos de corte l\u00e1ser, impresi\u00f3n 3d, fresadora cnc, y un brazo rob\u00f3tico, entre otros equipos, junto con instalaciones y mobiliario que permiten fortalecer y abrir la docencia, investigaci\u00f3n y el encuentro de los usuarios.<\/p>\n\n\n\n<p><strong>Avances en tecnolog\u00eda<\/strong><\/p>\n\n\n\n<p>El pasado lunes 4 de abril el equipo a cargo del FABHAUS, compuesto por Juan Valenzuela y Pablo Guti\u00e9rrez, despu\u00e9s de un largo proceso, lograron realizar una impresi\u00f3n 3D con el nuevo brazo rob\u00f3tico de la facultad. Con este se espera que sea solo el inicio y que impulse a una serie de proyectos en los \u00e1mbitos de fabricaci\u00f3n digital a gran escala dentro de la Facultad.<\/p>\n\n\n\n<p>Asimismo, y tambi\u00e9n durante abril pasado, Jos\u00e9 Hern\u00e1ndez (candidato a doctorado en KTH Royal Institute of Technology) comparti\u00f3 parte de su investigaci\u00f3n: Dise\u00f1o y Manufactura de estructuras de hormig\u00f3n impresas en 3D en un workshop al cual asistieron 13 participantes de diversas carreras e instituciones y tuvo una duraci\u00f3n de aproximadamente 4 horas.<\/p>\n\n\n\n<p>El foco de este taller fue mostrar el camino que ha tenido Hern\u00e1ndez con su investigaci\u00f3n sobre impresi\u00f3n 3D en hormig\u00f3n y su experiencia imprimiendo con arcilla y otros materiales.<\/p>\n\n\n\n<p>\u201cEsperamos que este tipo de instancias abran puertas a nuevas l\u00edneas de investigaci\u00f3n y motiven a los estudiantes y profesores a usar los espacios destinados a la exploraci\u00f3n de nuevos m\u00e9todos de fabricaci\u00f3n\u201d, se\u00f1al\u00f3 el profesor de la escuela de Dise\u00f1o (y director del FABHAUS FADEU) Tom\u00e1s Vivanco.<\/p>\n\n\n\n<p><strong>FABHAUS<\/strong><\/p>\n\n\n\n<p>FABHAUS es un Laboratorio de Fabricaci\u00f3n Digital de encuentro para que estudiantes y acad\u00e9micos de la Facultad y Universidad puedan fabricar prototipos, experimentar con distintas m\u00e1quinas y desarrollar actividades de docencia e investigaci\u00f3n.<\/p>\n\n\n\n<p>La iniciativa naci\u00f3 para acercar las diferentes herramientas de la fabricaci\u00f3n digital a la comunidad de la Facultad de Arquitectura, Dise\u00f1o y Estudios Urbanos, tales como el corte laser, impresi\u00f3n 3d, termoformado, entre otras. Cuenta con un espacio de 92 metros cuadrados y un equipo de dos personas altamente capacitadas.<\/p>\n\n\n\n<p>Si quieres conocer m\u00e1s sobre este interesante centro de investigaci\u00f3n, experimentaci\u00f3n y de desarrollo de nuevas tecnolog\u00edas, as\u00ed como reservar equipos y espacios, puedes visitar el siguiente enlace:&nbsp;<a href=\"https:\/\/www.fabhaus.org\/\">https:\/\/www.fabhaus.org\/<\/a><a href=\"https:\/\/www.fabhaus.org\/\"><\/a><\/p>\n\n\n\n<p>INFORMACI\u00d3N PERIOD\u00cdSTICA<br>JUAN ANDR\u00c9S INZUNZA<\/p>\n","protected":false},"excerpt":{"rendered":"<p>El Laboratorio de Fabricaci\u00f3n Digital, FABHAUS, de la Facultad de Arquitectura, Dise\u00f1o y Estudios Urbanos UC, que dirige el profesor de la escuela de Dise\u00f1o, Tom\u00e1s Vivanco, ha informado de los nuevos horarios que dispondr\u00e1 el lugar a futuro y dos iniciativas que constituyen avances significativos en materia de dise\u00f1o e innovaci\u00f3n.<\/p>\n","protected":false},"author":1,"featured_media":4779,"comment_status":"open","ping_status":"open","sticky":false,"template":"","format":"standard","meta":{"_acf_changed":false,"footnotes":""},"categories":[1],"tags":[],"class_list":["post-4778","post","type-post","status-publish","format-standard","has-post-thumbnail","hentry","category-sin-categorizar"],"acf":[],"yoast_head":"<!-- This site is optimized with the Yoast SEO plugin v27.1.1 - https:\/\/yoast.com\/product\/yoast-seo-wordpress\/ -->\n<title>Nuevos horarios, brazo rob\u00f3tico e impresi\u00f3n 3D en hormig\u00f3n: ent\u00e9rate de las novedades del FABHAUS FADEU - Facultad de Arquitectura, Dise\u00f1o y Estudios Urbanos<\/title>\n<meta name=\"description\" content=\"El Laboratorio de Fabricaci\u00f3n Digital, FABHAUS, de la Facultad de Arquitectura, Dise\u00f1o y Estudios Urbanos UC, que dirige el profesor de la escuela de Dise\u00f1o, Tom\u00e1s Vivanco, ha informado de los nuevos horarios que dispondr\u00e1 el lugar a futuro y dos iniciativas que constituyen avances significativos en materia de dise\u00f1o e innovaci\u00f3n.\" \/>\n<meta name=\"robots\" content=\"index, follow, max-snippet:-1, max-image-preview:large, max-video-preview:-1\" \/>\n<link rel=\"canonical\" href=\"https:\/\/fadeu.urantiacos.cl\/en\/2022\/06\/06\/nuevos-horarios-brazo-robotico-e-impresion-3d-en-hormigon-enterate-de-las-novedades-del-fabhaus-fadeu\/\" \/>\n<meta property=\"og:locale\" content=\"en_US\" \/>\n<meta property=\"og:type\" content=\"article\" \/>\n<meta property=\"og:title\" content=\"Nuevos horarios, brazo rob\u00f3tico e impresi\u00f3n 3D en hormig\u00f3n: ent\u00e9rate de las novedades del FABHAUS FADEU - Facultad de Arquitectura, Dise\u00f1o y Estudios Urbanos\" \/>\n<meta property=\"og:description\" content=\"El Laboratorio de Fabricaci\u00f3n Digital, FABHAUS, de la Facultad de Arquitectura, Dise\u00f1o y Estudios Urbanos UC, que dirige el profesor de la escuela de Dise\u00f1o, Tom\u00e1s Vivanco, ha informado de los nuevos horarios que dispondr\u00e1 el lugar a futuro y dos iniciativas que constituyen avances significativos en materia de dise\u00f1o e innovaci\u00f3n.\" \/>\n<meta property=\"og:url\" content=\"https:\/\/fadeu.urantiacos.cl\/en\/2022\/06\/06\/nuevos-horarios-brazo-robotico-e-impresion-3d-en-hormigon-enterate-de-las-novedades-del-fabhaus-fadeu\/\" \/>\n<meta property=\"og:site_name\" content=\"Facultad de Arquitectura, Dise\u00f1o y Estudios Urbanos\" \/>\n<meta property=\"article:published_time\" content=\"2022-06-06T21:49:00+00:00\" \/>\n<meta property=\"article:modified_time\" content=\"2023-09-04T21:51:42+00:00\" \/>\n<meta property=\"og:image\" content=\"https:\/\/fadeu.urantiacos.cl\/wp-content\/uploads\/2023\/09\/WEB_FABLAB_6JUNIO1.jpg\" \/>\n\t<meta property=\"og:image:width\" content=\"350\" \/>\n\t<meta property=\"og:image:height\" content=\"250\" \/>\n\t<meta property=\"og:image:type\" content=\"image\/jpeg\" \/>\n<meta name=\"author\" content=\"manadmin\" \/>\n<meta name=\"twitter:card\" content=\"summary_large_image\" \/>\n<meta name=\"twitter:label1\" content=\"Written by\" \/>\n\t<meta name=\"twitter:data1\" content=\"manadmin\" \/>\n\t<meta name=\"twitter:label2\" content=\"Est. reading time\" \/>\n\t<meta name=\"twitter:data2\" content=\"3 minutes\" \/>\n<script type=\"application\/ld+json\" class=\"yoast-schema-graph\">{\"@context\":\"https:\/\/schema.org\",\"@graph\":[{\"@type\":\"Article\",\"@id\":\"https:\/\/fadeu.urantiacos.cl\/en\/2022\/06\/06\/nuevos-horarios-brazo-robotico-e-impresion-3d-en-hormigon-enterate-de-las-novedades-del-fabhaus-fadeu\/#article\",\"isPartOf\":{\"@id\":\"https:\/\/fadeu.urantiacos.cl\/en\/2022\/06\/06\/nuevos-horarios-brazo-robotico-e-impresion-3d-en-hormigon-enterate-de-las-novedades-del-fabhaus-fadeu\/\"},\"author\":{\"name\":\"manadmin\",\"@id\":\"https:\/\/fadeu.urantiacos.cl\/en\/#\/schema\/person\/d203e2e84b1c40275eac77b3061a19a2\"},\"headline\":\"Nuevos horarios, brazo rob\u00f3tico e impresi\u00f3n 3D en hormig\u00f3n: ent\u00e9rate de las novedades del FABHAUS FADEU\",\"datePublished\":\"2022-06-06T21:49:00+00:00\",\"dateModified\":\"2023-09-04T21:51:42+00:00\",\"mainEntityOfPage\":{\"@id\":\"https:\/\/fadeu.urantiacos.cl\/en\/2022\/06\/06\/nuevos-horarios-brazo-robotico-e-impresion-3d-en-hormigon-enterate-de-las-novedades-del-fabhaus-fadeu\/\"},\"wordCount\":618,\"commentCount\":0,\"image\":{\"@id\":\"https:\/\/fadeu.urantiacos.cl\/en\/2022\/06\/06\/nuevos-horarios-brazo-robotico-e-impresion-3d-en-hormigon-enterate-de-las-novedades-del-fabhaus-fadeu\/#primaryimage\"},\"thumbnailUrl\":\"https:\/\/fadeu.urantiacos.cl\/wp-content\/uploads\/2023\/09\/WEB_FABLAB_6JUNIO1.jpg\",\"articleSection\":[\"Sin categorizar\"],\"inLanguage\":\"en-US\",\"potentialAction\":[{\"@type\":\"CommentAction\",\"name\":\"Comment\",\"target\":[\"https:\/\/fadeu.urantiacos.cl\/en\/2022\/06\/06\/nuevos-horarios-brazo-robotico-e-impresion-3d-en-hormigon-enterate-de-las-novedades-del-fabhaus-fadeu\/#respond\"]}]},{\"@type\":\"WebPage\",\"@id\":\"https:\/\/fadeu.urantiacos.cl\/en\/2022\/06\/06\/nuevos-horarios-brazo-robotico-e-impresion-3d-en-hormigon-enterate-de-las-novedades-del-fabhaus-fadeu\/\",\"url\":\"https:\/\/fadeu.urantiacos.cl\/en\/2022\/06\/06\/nuevos-horarios-brazo-robotico-e-impresion-3d-en-hormigon-enterate-de-las-novedades-del-fabhaus-fadeu\/\",\"name\":\"Nuevos horarios, brazo rob\u00f3tico e impresi\u00f3n 3D en hormig\u00f3n: ent\u00e9rate de las novedades del FABHAUS FADEU - Facultad de Arquitectura, Dise\u00f1o y Estudios Urbanos\",\"isPartOf\":{\"@id\":\"https:\/\/fadeu.urantiacos.cl\/en\/#website\"},\"primaryImageOfPage\":{\"@id\":\"https:\/\/fadeu.urantiacos.cl\/en\/2022\/06\/06\/nuevos-horarios-brazo-robotico-e-impresion-3d-en-hormigon-enterate-de-las-novedades-del-fabhaus-fadeu\/#primaryimage\"},\"image\":{\"@id\":\"https:\/\/fadeu.urantiacos.cl\/en\/2022\/06\/06\/nuevos-horarios-brazo-robotico-e-impresion-3d-en-hormigon-enterate-de-las-novedades-del-fabhaus-fadeu\/#primaryimage\"},\"thumbnailUrl\":\"https:\/\/fadeu.urantiacos.cl\/wp-content\/uploads\/2023\/09\/WEB_FABLAB_6JUNIO1.jpg\",\"datePublished\":\"2022-06-06T21:49:00+00:00\",\"dateModified\":\"2023-09-04T21:51:42+00:00\",\"author\":{\"@id\":\"https:\/\/fadeu.urantiacos.cl\/en\/#\/schema\/person\/d203e2e84b1c40275eac77b3061a19a2\"},\"description\":\"El Laboratorio de Fabricaci\u00f3n Digital, FABHAUS, de la Facultad de Arquitectura, Dise\u00f1o y Estudios Urbanos UC, que dirige el profesor de la escuela de Dise\u00f1o, Tom\u00e1s Vivanco, ha informado de los nuevos horarios que dispondr\u00e1 el lugar a futuro y dos iniciativas que constituyen avances significativos en materia de dise\u00f1o e innovaci\u00f3n.\",\"breadcrumb\":{\"@id\":\"https:\/\/fadeu.urantiacos.cl\/en\/2022\/06\/06\/nuevos-horarios-brazo-robotico-e-impresion-3d-en-hormigon-enterate-de-las-novedades-del-fabhaus-fadeu\/#breadcrumb\"},\"inLanguage\":\"en-US\",\"potentialAction\":[{\"@type\":\"ReadAction\",\"target\":[\"https:\/\/fadeu.urantiacos.cl\/en\/2022\/06\/06\/nuevos-horarios-brazo-robotico-e-impresion-3d-en-hormigon-enterate-de-las-novedades-del-fabhaus-fadeu\/\"]}]},{\"@type\":\"ImageObject\",\"inLanguage\":\"en-US\",\"@id\":\"https:\/\/fadeu.urantiacos.cl\/en\/2022\/06\/06\/nuevos-horarios-brazo-robotico-e-impresion-3d-en-hormigon-enterate-de-las-novedades-del-fabhaus-fadeu\/#primaryimage\",\"url\":\"https:\/\/fadeu.urantiacos.cl\/wp-content\/uploads\/2023\/09\/WEB_FABLAB_6JUNIO1.jpg\",\"contentUrl\":\"https:\/\/fadeu.urantiacos.cl\/wp-content\/uploads\/2023\/09\/WEB_FABLAB_6JUNIO1.jpg\",\"width\":350,\"height\":250},{\"@type\":\"BreadcrumbList\",\"@id\":\"https:\/\/fadeu.urantiacos.cl\/en\/2022\/06\/06\/nuevos-horarios-brazo-robotico-e-impresion-3d-en-hormigon-enterate-de-las-novedades-del-fabhaus-fadeu\/#breadcrumb\",\"itemListElement\":[{\"@type\":\"ListItem\",\"position\":1,\"name\":\"Portada\",\"item\":\"https:\/\/fadeu.urantiacos.cl\/en\/\"},{\"@type\":\"ListItem\",\"position\":2,\"name\":\"Nuevos horarios, brazo rob\u00f3tico e impresi\u00f3n 3D en hormig\u00f3n: ent\u00e9rate de las novedades del FABHAUS FADEU\"}]},{\"@type\":\"WebSite\",\"@id\":\"https:\/\/fadeu.urantiacos.cl\/en\/#website\",\"url\":\"https:\/\/fadeu.urantiacos.cl\/en\/\",\"name\":\"Facultad de Arquitectura, Dise\u00f1o y Estudios Urbanos\",\"description\":\"Campus Lo Contador\",\"potentialAction\":[{\"@type\":\"SearchAction\",\"target\":{\"@type\":\"EntryPoint\",\"urlTemplate\":\"https:\/\/fadeu.urantiacos.cl\/en\/?s={search_term_string}\"},\"query-input\":{\"@type\":\"PropertyValueSpecification\",\"valueRequired\":true,\"valueName\":\"search_term_string\"}}],\"inLanguage\":\"en-US\"},{\"@type\":\"Person\",\"@id\":\"https:\/\/fadeu.urantiacos.cl\/en\/#\/schema\/person\/d203e2e84b1c40275eac77b3061a19a2\",\"name\":\"manadmin\",\"image\":{\"@type\":\"ImageObject\",\"inLanguage\":\"en-US\",\"@id\":\"https:\/\/fadeu.urantiacos.cl\/en\/#\/schema\/person\/image\/\",\"url\":\"https:\/\/secure.gravatar.com\/avatar\/4b1d8e3303b4a9d8968ac578947d8bc80d9aea359f388cdd4aac15cadc0e8447?s=96&d=mm&r=g\",\"contentUrl\":\"https:\/\/secure.gravatar.com\/avatar\/4b1d8e3303b4a9d8968ac578947d8bc80d9aea359f388cdd4aac15cadc0e8447?s=96&d=mm&r=g\",\"caption\":\"manadmin\"},\"sameAs\":[\"https:\/\/fadeu.urantiacos.cl\"]}]}<\/script>\n<!-- \/ Yoast SEO plugin. -->","yoast_head_json":{"title":"Nuevos horarios, brazo rob\u00f3tico e impresi\u00f3n 3D en hormig\u00f3n: ent\u00e9rate de las novedades del FABHAUS FADEU - Facultad de Arquitectura, Dise\u00f1o y Estudios Urbanos","description":"El Laboratorio de Fabricaci\u00f3n Digital, FABHAUS, de la Facultad de Arquitectura, Dise\u00f1o y Estudios Urbanos UC, que dirige el profesor de la escuela de Dise\u00f1o, Tom\u00e1s Vivanco, ha informado de los nuevos horarios que dispondr\u00e1 el lugar a futuro y dos iniciativas que constituyen avances significativos en materia de dise\u00f1o e innovaci\u00f3n.","robots":{"index":"index","follow":"follow","max-snippet":"max-snippet:-1","max-image-preview":"max-image-preview:large","max-video-preview":"max-video-preview:-1"},"canonical":"https:\/\/fadeu.urantiacos.cl\/en\/2022\/06\/06\/nuevos-horarios-brazo-robotico-e-impresion-3d-en-hormigon-enterate-de-las-novedades-del-fabhaus-fadeu\/","og_locale":"en_US","og_type":"article","og_title":"Nuevos horarios, brazo rob\u00f3tico e impresi\u00f3n 3D en hormig\u00f3n: ent\u00e9rate de las novedades del FABHAUS FADEU - Facultad de Arquitectura, Dise\u00f1o y Estudios Urbanos","og_description":"El Laboratorio de Fabricaci\u00f3n Digital, FABHAUS, de la Facultad de Arquitectura, Dise\u00f1o y Estudios Urbanos UC, que dirige el profesor de la escuela de Dise\u00f1o, Tom\u00e1s Vivanco, ha informado de los nuevos horarios que dispondr\u00e1 el lugar a futuro y dos iniciativas que constituyen avances significativos en materia de dise\u00f1o e innovaci\u00f3n.","og_url":"https:\/\/fadeu.urantiacos.cl\/en\/2022\/06\/06\/nuevos-horarios-brazo-robotico-e-impresion-3d-en-hormigon-enterate-de-las-novedades-del-fabhaus-fadeu\/","og_site_name":"Facultad de Arquitectura, Dise\u00f1o y Estudios Urbanos","article_published_time":"2022-06-06T21:49:00+00:00","article_modified_time":"2023-09-04T21:51:42+00:00","og_image":[{"width":350,"height":250,"url":"https:\/\/fadeu.urantiacos.cl\/wp-content\/uploads\/2023\/09\/WEB_FABLAB_6JUNIO1.jpg","type":"image\/jpeg"}],"author":"manadmin","twitter_card":"summary_large_image","twitter_misc":{"Written by":"manadmin","Est. reading time":"3 minutes"},"schema":{"@context":"https:\/\/schema.org","@graph":[{"@type":"Article","@id":"https:\/\/fadeu.urantiacos.cl\/en\/2022\/06\/06\/nuevos-horarios-brazo-robotico-e-impresion-3d-en-hormigon-enterate-de-las-novedades-del-fabhaus-fadeu\/#article","isPartOf":{"@id":"https:\/\/fadeu.urantiacos.cl\/en\/2022\/06\/06\/nuevos-horarios-brazo-robotico-e-impresion-3d-en-hormigon-enterate-de-las-novedades-del-fabhaus-fadeu\/"},"author":{"name":"manadmin","@id":"https:\/\/fadeu.urantiacos.cl\/en\/#\/schema\/person\/d203e2e84b1c40275eac77b3061a19a2"},"headline":"Nuevos horarios, brazo rob\u00f3tico e impresi\u00f3n 3D en hormig\u00f3n: ent\u00e9rate de las novedades del FABHAUS FADEU","datePublished":"2022-06-06T21:49:00+00:00","dateModified":"2023-09-04T21:51:42+00:00","mainEntityOfPage":{"@id":"https:\/\/fadeu.urantiacos.cl\/en\/2022\/06\/06\/nuevos-horarios-brazo-robotico-e-impresion-3d-en-hormigon-enterate-de-las-novedades-del-fabhaus-fadeu\/"},"wordCount":618,"commentCount":0,"image":{"@id":"https:\/\/fadeu.urantiacos.cl\/en\/2022\/06\/06\/nuevos-horarios-brazo-robotico-e-impresion-3d-en-hormigon-enterate-de-las-novedades-del-fabhaus-fadeu\/#primaryimage"},"thumbnailUrl":"https:\/\/fadeu.urantiacos.cl\/wp-content\/uploads\/2023\/09\/WEB_FABLAB_6JUNIO1.jpg","articleSection":["Sin categorizar"],"inLanguage":"en-US","potentialAction":[{"@type":"CommentAction","name":"Comment","target":["https:\/\/fadeu.urantiacos.cl\/en\/2022\/06\/06\/nuevos-horarios-brazo-robotico-e-impresion-3d-en-hormigon-enterate-de-las-novedades-del-fabhaus-fadeu\/#respond"]}]},{"@type":"WebPage","@id":"https:\/\/fadeu.urantiacos.cl\/en\/2022\/06\/06\/nuevos-horarios-brazo-robotico-e-impresion-3d-en-hormigon-enterate-de-las-novedades-del-fabhaus-fadeu\/","url":"https:\/\/fadeu.urantiacos.cl\/en\/2022\/06\/06\/nuevos-horarios-brazo-robotico-e-impresion-3d-en-hormigon-enterate-de-las-novedades-del-fabhaus-fadeu\/","name":"Nuevos horarios, brazo rob\u00f3tico e impresi\u00f3n 3D en hormig\u00f3n: ent\u00e9rate de las novedades del FABHAUS FADEU - Facultad de Arquitectura, Dise\u00f1o y Estudios Urbanos","isPartOf":{"@id":"https:\/\/fadeu.urantiacos.cl\/en\/#website"},"primaryImageOfPage":{"@id":"https:\/\/fadeu.urantiacos.cl\/en\/2022\/06\/06\/nuevos-horarios-brazo-robotico-e-impresion-3d-en-hormigon-enterate-de-las-novedades-del-fabhaus-fadeu\/#primaryimage"},"image":{"@id":"https:\/\/fadeu.urantiacos.cl\/en\/2022\/06\/06\/nuevos-horarios-brazo-robotico-e-impresion-3d-en-hormigon-enterate-de-las-novedades-del-fabhaus-fadeu\/#primaryimage"},"thumbnailUrl":"https:\/\/fadeu.urantiacos.cl\/wp-content\/uploads\/2023\/09\/WEB_FABLAB_6JUNIO1.jpg","datePublished":"2022-06-06T21:49:00+00:00","dateModified":"2023-09-04T21:51:42+00:00","author":{"@id":"https:\/\/fadeu.urantiacos.cl\/en\/#\/schema\/person\/d203e2e84b1c40275eac77b3061a19a2"},"description":"El Laboratorio de Fabricaci\u00f3n Digital, FABHAUS, de la Facultad de Arquitectura, Dise\u00f1o y Estudios Urbanos UC, que dirige el profesor de la escuela de Dise\u00f1o, Tom\u00e1s Vivanco, ha informado de los nuevos horarios que dispondr\u00e1 el lugar a futuro y dos iniciativas que constituyen avances significativos en materia de dise\u00f1o e innovaci\u00f3n.","breadcrumb":{"@id":"https:\/\/fadeu.urantiacos.cl\/en\/2022\/06\/06\/nuevos-horarios-brazo-robotico-e-impresion-3d-en-hormigon-enterate-de-las-novedades-del-fabhaus-fadeu\/#breadcrumb"},"inLanguage":"en-US","potentialAction":[{"@type":"ReadAction","target":["https:\/\/fadeu.urantiacos.cl\/en\/2022\/06\/06\/nuevos-horarios-brazo-robotico-e-impresion-3d-en-hormigon-enterate-de-las-novedades-del-fabhaus-fadeu\/"]}]},{"@type":"ImageObject","inLanguage":"en-US","@id":"https:\/\/fadeu.urantiacos.cl\/en\/2022\/06\/06\/nuevos-horarios-brazo-robotico-e-impresion-3d-en-hormigon-enterate-de-las-novedades-del-fabhaus-fadeu\/#primaryimage","url":"https:\/\/fadeu.urantiacos.cl\/wp-content\/uploads\/2023\/09\/WEB_FABLAB_6JUNIO1.jpg","contentUrl":"https:\/\/fadeu.urantiacos.cl\/wp-content\/uploads\/2023\/09\/WEB_FABLAB_6JUNIO1.jpg","width":350,"height":250},{"@type":"BreadcrumbList","@id":"https:\/\/fadeu.urantiacos.cl\/en\/2022\/06\/06\/nuevos-horarios-brazo-robotico-e-impresion-3d-en-hormigon-enterate-de-las-novedades-del-fabhaus-fadeu\/#breadcrumb","itemListElement":[{"@type":"ListItem","position":1,"name":"Portada","item":"https:\/\/fadeu.urantiacos.cl\/en\/"},{"@type":"ListItem","position":2,"name":"Nuevos horarios, brazo rob\u00f3tico e impresi\u00f3n 3D en hormig\u00f3n: ent\u00e9rate de las novedades del FABHAUS FADEU"}]},{"@type":"WebSite","@id":"https:\/\/fadeu.urantiacos.cl\/en\/#website","url":"https:\/\/fadeu.urantiacos.cl\/en\/","name":"Facultad de Arquitectura, Dise\u00f1o y Estudios Urbanos","description":"Campus Lo Contador","potentialAction":[{"@type":"SearchAction","target":{"@type":"EntryPoint","urlTemplate":"https:\/\/fadeu.urantiacos.cl\/en\/?s={search_term_string}"},"query-input":{"@type":"PropertyValueSpecification","valueRequired":true,"valueName":"search_term_string"}}],"inLanguage":"en-US"},{"@type":"Person","@id":"https:\/\/fadeu.urantiacos.cl\/en\/#\/schema\/person\/d203e2e84b1c40275eac77b3061a19a2","name":"manadmin","image":{"@type":"ImageObject","inLanguage":"en-US","@id":"https:\/\/fadeu.urantiacos.cl\/en\/#\/schema\/person\/image\/","url":"https:\/\/secure.gravatar.com\/avatar\/4b1d8e3303b4a9d8968ac578947d8bc80d9aea359f388cdd4aac15cadc0e8447?s=96&d=mm&r=g","contentUrl":"https:\/\/secure.gravatar.com\/avatar\/4b1d8e3303b4a9d8968ac578947d8bc80d9aea359f388cdd4aac15cadc0e8447?s=96&d=mm&r=g","caption":"manadmin"},"sameAs":["https:\/\/fadeu.urantiacos.cl"]}]}},"_links":{"self":[{"href":"https:\/\/fadeu.urantiacos.cl\/en\/wp-json\/wp\/v2\/posts\/4778","targetHints":{"allow":["GET"]}}],"collection":[{"href":"https:\/\/fadeu.urantiacos.cl\/en\/wp-json\/wp\/v2\/posts"}],"about":[{"href":"https:\/\/fadeu.urantiacos.cl\/en\/wp-json\/wp\/v2\/types\/post"}],"author":[{"embeddable":true,"href":"https:\/\/fadeu.urantiacos.cl\/en\/wp-json\/wp\/v2\/users\/1"}],"replies":[{"embeddable":true,"href":"https:\/\/fadeu.urantiacos.cl\/en\/wp-json\/wp\/v2\/comments?post=4778"}],"version-history":[{"count":1,"href":"https:\/\/fadeu.urantiacos.cl\/en\/wp-json\/wp\/v2\/posts\/4778\/revisions"}],"predecessor-version":[{"id":4780,"href":"https:\/\/fadeu.urantiacos.cl\/en\/wp-json\/wp\/v2\/posts\/4778\/revisions\/4780"}],"wp:featuredmedia":[{"embeddable":true,"href":"https:\/\/fadeu.urantiacos.cl\/en\/wp-json\/wp\/v2\/media\/4779"}],"wp:attachment":[{"href":"https:\/\/fadeu.urantiacos.cl\/en\/wp-json\/wp\/v2\/media?parent=4778"}],"wp:term":[{"taxonomy":"category","embeddable":true,"href":"https:\/\/fadeu.urantiacos.cl\/en\/wp-json\/wp\/v2\/categories?post=4778"},{"taxonomy":"post_tag","embeddable":true,"href":"https:\/\/fadeu.urantiacos.cl\/en\/wp-json\/wp\/v2\/tags?post=4778"}],"curies":[{"name":"wp","href":"https:\/\/api.w.org\/{rel}","templated":true}]}}