{"id":4744,"date":"2022-06-07T18:24:00","date_gmt":"2022-06-07T21:24:00","guid":{"rendered":"https:\/\/fadeu.urantiacos.cl\/?p=4744"},"modified":"2023-09-04T18:26:51","modified_gmt":"2023-09-04T21:26:51","slug":"con-alta-asistencia-se-realizo-el-coloquio-internacional-enmarcando-la-ciudad-planificada-en-america-latina-desarrollismo-territorio-y-planes-sectoriales-entre-1940-y-1980","status":"publish","type":"post","link":"https:\/\/fadeu.urantiacos.cl\/en\/2022\/06\/07\/con-alta-asistencia-se-realizo-el-coloquio-internacional-enmarcando-la-ciudad-planificada-en-america-latina-desarrollismo-territorio-y-planes-sectoriales-entre-1940-y-1980\/","title":{"rendered":"Con alta asistencia se realiz\u00f3 el Coloquio Internacional: \u00abEnmarcando la ciudad planificada en Am\u00e9rica Latina. Desarrollismo, territorio y planes sectoriales entre 1940 y 1980\u00bb"},"content":{"rendered":"\n<figure class=\"wp-block-image size-full\"><img decoding=\"async\" width=\"350\" height=\"250\" src=\"https:\/\/fadeu.urantiacos.cl\/wp-content\/uploads\/2023\/09\/web_N_Card-Coloquio-Maca-Ibarra.jpg\" alt=\"\" class=\"wp-image-4745\" srcset=\"https:\/\/fadeu.urantiacos.cl\/wp-content\/uploads\/2023\/09\/web_N_Card-Coloquio-Maca-Ibarra.jpg 350w, https:\/\/fadeu.urantiacos.cl\/wp-content\/uploads\/2023\/09\/web_N_Card-Coloquio-Maca-Ibarra-300x214.jpg 300w\" sizes=\"(max-width: 350px) 100vw, 350px\" \/><\/figure>\n\n\n\n<p>El objetivo de la actividad fue intercambiar conocimientos a escala regional sobre los contenidos de la publicaci\u00f3n desarrollada por la profesora Ibarra y el profesor Almandoz, que lleva el t\u00edtulo hom\u00f3nimo al conversatorio&nbsp;\u00abEnmarcando la ciudad planificada en Am\u00e9rica Latina. Desarrollismo, territorio y planes sectoriales entre 1940 y 1980\u00bb,&nbsp;el cual, \u201cdesde una perspectiva latinoamericana, se ocupar\u00e1 de los cambios pol\u00edticos, econ\u00f3micos y disciplinares ocurridos en el arco temporal entre la segunda postguerra y el inicio de la llamada d\u00e9cada perdida de 1980\u201d, explic\u00f3 la profesora Ibarra, quien contextualiz\u00f3 el an\u00e1lisis realizado en el proyecto articulado en tres etapas:<\/p>\n\n\n\n<p>\u00abPara este an\u00e1lisis se consideran tres etapas clave para el urbanismo en su relaci\u00f3n con la Ciudad Planificada. Las cuales cubren el periodo y dan cuenta de los cambios te\u00f3ricos e institucionales, y de las relaciones de los componentes en cuesti\u00f3n. Estos han sido denominados, de manera general, como&nbsp;vivienda y urbanismo, que da cuenta de un momento clave en tanto la vivienda estaba \u00edntimamente vinculada al urbanismo y la Planificaci\u00f3n Urbana, como hab\u00eda ocurrido en Europa, especialmente en Inglaterra en el \u201cTown and Planning Act\u201d de 1909. Luego la&nbsp;vivienda sectorizada, fase que sugiere enfatizar esta componente como una importante dimensi\u00f3n del desarrollismo, aunque sin duda no fuera la \u00fanica; y luego&nbsp;vivienda y ordenamiento, que tiene un componente que ya estaba en la Planificaci\u00f3n Regional de los a\u00f1os 50\u2019 y 60\u2019, y que posteriormente ser\u00e1 influido por el ordenamiento territorial.\u00bb<\/p>\n\n\n\n<p>El Subdirector de Investigaci\u00f3n del Instituto de Estudios Urbanos y Territoriales, Felipe Link, ser\u00f1al\u00f3&nbsp;que, \u201ceste tipo de actividades es (\u2026) una buena manera para poder transferir el conocimiento generado que se despliega principalmente en el aula y en los cursos de pre y post grado, pero tambi\u00e9n en la conversaci\u00f3n con otras y otros que est\u00e1n investigando en el campo o en temas similares y en periodos similares, para poder hacer sinergia y lograr una discusi\u00f3n regional latinoamericana que enriquece la conversaci\u00f3n e investigaci\u00f3n en esta \u00e1rea\u201d. Destac\u00f3 tambi\u00e9n la relevancia que tuvo el periodo del estudio para la propia historia del Instituto y en sus or\u00edgenes como CIDU, periodo en el cual el intercambio interdisciplinar y de conocimientos dentro de la regi\u00f3n fue fundamental. Marcando el desarrollo de la disciplina en torno a la Planificaci\u00f3n Urbana durante muchos a\u00f1os.<\/p>\n\n\n\n<p>Las dos sesiones contaron con alta convocatoria y la participaci\u00f3n de destacados investigadores e investigadoras de Latinoam\u00e9rica en el \u00e1rea de los Estudios Urbanos y la Planificaci\u00f3n; representates de Chile, Venezuela, M\u00e9xico, Uruguay, Colombia, Argentina y Brasil.<\/p>\n\n\n\n<figure class=\"wp-block-image size-large\"><img decoding=\"async\" width=\"1024\" height=\"1024\" src=\"https:\/\/fadeu.urantiacos.cl\/wp-content\/uploads\/2023\/09\/Carrusel-23-1-scaled-1-1024x1024.jpeg\" alt=\"\" class=\"wp-image-4746\" srcset=\"https:\/\/fadeu.urantiacos.cl\/wp-content\/uploads\/2023\/09\/Carrusel-23-1-scaled-1-1024x1024.jpeg 1024w, https:\/\/fadeu.urantiacos.cl\/wp-content\/uploads\/2023\/09\/Carrusel-23-1-scaled-1-300x300.jpeg 300w, https:\/\/fadeu.urantiacos.cl\/wp-content\/uploads\/2023\/09\/Carrusel-23-1-scaled-1-150x150.jpeg 150w, https:\/\/fadeu.urantiacos.cl\/wp-content\/uploads\/2023\/09\/Carrusel-23-1-scaled-1-768x768.jpeg 768w, https:\/\/fadeu.urantiacos.cl\/wp-content\/uploads\/2023\/09\/Carrusel-23-1-scaled-1-1536x1536.jpeg 1536w, https:\/\/fadeu.urantiacos.cl\/wp-content\/uploads\/2023\/09\/Carrusel-23-1-scaled-1-2048x2048.jpeg 2048w, https:\/\/fadeu.urantiacos.cl\/wp-content\/uploads\/2023\/09\/Carrusel-23-1-scaled-1.jpeg 1200w\" sizes=\"(max-width: 1024px) 100vw, 1024px\" \/><\/figure>\n","protected":false},"excerpt":{"rendered":"<p>El coloquio se desarroll\u00f3 en dos jornadas y fue producto del proyecto Fondecyt N\u00b01201861 titulado \u00abVivienda y Urbanismo. Una revisi\u00f3n cr\u00edtica de la emergencia y desarrollo de \u2018la ciudad planificada\u2019 en Chile (1936-1973)\u00bb desarrollado por la profesora Macarena Ibarra como investigadora responsable. En colaboraci\u00f3n internacional con el profesor Arturo Almandoz. Y con los profesores Germ\u00e1n Hidalgo de la Escuela de Arquitectura y Rodrigo Hidalgo del Instituto de Geograf\u00eda como co-investigadores.<\/p>\n","protected":false},"author":1,"featured_media":4745,"comment_status":"open","ping_status":"open","sticky":false,"template":"","format":"standard","meta":{"_acf_changed":false,"footnotes":""},"categories":[1],"tags":[],"class_list":["post-4744","post","type-post","status-publish","format-standard","has-post-thumbnail","hentry","category-sin-categorizar"],"acf":[],"yoast_head":"<!-- This site is optimized with the Yoast SEO plugin v27.1.1 - https:\/\/yoast.com\/product\/yoast-seo-wordpress\/ -->\n<title>Con alta asistencia se realiz\u00f3 el Coloquio Internacional: \u00abEnmarcando la ciudad planificada en Am\u00e9rica Latina. Desarrollismo, territorio y planes sectoriales entre 1940 y 1980\u00bb - Facultad de Arquitectura, Dise\u00f1o y Estudios Urbanos<\/title>\n<meta name=\"description\" content=\"El coloquio se desarroll\u00f3 en dos jornadas y fue producto del proyecto Fondecyt N\u00b01201861 titulado \u00abVivienda y Urbanismo. Una revisi\u00f3n cr\u00edtica de la emergencia y desarrollo de \u2018la ciudad planificada\u2019 en Chile (1936-1973)\u00bb desarrollado por la profesora Macarena Ibarra como investigadora responsable. En colaboraci\u00f3n internacional con el profesor Arturo Almandoz. Y con los profesores Germ\u00e1n Hidalgo de la Escuela de Arquitectura y Rodrigo Hidalgo del Instituto de Geograf\u00eda como co-investigadores.\" \/>\n<meta name=\"robots\" content=\"index, follow, max-snippet:-1, max-image-preview:large, max-video-preview:-1\" \/>\n<link rel=\"canonical\" href=\"https:\/\/fadeu.urantiacos.cl\/en\/2022\/06\/07\/con-alta-asistencia-se-realizo-el-coloquio-internacional-enmarcando-la-ciudad-planificada-en-america-latina-desarrollismo-territorio-y-planes-sectoriales-entre-1940-y-1980\/\" \/>\n<meta property=\"og:locale\" content=\"en_US\" \/>\n<meta property=\"og:type\" content=\"article\" \/>\n<meta property=\"og:title\" content=\"Con alta asistencia se realiz\u00f3 el Coloquio Internacional: \u00abEnmarcando la ciudad planificada en Am\u00e9rica Latina. Desarrollismo, territorio y planes sectoriales entre 1940 y 1980\u00bb - Facultad de Arquitectura, Dise\u00f1o y Estudios Urbanos\" \/>\n<meta property=\"og:description\" content=\"El coloquio se desarroll\u00f3 en dos jornadas y fue producto del proyecto Fondecyt N\u00b01201861 titulado \u00abVivienda y Urbanismo. Una revisi\u00f3n cr\u00edtica de la emergencia y desarrollo de \u2018la ciudad planificada\u2019 en Chile (1936-1973)\u00bb desarrollado por la profesora Macarena Ibarra como investigadora responsable. En colaboraci\u00f3n internacional con el profesor Arturo Almandoz. Y con los profesores Germ\u00e1n Hidalgo de la Escuela de Arquitectura y Rodrigo Hidalgo del Instituto de Geograf\u00eda como co-investigadores.\" \/>\n<meta property=\"og:url\" content=\"https:\/\/fadeu.urantiacos.cl\/en\/2022\/06\/07\/con-alta-asistencia-se-realizo-el-coloquio-internacional-enmarcando-la-ciudad-planificada-en-america-latina-desarrollismo-territorio-y-planes-sectoriales-entre-1940-y-1980\/\" \/>\n<meta property=\"og:site_name\" content=\"Facultad de Arquitectura, Dise\u00f1o y Estudios Urbanos\" \/>\n<meta property=\"article:published_time\" content=\"2022-06-07T21:24:00+00:00\" \/>\n<meta property=\"article:modified_time\" content=\"2023-09-04T21:26:51+00:00\" \/>\n<meta property=\"og:image\" content=\"https:\/\/fadeu.urantiacos.cl\/wp-content\/uploads\/2023\/09\/web_N_Card-Coloquio-Maca-Ibarra.jpg\" \/>\n\t<meta property=\"og:image:width\" content=\"350\" \/>\n\t<meta property=\"og:image:height\" content=\"250\" \/>\n\t<meta property=\"og:image:type\" content=\"image\/jpeg\" \/>\n<meta name=\"author\" content=\"manadmin\" \/>\n<meta name=\"twitter:card\" content=\"summary_large_image\" \/>\n<meta name=\"twitter:label1\" content=\"Written by\" \/>\n\t<meta name=\"twitter:data1\" content=\"manadmin\" \/>\n\t<meta name=\"twitter:label2\" content=\"Est. reading time\" \/>\n\t<meta name=\"twitter:data2\" content=\"2 minutes\" \/>\n<script type=\"application\/ld+json\" class=\"yoast-schema-graph\">{\"@context\":\"https:\/\/schema.org\",\"@graph\":[{\"@type\":\"Article\",\"@id\":\"https:\/\/fadeu.urantiacos.cl\/en\/2022\/06\/07\/con-alta-asistencia-se-realizo-el-coloquio-internacional-enmarcando-la-ciudad-planificada-en-america-latina-desarrollismo-territorio-y-planes-sectoriales-entre-1940-y-1980\/#article\",\"isPartOf\":{\"@id\":\"https:\/\/fadeu.urantiacos.cl\/en\/2022\/06\/07\/con-alta-asistencia-se-realizo-el-coloquio-internacional-enmarcando-la-ciudad-planificada-en-america-latina-desarrollismo-territorio-y-planes-sectoriales-entre-1940-y-1980\/\"},\"author\":{\"name\":\"manadmin\",\"@id\":\"https:\/\/fadeu.urantiacos.cl\/en\/#\/schema\/person\/d203e2e84b1c40275eac77b3061a19a2\"},\"headline\":\"Con alta asistencia se realiz\u00f3 el Coloquio Internacional: \u00abEnmarcando la ciudad planificada en Am\u00e9rica Latina. Desarrollismo, territorio y planes sectoriales entre 1940 y 1980\u00bb\",\"datePublished\":\"2022-06-07T21:24:00+00:00\",\"dateModified\":\"2023-09-04T21:26:51+00:00\",\"mainEntityOfPage\":{\"@id\":\"https:\/\/fadeu.urantiacos.cl\/en\/2022\/06\/07\/con-alta-asistencia-se-realizo-el-coloquio-internacional-enmarcando-la-ciudad-planificada-en-america-latina-desarrollismo-territorio-y-planes-sectoriales-entre-1940-y-1980\/\"},\"wordCount\":475,\"commentCount\":0,\"image\":{\"@id\":\"https:\/\/fadeu.urantiacos.cl\/en\/2022\/06\/07\/con-alta-asistencia-se-realizo-el-coloquio-internacional-enmarcando-la-ciudad-planificada-en-america-latina-desarrollismo-territorio-y-planes-sectoriales-entre-1940-y-1980\/#primaryimage\"},\"thumbnailUrl\":\"https:\/\/fadeu.urantiacos.cl\/wp-content\/uploads\/2023\/09\/web_N_Card-Coloquio-Maca-Ibarra.jpg\",\"articleSection\":[\"Sin categorizar\"],\"inLanguage\":\"en-US\",\"potentialAction\":[{\"@type\":\"CommentAction\",\"name\":\"Comment\",\"target\":[\"https:\/\/fadeu.urantiacos.cl\/en\/2022\/06\/07\/con-alta-asistencia-se-realizo-el-coloquio-internacional-enmarcando-la-ciudad-planificada-en-america-latina-desarrollismo-territorio-y-planes-sectoriales-entre-1940-y-1980\/#respond\"]}]},{\"@type\":\"WebPage\",\"@id\":\"https:\/\/fadeu.urantiacos.cl\/en\/2022\/06\/07\/con-alta-asistencia-se-realizo-el-coloquio-internacional-enmarcando-la-ciudad-planificada-en-america-latina-desarrollismo-territorio-y-planes-sectoriales-entre-1940-y-1980\/\",\"url\":\"https:\/\/fadeu.urantiacos.cl\/en\/2022\/06\/07\/con-alta-asistencia-se-realizo-el-coloquio-internacional-enmarcando-la-ciudad-planificada-en-america-latina-desarrollismo-territorio-y-planes-sectoriales-entre-1940-y-1980\/\",\"name\":\"Con alta asistencia se realiz\u00f3 el Coloquio Internacional: \u00abEnmarcando la ciudad planificada en Am\u00e9rica Latina. Desarrollismo, territorio y planes sectoriales entre 1940 y 1980\u00bb - Facultad de Arquitectura, Dise\u00f1o y Estudios Urbanos\",\"isPartOf\":{\"@id\":\"https:\/\/fadeu.urantiacos.cl\/en\/#website\"},\"primaryImageOfPage\":{\"@id\":\"https:\/\/fadeu.urantiacos.cl\/en\/2022\/06\/07\/con-alta-asistencia-se-realizo-el-coloquio-internacional-enmarcando-la-ciudad-planificada-en-america-latina-desarrollismo-territorio-y-planes-sectoriales-entre-1940-y-1980\/#primaryimage\"},\"image\":{\"@id\":\"https:\/\/fadeu.urantiacos.cl\/en\/2022\/06\/07\/con-alta-asistencia-se-realizo-el-coloquio-internacional-enmarcando-la-ciudad-planificada-en-america-latina-desarrollismo-territorio-y-planes-sectoriales-entre-1940-y-1980\/#primaryimage\"},\"thumbnailUrl\":\"https:\/\/fadeu.urantiacos.cl\/wp-content\/uploads\/2023\/09\/web_N_Card-Coloquio-Maca-Ibarra.jpg\",\"datePublished\":\"2022-06-07T21:24:00+00:00\",\"dateModified\":\"2023-09-04T21:26:51+00:00\",\"author\":{\"@id\":\"https:\/\/fadeu.urantiacos.cl\/en\/#\/schema\/person\/d203e2e84b1c40275eac77b3061a19a2\"},\"description\":\"El coloquio se desarroll\u00f3 en dos jornadas y fue producto del proyecto Fondecyt N\u00b01201861 titulado \u00abVivienda y Urbanismo. Una revisi\u00f3n cr\u00edtica de la emergencia y desarrollo de \u2018la ciudad planificada\u2019 en Chile (1936-1973)\u00bb desarrollado por la profesora Macarena Ibarra como investigadora responsable. En colaboraci\u00f3n internacional con el profesor Arturo Almandoz. Y con los profesores Germ\u00e1n Hidalgo de la Escuela de Arquitectura y Rodrigo Hidalgo del Instituto de Geograf\u00eda como co-investigadores.\",\"breadcrumb\":{\"@id\":\"https:\/\/fadeu.urantiacos.cl\/en\/2022\/06\/07\/con-alta-asistencia-se-realizo-el-coloquio-internacional-enmarcando-la-ciudad-planificada-en-america-latina-desarrollismo-territorio-y-planes-sectoriales-entre-1940-y-1980\/#breadcrumb\"},\"inLanguage\":\"en-US\",\"potentialAction\":[{\"@type\":\"ReadAction\",\"target\":[\"https:\/\/fadeu.urantiacos.cl\/en\/2022\/06\/07\/con-alta-asistencia-se-realizo-el-coloquio-internacional-enmarcando-la-ciudad-planificada-en-america-latina-desarrollismo-territorio-y-planes-sectoriales-entre-1940-y-1980\/\"]}]},{\"@type\":\"ImageObject\",\"inLanguage\":\"en-US\",\"@id\":\"https:\/\/fadeu.urantiacos.cl\/en\/2022\/06\/07\/con-alta-asistencia-se-realizo-el-coloquio-internacional-enmarcando-la-ciudad-planificada-en-america-latina-desarrollismo-territorio-y-planes-sectoriales-entre-1940-y-1980\/#primaryimage\",\"url\":\"https:\/\/fadeu.urantiacos.cl\/wp-content\/uploads\/2023\/09\/web_N_Card-Coloquio-Maca-Ibarra.jpg\",\"contentUrl\":\"https:\/\/fadeu.urantiacos.cl\/wp-content\/uploads\/2023\/09\/web_N_Card-Coloquio-Maca-Ibarra.jpg\",\"width\":350,\"height\":250},{\"@type\":\"BreadcrumbList\",\"@id\":\"https:\/\/fadeu.urantiacos.cl\/en\/2022\/06\/07\/con-alta-asistencia-se-realizo-el-coloquio-internacional-enmarcando-la-ciudad-planificada-en-america-latina-desarrollismo-territorio-y-planes-sectoriales-entre-1940-y-1980\/#breadcrumb\",\"itemListElement\":[{\"@type\":\"ListItem\",\"position\":1,\"name\":\"Portada\",\"item\":\"https:\/\/fadeu.urantiacos.cl\/en\/\"},{\"@type\":\"ListItem\",\"position\":2,\"name\":\"Con alta asistencia se realiz\u00f3 el Coloquio Internacional: \u00abEnmarcando la ciudad planificada en Am\u00e9rica Latina. Desarrollismo, territorio y planes sectoriales entre 1940 y 1980\u00bb\"}]},{\"@type\":\"WebSite\",\"@id\":\"https:\/\/fadeu.urantiacos.cl\/en\/#website\",\"url\":\"https:\/\/fadeu.urantiacos.cl\/en\/\",\"name\":\"Facultad de Arquitectura, Dise\u00f1o y Estudios Urbanos\",\"description\":\"Campus Lo Contador\",\"potentialAction\":[{\"@type\":\"SearchAction\",\"target\":{\"@type\":\"EntryPoint\",\"urlTemplate\":\"https:\/\/fadeu.urantiacos.cl\/en\/?s={search_term_string}\"},\"query-input\":{\"@type\":\"PropertyValueSpecification\",\"valueRequired\":true,\"valueName\":\"search_term_string\"}}],\"inLanguage\":\"en-US\"},{\"@type\":\"Person\",\"@id\":\"https:\/\/fadeu.urantiacos.cl\/en\/#\/schema\/person\/d203e2e84b1c40275eac77b3061a19a2\",\"name\":\"manadmin\",\"image\":{\"@type\":\"ImageObject\",\"inLanguage\":\"en-US\",\"@id\":\"https:\/\/fadeu.urantiacos.cl\/en\/#\/schema\/person\/image\/\",\"url\":\"https:\/\/secure.gravatar.com\/avatar\/4b1d8e3303b4a9d8968ac578947d8bc80d9aea359f388cdd4aac15cadc0e8447?s=96&d=mm&r=g\",\"contentUrl\":\"https:\/\/secure.gravatar.com\/avatar\/4b1d8e3303b4a9d8968ac578947d8bc80d9aea359f388cdd4aac15cadc0e8447?s=96&d=mm&r=g\",\"caption\":\"manadmin\"},\"sameAs\":[\"https:\/\/fadeu.urantiacos.cl\"]}]}<\/script>\n<!-- \/ Yoast SEO plugin. -->","yoast_head_json":{"title":"Con alta asistencia se realiz\u00f3 el Coloquio Internacional: \u00abEnmarcando la ciudad planificada en Am\u00e9rica Latina. Desarrollismo, territorio y planes sectoriales entre 1940 y 1980\u00bb - Facultad de Arquitectura, Dise\u00f1o y Estudios Urbanos","description":"El coloquio se desarroll\u00f3 en dos jornadas y fue producto del proyecto Fondecyt N\u00b01201861 titulado \u00abVivienda y Urbanismo. Una revisi\u00f3n cr\u00edtica de la emergencia y desarrollo de \u2018la ciudad planificada\u2019 en Chile (1936-1973)\u00bb desarrollado por la profesora Macarena Ibarra como investigadora responsable. En colaboraci\u00f3n internacional con el profesor Arturo Almandoz. Y con los profesores Germ\u00e1n Hidalgo de la Escuela de Arquitectura y Rodrigo Hidalgo del Instituto de Geograf\u00eda como co-investigadores.","robots":{"index":"index","follow":"follow","max-snippet":"max-snippet:-1","max-image-preview":"max-image-preview:large","max-video-preview":"max-video-preview:-1"},"canonical":"https:\/\/fadeu.urantiacos.cl\/en\/2022\/06\/07\/con-alta-asistencia-se-realizo-el-coloquio-internacional-enmarcando-la-ciudad-planificada-en-america-latina-desarrollismo-territorio-y-planes-sectoriales-entre-1940-y-1980\/","og_locale":"en_US","og_type":"article","og_title":"Con alta asistencia se realiz\u00f3 el Coloquio Internacional: \u00abEnmarcando la ciudad planificada en Am\u00e9rica Latina. Desarrollismo, territorio y planes sectoriales entre 1940 y 1980\u00bb - Facultad de Arquitectura, Dise\u00f1o y Estudios Urbanos","og_description":"El coloquio se desarroll\u00f3 en dos jornadas y fue producto del proyecto Fondecyt N\u00b01201861 titulado \u00abVivienda y Urbanismo. Una revisi\u00f3n cr\u00edtica de la emergencia y desarrollo de \u2018la ciudad planificada\u2019 en Chile (1936-1973)\u00bb desarrollado por la profesora Macarena Ibarra como investigadora responsable. En colaboraci\u00f3n internacional con el profesor Arturo Almandoz. Y con los profesores Germ\u00e1n Hidalgo de la Escuela de Arquitectura y Rodrigo Hidalgo del Instituto de Geograf\u00eda como co-investigadores.","og_url":"https:\/\/fadeu.urantiacos.cl\/en\/2022\/06\/07\/con-alta-asistencia-se-realizo-el-coloquio-internacional-enmarcando-la-ciudad-planificada-en-america-latina-desarrollismo-territorio-y-planes-sectoriales-entre-1940-y-1980\/","og_site_name":"Facultad de Arquitectura, Dise\u00f1o y Estudios Urbanos","article_published_time":"2022-06-07T21:24:00+00:00","article_modified_time":"2023-09-04T21:26:51+00:00","og_image":[{"width":350,"height":250,"url":"https:\/\/fadeu.urantiacos.cl\/wp-content\/uploads\/2023\/09\/web_N_Card-Coloquio-Maca-Ibarra.jpg","type":"image\/jpeg"}],"author":"manadmin","twitter_card":"summary_large_image","twitter_misc":{"Written by":"manadmin","Est. reading time":"2 minutes"},"schema":{"@context":"https:\/\/schema.org","@graph":[{"@type":"Article","@id":"https:\/\/fadeu.urantiacos.cl\/en\/2022\/06\/07\/con-alta-asistencia-se-realizo-el-coloquio-internacional-enmarcando-la-ciudad-planificada-en-america-latina-desarrollismo-territorio-y-planes-sectoriales-entre-1940-y-1980\/#article","isPartOf":{"@id":"https:\/\/fadeu.urantiacos.cl\/en\/2022\/06\/07\/con-alta-asistencia-se-realizo-el-coloquio-internacional-enmarcando-la-ciudad-planificada-en-america-latina-desarrollismo-territorio-y-planes-sectoriales-entre-1940-y-1980\/"},"author":{"name":"manadmin","@id":"https:\/\/fadeu.urantiacos.cl\/en\/#\/schema\/person\/d203e2e84b1c40275eac77b3061a19a2"},"headline":"Con alta asistencia se realiz\u00f3 el Coloquio Internacional: \u00abEnmarcando la ciudad planificada en Am\u00e9rica Latina. Desarrollismo, territorio y planes sectoriales entre 1940 y 1980\u00bb","datePublished":"2022-06-07T21:24:00+00:00","dateModified":"2023-09-04T21:26:51+00:00","mainEntityOfPage":{"@id":"https:\/\/fadeu.urantiacos.cl\/en\/2022\/06\/07\/con-alta-asistencia-se-realizo-el-coloquio-internacional-enmarcando-la-ciudad-planificada-en-america-latina-desarrollismo-territorio-y-planes-sectoriales-entre-1940-y-1980\/"},"wordCount":475,"commentCount":0,"image":{"@id":"https:\/\/fadeu.urantiacos.cl\/en\/2022\/06\/07\/con-alta-asistencia-se-realizo-el-coloquio-internacional-enmarcando-la-ciudad-planificada-en-america-latina-desarrollismo-territorio-y-planes-sectoriales-entre-1940-y-1980\/#primaryimage"},"thumbnailUrl":"https:\/\/fadeu.urantiacos.cl\/wp-content\/uploads\/2023\/09\/web_N_Card-Coloquio-Maca-Ibarra.jpg","articleSection":["Sin categorizar"],"inLanguage":"en-US","potentialAction":[{"@type":"CommentAction","name":"Comment","target":["https:\/\/fadeu.urantiacos.cl\/en\/2022\/06\/07\/con-alta-asistencia-se-realizo-el-coloquio-internacional-enmarcando-la-ciudad-planificada-en-america-latina-desarrollismo-territorio-y-planes-sectoriales-entre-1940-y-1980\/#respond"]}]},{"@type":"WebPage","@id":"https:\/\/fadeu.urantiacos.cl\/en\/2022\/06\/07\/con-alta-asistencia-se-realizo-el-coloquio-internacional-enmarcando-la-ciudad-planificada-en-america-latina-desarrollismo-territorio-y-planes-sectoriales-entre-1940-y-1980\/","url":"https:\/\/fadeu.urantiacos.cl\/en\/2022\/06\/07\/con-alta-asistencia-se-realizo-el-coloquio-internacional-enmarcando-la-ciudad-planificada-en-america-latina-desarrollismo-territorio-y-planes-sectoriales-entre-1940-y-1980\/","name":"Con alta asistencia se realiz\u00f3 el Coloquio Internacional: \u00abEnmarcando la ciudad planificada en Am\u00e9rica Latina. Desarrollismo, territorio y planes sectoriales entre 1940 y 1980\u00bb - Facultad de Arquitectura, Dise\u00f1o y Estudios Urbanos","isPartOf":{"@id":"https:\/\/fadeu.urantiacos.cl\/en\/#website"},"primaryImageOfPage":{"@id":"https:\/\/fadeu.urantiacos.cl\/en\/2022\/06\/07\/con-alta-asistencia-se-realizo-el-coloquio-internacional-enmarcando-la-ciudad-planificada-en-america-latina-desarrollismo-territorio-y-planes-sectoriales-entre-1940-y-1980\/#primaryimage"},"image":{"@id":"https:\/\/fadeu.urantiacos.cl\/en\/2022\/06\/07\/con-alta-asistencia-se-realizo-el-coloquio-internacional-enmarcando-la-ciudad-planificada-en-america-latina-desarrollismo-territorio-y-planes-sectoriales-entre-1940-y-1980\/#primaryimage"},"thumbnailUrl":"https:\/\/fadeu.urantiacos.cl\/wp-content\/uploads\/2023\/09\/web_N_Card-Coloquio-Maca-Ibarra.jpg","datePublished":"2022-06-07T21:24:00+00:00","dateModified":"2023-09-04T21:26:51+00:00","author":{"@id":"https:\/\/fadeu.urantiacos.cl\/en\/#\/schema\/person\/d203e2e84b1c40275eac77b3061a19a2"},"description":"El coloquio se desarroll\u00f3 en dos jornadas y fue producto del proyecto Fondecyt N\u00b01201861 titulado \u00abVivienda y Urbanismo. Una revisi\u00f3n cr\u00edtica de la emergencia y desarrollo de \u2018la ciudad planificada\u2019 en Chile (1936-1973)\u00bb desarrollado por la profesora Macarena Ibarra como investigadora responsable. En colaboraci\u00f3n internacional con el profesor Arturo Almandoz. Y con los profesores Germ\u00e1n Hidalgo de la Escuela de Arquitectura y Rodrigo Hidalgo del Instituto de Geograf\u00eda como co-investigadores.","breadcrumb":{"@id":"https:\/\/fadeu.urantiacos.cl\/en\/2022\/06\/07\/con-alta-asistencia-se-realizo-el-coloquio-internacional-enmarcando-la-ciudad-planificada-en-america-latina-desarrollismo-territorio-y-planes-sectoriales-entre-1940-y-1980\/#breadcrumb"},"inLanguage":"en-US","potentialAction":[{"@type":"ReadAction","target":["https:\/\/fadeu.urantiacos.cl\/en\/2022\/06\/07\/con-alta-asistencia-se-realizo-el-coloquio-internacional-enmarcando-la-ciudad-planificada-en-america-latina-desarrollismo-territorio-y-planes-sectoriales-entre-1940-y-1980\/"]}]},{"@type":"ImageObject","inLanguage":"en-US","@id":"https:\/\/fadeu.urantiacos.cl\/en\/2022\/06\/07\/con-alta-asistencia-se-realizo-el-coloquio-internacional-enmarcando-la-ciudad-planificada-en-america-latina-desarrollismo-territorio-y-planes-sectoriales-entre-1940-y-1980\/#primaryimage","url":"https:\/\/fadeu.urantiacos.cl\/wp-content\/uploads\/2023\/09\/web_N_Card-Coloquio-Maca-Ibarra.jpg","contentUrl":"https:\/\/fadeu.urantiacos.cl\/wp-content\/uploads\/2023\/09\/web_N_Card-Coloquio-Maca-Ibarra.jpg","width":350,"height":250},{"@type":"BreadcrumbList","@id":"https:\/\/fadeu.urantiacos.cl\/en\/2022\/06\/07\/con-alta-asistencia-se-realizo-el-coloquio-internacional-enmarcando-la-ciudad-planificada-en-america-latina-desarrollismo-territorio-y-planes-sectoriales-entre-1940-y-1980\/#breadcrumb","itemListElement":[{"@type":"ListItem","position":1,"name":"Portada","item":"https:\/\/fadeu.urantiacos.cl\/en\/"},{"@type":"ListItem","position":2,"name":"Con alta asistencia se realiz\u00f3 el Coloquio Internacional: \u00abEnmarcando la ciudad planificada en Am\u00e9rica Latina. Desarrollismo, territorio y planes sectoriales entre 1940 y 1980\u00bb"}]},{"@type":"WebSite","@id":"https:\/\/fadeu.urantiacos.cl\/en\/#website","url":"https:\/\/fadeu.urantiacos.cl\/en\/","name":"Facultad de Arquitectura, Dise\u00f1o y Estudios Urbanos","description":"Campus Lo Contador","potentialAction":[{"@type":"SearchAction","target":{"@type":"EntryPoint","urlTemplate":"https:\/\/fadeu.urantiacos.cl\/en\/?s={search_term_string}"},"query-input":{"@type":"PropertyValueSpecification","valueRequired":true,"valueName":"search_term_string"}}],"inLanguage":"en-US"},{"@type":"Person","@id":"https:\/\/fadeu.urantiacos.cl\/en\/#\/schema\/person\/d203e2e84b1c40275eac77b3061a19a2","name":"manadmin","image":{"@type":"ImageObject","inLanguage":"en-US","@id":"https:\/\/fadeu.urantiacos.cl\/en\/#\/schema\/person\/image\/","url":"https:\/\/secure.gravatar.com\/avatar\/4b1d8e3303b4a9d8968ac578947d8bc80d9aea359f388cdd4aac15cadc0e8447?s=96&d=mm&r=g","contentUrl":"https:\/\/secure.gravatar.com\/avatar\/4b1d8e3303b4a9d8968ac578947d8bc80d9aea359f388cdd4aac15cadc0e8447?s=96&d=mm&r=g","caption":"manadmin"},"sameAs":["https:\/\/fadeu.urantiacos.cl"]}]}},"_links":{"self":[{"href":"https:\/\/fadeu.urantiacos.cl\/en\/wp-json\/wp\/v2\/posts\/4744","targetHints":{"allow":["GET"]}}],"collection":[{"href":"https:\/\/fadeu.urantiacos.cl\/en\/wp-json\/wp\/v2\/posts"}],"about":[{"href":"https:\/\/fadeu.urantiacos.cl\/en\/wp-json\/wp\/v2\/types\/post"}],"author":[{"embeddable":true,"href":"https:\/\/fadeu.urantiacos.cl\/en\/wp-json\/wp\/v2\/users\/1"}],"replies":[{"embeddable":true,"href":"https:\/\/fadeu.urantiacos.cl\/en\/wp-json\/wp\/v2\/comments?post=4744"}],"version-history":[{"count":1,"href":"https:\/\/fadeu.urantiacos.cl\/en\/wp-json\/wp\/v2\/posts\/4744\/revisions"}],"predecessor-version":[{"id":4747,"href":"https:\/\/fadeu.urantiacos.cl\/en\/wp-json\/wp\/v2\/posts\/4744\/revisions\/4747"}],"wp:featuredmedia":[{"embeddable":true,"href":"https:\/\/fadeu.urantiacos.cl\/en\/wp-json\/wp\/v2\/media\/4745"}],"wp:attachment":[{"href":"https:\/\/fadeu.urantiacos.cl\/en\/wp-json\/wp\/v2\/media?parent=4744"}],"wp:term":[{"taxonomy":"category","embeddable":true,"href":"https:\/\/fadeu.urantiacos.cl\/en\/wp-json\/wp\/v2\/categories?post=4744"},{"taxonomy":"post_tag","embeddable":true,"href":"https:\/\/fadeu.urantiacos.cl\/en\/wp-json\/wp\/v2\/tags?post=4744"}],"curies":[{"name":"wp","href":"https:\/\/api.w.org\/{rel}","templated":true}]}}