{"id":4732,"date":"2022-06-13T18:16:00","date_gmt":"2022-06-13T21:16:00","guid":{"rendered":"https:\/\/fadeu.urantiacos.cl\/?p=4732"},"modified":"2023-09-04T18:18:44","modified_gmt":"2023-09-04T21:18:44","slug":"hugo-mondragon-es-promovido-a-profesor-titular-de-la-escuela-de-arquitectura","status":"publish","type":"post","link":"https:\/\/fadeu.urantiacos.cl\/en\/2022\/06\/13\/hugo-mondragon-es-promovido-a-profesor-titular-de-la-escuela-de-arquitectura\/","title":{"rendered":"Hugo Mondrag\u00f3n es promovido a Profesor Titular de la escuela de Arquitectura"},"content":{"rendered":"\n<figure class=\"wp-block-image size-full\"><img decoding=\"async\" width=\"350\" height=\"250\" src=\"https:\/\/fadeu.urantiacos.cl\/wp-content\/uploads\/2023\/09\/Hugo_Mondragon_WEB.png\" alt=\"\" class=\"wp-image-4733\" srcset=\"https:\/\/fadeu.urantiacos.cl\/wp-content\/uploads\/2023\/09\/Hugo_Mondragon_WEB.png 350w, https:\/\/fadeu.urantiacos.cl\/wp-content\/uploads\/2023\/09\/Hugo_Mondragon_WEB-300x214.png 300w\" sizes=\"(max-width: 350px) 100vw, 350px\" \/><\/figure>\n\n\n\n<p>Hugo Mondrag\u00f3n es arquitecto de la Universidad Piloto de Colombia (1990); Mag\u00edster en Arquitectura, de la Universidad Cat\u00f3lica de Chile (2002); Mag\u00edster en Historia y Teor\u00eda del Arte y la Arquitectura, de la Universidad Nacional de Colombia; y Doctor en Arquitectura y Estudios Urbanos de la Universidad Cat\u00f3lica (2010).<\/p>\n\n\n\n<p>Mondrag\u00f3n se desempe\u00f1a como Profesor Asociado (en adelante, Profesor Titular) en la Escuela de Arquitectura de la Pontificia Universidad Cat\u00f3lica de Chile donde ense\u00f1a Taller de Proyectos, Historia de la Arquitectura Moderna y Cr\u00edtica de la Arquitectura Contempor\u00e1nea. Ha escrito para ARQ-Chile, DPA-Barcelona, Summa + Argentina, Materia-Chile, AUS-Chile, Trace-Chile, CA-Chile, ARQuitectura-Colombia, Bit\u00e1cora-Colombia, Textos-Colombia y muchas otras revistas.<\/p>\n\n\n\n<p>Edit\u00f3 el libro \u201cSudam\u00e9rica moderna. Objetos, edificios, territorios\u201d (ARQ-2015), public\u00f3 \u201cHousing and participation. Fernando Castillo and the chilean experience before and after the military cup of 1973\u201d en \u201c74-14 SAAL and architecture\u201d (Museu Serralves, Portugal 2015) y \u201cAviation, electrification and the Nation\u201d en Latin American Modern Architecture: Ambiguos Territories (Routledge-2013). Sus propuestas de ponencias han sido seleccionadas para ser presentadas en el Annual meeting de Society of Architectural Historians (SAH) in 2010 and 2013. En 2011 fue co-curador de la muestra y co-dise\u00f1ador del pabell\u00f3n de Chile para la Bi-City Bienal de Arquitectura y Urbanismo de Shenzhen y Hong Kong. Entre 2010 y 2013 fue editor de la revista CA del Colegio de Arquitectos de Chile. Ha sido Jefe del Mag\u00edster en Arquitectura UC (2007-2012) y Director de Investigaci\u00f3n y Postgrado de la FADEU-UC (2012-2015).<\/p>\n\n\n\n<p>\u201cReconocer la trayectoria acad\u00e9mica del profesor Mondrag\u00f3n no solo permite relevar su rol como acad\u00e9mico y formador, sino tambi\u00e9n elogiar su rol como investigador y te\u00f3rico de la arquitectura de Chile, Sudam\u00e9rica y otras latitudes del mundo\u201d, afirm\u00f3 el Decano Ubilla, agregando, adem\u00e1s, que \u201cse reconoce con la Titularidad su rol como difusor de la arquitectura en diversas instancias acad\u00e9micas y en esferas de la comunicaci\u00f3n social, permitiendo traspasar la frontera acad\u00e9mica e incidiendo en la sociedad, que ha sido uno de los ejes planteados por el Rector S\u00e1nchez para todas las facultades de nuestra Universidad\u201d.<\/p>\n\n\n\n<p>El profesor Mondrag\u00f3n tiene una serie de publicaciones y libros a su haber. El \u00faltimo, \u201cAtlas de lo ordinario: Brasil\/Chile&#8221; (Ediciones UC), visibiliza 36 obras modernas en Brasil y Chile que no han tenido mucho reconocimiento, obra que le ha valido numerosas entrevistas en diversos medios de comunicaci\u00f3n y charlas y ponencias en distintos escenarios y universidades.<\/p>\n\n\n\n<p>INFORMACI\u00d3N PERIOD\u00cdSTICA<br>JUAN ANDR\u00c9S INZUNZA<\/p>\n","protected":false},"excerpt":{"rendered":"<p>El viernes pasado, el Decano de la Facultad de Arquitectura, Dise\u00f1o y Estudios Urbanos, Mario Ubilla, present\u00f3 ante el Honorable Consejo Superior de la Universidad Cat\u00f3lica la candidatura a Profesor Titular del profesor de la escuela de Arquitectura, Hugo Mondrag\u00f3n, \u00f3rgano que acept\u00f3 la presentaci\u00f3n y accedi\u00f3 de manera un\u00e1nime al nombramiento.<\/p>\n","protected":false},"author":1,"featured_media":4733,"comment_status":"open","ping_status":"open","sticky":false,"template":"","format":"standard","meta":{"_acf_changed":false,"footnotes":""},"categories":[1],"tags":[],"class_list":["post-4732","post","type-post","status-publish","format-standard","has-post-thumbnail","hentry","category-sin-categorizar"],"acf":[],"yoast_head":"<!-- This site is optimized with the Yoast SEO plugin v27.1.1 - https:\/\/yoast.com\/product\/yoast-seo-wordpress\/ -->\n<title>Hugo Mondrag\u00f3n es promovido a Profesor Titular de la escuela de Arquitectura - Facultad de Arquitectura, Dise\u00f1o y Estudios Urbanos<\/title>\n<meta name=\"description\" content=\"El viernes pasado, el Decano de la Facultad de Arquitectura, Dise\u00f1o y Estudios Urbanos, Mario Ubilla, present\u00f3 ante el Honorable Consejo Superior de la Universidad Cat\u00f3lica la candidatura a Profesor Titular del profesor de la escuela de Arquitectura, Hugo Mondrag\u00f3n, \u00f3rgano que acept\u00f3 la presentaci\u00f3n y accedi\u00f3 de manera un\u00e1nime al nombramiento.\" \/>\n<meta name=\"robots\" content=\"index, follow, max-snippet:-1, max-image-preview:large, max-video-preview:-1\" \/>\n<link rel=\"canonical\" href=\"https:\/\/fadeu.urantiacos.cl\/en\/2022\/06\/13\/hugo-mondragon-es-promovido-a-profesor-titular-de-la-escuela-de-arquitectura\/\" \/>\n<meta property=\"og:locale\" content=\"en_US\" \/>\n<meta property=\"og:type\" content=\"article\" \/>\n<meta property=\"og:title\" content=\"Hugo Mondrag\u00f3n es promovido a Profesor Titular de la escuela de Arquitectura - Facultad de Arquitectura, Dise\u00f1o y Estudios Urbanos\" \/>\n<meta property=\"og:description\" content=\"El viernes pasado, el Decano de la Facultad de Arquitectura, Dise\u00f1o y Estudios Urbanos, Mario Ubilla, present\u00f3 ante el Honorable Consejo Superior de la Universidad Cat\u00f3lica la candidatura a Profesor Titular del profesor de la escuela de Arquitectura, Hugo Mondrag\u00f3n, \u00f3rgano que acept\u00f3 la presentaci\u00f3n y accedi\u00f3 de manera un\u00e1nime al nombramiento.\" \/>\n<meta property=\"og:url\" content=\"https:\/\/fadeu.urantiacos.cl\/en\/2022\/06\/13\/hugo-mondragon-es-promovido-a-profesor-titular-de-la-escuela-de-arquitectura\/\" \/>\n<meta property=\"og:site_name\" content=\"Facultad de Arquitectura, Dise\u00f1o y Estudios Urbanos\" \/>\n<meta property=\"article:published_time\" content=\"2022-06-13T21:16:00+00:00\" \/>\n<meta property=\"article:modified_time\" content=\"2023-09-04T21:18:44+00:00\" \/>\n<meta property=\"og:image\" content=\"https:\/\/fadeu.urantiacos.cl\/wp-content\/uploads\/2023\/09\/Hugo_Mondragon_WEB.png\" \/>\n\t<meta property=\"og:image:width\" content=\"350\" \/>\n\t<meta property=\"og:image:height\" content=\"250\" \/>\n\t<meta property=\"og:image:type\" content=\"image\/png\" \/>\n<meta name=\"author\" content=\"manadmin\" \/>\n<meta name=\"twitter:card\" content=\"summary_large_image\" \/>\n<meta name=\"twitter:label1\" content=\"Written by\" \/>\n\t<meta name=\"twitter:data1\" content=\"manadmin\" \/>\n\t<meta name=\"twitter:label2\" content=\"Est. reading time\" \/>\n\t<meta name=\"twitter:data2\" content=\"2 minutes\" \/>\n<script type=\"application\/ld+json\" class=\"yoast-schema-graph\">{\"@context\":\"https:\/\/schema.org\",\"@graph\":[{\"@type\":\"Article\",\"@id\":\"https:\/\/fadeu.urantiacos.cl\/en\/2022\/06\/13\/hugo-mondragon-es-promovido-a-profesor-titular-de-la-escuela-de-arquitectura\/#article\",\"isPartOf\":{\"@id\":\"https:\/\/fadeu.urantiacos.cl\/en\/2022\/06\/13\/hugo-mondragon-es-promovido-a-profesor-titular-de-la-escuela-de-arquitectura\/\"},\"author\":{\"name\":\"manadmin\",\"@id\":\"https:\/\/fadeu.urantiacos.cl\/en\/#\/schema\/person\/d203e2e84b1c40275eac77b3061a19a2\"},\"headline\":\"Hugo Mondrag\u00f3n es promovido a Profesor Titular de la escuela de Arquitectura\",\"datePublished\":\"2022-06-13T21:16:00+00:00\",\"dateModified\":\"2023-09-04T21:18:44+00:00\",\"mainEntityOfPage\":{\"@id\":\"https:\/\/fadeu.urantiacos.cl\/en\/2022\/06\/13\/hugo-mondragon-es-promovido-a-profesor-titular-de-la-escuela-de-arquitectura\/\"},\"wordCount\":434,\"commentCount\":0,\"image\":{\"@id\":\"https:\/\/fadeu.urantiacos.cl\/en\/2022\/06\/13\/hugo-mondragon-es-promovido-a-profesor-titular-de-la-escuela-de-arquitectura\/#primaryimage\"},\"thumbnailUrl\":\"https:\/\/fadeu.urantiacos.cl\/wp-content\/uploads\/2023\/09\/Hugo_Mondragon_WEB.png\",\"articleSection\":[\"Sin categorizar\"],\"inLanguage\":\"en-US\",\"potentialAction\":[{\"@type\":\"CommentAction\",\"name\":\"Comment\",\"target\":[\"https:\/\/fadeu.urantiacos.cl\/en\/2022\/06\/13\/hugo-mondragon-es-promovido-a-profesor-titular-de-la-escuela-de-arquitectura\/#respond\"]}]},{\"@type\":\"WebPage\",\"@id\":\"https:\/\/fadeu.urantiacos.cl\/en\/2022\/06\/13\/hugo-mondragon-es-promovido-a-profesor-titular-de-la-escuela-de-arquitectura\/\",\"url\":\"https:\/\/fadeu.urantiacos.cl\/en\/2022\/06\/13\/hugo-mondragon-es-promovido-a-profesor-titular-de-la-escuela-de-arquitectura\/\",\"name\":\"Hugo Mondrag\u00f3n es promovido a Profesor Titular de la escuela de Arquitectura - Facultad de Arquitectura, Dise\u00f1o y Estudios Urbanos\",\"isPartOf\":{\"@id\":\"https:\/\/fadeu.urantiacos.cl\/en\/#website\"},\"primaryImageOfPage\":{\"@id\":\"https:\/\/fadeu.urantiacos.cl\/en\/2022\/06\/13\/hugo-mondragon-es-promovido-a-profesor-titular-de-la-escuela-de-arquitectura\/#primaryimage\"},\"image\":{\"@id\":\"https:\/\/fadeu.urantiacos.cl\/en\/2022\/06\/13\/hugo-mondragon-es-promovido-a-profesor-titular-de-la-escuela-de-arquitectura\/#primaryimage\"},\"thumbnailUrl\":\"https:\/\/fadeu.urantiacos.cl\/wp-content\/uploads\/2023\/09\/Hugo_Mondragon_WEB.png\",\"datePublished\":\"2022-06-13T21:16:00+00:00\",\"dateModified\":\"2023-09-04T21:18:44+00:00\",\"author\":{\"@id\":\"https:\/\/fadeu.urantiacos.cl\/en\/#\/schema\/person\/d203e2e84b1c40275eac77b3061a19a2\"},\"description\":\"El viernes pasado, el Decano de la Facultad de Arquitectura, Dise\u00f1o y Estudios Urbanos, Mario Ubilla, present\u00f3 ante el Honorable Consejo Superior de la Universidad Cat\u00f3lica la candidatura a Profesor Titular del profesor de la escuela de Arquitectura, Hugo Mondrag\u00f3n, \u00f3rgano que acept\u00f3 la presentaci\u00f3n y accedi\u00f3 de manera un\u00e1nime al nombramiento.\",\"breadcrumb\":{\"@id\":\"https:\/\/fadeu.urantiacos.cl\/en\/2022\/06\/13\/hugo-mondragon-es-promovido-a-profesor-titular-de-la-escuela-de-arquitectura\/#breadcrumb\"},\"inLanguage\":\"en-US\",\"potentialAction\":[{\"@type\":\"ReadAction\",\"target\":[\"https:\/\/fadeu.urantiacos.cl\/en\/2022\/06\/13\/hugo-mondragon-es-promovido-a-profesor-titular-de-la-escuela-de-arquitectura\/\"]}]},{\"@type\":\"ImageObject\",\"inLanguage\":\"en-US\",\"@id\":\"https:\/\/fadeu.urantiacos.cl\/en\/2022\/06\/13\/hugo-mondragon-es-promovido-a-profesor-titular-de-la-escuela-de-arquitectura\/#primaryimage\",\"url\":\"https:\/\/fadeu.urantiacos.cl\/wp-content\/uploads\/2023\/09\/Hugo_Mondragon_WEB.png\",\"contentUrl\":\"https:\/\/fadeu.urantiacos.cl\/wp-content\/uploads\/2023\/09\/Hugo_Mondragon_WEB.png\",\"width\":350,\"height\":250},{\"@type\":\"BreadcrumbList\",\"@id\":\"https:\/\/fadeu.urantiacos.cl\/en\/2022\/06\/13\/hugo-mondragon-es-promovido-a-profesor-titular-de-la-escuela-de-arquitectura\/#breadcrumb\",\"itemListElement\":[{\"@type\":\"ListItem\",\"position\":1,\"name\":\"Portada\",\"item\":\"https:\/\/fadeu.urantiacos.cl\/en\/\"},{\"@type\":\"ListItem\",\"position\":2,\"name\":\"Hugo Mondrag\u00f3n es promovido a Profesor Titular de la escuela de Arquitectura\"}]},{\"@type\":\"WebSite\",\"@id\":\"https:\/\/fadeu.urantiacos.cl\/en\/#website\",\"url\":\"https:\/\/fadeu.urantiacos.cl\/en\/\",\"name\":\"Facultad de Arquitectura, Dise\u00f1o y Estudios Urbanos\",\"description\":\"Campus Lo Contador\",\"potentialAction\":[{\"@type\":\"SearchAction\",\"target\":{\"@type\":\"EntryPoint\",\"urlTemplate\":\"https:\/\/fadeu.urantiacos.cl\/en\/?s={search_term_string}\"},\"query-input\":{\"@type\":\"PropertyValueSpecification\",\"valueRequired\":true,\"valueName\":\"search_term_string\"}}],\"inLanguage\":\"en-US\"},{\"@type\":\"Person\",\"@id\":\"https:\/\/fadeu.urantiacos.cl\/en\/#\/schema\/person\/d203e2e84b1c40275eac77b3061a19a2\",\"name\":\"manadmin\",\"image\":{\"@type\":\"ImageObject\",\"inLanguage\":\"en-US\",\"@id\":\"https:\/\/fadeu.urantiacos.cl\/en\/#\/schema\/person\/image\/\",\"url\":\"https:\/\/secure.gravatar.com\/avatar\/4b1d8e3303b4a9d8968ac578947d8bc80d9aea359f388cdd4aac15cadc0e8447?s=96&d=mm&r=g\",\"contentUrl\":\"https:\/\/secure.gravatar.com\/avatar\/4b1d8e3303b4a9d8968ac578947d8bc80d9aea359f388cdd4aac15cadc0e8447?s=96&d=mm&r=g\",\"caption\":\"manadmin\"},\"sameAs\":[\"https:\/\/fadeu.urantiacos.cl\"]}]}<\/script>\n<!-- \/ Yoast SEO plugin. -->","yoast_head_json":{"title":"Hugo Mondrag\u00f3n es promovido a Profesor Titular de la escuela de Arquitectura - Facultad de Arquitectura, Dise\u00f1o y Estudios Urbanos","description":"El viernes pasado, el Decano de la Facultad de Arquitectura, Dise\u00f1o y Estudios Urbanos, Mario Ubilla, present\u00f3 ante el Honorable Consejo Superior de la Universidad Cat\u00f3lica la candidatura a Profesor Titular del profesor de la escuela de Arquitectura, Hugo Mondrag\u00f3n, \u00f3rgano que acept\u00f3 la presentaci\u00f3n y accedi\u00f3 de manera un\u00e1nime al nombramiento.","robots":{"index":"index","follow":"follow","max-snippet":"max-snippet:-1","max-image-preview":"max-image-preview:large","max-video-preview":"max-video-preview:-1"},"canonical":"https:\/\/fadeu.urantiacos.cl\/en\/2022\/06\/13\/hugo-mondragon-es-promovido-a-profesor-titular-de-la-escuela-de-arquitectura\/","og_locale":"en_US","og_type":"article","og_title":"Hugo Mondrag\u00f3n es promovido a Profesor Titular de la escuela de Arquitectura - Facultad de Arquitectura, Dise\u00f1o y Estudios Urbanos","og_description":"El viernes pasado, el Decano de la Facultad de Arquitectura, Dise\u00f1o y Estudios Urbanos, Mario Ubilla, present\u00f3 ante el Honorable Consejo Superior de la Universidad Cat\u00f3lica la candidatura a Profesor Titular del profesor de la escuela de Arquitectura, Hugo Mondrag\u00f3n, \u00f3rgano que acept\u00f3 la presentaci\u00f3n y accedi\u00f3 de manera un\u00e1nime al nombramiento.","og_url":"https:\/\/fadeu.urantiacos.cl\/en\/2022\/06\/13\/hugo-mondragon-es-promovido-a-profesor-titular-de-la-escuela-de-arquitectura\/","og_site_name":"Facultad de Arquitectura, Dise\u00f1o y Estudios Urbanos","article_published_time":"2022-06-13T21:16:00+00:00","article_modified_time":"2023-09-04T21:18:44+00:00","og_image":[{"width":350,"height":250,"url":"https:\/\/fadeu.urantiacos.cl\/wp-content\/uploads\/2023\/09\/Hugo_Mondragon_WEB.png","type":"image\/png"}],"author":"manadmin","twitter_card":"summary_large_image","twitter_misc":{"Written by":"manadmin","Est. reading time":"2 minutes"},"schema":{"@context":"https:\/\/schema.org","@graph":[{"@type":"Article","@id":"https:\/\/fadeu.urantiacos.cl\/en\/2022\/06\/13\/hugo-mondragon-es-promovido-a-profesor-titular-de-la-escuela-de-arquitectura\/#article","isPartOf":{"@id":"https:\/\/fadeu.urantiacos.cl\/en\/2022\/06\/13\/hugo-mondragon-es-promovido-a-profesor-titular-de-la-escuela-de-arquitectura\/"},"author":{"name":"manadmin","@id":"https:\/\/fadeu.urantiacos.cl\/en\/#\/schema\/person\/d203e2e84b1c40275eac77b3061a19a2"},"headline":"Hugo Mondrag\u00f3n es promovido a Profesor Titular de la escuela de Arquitectura","datePublished":"2022-06-13T21:16:00+00:00","dateModified":"2023-09-04T21:18:44+00:00","mainEntityOfPage":{"@id":"https:\/\/fadeu.urantiacos.cl\/en\/2022\/06\/13\/hugo-mondragon-es-promovido-a-profesor-titular-de-la-escuela-de-arquitectura\/"},"wordCount":434,"commentCount":0,"image":{"@id":"https:\/\/fadeu.urantiacos.cl\/en\/2022\/06\/13\/hugo-mondragon-es-promovido-a-profesor-titular-de-la-escuela-de-arquitectura\/#primaryimage"},"thumbnailUrl":"https:\/\/fadeu.urantiacos.cl\/wp-content\/uploads\/2023\/09\/Hugo_Mondragon_WEB.png","articleSection":["Sin categorizar"],"inLanguage":"en-US","potentialAction":[{"@type":"CommentAction","name":"Comment","target":["https:\/\/fadeu.urantiacos.cl\/en\/2022\/06\/13\/hugo-mondragon-es-promovido-a-profesor-titular-de-la-escuela-de-arquitectura\/#respond"]}]},{"@type":"WebPage","@id":"https:\/\/fadeu.urantiacos.cl\/en\/2022\/06\/13\/hugo-mondragon-es-promovido-a-profesor-titular-de-la-escuela-de-arquitectura\/","url":"https:\/\/fadeu.urantiacos.cl\/en\/2022\/06\/13\/hugo-mondragon-es-promovido-a-profesor-titular-de-la-escuela-de-arquitectura\/","name":"Hugo Mondrag\u00f3n es promovido a Profesor Titular de la escuela de Arquitectura - Facultad de Arquitectura, Dise\u00f1o y Estudios Urbanos","isPartOf":{"@id":"https:\/\/fadeu.urantiacos.cl\/en\/#website"},"primaryImageOfPage":{"@id":"https:\/\/fadeu.urantiacos.cl\/en\/2022\/06\/13\/hugo-mondragon-es-promovido-a-profesor-titular-de-la-escuela-de-arquitectura\/#primaryimage"},"image":{"@id":"https:\/\/fadeu.urantiacos.cl\/en\/2022\/06\/13\/hugo-mondragon-es-promovido-a-profesor-titular-de-la-escuela-de-arquitectura\/#primaryimage"},"thumbnailUrl":"https:\/\/fadeu.urantiacos.cl\/wp-content\/uploads\/2023\/09\/Hugo_Mondragon_WEB.png","datePublished":"2022-06-13T21:16:00+00:00","dateModified":"2023-09-04T21:18:44+00:00","author":{"@id":"https:\/\/fadeu.urantiacos.cl\/en\/#\/schema\/person\/d203e2e84b1c40275eac77b3061a19a2"},"description":"El viernes pasado, el Decano de la Facultad de Arquitectura, Dise\u00f1o y Estudios Urbanos, Mario Ubilla, present\u00f3 ante el Honorable Consejo Superior de la Universidad Cat\u00f3lica la candidatura a Profesor Titular del profesor de la escuela de Arquitectura, Hugo Mondrag\u00f3n, \u00f3rgano que acept\u00f3 la presentaci\u00f3n y accedi\u00f3 de manera un\u00e1nime al nombramiento.","breadcrumb":{"@id":"https:\/\/fadeu.urantiacos.cl\/en\/2022\/06\/13\/hugo-mondragon-es-promovido-a-profesor-titular-de-la-escuela-de-arquitectura\/#breadcrumb"},"inLanguage":"en-US","potentialAction":[{"@type":"ReadAction","target":["https:\/\/fadeu.urantiacos.cl\/en\/2022\/06\/13\/hugo-mondragon-es-promovido-a-profesor-titular-de-la-escuela-de-arquitectura\/"]}]},{"@type":"ImageObject","inLanguage":"en-US","@id":"https:\/\/fadeu.urantiacos.cl\/en\/2022\/06\/13\/hugo-mondragon-es-promovido-a-profesor-titular-de-la-escuela-de-arquitectura\/#primaryimage","url":"https:\/\/fadeu.urantiacos.cl\/wp-content\/uploads\/2023\/09\/Hugo_Mondragon_WEB.png","contentUrl":"https:\/\/fadeu.urantiacos.cl\/wp-content\/uploads\/2023\/09\/Hugo_Mondragon_WEB.png","width":350,"height":250},{"@type":"BreadcrumbList","@id":"https:\/\/fadeu.urantiacos.cl\/en\/2022\/06\/13\/hugo-mondragon-es-promovido-a-profesor-titular-de-la-escuela-de-arquitectura\/#breadcrumb","itemListElement":[{"@type":"ListItem","position":1,"name":"Portada","item":"https:\/\/fadeu.urantiacos.cl\/en\/"},{"@type":"ListItem","position":2,"name":"Hugo Mondrag\u00f3n es promovido a Profesor Titular de la escuela de Arquitectura"}]},{"@type":"WebSite","@id":"https:\/\/fadeu.urantiacos.cl\/en\/#website","url":"https:\/\/fadeu.urantiacos.cl\/en\/","name":"Facultad de Arquitectura, Dise\u00f1o y Estudios Urbanos","description":"Campus Lo Contador","potentialAction":[{"@type":"SearchAction","target":{"@type":"EntryPoint","urlTemplate":"https:\/\/fadeu.urantiacos.cl\/en\/?s={search_term_string}"},"query-input":{"@type":"PropertyValueSpecification","valueRequired":true,"valueName":"search_term_string"}}],"inLanguage":"en-US"},{"@type":"Person","@id":"https:\/\/fadeu.urantiacos.cl\/en\/#\/schema\/person\/d203e2e84b1c40275eac77b3061a19a2","name":"manadmin","image":{"@type":"ImageObject","inLanguage":"en-US","@id":"https:\/\/fadeu.urantiacos.cl\/en\/#\/schema\/person\/image\/","url":"https:\/\/secure.gravatar.com\/avatar\/4b1d8e3303b4a9d8968ac578947d8bc80d9aea359f388cdd4aac15cadc0e8447?s=96&d=mm&r=g","contentUrl":"https:\/\/secure.gravatar.com\/avatar\/4b1d8e3303b4a9d8968ac578947d8bc80d9aea359f388cdd4aac15cadc0e8447?s=96&d=mm&r=g","caption":"manadmin"},"sameAs":["https:\/\/fadeu.urantiacos.cl"]}]}},"_links":{"self":[{"href":"https:\/\/fadeu.urantiacos.cl\/en\/wp-json\/wp\/v2\/posts\/4732","targetHints":{"allow":["GET"]}}],"collection":[{"href":"https:\/\/fadeu.urantiacos.cl\/en\/wp-json\/wp\/v2\/posts"}],"about":[{"href":"https:\/\/fadeu.urantiacos.cl\/en\/wp-json\/wp\/v2\/types\/post"}],"author":[{"embeddable":true,"href":"https:\/\/fadeu.urantiacos.cl\/en\/wp-json\/wp\/v2\/users\/1"}],"replies":[{"embeddable":true,"href":"https:\/\/fadeu.urantiacos.cl\/en\/wp-json\/wp\/v2\/comments?post=4732"}],"version-history":[{"count":1,"href":"https:\/\/fadeu.urantiacos.cl\/en\/wp-json\/wp\/v2\/posts\/4732\/revisions"}],"predecessor-version":[{"id":4734,"href":"https:\/\/fadeu.urantiacos.cl\/en\/wp-json\/wp\/v2\/posts\/4732\/revisions\/4734"}],"wp:featuredmedia":[{"embeddable":true,"href":"https:\/\/fadeu.urantiacos.cl\/en\/wp-json\/wp\/v2\/media\/4733"}],"wp:attachment":[{"href":"https:\/\/fadeu.urantiacos.cl\/en\/wp-json\/wp\/v2\/media?parent=4732"}],"wp:term":[{"taxonomy":"category","embeddable":true,"href":"https:\/\/fadeu.urantiacos.cl\/en\/wp-json\/wp\/v2\/categories?post=4732"},{"taxonomy":"post_tag","embeddable":true,"href":"https:\/\/fadeu.urantiacos.cl\/en\/wp-json\/wp\/v2\/tags?post=4732"}],"curies":[{"name":"wp","href":"https:\/\/api.w.org\/{rel}","templated":true}]}}