{"id":4721,"date":"2022-06-16T18:06:00","date_gmt":"2022-06-16T21:06:00","guid":{"rendered":"https:\/\/fadeu.urantiacos.cl\/?p=4721"},"modified":"2023-09-04T18:08:36","modified_gmt":"2023-09-04T21:08:36","slug":"maria-luisa-mendez-y-macarena-ibarra-participan-de-congreso-ceisal-helsinki-2022","status":"publish","type":"post","link":"https:\/\/fadeu.urantiacos.cl\/en\/2022\/06\/16\/maria-luisa-mendez-y-macarena-ibarra-participan-de-congreso-ceisal-helsinki-2022\/","title":{"rendered":"Mar\u00eda Luisa M\u00e9ndez y Macarena Ibarra participan de congreso CEISAL, Helsinki 2022"},"content":{"rendered":"\n<figure class=\"wp-block-image size-full\"><img decoding=\"async\" width=\"350\" height=\"250\" src=\"https:\/\/fadeu.urantiacos.cl\/wp-content\/uploads\/2023\/09\/WEB_Mendez_Ibarra-Helsinsiki.jpg\" alt=\"\" class=\"wp-image-4722\" srcset=\"https:\/\/fadeu.urantiacos.cl\/wp-content\/uploads\/2023\/09\/WEB_Mendez_Ibarra-Helsinsiki.jpg 350w, https:\/\/fadeu.urantiacos.cl\/wp-content\/uploads\/2023\/09\/WEB_Mendez_Ibarra-Helsinsiki-300x214.jpg 300w\" sizes=\"(max-width: 350px) 100vw, 350px\" \/><\/figure>\n\n\n\n<p>El proyecto se sit\u00faa post estallido social del a\u00f1o 2019 en Chile, y se concentra en entender los componentes que envolvieron el monumento p\u00fablico como uno de los principales elementos de vandalizaci\u00f3n y disputa durante las movilizaciones.<\/p>\n\n\n\n<p>La tem\u00e1tica, se inserta dentro de la discusi\u00f3n global en el marco del concepto de&nbsp;urban fallism, el cual aborda las formas que toman las tensiones sobre los monumentos en el espacio de la ciudad, \u201csituando al patrimonio como campo en disputa entre sujetos, pr\u00e1cticas y discursos\u201d.<\/p>\n\n\n\n<p>En palabras del equipo de investigaci\u00f3n compuesto por las acad\u00e9micas&nbsp;<a href=\"https:\/\/estudiosurbanos.uc.cl\/academicos\/maria-luisa-mendez-layera\/\" target=\"_blank\" rel=\"noreferrer noopener\">Mar\u00eda Luisa M\u00e9ndez<\/a>,&nbsp;<a href=\"https:\/\/estudiosurbanos.uc.cl\/academicos\/macarena-ibarra-alonso\/\" target=\"_blank\" rel=\"noreferrer noopener\">Macarena Ibarra<\/a>&nbsp;y&nbsp;<a href=\"https:\/\/estudiosurbanos.uc.cl\/academicos\/christian-matus-madrid\/\" target=\"_blank\" rel=\"noreferrer noopener\">Christian Matus<\/a>:<\/p>\n\n\n\n<p>\u201cEl proyecto sugiere la necesidad de discutir el rol de representaci\u00f3n de los monumentos p\u00fablicos con el fin de avanzar hacia una mejor coexistencia en el espacio p\u00fablico, de las m\u00faltiples narrativas del pasado.<\/p>\n\n\n\n<p>Se propone abrir nuevas interpretaciones de una memoria p\u00fablica, diversa y plural, fundada sobre las relaciones entre el pasado, presente y futuro, con una mayor participaci\u00f3n de la ciudadan\u00eda en la definici\u00f3n de los nuevos sentidos y significados que se plasman en el espacio p\u00fablico, en tanto lugar de encuentro colectivo\u201d.<\/p>\n\n\n\n<p>La presentaci\u00f3n ser\u00e1 parte de la segunda temporada 2022 de la&nbsp;Serie Jornadas de Investigaci\u00f3n en el Instituto, a realizarse entre los meses de octubre y noviembre.<\/p>\n\n\n\n<p>M\u00e1s informaci\u00f3n del proyecto&nbsp;<a href=\"https:\/\/estudiosurbanos.uc.cl\/investigacion\/patrimonios-como-campo-en-disputa-actores-discursos-y-practicas-en-chile-2003-2020\/\" target=\"_blank\" rel=\"noreferrer noopener\">AQU\u00cd<\/a>.<\/p>\n\n\n\n<p>INFORMACI\u00d3N PERIOD\u00cdSTICA<br>INSTITUTO DE ESTUDIOS URBANOS<\/p>\n","protected":false},"excerpt":{"rendered":"<p>La presentaci\u00f3n se titul\u00f3 \u201cLas disputas urbanas del patrimonio. Nuevas pr\u00e1cticas, actores y discursos en el Chile post-estallido social\u201d y mostr\u00f3 parte de los resultados de la investigaci\u00f3n financiada por el Centro de estudios de Conflicto y Coesi\u00f3n Social (COES) en el periodo 2020-2021 \u201cPatrimonios como campo en disputa. Actores, discursos y pr\u00e1cticas en Chile (2003-2020)\u201d.<\/p>\n","protected":false},"author":1,"featured_media":4722,"comment_status":"open","ping_status":"open","sticky":false,"template":"","format":"standard","meta":{"_acf_changed":false,"footnotes":""},"categories":[1],"tags":[],"class_list":["post-4721","post","type-post","status-publish","format-standard","has-post-thumbnail","hentry","category-sin-categorizar"],"acf":[],"yoast_head":"<!-- This site is optimized with the Yoast SEO plugin v27.1.1 - https:\/\/yoast.com\/product\/yoast-seo-wordpress\/ -->\n<title>Mar\u00eda Luisa M\u00e9ndez y Macarena Ibarra participan de congreso CEISAL, Helsinki 2022 - Facultad de Arquitectura, Dise\u00f1o y Estudios Urbanos<\/title>\n<meta name=\"description\" content=\"La presentaci\u00f3n se titul\u00f3 \u201cLas disputas urbanas del patrimonio. Nuevas pr\u00e1cticas, actores y discursos en el Chile post-estallido social\u201d y mostr\u00f3 parte de los resultados de la investigaci\u00f3n financiada por el Centro de estudios de Conflicto y Coesi\u00f3n Social (COES) en el periodo 2020-2021 \u201cPatrimonios como campo en disputa. Actores, discursos y pr\u00e1cticas en Chile (2003-2020)\u201d.\" \/>\n<meta name=\"robots\" content=\"index, follow, max-snippet:-1, max-image-preview:large, max-video-preview:-1\" \/>\n<link rel=\"canonical\" href=\"https:\/\/fadeu.urantiacos.cl\/en\/2022\/06\/16\/maria-luisa-mendez-y-macarena-ibarra-participan-de-congreso-ceisal-helsinki-2022\/\" \/>\n<meta property=\"og:locale\" content=\"en_US\" \/>\n<meta property=\"og:type\" content=\"article\" \/>\n<meta property=\"og:title\" content=\"Mar\u00eda Luisa M\u00e9ndez y Macarena Ibarra participan de congreso CEISAL, Helsinki 2022 - Facultad de Arquitectura, Dise\u00f1o y Estudios Urbanos\" \/>\n<meta property=\"og:description\" content=\"La presentaci\u00f3n se titul\u00f3 \u201cLas disputas urbanas del patrimonio. Nuevas pr\u00e1cticas, actores y discursos en el Chile post-estallido social\u201d y mostr\u00f3 parte de los resultados de la investigaci\u00f3n financiada por el Centro de estudios de Conflicto y Coesi\u00f3n Social (COES) en el periodo 2020-2021 \u201cPatrimonios como campo en disputa. Actores, discursos y pr\u00e1cticas en Chile (2003-2020)\u201d.\" \/>\n<meta property=\"og:url\" content=\"https:\/\/fadeu.urantiacos.cl\/en\/2022\/06\/16\/maria-luisa-mendez-y-macarena-ibarra-participan-de-congreso-ceisal-helsinki-2022\/\" \/>\n<meta property=\"og:site_name\" content=\"Facultad de Arquitectura, Dise\u00f1o y Estudios Urbanos\" \/>\n<meta property=\"article:published_time\" content=\"2022-06-16T21:06:00+00:00\" \/>\n<meta property=\"article:modified_time\" content=\"2023-09-04T21:08:36+00:00\" \/>\n<meta property=\"og:image\" content=\"https:\/\/fadeu.urantiacos.cl\/wp-content\/uploads\/2023\/09\/WEB_Mendez_Ibarra-Helsinsiki.jpg\" \/>\n\t<meta property=\"og:image:width\" content=\"350\" \/>\n\t<meta property=\"og:image:height\" content=\"250\" \/>\n\t<meta property=\"og:image:type\" content=\"image\/jpeg\" \/>\n<meta name=\"author\" content=\"manadmin\" \/>\n<meta name=\"twitter:card\" content=\"summary_large_image\" \/>\n<meta name=\"twitter:label1\" content=\"Written by\" \/>\n\t<meta name=\"twitter:data1\" content=\"manadmin\" \/>\n\t<meta name=\"twitter:label2\" content=\"Est. reading time\" \/>\n\t<meta name=\"twitter:data2\" content=\"1 minute\" \/>\n<script type=\"application\/ld+json\" class=\"yoast-schema-graph\">{\"@context\":\"https:\/\/schema.org\",\"@graph\":[{\"@type\":\"Article\",\"@id\":\"https:\/\/fadeu.urantiacos.cl\/en\/2022\/06\/16\/maria-luisa-mendez-y-macarena-ibarra-participan-de-congreso-ceisal-helsinki-2022\/#article\",\"isPartOf\":{\"@id\":\"https:\/\/fadeu.urantiacos.cl\/en\/2022\/06\/16\/maria-luisa-mendez-y-macarena-ibarra-participan-de-congreso-ceisal-helsinki-2022\/\"},\"author\":{\"name\":\"manadmin\",\"@id\":\"https:\/\/fadeu.urantiacos.cl\/en\/#\/schema\/person\/d203e2e84b1c40275eac77b3061a19a2\"},\"headline\":\"Mar\u00eda Luisa M\u00e9ndez y Macarena Ibarra participan de congreso CEISAL, Helsinki 2022\",\"datePublished\":\"2022-06-16T21:06:00+00:00\",\"dateModified\":\"2023-09-04T21:08:36+00:00\",\"mainEntityOfPage\":{\"@id\":\"https:\/\/fadeu.urantiacos.cl\/en\/2022\/06\/16\/maria-luisa-mendez-y-macarena-ibarra-participan-de-congreso-ceisal-helsinki-2022\/\"},\"wordCount\":268,\"commentCount\":0,\"image\":{\"@id\":\"https:\/\/fadeu.urantiacos.cl\/en\/2022\/06\/16\/maria-luisa-mendez-y-macarena-ibarra-participan-de-congreso-ceisal-helsinki-2022\/#primaryimage\"},\"thumbnailUrl\":\"https:\/\/fadeu.urantiacos.cl\/wp-content\/uploads\/2023\/09\/WEB_Mendez_Ibarra-Helsinsiki.jpg\",\"articleSection\":[\"Sin categorizar\"],\"inLanguage\":\"en-US\",\"potentialAction\":[{\"@type\":\"CommentAction\",\"name\":\"Comment\",\"target\":[\"https:\/\/fadeu.urantiacos.cl\/en\/2022\/06\/16\/maria-luisa-mendez-y-macarena-ibarra-participan-de-congreso-ceisal-helsinki-2022\/#respond\"]}]},{\"@type\":\"WebPage\",\"@id\":\"https:\/\/fadeu.urantiacos.cl\/en\/2022\/06\/16\/maria-luisa-mendez-y-macarena-ibarra-participan-de-congreso-ceisal-helsinki-2022\/\",\"url\":\"https:\/\/fadeu.urantiacos.cl\/en\/2022\/06\/16\/maria-luisa-mendez-y-macarena-ibarra-participan-de-congreso-ceisal-helsinki-2022\/\",\"name\":\"Mar\u00eda Luisa M\u00e9ndez y Macarena Ibarra participan de congreso CEISAL, Helsinki 2022 - Facultad de Arquitectura, Dise\u00f1o y Estudios Urbanos\",\"isPartOf\":{\"@id\":\"https:\/\/fadeu.urantiacos.cl\/en\/#website\"},\"primaryImageOfPage\":{\"@id\":\"https:\/\/fadeu.urantiacos.cl\/en\/2022\/06\/16\/maria-luisa-mendez-y-macarena-ibarra-participan-de-congreso-ceisal-helsinki-2022\/#primaryimage\"},\"image\":{\"@id\":\"https:\/\/fadeu.urantiacos.cl\/en\/2022\/06\/16\/maria-luisa-mendez-y-macarena-ibarra-participan-de-congreso-ceisal-helsinki-2022\/#primaryimage\"},\"thumbnailUrl\":\"https:\/\/fadeu.urantiacos.cl\/wp-content\/uploads\/2023\/09\/WEB_Mendez_Ibarra-Helsinsiki.jpg\",\"datePublished\":\"2022-06-16T21:06:00+00:00\",\"dateModified\":\"2023-09-04T21:08:36+00:00\",\"author\":{\"@id\":\"https:\/\/fadeu.urantiacos.cl\/en\/#\/schema\/person\/d203e2e84b1c40275eac77b3061a19a2\"},\"description\":\"La presentaci\u00f3n se titul\u00f3 \u201cLas disputas urbanas del patrimonio. Nuevas pr\u00e1cticas, actores y discursos en el Chile post-estallido social\u201d y mostr\u00f3 parte de los resultados de la investigaci\u00f3n financiada por el Centro de estudios de Conflicto y Coesi\u00f3n Social (COES) en el periodo 2020-2021 \u201cPatrimonios como campo en disputa. Actores, discursos y pr\u00e1cticas en Chile (2003-2020)\u201d.\",\"breadcrumb\":{\"@id\":\"https:\/\/fadeu.urantiacos.cl\/en\/2022\/06\/16\/maria-luisa-mendez-y-macarena-ibarra-participan-de-congreso-ceisal-helsinki-2022\/#breadcrumb\"},\"inLanguage\":\"en-US\",\"potentialAction\":[{\"@type\":\"ReadAction\",\"target\":[\"https:\/\/fadeu.urantiacos.cl\/en\/2022\/06\/16\/maria-luisa-mendez-y-macarena-ibarra-participan-de-congreso-ceisal-helsinki-2022\/\"]}]},{\"@type\":\"ImageObject\",\"inLanguage\":\"en-US\",\"@id\":\"https:\/\/fadeu.urantiacos.cl\/en\/2022\/06\/16\/maria-luisa-mendez-y-macarena-ibarra-participan-de-congreso-ceisal-helsinki-2022\/#primaryimage\",\"url\":\"https:\/\/fadeu.urantiacos.cl\/wp-content\/uploads\/2023\/09\/WEB_Mendez_Ibarra-Helsinsiki.jpg\",\"contentUrl\":\"https:\/\/fadeu.urantiacos.cl\/wp-content\/uploads\/2023\/09\/WEB_Mendez_Ibarra-Helsinsiki.jpg\",\"width\":350,\"height\":250},{\"@type\":\"BreadcrumbList\",\"@id\":\"https:\/\/fadeu.urantiacos.cl\/en\/2022\/06\/16\/maria-luisa-mendez-y-macarena-ibarra-participan-de-congreso-ceisal-helsinki-2022\/#breadcrumb\",\"itemListElement\":[{\"@type\":\"ListItem\",\"position\":1,\"name\":\"Portada\",\"item\":\"https:\/\/fadeu.urantiacos.cl\/en\/\"},{\"@type\":\"ListItem\",\"position\":2,\"name\":\"Mar\u00eda Luisa M\u00e9ndez y Macarena Ibarra participan de congreso CEISAL, Helsinki 2022\"}]},{\"@type\":\"WebSite\",\"@id\":\"https:\/\/fadeu.urantiacos.cl\/en\/#website\",\"url\":\"https:\/\/fadeu.urantiacos.cl\/en\/\",\"name\":\"Facultad de Arquitectura, Dise\u00f1o y Estudios Urbanos\",\"description\":\"Campus Lo Contador\",\"potentialAction\":[{\"@type\":\"SearchAction\",\"target\":{\"@type\":\"EntryPoint\",\"urlTemplate\":\"https:\/\/fadeu.urantiacos.cl\/en\/?s={search_term_string}\"},\"query-input\":{\"@type\":\"PropertyValueSpecification\",\"valueRequired\":true,\"valueName\":\"search_term_string\"}}],\"inLanguage\":\"en-US\"},{\"@type\":\"Person\",\"@id\":\"https:\/\/fadeu.urantiacos.cl\/en\/#\/schema\/person\/d203e2e84b1c40275eac77b3061a19a2\",\"name\":\"manadmin\",\"image\":{\"@type\":\"ImageObject\",\"inLanguage\":\"en-US\",\"@id\":\"https:\/\/fadeu.urantiacos.cl\/en\/#\/schema\/person\/image\/\",\"url\":\"https:\/\/secure.gravatar.com\/avatar\/4b1d8e3303b4a9d8968ac578947d8bc80d9aea359f388cdd4aac15cadc0e8447?s=96&d=mm&r=g\",\"contentUrl\":\"https:\/\/secure.gravatar.com\/avatar\/4b1d8e3303b4a9d8968ac578947d8bc80d9aea359f388cdd4aac15cadc0e8447?s=96&d=mm&r=g\",\"caption\":\"manadmin\"},\"sameAs\":[\"https:\/\/fadeu.urantiacos.cl\"]}]}<\/script>\n<!-- \/ Yoast SEO plugin. -->","yoast_head_json":{"title":"Mar\u00eda Luisa M\u00e9ndez y Macarena Ibarra participan de congreso CEISAL, Helsinki 2022 - Facultad de Arquitectura, Dise\u00f1o y Estudios Urbanos","description":"La presentaci\u00f3n se titul\u00f3 \u201cLas disputas urbanas del patrimonio. Nuevas pr\u00e1cticas, actores y discursos en el Chile post-estallido social\u201d y mostr\u00f3 parte de los resultados de la investigaci\u00f3n financiada por el Centro de estudios de Conflicto y Coesi\u00f3n Social (COES) en el periodo 2020-2021 \u201cPatrimonios como campo en disputa. Actores, discursos y pr\u00e1cticas en Chile (2003-2020)\u201d.","robots":{"index":"index","follow":"follow","max-snippet":"max-snippet:-1","max-image-preview":"max-image-preview:large","max-video-preview":"max-video-preview:-1"},"canonical":"https:\/\/fadeu.urantiacos.cl\/en\/2022\/06\/16\/maria-luisa-mendez-y-macarena-ibarra-participan-de-congreso-ceisal-helsinki-2022\/","og_locale":"en_US","og_type":"article","og_title":"Mar\u00eda Luisa M\u00e9ndez y Macarena Ibarra participan de congreso CEISAL, Helsinki 2022 - Facultad de Arquitectura, Dise\u00f1o y Estudios Urbanos","og_description":"La presentaci\u00f3n se titul\u00f3 \u201cLas disputas urbanas del patrimonio. Nuevas pr\u00e1cticas, actores y discursos en el Chile post-estallido social\u201d y mostr\u00f3 parte de los resultados de la investigaci\u00f3n financiada por el Centro de estudios de Conflicto y Coesi\u00f3n Social (COES) en el periodo 2020-2021 \u201cPatrimonios como campo en disputa. Actores, discursos y pr\u00e1cticas en Chile (2003-2020)\u201d.","og_url":"https:\/\/fadeu.urantiacos.cl\/en\/2022\/06\/16\/maria-luisa-mendez-y-macarena-ibarra-participan-de-congreso-ceisal-helsinki-2022\/","og_site_name":"Facultad de Arquitectura, Dise\u00f1o y Estudios Urbanos","article_published_time":"2022-06-16T21:06:00+00:00","article_modified_time":"2023-09-04T21:08:36+00:00","og_image":[{"width":350,"height":250,"url":"https:\/\/fadeu.urantiacos.cl\/wp-content\/uploads\/2023\/09\/WEB_Mendez_Ibarra-Helsinsiki.jpg","type":"image\/jpeg"}],"author":"manadmin","twitter_card":"summary_large_image","twitter_misc":{"Written by":"manadmin","Est. reading time":"1 minute"},"schema":{"@context":"https:\/\/schema.org","@graph":[{"@type":"Article","@id":"https:\/\/fadeu.urantiacos.cl\/en\/2022\/06\/16\/maria-luisa-mendez-y-macarena-ibarra-participan-de-congreso-ceisal-helsinki-2022\/#article","isPartOf":{"@id":"https:\/\/fadeu.urantiacos.cl\/en\/2022\/06\/16\/maria-luisa-mendez-y-macarena-ibarra-participan-de-congreso-ceisal-helsinki-2022\/"},"author":{"name":"manadmin","@id":"https:\/\/fadeu.urantiacos.cl\/en\/#\/schema\/person\/d203e2e84b1c40275eac77b3061a19a2"},"headline":"Mar\u00eda Luisa M\u00e9ndez y Macarena Ibarra participan de congreso CEISAL, Helsinki 2022","datePublished":"2022-06-16T21:06:00+00:00","dateModified":"2023-09-04T21:08:36+00:00","mainEntityOfPage":{"@id":"https:\/\/fadeu.urantiacos.cl\/en\/2022\/06\/16\/maria-luisa-mendez-y-macarena-ibarra-participan-de-congreso-ceisal-helsinki-2022\/"},"wordCount":268,"commentCount":0,"image":{"@id":"https:\/\/fadeu.urantiacos.cl\/en\/2022\/06\/16\/maria-luisa-mendez-y-macarena-ibarra-participan-de-congreso-ceisal-helsinki-2022\/#primaryimage"},"thumbnailUrl":"https:\/\/fadeu.urantiacos.cl\/wp-content\/uploads\/2023\/09\/WEB_Mendez_Ibarra-Helsinsiki.jpg","articleSection":["Sin categorizar"],"inLanguage":"en-US","potentialAction":[{"@type":"CommentAction","name":"Comment","target":["https:\/\/fadeu.urantiacos.cl\/en\/2022\/06\/16\/maria-luisa-mendez-y-macarena-ibarra-participan-de-congreso-ceisal-helsinki-2022\/#respond"]}]},{"@type":"WebPage","@id":"https:\/\/fadeu.urantiacos.cl\/en\/2022\/06\/16\/maria-luisa-mendez-y-macarena-ibarra-participan-de-congreso-ceisal-helsinki-2022\/","url":"https:\/\/fadeu.urantiacos.cl\/en\/2022\/06\/16\/maria-luisa-mendez-y-macarena-ibarra-participan-de-congreso-ceisal-helsinki-2022\/","name":"Mar\u00eda Luisa M\u00e9ndez y Macarena Ibarra participan de congreso CEISAL, Helsinki 2022 - Facultad de Arquitectura, Dise\u00f1o y Estudios Urbanos","isPartOf":{"@id":"https:\/\/fadeu.urantiacos.cl\/en\/#website"},"primaryImageOfPage":{"@id":"https:\/\/fadeu.urantiacos.cl\/en\/2022\/06\/16\/maria-luisa-mendez-y-macarena-ibarra-participan-de-congreso-ceisal-helsinki-2022\/#primaryimage"},"image":{"@id":"https:\/\/fadeu.urantiacos.cl\/en\/2022\/06\/16\/maria-luisa-mendez-y-macarena-ibarra-participan-de-congreso-ceisal-helsinki-2022\/#primaryimage"},"thumbnailUrl":"https:\/\/fadeu.urantiacos.cl\/wp-content\/uploads\/2023\/09\/WEB_Mendez_Ibarra-Helsinsiki.jpg","datePublished":"2022-06-16T21:06:00+00:00","dateModified":"2023-09-04T21:08:36+00:00","author":{"@id":"https:\/\/fadeu.urantiacos.cl\/en\/#\/schema\/person\/d203e2e84b1c40275eac77b3061a19a2"},"description":"La presentaci\u00f3n se titul\u00f3 \u201cLas disputas urbanas del patrimonio. Nuevas pr\u00e1cticas, actores y discursos en el Chile post-estallido social\u201d y mostr\u00f3 parte de los resultados de la investigaci\u00f3n financiada por el Centro de estudios de Conflicto y Coesi\u00f3n Social (COES) en el periodo 2020-2021 \u201cPatrimonios como campo en disputa. Actores, discursos y pr\u00e1cticas en Chile (2003-2020)\u201d.","breadcrumb":{"@id":"https:\/\/fadeu.urantiacos.cl\/en\/2022\/06\/16\/maria-luisa-mendez-y-macarena-ibarra-participan-de-congreso-ceisal-helsinki-2022\/#breadcrumb"},"inLanguage":"en-US","potentialAction":[{"@type":"ReadAction","target":["https:\/\/fadeu.urantiacos.cl\/en\/2022\/06\/16\/maria-luisa-mendez-y-macarena-ibarra-participan-de-congreso-ceisal-helsinki-2022\/"]}]},{"@type":"ImageObject","inLanguage":"en-US","@id":"https:\/\/fadeu.urantiacos.cl\/en\/2022\/06\/16\/maria-luisa-mendez-y-macarena-ibarra-participan-de-congreso-ceisal-helsinki-2022\/#primaryimage","url":"https:\/\/fadeu.urantiacos.cl\/wp-content\/uploads\/2023\/09\/WEB_Mendez_Ibarra-Helsinsiki.jpg","contentUrl":"https:\/\/fadeu.urantiacos.cl\/wp-content\/uploads\/2023\/09\/WEB_Mendez_Ibarra-Helsinsiki.jpg","width":350,"height":250},{"@type":"BreadcrumbList","@id":"https:\/\/fadeu.urantiacos.cl\/en\/2022\/06\/16\/maria-luisa-mendez-y-macarena-ibarra-participan-de-congreso-ceisal-helsinki-2022\/#breadcrumb","itemListElement":[{"@type":"ListItem","position":1,"name":"Portada","item":"https:\/\/fadeu.urantiacos.cl\/en\/"},{"@type":"ListItem","position":2,"name":"Mar\u00eda Luisa M\u00e9ndez y Macarena Ibarra participan de congreso CEISAL, Helsinki 2022"}]},{"@type":"WebSite","@id":"https:\/\/fadeu.urantiacos.cl\/en\/#website","url":"https:\/\/fadeu.urantiacos.cl\/en\/","name":"Facultad de Arquitectura, Dise\u00f1o y Estudios Urbanos","description":"Campus Lo Contador","potentialAction":[{"@type":"SearchAction","target":{"@type":"EntryPoint","urlTemplate":"https:\/\/fadeu.urantiacos.cl\/en\/?s={search_term_string}"},"query-input":{"@type":"PropertyValueSpecification","valueRequired":true,"valueName":"search_term_string"}}],"inLanguage":"en-US"},{"@type":"Person","@id":"https:\/\/fadeu.urantiacos.cl\/en\/#\/schema\/person\/d203e2e84b1c40275eac77b3061a19a2","name":"manadmin","image":{"@type":"ImageObject","inLanguage":"en-US","@id":"https:\/\/fadeu.urantiacos.cl\/en\/#\/schema\/person\/image\/","url":"https:\/\/secure.gravatar.com\/avatar\/4b1d8e3303b4a9d8968ac578947d8bc80d9aea359f388cdd4aac15cadc0e8447?s=96&d=mm&r=g","contentUrl":"https:\/\/secure.gravatar.com\/avatar\/4b1d8e3303b4a9d8968ac578947d8bc80d9aea359f388cdd4aac15cadc0e8447?s=96&d=mm&r=g","caption":"manadmin"},"sameAs":["https:\/\/fadeu.urantiacos.cl"]}]}},"_links":{"self":[{"href":"https:\/\/fadeu.urantiacos.cl\/en\/wp-json\/wp\/v2\/posts\/4721","targetHints":{"allow":["GET"]}}],"collection":[{"href":"https:\/\/fadeu.urantiacos.cl\/en\/wp-json\/wp\/v2\/posts"}],"about":[{"href":"https:\/\/fadeu.urantiacos.cl\/en\/wp-json\/wp\/v2\/types\/post"}],"author":[{"embeddable":true,"href":"https:\/\/fadeu.urantiacos.cl\/en\/wp-json\/wp\/v2\/users\/1"}],"replies":[{"embeddable":true,"href":"https:\/\/fadeu.urantiacos.cl\/en\/wp-json\/wp\/v2\/comments?post=4721"}],"version-history":[{"count":1,"href":"https:\/\/fadeu.urantiacos.cl\/en\/wp-json\/wp\/v2\/posts\/4721\/revisions"}],"predecessor-version":[{"id":4723,"href":"https:\/\/fadeu.urantiacos.cl\/en\/wp-json\/wp\/v2\/posts\/4721\/revisions\/4723"}],"wp:featuredmedia":[{"embeddable":true,"href":"https:\/\/fadeu.urantiacos.cl\/en\/wp-json\/wp\/v2\/media\/4722"}],"wp:attachment":[{"href":"https:\/\/fadeu.urantiacos.cl\/en\/wp-json\/wp\/v2\/media?parent=4721"}],"wp:term":[{"taxonomy":"category","embeddable":true,"href":"https:\/\/fadeu.urantiacos.cl\/en\/wp-json\/wp\/v2\/categories?post=4721"},{"taxonomy":"post_tag","embeddable":true,"href":"https:\/\/fadeu.urantiacos.cl\/en\/wp-json\/wp\/v2\/tags?post=4721"}],"curies":[{"name":"wp","href":"https:\/\/api.w.org\/{rel}","templated":true}]}}